{"id":19444,"date":"2024-10-29T15:57:55","date_gmt":"2024-10-29T14:57:55","guid":{"rendered":"https:\/\/fondation-grenoble-inp.fr\/?p=19444"},"modified":"2024-11-18T12:26:34","modified_gmt":"2024-11-18T11:26:34","slug":"bilan-estival-2024-des-sportifs-de-haut-niveau-soutenus-par-la-fondation","status":"publish","type":"post","link":"http:\/\/fondation-grenoble-inp.fr\/en\/bilan-estival-2024-des-sportifs-de-haut-niveau-soutenus-par-la-fondation\/","title":{"rendered":"Bilan estival 2024 des sportifs de haut niveau soutenus par la Fondation"},"content":{"rendered":"<div data-elementor-type=\"wp-post\" data-elementor-id=\"19444\" data-post-id=\"19444\" data-obj-id=\"19444\" class=\"elementor elementor-19444 dce-elementor-post-19444\" data-elementor-settings=\"[]\">\n\t\t\t\t\t\t<div class=\"elementor-inner\">\n\t\t\t\t\t\t\t<div class=\"elementor-section-wrap\">\n\t\t\t\t\t\t\t<section class=\"elementor-section elementor-top-section elementor-element elementor-element-b35a269 elementor-section-boxed elementor-section-height-default elementor-section-height-default\" data-id=\"b35a269\" data-element_type=\"section\">\n\t\t\t\t\t\t<div class=\"elementor-container elementor-column-gap-default\">\n\t\t\t\t\t\t\t<div class=\"elementor-row\">\n\t\t\t\t\t<div class=\"elementor-column elementor-col-100 elementor-top-column elementor-element elementor-element-2d737c9\" data-id=\"2d737c9\" data-element_type=\"column\">\n\t\t\t<div class=\"elementor-column-wrap elementor-element-populated\">\n\t\t\t\t\t\t\t<div class=\"elementor-widget-wrap\">\n\t\t\t\t\t\t<div class=\"elementor-element elementor-element-39fcf98 elementor-widget elementor-widget-text-editor\" data-id=\"39fcf98\" data-element_type=\"widget\" data-widget_type=\"text-editor.default\">\n\t\t\t\t<div class=\"elementor-widget-container\">\n\t\t\t\t\t\t\t\t<div class=\"elementor-text-editor elementor-clearfix\">\n\t\t\t\t<p><strong>The <a href=\"http:\/\/fondation-grenoble-inp.fr\/en\/\" target=\"_blank\" rel=\"noopener\">Grenoble INP Foundation<\/a> soutient les athl\u00e8tes de <a href=\"https:\/\/www.grenoble-inp.fr\/\" target=\"_blank\" rel=\"noopener\">Grenoble INP \u2013 UGA<\/a> gr\u00e2ce \u00e0 la <a href=\"http:\/\/fondation-grenoble-inp.fr\/en\/bourses-dexcellence\/\" target=\"_blank\" rel=\"noopener\">bourse d\u2019excellence<\/a>. Cette bourse, coupl\u00e9e \u00e0 leur statut de sportif de haut niveau, leur permet de s&rsquo;investir pleinement dans leur discipline \u00e0 un niveau \u00e9lev\u00e9, tout en poursuivant leurs \u00e9tudes. Le m\u00e9c\u00e9nat de la <a href=\"https:\/\/fondationandurand.org\/\" target=\"_blank\" rel=\"noopener\">and the<\/a>, a \u00e9galement permis d&rsquo;\u00e9largir ce soutien \u00e0 davantage d&rsquo;\u00e9tudiants, \u00e0 travers les bourses \u00ab\u00a0exploit sportif\u00a0\u00bb. <\/strong><\/p><p><strong>Ce bilan estival 2024 montre que ces sportifs ont r\u00e9alis\u00e9 des performances remarquables, illustrant leur d\u00e9termination et leur talent.\u00a0<\/strong><\/p>\t\t\t\t\t<\/div>\n\t\t\t\t\t\t<\/div>\n\t\t\t\t<\/div>\n\t\t\t\t\t\t<\/div>\n\t\t\t\t\t<\/div>\n\t\t<\/div>\n\t\t\t\t\t\t\t\t<\/div>\n\t\t\t\t\t<\/div>\n\t\t<\/section>\n\t\t\t\t<section class=\"elementor-section elementor-top-section elementor-element elementor-element-8bcbbf1 elementor-section-boxed elementor-section-height-default elementor-section-height-default\" data-id=\"8bcbbf1\" data-element_type=\"section\">\n\t\t\t\t\t\t<div class=\"elementor-container elementor-column-gap-default\">\n\t\t\t\t\t\t\t<div class=\"elementor-row\">\n\t\t\t\t\t<div class=\"elementor-column elementor-col-100 elementor-top-column elementor-element elementor-element-e1809f0\" data-id=\"e1809f0\" data-element_type=\"column\">\n\t\t\t<div class=\"elementor-column-wrap elementor-element-populated\">\n\t\t\t\t\t\t\t<div class=\"elementor-widget-wrap\">\n\t\t\t\t\t\t<div class=\"elementor-element elementor-element-62f131d elementor-widget elementor-widget-text-editor\" data-id=\"62f131d\" data-element_type=\"widget\" data-widget_type=\"text-editor.default\">\n\t\t\t\t<div class=\"elementor-widget-container\">\n\t\t\t\t\t\t\t\t<div class=\"elementor-text-editor elementor-clearfix\">\n\t\t\t\t<h2>Lise Bellet : Trail<\/h2>\t\t\t\t\t<\/div>\n\t\t\t\t\t\t<\/div>\n\t\t\t\t<\/div>\n\t\t\t\t<div class=\"elementor-element elementor-element-8d15bc9 elementor-widget elementor-widget-text-editor\" data-id=\"8d15bc9\" data-element_type=\"widget\" data-widget_type=\"text-editor.default\">\n\t\t\t\t<div class=\"elementor-widget-container\">\n\t\t\t\t\t\t\t\t<div class=\"elementor-text-editor elementor-clearfix\">\n\t\t\t\t<p><strong>Grenoble INP &#8211; Ense\u00b3, UGA<\/strong><\/p>\t\t\t\t\t<\/div>\n\t\t\t\t\t\t<\/div>\n\t\t\t\t<\/div>\n\t\t\t\t<div class=\"elementor-element elementor-element-0de85f0 elementor-widget elementor-widget-text-editor\" data-id=\"0de85f0\" data-element_type=\"widget\" data-widget_type=\"text-editor.default\">\n\t\t\t\t<div class=\"elementor-widget-container\">\n\t\t\t\t\t\t\t\t<div class=\"elementor-text-editor elementor-clearfix\">\n\t\t\t\t<p>Pratiquant le raid depuis 8 ans, Lise a \u00e9galement particip\u00e9 \u00e0 des comp\u00e9titions de trail et de course d\u2019orientation. Membre du team \u00ab Hoka\/Buff Espoir \u00bb depuis 2023, elle a r\u00e9alis\u00e9 un r\u00eave en participant au Championnat d\u2019Europe de raid en 2023. Son statut de Sportif de Haut Niveau lui permet de g\u00e9rer ses \u00e9tudes tout en maintenant une intensit\u00e9 d\u2019entra\u00eenement optimale, ouvrant ainsi des perspectives prometteuses.<\/p>\t\t\t\t\t<\/div>\n\t\t\t\t\t\t<\/div>\n\t\t\t\t<\/div>\n\t\t\t\t\t\t<\/div>\n\t\t\t\t\t<\/div>\n\t\t<\/div>\n\t\t\t\t\t\t\t\t<\/div>\n\t\t\t\t\t<\/div>\n\t\t<\/section>\n\t\t\t\t<section class=\"elementor-section elementor-top-section elementor-element elementor-element-0d6e10e elementor-section-boxed elementor-section-height-default elementor-section-height-default\" data-id=\"0d6e10e\" data-element_type=\"section\">\n\t\t\t\t\t\t<div class=\"elementor-container elementor-column-gap-default\">\n\t\t\t\t\t\t\t<div class=\"elementor-row\">\n\t\t\t\t\t<div class=\"elementor-column elementor-col-33 elementor-top-column elementor-element elementor-element-8ba8273\" data-id=\"8ba8273\" data-element_type=\"column\">\n\t\t\t<div class=\"elementor-column-wrap elementor-element-populated\">\n\t\t\t\t\t\t\t<div class=\"elementor-widget-wrap\">\n\t\t\t\t\t\t<div class=\"elementor-element elementor-element-1a2cb48 dce_masking-none elementor-widget elementor-widget-image\" data-id=\"1a2cb48\" data-element_type=\"widget\" data-widget_type=\"image.default\">\n\t\t\t\t<div class=\"elementor-widget-container\">\n\t\t\t\t\t\t\t\t<div class=\"elementor-image\">\n\t\t\t\t\t\t\t\t\t\t\t\t<img width=\"1024\" height=\"1024\" src=\"https:\/\/fondation-grenoble-inp.fr\/wp-content\/uploads\/2024\/02\/Lise-Bellet-1-1024x1024.png\" class=\"attachment-large size-large\" alt=\"\" loading=\"lazy\" srcset=\"https:\/\/fondation-grenoble-inp.fr\/wp-content\/uploads\/2024\/02\/Lise-Bellet-1-1024x1024.png 1024w, https:\/\/fondation-grenoble-inp.fr\/wp-content\/uploads\/2024\/02\/Lise-Bellet-1-300x300.png 300w, https:\/\/fondation-grenoble-inp.fr\/wp-content\/uploads\/2024\/02\/Lise-Bellet-1-150x150.png 150w, https:\/\/fondation-grenoble-inp.fr\/wp-content\/uploads\/2024\/02\/Lise-Bellet-1-768x768.png 768w, https:\/\/fondation-grenoble-inp.fr\/wp-content\/uploads\/2024\/02\/Lise-Bellet-1-12x12.png 12w, https:\/\/fondation-grenoble-inp.fr\/wp-content\/uploads\/2024\/02\/Lise-Bellet-1.png 1364w\" sizes=\"(max-width: 1024px) 100vw, 1024px\" \/>\t\t\t\t\t\t\t\t\t\t\t\t\t\t<\/div>\n\t\t\t\t\t\t<\/div>\n\t\t\t\t<\/div>\n\t\t\t\t\t\t<\/div>\n\t\t\t\t\t<\/div>\n\t\t<\/div>\n\t\t\t\t<div class=\"elementor-column elementor-col-66 elementor-top-column elementor-element elementor-element-b8c80d0\" data-id=\"b8c80d0\" data-element_type=\"column\">\n\t\t\t<div class=\"elementor-column-wrap elementor-element-populated\">\n\t\t\t\t\t\t\t<div class=\"elementor-widget-wrap\">\n\t\t\t\t\t\t<div class=\"elementor-element elementor-element-d17a473 elementor-widget elementor-widget-text-editor\" data-id=\"d17a473\" data-element_type=\"widget\" data-widget_type=\"text-editor.default\">\n\t\t\t\t<div class=\"elementor-widget-container\">\n\t\t\t\t\t\t\t\t<div class=\"elementor-text-editor elementor-clearfix\">\n\t\t\t\t<p><strong>Ses r\u00e9sultats :<\/strong><\/p><ul><li>Championnats de France de Raid : 2<sup>e<\/sup>\u00a0espoir mixte, 5<sup>e<\/sup> senior mixte<\/li><li>Championnat de France de trail universitaire : 4<sup>e<\/sup> f\u00e9minine, 2<sup>e<\/sup>\u00a0espoir<\/li><li>Championnat de France de Trail : 9<sup>e<\/sup>\u00a0espoir<\/li><li>Marathon exp\u00e9rience : trail 33km : 9<sup>e<\/sup> senior, 1<sup>re<\/sup>\u00a0espoir<\/li><\/ul>\t\t\t\t\t<\/div>\n\t\t\t\t\t\t<\/div>\n\t\t\t\t<\/div>\n\t\t\t\t\t\t<\/div>\n\t\t\t\t\t<\/div>\n\t\t<\/div>\n\t\t\t\t\t\t\t\t<\/div>\n\t\t\t\t\t<\/div>\n\t\t<\/section>\n\t\t\t\t<section class=\"elementor-section elementor-top-section elementor-element elementor-element-8d1c7d8 elementor-section-boxed elementor-section-height-default elementor-section-height-default\" data-id=\"8d1c7d8\" data-element_type=\"section\">\n\t\t\t\t\t\t<div class=\"elementor-container elementor-column-gap-default\">\n\t\t\t\t\t\t\t<div class=\"elementor-row\">\n\t\t\t\t\t<div class=\"elementor-column elementor-col-100 elementor-top-column elementor-element elementor-element-5d3f0a2\" data-id=\"5d3f0a2\" data-element_type=\"column\">\n\t\t\t<div class=\"elementor-column-wrap elementor-element-populated\">\n\t\t\t\t\t\t\t<div class=\"elementor-widget-wrap\">\n\t\t\t\t\t\t<div class=\"elementor-element elementor-element-4d0103f elementor-widget elementor-widget-text-editor\" data-id=\"4d0103f\" data-element_type=\"widget\" data-widget_type=\"text-editor.default\">\n\t\t\t\t<div class=\"elementor-widget-container\">\n\t\t\t\t\t\t\t\t<div class=\"elementor-text-editor elementor-clearfix\">\n\t\t\t\t<p><em>\u00ab\u00a0Le d\u00e9but de saison 2024 a \u00e9t\u00e9 compliqu\u00e9 pour moi, je me suis bless\u00e9e en f\u00e9vrier, m\u2019emp\u00eachant de courir pendant 1 mois. La pr\u00e9paration hivernale n\u2019a pas \u00e9t\u00e9 optimale, j\u2019ai d\u00fb renoncer \u00e0 participer \u00e0 quelques comp\u00e9titions de d\u00e9but de saison et faire preuve de patience. J\u2019ai tout de m\u00eame r\u00e9alis\u00e9 de bons r\u00e9sultats sur la fin de la saison et je sens avoir beaucoup appris et progress\u00e9 ce qui me donne de l\u2019espoir pour la saison 2025 ! <\/em><em>Je remercie la Fondation Grenoble INP pour le soutien qu\u2019elle m\u2019apporte tant sur le plan financier que personnel.\u00a0\u00bb<\/em><\/p>\t\t\t\t\t<\/div>\n\t\t\t\t\t\t<\/div>\n\t\t\t\t<\/div>\n\t\t\t\t\t\t<\/div>\n\t\t\t\t\t<\/div>\n\t\t<\/div>\n\t\t\t\t\t\t\t\t<\/div>\n\t\t\t\t\t<\/div>\n\t\t<\/section>\n\t\t\t\t<section class=\"elementor-section elementor-top-section elementor-element elementor-element-81a40a8 elementor-section-boxed elementor-section-height-default elementor-section-height-default\" data-id=\"81a40a8\" data-element_type=\"section\">\n\t\t\t\t\t\t<div class=\"elementor-container elementor-column-gap-default\">\n\t\t\t\t\t\t\t<div class=\"elementor-row\">\n\t\t\t\t\t<div class=\"elementor-column elementor-col-100 elementor-top-column elementor-element elementor-element-8e68c9b\" data-id=\"8e68c9b\" data-element_type=\"column\">\n\t\t\t<div class=\"elementor-column-wrap elementor-element-populated\">\n\t\t\t\t\t\t\t<div class=\"elementor-widget-wrap\">\n\t\t\t\t\t\t<div class=\"elementor-element elementor-element-5d4e342 elementor-widget elementor-widget-text-editor\" data-id=\"5d4e342\" data-element_type=\"widget\" data-widget_type=\"text-editor.default\">\n\t\t\t\t<div class=\"elementor-widget-container\">\n\t\t\t\t\t\t\t\t<div class=\"elementor-text-editor elementor-clearfix\">\n\t\t\t\t<h2>Dayyan Boulemtafes : Judo<\/h2>\t\t\t\t\t<\/div>\n\t\t\t\t\t\t<\/div>\n\t\t\t\t<\/div>\n\t\t\t\t<div class=\"elementor-element elementor-element-a8aecbf elementor-widget elementor-widget-text-editor\" data-id=\"a8aecbf\" data-element_type=\"widget\" data-widget_type=\"text-editor.default\">\n\t\t\t\t<div class=\"elementor-widget-container\">\n\t\t\t\t\t\t\t\t<div class=\"elementor-text-editor elementor-clearfix\">\n\t\t\t\t<p><strong>La Pr\u00e9pa des INP, Grenoble<\/strong><\/p>\t\t\t\t\t<\/div>\n\t\t\t\t\t\t<\/div>\n\t\t\t\t<\/div>\n\t\t\t\t<div class=\"elementor-element elementor-element-79966c9 elementor-widget elementor-widget-text-editor\" data-id=\"79966c9\" data-element_type=\"widget\" data-widget_type=\"text-editor.default\">\n\t\t\t\t<div class=\"elementor-widget-container\">\n\t\t\t\t\t\t\t\t<div class=\"elementor-text-editor elementor-clearfix\">\n\t\t\t\t<p>Dayyan pratique le judo depuis l&rsquo;\u00e2ge de 3 ans et a commenc\u00e9 la comp\u00e9tition \u00e0 10 ans. Champion de France en 2019, il a int\u00e9gr\u00e9 l\u2019\u00e9quipe de France en 2020 et est maintenant au p\u00f4le France \u00e0 Grenoble. Son parcours refl\u00e8te son ambition et sa d\u00e9termination \u00e0 atteindre un niveau international dans ce sport.<\/p>\t\t\t\t\t<\/div>\n\t\t\t\t\t\t<\/div>\n\t\t\t\t<\/div>\n\t\t\t\t\t\t<\/div>\n\t\t\t\t\t<\/div>\n\t\t<\/div>\n\t\t\t\t\t\t\t\t<\/div>\n\t\t\t\t\t<\/div>\n\t\t<\/section>\n\t\t\t\t<section class=\"elementor-section elementor-top-section elementor-element elementor-element-4113c4d elementor-section-boxed elementor-section-height-default elementor-section-height-default\" data-id=\"4113c4d\" data-element_type=\"section\">\n\t\t\t\t\t\t<div class=\"elementor-container elementor-column-gap-default\">\n\t\t\t\t\t\t\t<div class=\"elementor-row\">\n\t\t\t\t\t<div class=\"elementor-column elementor-col-66 elementor-top-column elementor-element elementor-element-cf12e44\" data-id=\"cf12e44\" data-element_type=\"column\">\n\t\t\t<div class=\"elementor-column-wrap elementor-element-populated\">\n\t\t\t\t\t\t\t<div class=\"elementor-widget-wrap\">\n\t\t\t\t\t\t<div class=\"elementor-element elementor-element-42bf1df elementor-widget elementor-widget-text-editor\" data-id=\"42bf1df\" data-element_type=\"widget\" data-widget_type=\"text-editor.default\">\n\t\t\t\t<div class=\"elementor-widget-container\">\n\t\t\t\t\t\t\t\t<div class=\"elementor-text-editor elementor-clearfix\">\n\t\t\t\t<p><strong>Ses r\u00e9sultats :<\/strong><\/p><ul><li>Vainqueur de 2 tournois label excellence: Clermont-Ferrand et Dijon<\/li><li>Vainqueur du le tournoi super-excellence de Aix-en-Provence<\/li><\/ul>\t\t\t\t\t<\/div>\n\t\t\t\t\t\t<\/div>\n\t\t\t\t<\/div>\n\t\t\t\t\t\t<\/div>\n\t\t\t\t\t<\/div>\n\t\t<\/div>\n\t\t\t\t<div class=\"elementor-column elementor-col-33 elementor-top-column elementor-element elementor-element-2246b1f\" data-id=\"2246b1f\" data-element_type=\"column\">\n\t\t\t<div class=\"elementor-column-wrap elementor-element-populated\">\n\t\t\t\t\t\t\t<div class=\"elementor-widget-wrap\">\n\t\t\t\t\t\t<div class=\"elementor-element elementor-element-a867243 dce_masking-none elementor-widget elementor-widget-image\" data-id=\"a867243\" data-element_type=\"widget\" data-widget_type=\"image.default\">\n\t\t\t\t<div class=\"elementor-widget-container\">\n\t\t\t\t\t\t\t\t<div class=\"elementor-image\">\n\t\t\t\t\t\t\t\t\t\t\t\t<img width=\"810\" height=\"810\" src=\"https:\/\/fondation-grenoble-inp.fr\/wp-content\/uploads\/2024\/02\/Dayyan-Boulemtafes.png\" class=\"attachment-large size-large\" alt=\"Dayyan Boulemtafes\" loading=\"lazy\" srcset=\"https:\/\/fondation-grenoble-inp.fr\/wp-content\/uploads\/2024\/02\/Dayyan-Boulemtafes.png 810w, https:\/\/fondation-grenoble-inp.fr\/wp-content\/uploads\/2024\/02\/Dayyan-Boulemtafes-300x300.png 300w, https:\/\/fondation-grenoble-inp.fr\/wp-content\/uploads\/2024\/02\/Dayyan-Boulemtafes-150x150.png 150w, https:\/\/fondation-grenoble-inp.fr\/wp-content\/uploads\/2024\/02\/Dayyan-Boulemtafes-768x768.png 768w, https:\/\/fondation-grenoble-inp.fr\/wp-content\/uploads\/2024\/02\/Dayyan-Boulemtafes-12x12.png 12w\" sizes=\"(max-width: 810px) 100vw, 810px\" \/>\t\t\t\t\t\t\t\t\t\t\t\t\t\t<\/div>\n\t\t\t\t\t\t<\/div>\n\t\t\t\t<\/div>\n\t\t\t\t\t\t<\/div>\n\t\t\t\t\t<\/div>\n\t\t<\/div>\n\t\t\t\t\t\t\t\t<\/div>\n\t\t\t\t\t<\/div>\n\t\t<\/section>\n\t\t\t\t<section class=\"elementor-section elementor-top-section elementor-element elementor-element-47849eb elementor-section-boxed elementor-section-height-default elementor-section-height-default\" data-id=\"47849eb\" data-element_type=\"section\">\n\t\t\t\t\t\t<div class=\"elementor-container elementor-column-gap-default\">\n\t\t\t\t\t\t\t<div class=\"elementor-row\">\n\t\t\t\t\t<div class=\"elementor-column elementor-col-100 elementor-top-column elementor-element elementor-element-4c47232\" data-id=\"4c47232\" data-element_type=\"column\">\n\t\t\t<div class=\"elementor-column-wrap elementor-element-populated\">\n\t\t\t\t\t\t\t<div class=\"elementor-widget-wrap\">\n\t\t\t\t\t\t<div class=\"elementor-element elementor-element-6f5f9af elementor-widget elementor-widget-text-editor\" data-id=\"6f5f9af\" data-element_type=\"widget\" data-widget_type=\"text-editor.default\">\n\t\t\t\t<div class=\"elementor-widget-container\">\n\t\t\t\t\t\t\t\t<div class=\"elementor-text-editor elementor-clearfix\">\n\t\t\t\t<p><em>\u00ab\u00a0Ces r\u00e9sultats et ceux des saisons pr\u00e9c\u00e9dentes m\u2019ont permis d\u2019int\u00e9grer l\u2019INSEP (Institut National du Sport, de l&rsquo;Expertise et de la Performance) et le club du PSG judo. Je remercie la Fondation Grenoble INP pour m\u2019avoir accompagn\u00e9 dans mon double projet et pour m\u2019avoir soutenu dans les difficult\u00e9s qui se sont pr\u00e9sent\u00e9es lors de cette saison marquante.\u00a0\u00bb<\/em><\/p>\t\t\t\t\t<\/div>\n\t\t\t\t\t\t<\/div>\n\t\t\t\t<\/div>\n\t\t\t\t\t\t<\/div>\n\t\t\t\t\t<\/div>\n\t\t<\/div>\n\t\t\t\t\t\t\t\t<\/div>\n\t\t\t\t\t<\/div>\n\t\t<\/section>\n\t\t\t\t<section class=\"elementor-section elementor-top-section elementor-element elementor-element-406a662 elementor-section-boxed elementor-section-height-default elementor-section-height-default\" data-id=\"406a662\" data-element_type=\"section\">\n\t\t\t\t\t\t<div class=\"elementor-container elementor-column-gap-default\">\n\t\t\t\t\t\t\t<div class=\"elementor-row\">\n\t\t\t\t\t<div class=\"elementor-column elementor-col-100 elementor-top-column elementor-element elementor-element-a1c197b\" data-id=\"a1c197b\" data-element_type=\"column\">\n\t\t\t<div class=\"elementor-column-wrap elementor-element-populated\">\n\t\t\t\t\t\t\t<div class=\"elementor-widget-wrap\">\n\t\t\t\t\t\t<div class=\"elementor-element elementor-element-eef73c5 elementor-widget elementor-widget-text-editor\" data-id=\"eef73c5\" data-element_type=\"widget\" data-widget_type=\"text-editor.default\">\n\t\t\t\t<div class=\"elementor-widget-container\">\n\t\t\t\t\t\t\t\t<div class=\"elementor-text-editor elementor-clearfix\">\n\t\t\t\t<h2>S\u00e9bastien Burnet : VTT XCO et XCM<\/h2>\t\t\t\t\t<\/div>\n\t\t\t\t\t\t<\/div>\n\t\t\t\t<\/div>\n\t\t\t\t<div class=\"elementor-element elementor-element-e96b8e9 elementor-widget elementor-widget-text-editor\" data-id=\"e96b8e9\" data-element_type=\"widget\" data-widget_type=\"text-editor.default\">\n\t\t\t\t<div class=\"elementor-widget-container\">\n\t\t\t\t\t\t\t\t<div class=\"elementor-text-editor elementor-clearfix\">\n\t\t\t\t<p><strong>Polytech Grenoble \u2013 INP, UGA<\/strong><\/p>\t\t\t\t\t<\/div>\n\t\t\t\t\t\t<\/div>\n\t\t\t\t<\/div>\n\t\t\t\t<div class=\"elementor-element elementor-element-248188c elementor-widget elementor-widget-text-editor\" data-id=\"248188c\" data-element_type=\"widget\" data-widget_type=\"text-editor.default\">\n\t\t\t\t<div class=\"elementor-widget-container\">\n\t\t\t\t\t\t\t\t<div class=\"elementor-text-editor elementor-clearfix\">\n\t\t\t\t<p>S\u00e9bastien a commenc\u00e9 le VTT \u00e0 13 ans apr\u00e8s avoir pratiqu\u00e9 plusieurs sports. Il s&rsquo;est sp\u00e9cialis\u00e9 dans le VTT XCO, \u00e9voluant au niveau national et international en Junior. Sa premi\u00e8re s\u00e9lection pour les Championnats du Monde de VTT XCM 2023 \u00e0 Glasgow marque un moment fort de sa carri\u00e8re, et il se dirige d\u00e9sormais vers le VTT XCM (longue distance).<\/p>\t\t\t\t\t<\/div>\n\t\t\t\t\t\t<\/div>\n\t\t\t\t<\/div>\n\t\t\t\t\t\t<\/div>\n\t\t\t\t\t<\/div>\n\t\t<\/div>\n\t\t\t\t\t\t\t\t<\/div>\n\t\t\t\t\t<\/div>\n\t\t<\/section>\n\t\t\t\t<section class=\"elementor-section elementor-top-section elementor-element elementor-element-814abca elementor-section-boxed elementor-section-height-default elementor-section-height-default\" data-id=\"814abca\" data-element_type=\"section\">\n\t\t\t\t\t\t<div class=\"elementor-container elementor-column-gap-default\">\n\t\t\t\t\t\t\t<div class=\"elementor-row\">\n\t\t\t\t\t<div class=\"elementor-column elementor-col-33 elementor-top-column elementor-element elementor-element-cded5ce\" data-id=\"cded5ce\" data-element_type=\"column\">\n\t\t\t<div class=\"elementor-column-wrap elementor-element-populated\">\n\t\t\t\t\t\t\t<div class=\"elementor-widget-wrap\">\n\t\t\t\t\t\t<div class=\"elementor-element elementor-element-6266776 dce_masking-none elementor-widget elementor-widget-image\" data-id=\"6266776\" data-element_type=\"widget\" data-widget_type=\"image.default\">\n\t\t\t\t<div class=\"elementor-widget-container\">\n\t\t\t\t\t\t\t\t<div class=\"elementor-image\">\n\t\t\t\t\t\t\t\t\t\t\t\t<img width=\"1024\" height=\"1024\" src=\"https:\/\/fondation-grenoble-inp.fr\/wp-content\/uploads\/2024\/02\/Sebastien-Burnet-1024x1024.png\" class=\"attachment-large size-large\" alt=\"S\u00e9bastien Burnet\" loading=\"lazy\" srcset=\"https:\/\/fondation-grenoble-inp.fr\/wp-content\/uploads\/2024\/02\/Sebastien-Burnet-1024x1024.png 1024w, https:\/\/fondation-grenoble-inp.fr\/wp-content\/uploads\/2024\/02\/Sebastien-Burnet-300x300.png 300w, https:\/\/fondation-grenoble-inp.fr\/wp-content\/uploads\/2024\/02\/Sebastien-Burnet-150x150.png 150w, https:\/\/fondation-grenoble-inp.fr\/wp-content\/uploads\/2024\/02\/Sebastien-Burnet-768x768.png 768w, https:\/\/fondation-grenoble-inp.fr\/wp-content\/uploads\/2024\/02\/Sebastien-Burnet-12x12.png 12w, https:\/\/fondation-grenoble-inp.fr\/wp-content\/uploads\/2024\/02\/Sebastien-Burnet.png 1080w\" sizes=\"(max-width: 1024px) 100vw, 1024px\" \/>\t\t\t\t\t\t\t\t\t\t\t\t\t\t<\/div>\n\t\t\t\t\t\t<\/div>\n\t\t\t\t<\/div>\n\t\t\t\t\t\t<\/div>\n\t\t\t\t\t<\/div>\n\t\t<\/div>\n\t\t\t\t<div class=\"elementor-column elementor-col-66 elementor-top-column elementor-element elementor-element-c5dbd8d\" data-id=\"c5dbd8d\" data-element_type=\"column\">\n\t\t\t<div class=\"elementor-column-wrap elementor-element-populated\">\n\t\t\t\t\t\t\t<div class=\"elementor-widget-wrap\">\n\t\t\t\t\t\t<div class=\"elementor-element elementor-element-4e73feb elementor-widget elementor-widget-text-editor\" data-id=\"4e73feb\" data-element_type=\"widget\" data-widget_type=\"text-editor.default\">\n\t\t\t\t<div class=\"elementor-widget-container\">\n\t\t\t\t\t\t\t\t<div class=\"elementor-text-editor elementor-clearfix\">\n\t\t\t\t<p><strong>Ses r\u00e9sultats :<\/strong><\/p><ul><li>7<sup>e<\/sup>\u00a0Elite et 1<sup>er<\/sup> Espoir au Championnat de France VTT XCM<\/li><li>Victoire au classement Jeune de la Transmaurienne Vanoise<\/li><li>Champion AURA U23 VTT XCO<\/li><li>Vice-champion de France Universitaire sur l&rsquo;\u00e9preuve de VTT relais par \u00e9quipe<\/li><\/ul>\t\t\t\t\t<\/div>\n\t\t\t\t\t\t<\/div>\n\t\t\t\t<\/div>\n\t\t\t\t\t\t<\/div>\n\t\t\t\t\t<\/div>\n\t\t<\/div>\n\t\t\t\t\t\t\t\t<\/div>\n\t\t\t\t\t<\/div>\n\t\t<\/section>\n\t\t\t\t<section class=\"elementor-section elementor-top-section elementor-element elementor-element-894dce9 elementor-section-boxed elementor-section-height-default elementor-section-height-default\" data-id=\"894dce9\" data-element_type=\"section\">\n\t\t\t\t\t\t<div class=\"elementor-container elementor-column-gap-default\">\n\t\t\t\t\t\t\t<div class=\"elementor-row\">\n\t\t\t\t\t<div class=\"elementor-column elementor-col-100 elementor-top-column elementor-element elementor-element-0f4ab16\" data-id=\"0f4ab16\" data-element_type=\"column\">\n\t\t\t<div class=\"elementor-column-wrap elementor-element-populated\">\n\t\t\t\t\t\t\t<div class=\"elementor-widget-wrap\">\n\t\t\t\t\t\t<div class=\"elementor-element elementor-element-7d17c2b elementor-widget elementor-widget-text-editor\" data-id=\"7d17c2b\" data-element_type=\"widget\" data-widget_type=\"text-editor.default\">\n\t\t\t\t<div class=\"elementor-widget-container\">\n\t\t\t\t\t\t\t\t<div class=\"elementor-text-editor elementor-clearfix\">\n\t\t\t\t<p><em>\u00ab\u00a0La saison 2024 marque la fin de mes ann\u00e9es dans les cat\u00e9gories Jeunes. J&rsquo;avais \u00e0 c\u0153ur de performer \u00e0 la hauteur de mes ambitions et c&rsquo;est chose faite, j&rsquo;ai r\u00e9ussi \u00e0 atteindre l&rsquo;ensemble de mes objectifs. En parall\u00e8le, j&rsquo;ai valid\u00e9 une partie de ma premi\u00e8re ann\u00e9e du cycle ing\u00e9nieur. J&rsquo;appr\u00e9cie particuli\u00e8rement l&rsquo;\u00e9quilibre du double projet scolaire et sportif, c&rsquo;est une dynamique qui me pousse vers l&rsquo;excellence. La Fondation Grenoble INP est un vecteur de cet \u00e9quilibre. En effet, la Fondation me soutient dans ma vie d&rsquo;\u00e9tudiant et me permet d&rsquo;\u00eatre dans les meilleures conditions lors de ma pratique du VTT. <\/em><em>C&rsquo;est une r\u00e9elle chance de b\u00e9n\u00e9ficier de ce suivi !\u00a0\u00bb<\/em><\/p>\t\t\t\t\t<\/div>\n\t\t\t\t\t\t<\/div>\n\t\t\t\t<\/div>\n\t\t\t\t\t\t<\/div>\n\t\t\t\t\t<\/div>\n\t\t<\/div>\n\t\t\t\t\t\t\t\t<\/div>\n\t\t\t\t\t<\/div>\n\t\t<\/section>\n\t\t\t\t<section class=\"elementor-section elementor-top-section elementor-element elementor-element-64e3436 elementor-section-boxed elementor-section-height-default elementor-section-height-default\" data-id=\"64e3436\" data-element_type=\"section\">\n\t\t\t\t\t\t<div class=\"elementor-container elementor-column-gap-default\">\n\t\t\t\t\t\t\t<div class=\"elementor-row\">\n\t\t\t\t\t<div class=\"elementor-column elementor-col-100 elementor-top-column elementor-element elementor-element-49dcfb7\" data-id=\"49dcfb7\" data-element_type=\"column\">\n\t\t\t<div class=\"elementor-column-wrap elementor-element-populated\">\n\t\t\t\t\t\t\t<div class=\"elementor-widget-wrap\">\n\t\t\t\t\t\t<div class=\"elementor-element elementor-element-d01bd59 elementor-widget elementor-widget-text-editor\" data-id=\"d01bd59\" data-element_type=\"widget\" data-widget_type=\"text-editor.default\">\n\t\t\t\t<div class=\"elementor-widget-container\">\n\t\t\t\t\t\t\t\t<div class=\"elementor-text-editor elementor-clearfix\">\n\t\t\t\t<h2>Albin Demaret-Joly : Course d&rsquo;orientation \u00e0 VTT<\/h2>\t\t\t\t\t<\/div>\n\t\t\t\t\t\t<\/div>\n\t\t\t\t<\/div>\n\t\t\t\t<div class=\"elementor-element elementor-element-390b0c0 elementor-widget elementor-widget-text-editor\" data-id=\"390b0c0\" data-element_type=\"widget\" data-widget_type=\"text-editor.default\">\n\t\t\t\t<div class=\"elementor-widget-container\">\n\t\t\t\t\t\t\t\t<div class=\"elementor-text-editor elementor-clearfix\">\n\t\t\t\t<p><strong>Grenoble INP \u2013 Pagora, UGA<\/strong><\/p>\t\t\t\t\t<\/div>\n\t\t\t\t\t\t<\/div>\n\t\t\t\t<\/div>\n\t\t\t\t<div class=\"elementor-element elementor-element-cc18064 elementor-widget elementor-widget-text-editor\" data-id=\"cc18064\" data-element_type=\"widget\" data-widget_type=\"text-editor.default\">\n\t\t\t\t<div class=\"elementor-widget-container\">\n\t\t\t\t\t\t\t\t<div class=\"elementor-text-editor elementor-clearfix\">\n\t\t\t\t<p>Albin a d\u00e9but\u00e9 le VTT \u00e0 7 ans et a trouv\u00e9 sa passion dans la course d\u2019orientation \u00e0 VTT en 2018. Sa participation aux championnats mondiaux Senior en 2023, o\u00f9 il a obtenu un top 20, et son titre de vice-champion du monde Junior en 2021 t\u00e9moignent de son engagement et de sa d\u00e9termination \u00e0 exceller dans son sport.<\/p>\t\t\t\t\t<\/div>\n\t\t\t\t\t\t<\/div>\n\t\t\t\t<\/div>\n\t\t\t\t\t\t<\/div>\n\t\t\t\t\t<\/div>\n\t\t<\/div>\n\t\t\t\t\t\t\t\t<\/div>\n\t\t\t\t\t<\/div>\n\t\t<\/section>\n\t\t\t\t<section class=\"elementor-section elementor-top-section elementor-element elementor-element-0a59100 elementor-section-boxed elementor-section-height-default elementor-section-height-default\" data-id=\"0a59100\" data-element_type=\"section\">\n\t\t\t\t\t\t<div class=\"elementor-container elementor-column-gap-default\">\n\t\t\t\t\t\t\t<div class=\"elementor-row\">\n\t\t\t\t\t<div class=\"elementor-column elementor-col-66 elementor-top-column elementor-element elementor-element-fbbf39f\" data-id=\"fbbf39f\" data-element_type=\"column\">\n\t\t\t<div class=\"elementor-column-wrap elementor-element-populated\">\n\t\t\t\t\t\t\t<div class=\"elementor-widget-wrap\">\n\t\t\t\t\t\t<div class=\"elementor-element elementor-element-9265ce3 elementor-widget elementor-widget-text-editor\" data-id=\"9265ce3\" data-element_type=\"widget\" data-widget_type=\"text-editor.default\">\n\t\t\t\t<div class=\"elementor-widget-container\">\n\t\t\t\t\t\t\t\t<div class=\"elementor-text-editor elementor-clearfix\">\n\t\t\t\t<p><strong>International :<\/strong><\/p><ul data-editing-info=\"{&quot;applyListStyleFromLevel&quot;:false,&quot;unorderedStyleType&quot;:2}\"><li>Vice champion du Monde sprint U23<\/li><li>Top 10 Coupe du monde<\/li><li>Top 20 Championnat d\u2019Europe Senior\u00a0<\/li><\/ul><p><strong>National :<\/strong><\/p><ul data-editing-info=\"{&quot;applyListStyleFromLevel&quot;:false,&quot;unorderedStyleType&quot;:2}\"><li>Vice champion de France sprint<\/li><li>2 podium en Coupe de France<\/li><li>Top 5 classement Coupe de France<\/li><\/ul>\t\t\t\t\t<\/div>\n\t\t\t\t\t\t<\/div>\n\t\t\t\t<\/div>\n\t\t\t\t\t\t<\/div>\n\t\t\t\t\t<\/div>\n\t\t<\/div>\n\t\t\t\t<div class=\"elementor-column elementor-col-33 elementor-top-column elementor-element elementor-element-fdde2a9\" data-id=\"fdde2a9\" data-element_type=\"column\">\n\t\t\t<div class=\"elementor-column-wrap elementor-element-populated\">\n\t\t\t\t\t\t\t<div class=\"elementor-widget-wrap\">\n\t\t\t\t\t\t<div class=\"elementor-element elementor-element-bc69482 dce_masking-none elementor-widget elementor-widget-image\" data-id=\"bc69482\" data-element_type=\"widget\" data-widget_type=\"image.default\">\n\t\t\t\t<div class=\"elementor-widget-container\">\n\t\t\t\t\t\t\t\t<div class=\"elementor-image\">\n\t\t\t\t\t\t\t\t\t\t\t\t<img width=\"1024\" height=\"1024\" src=\"https:\/\/fondation-grenoble-inp.fr\/wp-content\/uploads\/2024\/02\/Albin-Demaret-Joly-1024x1024.png\" class=\"attachment-large size-large\" alt=\"Albin Demaret Joly\" loading=\"lazy\" srcset=\"https:\/\/fondation-grenoble-inp.fr\/wp-content\/uploads\/2024\/02\/Albin-Demaret-Joly-1024x1024.png 1024w, https:\/\/fondation-grenoble-inp.fr\/wp-content\/uploads\/2024\/02\/Albin-Demaret-Joly-300x300.png 300w, https:\/\/fondation-grenoble-inp.fr\/wp-content\/uploads\/2024\/02\/Albin-Demaret-Joly-150x150.png 150w, https:\/\/fondation-grenoble-inp.fr\/wp-content\/uploads\/2024\/02\/Albin-Demaret-Joly-768x767.png 768w, https:\/\/fondation-grenoble-inp.fr\/wp-content\/uploads\/2024\/02\/Albin-Demaret-Joly-12x12.png 12w, https:\/\/fondation-grenoble-inp.fr\/wp-content\/uploads\/2024\/02\/Albin-Demaret-Joly.png 1364w\" sizes=\"(max-width: 1024px) 100vw, 1024px\" \/>\t\t\t\t\t\t\t\t\t\t\t\t\t\t<\/div>\n\t\t\t\t\t\t<\/div>\n\t\t\t\t<\/div>\n\t\t\t\t\t\t<\/div>\n\t\t\t\t\t<\/div>\n\t\t<\/div>\n\t\t\t\t\t\t\t\t<\/div>\n\t\t\t\t\t<\/div>\n\t\t<\/section>\n\t\t\t\t<section class=\"elementor-section elementor-top-section elementor-element elementor-element-21ffd27 elementor-section-boxed elementor-section-height-default elementor-section-height-default\" data-id=\"21ffd27\" data-element_type=\"section\">\n\t\t\t\t\t\t<div class=\"elementor-container elementor-column-gap-default\">\n\t\t\t\t\t\t\t<div class=\"elementor-row\">\n\t\t\t\t\t<div class=\"elementor-column elementor-col-100 elementor-top-column elementor-element elementor-element-5aeba74\" data-id=\"5aeba74\" data-element_type=\"column\">\n\t\t\t<div class=\"elementor-column-wrap elementor-element-populated\">\n\t\t\t\t\t\t\t<div class=\"elementor-widget-wrap\">\n\t\t\t\t\t\t<div class=\"elementor-element elementor-element-178231a elementor-widget elementor-widget-text-editor\" data-id=\"178231a\" data-element_type=\"widget\" data-widget_type=\"text-editor.default\">\n\t\t\t\t<div class=\"elementor-widget-container\">\n\t\t\t\t\t\t\t\t<div class=\"elementor-text-editor elementor-clearfix\">\n\t\t\t\t<p><em>\u00ab\u00a0Cette saison 2024 a \u00e9t\u00e9 marqu\u00e9e par des moments forts et des d\u00e9fis relev\u00e9s. Apr\u00e8s une ann\u00e9e de transition en 2023, gr\u00e2ce \u00e0 l&rsquo;aide de la Fondation, j&rsquo;ai su allier mes ambitions sportives et acad\u00e9miques avec encore plus de rigueur. <\/em><em>Cette pers\u00e9v\u00e9rance a pay\u00e9 lorsque, en juillet, j&rsquo;ai d\u00e9croch\u00e9 le titre de vice-champion du monde de course d\u2019orientation \u00e0 VTT sur le format sprint en U23, un accomplissement majeur dans ma carri\u00e8re. C\u00f4t\u00e9 \u00e9tudes, cette ann\u00e9e a aussi \u00e9t\u00e9 d\u00e9cisive avec mon d\u00e9part pour la Colombie en fin d&rsquo;ann\u00e9e, o\u00f9 je vais poursuivre un semestre d&rsquo;\u00e9change, enrichissant ainsi mon parcours acad\u00e9mique et personnel. Une ann\u00e9e intense, tourn\u00e9e vers l&rsquo;avenir et pleine de nouvelles perspectives pour 2025.\u00a0\u00bb<\/em><\/p>\t\t\t\t\t<\/div>\n\t\t\t\t\t\t<\/div>\n\t\t\t\t<\/div>\n\t\t\t\t\t\t<\/div>\n\t\t\t\t\t<\/div>\n\t\t<\/div>\n\t\t\t\t\t\t\t\t<\/div>\n\t\t\t\t\t<\/div>\n\t\t<\/section>\n\t\t\t\t<section class=\"elementor-section elementor-top-section elementor-element elementor-element-000f629 elementor-section-boxed elementor-section-height-default elementor-section-height-default\" data-id=\"000f629\" data-element_type=\"section\">\n\t\t\t\t\t\t<div class=\"elementor-container elementor-column-gap-default\">\n\t\t\t\t\t\t\t<div class=\"elementor-row\">\n\t\t\t\t\t<div class=\"elementor-column elementor-col-100 elementor-top-column elementor-element elementor-element-6db37df\" data-id=\"6db37df\" data-element_type=\"column\">\n\t\t\t<div class=\"elementor-column-wrap elementor-element-populated\">\n\t\t\t\t\t\t\t<div class=\"elementor-widget-wrap\">\n\t\t\t\t\t\t<div class=\"elementor-element elementor-element-d5baa2a elementor-widget elementor-widget-text-editor\" data-id=\"d5baa2a\" data-element_type=\"widget\" data-widget_type=\"text-editor.default\">\n\t\t\t\t<div class=\"elementor-widget-container\">\n\t\t\t\t\t\t\t\t<div class=\"elementor-text-editor elementor-clearfix\">\n\t\t\t\t<h2>Antoine Girard : Escalade\u00a0<\/h2>\t\t\t\t\t<\/div>\n\t\t\t\t\t\t<\/div>\n\t\t\t\t<\/div>\n\t\t\t\t<div class=\"elementor-element elementor-element-5654b73 elementor-widget elementor-widget-text-editor\" data-id=\"5654b73\" data-element_type=\"widget\" data-widget_type=\"text-editor.default\">\n\t\t\t\t<div class=\"elementor-widget-container\">\n\t\t\t\t\t\t\t\t<div class=\"elementor-text-editor elementor-clearfix\">\n\t\t\t\t<p><strong>Grenoble INP \u2013 Ense\u00b3, UGA<\/strong><\/p>\t\t\t\t\t<\/div>\n\t\t\t\t\t\t<\/div>\n\t\t\t\t<\/div>\n\t\t\t\t<div class=\"elementor-element elementor-element-7ebabfb elementor-widget elementor-widget-text-editor\" data-id=\"7ebabfb\" data-element_type=\"widget\" data-widget_type=\"text-editor.default\">\n\t\t\t\t<div class=\"elementor-widget-container\">\n\t\t\t\t\t\t\t\t<div class=\"elementor-text-editor elementor-clearfix\">\n\t\t\t\t<p>Antoine pratique l\u2019escalade depuis l\u2019\u00e2ge de 7 ans et a rapidement progress\u00e9, atteignant la 8\u1d49 place au Championnat de France minime en 2015. Son int\u00e9gration au p\u00f4le France de Voiron et son statut de Sportif de Haut Niveau lui permettent de concilier ses \u00e9tudes \u00e0 Grenoble INP \u2013 Ense\u00b3, UGA avec sa passion pour l\u2019escalade.<\/p>\t\t\t\t\t<\/div>\n\t\t\t\t\t\t<\/div>\n\t\t\t\t<\/div>\n\t\t\t\t\t\t<\/div>\n\t\t\t\t\t<\/div>\n\t\t<\/div>\n\t\t\t\t\t\t\t\t<\/div>\n\t\t\t\t\t<\/div>\n\t\t<\/section>\n\t\t\t\t<section class=\"elementor-section elementor-top-section elementor-element elementor-element-dc35125 elementor-section-boxed elementor-section-height-default elementor-section-height-default\" data-id=\"dc35125\" data-element_type=\"section\">\n\t\t\t\t\t\t<div class=\"elementor-container elementor-column-gap-default\">\n\t\t\t\t\t\t\t<div class=\"elementor-row\">\n\t\t\t\t\t<div class=\"elementor-column elementor-col-33 elementor-top-column elementor-element elementor-element-5715c1f\" data-id=\"5715c1f\" data-element_type=\"column\">\n\t\t\t<div class=\"elementor-column-wrap elementor-element-populated\">\n\t\t\t\t\t\t\t<div class=\"elementor-widget-wrap\">\n\t\t\t\t\t\t<div class=\"elementor-element elementor-element-f37b556 dce_masking-none elementor-widget elementor-widget-image\" data-id=\"f37b556\" data-element_type=\"widget\" data-widget_type=\"image.default\">\n\t\t\t\t<div class=\"elementor-widget-container\">\n\t\t\t\t\t\t\t\t<div class=\"elementor-image\">\n\t\t\t\t\t\t\t\t\t\t\t\t<img width=\"476\" height=\"475\" src=\"https:\/\/fondation-grenoble-inp.fr\/wp-content\/uploads\/2024\/02\/Antoine-Girard.png\" class=\"attachment-large size-large\" alt=\"Antoine Girard\" loading=\"lazy\" srcset=\"https:\/\/fondation-grenoble-inp.fr\/wp-content\/uploads\/2024\/02\/Antoine-Girard.png 476w, https:\/\/fondation-grenoble-inp.fr\/wp-content\/uploads\/2024\/02\/Antoine-Girard-300x300.png 300w, https:\/\/fondation-grenoble-inp.fr\/wp-content\/uploads\/2024\/02\/Antoine-Girard-150x150.png 150w, https:\/\/fondation-grenoble-inp.fr\/wp-content\/uploads\/2024\/02\/Antoine-Girard-12x12.png 12w\" sizes=\"(max-width: 476px) 100vw, 476px\" \/>\t\t\t\t\t\t\t\t\t\t\t\t\t\t<\/div>\n\t\t\t\t\t\t<\/div>\n\t\t\t\t<\/div>\n\t\t\t\t\t\t<\/div>\n\t\t\t\t\t<\/div>\n\t\t<\/div>\n\t\t\t\t<div class=\"elementor-column elementor-col-66 elementor-top-column elementor-element elementor-element-6e6ddf4\" data-id=\"6e6ddf4\" data-element_type=\"column\">\n\t\t\t<div class=\"elementor-column-wrap elementor-element-populated\">\n\t\t\t\t\t\t\t<div class=\"elementor-widget-wrap\">\n\t\t\t\t\t\t<div class=\"elementor-element elementor-element-92ee48f elementor-widget elementor-widget-text-editor\" data-id=\"92ee48f\" data-element_type=\"widget\" data-widget_type=\"text-editor.default\">\n\t\t\t\t<div class=\"elementor-widget-container\">\n\t\t\t\t\t\t\t\t<div class=\"elementor-text-editor elementor-clearfix\">\n\t\t\t\t<p><strong>Ses r\u00e9sultats :<\/strong><\/p><ul><li>Vainqueur en Coupe de France de bloc<\/li><li>2<sup>e<\/sup> et 3<sup>e<\/sup> en Coupe d&rsquo;Europe Senior de bloc<\/li><li>11<sup>e<\/sup> au championnat d\u2019Europe<\/li><li>Vainqueur du classement g\u00e9n\u00e9ral europ\u00e9en\u00a0<\/li><li>Vainqueur du Championnat de France Universitaire<\/li><\/ul>\t\t\t\t\t<\/div>\n\t\t\t\t\t\t<\/div>\n\t\t\t\t<\/div>\n\t\t\t\t\t\t<\/div>\n\t\t\t\t\t<\/div>\n\t\t<\/div>\n\t\t\t\t\t\t\t\t<\/div>\n\t\t\t\t\t<\/div>\n\t\t<\/section>\n\t\t\t\t<section class=\"elementor-section elementor-top-section elementor-element elementor-element-b0bfffc elementor-section-boxed elementor-section-height-default elementor-section-height-default\" data-id=\"b0bfffc\" data-element_type=\"section\">\n\t\t\t\t\t\t<div class=\"elementor-container elementor-column-gap-default\">\n\t\t\t\t\t\t\t<div class=\"elementor-row\">\n\t\t\t\t\t<div class=\"elementor-column elementor-col-100 elementor-top-column elementor-element elementor-element-14e5516\" data-id=\"14e5516\" data-element_type=\"column\">\n\t\t\t<div class=\"elementor-column-wrap elementor-element-populated\">\n\t\t\t\t\t\t\t<div class=\"elementor-widget-wrap\">\n\t\t\t\t\t\t<div class=\"elementor-element elementor-element-440a007 elementor-widget elementor-widget-text-editor\" data-id=\"440a007\" data-element_type=\"widget\" data-widget_type=\"text-editor.default\">\n\t\t\t\t<div class=\"elementor-widget-container\">\n\t\t\t\t\t\t\t\t<div class=\"elementor-text-editor elementor-clearfix\">\n\t\t\t\t<p><em>\u00ab\u00a0Cette saison a \u00e9t\u00e9 pleine de rebondissements, et j&rsquo;ai su performer sur les comp\u00e9titions europ\u00e9ennes. Malgr\u00e9 tout, la chance ne m&rsquo;a pas souri en Coupe du monde, mais l&rsquo;ann\u00e9e prochaine sera la bonne ! Mon ambition est d\u2019atteindre les demi-finales ou finales en Coupe du monde et de d\u00e9crocher un podium au Championnat de France. Je vais continuer \u00e0 \u00eatre le plus rigoureux possible \u00e0 l\u2019entra\u00eenement pour atteindre ces objectifs.\u00a0\u00bb<\/em><\/p>\t\t\t\t\t<\/div>\n\t\t\t\t\t\t<\/div>\n\t\t\t\t<\/div>\n\t\t\t\t\t\t<\/div>\n\t\t\t\t\t<\/div>\n\t\t<\/div>\n\t\t\t\t\t\t\t\t<\/div>\n\t\t\t\t\t<\/div>\n\t\t<\/section>\n\t\t\t\t<section class=\"elementor-section elementor-top-section elementor-element elementor-element-2b083ed elementor-section-boxed elementor-section-height-default elementor-section-height-default\" data-id=\"2b083ed\" data-element_type=\"section\">\n\t\t\t\t\t\t<div class=\"elementor-container elementor-column-gap-default\">\n\t\t\t\t\t\t\t<div class=\"elementor-row\">\n\t\t\t\t\t<div class=\"elementor-column elementor-col-100 elementor-top-column elementor-element elementor-element-59b24f2\" data-id=\"59b24f2\" data-element_type=\"column\">\n\t\t\t<div class=\"elementor-column-wrap elementor-element-populated\">\n\t\t\t\t\t\t\t<div class=\"elementor-widget-wrap\">\n\t\t\t\t\t\t<div class=\"elementor-element elementor-element-374a2bd elementor-widget elementor-widget-text-editor\" data-id=\"374a2bd\" data-element_type=\"widget\" data-widget_type=\"text-editor.default\">\n\t\t\t\t<div class=\"elementor-widget-container\">\n\t\t\t\t\t\t\t\t<div class=\"elementor-text-editor elementor-clearfix\">\n\t\t\t\t<h2>Basile Johsua : Escrime\u00a0<\/h2>\t\t\t\t\t<\/div>\n\t\t\t\t\t\t<\/div>\n\t\t\t\t<\/div>\n\t\t\t\t<div class=\"elementor-element elementor-element-1eed088 elementor-widget elementor-widget-text-editor\" data-id=\"1eed088\" data-element_type=\"widget\" data-widget_type=\"text-editor.default\">\n\t\t\t\t<div class=\"elementor-widget-container\">\n\t\t\t\t\t\t\t\t<div class=\"elementor-text-editor elementor-clearfix\">\n\t\t\t\t<p><strong>Grenoble INP \u2013 Ense\u00b3, UGA<\/strong><\/p>\t\t\t\t\t<\/div>\n\t\t\t\t\t\t<\/div>\n\t\t\t\t<\/div>\n\t\t\t\t<div class=\"elementor-element elementor-element-7bd3579 elementor-widget elementor-widget-text-editor\" data-id=\"7bd3579\" data-element_type=\"widget\" data-widget_type=\"text-editor.default\">\n\t\t\t\t<div class=\"elementor-widget-container\">\n\t\t\t\t\t\t\t\t<div class=\"elementor-text-editor elementor-clearfix\">\n\t\t\t\t<p>Basile a commenc\u00e9 l\u2019escrime \u00e0 4 ans et a connu des succ\u00e8s significatifs, notamment une deuxi\u00e8me place en coupe d\u2019Europe cadet et une victoire au championnat de France U23 par \u00e9quipe. Son d\u00e9m\u00e9nagement \u00e0 Grenoble a marqu\u00e9 un tournant, lui permettant de s\u2019adapter \u00e0 un nouvel environnement et de progresser dans son sport.<\/p>\t\t\t\t\t<\/div>\n\t\t\t\t\t\t<\/div>\n\t\t\t\t<\/div>\n\t\t\t\t\t\t<\/div>\n\t\t\t\t\t<\/div>\n\t\t<\/div>\n\t\t\t\t\t\t\t\t<\/div>\n\t\t\t\t\t<\/div>\n\t\t<\/section>\n\t\t\t\t<section class=\"elementor-section elementor-top-section elementor-element elementor-element-07af72d elementor-section-boxed elementor-section-height-default elementor-section-height-default\" data-id=\"07af72d\" data-element_type=\"section\">\n\t\t\t\t\t\t<div class=\"elementor-container elementor-column-gap-default\">\n\t\t\t\t\t\t\t<div class=\"elementor-row\">\n\t\t\t\t\t<div class=\"elementor-column elementor-col-66 elementor-top-column elementor-element elementor-element-ba1f51e\" data-id=\"ba1f51e\" data-element_type=\"column\">\n\t\t\t<div class=\"elementor-column-wrap elementor-element-populated\">\n\t\t\t\t\t\t\t<div class=\"elementor-widget-wrap\">\n\t\t\t\t\t\t<div class=\"elementor-element elementor-element-4efcbce elementor-widget elementor-widget-text-editor\" data-id=\"4efcbce\" data-element_type=\"widget\" data-widget_type=\"text-editor.default\">\n\t\t\t\t<div class=\"elementor-widget-container\">\n\t\t\t\t\t\t\t\t<div class=\"elementor-text-editor elementor-clearfix\">\n\t\t\t\t<p><strong>Ses r\u00e9sultats :<\/strong><\/p><ul><li>Premier circuit national Senior : 27<sup>e<\/sup><\/li><li>Championnats de France U23 individuel : 3<sup>e<\/sup><\/li><li>Dernier circuit national senior : 39<sup>e<\/sup><br \/>-&gt; qualification aux championnats de France Senior National 1 (d\u00e9cembre 2025)<\/li><li>Class\u00e9 27<sup>e<\/sup> au classement national senior \u00e0 la fin de la saison<\/li><li>9<sup>e<\/sup> aux championnats de France senior N1 par \u00e9quipe<\/li><\/ul>\t\t\t\t\t<\/div>\n\t\t\t\t\t\t<\/div>\n\t\t\t\t<\/div>\n\t\t\t\t\t\t<\/div>\n\t\t\t\t\t<\/div>\n\t\t<\/div>\n\t\t\t\t<div class=\"elementor-column elementor-col-33 elementor-top-column elementor-element elementor-element-5d643d6\" data-id=\"5d643d6\" data-element_type=\"column\">\n\t\t\t<div class=\"elementor-column-wrap elementor-element-populated\">\n\t\t\t\t\t\t\t<div class=\"elementor-widget-wrap\">\n\t\t\t\t\t\t<div class=\"elementor-element elementor-element-cac2aef dce_masking-none elementor-widget elementor-widget-image\" data-id=\"cac2aef\" data-element_type=\"widget\" data-widget_type=\"image.default\">\n\t\t\t\t<div class=\"elementor-widget-container\">\n\t\t\t\t\t\t\t\t<div class=\"elementor-image\">\n\t\t\t\t\t\t\t\t\t\t\t\t<img width=\"578\" height=\"579\" src=\"https:\/\/fondation-grenoble-inp.fr\/wp-content\/uploads\/2024\/02\/Basile-Johsua.png\" class=\"attachment-large size-large\" alt=\"\" loading=\"lazy\" srcset=\"https:\/\/fondation-grenoble-inp.fr\/wp-content\/uploads\/2024\/02\/Basile-Johsua.png 578w, https:\/\/fondation-grenoble-inp.fr\/wp-content\/uploads\/2024\/02\/Basile-Johsua-300x300.png 300w, https:\/\/fondation-grenoble-inp.fr\/wp-content\/uploads\/2024\/02\/Basile-Johsua-150x150.png 150w, https:\/\/fondation-grenoble-inp.fr\/wp-content\/uploads\/2024\/02\/Basile-Johsua-12x12.png 12w\" sizes=\"(max-width: 578px) 100vw, 578px\" \/>\t\t\t\t\t\t\t\t\t\t\t\t\t\t<\/div>\n\t\t\t\t\t\t<\/div>\n\t\t\t\t<\/div>\n\t\t\t\t\t\t<\/div>\n\t\t\t\t\t<\/div>\n\t\t<\/div>\n\t\t\t\t\t\t\t\t<\/div>\n\t\t\t\t\t<\/div>\n\t\t<\/section>\n\t\t\t\t<section class=\"elementor-section elementor-top-section elementor-element elementor-element-ed80801 elementor-section-boxed elementor-section-height-default elementor-section-height-default\" data-id=\"ed80801\" data-element_type=\"section\">\n\t\t\t\t\t\t<div class=\"elementor-container elementor-column-gap-default\">\n\t\t\t\t\t\t\t<div class=\"elementor-row\">\n\t\t\t\t\t<div class=\"elementor-column elementor-col-100 elementor-top-column elementor-element elementor-element-a0894f2\" data-id=\"a0894f2\" data-element_type=\"column\">\n\t\t\t<div class=\"elementor-column-wrap elementor-element-populated\">\n\t\t\t\t\t\t\t<div class=\"elementor-widget-wrap\">\n\t\t\t\t\t\t<div class=\"elementor-element elementor-element-20e240d elementor-widget elementor-widget-text-editor\" data-id=\"20e240d\" data-element_type=\"widget\" data-widget_type=\"text-editor.default\">\n\t\t\t\t<div class=\"elementor-widget-container\">\n\t\t\t\t\t\t\t\t<div class=\"elementor-text-editor elementor-clearfix\">\n\t\t\t\t<p><em>\u00ab\u00a0Cette saison se termine plut\u00f4t bien avec une belle troisi\u00e8me place aux championnats de France U23. Apr\u00e8s une premi\u00e8re saison en senior assez compliqu\u00e9e, j\u2019ai fini par m\u2019habituer \u00e0 ce nouveau rythme et \u00e0 ces nouveaux enjeux. J\u2019ai alors pu me fixer de nouveaux objectifs et r\u00e9fl\u00e9chir \u00e0 un nouveau mode d\u2019entra\u00eenement pour \u00eatre plus performant la saison prochaine dans cette cat\u00e9gorie qui est tr\u00e8s exigeante. Gr\u00e2ce \u00e0 la Fondation Grenoble INP, j\u2019ai pu \u00eatre accompagn\u00e9 dans ce changement de cat\u00e9gorie. L&rsquo;accompagnement dont j&rsquo;ai b\u00e9n\u00e9fici\u00e9 m\u2019a permis de me lib\u00e9rer du temps pour m\u2019entra\u00eener davantage, mais aussi de pouvoir \u00e9changer avec d\u2019autres sportifs de haut niveau.\u00a0\u00bb<\/em><\/p>\t\t\t\t\t<\/div>\n\t\t\t\t\t\t<\/div>\n\t\t\t\t<\/div>\n\t\t\t\t\t\t<\/div>\n\t\t\t\t\t<\/div>\n\t\t<\/div>\n\t\t\t\t\t\t\t\t<\/div>\n\t\t\t\t\t<\/div>\n\t\t<\/section>\n\t\t\t\t<section class=\"elementor-section elementor-top-section elementor-element elementor-element-240e8fc elementor-section-boxed elementor-section-height-default elementor-section-height-default\" data-id=\"240e8fc\" data-element_type=\"section\">\n\t\t\t\t\t\t<div class=\"elementor-container elementor-column-gap-default\">\n\t\t\t\t\t\t\t<div class=\"elementor-row\">\n\t\t\t\t\t<div class=\"elementor-column elementor-col-100 elementor-top-column elementor-element elementor-element-c46ae8e\" data-id=\"c46ae8e\" data-element_type=\"column\">\n\t\t\t<div class=\"elementor-column-wrap elementor-element-populated\">\n\t\t\t\t\t\t\t<div class=\"elementor-widget-wrap\">\n\t\t\t\t\t\t<div class=\"elementor-element elementor-element-e1d9e6a elementor-widget elementor-widget-text-editor\" data-id=\"e1d9e6a\" data-element_type=\"widget\" data-widget_type=\"text-editor.default\">\n\t\t\t\t<div class=\"elementor-widget-container\">\n\t\t\t\t\t\t\t\t<div class=\"elementor-text-editor elementor-clearfix\">\n\t\t\t\t<h2>Matthieu Lavignac : Cyclisme sur route et cyclo cross\u00a0<\/h2>\t\t\t\t\t<\/div>\n\t\t\t\t\t\t<\/div>\n\t\t\t\t<\/div>\n\t\t\t\t<div class=\"elementor-element elementor-element-601520d elementor-widget elementor-widget-text-editor\" data-id=\"601520d\" data-element_type=\"widget\" data-widget_type=\"text-editor.default\">\n\t\t\t\t<div class=\"elementor-widget-container\">\n\t\t\t\t\t\t\t\t<div class=\"elementor-text-editor elementor-clearfix\">\n\t\t\t\t<p><strong>Grenoble INP \u2013 Ense\u00b3, UGA<\/strong><\/p>\t\t\t\t\t<\/div>\n\t\t\t\t\t\t<\/div>\n\t\t\t\t<\/div>\n\t\t\t\t<div class=\"elementor-element elementor-element-4ca8031 elementor-widget elementor-widget-text-editor\" data-id=\"4ca8031\" data-element_type=\"widget\" data-widget_type=\"text-editor.default\">\n\t\t\t\t<div class=\"elementor-widget-container\">\n\t\t\t\t\t\t\t\t<div class=\"elementor-text-editor elementor-clearfix\">\n\t\t\t\t<p>Matthieu a d\u00e9couvert le v\u00e9lo \u00e0 12 ans apr\u00e8s avoir pratiqu\u00e9 le tennis et le rugby. Passionn\u00e9 par le cyclisme sur route et le cyclo-cross, il a int\u00e9gr\u00e9 une \u00e9quipe de division nationale 1 en 2021. Sa 5\u1d49 place lors d&rsquo;une coupe de France de contre-la-montre par \u00e9quipe en 2022 et son classement 13\u1d49 en coupe de France espoir de cyclo-cross t\u00e9moignent de ses talents.<\/p>\t\t\t\t\t<\/div>\n\t\t\t\t\t\t<\/div>\n\t\t\t\t<\/div>\n\t\t\t\t\t\t<\/div>\n\t\t\t\t\t<\/div>\n\t\t<\/div>\n\t\t\t\t\t\t\t\t<\/div>\n\t\t\t\t\t<\/div>\n\t\t<\/section>\n\t\t\t\t<section class=\"elementor-section elementor-top-section elementor-element elementor-element-59d995b elementor-section-boxed elementor-section-height-default elementor-section-height-default\" data-id=\"59d995b\" data-element_type=\"section\">\n\t\t\t\t\t\t<div class=\"elementor-container elementor-column-gap-default\">\n\t\t\t\t\t\t\t<div class=\"elementor-row\">\n\t\t\t\t\t<div class=\"elementor-column elementor-col-33 elementor-top-column elementor-element elementor-element-d2f9113\" data-id=\"d2f9113\" data-element_type=\"column\">\n\t\t\t<div class=\"elementor-column-wrap elementor-element-populated\">\n\t\t\t\t\t\t\t<div class=\"elementor-widget-wrap\">\n\t\t\t\t\t\t<div class=\"elementor-element elementor-element-c3604d6 dce_masking-none elementor-widget elementor-widget-image\" data-id=\"c3604d6\" data-element_type=\"widget\" data-widget_type=\"image.default\">\n\t\t\t\t<div class=\"elementor-widget-container\">\n\t\t\t\t\t\t\t\t<div class=\"elementor-image\">\n\t\t\t\t\t\t\t\t\t\t\t\t<img width=\"580\" height=\"581\" src=\"https:\/\/fondation-grenoble-inp.fr\/wp-content\/uploads\/2024\/02\/Matthieu-Lavignac.png\" class=\"attachment-large size-large\" alt=\"\" loading=\"lazy\" srcset=\"https:\/\/fondation-grenoble-inp.fr\/wp-content\/uploads\/2024\/02\/Matthieu-Lavignac.png 580w, https:\/\/fondation-grenoble-inp.fr\/wp-content\/uploads\/2024\/02\/Matthieu-Lavignac-300x300.png 300w, https:\/\/fondation-grenoble-inp.fr\/wp-content\/uploads\/2024\/02\/Matthieu-Lavignac-150x150.png 150w, https:\/\/fondation-grenoble-inp.fr\/wp-content\/uploads\/2024\/02\/Matthieu-Lavignac-12x12.png 12w\" sizes=\"(max-width: 580px) 100vw, 580px\" \/>\t\t\t\t\t\t\t\t\t\t\t\t\t\t<\/div>\n\t\t\t\t\t\t<\/div>\n\t\t\t\t<\/div>\n\t\t\t\t\t\t<\/div>\n\t\t\t\t\t<\/div>\n\t\t<\/div>\n\t\t\t\t<div class=\"elementor-column elementor-col-66 elementor-top-column elementor-element elementor-element-2295708\" data-id=\"2295708\" data-element_type=\"column\">\n\t\t\t<div class=\"elementor-column-wrap elementor-element-populated\">\n\t\t\t\t\t\t\t<div class=\"elementor-widget-wrap\">\n\t\t\t\t\t\t<div class=\"elementor-element elementor-element-c5c4875 elementor-widget elementor-widget-text-editor\" data-id=\"c5c4875\" data-element_type=\"widget\" data-widget_type=\"text-editor.default\">\n\t\t\t\t<div class=\"elementor-widget-container\">\n\t\t\t\t\t\t\t\t<div class=\"elementor-text-editor elementor-clearfix\">\n\t\t\t\t<p><strong>Cyclo-cross :<\/strong><\/p><ul><li>6<sup>e<\/sup> du Cyclo-cross de Varberg (Su\u00e8de)<\/li><li>13<sup>e<\/sup> et deux fois 16<sup>e<\/sup> en Coupe de France U23<\/li><li>7<sup>e<\/sup> en Coupe d\u2019Espagne (3<sup>e<\/sup> U23)<\/li><li>21<sup>e<\/sup> du g\u00e9n\u00e9ral de la Coupe de France U23<\/li><li>26<sup>e<\/sup> du Championnat de France U23<\/li><\/ul><p><strong>Route :<\/strong><\/p><ul><li>4<sup>e<\/sup> de la 2<sup>e<\/sup> \u00e9tape des Boucles de Haute Vienne<\/li><li>7<sup>e<\/sup> du GP de Puy l\u2019Ev\u00eaque<\/li><li>Elu coureur combatif de la 4<sup>e<\/sup> \u00e9tape de la Ronde de l\u2019Isard (course internationale U23)<\/li><\/ul>\t\t\t\t\t<\/div>\n\t\t\t\t\t\t<\/div>\n\t\t\t\t<\/div>\n\t\t\t\t\t\t<\/div>\n\t\t\t\t\t<\/div>\n\t\t<\/div>\n\t\t\t\t\t\t\t\t<\/div>\n\t\t\t\t\t<\/div>\n\t\t<\/section>\n\t\t\t\t<section class=\"elementor-section elementor-top-section elementor-element elementor-element-4d1bb34 elementor-section-boxed elementor-section-height-default elementor-section-height-default\" data-id=\"4d1bb34\" data-element_type=\"section\">\n\t\t\t\t\t\t<div class=\"elementor-container elementor-column-gap-default\">\n\t\t\t\t\t\t\t<div class=\"elementor-row\">\n\t\t\t\t\t<div class=\"elementor-column elementor-col-100 elementor-top-column elementor-element elementor-element-7114384\" data-id=\"7114384\" data-element_type=\"column\">\n\t\t\t<div class=\"elementor-column-wrap elementor-element-populated\">\n\t\t\t\t\t\t\t<div class=\"elementor-widget-wrap\">\n\t\t\t\t\t\t<div class=\"elementor-element elementor-element-c6a3fc8 elementor-widget elementor-widget-text-editor\" data-id=\"c6a3fc8\" data-element_type=\"widget\" data-widget_type=\"text-editor.default\">\n\t\t\t\t<div class=\"elementor-widget-container\">\n\t\t\t\t\t\t\t\t<div class=\"elementor-text-editor elementor-clearfix\">\n\t\t\t\t<p><em>\u00ab\u00a0Ma saison de cyclo-cross s\u2019est bien d\u00e9roul\u00e9e, avec un calendrier fourni, et je suis satisfait de mes r\u00e9sultats. Une blessure a cependant compliqu\u00e9 mon d\u00e9but de saison sur route, mais je suis content d\u2019avoir pu m\u2019exprimer et \u00eatre \u00e0 l\u2019avant sur des courses importantes. C\u00f4t\u00e9 acad\u00e9mique, j\u2019ai valid\u00e9 ma premi\u00e8re ann\u00e9e \u00e0 Grenoble INP &#8211; Ense\u00b3, UGA et int\u00e9gr\u00e9 la fili\u00e8re Hydraulique Ouvrages Environnement. Je remercie la Fondation Grenoble INP, dont le soutien m\u2019a permis d\u2019\u00e9toffer mon calendrier de courses et de prendre part \u00e0 des \u00e9preuves internationales. Elle m\u2019aide \u00e9galement \u00e0 pr\u00e9parer sereinement mon projet professionnel.\u00a0\u00bb<\/em><\/p>\t\t\t\t\t<\/div>\n\t\t\t\t\t\t<\/div>\n\t\t\t\t<\/div>\n\t\t\t\t\t\t<\/div>\n\t\t\t\t\t<\/div>\n\t\t<\/div>\n\t\t\t\t\t\t\t\t<\/div>\n\t\t\t\t\t<\/div>\n\t\t<\/section>\n\t\t\t\t<section class=\"elementor-section elementor-top-section elementor-element elementor-element-f20e841 elementor-section-boxed elementor-section-height-default elementor-section-height-default\" data-id=\"f20e841\" data-element_type=\"section\">\n\t\t\t\t\t\t<div class=\"elementor-container elementor-column-gap-default\">\n\t\t\t\t\t\t\t<div class=\"elementor-row\">\n\t\t\t\t\t<div class=\"elementor-column elementor-col-100 elementor-top-column elementor-element elementor-element-8df8636\" data-id=\"8df8636\" data-element_type=\"column\">\n\t\t\t<div class=\"elementor-column-wrap elementor-element-populated\">\n\t\t\t\t\t\t\t<div class=\"elementor-widget-wrap\">\n\t\t\t\t\t\t<div class=\"elementor-element elementor-element-4258203 elementor-widget elementor-widget-text-editor\" data-id=\"4258203\" data-element_type=\"widget\" data-widget_type=\"text-editor.default\">\n\t\t\t\t<div class=\"elementor-widget-container\">\n\t\t\t\t\t\t\t\t<div class=\"elementor-text-editor elementor-clearfix\">\n\t\t\t\t<h2>Antoine Marietta-Aleina : Trail<\/h2>\t\t\t\t\t<\/div>\n\t\t\t\t\t\t<\/div>\n\t\t\t\t<\/div>\n\t\t\t\t<div class=\"elementor-element elementor-element-33f27b8 elementor-widget elementor-widget-text-editor\" data-id=\"33f27b8\" data-element_type=\"widget\" data-widget_type=\"text-editor.default\">\n\t\t\t\t<div class=\"elementor-widget-container\">\n\t\t\t\t\t\t\t\t<div class=\"elementor-text-editor elementor-clearfix\">\n\t\t\t\t<p><strong>Grenoble INP \u2013 Ense\u00b3, UGA<\/strong><\/p>\t\t\t\t\t<\/div>\n\t\t\t\t\t\t<\/div>\n\t\t\t\t<\/div>\n\t\t\t\t<div class=\"elementor-element elementor-element-7d57ef0 elementor-widget elementor-widget-text-editor\" data-id=\"7d57ef0\" data-element_type=\"widget\" data-widget_type=\"text-editor.default\">\n\t\t\t\t<div class=\"elementor-widget-container\">\n\t\t\t\t\t\t\t\t<div class=\"elementor-text-editor elementor-clearfix\">\n\t\t\t\t<p>Antoine a d\u00e9but\u00e9 la randonn\u00e9e \u00e0 4 ans et le ski de randonn\u00e9e \u00e0 9 ans. Ses performances incluent une troisi\u00e8me place au Tour du Rutor jeune en 2018 et des participations \u00e0 des courses internationales comme la Pierra Menta et les Championnats du monde longue distance sur l\u2019Adamello en 2023. Il s\u2019illustre \u00e9galement en trail, ayant r\u00e9cemment termin\u00e9 13\u1d49 \u00e0 la Saint\u00e9Lyon.<\/p>\t\t\t\t\t<\/div>\n\t\t\t\t\t\t<\/div>\n\t\t\t\t<\/div>\n\t\t\t\t\t\t<\/div>\n\t\t\t\t\t<\/div>\n\t\t<\/div>\n\t\t\t\t\t\t\t\t<\/div>\n\t\t\t\t\t<\/div>\n\t\t<\/section>\n\t\t\t\t<section class=\"elementor-section elementor-top-section elementor-element elementor-element-8112e5a elementor-section-boxed elementor-section-height-default elementor-section-height-default\" data-id=\"8112e5a\" data-element_type=\"section\">\n\t\t\t\t\t\t<div class=\"elementor-container elementor-column-gap-default\">\n\t\t\t\t\t\t\t<div class=\"elementor-row\">\n\t\t\t\t\t<div class=\"elementor-column elementor-col-66 elementor-top-column elementor-element elementor-element-254adc1\" data-id=\"254adc1\" data-element_type=\"column\">\n\t\t\t<div class=\"elementor-column-wrap elementor-element-populated\">\n\t\t\t\t\t\t\t<div class=\"elementor-widget-wrap\">\n\t\t\t\t\t\t<div class=\"elementor-element elementor-element-db1821c elementor-widget elementor-widget-text-editor\" data-id=\"db1821c\" data-element_type=\"widget\" data-widget_type=\"text-editor.default\">\n\t\t\t\t<div class=\"elementor-widget-container\">\n\t\t\t\t\t\t\t\t<div class=\"elementor-text-editor elementor-clearfix\">\n\t\t\t\t<p><strong>Ses r\u00e9sultats :<\/strong><\/p><p>\u2022 Volvic Vulcano Experience 46km : 3e \/729<br \/>\u2022 Alsace Grand Est by UTMB 50km : 13e \/1701<br \/>\u2022 Sierre-Zinal (course de courte distance la plus relev\u00e9e au monde) : 121e \/1555<br \/>\u2022 Oetscher Speed Trail en Autriche : 1er \/85<br \/>\u2022 Marathon de Graz\u00a0 : 2h37min<\/p>\t\t\t\t\t<\/div>\n\t\t\t\t\t\t<\/div>\n\t\t\t\t<\/div>\n\t\t\t\t\t\t<\/div>\n\t\t\t\t\t<\/div>\n\t\t<\/div>\n\t\t\t\t<div class=\"elementor-column elementor-col-33 elementor-top-column elementor-element elementor-element-cb5ab14\" data-id=\"cb5ab14\" data-element_type=\"column\">\n\t\t\t<div class=\"elementor-column-wrap elementor-element-populated\">\n\t\t\t\t\t\t\t<div class=\"elementor-widget-wrap\">\n\t\t\t\t\t\t<div class=\"elementor-element elementor-element-d553759 dce_masking-none elementor-widget elementor-widget-image\" data-id=\"d553759\" data-element_type=\"widget\" data-widget_type=\"image.default\">\n\t\t\t\t<div class=\"elementor-widget-container\">\n\t\t\t\t\t\t\t\t<div class=\"elementor-image\">\n\t\t\t\t\t\t\t\t\t\t\t\t<img width=\"877\" height=\"878\" src=\"https:\/\/fondation-grenoble-inp.fr\/wp-content\/uploads\/2024\/02\/Antoine-MARIETTA-ALEINA-1.png\" class=\"attachment-large size-large\" alt=\"Antoine Marietta-Aleina\" loading=\"lazy\" srcset=\"https:\/\/fondation-grenoble-inp.fr\/wp-content\/uploads\/2024\/02\/Antoine-MARIETTA-ALEINA-1.png 877w, https:\/\/fondation-grenoble-inp.fr\/wp-content\/uploads\/2024\/02\/Antoine-MARIETTA-ALEINA-1-300x300.png 300w, https:\/\/fondation-grenoble-inp.fr\/wp-content\/uploads\/2024\/02\/Antoine-MARIETTA-ALEINA-1-150x150.png 150w, https:\/\/fondation-grenoble-inp.fr\/wp-content\/uploads\/2024\/02\/Antoine-MARIETTA-ALEINA-1-768x769.png 768w, https:\/\/fondation-grenoble-inp.fr\/wp-content\/uploads\/2024\/02\/Antoine-MARIETTA-ALEINA-1-12x12.png 12w\" sizes=\"(max-width: 877px) 100vw, 877px\" \/>\t\t\t\t\t\t\t\t\t\t\t\t\t\t<\/div>\n\t\t\t\t\t\t<\/div>\n\t\t\t\t<\/div>\n\t\t\t\t\t\t<\/div>\n\t\t\t\t\t<\/div>\n\t\t<\/div>\n\t\t\t\t\t\t\t\t<\/div>\n\t\t\t\t\t<\/div>\n\t\t<\/section>\n\t\t\t\t<section class=\"elementor-section elementor-top-section elementor-element elementor-element-9e7e594 elementor-section-boxed elementor-section-height-default elementor-section-height-default\" data-id=\"9e7e594\" data-element_type=\"section\">\n\t\t\t\t\t\t<div class=\"elementor-container elementor-column-gap-default\">\n\t\t\t\t\t\t\t<div class=\"elementor-row\">\n\t\t\t\t\t<div class=\"elementor-column elementor-col-100 elementor-top-column elementor-element elementor-element-6a7e7f6\" data-id=\"6a7e7f6\" data-element_type=\"column\">\n\t\t\t<div class=\"elementor-column-wrap elementor-element-populated\">\n\t\t\t\t\t\t\t<div class=\"elementor-widget-wrap\">\n\t\t\t\t\t\t<div class=\"elementor-element elementor-element-e7c7d7a elementor-widget elementor-widget-text-editor\" data-id=\"e7c7d7a\" data-element_type=\"widget\" data-widget_type=\"text-editor.default\">\n\t\t\t\t<div class=\"elementor-widget-container\">\n\t\t\t\t\t\t\t\t<div class=\"elementor-text-editor elementor-clearfix\">\n\t\t\t\t<p><em>\u00ab\u00a0Apr\u00e8s une belle saison en ski-alpinisme, soutenu par la F ondation Grenoble INP pour mes d\u00e9placements et inscriptions aux comp\u00e9titions, j&rsquo;ai encha\u00een\u00e9 sur une saison de trail-running comme j&rsquo;en ai l&rsquo;habitude. Le milieu de saison a \u00e9t\u00e9 rendu d\u00e9licat avec beaucoup de fatigue accumul\u00e9e par mon stage de 2e ann\u00e9e en tant qu&rsquo;ing\u00e9nieur. J&rsquo;ai n\u00e9anmoins pu m&rsquo;entra\u00eener \u00e0 nouveau sans stress ni fatigue pour finir la saison de la plus belle des mani\u00e8res avec une 1re place sur l&rsquo;Oetscher Speed Trail puis un bon chrono de 2h37 pour mon premier marathon sur route.\u00a0\u00bb<\/em><\/p>\t\t\t\t\t<\/div>\n\t\t\t\t\t\t<\/div>\n\t\t\t\t<\/div>\n\t\t\t\t\t\t<\/div>\n\t\t\t\t\t<\/div>\n\t\t<\/div>\n\t\t\t\t\t\t\t\t<\/div>\n\t\t\t\t\t<\/div>\n\t\t<\/section>\n\t\t\t\t<section class=\"elementor-section elementor-top-section elementor-element elementor-element-0516014 elementor-section-boxed elementor-section-height-default elementor-section-height-default\" data-id=\"0516014\" data-element_type=\"section\">\n\t\t\t\t\t\t<div class=\"elementor-container elementor-column-gap-default\">\n\t\t\t\t\t\t\t<div class=\"elementor-row\">\n\t\t\t\t\t<div class=\"elementor-column elementor-col-100 elementor-top-column elementor-element elementor-element-3f131f4\" data-id=\"3f131f4\" data-element_type=\"column\">\n\t\t\t<div class=\"elementor-column-wrap elementor-element-populated\">\n\t\t\t\t\t\t\t<div class=\"elementor-widget-wrap\">\n\t\t\t\t\t\t<div class=\"elementor-element elementor-element-af7809e elementor-widget elementor-widget-text-editor\" data-id=\"af7809e\" data-element_type=\"widget\" data-widget_type=\"text-editor.default\">\n\t\t\t\t<div class=\"elementor-widget-container\">\n\t\t\t\t\t\t\t\t<div class=\"elementor-text-editor elementor-clearfix\">\n\t\t\t\t<h2>Nao Monchois : Escalade<\/h2>\t\t\t\t\t<\/div>\n\t\t\t\t\t\t<\/div>\n\t\t\t\t<\/div>\n\t\t\t\t<div class=\"elementor-element elementor-element-5e5695d elementor-widget elementor-widget-text-editor\" data-id=\"5e5695d\" data-element_type=\"widget\" data-widget_type=\"text-editor.default\">\n\t\t\t\t<div class=\"elementor-widget-container\">\n\t\t\t\t\t\t\t\t<div class=\"elementor-text-editor elementor-clearfix\">\n\t\t\t\t<p><strong>Grenoble INP \u2013 Ense\u00b3, UGA<\/strong><\/p>\t\t\t\t\t<\/div>\n\t\t\t\t\t\t<\/div>\n\t\t\t\t<\/div>\n\t\t\t\t<div class=\"elementor-element elementor-element-95125c8 elementor-widget elementor-widget-text-editor\" data-id=\"95125c8\" data-element_type=\"widget\" data-widget_type=\"text-editor.default\">\n\t\t\t\t<div class=\"elementor-widget-container\">\n\t\t\t\t\t\t\t\t<div class=\"elementor-text-editor elementor-clearfix\">\n\t\t\t\t<p>Nao a d\u00e9couvert l\u2019escalade avec sa famille et a remport\u00e9 un titre de Champion de France junior. Apr\u00e8s avoir int\u00e9gr\u00e9 le P\u00f4le France Olympique de Voiron, il poursuit ses \u00e9tudes \u00e0 Grenoble INP \u2013 G\u00e9nie industriel, UGA tout en s&rsquo;\u00e9panouissant dans son sport. Son titre de Champion de France s\u00e9nior de difficult\u00e9 en 2023 marque une \u00e9tape importante de sa carri\u00e8re.<\/p>\t\t\t\t\t<\/div>\n\t\t\t\t\t\t<\/div>\n\t\t\t\t<\/div>\n\t\t\t\t\t\t<\/div>\n\t\t\t\t\t<\/div>\n\t\t<\/div>\n\t\t\t\t\t\t\t\t<\/div>\n\t\t\t\t\t<\/div>\n\t\t<\/section>\n\t\t\t\t<section class=\"elementor-section elementor-top-section elementor-element elementor-element-bb8aec3 elementor-section-boxed elementor-section-height-default elementor-section-height-default\" data-id=\"bb8aec3\" data-element_type=\"section\">\n\t\t\t\t\t\t<div class=\"elementor-container elementor-column-gap-default\">\n\t\t\t\t\t\t\t<div class=\"elementor-row\">\n\t\t\t\t\t<div class=\"elementor-column elementor-col-33 elementor-top-column elementor-element elementor-element-791e233\" data-id=\"791e233\" data-element_type=\"column\">\n\t\t\t<div class=\"elementor-column-wrap elementor-element-populated\">\n\t\t\t\t\t\t\t<div class=\"elementor-widget-wrap\">\n\t\t\t\t\t\t<div class=\"elementor-element elementor-element-1583daa dce_masking-none elementor-widget elementor-widget-image\" data-id=\"1583daa\" data-element_type=\"widget\" data-widget_type=\"image.default\">\n\t\t\t\t<div class=\"elementor-widget-container\">\n\t\t\t\t\t\t\t\t<div class=\"elementor-image\">\n\t\t\t\t\t\t\t\t\t\t\t\t<img width=\"677\" height=\"683\" src=\"https:\/\/fondation-grenoble-inp.fr\/wp-content\/uploads\/2024\/02\/Nao-Monchois.jpg\" class=\"attachment-large size-large\" alt=\"Nao Monchois\" loading=\"lazy\" srcset=\"https:\/\/fondation-grenoble-inp.fr\/wp-content\/uploads\/2024\/02\/Nao-Monchois.jpg 677w, https:\/\/fondation-grenoble-inp.fr\/wp-content\/uploads\/2024\/02\/Nao-Monchois-297x300.jpg 297w, https:\/\/fondation-grenoble-inp.fr\/wp-content\/uploads\/2024\/02\/Nao-Monchois-150x150.jpg 150w, https:\/\/fondation-grenoble-inp.fr\/wp-content\/uploads\/2024\/02\/Nao-Monchois-12x12.jpg 12w\" sizes=\"(max-width: 677px) 100vw, 677px\" \/>\t\t\t\t\t\t\t\t\t\t\t\t\t\t<\/div>\n\t\t\t\t\t\t<\/div>\n\t\t\t\t<\/div>\n\t\t\t\t\t\t<\/div>\n\t\t\t\t\t<\/div>\n\t\t<\/div>\n\t\t\t\t<div class=\"elementor-column elementor-col-66 elementor-top-column elementor-element elementor-element-552b73d\" data-id=\"552b73d\" data-element_type=\"column\">\n\t\t\t<div class=\"elementor-column-wrap elementor-element-populated\">\n\t\t\t\t\t\t\t<div class=\"elementor-widget-wrap\">\n\t\t\t\t\t\t<div class=\"elementor-element elementor-element-fc98d98 elementor-widget elementor-widget-text-editor\" data-id=\"fc98d98\" data-element_type=\"widget\" data-widget_type=\"text-editor.default\">\n\t\t\t\t<div class=\"elementor-widget-container\">\n\t\t\t\t\t\t\t\t<div class=\"elementor-text-editor elementor-clearfix\">\n\t\t\t\t<p>Ses r\u00e9sultats :<\/p><ul><li>10<sup>e<\/sup> \u00e0 la coupe de france s\u00e9nior de difficult\u00e9 \u00e0 Arnas<\/li><li>11<sup>e<\/sup> aux Championnats de France senior de difficult\u00e9 \u00e0 Tarbes<\/li><li>33<sup>e<\/sup> \u00e0 la Coupe du Monde de difficult\u00e9 \u00e0 Chamonix<\/li><\/ul><p><strong>Performances ext\u00e9rieures :<\/strong><\/p><ul><li>9a \u00ab\u00a0Sang neuf\u00a0\u00bb \u00e0 la falaise de \u00ab\u00a0Pierrot beach\u00a0\u00bb en 5 essais<\/li><li>8c+ \u00ab\u00a0Nice to eat you\u00a0\u00bb \u00e0 la falaise de \u00ab\u00a0Pierrot beach\u00a0\u00bb en 5 essais<\/li><\/ul>\t\t\t\t\t<\/div>\n\t\t\t\t\t\t<\/div>\n\t\t\t\t<\/div>\n\t\t\t\t\t\t<\/div>\n\t\t\t\t\t<\/div>\n\t\t<\/div>\n\t\t\t\t\t\t\t\t<\/div>\n\t\t\t\t\t<\/div>\n\t\t<\/section>\n\t\t\t\t<section class=\"elementor-section elementor-top-section elementor-element elementor-element-9b16724 elementor-section-boxed elementor-section-height-default elementor-section-height-default\" data-id=\"9b16724\" data-element_type=\"section\">\n\t\t\t\t\t\t<div class=\"elementor-container elementor-column-gap-default\">\n\t\t\t\t\t\t\t<div class=\"elementor-row\">\n\t\t\t\t\t<div class=\"elementor-column elementor-col-100 elementor-top-column elementor-element elementor-element-e738041\" data-id=\"e738041\" data-element_type=\"column\">\n\t\t\t<div class=\"elementor-column-wrap elementor-element-populated\">\n\t\t\t\t\t\t\t<div class=\"elementor-widget-wrap\">\n\t\t\t\t\t\t<div class=\"elementor-element elementor-element-ef35fb8 elementor-widget elementor-widget-text-editor\" data-id=\"ef35fb8\" data-element_type=\"widget\" data-widget_type=\"text-editor.default\">\n\t\t\t\t<div class=\"elementor-widget-container\">\n\t\t\t\t\t\t\t\t<div class=\"elementor-text-editor elementor-clearfix\">\n\t\t\t\t<p><em>\u00ab\u00a0Ma saison sportive 2024 a \u00e9t\u00e9 plut\u00f4t compliqu\u00e9e. Je me suis entra\u00een\u00e9 plus s\u00e9rieusement, notamment en participant \u00e0 des camps d&rsquo;entra\u00eenements \u00e0 l&rsquo;\u00e9tranger (Autriche, Suisse,&#8230;) gr\u00e2ce \u00e0 l&rsquo;aide de la Fondation Grenoble INP. Cependant, cela ne marche pas toujours comme pr\u00e9vu, c&rsquo;est le jeu du sport de haut niveau. Je n&rsquo;ai aucun doute que cet entra\u00eenement paiera la saison prochaine et j&rsquo;ai d\u00e9j\u00e0 h\u00e2te de remettre les chaussons en comp\u00e9tition. Du c\u00f4t\u00e9 scolaire, j&rsquo;ai entam\u00e9 mon projet de fin d&rsquo;\u00e9tudes en tant que Chef de projet junior dans une entreprise sp\u00e9cialis\u00e9e dans l&rsquo;Outdoor et je m&rsquo;y plais beaucoup. J&rsquo;esp\u00e8re rester apr\u00e8s mon stage ou trouver un emploi similaire qui me permettrait de continuer mon sport \u00e0 haut niveau.\u00a0\u00bb<\/em><\/p>\t\t\t\t\t<\/div>\n\t\t\t\t\t\t<\/div>\n\t\t\t\t<\/div>\n\t\t\t\t<div class=\"elementor-element elementor-element-a88c64c elementor-widget elementor-widget-spacer\" data-id=\"a88c64c\" data-element_type=\"widget\" data-widget_type=\"spacer.default\">\n\t\t\t\t<div class=\"elementor-widget-container\">\n\t\t\t\t\t<div class=\"elementor-spacer\">\n\t\t\t<div class=\"elementor-spacer-inner\"><\/div>\n\t\t<\/div>\n\t\t\t\t<\/div>\n\t\t\t\t<\/div>\n\t\t\t\t<div class=\"elementor-element elementor-element-fa5ea5e elementor-widget elementor-widget-text-editor\" data-id=\"fa5ea5e\" data-element_type=\"widget\" data-widget_type=\"text-editor.default\">\n\t\t\t\t<div class=\"elementor-widget-container\">\n\t\t\t\t\t\t\t\t<div class=\"elementor-text-editor elementor-clearfix\">\n\t\t\t\t<p>La Fondation Grenoble INP est tr\u00e8s fi\u00e8re d\u2019apporter son soutien \u00e0 ces jeunes talents. Nous les f\u00e9licitons pour cette belle saison !<\/p><p>\u00a0<\/p><p>Pour en savoir plus sur la bourse d&rsquo;escellence, <strong><a href=\"http:\/\/fondation-grenoble-inp.fr\/en\/bourses-dexcellence\/\" target=\"_blank\" rel=\"noopener\">rendez-vous ici.<\/a><\/strong><\/p>\t\t\t\t\t<\/div>\n\t\t\t\t\t\t<\/div>\n\t\t\t\t<\/div>\n\t\t\t\t\t\t<\/div>\n\t\t\t\t\t<\/div>\n\t\t<\/div>\n\t\t\t\t\t\t\t\t<\/div>\n\t\t\t\t\t<\/div>\n\t\t<\/section>\n\t\t\t\t\t\t<\/div>\n\t\t\t\t\t\t<\/div>\n\t\t\t\t\t<\/div>","protected":false},"excerpt":{"rendered":"<p>D\u00e9couvrez le bilan de saison estival 2024 des sportifs de haut niveau soutenus par la Fondation Grenoble INP.<\/p>","protected":false},"author":7,"featured_media":17819,"comment_status":"closed","ping_status":"open","sticky":false,"template":"","format":"standard","meta":[],"categories":[477],"tags":[],"acf":[],"yoast_head":"<!-- This site is optimized with the Yoast SEO plugin v18.0 - https:\/\/yoast.com\/wordpress\/plugins\/seo\/ -->\n<title>Bilan estival 2024 des sportifs de haut niveau soutenus par la Fondation - Fondation Grenoble INP<\/title>\n<meta name=\"description\" content=\"D\u00e9couvrez le bilan de saison estival 2024 des sportifs de haut niveau soutenus par la Fondation Grenoble INP.\" \/>\n<meta name=\"robots\" content=\"index, follow, max-snippet:-1, max-image-preview:large, max-video-preview:-1\" \/>\n<link rel=\"canonical\" href=\"http:\/\/fondation-grenoble-inp.fr\/en\/bilan-estival-2024-des-sportifs-de-haut-niveau-soutenus-par-la-fondation\/\" \/>\n<meta property=\"og:locale\" content=\"en_US\" \/>\n<meta property=\"og:type\" content=\"article\" \/>\n<meta property=\"og:title\" content=\"Bilan estival 2024 des sportifs de haut niveau soutenus par la Fondation - Fondation Grenoble INP\" \/>\n<meta property=\"og:description\" content=\"D\u00e9couvrez le bilan de saison estival 2024 des sportifs de haut niveau soutenus par la Fondation Grenoble INP.\" \/>\n<meta property=\"og:url\" content=\"http:\/\/fondation-grenoble-inp.fr\/en\/bilan-estival-2024-des-sportifs-de-haut-niveau-soutenus-par-la-fondation\/\" \/>\n<meta property=\"og:site_name\" content=\"Fondation Grenoble INP\" \/>\n<meta property=\"article:published_time\" content=\"2024-10-29T14:57:55+00:00\" \/>\n<meta property=\"article:modified_time\" content=\"2024-11-18T11:26:34+00:00\" \/>\n<meta property=\"og:image\" content=\"https:\/\/fondation-grenoble-inp.fr\/wp-content\/uploads\/2024\/02\/Matthieu-Lavignac.png\" \/>\n\t<meta property=\"og:image:width\" content=\"580\" \/>\n\t<meta property=\"og:image:height\" content=\"581\" \/>\n\t<meta property=\"og:image:type\" content=\"image\/png\" \/>\n<meta name=\"twitter:card\" content=\"summary_large_image\" \/>\n<meta name=\"twitter:label1\" content=\"Written by\" \/>\n\t<meta name=\"twitter:data1\" content=\"Marie Dubreuil\" \/>\n\t<meta name=\"twitter:label2\" content=\"Est. reading time\" \/>\n\t<meta name=\"twitter:data2\" content=\"13 minutes\" \/>\n<script type=\"application\/ld+json\" class=\"yoast-schema-graph\">{\"@context\":\"https:\/\/schema.org\",\"@graph\":[{\"@type\":\"Organization\",\"@id\":\"https:\/\/fondation-grenoble-inp.fr\/#organization\",\"name\":\"Fondation INP Grenoble\",\"url\":\"https:\/\/fondation-grenoble-inp.fr\/\",\"sameAs\":[],\"logo\":{\"@type\":\"ImageObject\",\"@id\":\"https:\/\/fondation-grenoble-inp.fr\/#logo\",\"inLanguage\":\"en-US\",\"url\":\"https:\/\/fondation-grenoble-inp.fr\/wp-content\/uploads\/2021\/03\/cropped-favicon-fondation-inp-grenoble.png\",\"contentUrl\":\"https:\/\/fondation-grenoble-inp.fr\/wp-content\/uploads\/2021\/03\/cropped-favicon-fondation-inp-grenoble.png\",\"width\":512,\"height\":512,\"caption\":\"Fondation INP Grenoble\"},\"image\":{\"@id\":\"https:\/\/fondation-grenoble-inp.fr\/#logo\"}},{\"@type\":\"WebSite\",\"@id\":\"https:\/\/fondation-grenoble-inp.fr\/#website\",\"url\":\"https:\/\/fondation-grenoble-inp.fr\/\",\"name\":\"Fondation Grenoble INP\",\"description\":\"#OsezlAvenir\",\"publisher\":{\"@id\":\"https:\/\/fondation-grenoble-inp.fr\/#organization\"},\"potentialAction\":[{\"@type\":\"SearchAction\",\"target\":{\"@type\":\"EntryPoint\",\"urlTemplate\":\"https:\/\/fondation-grenoble-inp.fr\/?s={search_term_string}\"},\"query-input\":\"required name=search_term_string\"}],\"inLanguage\":\"en-US\"},{\"@type\":\"ImageObject\",\"@id\":\"https:\/\/fondation-grenoble-inp.fr\/bilan-estival-2024-des-sportifs-de-haut-niveau-soutenus-par-la-fondation\/#primaryimage\",\"inLanguage\":\"en-US\",\"url\":\"https:\/\/fondation-grenoble-inp.fr\/wp-content\/uploads\/2024\/02\/Matthieu-Lavignac.png\",\"contentUrl\":\"https:\/\/fondation-grenoble-inp.fr\/wp-content\/uploads\/2024\/02\/Matthieu-Lavignac.png\",\"width\":\"580\",\"height\":\"581\",\"caption\":\"Cyclisme sur route et cyclo-cross, Grenoble INP \u2013 Ense\u00b3, UGA\"},{\"@type\":\"WebPage\",\"@id\":\"https:\/\/fondation-grenoble-inp.fr\/bilan-estival-2024-des-sportifs-de-haut-niveau-soutenus-par-la-fondation\/#webpage\",\"url\":\"https:\/\/fondation-grenoble-inp.fr\/bilan-estival-2024-des-sportifs-de-haut-niveau-soutenus-par-la-fondation\/\",\"name\":\"Bilan estival 2024 des sportifs de haut niveau soutenus par la Fondation - Fondation Grenoble INP\",\"isPartOf\":{\"@id\":\"https:\/\/fondation-grenoble-inp.fr\/#website\"},\"primaryImageOfPage\":{\"@id\":\"https:\/\/fondation-grenoble-inp.fr\/bilan-estival-2024-des-sportifs-de-haut-niveau-soutenus-par-la-fondation\/#primaryimage\"},\"datePublished\":\"2024-10-29T14:57:55+00:00\",\"dateModified\":\"2024-11-18T11:26:34+00:00\",\"description\":\"D\u00e9couvrez le bilan de saison estival 2024 des sportifs de haut niveau soutenus par la Fondation Grenoble INP.\",\"breadcrumb\":{\"@id\":\"https:\/\/fondation-grenoble-inp.fr\/bilan-estival-2024-des-sportifs-de-haut-niveau-soutenus-par-la-fondation\/#breadcrumb\"},\"inLanguage\":\"en-US\",\"potentialAction\":[{\"@type\":\"ReadAction\",\"target\":[\"https:\/\/fondation-grenoble-inp.fr\/bilan-estival-2024-des-sportifs-de-haut-niveau-soutenus-par-la-fondation\/\"]}]},{\"@type\":\"BreadcrumbList\",\"@id\":\"https:\/\/fondation-grenoble-inp.fr\/bilan-estival-2024-des-sportifs-de-haut-niveau-soutenus-par-la-fondation\/#breadcrumb\",\"itemListElement\":[{\"@type\":\"ListItem\",\"position\":1,\"name\":\"Accueil\",\"item\":\"https:\/\/fondation-grenoble-inp.fr\/\"},{\"@type\":\"ListItem\",\"position\":2,\"name\":\"Bilan estival 2024 des sportifs de haut niveau soutenus par la Fondation\"}]},{\"@type\":\"Article\",\"@id\":\"https:\/\/fondation-grenoble-inp.fr\/bilan-estival-2024-des-sportifs-de-haut-niveau-soutenus-par-la-fondation\/#article\",\"isPartOf\":{\"@id\":\"https:\/\/fondation-grenoble-inp.fr\/bilan-estival-2024-des-sportifs-de-haut-niveau-soutenus-par-la-fondation\/#webpage\"},\"author\":{\"@id\":\"https:\/\/fondation-grenoble-inp.fr\/#\/schema\/person\/7c36548ebaddf05ba7a055d161ebff94\"},\"headline\":\"Bilan estival 2024 des sportifs de haut niveau soutenus par la Fondation\",\"datePublished\":\"2024-10-29T14:57:55+00:00\",\"dateModified\":\"2024-11-18T11:26:34+00:00\",\"mainEntityOfPage\":{\"@id\":\"https:\/\/fondation-grenoble-inp.fr\/bilan-estival-2024-des-sportifs-de-haut-niveau-soutenus-par-la-fondation\/#webpage\"},\"wordCount\":2130,\"publisher\":{\"@id\":\"https:\/\/fondation-grenoble-inp.fr\/#organization\"},\"image\":{\"@id\":\"https:\/\/fondation-grenoble-inp.fr\/bilan-estival-2024-des-sportifs-de-haut-niveau-soutenus-par-la-fondation\/#primaryimage\"},\"thumbnailUrl\":\"https:\/\/fondation-grenoble-inp.fr\/wp-content\/uploads\/2024\/02\/Matthieu-Lavignac.png\",\"articleSection\":[\"Les Bourses\"],\"inLanguage\":\"en-US\"},{\"@type\":\"Person\",\"@id\":\"https:\/\/fondation-grenoble-inp.fr\/#\/schema\/person\/7c36548ebaddf05ba7a055d161ebff94\",\"name\":\"Marie Dubreuil\",\"image\":{\"@type\":\"ImageObject\",\"@id\":\"https:\/\/fondation-grenoble-inp.fr\/#personlogo\",\"inLanguage\":\"en-US\",\"url\":\"http:\/\/0.gravatar.com\/avatar\/358eb0ab274d9479ce7c23b8a3f0a360?s=96&d=mm&r=g\",\"contentUrl\":\"http:\/\/0.gravatar.com\/avatar\/358eb0ab274d9479ce7c23b8a3f0a360?s=96&d=mm&r=g\",\"caption\":\"Marie Dubreuil\"}}]}<\/script>\n<!-- \/ Yoast SEO plugin. -->","yoast_head_json":{"title":"Bilan estival 2024 des sportifs de haut niveau soutenus par la Fondation - Fondation Grenoble INP","description":"D\u00e9couvrez le bilan de saison estival 2024 des sportifs de haut niveau soutenus par la Fondation Grenoble INP.","robots":{"index":"index","follow":"follow","max-snippet":"max-snippet:-1","max-image-preview":"max-image-preview:large","max-video-preview":"max-video-preview:-1"},"canonical":"http:\/\/fondation-grenoble-inp.fr\/en\/bilan-estival-2024-des-sportifs-de-haut-niveau-soutenus-par-la-fondation\/","og_locale":"en_US","og_type":"article","og_title":"Bilan estival 2024 des sportifs de haut niveau soutenus par la Fondation - Fondation Grenoble INP","og_description":"D\u00e9couvrez le bilan de saison estival 2024 des sportifs de haut niveau soutenus par la Fondation Grenoble INP.","og_url":"http:\/\/fondation-grenoble-inp.fr\/en\/bilan-estival-2024-des-sportifs-de-haut-niveau-soutenus-par-la-fondation\/","og_site_name":"Fondation Grenoble INP","article_published_time":"2024-10-29T14:57:55+00:00","article_modified_time":"2024-11-18T11:26:34+00:00","og_image":[{"width":"580","height":"581","url":"https:\/\/fondation-grenoble-inp.fr\/wp-content\/uploads\/2024\/02\/Matthieu-Lavignac.png","type":"image\/png"}],"twitter_card":"summary_large_image","twitter_misc":{"Written by":"Marie Dubreuil","Est. reading time":"13 minutes"},"schema":{"@context":"https:\/\/schema.org","@graph":[{"@type":"Organization","@id":"https:\/\/fondation-grenoble-inp.fr\/#organization","name":"Fondation INP Grenoble","url":"https:\/\/fondation-grenoble-inp.fr\/","sameAs":[],"logo":{"@type":"ImageObject","@id":"https:\/\/fondation-grenoble-inp.fr\/#logo","inLanguage":"en-US","url":"https:\/\/fondation-grenoble-inp.fr\/wp-content\/uploads\/2021\/03\/cropped-favicon-fondation-inp-grenoble.png","contentUrl":"https:\/\/fondation-grenoble-inp.fr\/wp-content\/uploads\/2021\/03\/cropped-favicon-fondation-inp-grenoble.png","width":512,"height":512,"caption":"Fondation INP Grenoble"},"image":{"@id":"https:\/\/fondation-grenoble-inp.fr\/#logo"}},{"@type":"WebSite","@id":"https:\/\/fondation-grenoble-inp.fr\/#website","url":"https:\/\/fondation-grenoble-inp.fr\/","name":"Fondation Grenoble INP","description":"#OsezlAvenir","publisher":{"@id":"https:\/\/fondation-grenoble-inp.fr\/#organization"},"potentialAction":[{"@type":"SearchAction","target":{"@type":"EntryPoint","urlTemplate":"https:\/\/fondation-grenoble-inp.fr\/?s={search_term_string}"},"query-input":"required name=search_term_string"}],"inLanguage":"en-US"},{"@type":"ImageObject","@id":"https:\/\/fondation-grenoble-inp.fr\/bilan-estival-2024-des-sportifs-de-haut-niveau-soutenus-par-la-fondation\/#primaryimage","inLanguage":"en-US","url":"https:\/\/fondation-grenoble-inp.fr\/wp-content\/uploads\/2024\/02\/Matthieu-Lavignac.png","contentUrl":"https:\/\/fondation-grenoble-inp.fr\/wp-content\/uploads\/2024\/02\/Matthieu-Lavignac.png","width":"580","height":"581","caption":"Cyclisme sur route et cyclo-cross, Grenoble INP \u2013 Ense\u00b3, UGA"},{"@type":"WebPage","@id":"https:\/\/fondation-grenoble-inp.fr\/bilan-estival-2024-des-sportifs-de-haut-niveau-soutenus-par-la-fondation\/#webpage","url":"https:\/\/fondation-grenoble-inp.fr\/bilan-estival-2024-des-sportifs-de-haut-niveau-soutenus-par-la-fondation\/","name":"Bilan estival 2024 des sportifs de haut niveau soutenus par la Fondation - Fondation Grenoble INP","isPartOf":{"@id":"https:\/\/fondation-grenoble-inp.fr\/#website"},"primaryImageOfPage":{"@id":"https:\/\/fondation-grenoble-inp.fr\/bilan-estival-2024-des-sportifs-de-haut-niveau-soutenus-par-la-fondation\/#primaryimage"},"datePublished":"2024-10-29T14:57:55+00:00","dateModified":"2024-11-18T11:26:34+00:00","description":"D\u00e9couvrez le bilan de saison estival 2024 des sportifs de haut niveau soutenus par la Fondation Grenoble INP.","breadcrumb":{"@id":"https:\/\/fondation-grenoble-inp.fr\/bilan-estival-2024-des-sportifs-de-haut-niveau-soutenus-par-la-fondation\/#breadcrumb"},"inLanguage":"en-US","potentialAction":[{"@type":"ReadAction","target":["https:\/\/fondation-grenoble-inp.fr\/bilan-estival-2024-des-sportifs-de-haut-niveau-soutenus-par-la-fondation\/"]}]},{"@type":"BreadcrumbList","@id":"https:\/\/fondation-grenoble-inp.fr\/bilan-estival-2024-des-sportifs-de-haut-niveau-soutenus-par-la-fondation\/#breadcrumb","itemListElement":[{"@type":"ListItem","position":1,"name":"Accueil","item":"https:\/\/fondation-grenoble-inp.fr\/"},{"@type":"ListItem","position":2,"name":"Bilan estival 2024 des sportifs de haut niveau soutenus par la Fondation"}]},{"@type":"Article","@id":"https:\/\/fondation-grenoble-inp.fr\/bilan-estival-2024-des-sportifs-de-haut-niveau-soutenus-par-la-fondation\/#article","isPartOf":{"@id":"https:\/\/fondation-grenoble-inp.fr\/bilan-estival-2024-des-sportifs-de-haut-niveau-soutenus-par-la-fondation\/#webpage"},"author":{"@id":"https:\/\/fondation-grenoble-inp.fr\/#\/schema\/person\/7c36548ebaddf05ba7a055d161ebff94"},"headline":"Bilan estival 2024 des sportifs de haut niveau soutenus par la Fondation","datePublished":"2024-10-29T14:57:55+00:00","dateModified":"2024-11-18T11:26:34+00:00","mainEntityOfPage":{"@id":"https:\/\/fondation-grenoble-inp.fr\/bilan-estival-2024-des-sportifs-de-haut-niveau-soutenus-par-la-fondation\/#webpage"},"wordCount":2130,"publisher":{"@id":"https:\/\/fondation-grenoble-inp.fr\/#organization"},"image":{"@id":"https:\/\/fondation-grenoble-inp.fr\/bilan-estival-2024-des-sportifs-de-haut-niveau-soutenus-par-la-fondation\/#primaryimage"},"thumbnailUrl":"https:\/\/fondation-grenoble-inp.fr\/wp-content\/uploads\/2024\/02\/Matthieu-Lavignac.png","articleSection":["Les Bourses"],"inLanguage":"en-US"},{"@type":"Person","@id":"https:\/\/fondation-grenoble-inp.fr\/#\/schema\/person\/7c36548ebaddf05ba7a055d161ebff94","name":"Marie Dubreuil","image":{"@type":"ImageObject","@id":"https:\/\/fondation-grenoble-inp.fr\/#personlogo","inLanguage":"en-US","url":"http:\/\/0.gravatar.com\/avatar\/358eb0ab274d9479ce7c23b8a3f0a360?s=96&d=mm&r=g","contentUrl":"http:\/\/0.gravatar.com\/avatar\/358eb0ab274d9479ce7c23b8a3f0a360?s=96&d=mm&r=g","caption":"Marie Dubreuil"}}]}},"_links":{"self":[{"href":"http:\/\/fondation-grenoble-inp.fr\/en\/wp-json\/wp\/v2\/posts\/19444"}],"collection":[{"href":"http:\/\/fondation-grenoble-inp.fr\/en\/wp-json\/wp\/v2\/posts"}],"about":[{"href":"http:\/\/fondation-grenoble-inp.fr\/en\/wp-json\/wp\/v2\/types\/post"}],"author":[{"embeddable":true,"href":"http:\/\/fondation-grenoble-inp.fr\/en\/wp-json\/wp\/v2\/users\/7"}],"replies":[{"embeddable":true,"href":"http:\/\/fondation-grenoble-inp.fr\/en\/wp-json\/wp\/v2\/comments?post=19444"}],"version-history":[{"count":86,"href":"http:\/\/fondation-grenoble-inp.fr\/en\/wp-json\/wp\/v2\/posts\/19444\/revisions"}],"predecessor-version":[{"id":19614,"href":"http:\/\/fondation-grenoble-inp.fr\/en\/wp-json\/wp\/v2\/posts\/19444\/revisions\/19614"}],"wp:featuredmedia":[{"embeddable":true,"href":"http:\/\/fondation-grenoble-inp.fr\/en\/wp-json\/wp\/v2\/media\/17819"}],"wp:attachment":[{"href":"http:\/\/fondation-grenoble-inp.fr\/en\/wp-json\/wp\/v2\/media?parent=19444"}],"wp:term":[{"taxonomy":"category","embeddable":true,"href":"http:\/\/fondation-grenoble-inp.fr\/en\/wp-json\/wp\/v2\/categories?post=19444"},{"taxonomy":"post_tag","embeddable":true,"href":"http:\/\/fondation-grenoble-inp.fr\/en\/wp-json\/wp\/v2\/tags?post=19444"}],"curies":[{"name":"wp","href":"https:\/\/api.w.org\/{rel}","templated":true}]}}