{"id":23865,"date":"2026-04-29T10:08:29","date_gmt":"2026-04-29T08:08:29","guid":{"rendered":"https:\/\/fondation-grenoble-inp.fr\/?p=23865"},"modified":"2026-04-30T12:22:21","modified_gmt":"2026-04-30T10:22:21","slug":"gala-2026-de-la-fondation-grenoble-inp-la-right-tech-au-coeur-des-enjeux","status":"publish","type":"post","link":"http:\/\/fondation-grenoble-inp.fr\/en\/gala-2026-de-la-fondation-grenoble-inp-la-right-tech-au-coeur-des-enjeux\/","title":{"rendered":"Gala 2026 de la Fondation Grenoble INP\u00a0: la Right tech au c\u0153ur des enjeux"},"content":{"rendered":"<div data-elementor-type=\"wp-post\" data-elementor-id=\"23865\" data-post-id=\"23865\" data-obj-id=\"23865\" class=\"elementor elementor-23865 dce-elementor-post-23865\" data-elementor-settings=\"[]\">\n\t\t\t\t\t\t<div class=\"elementor-inner\">\n\t\t\t\t\t\t\t<div class=\"elementor-section-wrap\">\n\t\t\t\t\t\t\t<section class=\"elementor-section elementor-top-section elementor-element elementor-element-2167934 elementor-section-boxed elementor-section-height-default elementor-section-height-default\" data-id=\"2167934\" data-element_type=\"section\">\n\t\t\t\t\t\t<div class=\"elementor-container elementor-column-gap-default\">\n\t\t\t\t\t\t\t<div class=\"elementor-row\">\n\t\t\t\t\t<div class=\"elementor-column elementor-col-100 elementor-top-column elementor-element elementor-element-787cf0d\" data-id=\"787cf0d\" data-element_type=\"column\">\n\t\t\t<div class=\"elementor-column-wrap elementor-element-populated\">\n\t\t\t\t\t\t\t<div class=\"elementor-widget-wrap\">\n\t\t\t\t\t\t<div class=\"elementor-element elementor-element-847304b elementor-widget elementor-widget-text-editor\" data-id=\"847304b\" data-element_type=\"widget\" data-widget_type=\"text-editor.default\">\n\t\t\t\t<div class=\"elementor-widget-container\">\n\t\t\t\t\t\t\t\t<div class=\"elementor-text-editor elementor-clearfix\">\n\t\t\t\t<p><strong>The <a href=\"http:\/\/fondation-grenoble-inp.fr\/en\/\" target=\"_blank\" rel=\"noopener\">Grenoble INP Foundation<\/a> a mis la Right tech au centre de sa soir\u00e9e de gala 2026. L\u2019occasion de mettre en lumi\u00e8re l\u2019engagement des ing\u00e9nieurs et des chercheurs au profit d\u2019une tech juste et durable et de souligner la richesse des profils et des parcours soutenus par la Fondation. <\/strong><\/p>\t\t\t\t\t<\/div>\n\t\t\t\t\t\t<\/div>\n\t\t\t\t<\/div>\n\t\t\t\t\t\t<\/div>\n\t\t\t\t\t<\/div>\n\t\t<\/div>\n\t\t\t\t\t\t\t\t<\/div>\n\t\t\t\t\t<\/div>\n\t\t<\/section>\n\t\t\t\t<section class=\"elementor-section elementor-top-section elementor-element elementor-element-c5ee594 elementor-section-boxed elementor-section-height-default elementor-section-height-default\" data-id=\"c5ee594\" data-element_type=\"section\">\n\t\t\t\t\t\t<div class=\"elementor-container elementor-column-gap-default\">\n\t\t\t\t\t\t\t<div class=\"elementor-row\">\n\t\t\t\t\t<div class=\"elementor-column elementor-col-100 elementor-top-column elementor-element elementor-element-f1cbc31\" data-id=\"f1cbc31\" data-element_type=\"column\">\n\t\t\t<div class=\"elementor-column-wrap elementor-element-populated\">\n\t\t\t\t\t\t\t<div class=\"elementor-widget-wrap\">\n\t\t\t\t\t\t<div class=\"elementor-element elementor-element-aaddbd9 dce_masking-none elementor-widget elementor-widget-image\" data-id=\"aaddbd9\" data-element_type=\"widget\" data-widget_type=\"image.default\">\n\t\t\t\t<div class=\"elementor-widget-container\">\n\t\t\t\t\t\t\t\t<div class=\"elementor-image\">\n\t\t\t\t\t\t\t\t\t\t\t\t<img width=\"768\" height=\"531\" src=\"https:\/\/fondation-grenoble-inp.fr\/wp-content\/uploads\/2026\/04\/FONDATION-INP-GRENOBLE-GALA-2026-18-768x531.jpg\" class=\"attachment-medium_large size-medium_large\" alt=\"\" loading=\"lazy\" srcset=\"https:\/\/fondation-grenoble-inp.fr\/wp-content\/uploads\/2026\/04\/FONDATION-INP-GRENOBLE-GALA-2026-18-768x531.jpg 768w, https:\/\/fondation-grenoble-inp.fr\/wp-content\/uploads\/2026\/04\/FONDATION-INP-GRENOBLE-GALA-2026-18-300x207.jpg 300w, https:\/\/fondation-grenoble-inp.fr\/wp-content\/uploads\/2026\/04\/FONDATION-INP-GRENOBLE-GALA-2026-18-1024x708.jpg 1024w, https:\/\/fondation-grenoble-inp.fr\/wp-content\/uploads\/2026\/04\/FONDATION-INP-GRENOBLE-GALA-2026-18-18x12.jpg 18w, https:\/\/fondation-grenoble-inp.fr\/wp-content\/uploads\/2026\/04\/FONDATION-INP-GRENOBLE-GALA-2026-18.jpg 1380w\" sizes=\"(max-width: 768px) 100vw, 768px\" \/>\t\t\t\t\t\t\t\t\t\t\t\t\t\t<\/div>\n\t\t\t\t\t\t<\/div>\n\t\t\t\t<\/div>\n\t\t\t\t<div class=\"elementor-element elementor-element-6917056 elementor-widget elementor-widget-text-editor\" data-id=\"6917056\" data-element_type=\"widget\" data-widget_type=\"text-editor.default\">\n\t\t\t\t<div class=\"elementor-widget-container\">\n\t\t\t\t\t\t\t\t<div class=\"elementor-text-editor elementor-clearfix\">\n\t\t\t\t<p><em>\u00ab\u00a0Il ne suffit pas aujourd\u2019hui de d\u00e9velopper des technologies, l\u2019enjeu est aussi de savoir comment ce d\u00e9veloppement s\u2019inscrit dans une d\u00e9marche durable et \u00e9thique. Cette question de la Right tech est essentielle aujourd\u2019hui et elle est au centre du travail de la Fondation Grenoble INP\u00a0\u00bb<\/em>. En introduction de la soir\u00e9e de gala de la Fondation, qui se d\u00e9roulait le 21 avril \u00e0 l\u2019Auditorium Grenoble INP, <a href=\"http:\/\/linkedin.com\/in\/serge-autuori-17217a17\/?lipi=urn%3Ali%3Apage%3Ad_flagship3_feed%3BJ95pmGhfQ92ynnAIkSmyIA%3D%3D\" target=\"_blank\" rel=\"noopener\"><strong>Serge Autuori<\/strong><\/a>, son pr\u00e9sident, a ouvert les d\u00e9bats sur cette question qui est au c\u0153ur du travail d\u2019innovation men\u00e9 par les \u00e9quipes d\u2019ing\u00e9nieurs et de chercheurs des laboratoires de <strong><a href=\"https:\/\/www.grenoble-inp.fr\/\" target=\"_blank\" rel=\"noopener\">Grenoble INP \u2013 UGA<\/a><\/strong> et plus largement de l\u2019\u00e9cosyst\u00e8me grenoblois.<em> \u00ab Au sein de Grenoble INP, nous croyons en la Right tech et en une technologie qui soit sobre, efficace et qui soit toujours utile \u00bb<\/em>, a appuy\u00e9 <strong><a href=\"https:\/\/www.linkedin.com\/in\/vivien-qu%C3%A9ma-1975692\/\" target=\"_blank\" rel=\"noopener\">Vivien Qu\u00e9ma<\/a><\/strong>, Administrateur g\u00e9n\u00e9ral de l\u2019Institut. Pour la premi\u00e8re fois, la technopole <strong><a href=\"https:\/\/www.inovallee.com\/\" target=\"_blank\" rel=\"noopener\">Inovall\u00e9e<\/a><\/strong> \u00e9tait partenaire de la soir\u00e9e et a rappel\u00e9 son engagement sur le sujet, avec <strong><a href=\"https:\/\/www.linkedin.com\/in\/laurentmonge\/\" target=\"_blank\" rel=\"noopener\">Laurent Monge<\/a><\/strong>, son pr\u00e9sident : <em>\u00ab Il y a 20 ans, nous \u00e9tions pionnier sur la question de la RSE (responsabilit\u00e9 soci\u00e9tale des entreprises, NDLR). Cette conviction que l\u2019innovation doit \u00eatre au service de la soci\u00e9t\u00e9 et doit avoir du sens nous habite depuis longtemps \u00bb<\/em>.\u00a0<\/p>\t\t\t\t\t<\/div>\n\t\t\t\t\t\t<\/div>\n\t\t\t\t<\/div>\n\t\t\t\t\t\t<\/div>\n\t\t\t\t\t<\/div>\n\t\t<\/div>\n\t\t\t\t\t\t\t\t<\/div>\n\t\t\t\t\t<\/div>\n\t\t<\/section>\n\t\t\t\t<section class=\"elementor-section elementor-top-section elementor-element elementor-element-7ed2b01 elementor-section-boxed elementor-section-height-default elementor-section-height-default\" data-id=\"7ed2b01\" data-element_type=\"section\">\n\t\t\t\t\t\t<div class=\"elementor-container elementor-column-gap-default\">\n\t\t\t\t\t\t\t<div class=\"elementor-row\">\n\t\t\t\t\t<div class=\"elementor-column elementor-col-100 elementor-top-column elementor-element elementor-element-5a42283\" data-id=\"5a42283\" data-element_type=\"column\">\n\t\t\t<div class=\"elementor-column-wrap elementor-element-populated\">\n\t\t\t\t\t\t\t<div class=\"elementor-widget-wrap\">\n\t\t\t\t\t\t<div class=\"elementor-element elementor-element-b475666 elementor-widget elementor-widget-text-editor\" data-id=\"b475666\" data-element_type=\"widget\" data-widget_type=\"text-editor.default\">\n\t\t\t\t<div class=\"elementor-widget-container\">\n\t\t\t\t\t\t\t\t<div class=\"elementor-text-editor elementor-clearfix\">\n\t\t\t\t<h2><strong>Une \u00ab\u00a0juste technologie\u00a0\u00bb avec les \u00ab\u00a0justes talents\u00a0\u00bb<\/strong><\/h2>\t\t\t\t\t<\/div>\n\t\t\t\t\t\t<\/div>\n\t\t\t\t<\/div>\n\t\t\t\t<div class=\"elementor-element elementor-element-3cf9d5e dce_masking-none elementor-widget elementor-widget-image\" data-id=\"3cf9d5e\" data-element_type=\"widget\" data-widget_type=\"image.default\">\n\t\t\t\t<div class=\"elementor-widget-container\">\n\t\t\t\t\t\t\t\t<div class=\"elementor-image\">\n\t\t\t\t\t\t\t\t\t\t\t\t<img width=\"768\" height=\"522\" src=\"https:\/\/fondation-grenoble-inp.fr\/wp-content\/uploads\/2026\/04\/FONDATION-INP-GRENOBLE-GALA-2026-57-768x522.jpg\" class=\"attachment-medium_large size-medium_large\" alt=\"\" loading=\"lazy\" srcset=\"https:\/\/fondation-grenoble-inp.fr\/wp-content\/uploads\/2026\/04\/FONDATION-INP-GRENOBLE-GALA-2026-57-768x522.jpg 768w, https:\/\/fondation-grenoble-inp.fr\/wp-content\/uploads\/2026\/04\/FONDATION-INP-GRENOBLE-GALA-2026-57-300x204.jpg 300w, https:\/\/fondation-grenoble-inp.fr\/wp-content\/uploads\/2026\/04\/FONDATION-INP-GRENOBLE-GALA-2026-57-1024x696.jpg 1024w, https:\/\/fondation-grenoble-inp.fr\/wp-content\/uploads\/2026\/04\/FONDATION-INP-GRENOBLE-GALA-2026-57-18x12.jpg 18w, https:\/\/fondation-grenoble-inp.fr\/wp-content\/uploads\/2026\/04\/FONDATION-INP-GRENOBLE-GALA-2026-57.jpg 1380w\" sizes=\"(max-width: 768px) 100vw, 768px\" \/>\t\t\t\t\t\t\t\t\t\t\t\t\t\t<\/div>\n\t\t\t\t\t\t<\/div>\n\t\t\t\t<\/div>\n\t\t\t\t<div class=\"elementor-element elementor-element-f80a5d5 elementor-widget elementor-widget-text-editor\" data-id=\"f80a5d5\" data-element_type=\"widget\" data-widget_type=\"text-editor.default\">\n\t\t\t\t<div class=\"elementor-widget-container\">\n\t\t\t\t\t\t\t\t<div class=\"elementor-text-editor elementor-clearfix\">\n\t\t\t\t<p>Et c\u2019est justement ensemble que <strong><a href=\"https:\/\/www.grenoble-inp.fr\/\" target=\"_blank\" rel=\"noopener\">Grenoble INP \u2013 UGA<\/a><\/strong>, la <strong><a href=\"http:\/\/fondation-grenoble-inp.fr\/en\/\" target=\"_blank\" rel=\"noopener\">Grenoble INP Foundation<\/a><\/strong> and <strong><a href=\"https:\/\/www.inovallee.com\/\" target=\"_blank\" rel=\"noopener\">Inovall\u00e9e<\/a><\/strong> ont d\u00e9cid\u00e9 d\u2019avancer sur ces questions, en renfor\u00e7ant la collaboration qui les unit de longue date.<strong><a href=\"https:\/\/www.linkedin.com\/in\/ga%C3%ABlle-calvary-7341163\/\" target=\"_blank\" rel=\"noopener\"> Ga\u00eblle Calvary<\/a><\/strong>, vice-pr\u00e9sidente Innovation \u00e0 <strong><a href=\"https:\/\/www.grenoble-inp.fr\/\" target=\"_blank\" rel=\"noopener\">Grenoble INP \u2013 UGA<\/a><\/strong>, <strong><a href=\"https:\/\/www.linkedin.com\/in\/claire-chanterelle-82822110\/\" target=\"_blank\" rel=\"noopener\">Claire Chanterelle<\/a><\/strong>, directrice g\u00e9n\u00e9rale d\u2019<strong><a href=\"https:\/\/www.inovallee.com\/\" target=\"_blank\" rel=\"noopener\">Inovall\u00e9e<\/a><\/strong> and <strong><a href=\"https:\/\/www.linkedin.com\/in\/benoit-giroud-52b9555b\/\" target=\"_blank\" rel=\"noopener\">Beno\u00eet Giroud<\/a><\/strong>, directeur de la Fondation, ont appuy\u00e9 sur la n\u00e9cessit\u00e9 de s\u2019inscrire dans une \u00ab juste technologie \u00bb avec les \u00ab justes talents \u00bb. L\u2019effort est port\u00e9 collectivement pour recruter et accompagner les talents de demain, au travers des formations de <strong><a href=\"https:\/\/www.grenoble-inp.fr\/\" target=\"_blank\" rel=\"noopener\">Grenoble INP \u2013 UGA<\/a><\/strong>, mais \u00e9galement de dispositifs comme le <strong><a href=\"https:\/\/tarmac.inovallee.com\/\" target=\"_blank\" rel=\"noopener\">Tarmac<\/a><\/strong>, l\u2019incubateur de start-up d\u2019<strong><a href=\"https:\/\/www.inovallee.com\/\" target=\"_blank\" rel=\"noopener\">Inovall\u00e9e<\/a><\/strong>, ou des bourses accord\u00e9es par la <strong><a href=\"http:\/\/fondation-grenoble-inp.fr\/en\/\" target=\"_blank\" rel=\"noopener\">Grenoble INP Foundation<\/a><\/strong>, pour soutenir des profils atypiques qui peuvent ainsi r\u00e9v\u00e9ler tout leur potentiel.<\/p>\t\t\t\t\t<\/div>\n\t\t\t\t\t\t<\/div>\n\t\t\t\t<\/div>\n\t\t\t\t\t\t<\/div>\n\t\t\t\t\t<\/div>\n\t\t<\/div>\n\t\t\t\t\t\t\t\t<\/div>\n\t\t\t\t\t<\/div>\n\t\t<\/section>\n\t\t\t\t<section class=\"elementor-section elementor-top-section elementor-element elementor-element-17bbd81 elementor-section-boxed elementor-section-height-default elementor-section-height-default\" data-id=\"17bbd81\" data-element_type=\"section\">\n\t\t\t\t\t\t<div class=\"elementor-container elementor-column-gap-default\">\n\t\t\t\t\t\t\t<div class=\"elementor-row\">\n\t\t\t\t\t<div class=\"elementor-column elementor-col-100 elementor-top-column elementor-element elementor-element-3c62419\" data-id=\"3c62419\" data-element_type=\"column\">\n\t\t\t<div class=\"elementor-column-wrap elementor-element-populated\">\n\t\t\t\t\t\t\t<div class=\"elementor-widget-wrap\">\n\t\t\t\t\t\t<div class=\"elementor-element elementor-element-bdd1c37 dce_masking-none elementor-widget elementor-widget-image\" data-id=\"bdd1c37\" data-element_type=\"widget\" data-widget_type=\"image.default\">\n\t\t\t\t<div class=\"elementor-widget-container\">\n\t\t\t\t\t\t\t\t<div class=\"elementor-image\">\n\t\t\t\t\t\t\t\t\t\t\t\t<img width=\"768\" height=\"512\" src=\"https:\/\/fondation-grenoble-inp.fr\/wp-content\/uploads\/2026\/04\/FONDATION-INP-GRENOBLE-GALA-2026-62-768x512.jpg\" class=\"attachment-medium_large size-medium_large\" alt=\"\" loading=\"lazy\" srcset=\"https:\/\/fondation-grenoble-inp.fr\/wp-content\/uploads\/2026\/04\/FONDATION-INP-GRENOBLE-GALA-2026-62-768x512.jpg 768w, https:\/\/fondation-grenoble-inp.fr\/wp-content\/uploads\/2026\/04\/FONDATION-INP-GRENOBLE-GALA-2026-62-300x200.jpg 300w, https:\/\/fondation-grenoble-inp.fr\/wp-content\/uploads\/2026\/04\/FONDATION-INP-GRENOBLE-GALA-2026-62-1024x683.jpg 1024w, https:\/\/fondation-grenoble-inp.fr\/wp-content\/uploads\/2026\/04\/FONDATION-INP-GRENOBLE-GALA-2026-62-18x12.jpg 18w, https:\/\/fondation-grenoble-inp.fr\/wp-content\/uploads\/2026\/04\/FONDATION-INP-GRENOBLE-GALA-2026-62.jpg 1380w\" sizes=\"(max-width: 768px) 100vw, 768px\" \/>\t\t\t\t\t\t\t\t\t\t\t\t\t\t<\/div>\n\t\t\t\t\t\t<\/div>\n\t\t\t\t<\/div>\n\t\t\t\t<div class=\"elementor-element elementor-element-b930a07 elementor-widget elementor-widget-text-editor\" data-id=\"b930a07\" data-element_type=\"widget\" data-widget_type=\"text-editor.default\">\n\t\t\t\t<div class=\"elementor-widget-container\">\n\t\t\t\t\t\t\t\t<div class=\"elementor-text-editor elementor-clearfix\">\n\t\t\t\t<p>La soir\u00e9e a \u00e9galement \u00e9t\u00e9 l\u2019occasion de d\u00e9couvrir des parcours engag\u00e9s, comme celui de <strong><a href=\"https:\/\/www.linkedin.com\/in\/gwenaellebailly\/\" target=\"_blank\" rel=\"noopener\">Gwena\u00eblle Bailly<\/a><\/strong>, dipl\u00f4m\u00e9e de <strong><a href=\"https:\/\/phelma.grenoble-inp.fr\/\" target=\"_blank\" rel=\"noopener\">Grenoble INP \u2013 Phelma<\/a><\/strong>, business angel et advisor et co-fondatrice de <strong><a href=\"https:\/\/www.girls-tech.co\/\" target=\"_blank\" rel=\"noopener\">Girls &amp; Tech<\/a><\/strong>. La jeune femme cherche aujourd\u2019hui \u00e0 mettre en lumi\u00e8re les difficult\u00e9s rencontr\u00e9es par les femmes dans le secteur de la tech et notamment concernant les lev\u00e9es de fonds. <em>\u00ab\u00a0Beaucoup de femmes sont aujourd\u2019hui confront\u00e9es \u00e0 cette situation et choisissent de partir aux US pour poursuivre leur projet, a-t-elle insist\u00e9. Nous perdons des talents\u00a0!\u00a0\u00bb<\/em><\/p>\t\t\t\t\t<\/div>\n\t\t\t\t\t\t<\/div>\n\t\t\t\t<\/div>\n\t\t\t\t\t\t<\/div>\n\t\t\t\t\t<\/div>\n\t\t<\/div>\n\t\t\t\t\t\t\t\t<\/div>\n\t\t\t\t\t<\/div>\n\t\t<\/section>\n\t\t\t\t<section class=\"elementor-section elementor-top-section elementor-element elementor-element-b4a2c09 elementor-section-boxed elementor-section-height-default elementor-section-height-default\" data-id=\"b4a2c09\" data-element_type=\"section\">\n\t\t\t\t\t\t<div class=\"elementor-container elementor-column-gap-default\">\n\t\t\t\t\t\t\t<div class=\"elementor-row\">\n\t\t\t\t\t<div class=\"elementor-column elementor-col-100 elementor-top-column elementor-element elementor-element-07991e0\" data-id=\"07991e0\" data-element_type=\"column\">\n\t\t\t<div class=\"elementor-column-wrap elementor-element-populated\">\n\t\t\t\t\t\t\t<div class=\"elementor-widget-wrap\">\n\t\t\t\t\t\t<div class=\"elementor-element elementor-element-6a940dd elementor-widget elementor-widget-text-editor\" data-id=\"6a940dd\" data-element_type=\"widget\" data-widget_type=\"text-editor.default\">\n\t\t\t\t<div class=\"elementor-widget-container\">\n\t\t\t\t\t\t\t\t<div class=\"elementor-text-editor elementor-clearfix\">\n\t\t\t\t<h2><strong>Responsabilit\u00e9 et inclusion<\/strong><\/h2>\t\t\t\t\t<\/div>\n\t\t\t\t\t\t<\/div>\n\t\t\t\t<\/div>\n\t\t\t\t<div class=\"elementor-element elementor-element-a3ef958 dce_masking-none elementor-widget elementor-widget-image\" data-id=\"a3ef958\" data-element_type=\"widget\" data-widget_type=\"image.default\">\n\t\t\t\t<div class=\"elementor-widget-container\">\n\t\t\t\t\t\t\t\t<div class=\"elementor-image\">\n\t\t\t\t\t\t\t\t\t\t\t\t<img width=\"768\" height=\"481\" src=\"https:\/\/fondation-grenoble-inp.fr\/wp-content\/uploads\/2026\/04\/FONDATION-INP-GRENOBLE-GALA-2026-95-768x481.jpg\" class=\"attachment-medium_large size-medium_large\" alt=\"\" loading=\"lazy\" srcset=\"https:\/\/fondation-grenoble-inp.fr\/wp-content\/uploads\/2026\/04\/FONDATION-INP-GRENOBLE-GALA-2026-95-768x481.jpg 768w, https:\/\/fondation-grenoble-inp.fr\/wp-content\/uploads\/2026\/04\/FONDATION-INP-GRENOBLE-GALA-2026-95-300x188.jpg 300w, https:\/\/fondation-grenoble-inp.fr\/wp-content\/uploads\/2026\/04\/FONDATION-INP-GRENOBLE-GALA-2026-95-1024x642.jpg 1024w, https:\/\/fondation-grenoble-inp.fr\/wp-content\/uploads\/2026\/04\/FONDATION-INP-GRENOBLE-GALA-2026-95-18x12.jpg 18w, https:\/\/fondation-grenoble-inp.fr\/wp-content\/uploads\/2026\/04\/FONDATION-INP-GRENOBLE-GALA-2026-95.jpg 1380w\" sizes=\"(max-width: 768px) 100vw, 768px\" \/>\t\t\t\t\t\t\t\t\t\t\t\t\t\t<\/div>\n\t\t\t\t\t\t<\/div>\n\t\t\t\t<\/div>\n\t\t\t\t<div class=\"elementor-element elementor-element-c1dd791 elementor-widget elementor-widget-text-editor\" data-id=\"c1dd791\" data-element_type=\"widget\" data-widget_type=\"text-editor.default\">\n\t\t\t\t<div class=\"elementor-widget-container\">\n\t\t\t\t\t\t\t\t<div class=\"elementor-text-editor elementor-clearfix\">\n\t\t\t\t<p>Et si la right tech suppose une r\u00e9flexion sur les questions de sobri\u00e9t\u00e9 et d\u2019utilit\u00e9, elle sugg\u00e8re \u00e9galement de s\u2019interroger sur l\u2019inclusion et l\u2019accessibilit\u00e9 de ces m\u00e9tiers. <strong><a href=\"https:\/\/www.linkedin.com\/in\/anthonybabkine\/\" target=\"_blank\" rel=\"noopener\">Anthony Babkine<\/a><\/strong>, entrepreneur social engag\u00e9 dans l\u2019\u00e9galit\u00e9 des chances dans la tech, et <strong><a href=\"https:\/\/www.lesbelleslettres.com\/contributeur\/vincent-bontems\" target=\"_blank\" rel=\"noopener\">Vincent Bontems<\/a><\/strong>, philosophe des sciences et des techniques et chercheur au <strong><a href=\"https:\/\/www.cea.fr\/paris-saclay\/Pages\/Accueil.aspx\" target=\"_blank\" rel=\"noopener\">CEA Saclay<\/a><\/strong>, ont ainsi crois\u00e9 leurs visions sur la question du progr\u00e8s technologique, de la responsabilit\u00e9 et de l\u2019inclusion. Ils se sont notamment questionn\u00e9s sur l\u2019IA et son d\u00e9veloppement. <em>\u00ab\u00a0Il existe quatre risques syst\u00e9miques actuellement avec l\u2019IA<\/em>, a d\u00e9taill\u00e9 <strong><a href=\"https:\/\/www.lesbelleslettres.com\/contributeur\/vincent-bontems\" target=\"_blank\" rel=\"noopener\">Vincent Bontemps<\/a><\/strong><em>. Le premier est un risque \u00e9conomique, car il s\u2019agit d\u2019une technologie qui co\u00fbte cher mais qui n\u2019a pour le moment pas cr\u00e9\u00e9 un centime de valeur. Le second est un risque social, avec les effets que l\u2019on voit d\u00e9j\u00e0 et qui touchent les m\u00e9tiers intellectuels. Le troisi\u00e8me risque concerne la souverainet\u00e9. Il y a, enfin, un risque \u00e9cologique, en raison de l\u2019empreinte d\u00e9mentielle qu\u2019elle g\u00e9n\u00e8re. L\u2019IA est notre alli\u00e9e pour r\u00e9soudre des syst\u00e8mes complexes et elle doit \u00eatre utilis\u00e9e dans ce but\u00a0\u00bb<\/em>. Face aux transformations profondes engendr\u00e9es par l\u2019IA, l\u2019enjeu est \u00e9galement de permettre aux plus jeunes de se projeter dans l\u2019avenir\u00a0: <em>\u00ab\u00a0Nous avons besoin de dire \u00e0 nos jeunes quels seront les m\u00e9tiers d\u2019avenir, de quelles comp\u00e9tences nous aurons besoin demain et de quoi sera fait le march\u00e9 du travail. Il faut ouvrir le champ des possibles\u00a0\u00bb<\/em>, a appuy\u00e9 <strong><a href=\"https:\/\/www.linkedin.com\/in\/anthonybabkine\/\" target=\"_blank\" rel=\"noopener\">Anthony Babkine<\/a><\/strong>.<\/p>\t\t\t\t\t<\/div>\n\t\t\t\t\t\t<\/div>\n\t\t\t\t<\/div>\n\t\t\t\t\t\t<\/div>\n\t\t\t\t\t<\/div>\n\t\t<\/div>\n\t\t\t\t\t\t\t\t<\/div>\n\t\t\t\t\t<\/div>\n\t\t<\/section>\n\t\t\t\t<section class=\"elementor-section elementor-top-section elementor-element elementor-element-1bd6fb4 elementor-section-boxed elementor-section-height-default elementor-section-height-default\" data-id=\"1bd6fb4\" data-element_type=\"section\">\n\t\t\t\t\t\t<div class=\"elementor-container elementor-column-gap-default\">\n\t\t\t\t\t\t\t<div class=\"elementor-row\">\n\t\t\t\t\t<div class=\"elementor-column elementor-col-100 elementor-top-column elementor-element elementor-element-4dcd57b\" data-id=\"4dcd57b\" data-element_type=\"column\">\n\t\t\t<div class=\"elementor-column-wrap elementor-element-populated\">\n\t\t\t\t\t\t\t<div class=\"elementor-widget-wrap\">\n\t\t\t\t\t\t<div class=\"elementor-element elementor-element-ab38264 elementor-widget elementor-widget-text-editor\" data-id=\"ab38264\" data-element_type=\"widget\" data-widget_type=\"text-editor.default\">\n\t\t\t\t<div class=\"elementor-widget-container\">\n\t\t\t\t\t\t\t\t<div class=\"elementor-text-editor elementor-clearfix\">\n\t\t\t\t<h2><strong>Parcours inspirants<\/strong><\/h2>\t\t\t\t\t<\/div>\n\t\t\t\t\t\t<\/div>\n\t\t\t\t<\/div>\n\t\t\t\t\t\t<\/div>\n\t\t\t\t\t<\/div>\n\t\t<\/div>\n\t\t\t\t\t\t\t\t<\/div>\n\t\t\t\t\t<\/div>\n\t\t<\/section>\n\t\t\t\t<section class=\"elementor-section elementor-top-section elementor-element elementor-element-8247bf2 elementor-section-boxed elementor-section-height-default elementor-section-height-default\" data-id=\"8247bf2\" data-element_type=\"section\">\n\t\t\t\t\t\t<div class=\"elementor-container elementor-column-gap-default\">\n\t\t\t\t\t\t\t<div class=\"elementor-row\">\n\t\t\t\t\t<div class=\"elementor-column elementor-col-100 elementor-top-column elementor-element elementor-element-a03e556\" data-id=\"a03e556\" data-element_type=\"column\">\n\t\t\t<div class=\"elementor-column-wrap elementor-element-populated\">\n\t\t\t\t\t\t\t<div class=\"elementor-widget-wrap\">\n\t\t\t\t\t\t<div class=\"elementor-element elementor-element-5cfac4e dce_masking-none elementor-widget elementor-widget-image\" data-id=\"5cfac4e\" data-element_type=\"widget\" data-widget_type=\"image.default\">\n\t\t\t\t<div class=\"elementor-widget-container\">\n\t\t\t\t\t\t\t\t<div class=\"elementor-image\">\n\t\t\t\t\t\t\t\t\t\t\t\t<img width=\"768\" height=\"512\" src=\"https:\/\/fondation-grenoble-inp.fr\/wp-content\/uploads\/2026\/04\/FONDATION-INP-GRENOBLE-GALA-2026-106-768x512.jpg\" class=\"attachment-medium_large size-medium_large\" alt=\"\" loading=\"lazy\" srcset=\"https:\/\/fondation-grenoble-inp.fr\/wp-content\/uploads\/2026\/04\/FONDATION-INP-GRENOBLE-GALA-2026-106-768x512.jpg 768w, https:\/\/fondation-grenoble-inp.fr\/wp-content\/uploads\/2026\/04\/FONDATION-INP-GRENOBLE-GALA-2026-106-300x200.jpg 300w, https:\/\/fondation-grenoble-inp.fr\/wp-content\/uploads\/2026\/04\/FONDATION-INP-GRENOBLE-GALA-2026-106-1024x683.jpg 1024w, https:\/\/fondation-grenoble-inp.fr\/wp-content\/uploads\/2026\/04\/FONDATION-INP-GRENOBLE-GALA-2026-106-18x12.jpg 18w, https:\/\/fondation-grenoble-inp.fr\/wp-content\/uploads\/2026\/04\/FONDATION-INP-GRENOBLE-GALA-2026-106.jpg 1380w\" sizes=\"(max-width: 768px) 100vw, 768px\" \/>\t\t\t\t\t\t\t\t\t\t\t\t\t\t<\/div>\n\t\t\t\t\t\t<\/div>\n\t\t\t\t<\/div>\n\t\t\t\t<div class=\"elementor-element elementor-element-c453ab6 elementor-widget elementor-widget-text-editor\" data-id=\"c453ab6\" data-element_type=\"widget\" data-widget_type=\"text-editor.default\">\n\t\t\t\t<div class=\"elementor-widget-container\">\n\t\t\t\t\t\t\t\t<div class=\"elementor-text-editor elementor-clearfix\">\n\t\t\t\t<p>T\u00e9moignant de la richesse des parcours et des projets soutenus par la <strong><a href=\"http:\/\/fondation-grenoble-inp.fr\/en\/\" target=\"_blank\" rel=\"noopener\">Grenoble INP Foundation<\/a><\/strong>, des \u00e9tudiants de l\u2019\u00e9quipe <strong><a href=\"http:\/\/fondation-grenoble-inp.fr\/en\/une-medaille-dargent-pour-lequipe-grenobloise-au-concours-mondial-igem-2025\/\" target=\"_blank\" rel=\"noopener\">iGEM Grenoble 2025<\/a><\/strong>, un concours de biotechnologie, ont pr\u00e9sent\u00e9 leurs travaux portant sur le diagnostic pr\u00e9coce du cancer du pancr\u00e9as. Dans le cadre de ce projet ExoSPY, ils ont remport\u00e9 la m\u00e9daille d\u2019argent du MIT <strong><a href=\"https:\/\/igem.org\/\" target=\"_blank\" rel=\"noopener\">iGEM<\/a><\/strong>. La<strong><a href=\"http:\/\/fondation-grenoble-inp.fr\/en\/nos-actions\/cellulose-valley\/\" target=\"_blank\" rel=\"noopener\"> chaire Cellulose Valley<\/a><\/strong>, port\u00e9e par la Fondation, renouvel\u00e9e pour 5 ans et qui travaille \u00e0 la conception d\u2019emballages durables, a \u00e9galement pu mettre en lumi\u00e8re ses travaux, tout comme l\u2019entreprise <strong><a href=\"https:\/\/protealpes.com\/\" target=\"_blank\" rel=\"noopener\">Prot\u00e9alpes<\/a><\/strong>, qui d\u00e9veloppe des produits de nutrition sportive, en s\u2019appuyant sur des technologies de sourcing de mati\u00e8res premi\u00e8res.<\/p>\t\t\t\t\t<\/div>\n\t\t\t\t\t\t<\/div>\n\t\t\t\t<\/div>\n\t\t\t\t\t\t<\/div>\n\t\t\t\t\t<\/div>\n\t\t<\/div>\n\t\t\t\t\t\t\t\t<\/div>\n\t\t\t\t\t<\/div>\n\t\t<\/section>\n\t\t\t\t<section class=\"elementor-section elementor-top-section elementor-element elementor-element-98671ce elementor-section-boxed elementor-section-height-default elementor-section-height-default\" data-id=\"98671ce\" data-element_type=\"section\">\n\t\t\t\t\t\t<div class=\"elementor-container elementor-column-gap-default\">\n\t\t\t\t\t\t\t<div class=\"elementor-row\">\n\t\t\t\t\t<div class=\"elementor-column elementor-col-100 elementor-top-column elementor-element elementor-element-39c1685\" data-id=\"39c1685\" data-element_type=\"column\">\n\t\t\t<div class=\"elementor-column-wrap elementor-element-populated\">\n\t\t\t\t\t\t\t<div class=\"elementor-widget-wrap\">\n\t\t\t\t\t\t<div class=\"elementor-element elementor-element-994b8fa elementor-widget elementor-widget-text-editor\" data-id=\"994b8fa\" data-element_type=\"widget\" data-widget_type=\"text-editor.default\">\n\t\t\t\t<div class=\"elementor-widget-container\">\n\t\t\t\t\t\t\t\t<div class=\"elementor-text-editor elementor-clearfix\">\n\t\t\t\t<h2><strong>Des sportifs de haut niveau aux couleurs de la Fondation<\/strong><\/h2>\t\t\t\t\t<\/div>\n\t\t\t\t\t\t<\/div>\n\t\t\t\t<\/div>\n\t\t\t\t<div class=\"elementor-element elementor-element-6398ae4 dce_masking-none elementor-widget elementor-widget-image\" data-id=\"6398ae4\" data-element_type=\"widget\" data-widget_type=\"image.default\">\n\t\t\t\t<div class=\"elementor-widget-container\">\n\t\t\t\t\t\t\t\t<div class=\"elementor-image\">\n\t\t\t\t\t\t\t\t\t\t\t\t<img width=\"768\" height=\"512\" src=\"https:\/\/fondation-grenoble-inp.fr\/wp-content\/uploads\/2026\/04\/FONDATION-INP-GRENOBLE-GALA-2026-161-768x512.jpg\" class=\"attachment-medium_large size-medium_large\" alt=\"\" loading=\"lazy\" srcset=\"https:\/\/fondation-grenoble-inp.fr\/wp-content\/uploads\/2026\/04\/FONDATION-INP-GRENOBLE-GALA-2026-161-768x512.jpg 768w, https:\/\/fondation-grenoble-inp.fr\/wp-content\/uploads\/2026\/04\/FONDATION-INP-GRENOBLE-GALA-2026-161-300x200.jpg 300w, https:\/\/fondation-grenoble-inp.fr\/wp-content\/uploads\/2026\/04\/FONDATION-INP-GRENOBLE-GALA-2026-161-1024x683.jpg 1024w, https:\/\/fondation-grenoble-inp.fr\/wp-content\/uploads\/2026\/04\/FONDATION-INP-GRENOBLE-GALA-2026-161-18x12.jpg 18w, https:\/\/fondation-grenoble-inp.fr\/wp-content\/uploads\/2026\/04\/FONDATION-INP-GRENOBLE-GALA-2026-161.jpg 1380w\" sizes=\"(max-width: 768px) 100vw, 768px\" \/>\t\t\t\t\t\t\t\t\t\t\t\t\t\t<\/div>\n\t\t\t\t\t\t<\/div>\n\t\t\t\t<\/div>\n\t\t\t\t<div class=\"elementor-element elementor-element-d48b202 elementor-widget elementor-widget-text-editor\" data-id=\"d48b202\" data-element_type=\"widget\" data-widget_type=\"text-editor.default\">\n\t\t\t\t<div class=\"elementor-widget-container\">\n\t\t\t\t\t\t\t\t<div class=\"elementor-text-editor elementor-clearfix\">\n\t\t\t\t<p>Tous ont re\u00e7u un prix OsezlAvenir remis par <strong><a href=\"https:\/\/www.linkedin.com\/in\/murielle-brachotte-50359951\/\" target=\"_blank\" rel=\"noopener\">Murielle Brachotte<\/a><\/strong>, directrice-adjointe de la <strong><a href=\"http:\/\/fondation-grenoble-inp.fr\/en\/\" target=\"_blank\" rel=\"noopener\">Grenoble INP Foundation<\/a><\/strong>, qui a \u00e9galement r\u00e9compens\u00e9 <strong><a href=\"https:\/\/www.linkedin.com\/in\/victor-lovera-6a7ba4209\/\" target=\"_blank\" rel=\"noopener\">Victor Lovera<\/a><\/strong>, <strong><a href=\"http:\/\/linkedin.com\/in\/jules-chervet-2b90582a2\/?lipi=urn%3Ali%3Apage%3Ad_flagship3_profile_view_base%3BXi7hup7%2FQEqgqQ8Dyc8sOQ%3D%3D\" target=\"_blank\" rel=\"noopener\">Jules Chervet<\/a><\/strong> and <strong><a href=\"https:\/\/www.linkedin.com\/in\/paul-jenft-504659302\/\" target=\"_blank\" rel=\"noopener\">Paul Jenft<\/a><\/strong>, sportifs de haut niveau et \u00e9tudiants au sein de <strong><a href=\"https:\/\/www.grenoble-inp.fr\/\" target=\"_blank\" rel=\"noopener\">Grenoble INP<\/a><\/strong>. Ils ont appuy\u00e9 sur l\u2019importance du soutien de la Fondation dans leur parcours, \u00e0 l\u2019image de <strong><a href=\"https:\/\/www.linkedin.com\/in\/paul-jenft-504659302\/\" target=\"_blank\" rel=\"noopener\">Paul Jenft<\/a><\/strong> : <em>\u00ab La Fondation nous apporte un r\u00e9seau, une connexion au monde professionnel et un soutien financier qui est essentiel, mais c\u2019est aussi une fiert\u00e9 de porter ses couleurs en comp\u00e9tition. C\u2019est un moyen de faire passer un message et de dire qu\u2019on peut \u00eatre sportif, mais qu\u2019on peut \u00e9galement suivre des \u00e9tudes. C\u2019est ce qui donne du sens \u00e0 ma pratique \u00bb<\/em>. \u00a0\u00a0<\/p>\t\t\t\t\t<\/div>\n\t\t\t\t\t\t<\/div>\n\t\t\t\t<\/div>\n\t\t\t\t\t\t<\/div>\n\t\t\t\t\t<\/div>\n\t\t<\/div>\n\t\t\t\t\t\t\t\t<\/div>\n\t\t\t\t\t<\/div>\n\t\t<\/section>\n\t\t\t\t<section class=\"elementor-section elementor-top-section elementor-element elementor-element-4bb9d98 elementor-section-boxed elementor-section-height-default elementor-section-height-default\" data-id=\"4bb9d98\" data-element_type=\"section\">\n\t\t\t\t\t\t<div class=\"elementor-container elementor-column-gap-default\">\n\t\t\t\t\t\t\t<div class=\"elementor-row\">\n\t\t\t\t\t<div class=\"elementor-column elementor-col-100 elementor-top-column elementor-element elementor-element-b028052\" data-id=\"b028052\" data-element_type=\"column\">\n\t\t\t<div class=\"elementor-column-wrap elementor-element-populated\">\n\t\t\t\t\t\t\t<div class=\"elementor-widget-wrap\">\n\t\t\t\t\t\t<div class=\"elementor-element elementor-element-1d448a9 elementor-widget elementor-widget-text-editor\" data-id=\"1d448a9\" data-element_type=\"widget\" data-widget_type=\"text-editor.default\">\n\t\t\t\t<div class=\"elementor-widget-container\">\n\t\t\t\t\t\t\t\t<div class=\"elementor-text-editor elementor-clearfix\">\n\t\t\t\t<h2>Revivez les 15 ans de la Fondation Grenoble INP<\/h2>\t\t\t\t\t<\/div>\n\t\t\t\t\t\t<\/div>\n\t\t\t\t<\/div>\n\t\t\t\t<div class=\"elementor-element elementor-element-775b43f elementor-widget elementor-widget-text-editor\" data-id=\"775b43f\" data-element_type=\"widget\" data-widget_type=\"text-editor.default\">\n\t\t\t\t<div class=\"elementor-widget-container\">\n\t\t\t\t\t\t\t\t<div class=\"elementor-text-editor elementor-clearfix\">\n\t\t\t\t<p><strong>Photos de la soir\u00e9e<\/strong><\/p>\t\t\t\t\t<\/div>\n\t\t\t\t\t\t<\/div>\n\t\t\t\t<\/div>\n\t\t\t\t<div class=\"elementor-element elementor-element-a11ef09 elementor-widget elementor-widget-text-editor\" data-id=\"a11ef09\" data-element_type=\"widget\" data-widget_type=\"text-editor.default\">\n\t\t\t\t<div class=\"elementor-widget-container\">\n\t\t\t\t\t\t\t\t<div class=\"elementor-text-editor elementor-clearfix\">\n\t\t\t\t<p><b>\u00a9<\/b>\u00a0Fondation Grenoble INP \u2013\u00a0<strong><a href=\"https:\/\/pierrejayet.com\/photos-entreprises-grenoble\" target=\"_blank\" rel=\"noopener\">Pierre Jayet<\/a><\/strong><\/p>\t\t\t\t\t<\/div>\n\t\t\t\t\t\t<\/div>\n\t\t\t\t<\/div>\n\t\t\t\t\t\t<\/div>\n\t\t\t\t\t<\/div>\n\t\t<\/div>\n\t\t\t\t\t\t\t\t<\/div>\n\t\t\t\t\t<\/div>\n\t\t<\/section>\n\t\t\t\t<section class=\"elementor-section elementor-top-section elementor-element elementor-element-07b12e8 elementor-section-boxed elementor-section-height-default elementor-section-height-default\" data-id=\"07b12e8\" data-element_type=\"section\">\n\t\t\t\t\t\t<div class=\"elementor-container elementor-column-gap-default\">\n\t\t\t\t\t\t\t<div class=\"elementor-row\">\n\t\t\t\t\t<div class=\"elementor-column elementor-col-100 elementor-top-column elementor-element elementor-element-29138b4\" data-id=\"29138b4\" data-element_type=\"column\">\n\t\t\t<div class=\"elementor-column-wrap elementor-element-populated\">\n\t\t\t\t\t\t\t<div class=\"elementor-widget-wrap\">\n\t\t\t\t\t\t<div class=\"elementor-element elementor-element-f019680 elementor-widget elementor-widget-image-gallery\" data-id=\"f019680\" data-element_type=\"widget\" data-widget_type=\"image-gallery.default\">\n\t\t\t\t<div class=\"elementor-widget-container\">\n\t\t\t\t\t<div class=\"elementor-image-gallery\">\n\t\t\t<div id='gallery-1' class='gallery galleryid-23865 gallery-columns-8 gallery-size-thumbnail'><figure class='gallery-item'>\n\t\t\t<div class='gallery-icon landscape'>\n\t\t\t\t<a data-elementor-open-lightbox=\"yes\" data-elementor-lightbox-slideshow=\"f019680\" data-elementor-lightbox-title=\"FONDATION INP GRENOBLE GALA 2026 1\" href='https:\/\/fondation-grenoble-inp.fr\/wp-content\/uploads\/2026\/04\/FONDATION-INP-GRENOBLE-GALA-2026-1.jpg'><img width=\"150\" height=\"150\" src=\"https:\/\/fondation-grenoble-inp.fr\/wp-content\/uploads\/2026\/04\/FONDATION-INP-GRENOBLE-GALA-2026-1-150x150.jpg\" class=\"attachment-thumbnail size-thumbnail\" alt=\"\" loading=\"lazy\" \/><\/a>\n\t\t\t<\/div><\/figure><figure class='gallery-item'>\n\t\t\t<div class='gallery-icon landscape'>\n\t\t\t\t<a data-elementor-open-lightbox=\"yes\" data-elementor-lightbox-slideshow=\"f019680\" data-elementor-lightbox-title=\"FONDATION INP GRENOBLE GALA 2026 2\" href='https:\/\/fondation-grenoble-inp.fr\/wp-content\/uploads\/2026\/04\/FONDATION-INP-GRENOBLE-GALA-2026-2.jpg'><img width=\"150\" height=\"150\" src=\"https:\/\/fondation-grenoble-inp.fr\/wp-content\/uploads\/2026\/04\/FONDATION-INP-GRENOBLE-GALA-2026-2-150x150.jpg\" class=\"attachment-thumbnail size-thumbnail\" alt=\"\" loading=\"lazy\" \/><\/a>\n\t\t\t<\/div><\/figure><figure class='gallery-item'>\n\t\t\t<div class='gallery-icon landscape'>\n\t\t\t\t<a data-elementor-open-lightbox=\"yes\" data-elementor-lightbox-slideshow=\"f019680\" data-elementor-lightbox-title=\"FONDATION INP GRENOBLE GALA 2026 5\" href='https:\/\/fondation-grenoble-inp.fr\/wp-content\/uploads\/2026\/04\/FONDATION-INP-GRENOBLE-GALA-2026-5.jpg'><img width=\"150\" height=\"150\" src=\"https:\/\/fondation-grenoble-inp.fr\/wp-content\/uploads\/2026\/04\/FONDATION-INP-GRENOBLE-GALA-2026-5-150x150.jpg\" class=\"attachment-thumbnail size-thumbnail\" alt=\"\" loading=\"lazy\" \/><\/a>\n\t\t\t<\/div><\/figure><figure class='gallery-item'>\n\t\t\t<div class='gallery-icon landscape'>\n\t\t\t\t<a data-elementor-open-lightbox=\"yes\" data-elementor-lightbox-slideshow=\"f019680\" data-elementor-lightbox-title=\"FONDATION INP GRENOBLE GALA 2026 7\" href='https:\/\/fondation-grenoble-inp.fr\/wp-content\/uploads\/2026\/04\/FONDATION-INP-GRENOBLE-GALA-2026-7.jpg'><img width=\"150\" height=\"150\" src=\"https:\/\/fondation-grenoble-inp.fr\/wp-content\/uploads\/2026\/04\/FONDATION-INP-GRENOBLE-GALA-2026-7-150x150.jpg\" class=\"attachment-thumbnail size-thumbnail\" alt=\"\" loading=\"lazy\" \/><\/a>\n\t\t\t<\/div><\/figure><figure class='gallery-item'>\n\t\t\t<div class='gallery-icon landscape'>\n\t\t\t\t<a data-elementor-open-lightbox=\"yes\" data-elementor-lightbox-slideshow=\"f019680\" data-elementor-lightbox-title=\"FONDATION INP GRENOBLE GALA 2026 6\" href='https:\/\/fondation-grenoble-inp.fr\/wp-content\/uploads\/2026\/04\/FONDATION-INP-GRENOBLE-GALA-2026-6.jpg'><img width=\"150\" height=\"150\" src=\"https:\/\/fondation-grenoble-inp.fr\/wp-content\/uploads\/2026\/04\/FONDATION-INP-GRENOBLE-GALA-2026-6-150x150.jpg\" class=\"attachment-thumbnail size-thumbnail\" alt=\"\" loading=\"lazy\" \/><\/a>\n\t\t\t<\/div><\/figure><figure class='gallery-item'>\n\t\t\t<div class='gallery-icon landscape'>\n\t\t\t\t<a data-elementor-open-lightbox=\"yes\" data-elementor-lightbox-slideshow=\"f019680\" data-elementor-lightbox-title=\"FONDATION INP GRENOBLE GALA 2026 8\" href='https:\/\/fondation-grenoble-inp.fr\/wp-content\/uploads\/2026\/04\/FONDATION-INP-GRENOBLE-GALA-2026-8.jpg'><img width=\"150\" height=\"150\" src=\"https:\/\/fondation-grenoble-inp.fr\/wp-content\/uploads\/2026\/04\/FONDATION-INP-GRENOBLE-GALA-2026-8-150x150.jpg\" class=\"attachment-thumbnail size-thumbnail\" alt=\"\" loading=\"lazy\" \/><\/a>\n\t\t\t<\/div><\/figure><figure class='gallery-item'>\n\t\t\t<div class='gallery-icon landscape'>\n\t\t\t\t<a data-elementor-open-lightbox=\"yes\" data-elementor-lightbox-slideshow=\"f019680\" data-elementor-lightbox-title=\"FONDATION INP GRENOBLE GALA 2026 10\" href='https:\/\/fondation-grenoble-inp.fr\/wp-content\/uploads\/2026\/04\/FONDATION-INP-GRENOBLE-GALA-2026-10.jpg'><img width=\"150\" height=\"150\" src=\"https:\/\/fondation-grenoble-inp.fr\/wp-content\/uploads\/2026\/04\/FONDATION-INP-GRENOBLE-GALA-2026-10-150x150.jpg\" class=\"attachment-thumbnail size-thumbnail\" alt=\"\" loading=\"lazy\" \/><\/a>\n\t\t\t<\/div><\/figure><figure class='gallery-item'>\n\t\t\t<div class='gallery-icon landscape'>\n\t\t\t\t<a data-elementor-open-lightbox=\"yes\" data-elementor-lightbox-slideshow=\"f019680\" data-elementor-lightbox-title=\"FONDATION INP GRENOBLE GALA 2026 11\" href='https:\/\/fondation-grenoble-inp.fr\/wp-content\/uploads\/2026\/04\/FONDATION-INP-GRENOBLE-GALA-2026-11.jpg'><img width=\"150\" height=\"150\" src=\"https:\/\/fondation-grenoble-inp.fr\/wp-content\/uploads\/2026\/04\/FONDATION-INP-GRENOBLE-GALA-2026-11-150x150.jpg\" class=\"attachment-thumbnail size-thumbnail\" alt=\"\" loading=\"lazy\" \/><\/a>\n\t\t\t<\/div><\/figure><figure class='gallery-item'>\n\t\t\t<div class='gallery-icon landscape'>\n\t\t\t\t<a data-elementor-open-lightbox=\"yes\" data-elementor-lightbox-slideshow=\"f019680\" data-elementor-lightbox-title=\"FONDATION INP GRENOBLE GALA 2026 12\" href='https:\/\/fondation-grenoble-inp.fr\/wp-content\/uploads\/2026\/04\/FONDATION-INP-GRENOBLE-GALA-2026-12.jpg'><img width=\"150\" height=\"150\" src=\"https:\/\/fondation-grenoble-inp.fr\/wp-content\/uploads\/2026\/04\/FONDATION-INP-GRENOBLE-GALA-2026-12-150x150.jpg\" class=\"attachment-thumbnail size-thumbnail\" alt=\"\" loading=\"lazy\" \/><\/a>\n\t\t\t<\/div><\/figure><figure class='gallery-item'>\n\t\t\t<div class='gallery-icon landscape'>\n\t\t\t\t<a data-elementor-open-lightbox=\"yes\" data-elementor-lightbox-slideshow=\"f019680\" data-elementor-lightbox-title=\"FONDATION INP GRENOBLE GALA 2026 13\" href='https:\/\/fondation-grenoble-inp.fr\/wp-content\/uploads\/2026\/04\/FONDATION-INP-GRENOBLE-GALA-2026-13.jpg'><img width=\"150\" height=\"150\" src=\"https:\/\/fondation-grenoble-inp.fr\/wp-content\/uploads\/2026\/04\/FONDATION-INP-GRENOBLE-GALA-2026-13-150x150.jpg\" class=\"attachment-thumbnail size-thumbnail\" alt=\"\" loading=\"lazy\" \/><\/a>\n\t\t\t<\/div><\/figure><figure class='gallery-item'>\n\t\t\t<div class='gallery-icon landscape'>\n\t\t\t\t<a data-elementor-open-lightbox=\"yes\" data-elementor-lightbox-slideshow=\"f019680\" data-elementor-lightbox-title=\"FONDATION INP GRENOBLE GALA 2026 14\" href='https:\/\/fondation-grenoble-inp.fr\/wp-content\/uploads\/2026\/04\/FONDATION-INP-GRENOBLE-GALA-2026-14.jpg'><img width=\"150\" height=\"150\" src=\"https:\/\/fondation-grenoble-inp.fr\/wp-content\/uploads\/2026\/04\/FONDATION-INP-GRENOBLE-GALA-2026-14-150x150.jpg\" class=\"attachment-thumbnail size-thumbnail\" alt=\"\" loading=\"lazy\" \/><\/a>\n\t\t\t<\/div><\/figure><figure class='gallery-item'>\n\t\t\t<div class='gallery-icon landscape'>\n\t\t\t\t<a data-elementor-open-lightbox=\"yes\" data-elementor-lightbox-slideshow=\"f019680\" data-elementor-lightbox-title=\"FONDATION INP GRENOBLE GALA 2026 15\" href='https:\/\/fondation-grenoble-inp.fr\/wp-content\/uploads\/2026\/04\/FONDATION-INP-GRENOBLE-GALA-2026-15.jpg'><img width=\"150\" height=\"150\" src=\"https:\/\/fondation-grenoble-inp.fr\/wp-content\/uploads\/2026\/04\/FONDATION-INP-GRENOBLE-GALA-2026-15-150x150.jpg\" class=\"attachment-thumbnail size-thumbnail\" alt=\"\" loading=\"lazy\" \/><\/a>\n\t\t\t<\/div><\/figure><figure class='gallery-item'>\n\t\t\t<div class='gallery-icon landscape'>\n\t\t\t\t<a data-elementor-open-lightbox=\"yes\" data-elementor-lightbox-slideshow=\"f019680\" data-elementor-lightbox-title=\"FONDATION INP GRENOBLE GALA 2026 16\" href='https:\/\/fondation-grenoble-inp.fr\/wp-content\/uploads\/2026\/04\/FONDATION-INP-GRENOBLE-GALA-2026-16.jpg'><img width=\"150\" height=\"150\" src=\"https:\/\/fondation-grenoble-inp.fr\/wp-content\/uploads\/2026\/04\/FONDATION-INP-GRENOBLE-GALA-2026-16-150x150.jpg\" class=\"attachment-thumbnail size-thumbnail\" alt=\"\" loading=\"lazy\" \/><\/a>\n\t\t\t<\/div><\/figure><figure class='gallery-item'>\n\t\t\t<div class='gallery-icon landscape'>\n\t\t\t\t<a data-elementor-open-lightbox=\"yes\" data-elementor-lightbox-slideshow=\"f019680\" data-elementor-lightbox-title=\"FONDATION INP GRENOBLE GALA 2026 18\" href='https:\/\/fondation-grenoble-inp.fr\/wp-content\/uploads\/2026\/04\/FONDATION-INP-GRENOBLE-GALA-2026-18.jpg'><img width=\"150\" height=\"150\" src=\"https:\/\/fondation-grenoble-inp.fr\/wp-content\/uploads\/2026\/04\/FONDATION-INP-GRENOBLE-GALA-2026-18-150x150.jpg\" class=\"attachment-thumbnail size-thumbnail\" alt=\"\" loading=\"lazy\" \/><\/a>\n\t\t\t<\/div><\/figure><figure class='gallery-item'>\n\t\t\t<div class='gallery-icon landscape'>\n\t\t\t\t<a data-elementor-open-lightbox=\"yes\" data-elementor-lightbox-slideshow=\"f019680\" data-elementor-lightbox-title=\"FONDATION INP GRENOBLE GALA 2026 19\" href='https:\/\/fondation-grenoble-inp.fr\/wp-content\/uploads\/2026\/04\/FONDATION-INP-GRENOBLE-GALA-2026-19.jpg'><img width=\"150\" height=\"150\" src=\"https:\/\/fondation-grenoble-inp.fr\/wp-content\/uploads\/2026\/04\/FONDATION-INP-GRENOBLE-GALA-2026-19-150x150.jpg\" class=\"attachment-thumbnail size-thumbnail\" alt=\"\" loading=\"lazy\" \/><\/a>\n\t\t\t<\/div><\/figure><figure class='gallery-item'>\n\t\t\t<div class='gallery-icon landscape'>\n\t\t\t\t<a data-elementor-open-lightbox=\"yes\" data-elementor-lightbox-slideshow=\"f019680\" data-elementor-lightbox-title=\"FONDATION INP GRENOBLE GALA 2026 22\" href='https:\/\/fondation-grenoble-inp.fr\/wp-content\/uploads\/2026\/04\/FONDATION-INP-GRENOBLE-GALA-2026-22.jpg'><img width=\"150\" height=\"150\" src=\"https:\/\/fondation-grenoble-inp.fr\/wp-content\/uploads\/2026\/04\/FONDATION-INP-GRENOBLE-GALA-2026-22-150x150.jpg\" class=\"attachment-thumbnail size-thumbnail\" alt=\"\" loading=\"lazy\" \/><\/a>\n\t\t\t<\/div><\/figure><figure class='gallery-item'>\n\t\t\t<div class='gallery-icon landscape'>\n\t\t\t\t<a data-elementor-open-lightbox=\"yes\" data-elementor-lightbox-slideshow=\"f019680\" data-elementor-lightbox-title=\"FONDATION INP GRENOBLE GALA 2026 23\" href='https:\/\/fondation-grenoble-inp.fr\/wp-content\/uploads\/2026\/04\/FONDATION-INP-GRENOBLE-GALA-2026-23.jpg'><img width=\"150\" height=\"150\" src=\"https:\/\/fondation-grenoble-inp.fr\/wp-content\/uploads\/2026\/04\/FONDATION-INP-GRENOBLE-GALA-2026-23-150x150.jpg\" class=\"attachment-thumbnail size-thumbnail\" alt=\"\" loading=\"lazy\" \/><\/a>\n\t\t\t<\/div><\/figure><figure class='gallery-item'>\n\t\t\t<div class='gallery-icon landscape'>\n\t\t\t\t<a data-elementor-open-lightbox=\"yes\" data-elementor-lightbox-slideshow=\"f019680\" data-elementor-lightbox-title=\"FONDATION INP GRENOBLE GALA 2026 25\" href='https:\/\/fondation-grenoble-inp.fr\/wp-content\/uploads\/2026\/04\/FONDATION-INP-GRENOBLE-GALA-2026-25.jpg'><img width=\"150\" height=\"150\" src=\"https:\/\/fondation-grenoble-inp.fr\/wp-content\/uploads\/2026\/04\/FONDATION-INP-GRENOBLE-GALA-2026-25-150x150.jpg\" class=\"attachment-thumbnail size-thumbnail\" alt=\"\" loading=\"lazy\" \/><\/a>\n\t\t\t<\/div><\/figure><figure class='gallery-item'>\n\t\t\t<div class='gallery-icon landscape'>\n\t\t\t\t<a data-elementor-open-lightbox=\"yes\" data-elementor-lightbox-slideshow=\"f019680\" data-elementor-lightbox-title=\"FONDATION INP GRENOBLE GALA 2026 28\" href='https:\/\/fondation-grenoble-inp.fr\/wp-content\/uploads\/2026\/04\/FONDATION-INP-GRENOBLE-GALA-2026-28.jpg'><img width=\"150\" height=\"150\" src=\"https:\/\/fondation-grenoble-inp.fr\/wp-content\/uploads\/2026\/04\/FONDATION-INP-GRENOBLE-GALA-2026-28-150x150.jpg\" class=\"attachment-thumbnail size-thumbnail\" alt=\"\" loading=\"lazy\" \/><\/a>\n\t\t\t<\/div><\/figure><figure class='gallery-item'>\n\t\t\t<div class='gallery-icon portrait'>\n\t\t\t\t<a data-elementor-open-lightbox=\"yes\" data-elementor-lightbox-slideshow=\"f019680\" data-elementor-lightbox-title=\"FONDATION INP GRENOBLE GALA 2026 33\" href='https:\/\/fondation-grenoble-inp.fr\/wp-content\/uploads\/2026\/04\/FONDATION-INP-GRENOBLE-GALA-2026-33.jpg'><img width=\"150\" height=\"150\" src=\"https:\/\/fondation-grenoble-inp.fr\/wp-content\/uploads\/2026\/04\/FONDATION-INP-GRENOBLE-GALA-2026-33-150x150.jpg\" class=\"attachment-thumbnail size-thumbnail\" alt=\"\" loading=\"lazy\" \/><\/a>\n\t\t\t<\/div><\/figure><figure class='gallery-item'>\n\t\t\t<div class='gallery-icon landscape'>\n\t\t\t\t<a data-elementor-open-lightbox=\"yes\" data-elementor-lightbox-slideshow=\"f019680\" data-elementor-lightbox-title=\"FONDATION INP GRENOBLE GALA 2026 40\" href='https:\/\/fondation-grenoble-inp.fr\/wp-content\/uploads\/2026\/04\/FONDATION-INP-GRENOBLE-GALA-2026-40.jpg'><img width=\"150\" height=\"150\" src=\"https:\/\/fondation-grenoble-inp.fr\/wp-content\/uploads\/2026\/04\/FONDATION-INP-GRENOBLE-GALA-2026-40-150x150.jpg\" class=\"attachment-thumbnail size-thumbnail\" alt=\"\" loading=\"lazy\" \/><\/a>\n\t\t\t<\/div><\/figure><figure class='gallery-item'>\n\t\t\t<div class='gallery-icon landscape'>\n\t\t\t\t<a data-elementor-open-lightbox=\"yes\" data-elementor-lightbox-slideshow=\"f019680\" data-elementor-lightbox-title=\"FONDATION INP GRENOBLE GALA 2026 46\" href='https:\/\/fondation-grenoble-inp.fr\/wp-content\/uploads\/2026\/04\/FONDATION-INP-GRENOBLE-GALA-2026-46.jpg'><img width=\"150\" height=\"150\" src=\"https:\/\/fondation-grenoble-inp.fr\/wp-content\/uploads\/2026\/04\/FONDATION-INP-GRENOBLE-GALA-2026-46-150x150.jpg\" class=\"attachment-thumbnail size-thumbnail\" alt=\"\" loading=\"lazy\" \/><\/a>\n\t\t\t<\/div><\/figure><figure class='gallery-item'>\n\t\t\t<div class='gallery-icon landscape'>\n\t\t\t\t<a data-elementor-open-lightbox=\"yes\" data-elementor-lightbox-slideshow=\"f019680\" data-elementor-lightbox-title=\"FONDATION INP GRENOBLE GALA 2026 50\" href='https:\/\/fondation-grenoble-inp.fr\/wp-content\/uploads\/2026\/04\/FONDATION-INP-GRENOBLE-GALA-2026-50.jpg'><img width=\"150\" height=\"150\" src=\"https:\/\/fondation-grenoble-inp.fr\/wp-content\/uploads\/2026\/04\/FONDATION-INP-GRENOBLE-GALA-2026-50-150x150.jpg\" class=\"attachment-thumbnail size-thumbnail\" alt=\"\" loading=\"lazy\" \/><\/a>\n\t\t\t<\/div><\/figure><figure class='gallery-item'>\n\t\t\t<div class='gallery-icon landscape'>\n\t\t\t\t<a data-elementor-open-lightbox=\"yes\" data-elementor-lightbox-slideshow=\"f019680\" data-elementor-lightbox-title=\"FONDATION INP GRENOBLE GALA 2026 57\" href='https:\/\/fondation-grenoble-inp.fr\/wp-content\/uploads\/2026\/04\/FONDATION-INP-GRENOBLE-GALA-2026-57.jpg'><img width=\"150\" height=\"150\" src=\"https:\/\/fondation-grenoble-inp.fr\/wp-content\/uploads\/2026\/04\/FONDATION-INP-GRENOBLE-GALA-2026-57-150x150.jpg\" class=\"attachment-thumbnail size-thumbnail\" alt=\"\" loading=\"lazy\" \/><\/a>\n\t\t\t<\/div><\/figure><figure class='gallery-item'>\n\t\t\t<div class='gallery-icon landscape'>\n\t\t\t\t<a data-elementor-open-lightbox=\"yes\" data-elementor-lightbox-slideshow=\"f019680\" data-elementor-lightbox-title=\"FONDATION INP GRENOBLE GALA 2026 60\" href='https:\/\/fondation-grenoble-inp.fr\/wp-content\/uploads\/2026\/04\/FONDATION-INP-GRENOBLE-GALA-2026-60.jpg'><img width=\"150\" height=\"150\" src=\"https:\/\/fondation-grenoble-inp.fr\/wp-content\/uploads\/2026\/04\/FONDATION-INP-GRENOBLE-GALA-2026-60-150x150.jpg\" class=\"attachment-thumbnail size-thumbnail\" alt=\"\" loading=\"lazy\" \/><\/a>\n\t\t\t<\/div><\/figure><figure class='gallery-item'>\n\t\t\t<div class='gallery-icon landscape'>\n\t\t\t\t<a data-elementor-open-lightbox=\"yes\" data-elementor-lightbox-slideshow=\"f019680\" data-elementor-lightbox-title=\"FONDATION INP GRENOBLE GALA 2026 62\" href='https:\/\/fondation-grenoble-inp.fr\/wp-content\/uploads\/2026\/04\/FONDATION-INP-GRENOBLE-GALA-2026-62.jpg'><img width=\"150\" height=\"150\" src=\"https:\/\/fondation-grenoble-inp.fr\/wp-content\/uploads\/2026\/04\/FONDATION-INP-GRENOBLE-GALA-2026-62-150x150.jpg\" class=\"attachment-thumbnail size-thumbnail\" alt=\"\" loading=\"lazy\" \/><\/a>\n\t\t\t<\/div><\/figure><figure class='gallery-item'>\n\t\t\t<div class='gallery-icon landscape'>\n\t\t\t\t<a data-elementor-open-lightbox=\"yes\" data-elementor-lightbox-slideshow=\"f019680\" data-elementor-lightbox-title=\"FONDATION INP GRENOBLE GALA 2026 65\" href='https:\/\/fondation-grenoble-inp.fr\/wp-content\/uploads\/2026\/04\/FONDATION-INP-GRENOBLE-GALA-2026-65.jpg'><img width=\"150\" height=\"150\" src=\"https:\/\/fondation-grenoble-inp.fr\/wp-content\/uploads\/2026\/04\/FONDATION-INP-GRENOBLE-GALA-2026-65-150x150.jpg\" class=\"attachment-thumbnail size-thumbnail\" alt=\"\" loading=\"lazy\" \/><\/a>\n\t\t\t<\/div><\/figure><figure class='gallery-item'>\n\t\t\t<div class='gallery-icon landscape'>\n\t\t\t\t<a data-elementor-open-lightbox=\"yes\" data-elementor-lightbox-slideshow=\"f019680\" data-elementor-lightbox-title=\"FONDATION INP GRENOBLE GALA 2026 69\" href='https:\/\/fondation-grenoble-inp.fr\/wp-content\/uploads\/2026\/04\/FONDATION-INP-GRENOBLE-GALA-2026-69.jpg'><img width=\"150\" height=\"150\" src=\"https:\/\/fondation-grenoble-inp.fr\/wp-content\/uploads\/2026\/04\/FONDATION-INP-GRENOBLE-GALA-2026-69-150x150.jpg\" class=\"attachment-thumbnail size-thumbnail\" alt=\"\" loading=\"lazy\" \/><\/a>\n\t\t\t<\/div><\/figure><figure class='gallery-item'>\n\t\t\t<div class='gallery-icon landscape'>\n\t\t\t\t<a data-elementor-open-lightbox=\"yes\" data-elementor-lightbox-slideshow=\"f019680\" data-elementor-lightbox-title=\"FONDATION INP GRENOBLE GALA 2026 70\" href='https:\/\/fondation-grenoble-inp.fr\/wp-content\/uploads\/2026\/04\/FONDATION-INP-GRENOBLE-GALA-2026-70.jpg'><img width=\"150\" height=\"150\" src=\"https:\/\/fondation-grenoble-inp.fr\/wp-content\/uploads\/2026\/04\/FONDATION-INP-GRENOBLE-GALA-2026-70-150x150.jpg\" class=\"attachment-thumbnail size-thumbnail\" alt=\"\" loading=\"lazy\" \/><\/a>\n\t\t\t<\/div><\/figure><figure class='gallery-item'>\n\t\t\t<div class='gallery-icon landscape'>\n\t\t\t\t<a data-elementor-open-lightbox=\"yes\" data-elementor-lightbox-slideshow=\"f019680\" data-elementor-lightbox-title=\"FONDATION INP GRENOBLE GALA 2026 71\" href='https:\/\/fondation-grenoble-inp.fr\/wp-content\/uploads\/2026\/04\/FONDATION-INP-GRENOBLE-GALA-2026-71.jpg'><img width=\"150\" height=\"150\" src=\"https:\/\/fondation-grenoble-inp.fr\/wp-content\/uploads\/2026\/04\/FONDATION-INP-GRENOBLE-GALA-2026-71-150x150.jpg\" class=\"attachment-thumbnail size-thumbnail\" alt=\"\" loading=\"lazy\" \/><\/a>\n\t\t\t<\/div><\/figure><figure class='gallery-item'>\n\t\t\t<div class='gallery-icon landscape'>\n\t\t\t\t<a data-elementor-open-lightbox=\"yes\" data-elementor-lightbox-slideshow=\"f019680\" data-elementor-lightbox-title=\"FONDATION INP GRENOBLE GALA 2026 77\" href='https:\/\/fondation-grenoble-inp.fr\/wp-content\/uploads\/2026\/04\/FONDATION-INP-GRENOBLE-GALA-2026-77.jpg'><img width=\"150\" height=\"150\" src=\"https:\/\/fondation-grenoble-inp.fr\/wp-content\/uploads\/2026\/04\/FONDATION-INP-GRENOBLE-GALA-2026-77-150x150.jpg\" class=\"attachment-thumbnail size-thumbnail\" alt=\"\" loading=\"lazy\" \/><\/a>\n\t\t\t<\/div><\/figure><figure class='gallery-item'>\n\t\t\t<div class='gallery-icon landscape'>\n\t\t\t\t<a data-elementor-open-lightbox=\"yes\" data-elementor-lightbox-slideshow=\"f019680\" data-elementor-lightbox-title=\"FONDATION INP GRENOBLE GALA 2026 78\" href='https:\/\/fondation-grenoble-inp.fr\/wp-content\/uploads\/2026\/04\/FONDATION-INP-GRENOBLE-GALA-2026-78.jpg'><img width=\"150\" height=\"150\" src=\"https:\/\/fondation-grenoble-inp.fr\/wp-content\/uploads\/2026\/04\/FONDATION-INP-GRENOBLE-GALA-2026-78-150x150.jpg\" class=\"attachment-thumbnail size-thumbnail\" alt=\"\" loading=\"lazy\" \/><\/a>\n\t\t\t<\/div><\/figure><figure class='gallery-item'>\n\t\t\t<div class='gallery-icon landscape'>\n\t\t\t\t<a data-elementor-open-lightbox=\"yes\" data-elementor-lightbox-slideshow=\"f019680\" data-elementor-lightbox-title=\"FONDATION INP GRENOBLE GALA 2026 82\" href='https:\/\/fondation-grenoble-inp.fr\/wp-content\/uploads\/2026\/04\/FONDATION-INP-GRENOBLE-GALA-2026-82.jpg'><img width=\"150\" height=\"150\" src=\"https:\/\/fondation-grenoble-inp.fr\/wp-content\/uploads\/2026\/04\/FONDATION-INP-GRENOBLE-GALA-2026-82-150x150.jpg\" class=\"attachment-thumbnail size-thumbnail\" alt=\"\" loading=\"lazy\" \/><\/a>\n\t\t\t<\/div><\/figure><figure class='gallery-item'>\n\t\t\t<div class='gallery-icon landscape'>\n\t\t\t\t<a data-elementor-open-lightbox=\"yes\" data-elementor-lightbox-slideshow=\"f019680\" data-elementor-lightbox-title=\"FONDATION INP GRENOBLE GALA 2026 80\" href='https:\/\/fondation-grenoble-inp.fr\/wp-content\/uploads\/2026\/04\/FONDATION-INP-GRENOBLE-GALA-2026-80.jpg'><img width=\"150\" height=\"150\" src=\"https:\/\/fondation-grenoble-inp.fr\/wp-content\/uploads\/2026\/04\/FONDATION-INP-GRENOBLE-GALA-2026-80-150x150.jpg\" class=\"attachment-thumbnail size-thumbnail\" alt=\"\" loading=\"lazy\" \/><\/a>\n\t\t\t<\/div><\/figure><figure class='gallery-item'>\n\t\t\t<div class='gallery-icon landscape'>\n\t\t\t\t<a data-elementor-open-lightbox=\"yes\" data-elementor-lightbox-slideshow=\"f019680\" data-elementor-lightbox-title=\"FONDATION INP GRENOBLE GALA 2026 84\" href='https:\/\/fondation-grenoble-inp.fr\/wp-content\/uploads\/2026\/04\/FONDATION-INP-GRENOBLE-GALA-2026-84.jpg'><img width=\"150\" height=\"150\" src=\"https:\/\/fondation-grenoble-inp.fr\/wp-content\/uploads\/2026\/04\/FONDATION-INP-GRENOBLE-GALA-2026-84-150x150.jpg\" class=\"attachment-thumbnail size-thumbnail\" alt=\"\" loading=\"lazy\" \/><\/a>\n\t\t\t<\/div><\/figure><figure class='gallery-item'>\n\t\t\t<div class='gallery-icon landscape'>\n\t\t\t\t<a data-elementor-open-lightbox=\"yes\" data-elementor-lightbox-slideshow=\"f019680\" data-elementor-lightbox-title=\"FONDATION INP GRENOBLE GALA 2026 86\" href='https:\/\/fondation-grenoble-inp.fr\/wp-content\/uploads\/2026\/04\/FONDATION-INP-GRENOBLE-GALA-2026-86.jpg'><img width=\"150\" height=\"150\" src=\"https:\/\/fondation-grenoble-inp.fr\/wp-content\/uploads\/2026\/04\/FONDATION-INP-GRENOBLE-GALA-2026-86-150x150.jpg\" class=\"attachment-thumbnail size-thumbnail\" alt=\"\" loading=\"lazy\" \/><\/a>\n\t\t\t<\/div><\/figure><figure class='gallery-item'>\n\t\t\t<div class='gallery-icon landscape'>\n\t\t\t\t<a data-elementor-open-lightbox=\"yes\" data-elementor-lightbox-slideshow=\"f019680\" data-elementor-lightbox-title=\"FONDATION INP GRENOBLE GALA 2026 93\" href='https:\/\/fondation-grenoble-inp.fr\/wp-content\/uploads\/2026\/04\/FONDATION-INP-GRENOBLE-GALA-2026-93.jpg'><img width=\"150\" height=\"150\" src=\"https:\/\/fondation-grenoble-inp.fr\/wp-content\/uploads\/2026\/04\/FONDATION-INP-GRENOBLE-GALA-2026-93-150x150.jpg\" class=\"attachment-thumbnail size-thumbnail\" alt=\"\" loading=\"lazy\" \/><\/a>\n\t\t\t<\/div><\/figure><figure class='gallery-item'>\n\t\t\t<div class='gallery-icon landscape'>\n\t\t\t\t<a data-elementor-open-lightbox=\"yes\" data-elementor-lightbox-slideshow=\"f019680\" data-elementor-lightbox-title=\"FONDATION INP GRENOBLE GALA 2026 90\" href='https:\/\/fondation-grenoble-inp.fr\/wp-content\/uploads\/2026\/04\/FONDATION-INP-GRENOBLE-GALA-2026-90.jpg'><img width=\"150\" height=\"150\" src=\"https:\/\/fondation-grenoble-inp.fr\/wp-content\/uploads\/2026\/04\/FONDATION-INP-GRENOBLE-GALA-2026-90-150x150.jpg\" class=\"attachment-thumbnail size-thumbnail\" alt=\"\" loading=\"lazy\" \/><\/a>\n\t\t\t<\/div><\/figure><figure class='gallery-item'>\n\t\t\t<div class='gallery-icon landscape'>\n\t\t\t\t<a data-elementor-open-lightbox=\"yes\" data-elementor-lightbox-slideshow=\"f019680\" data-elementor-lightbox-title=\"FONDATION INP GRENOBLE GALA 2026 87\" href='https:\/\/fondation-grenoble-inp.fr\/wp-content\/uploads\/2026\/04\/FONDATION-INP-GRENOBLE-GALA-2026-87.jpg'><img width=\"150\" height=\"150\" src=\"https:\/\/fondation-grenoble-inp.fr\/wp-content\/uploads\/2026\/04\/FONDATION-INP-GRENOBLE-GALA-2026-87-150x150.jpg\" class=\"attachment-thumbnail size-thumbnail\" alt=\"\" loading=\"lazy\" \/><\/a>\n\t\t\t<\/div><\/figure><figure class='gallery-item'>\n\t\t\t<div class='gallery-icon landscape'>\n\t\t\t\t<a data-elementor-open-lightbox=\"yes\" data-elementor-lightbox-slideshow=\"f019680\" data-elementor-lightbox-title=\"FONDATION INP GRENOBLE GALA 2026 88\" href='https:\/\/fondation-grenoble-inp.fr\/wp-content\/uploads\/2026\/04\/FONDATION-INP-GRENOBLE-GALA-2026-88.jpg'><img width=\"150\" height=\"150\" src=\"https:\/\/fondation-grenoble-inp.fr\/wp-content\/uploads\/2026\/04\/FONDATION-INP-GRENOBLE-GALA-2026-88-150x150.jpg\" class=\"attachment-thumbnail size-thumbnail\" alt=\"\" loading=\"lazy\" \/><\/a>\n\t\t\t<\/div><\/figure><figure class='gallery-item'>\n\t\t\t<div class='gallery-icon landscape'>\n\t\t\t\t<a data-elementor-open-lightbox=\"yes\" data-elementor-lightbox-slideshow=\"f019680\" data-elementor-lightbox-title=\"FONDATION INP GRENOBLE GALA 2026 92\" href='https:\/\/fondation-grenoble-inp.fr\/wp-content\/uploads\/2026\/04\/FONDATION-INP-GRENOBLE-GALA-2026-92.jpg'><img width=\"150\" height=\"150\" src=\"https:\/\/fondation-grenoble-inp.fr\/wp-content\/uploads\/2026\/04\/FONDATION-INP-GRENOBLE-GALA-2026-92-150x150.jpg\" class=\"attachment-thumbnail size-thumbnail\" alt=\"\" loading=\"lazy\" \/><\/a>\n\t\t\t<\/div><\/figure><figure class='gallery-item'>\n\t\t\t<div class='gallery-icon landscape'>\n\t\t\t\t<a data-elementor-open-lightbox=\"yes\" data-elementor-lightbox-slideshow=\"f019680\" data-elementor-lightbox-title=\"FONDATION INP GRENOBLE GALA 2026 95\" href='https:\/\/fondation-grenoble-inp.fr\/wp-content\/uploads\/2026\/04\/FONDATION-INP-GRENOBLE-GALA-2026-95.jpg'><img width=\"150\" height=\"150\" src=\"https:\/\/fondation-grenoble-inp.fr\/wp-content\/uploads\/2026\/04\/FONDATION-INP-GRENOBLE-GALA-2026-95-150x150.jpg\" class=\"attachment-thumbnail size-thumbnail\" alt=\"\" loading=\"lazy\" \/><\/a>\n\t\t\t<\/div><\/figure><figure class='gallery-item'>\n\t\t\t<div class='gallery-icon landscape'>\n\t\t\t\t<a data-elementor-open-lightbox=\"yes\" data-elementor-lightbox-slideshow=\"f019680\" data-elementor-lightbox-title=\"FONDATION INP GRENOBLE GALA 2026 100\" href='https:\/\/fondation-grenoble-inp.fr\/wp-content\/uploads\/2026\/04\/FONDATION-INP-GRENOBLE-GALA-2026-100.jpg'><img width=\"150\" height=\"150\" src=\"https:\/\/fondation-grenoble-inp.fr\/wp-content\/uploads\/2026\/04\/FONDATION-INP-GRENOBLE-GALA-2026-100-150x150.jpg\" class=\"attachment-thumbnail size-thumbnail\" alt=\"\" loading=\"lazy\" \/><\/a>\n\t\t\t<\/div><\/figure><figure class='gallery-item'>\n\t\t\t<div class='gallery-icon landscape'>\n\t\t\t\t<a data-elementor-open-lightbox=\"yes\" data-elementor-lightbox-slideshow=\"f019680\" data-elementor-lightbox-title=\"FONDATION INP GRENOBLE GALA 2026 102\" href='https:\/\/fondation-grenoble-inp.fr\/wp-content\/uploads\/2026\/04\/FONDATION-INP-GRENOBLE-GALA-2026-102.jpg'><img width=\"150\" height=\"150\" src=\"https:\/\/fondation-grenoble-inp.fr\/wp-content\/uploads\/2026\/04\/FONDATION-INP-GRENOBLE-GALA-2026-102-150x150.jpg\" class=\"attachment-thumbnail size-thumbnail\" alt=\"\" loading=\"lazy\" \/><\/a>\n\t\t\t<\/div><\/figure><figure class='gallery-item'>\n\t\t\t<div class='gallery-icon landscape'>\n\t\t\t\t<a data-elementor-open-lightbox=\"yes\" data-elementor-lightbox-slideshow=\"f019680\" data-elementor-lightbox-title=\"FONDATION INP GRENOBLE GALA 2026 106\" href='https:\/\/fondation-grenoble-inp.fr\/wp-content\/uploads\/2026\/04\/FONDATION-INP-GRENOBLE-GALA-2026-106.jpg'><img width=\"150\" height=\"150\" src=\"https:\/\/fondation-grenoble-inp.fr\/wp-content\/uploads\/2026\/04\/FONDATION-INP-GRENOBLE-GALA-2026-106-150x150.jpg\" class=\"attachment-thumbnail size-thumbnail\" alt=\"\" loading=\"lazy\" \/><\/a>\n\t\t\t<\/div><\/figure><figure class='gallery-item'>\n\t\t\t<div class='gallery-icon landscape'>\n\t\t\t\t<a data-elementor-open-lightbox=\"yes\" data-elementor-lightbox-slideshow=\"f019680\" data-elementor-lightbox-title=\"FONDATION INP GRENOBLE GALA 2026 109\" href='https:\/\/fondation-grenoble-inp.fr\/wp-content\/uploads\/2026\/04\/FONDATION-INP-GRENOBLE-GALA-2026-109.jpg'><img width=\"150\" height=\"150\" src=\"https:\/\/fondation-grenoble-inp.fr\/wp-content\/uploads\/2026\/04\/FONDATION-INP-GRENOBLE-GALA-2026-109-150x150.jpg\" class=\"attachment-thumbnail size-thumbnail\" alt=\"\" loading=\"lazy\" \/><\/a>\n\t\t\t<\/div><\/figure><figure class='gallery-item'>\n\t\t\t<div class='gallery-icon landscape'>\n\t\t\t\t<a data-elementor-open-lightbox=\"yes\" data-elementor-lightbox-slideshow=\"f019680\" data-elementor-lightbox-title=\"FONDATION INP GRENOBLE GALA 2026 110\" href='https:\/\/fondation-grenoble-inp.fr\/wp-content\/uploads\/2026\/04\/FONDATION-INP-GRENOBLE-GALA-2026-110.jpg'><img width=\"150\" height=\"150\" src=\"https:\/\/fondation-grenoble-inp.fr\/wp-content\/uploads\/2026\/04\/FONDATION-INP-GRENOBLE-GALA-2026-110-150x150.jpg\" class=\"attachment-thumbnail size-thumbnail\" alt=\"\" loading=\"lazy\" \/><\/a>\n\t\t\t<\/div><\/figure><figure class='gallery-item'>\n\t\t\t<div class='gallery-icon landscape'>\n\t\t\t\t<a data-elementor-open-lightbox=\"yes\" data-elementor-lightbox-slideshow=\"f019680\" data-elementor-lightbox-title=\"FONDATION INP GRENOBLE GALA 2026 112\" href='https:\/\/fondation-grenoble-inp.fr\/wp-content\/uploads\/2026\/04\/FONDATION-INP-GRENOBLE-GALA-2026-112.jpg'><img width=\"150\" height=\"150\" src=\"https:\/\/fondation-grenoble-inp.fr\/wp-content\/uploads\/2026\/04\/FONDATION-INP-GRENOBLE-GALA-2026-112-150x150.jpg\" class=\"attachment-thumbnail size-thumbnail\" alt=\"\" loading=\"lazy\" \/><\/a>\n\t\t\t<\/div><\/figure><figure class='gallery-item'>\n\t\t\t<div class='gallery-icon landscape'>\n\t\t\t\t<a data-elementor-open-lightbox=\"yes\" data-elementor-lightbox-slideshow=\"f019680\" data-elementor-lightbox-title=\"FONDATION INP GRENOBLE GALA 2026 113\" href='https:\/\/fondation-grenoble-inp.fr\/wp-content\/uploads\/2026\/04\/FONDATION-INP-GRENOBLE-GALA-2026-113.jpg'><img width=\"150\" height=\"150\" src=\"https:\/\/fondation-grenoble-inp.fr\/wp-content\/uploads\/2026\/04\/FONDATION-INP-GRENOBLE-GALA-2026-113-150x150.jpg\" class=\"attachment-thumbnail size-thumbnail\" alt=\"\" loading=\"lazy\" \/><\/a>\n\t\t\t<\/div><\/figure><figure class='gallery-item'>\n\t\t\t<div class='gallery-icon landscape'>\n\t\t\t\t<a data-elementor-open-lightbox=\"yes\" data-elementor-lightbox-slideshow=\"f019680\" data-elementor-lightbox-title=\"FONDATION INP GRENOBLE GALA 2026 115\" href='https:\/\/fondation-grenoble-inp.fr\/wp-content\/uploads\/2026\/04\/FONDATION-INP-GRENOBLE-GALA-2026-115.jpg'><img width=\"150\" height=\"150\" src=\"https:\/\/fondation-grenoble-inp.fr\/wp-content\/uploads\/2026\/04\/FONDATION-INP-GRENOBLE-GALA-2026-115-150x150.jpg\" class=\"attachment-thumbnail size-thumbnail\" alt=\"\" loading=\"lazy\" \/><\/a>\n\t\t\t<\/div><\/figure><figure class='gallery-item'>\n\t\t\t<div class='gallery-icon landscape'>\n\t\t\t\t<a data-elementor-open-lightbox=\"yes\" data-elementor-lightbox-slideshow=\"f019680\" data-elementor-lightbox-title=\"FONDATION INP GRENOBLE GALA 2026 116\" href='https:\/\/fondation-grenoble-inp.fr\/wp-content\/uploads\/2026\/04\/FONDATION-INP-GRENOBLE-GALA-2026-116.jpg'><img width=\"150\" height=\"150\" src=\"https:\/\/fondation-grenoble-inp.fr\/wp-content\/uploads\/2026\/04\/FONDATION-INP-GRENOBLE-GALA-2026-116-150x150.jpg\" class=\"attachment-thumbnail size-thumbnail\" alt=\"\" loading=\"lazy\" \/><\/a>\n\t\t\t<\/div><\/figure><figure class='gallery-item'>\n\t\t\t<div class='gallery-icon landscape'>\n\t\t\t\t<a data-elementor-open-lightbox=\"yes\" data-elementor-lightbox-slideshow=\"f019680\" data-elementor-lightbox-title=\"FONDATION INP GRENOBLE GALA 2026 118\" href='https:\/\/fondation-grenoble-inp.fr\/wp-content\/uploads\/2026\/04\/FONDATION-INP-GRENOBLE-GALA-2026-118.jpg'><img width=\"150\" height=\"150\" src=\"https:\/\/fondation-grenoble-inp.fr\/wp-content\/uploads\/2026\/04\/FONDATION-INP-GRENOBLE-GALA-2026-118-150x150.jpg\" class=\"attachment-thumbnail size-thumbnail\" alt=\"\" loading=\"lazy\" \/><\/a>\n\t\t\t<\/div><\/figure><figure class='gallery-item'>\n\t\t\t<div class='gallery-icon landscape'>\n\t\t\t\t<a data-elementor-open-lightbox=\"yes\" data-elementor-lightbox-slideshow=\"f019680\" data-elementor-lightbox-title=\"FONDATION INP GRENOBLE GALA 2026 121\" href='https:\/\/fondation-grenoble-inp.fr\/wp-content\/uploads\/2026\/04\/FONDATION-INP-GRENOBLE-GALA-2026-121.jpg'><img width=\"150\" height=\"150\" src=\"https:\/\/fondation-grenoble-inp.fr\/wp-content\/uploads\/2026\/04\/FONDATION-INP-GRENOBLE-GALA-2026-121-150x150.jpg\" class=\"attachment-thumbnail size-thumbnail\" alt=\"\" loading=\"lazy\" \/><\/a>\n\t\t\t<\/div><\/figure><figure class='gallery-item'>\n\t\t\t<div class='gallery-icon landscape'>\n\t\t\t\t<a data-elementor-open-lightbox=\"yes\" data-elementor-lightbox-slideshow=\"f019680\" data-elementor-lightbox-title=\"FONDATION INP GRENOBLE GALA 2026 123\" href='https:\/\/fondation-grenoble-inp.fr\/wp-content\/uploads\/2026\/04\/FONDATION-INP-GRENOBLE-GALA-2026-123.jpg'><img width=\"150\" height=\"150\" src=\"https:\/\/fondation-grenoble-inp.fr\/wp-content\/uploads\/2026\/04\/FONDATION-INP-GRENOBLE-GALA-2026-123-150x150.jpg\" class=\"attachment-thumbnail size-thumbnail\" alt=\"\" loading=\"lazy\" \/><\/a>\n\t\t\t<\/div><\/figure><figure class='gallery-item'>\n\t\t\t<div class='gallery-icon landscape'>\n\t\t\t\t<a data-elementor-open-lightbox=\"yes\" data-elementor-lightbox-slideshow=\"f019680\" data-elementor-lightbox-title=\"FONDATION INP GRENOBLE GALA 2026 124\" href='https:\/\/fondation-grenoble-inp.fr\/wp-content\/uploads\/2026\/04\/FONDATION-INP-GRENOBLE-GALA-2026-124.jpg'><img width=\"150\" height=\"150\" src=\"https:\/\/fondation-grenoble-inp.fr\/wp-content\/uploads\/2026\/04\/FONDATION-INP-GRENOBLE-GALA-2026-124-150x150.jpg\" class=\"attachment-thumbnail size-thumbnail\" alt=\"\" loading=\"lazy\" \/><\/a>\n\t\t\t<\/div><\/figure><figure class='gallery-item'>\n\t\t\t<div class='gallery-icon landscape'>\n\t\t\t\t<a data-elementor-open-lightbox=\"yes\" data-elementor-lightbox-slideshow=\"f019680\" data-elementor-lightbox-title=\"FONDATION INP GRENOBLE GALA 2026 125\" href='https:\/\/fondation-grenoble-inp.fr\/wp-content\/uploads\/2026\/04\/FONDATION-INP-GRENOBLE-GALA-2026-125.jpg'><img width=\"150\" height=\"150\" src=\"https:\/\/fondation-grenoble-inp.fr\/wp-content\/uploads\/2026\/04\/FONDATION-INP-GRENOBLE-GALA-2026-125-150x150.jpg\" class=\"attachment-thumbnail size-thumbnail\" alt=\"\" loading=\"lazy\" \/><\/a>\n\t\t\t<\/div><\/figure><figure class='gallery-item'>\n\t\t\t<div class='gallery-icon landscape'>\n\t\t\t\t<a data-elementor-open-lightbox=\"yes\" data-elementor-lightbox-slideshow=\"f019680\" data-elementor-lightbox-title=\"FONDATION INP GRENOBLE GALA 2026 127\" href='https:\/\/fondation-grenoble-inp.fr\/wp-content\/uploads\/2026\/04\/FONDATION-INP-GRENOBLE-GALA-2026-127.jpg'><img width=\"150\" height=\"150\" src=\"https:\/\/fondation-grenoble-inp.fr\/wp-content\/uploads\/2026\/04\/FONDATION-INP-GRENOBLE-GALA-2026-127-150x150.jpg\" class=\"attachment-thumbnail size-thumbnail\" alt=\"\" loading=\"lazy\" \/><\/a>\n\t\t\t<\/div><\/figure><figure class='gallery-item'>\n\t\t\t<div class='gallery-icon landscape'>\n\t\t\t\t<a data-elementor-open-lightbox=\"yes\" data-elementor-lightbox-slideshow=\"f019680\" data-elementor-lightbox-title=\"FONDATION INP GRENOBLE GALA 2026 128\" href='https:\/\/fondation-grenoble-inp.fr\/wp-content\/uploads\/2026\/04\/FONDATION-INP-GRENOBLE-GALA-2026-128.jpg'><img width=\"150\" height=\"150\" src=\"https:\/\/fondation-grenoble-inp.fr\/wp-content\/uploads\/2026\/04\/FONDATION-INP-GRENOBLE-GALA-2026-128-150x150.jpg\" class=\"attachment-thumbnail size-thumbnail\" alt=\"\" loading=\"lazy\" \/><\/a>\n\t\t\t<\/div><\/figure><figure class='gallery-item'>\n\t\t\t<div class='gallery-icon landscape'>\n\t\t\t\t<a data-elementor-open-lightbox=\"yes\" data-elementor-lightbox-slideshow=\"f019680\" data-elementor-lightbox-title=\"FONDATION INP GRENOBLE GALA 2026 133\" href='https:\/\/fondation-grenoble-inp.fr\/wp-content\/uploads\/2026\/04\/FONDATION-INP-GRENOBLE-GALA-2026-133.jpg'><img width=\"150\" height=\"150\" src=\"https:\/\/fondation-grenoble-inp.fr\/wp-content\/uploads\/2026\/04\/FONDATION-INP-GRENOBLE-GALA-2026-133-150x150.jpg\" class=\"attachment-thumbnail size-thumbnail\" alt=\"\" loading=\"lazy\" \/><\/a>\n\t\t\t<\/div><\/figure><figure class='gallery-item'>\n\t\t\t<div class='gallery-icon landscape'>\n\t\t\t\t<a data-elementor-open-lightbox=\"yes\" data-elementor-lightbox-slideshow=\"f019680\" data-elementor-lightbox-title=\"FONDATION INP GRENOBLE GALA 2026 134\" href='https:\/\/fondation-grenoble-inp.fr\/wp-content\/uploads\/2026\/04\/FONDATION-INP-GRENOBLE-GALA-2026-134.jpg'><img width=\"150\" height=\"150\" src=\"https:\/\/fondation-grenoble-inp.fr\/wp-content\/uploads\/2026\/04\/FONDATION-INP-GRENOBLE-GALA-2026-134-150x150.jpg\" class=\"attachment-thumbnail size-thumbnail\" alt=\"\" loading=\"lazy\" \/><\/a>\n\t\t\t<\/div><\/figure><figure class='gallery-item'>\n\t\t\t<div class='gallery-icon landscape'>\n\t\t\t\t<a data-elementor-open-lightbox=\"yes\" data-elementor-lightbox-slideshow=\"f019680\" data-elementor-lightbox-title=\"FONDATION INP GRENOBLE GALA 2026 136\" href='https:\/\/fondation-grenoble-inp.fr\/wp-content\/uploads\/2026\/04\/FONDATION-INP-GRENOBLE-GALA-2026-136.jpg'><img width=\"150\" height=\"150\" src=\"https:\/\/fondation-grenoble-inp.fr\/wp-content\/uploads\/2026\/04\/FONDATION-INP-GRENOBLE-GALA-2026-136-150x150.jpg\" class=\"attachment-thumbnail size-thumbnail\" alt=\"\" loading=\"lazy\" \/><\/a>\n\t\t\t<\/div><\/figure><figure class='gallery-item'>\n\t\t\t<div class='gallery-icon portrait'>\n\t\t\t\t<a data-elementor-open-lightbox=\"yes\" data-elementor-lightbox-slideshow=\"f019680\" data-elementor-lightbox-title=\"FONDATION INP GRENOBLE GALA 2026 138\" href='https:\/\/fondation-grenoble-inp.fr\/wp-content\/uploads\/2026\/04\/FONDATION-INP-GRENOBLE-GALA-2026-138.jpg'><img width=\"150\" height=\"150\" src=\"https:\/\/fondation-grenoble-inp.fr\/wp-content\/uploads\/2026\/04\/FONDATION-INP-GRENOBLE-GALA-2026-138-150x150.jpg\" class=\"attachment-thumbnail size-thumbnail\" alt=\"\" loading=\"lazy\" \/><\/a>\n\t\t\t<\/div><\/figure><figure class='gallery-item'>\n\t\t\t<div class='gallery-icon landscape'>\n\t\t\t\t<a data-elementor-open-lightbox=\"yes\" data-elementor-lightbox-slideshow=\"f019680\" data-elementor-lightbox-title=\"FONDATION INP GRENOBLE GALA 2026 140\" href='https:\/\/fondation-grenoble-inp.fr\/wp-content\/uploads\/2026\/04\/FONDATION-INP-GRENOBLE-GALA-2026-140.jpg'><img width=\"150\" height=\"150\" src=\"https:\/\/fondation-grenoble-inp.fr\/wp-content\/uploads\/2026\/04\/FONDATION-INP-GRENOBLE-GALA-2026-140-150x150.jpg\" class=\"attachment-thumbnail size-thumbnail\" alt=\"\" loading=\"lazy\" \/><\/a>\n\t\t\t<\/div><\/figure><figure class='gallery-item'>\n\t\t\t<div class='gallery-icon landscape'>\n\t\t\t\t<a data-elementor-open-lightbox=\"yes\" data-elementor-lightbox-slideshow=\"f019680\" data-elementor-lightbox-title=\"FONDATION INP GRENOBLE GALA 2026 141\" href='https:\/\/fondation-grenoble-inp.fr\/wp-content\/uploads\/2026\/04\/FONDATION-INP-GRENOBLE-GALA-2026-141.jpg'><img width=\"150\" height=\"150\" src=\"https:\/\/fondation-grenoble-inp.fr\/wp-content\/uploads\/2026\/04\/FONDATION-INP-GRENOBLE-GALA-2026-141-150x150.jpg\" class=\"attachment-thumbnail size-thumbnail\" alt=\"\" loading=\"lazy\" \/><\/a>\n\t\t\t<\/div><\/figure><figure class='gallery-item'>\n\t\t\t<div class='gallery-icon portrait'>\n\t\t\t\t<a data-elementor-open-lightbox=\"yes\" data-elementor-lightbox-slideshow=\"f019680\" data-elementor-lightbox-title=\"FONDATION INP GRENOBLE GALA 2026 142\" href='https:\/\/fondation-grenoble-inp.fr\/wp-content\/uploads\/2026\/04\/FONDATION-INP-GRENOBLE-GALA-2026-142.jpg'><img width=\"150\" height=\"150\" src=\"https:\/\/fondation-grenoble-inp.fr\/wp-content\/uploads\/2026\/04\/FONDATION-INP-GRENOBLE-GALA-2026-142-150x150.jpg\" class=\"attachment-thumbnail size-thumbnail\" alt=\"\" loading=\"lazy\" \/><\/a>\n\t\t\t<\/div><\/figure><figure class='gallery-item'>\n\t\t\t<div class='gallery-icon landscape'>\n\t\t\t\t<a data-elementor-open-lightbox=\"yes\" data-elementor-lightbox-slideshow=\"f019680\" data-elementor-lightbox-title=\"FONDATION INP GRENOBLE GALA 2026 145\" href='https:\/\/fondation-grenoble-inp.fr\/wp-content\/uploads\/2026\/04\/FONDATION-INP-GRENOBLE-GALA-2026-145.jpg'><img width=\"150\" height=\"150\" src=\"https:\/\/fondation-grenoble-inp.fr\/wp-content\/uploads\/2026\/04\/FONDATION-INP-GRENOBLE-GALA-2026-145-150x150.jpg\" class=\"attachment-thumbnail size-thumbnail\" alt=\"\" loading=\"lazy\" \/><\/a>\n\t\t\t<\/div><\/figure><figure class='gallery-item'>\n\t\t\t<div class='gallery-icon landscape'>\n\t\t\t\t<a data-elementor-open-lightbox=\"yes\" data-elementor-lightbox-slideshow=\"f019680\" data-elementor-lightbox-title=\"FONDATION INP GRENOBLE GALA 2026 146\" href='https:\/\/fondation-grenoble-inp.fr\/wp-content\/uploads\/2026\/04\/FONDATION-INP-GRENOBLE-GALA-2026-146.jpg'><img width=\"150\" height=\"150\" src=\"https:\/\/fondation-grenoble-inp.fr\/wp-content\/uploads\/2026\/04\/FONDATION-INP-GRENOBLE-GALA-2026-146-150x150.jpg\" class=\"attachment-thumbnail size-thumbnail\" alt=\"\" loading=\"lazy\" \/><\/a>\n\t\t\t<\/div><\/figure><figure class='gallery-item'>\n\t\t\t<div class='gallery-icon landscape'>\n\t\t\t\t<a data-elementor-open-lightbox=\"yes\" data-elementor-lightbox-slideshow=\"f019680\" data-elementor-lightbox-title=\"FONDATION INP GRENOBLE GALA 2026 149\" href='https:\/\/fondation-grenoble-inp.fr\/wp-content\/uploads\/2026\/04\/FONDATION-INP-GRENOBLE-GALA-2026-149.jpg'><img width=\"150\" height=\"150\" src=\"https:\/\/fondation-grenoble-inp.fr\/wp-content\/uploads\/2026\/04\/FONDATION-INP-GRENOBLE-GALA-2026-149-150x150.jpg\" class=\"attachment-thumbnail size-thumbnail\" alt=\"\" loading=\"lazy\" \/><\/a>\n\t\t\t<\/div><\/figure><figure class='gallery-item'>\n\t\t\t<div class='gallery-icon landscape'>\n\t\t\t\t<a data-elementor-open-lightbox=\"yes\" data-elementor-lightbox-slideshow=\"f019680\" data-elementor-lightbox-title=\"FONDATION INP GRENOBLE GALA 2026 151\" href='https:\/\/fondation-grenoble-inp.fr\/wp-content\/uploads\/2026\/04\/FONDATION-INP-GRENOBLE-GALA-2026-151.jpg'><img width=\"150\" height=\"150\" src=\"https:\/\/fondation-grenoble-inp.fr\/wp-content\/uploads\/2026\/04\/FONDATION-INP-GRENOBLE-GALA-2026-151-150x150.jpg\" class=\"attachment-thumbnail size-thumbnail\" alt=\"\" loading=\"lazy\" \/><\/a>\n\t\t\t<\/div><\/figure><figure class='gallery-item'>\n\t\t\t<div class='gallery-icon landscape'>\n\t\t\t\t<a data-elementor-open-lightbox=\"yes\" data-elementor-lightbox-slideshow=\"f019680\" data-elementor-lightbox-title=\"FONDATION INP GRENOBLE GALA 2026 154\" href='https:\/\/fondation-grenoble-inp.fr\/wp-content\/uploads\/2026\/04\/FONDATION-INP-GRENOBLE-GALA-2026-154.jpg'><img width=\"150\" height=\"150\" src=\"https:\/\/fondation-grenoble-inp.fr\/wp-content\/uploads\/2026\/04\/FONDATION-INP-GRENOBLE-GALA-2026-154-150x150.jpg\" class=\"attachment-thumbnail size-thumbnail\" alt=\"\" loading=\"lazy\" \/><\/a>\n\t\t\t<\/div><\/figure><figure class='gallery-item'>\n\t\t\t<div class='gallery-icon landscape'>\n\t\t\t\t<a data-elementor-open-lightbox=\"yes\" data-elementor-lightbox-slideshow=\"f019680\" data-elementor-lightbox-title=\"FONDATION INP GRENOBLE GALA 2026 155\" href='https:\/\/fondation-grenoble-inp.fr\/wp-content\/uploads\/2026\/04\/FONDATION-INP-GRENOBLE-GALA-2026-155.jpg'><img width=\"150\" height=\"150\" src=\"https:\/\/fondation-grenoble-inp.fr\/wp-content\/uploads\/2026\/04\/FONDATION-INP-GRENOBLE-GALA-2026-155-150x150.jpg\" class=\"attachment-thumbnail size-thumbnail\" alt=\"\" loading=\"lazy\" \/><\/a>\n\t\t\t<\/div><\/figure><figure class='gallery-item'>\n\t\t\t<div class='gallery-icon landscape'>\n\t\t\t\t<a data-elementor-open-lightbox=\"yes\" data-elementor-lightbox-slideshow=\"f019680\" data-elementor-lightbox-title=\"FONDATION INP GRENOBLE GALA 2026 156\" href='https:\/\/fondation-grenoble-inp.fr\/wp-content\/uploads\/2026\/04\/FONDATION-INP-GRENOBLE-GALA-2026-156.jpg'><img width=\"150\" height=\"150\" src=\"https:\/\/fondation-grenoble-inp.fr\/wp-content\/uploads\/2026\/04\/FONDATION-INP-GRENOBLE-GALA-2026-156-150x150.jpg\" class=\"attachment-thumbnail size-thumbnail\" alt=\"\" loading=\"lazy\" \/><\/a>\n\t\t\t<\/div><\/figure><figure class='gallery-item'>\n\t\t\t<div class='gallery-icon landscape'>\n\t\t\t\t<a data-elementor-open-lightbox=\"yes\" data-elementor-lightbox-slideshow=\"f019680\" data-elementor-lightbox-title=\"FONDATION INP GRENOBLE GALA 2026 157\" href='https:\/\/fondation-grenoble-inp.fr\/wp-content\/uploads\/2026\/04\/FONDATION-INP-GRENOBLE-GALA-2026-157.jpg'><img width=\"150\" height=\"150\" src=\"https:\/\/fondation-grenoble-inp.fr\/wp-content\/uploads\/2026\/04\/FONDATION-INP-GRENOBLE-GALA-2026-157-150x150.jpg\" class=\"attachment-thumbnail size-thumbnail\" alt=\"\" loading=\"lazy\" \/><\/a>\n\t\t\t<\/div><\/figure><figure class='gallery-item'>\n\t\t\t<div class='gallery-icon landscape'>\n\t\t\t\t<a data-elementor-open-lightbox=\"yes\" data-elementor-lightbox-slideshow=\"f019680\" data-elementor-lightbox-title=\"FONDATION INP GRENOBLE GALA 2026 158\" href='https:\/\/fondation-grenoble-inp.fr\/wp-content\/uploads\/2026\/04\/FONDATION-INP-GRENOBLE-GALA-2026-158.jpg'><img width=\"150\" height=\"150\" src=\"https:\/\/fondation-grenoble-inp.fr\/wp-content\/uploads\/2026\/04\/FONDATION-INP-GRENOBLE-GALA-2026-158-150x150.jpg\" class=\"attachment-thumbnail size-thumbnail\" alt=\"\" loading=\"lazy\" \/><\/a>\n\t\t\t<\/div><\/figure><figure class='gallery-item'>\n\t\t\t<div class='gallery-icon landscape'>\n\t\t\t\t<a data-elementor-open-lightbox=\"yes\" data-elementor-lightbox-slideshow=\"f019680\" data-elementor-lightbox-title=\"FONDATION INP GRENOBLE GALA 2026 160\" href='https:\/\/fondation-grenoble-inp.fr\/wp-content\/uploads\/2026\/04\/FONDATION-INP-GRENOBLE-GALA-2026-160.jpg'><img width=\"150\" height=\"150\" src=\"https:\/\/fondation-grenoble-inp.fr\/wp-content\/uploads\/2026\/04\/FONDATION-INP-GRENOBLE-GALA-2026-160-150x150.jpg\" class=\"attachment-thumbnail size-thumbnail\" alt=\"\" loading=\"lazy\" \/><\/a>\n\t\t\t<\/div><\/figure><figure class='gallery-item'>\n\t\t\t<div class='gallery-icon landscape'>\n\t\t\t\t<a data-elementor-open-lightbox=\"yes\" data-elementor-lightbox-slideshow=\"f019680\" data-elementor-lightbox-title=\"FONDATION INP GRENOBLE GALA 2026 161\" href='https:\/\/fondation-grenoble-inp.fr\/wp-content\/uploads\/2026\/04\/FONDATION-INP-GRENOBLE-GALA-2026-161.jpg'><img width=\"150\" height=\"150\" src=\"https:\/\/fondation-grenoble-inp.fr\/wp-content\/uploads\/2026\/04\/FONDATION-INP-GRENOBLE-GALA-2026-161-150x150.jpg\" class=\"attachment-thumbnail size-thumbnail\" alt=\"\" loading=\"lazy\" \/><\/a>\n\t\t\t<\/div><\/figure><figure class='gallery-item'>\n\t\t\t<div class='gallery-icon landscape'>\n\t\t\t\t<a data-elementor-open-lightbox=\"yes\" data-elementor-lightbox-slideshow=\"f019680\" data-elementor-lightbox-title=\"FONDATION INP GRENOBLE GALA 2026 162\" href='https:\/\/fondation-grenoble-inp.fr\/wp-content\/uploads\/2026\/04\/FONDATION-INP-GRENOBLE-GALA-2026-162.jpg'><img width=\"150\" height=\"150\" src=\"https:\/\/fondation-grenoble-inp.fr\/wp-content\/uploads\/2026\/04\/FONDATION-INP-GRENOBLE-GALA-2026-162-150x150.jpg\" class=\"attachment-thumbnail size-thumbnail\" alt=\"\" loading=\"lazy\" \/><\/a>\n\t\t\t<\/div><\/figure><figure class='gallery-item'>\n\t\t\t<div class='gallery-icon landscape'>\n\t\t\t\t<a data-elementor-open-lightbox=\"yes\" data-elementor-lightbox-slideshow=\"f019680\" data-elementor-lightbox-title=\"FONDATION INP GRENOBLE GALA 2026 164\" href='https:\/\/fondation-grenoble-inp.fr\/wp-content\/uploads\/2026\/04\/FONDATION-INP-GRENOBLE-GALA-2026-164.jpg'><img width=\"150\" height=\"150\" src=\"https:\/\/fondation-grenoble-inp.fr\/wp-content\/uploads\/2026\/04\/FONDATION-INP-GRENOBLE-GALA-2026-164-150x150.jpg\" class=\"attachment-thumbnail size-thumbnail\" alt=\"\" loading=\"lazy\" \/><\/a>\n\t\t\t<\/div><\/figure><figure class='gallery-item'>\n\t\t\t<div class='gallery-icon landscape'>\n\t\t\t\t<a data-elementor-open-lightbox=\"yes\" data-elementor-lightbox-slideshow=\"f019680\" data-elementor-lightbox-title=\"FONDATION INP GRENOBLE GALA 2026 165\" href='https:\/\/fondation-grenoble-inp.fr\/wp-content\/uploads\/2026\/04\/FONDATION-INP-GRENOBLE-GALA-2026-165.jpg'><img width=\"150\" height=\"150\" src=\"https:\/\/fondation-grenoble-inp.fr\/wp-content\/uploads\/2026\/04\/FONDATION-INP-GRENOBLE-GALA-2026-165-150x150.jpg\" class=\"attachment-thumbnail size-thumbnail\" alt=\"\" loading=\"lazy\" \/><\/a>\n\t\t\t<\/div><\/figure><figure class='gallery-item'>\n\t\t\t<div class='gallery-icon landscape'>\n\t\t\t\t<a data-elementor-open-lightbox=\"yes\" data-elementor-lightbox-slideshow=\"f019680\" data-elementor-lightbox-title=\"FONDATION INP GRENOBLE GALA 2026 166\" href='https:\/\/fondation-grenoble-inp.fr\/wp-content\/uploads\/2026\/04\/FONDATION-INP-GRENOBLE-GALA-2026-166.jpg'><img width=\"150\" height=\"150\" src=\"https:\/\/fondation-grenoble-inp.fr\/wp-content\/uploads\/2026\/04\/FONDATION-INP-GRENOBLE-GALA-2026-166-150x150.jpg\" class=\"attachment-thumbnail size-thumbnail\" alt=\"\" loading=\"lazy\" \/><\/a>\n\t\t\t<\/div><\/figure><figure class='gallery-item'>\n\t\t\t<div class='gallery-icon landscape'>\n\t\t\t\t<a data-elementor-open-lightbox=\"yes\" data-elementor-lightbox-slideshow=\"f019680\" data-elementor-lightbox-title=\"FONDATION INP GRENOBLE GALA 2026 168\" href='https:\/\/fondation-grenoble-inp.fr\/wp-content\/uploads\/2026\/04\/FONDATION-INP-GRENOBLE-GALA-2026-168.jpg'><img width=\"150\" height=\"150\" src=\"https:\/\/fondation-grenoble-inp.fr\/wp-content\/uploads\/2026\/04\/FONDATION-INP-GRENOBLE-GALA-2026-168-150x150.jpg\" class=\"attachment-thumbnail size-thumbnail\" alt=\"\" loading=\"lazy\" \/><\/a>\n\t\t\t<\/div><\/figure><figure class='gallery-item'>\n\t\t\t<div class='gallery-icon landscape'>\n\t\t\t\t<a data-elementor-open-lightbox=\"yes\" data-elementor-lightbox-slideshow=\"f019680\" data-elementor-lightbox-title=\"FONDATION INP GRENOBLE GALA 2026 170\" href='https:\/\/fondation-grenoble-inp.fr\/wp-content\/uploads\/2026\/04\/FONDATION-INP-GRENOBLE-GALA-2026-170.jpg'><img width=\"150\" height=\"150\" src=\"https:\/\/fondation-grenoble-inp.fr\/wp-content\/uploads\/2026\/04\/FONDATION-INP-GRENOBLE-GALA-2026-170-150x150.jpg\" class=\"attachment-thumbnail size-thumbnail\" alt=\"\" loading=\"lazy\" \/><\/a>\n\t\t\t<\/div><\/figure><figure class='gallery-item'>\n\t\t\t<div class='gallery-icon landscape'>\n\t\t\t\t<a data-elementor-open-lightbox=\"yes\" data-elementor-lightbox-slideshow=\"f019680\" data-elementor-lightbox-title=\"FONDATION INP GRENOBLE GALA 2026 171\" href='https:\/\/fondation-grenoble-inp.fr\/wp-content\/uploads\/2026\/04\/FONDATION-INP-GRENOBLE-GALA-2026-171.jpg'><img width=\"150\" height=\"150\" src=\"https:\/\/fondation-grenoble-inp.fr\/wp-content\/uploads\/2026\/04\/FONDATION-INP-GRENOBLE-GALA-2026-171-150x150.jpg\" class=\"attachment-thumbnail size-thumbnail\" alt=\"\" loading=\"lazy\" \/><\/a>\n\t\t\t<\/div><\/figure><figure class='gallery-item'>\n\t\t\t<div class='gallery-icon landscape'>\n\t\t\t\t<a data-elementor-open-lightbox=\"yes\" data-elementor-lightbox-slideshow=\"f019680\" data-elementor-lightbox-title=\"FONDATION INP GRENOBLE GALA 2026 172\" href='https:\/\/fondation-grenoble-inp.fr\/wp-content\/uploads\/2026\/04\/FONDATION-INP-GRENOBLE-GALA-2026-172.jpg'><img width=\"150\" height=\"150\" src=\"https:\/\/fondation-grenoble-inp.fr\/wp-content\/uploads\/2026\/04\/FONDATION-INP-GRENOBLE-GALA-2026-172-150x150.jpg\" class=\"attachment-thumbnail size-thumbnail\" alt=\"\" loading=\"lazy\" \/><\/a>\n\t\t\t<\/div><\/figure><figure class='gallery-item'>\n\t\t\t<div class='gallery-icon landscape'>\n\t\t\t\t<a data-elementor-open-lightbox=\"yes\" data-elementor-lightbox-slideshow=\"f019680\" data-elementor-lightbox-title=\"FONDATION INP GRENOBLE GALA 2026 173\" href='https:\/\/fondation-grenoble-inp.fr\/wp-content\/uploads\/2026\/04\/FONDATION-INP-GRENOBLE-GALA-2026-173.jpg'><img width=\"150\" height=\"150\" src=\"https:\/\/fondation-grenoble-inp.fr\/wp-content\/uploads\/2026\/04\/FONDATION-INP-GRENOBLE-GALA-2026-173-150x150.jpg\" class=\"attachment-thumbnail size-thumbnail\" alt=\"\" loading=\"lazy\" \/><\/a>\n\t\t\t<\/div><\/figure><figure class='gallery-item'>\n\t\t\t<div class='gallery-icon landscape'>\n\t\t\t\t<a data-elementor-open-lightbox=\"yes\" data-elementor-lightbox-slideshow=\"f019680\" data-elementor-lightbox-title=\"FONDATION INP GRENOBLE GALA 2026 175\" href='https:\/\/fondation-grenoble-inp.fr\/wp-content\/uploads\/2026\/04\/FONDATION-INP-GRENOBLE-GALA-2026-175.jpg'><img width=\"150\" height=\"150\" src=\"https:\/\/fondation-grenoble-inp.fr\/wp-content\/uploads\/2026\/04\/FONDATION-INP-GRENOBLE-GALA-2026-175-150x150.jpg\" class=\"attachment-thumbnail size-thumbnail\" alt=\"\" loading=\"lazy\" \/><\/a>\n\t\t\t<\/div><\/figure><figure class='gallery-item'>\n\t\t\t<div class='gallery-icon landscape'>\n\t\t\t\t<a data-elementor-open-lightbox=\"yes\" data-elementor-lightbox-slideshow=\"f019680\" data-elementor-lightbox-title=\"FONDATION INP GRENOBLE GALA 2026 177\" href='https:\/\/fondation-grenoble-inp.fr\/wp-content\/uploads\/2026\/04\/FONDATION-INP-GRENOBLE-GALA-2026-177.jpg'><img width=\"150\" height=\"150\" src=\"https:\/\/fondation-grenoble-inp.fr\/wp-content\/uploads\/2026\/04\/FONDATION-INP-GRENOBLE-GALA-2026-177-150x150.jpg\" class=\"attachment-thumbnail size-thumbnail\" alt=\"\" loading=\"lazy\" \/><\/a>\n\t\t\t<\/div><\/figure><figure class='gallery-item'>\n\t\t\t<div class='gallery-icon landscape'>\n\t\t\t\t<a data-elementor-open-lightbox=\"yes\" data-elementor-lightbox-slideshow=\"f019680\" data-elementor-lightbox-title=\"FONDATION INP GRENOBLE GALA 2026 178\" href='https:\/\/fondation-grenoble-inp.fr\/wp-content\/uploads\/2026\/04\/FONDATION-INP-GRENOBLE-GALA-2026-178.jpg'><img width=\"150\" height=\"150\" src=\"https:\/\/fondation-grenoble-inp.fr\/wp-content\/uploads\/2026\/04\/FONDATION-INP-GRENOBLE-GALA-2026-178-150x150.jpg\" class=\"attachment-thumbnail size-thumbnail\" alt=\"\" loading=\"lazy\" \/><\/a>\n\t\t\t<\/div><\/figure><figure class='gallery-item'>\n\t\t\t<div class='gallery-icon landscape'>\n\t\t\t\t<a data-elementor-open-lightbox=\"yes\" data-elementor-lightbox-slideshow=\"f019680\" data-elementor-lightbox-title=\"FONDATION INP GRENOBLE GALA 2026 179\" href='https:\/\/fondation-grenoble-inp.fr\/wp-content\/uploads\/2026\/04\/FONDATION-INP-GRENOBLE-GALA-2026-179.jpg'><img width=\"150\" height=\"150\" src=\"https:\/\/fondation-grenoble-inp.fr\/wp-content\/uploads\/2026\/04\/FONDATION-INP-GRENOBLE-GALA-2026-179-150x150.jpg\" class=\"attachment-thumbnail size-thumbnail\" alt=\"\" loading=\"lazy\" \/><\/a>\n\t\t\t<\/div><\/figure><figure class='gallery-item'>\n\t\t\t<div class='gallery-icon landscape'>\n\t\t\t\t<a data-elementor-open-lightbox=\"yes\" data-elementor-lightbox-slideshow=\"f019680\" data-elementor-lightbox-title=\"FONDATION INP GRENOBLE GALA 2026 180\" href='https:\/\/fondation-grenoble-inp.fr\/wp-content\/uploads\/2026\/04\/FONDATION-INP-GRENOBLE-GALA-2026-180.jpg'><img width=\"150\" height=\"150\" src=\"https:\/\/fondation-grenoble-inp.fr\/wp-content\/uploads\/2026\/04\/FONDATION-INP-GRENOBLE-GALA-2026-180-150x150.jpg\" class=\"attachment-thumbnail size-thumbnail\" alt=\"\" loading=\"lazy\" \/><\/a>\n\t\t\t<\/div><\/figure><figure class='gallery-item'>\n\t\t\t<div class='gallery-icon landscape'>\n\t\t\t\t<a data-elementor-open-lightbox=\"yes\" data-elementor-lightbox-slideshow=\"f019680\" data-elementor-lightbox-title=\"FONDATION INP GRENOBLE GALA 2026 182\" href='https:\/\/fondation-grenoble-inp.fr\/wp-content\/uploads\/2026\/04\/FONDATION-INP-GRENOBLE-GALA-2026-182.jpg'><img width=\"150\" height=\"150\" src=\"https:\/\/fondation-grenoble-inp.fr\/wp-content\/uploads\/2026\/04\/FONDATION-INP-GRENOBLE-GALA-2026-182-150x150.jpg\" class=\"attachment-thumbnail size-thumbnail\" alt=\"\" loading=\"lazy\" \/><\/a>\n\t\t\t<\/div><\/figure><figure class='gallery-item'>\n\t\t\t<div class='gallery-icon landscape'>\n\t\t\t\t<a data-elementor-open-lightbox=\"yes\" data-elementor-lightbox-slideshow=\"f019680\" data-elementor-lightbox-title=\"FONDATION INP GRENOBLE GALA 2026 183\" href='https:\/\/fondation-grenoble-inp.fr\/wp-content\/uploads\/2026\/04\/FONDATION-INP-GRENOBLE-GALA-2026-183.jpg'><img width=\"150\" height=\"150\" src=\"https:\/\/fondation-grenoble-inp.fr\/wp-content\/uploads\/2026\/04\/FONDATION-INP-GRENOBLE-GALA-2026-183-150x150.jpg\" class=\"attachment-thumbnail size-thumbnail\" alt=\"\" loading=\"lazy\" \/><\/a>\n\t\t\t<\/div><\/figure><figure class='gallery-item'>\n\t\t\t<div class='gallery-icon landscape'>\n\t\t\t\t<a data-elementor-open-lightbox=\"yes\" data-elementor-lightbox-slideshow=\"f019680\" data-elementor-lightbox-title=\"FONDATION INP GRENOBLE GALA 2026 184\" href='https:\/\/fondation-grenoble-inp.fr\/wp-content\/uploads\/2026\/04\/FONDATION-INP-GRENOBLE-GALA-2026-184.jpg'><img width=\"150\" height=\"150\" src=\"https:\/\/fondation-grenoble-inp.fr\/wp-content\/uploads\/2026\/04\/FONDATION-INP-GRENOBLE-GALA-2026-184-150x150.jpg\" class=\"attachment-thumbnail size-thumbnail\" alt=\"\" loading=\"lazy\" \/><\/a>\n\t\t\t<\/div><\/figure><figure class='gallery-item'>\n\t\t\t<div class='gallery-icon landscape'>\n\t\t\t\t<a data-elementor-open-lightbox=\"yes\" data-elementor-lightbox-slideshow=\"f019680\" data-elementor-lightbox-title=\"FONDATION INP GRENOBLE GALA 2026 186\" href='https:\/\/fondation-grenoble-inp.fr\/wp-content\/uploads\/2026\/04\/FONDATION-INP-GRENOBLE-GALA-2026-186.jpg'><img width=\"150\" height=\"150\" src=\"https:\/\/fondation-grenoble-inp.fr\/wp-content\/uploads\/2026\/04\/FONDATION-INP-GRENOBLE-GALA-2026-186-150x150.jpg\" class=\"attachment-thumbnail size-thumbnail\" alt=\"\" loading=\"lazy\" \/><\/a>\n\t\t\t<\/div><\/figure><figure class='gallery-item'>\n\t\t\t<div class='gallery-icon landscape'>\n\t\t\t\t<a data-elementor-open-lightbox=\"yes\" data-elementor-lightbox-slideshow=\"f019680\" data-elementor-lightbox-title=\"FONDATION INP GRENOBLE GALA 2026 187\" href='https:\/\/fondation-grenoble-inp.fr\/wp-content\/uploads\/2026\/04\/FONDATION-INP-GRENOBLE-GALA-2026-187.jpg'><img width=\"150\" height=\"150\" src=\"https:\/\/fondation-grenoble-inp.fr\/wp-content\/uploads\/2026\/04\/FONDATION-INP-GRENOBLE-GALA-2026-187-150x150.jpg\" class=\"attachment-thumbnail size-thumbnail\" alt=\"\" loading=\"lazy\" \/><\/a>\n\t\t\t<\/div><\/figure><figure class='gallery-item'>\n\t\t\t<div class='gallery-icon landscape'>\n\t\t\t\t<a data-elementor-open-lightbox=\"yes\" data-elementor-lightbox-slideshow=\"f019680\" data-elementor-lightbox-title=\"FONDATION INP GRENOBLE GALA 2026 190\" href='https:\/\/fondation-grenoble-inp.fr\/wp-content\/uploads\/2026\/04\/FONDATION-INP-GRENOBLE-GALA-2026-190.jpg'><img width=\"150\" height=\"150\" src=\"https:\/\/fondation-grenoble-inp.fr\/wp-content\/uploads\/2026\/04\/FONDATION-INP-GRENOBLE-GALA-2026-190-150x150.jpg\" class=\"attachment-thumbnail size-thumbnail\" alt=\"\" loading=\"lazy\" \/><\/a>\n\t\t\t<\/div><\/figure><figure class='gallery-item'>\n\t\t\t<div class='gallery-icon landscape'>\n\t\t\t\t<a data-elementor-open-lightbox=\"yes\" data-elementor-lightbox-slideshow=\"f019680\" data-elementor-lightbox-title=\"FONDATION INP GRENOBLE GALA 2026 191\" href='https:\/\/fondation-grenoble-inp.fr\/wp-content\/uploads\/2026\/04\/FONDATION-INP-GRENOBLE-GALA-2026-191.jpg'><img width=\"150\" height=\"150\" src=\"https:\/\/fondation-grenoble-inp.fr\/wp-content\/uploads\/2026\/04\/FONDATION-INP-GRENOBLE-GALA-2026-191-150x150.jpg\" class=\"attachment-thumbnail size-thumbnail\" alt=\"\" loading=\"lazy\" \/><\/a>\n\t\t\t<\/div><\/figure>\n\t\t<\/div>\n\t\t<\/div>\n\t\t\t\t<\/div>\n\t\t\t\t<\/div>\n\t\t\t\t\t\t<\/div>\n\t\t\t\t\t<\/div>\n\t\t<\/div>\n\t\t\t\t\t\t\t\t<\/div>\n\t\t\t\t\t<\/div>\n\t\t<\/section>\n\t\t\t\t<section class=\"elementor-section elementor-top-section elementor-element elementor-element-f395cc5 elementor-section-boxed elementor-section-height-default elementor-section-height-default\" data-id=\"f395cc5\" data-element_type=\"section\">\n\t\t\t\t\t\t<div class=\"elementor-container elementor-column-gap-default\">\n\t\t\t\t\t\t\t<div class=\"elementor-row\">\n\t\t\t\t\t<div class=\"elementor-column elementor-col-100 elementor-top-column elementor-element elementor-element-31739a5\" data-id=\"31739a5\" data-element_type=\"column\">\n\t\t\t<div class=\"elementor-column-wrap elementor-element-populated\">\n\t\t\t\t\t\t\t<div class=\"elementor-widget-wrap\">\n\t\t\t\t\t\t<div class=\"elementor-element elementor-element-322124e elementor-widget elementor-widget-text-editor\" data-id=\"322124e\" data-element_type=\"widget\" data-widget_type=\"text-editor.default\">\n\t\t\t\t<div class=\"elementor-widget-container\">\n\t\t\t\t\t\t\t\t<div class=\"elementor-text-editor elementor-clearfix\">\n\t\t\t\t<p><strong>After movie de la soir\u00e9e<\/strong><\/p><p>A venir !<\/p>\t\t\t\t\t<\/div>\n\t\t\t\t\t\t<\/div>\n\t\t\t\t<\/div>\n\t\t\t\t\t\t<\/div>\n\t\t\t\t\t<\/div>\n\t\t<\/div>\n\t\t\t\t\t\t\t\t<\/div>\n\t\t\t\t\t<\/div>\n\t\t<\/section>\n\t\t\t\t<section class=\"elementor-section elementor-top-section elementor-element elementor-element-0186137 elementor-section-boxed elementor-section-height-default elementor-section-height-default\" data-id=\"0186137\" data-element_type=\"section\">\n\t\t\t\t\t\t<div class=\"elementor-container elementor-column-gap-default\">\n\t\t\t\t\t\t\t<div class=\"elementor-row\">\n\t\t\t\t\t<div class=\"elementor-column elementor-col-100 elementor-top-column elementor-element elementor-element-0274d28\" data-id=\"0274d28\" data-element_type=\"column\">\n\t\t\t<div class=\"elementor-column-wrap elementor-element-populated\">\n\t\t\t\t\t\t\t<div class=\"elementor-widget-wrap\">\n\t\t\t\t\t\t<div class=\"elementor-element elementor-element-439bdef elementor-widget elementor-widget-text-editor\" data-id=\"439bdef\" data-element_type=\"widget\" data-widget_type=\"text-editor.default\">\n\t\t\t\t<div class=\"elementor-widget-container\">\n\t\t\t\t\t\t\t\t<div class=\"elementor-text-editor elementor-clearfix\">\n\t\t\t\t<p><strong>Conf\u00e9rences<\/strong><\/p><p>Pour (re)visionner toutes les conf\u00e9rences de la soir\u00e9e de la soir\u00e9e de Gala 2026, <a href=\"https:\/\/www.youtube.com\/playlist?list=PLrNB1sZV7ngMfLvEXoXmbXEiCIX886txI\" target=\"_blank\" rel=\"noopener\"><strong>rendez vous ici !<\/strong><\/a><\/p>\t\t\t\t\t<\/div>\n\t\t\t\t\t\t<\/div>\n\t\t\t\t<\/div>\n\t\t\t\t<div class=\"elementor-element elementor-element-423115c dce_masking-none elementor-aspect-ratio-169 elementor-widget elementor-widget-video\" data-id=\"423115c\" data-element_type=\"widget\" data-settings=\"{&quot;youtube_url&quot;:&quot;https:\\\/\\\/www.youtube.com\\\/watch?v=skEXMxlhAOU&amp;list=PLrNB1sZV7ngMfLvEXoXmbXEiCIX886txI&amp;index=1&quot;,&quot;video_type&quot;:&quot;youtube&quot;,&quot;controls&quot;:&quot;yes&quot;,&quot;aspect_ratio&quot;:&quot;169&quot;}\" data-widget_type=\"video.default\">\n\t\t\t\t<div class=\"elementor-widget-container\">\n\t\t\t\t\t<div class=\"elementor-wrapper elementor-fit-aspect-ratio elementor-open-inline\">\n\t\t\t<div class=\"elementor-video\"><\/div>\t\t<\/div>\n\t\t\t\t<\/div>\n\t\t\t\t<\/div>\n\t\t\t\t\t\t<\/div>\n\t\t\t\t\t<\/div>\n\t\t<\/div>\n\t\t\t\t\t\t\t\t<\/div>\n\t\t\t\t\t<\/div>\n\t\t<\/section>\n\t\t\t\t\t\t<\/div>\n\t\t\t\t\t\t<\/div>\n\t\t\t\t\t<\/div>","protected":false},"excerpt":{"rendered":"<p>La Fondation Grenoble INP a mis la Right tech au centre de sa soir\u00e9e de gala 2026. L\u2019occasion de mettre en lumi\u00e8re l\u2019engagement des ing\u00e9nieurs et des chercheurs au profit d\u2019une tech juste et durable et de souligner la richesse des profils et des parcours soutenus par la Fondation. <\/p>","protected":false},"author":7,"featured_media":23917,"comment_status":"closed","ping_status":"open","sticky":false,"template":"","format":"standard","meta":[],"categories":[475],"tags":[],"acf":[],"yoast_head":"<!-- This site is optimized with the Yoast SEO plugin v18.0 - https:\/\/yoast.com\/wordpress\/plugins\/seo\/ -->\n<title>Gala 2026 de la Fondation Grenoble INP\u00a0: la Right tech au c\u0153ur des enjeux - Fondation Grenoble INP<\/title>\n<meta name=\"description\" content=\"La Fondation Grenoble INP a mis la Right tech au centre de sa soir\u00e9e de gala 2026. L\u2019occasion de mettre en lumi\u00e8re l\u2019engagement des ing\u00e9n...\" \/>\n<meta name=\"robots\" content=\"index, follow, max-snippet:-1, max-image-preview:large, max-video-preview:-1\" \/>\n<link rel=\"canonical\" href=\"http:\/\/fondation-grenoble-inp.fr\/en\/gala-2026-de-la-fondation-grenoble-inp-la-right-tech-au-coeur-des-enjeux\/\" \/>\n<meta property=\"og:locale\" content=\"en_US\" \/>\n<meta property=\"og:type\" content=\"article\" \/>\n<meta property=\"og:title\" content=\"Gala 2026 de la Fondation Grenoble INP\u00a0: la Right tech au c\u0153ur des enjeux - Fondation Grenoble INP\" \/>\n<meta property=\"og:description\" content=\"La Fondation Grenoble INP a mis la Right tech au centre de sa soir\u00e9e de gala 2026. L\u2019occasion de mettre en lumi\u00e8re l\u2019engagement des ing\u00e9n...\" \/>\n<meta property=\"og:url\" content=\"http:\/\/fondation-grenoble-inp.fr\/en\/gala-2026-de-la-fondation-grenoble-inp-la-right-tech-au-coeur-des-enjeux\/\" \/>\n<meta property=\"og:site_name\" content=\"Fondation Grenoble INP\" \/>\n<meta property=\"article:published_time\" content=\"2026-04-29T08:08:29+00:00\" \/>\n<meta property=\"article:modified_time\" content=\"2026-04-30T10:22:21+00:00\" \/>\n<meta property=\"og:image\" content=\"https:\/\/fondation-grenoble-inp.fr\/wp-content\/uploads\/2026\/04\/FONDATION-INP-GRENOBLE-GALA-2026-160.jpg\" \/>\n\t<meta property=\"og:image:width\" content=\"1380\" \/>\n\t<meta property=\"og:image:height\" content=\"790\" \/>\n\t<meta property=\"og:image:type\" content=\"image\/jpeg\" \/>\n<meta name=\"twitter:card\" content=\"summary_large_image\" \/>\n<meta name=\"twitter:label1\" content=\"Written by\" \/>\n\t<meta name=\"twitter:data1\" content=\"Marie Dubreuil\" \/>\n\t<meta name=\"twitter:label2\" content=\"Est. reading time\" \/>\n\t<meta name=\"twitter:data2\" content=\"26 minutes\" \/>\n<script type=\"application\/ld+json\" class=\"yoast-schema-graph\">{\"@context\":\"https:\/\/schema.org\",\"@graph\":[{\"@type\":\"Organization\",\"@id\":\"https:\/\/fondation-grenoble-inp.fr\/#organization\",\"name\":\"Fondation INP Grenoble\",\"url\":\"https:\/\/fondation-grenoble-inp.fr\/\",\"sameAs\":[],\"logo\":{\"@type\":\"ImageObject\",\"@id\":\"https:\/\/fondation-grenoble-inp.fr\/#logo\",\"inLanguage\":\"en-US\",\"url\":\"https:\/\/fondation-grenoble-inp.fr\/wp-content\/uploads\/2021\/03\/cropped-favicon-fondation-inp-grenoble.png\",\"contentUrl\":\"https:\/\/fondation-grenoble-inp.fr\/wp-content\/uploads\/2021\/03\/cropped-favicon-fondation-inp-grenoble.png\",\"width\":512,\"height\":512,\"caption\":\"Fondation INP Grenoble\"},\"image\":{\"@id\":\"https:\/\/fondation-grenoble-inp.fr\/#logo\"}},{\"@type\":\"WebSite\",\"@id\":\"https:\/\/fondation-grenoble-inp.fr\/#website\",\"url\":\"https:\/\/fondation-grenoble-inp.fr\/\",\"name\":\"Fondation Grenoble INP\",\"description\":\"#OsezlAvenir\",\"publisher\":{\"@id\":\"https:\/\/fondation-grenoble-inp.fr\/#organization\"},\"potentialAction\":[{\"@type\":\"SearchAction\",\"target\":{\"@type\":\"EntryPoint\",\"urlTemplate\":\"https:\/\/fondation-grenoble-inp.fr\/?s={search_term_string}\"},\"query-input\":\"required name=search_term_string\"}],\"inLanguage\":\"en-US\"},{\"@type\":\"ImageObject\",\"@id\":\"https:\/\/fondation-grenoble-inp.fr\/gala-2026-de-la-fondation-grenoble-inp-la-right-tech-au-coeur-des-enjeux\/#primaryimage\",\"inLanguage\":\"en-US\",\"url\":\"https:\/\/fondation-grenoble-inp.fr\/wp-content\/uploads\/2026\/04\/FONDATION-INP-GRENOBLE-GALA-2026-160.jpg\",\"contentUrl\":\"https:\/\/fondation-grenoble-inp.fr\/wp-content\/uploads\/2026\/04\/FONDATION-INP-GRENOBLE-GALA-2026-160.jpg\",\"width\":\"1380\",\"height\":\"790\"},{\"@type\":\"WebPage\",\"@id\":\"https:\/\/fondation-grenoble-inp.fr\/gala-2026-de-la-fondation-grenoble-inp-la-right-tech-au-coeur-des-enjeux\/#webpage\",\"url\":\"https:\/\/fondation-grenoble-inp.fr\/gala-2026-de-la-fondation-grenoble-inp-la-right-tech-au-coeur-des-enjeux\/\",\"name\":\"Gala 2026 de la Fondation Grenoble INP\u00a0: la Right tech au c\u0153ur des enjeux - Fondation Grenoble INP\",\"isPartOf\":{\"@id\":\"https:\/\/fondation-grenoble-inp.fr\/#website\"},\"primaryImageOfPage\":{\"@id\":\"https:\/\/fondation-grenoble-inp.fr\/gala-2026-de-la-fondation-grenoble-inp-la-right-tech-au-coeur-des-enjeux\/#primaryimage\"},\"datePublished\":\"2026-04-29T08:08:29+00:00\",\"dateModified\":\"2026-04-30T10:22:21+00:00\",\"description\":\"La Fondation Grenoble INP a mis la Right tech au centre de sa soir\u00e9e de gala 2026. L\u2019occasion de mettre en lumi\u00e8re l\u2019engagement des ing\u00e9n...\",\"breadcrumb\":{\"@id\":\"https:\/\/fondation-grenoble-inp.fr\/gala-2026-de-la-fondation-grenoble-inp-la-right-tech-au-coeur-des-enjeux\/#breadcrumb\"},\"inLanguage\":\"en-US\",\"potentialAction\":[{\"@type\":\"ReadAction\",\"target\":[\"https:\/\/fondation-grenoble-inp.fr\/gala-2026-de-la-fondation-grenoble-inp-la-right-tech-au-coeur-des-enjeux\/\"]}]},{\"@type\":\"BreadcrumbList\",\"@id\":\"https:\/\/fondation-grenoble-inp.fr\/gala-2026-de-la-fondation-grenoble-inp-la-right-tech-au-coeur-des-enjeux\/#breadcrumb\",\"itemListElement\":[{\"@type\":\"ListItem\",\"position\":1,\"name\":\"Accueil\",\"item\":\"https:\/\/fondation-grenoble-inp.fr\/\"},{\"@type\":\"ListItem\",\"position\":2,\"name\":\"Gala 2026 de la Fondation Grenoble INP\u00a0: la Right tech au c\u0153ur des enjeux\"}]},{\"@type\":\"Article\",\"@id\":\"https:\/\/fondation-grenoble-inp.fr\/gala-2026-de-la-fondation-grenoble-inp-la-right-tech-au-coeur-des-enjeux\/#article\",\"isPartOf\":{\"@id\":\"https:\/\/fondation-grenoble-inp.fr\/gala-2026-de-la-fondation-grenoble-inp-la-right-tech-au-coeur-des-enjeux\/#webpage\"},\"author\":{\"@id\":\"https:\/\/fondation-grenoble-inp.fr\/#\/schema\/person\/7c36548ebaddf05ba7a055d161ebff94\"},\"headline\":\"Gala 2026 de la Fondation Grenoble INP\u00a0: la Right tech au c\u0153ur des enjeux\",\"datePublished\":\"2026-04-29T08:08:29+00:00\",\"dateModified\":\"2026-04-30T10:22:21+00:00\",\"mainEntityOfPage\":{\"@id\":\"https:\/\/fondation-grenoble-inp.fr\/gala-2026-de-la-fondation-grenoble-inp-la-right-tech-au-coeur-des-enjeux\/#webpage\"},\"wordCount\":1148,\"publisher\":{\"@id\":\"https:\/\/fondation-grenoble-inp.fr\/#organization\"},\"image\":{\"@id\":\"https:\/\/fondation-grenoble-inp.fr\/gala-2026-de-la-fondation-grenoble-inp-la-right-tech-au-coeur-des-enjeux\/#primaryimage\"},\"thumbnailUrl\":\"https:\/\/fondation-grenoble-inp.fr\/wp-content\/uploads\/2026\/04\/FONDATION-INP-GRENOBLE-GALA-2026-160.jpg\",\"articleSection\":[\"La Fondation\"],\"inLanguage\":\"en-US\"},{\"@type\":\"Person\",\"@id\":\"https:\/\/fondation-grenoble-inp.fr\/#\/schema\/person\/7c36548ebaddf05ba7a055d161ebff94\",\"name\":\"Marie Dubreuil\",\"image\":{\"@type\":\"ImageObject\",\"@id\":\"https:\/\/fondation-grenoble-inp.fr\/#personlogo\",\"inLanguage\":\"en-US\",\"url\":\"http:\/\/0.gravatar.com\/avatar\/358eb0ab274d9479ce7c23b8a3f0a360?s=96&d=mm&r=g\",\"contentUrl\":\"http:\/\/0.gravatar.com\/avatar\/358eb0ab274d9479ce7c23b8a3f0a360?s=96&d=mm&r=g\",\"caption\":\"Marie Dubreuil\"}}]}<\/script>\n<!-- \/ Yoast SEO plugin. -->","yoast_head_json":{"title":"Gala 2026 de la Fondation Grenoble INP\u00a0: la Right tech au c\u0153ur des enjeux - Fondation Grenoble INP","description":"La Fondation Grenoble INP a mis la Right tech au centre de sa soir\u00e9e de gala 2026. L\u2019occasion de mettre en lumi\u00e8re l\u2019engagement des ing\u00e9n...","robots":{"index":"index","follow":"follow","max-snippet":"max-snippet:-1","max-image-preview":"max-image-preview:large","max-video-preview":"max-video-preview:-1"},"canonical":"http:\/\/fondation-grenoble-inp.fr\/en\/gala-2026-de-la-fondation-grenoble-inp-la-right-tech-au-coeur-des-enjeux\/","og_locale":"en_US","og_type":"article","og_title":"Gala 2026 de la Fondation Grenoble INP\u00a0: la Right tech au c\u0153ur des enjeux - Fondation Grenoble INP","og_description":"La Fondation Grenoble INP a mis la Right tech au centre de sa soir\u00e9e de gala 2026. L\u2019occasion de mettre en lumi\u00e8re l\u2019engagement des ing\u00e9n...","og_url":"http:\/\/fondation-grenoble-inp.fr\/en\/gala-2026-de-la-fondation-grenoble-inp-la-right-tech-au-coeur-des-enjeux\/","og_site_name":"Fondation Grenoble INP","article_published_time":"2026-04-29T08:08:29+00:00","article_modified_time":"2026-04-30T10:22:21+00:00","og_image":[{"width":"1380","height":"790","url":"https:\/\/fondation-grenoble-inp.fr\/wp-content\/uploads\/2026\/04\/FONDATION-INP-GRENOBLE-GALA-2026-160.jpg","type":"image\/jpeg"}],"twitter_card":"summary_large_image","twitter_misc":{"Written by":"Marie Dubreuil","Est. reading time":"26 minutes"},"schema":{"@context":"https:\/\/schema.org","@graph":[{"@type":"Organization","@id":"https:\/\/fondation-grenoble-inp.fr\/#organization","name":"Fondation INP Grenoble","url":"https:\/\/fondation-grenoble-inp.fr\/","sameAs":[],"logo":{"@type":"ImageObject","@id":"https:\/\/fondation-grenoble-inp.fr\/#logo","inLanguage":"en-US","url":"https:\/\/fondation-grenoble-inp.fr\/wp-content\/uploads\/2021\/03\/cropped-favicon-fondation-inp-grenoble.png","contentUrl":"https:\/\/fondation-grenoble-inp.fr\/wp-content\/uploads\/2021\/03\/cropped-favicon-fondation-inp-grenoble.png","width":512,"height":512,"caption":"Fondation INP Grenoble"},"image":{"@id":"https:\/\/fondation-grenoble-inp.fr\/#logo"}},{"@type":"WebSite","@id":"https:\/\/fondation-grenoble-inp.fr\/#website","url":"https:\/\/fondation-grenoble-inp.fr\/","name":"Fondation Grenoble INP","description":"#OsezlAvenir","publisher":{"@id":"https:\/\/fondation-grenoble-inp.fr\/#organization"},"potentialAction":[{"@type":"SearchAction","target":{"@type":"EntryPoint","urlTemplate":"https:\/\/fondation-grenoble-inp.fr\/?s={search_term_string}"},"query-input":"required name=search_term_string"}],"inLanguage":"en-US"},{"@type":"ImageObject","@id":"https:\/\/fondation-grenoble-inp.fr\/gala-2026-de-la-fondation-grenoble-inp-la-right-tech-au-coeur-des-enjeux\/#primaryimage","inLanguage":"en-US","url":"https:\/\/fondation-grenoble-inp.fr\/wp-content\/uploads\/2026\/04\/FONDATION-INP-GRENOBLE-GALA-2026-160.jpg","contentUrl":"https:\/\/fondation-grenoble-inp.fr\/wp-content\/uploads\/2026\/04\/FONDATION-INP-GRENOBLE-GALA-2026-160.jpg","width":"1380","height":"790"},{"@type":"WebPage","@id":"https:\/\/fondation-grenoble-inp.fr\/gala-2026-de-la-fondation-grenoble-inp-la-right-tech-au-coeur-des-enjeux\/#webpage","url":"https:\/\/fondation-grenoble-inp.fr\/gala-2026-de-la-fondation-grenoble-inp-la-right-tech-au-coeur-des-enjeux\/","name":"Gala 2026 de la Fondation Grenoble INP\u00a0: la Right tech au c\u0153ur des enjeux - Fondation Grenoble INP","isPartOf":{"@id":"https:\/\/fondation-grenoble-inp.fr\/#website"},"primaryImageOfPage":{"@id":"https:\/\/fondation-grenoble-inp.fr\/gala-2026-de-la-fondation-grenoble-inp-la-right-tech-au-coeur-des-enjeux\/#primaryimage"},"datePublished":"2026-04-29T08:08:29+00:00","dateModified":"2026-04-30T10:22:21+00:00","description":"La Fondation Grenoble INP a mis la Right tech au centre de sa soir\u00e9e de gala 2026. L\u2019occasion de mettre en lumi\u00e8re l\u2019engagement des ing\u00e9n...","breadcrumb":{"@id":"https:\/\/fondation-grenoble-inp.fr\/gala-2026-de-la-fondation-grenoble-inp-la-right-tech-au-coeur-des-enjeux\/#breadcrumb"},"inLanguage":"en-US","potentialAction":[{"@type":"ReadAction","target":["https:\/\/fondation-grenoble-inp.fr\/gala-2026-de-la-fondation-grenoble-inp-la-right-tech-au-coeur-des-enjeux\/"]}]},{"@type":"BreadcrumbList","@id":"https:\/\/fondation-grenoble-inp.fr\/gala-2026-de-la-fondation-grenoble-inp-la-right-tech-au-coeur-des-enjeux\/#breadcrumb","itemListElement":[{"@type":"ListItem","position":1,"name":"Accueil","item":"https:\/\/fondation-grenoble-inp.fr\/"},{"@type":"ListItem","position":2,"name":"Gala 2026 de la Fondation Grenoble INP\u00a0: la Right tech au c\u0153ur des enjeux"}]},{"@type":"Article","@id":"https:\/\/fondation-grenoble-inp.fr\/gala-2026-de-la-fondation-grenoble-inp-la-right-tech-au-coeur-des-enjeux\/#article","isPartOf":{"@id":"https:\/\/fondation-grenoble-inp.fr\/gala-2026-de-la-fondation-grenoble-inp-la-right-tech-au-coeur-des-enjeux\/#webpage"},"author":{"@id":"https:\/\/fondation-grenoble-inp.fr\/#\/schema\/person\/7c36548ebaddf05ba7a055d161ebff94"},"headline":"Gala 2026 de la Fondation Grenoble INP\u00a0: la Right tech au c\u0153ur des enjeux","datePublished":"2026-04-29T08:08:29+00:00","dateModified":"2026-04-30T10:22:21+00:00","mainEntityOfPage":{"@id":"https:\/\/fondation-grenoble-inp.fr\/gala-2026-de-la-fondation-grenoble-inp-la-right-tech-au-coeur-des-enjeux\/#webpage"},"wordCount":1148,"publisher":{"@id":"https:\/\/fondation-grenoble-inp.fr\/#organization"},"image":{"@id":"https:\/\/fondation-grenoble-inp.fr\/gala-2026-de-la-fondation-grenoble-inp-la-right-tech-au-coeur-des-enjeux\/#primaryimage"},"thumbnailUrl":"https:\/\/fondation-grenoble-inp.fr\/wp-content\/uploads\/2026\/04\/FONDATION-INP-GRENOBLE-GALA-2026-160.jpg","articleSection":["La Fondation"],"inLanguage":"en-US"},{"@type":"Person","@id":"https:\/\/fondation-grenoble-inp.fr\/#\/schema\/person\/7c36548ebaddf05ba7a055d161ebff94","name":"Marie Dubreuil","image":{"@type":"ImageObject","@id":"https:\/\/fondation-grenoble-inp.fr\/#personlogo","inLanguage":"en-US","url":"http:\/\/0.gravatar.com\/avatar\/358eb0ab274d9479ce7c23b8a3f0a360?s=96&d=mm&r=g","contentUrl":"http:\/\/0.gravatar.com\/avatar\/358eb0ab274d9479ce7c23b8a3f0a360?s=96&d=mm&r=g","caption":"Marie Dubreuil"}}]}},"_links":{"self":[{"href":"http:\/\/fondation-grenoble-inp.fr\/en\/wp-json\/wp\/v2\/posts\/23865"}],"collection":[{"href":"http:\/\/fondation-grenoble-inp.fr\/en\/wp-json\/wp\/v2\/posts"}],"about":[{"href":"http:\/\/fondation-grenoble-inp.fr\/en\/wp-json\/wp\/v2\/types\/post"}],"author":[{"embeddable":true,"href":"http:\/\/fondation-grenoble-inp.fr\/en\/wp-json\/wp\/v2\/users\/7"}],"replies":[{"embeddable":true,"href":"http:\/\/fondation-grenoble-inp.fr\/en\/wp-json\/wp\/v2\/comments?post=23865"}],"version-history":[{"count":21,"href":"http:\/\/fondation-grenoble-inp.fr\/en\/wp-json\/wp\/v2\/posts\/23865\/revisions"}],"predecessor-version":[{"id":23992,"href":"http:\/\/fondation-grenoble-inp.fr\/en\/wp-json\/wp\/v2\/posts\/23865\/revisions\/23992"}],"wp:featuredmedia":[{"embeddable":true,"href":"http:\/\/fondation-grenoble-inp.fr\/en\/wp-json\/wp\/v2\/media\/23917"}],"wp:attachment":[{"href":"http:\/\/fondation-grenoble-inp.fr\/en\/wp-json\/wp\/v2\/media?parent=23865"}],"wp:term":[{"taxonomy":"category","embeddable":true,"href":"http:\/\/fondation-grenoble-inp.fr\/en\/wp-json\/wp\/v2\/categories?post=23865"},{"taxonomy":"post_tag","embeddable":true,"href":"http:\/\/fondation-grenoble-inp.fr\/en\/wp-json\/wp\/v2\/tags?post=23865"}],"curies":[{"name":"wp","href":"https:\/\/api.w.org\/{rel}","templated":true}]}}