{"id":12580,"date":"2021-05-11T16:55:43","date_gmt":"2021-05-11T14:55:43","guid":{"rendered":"https:\/\/fondation-grenoble-inp.fr\/?p=12580"},"modified":"2023-07-24T15:05:18","modified_gmt":"2023-07-24T13:05:18","slug":"beau-retour-a-la-competition-pour-lucas-et-celine-deux-etudiants-sportifs-de-haut-niveau-de-la-fondation-grenoble-inp","status":"publish","type":"post","link":"https:\/\/fondation-grenoble-inp.fr\/en\/beau-retour-a-la-competition-pour-lucas-et-celine-deux-etudiants-sportifs-de-haut-niveau-de-la-fondation-grenoble-inp\/","title":{"rendered":"Beau retour \u00e0 la comp\u00e9tition pour Lucas et Celine, deux \u00e9tudiants Sportifs de Haut Niveau de la Fondation Grenoble INP"},"content":{"rendered":"<p><strong>C\u00e9line Tarabbia et <strong>Lucas Damalix<\/strong>, sportive et sportif de haut niveau \u00e0 Grenoble INP et soutenus par la Fondation Grenoble INP, ont particip\u00e9 au triathlon Challenge Riccione (Italie) ce 8 mai. Lucas remporte la 1<sup>\u00e8re<\/sup> place tandis que C\u00e9line se classe \u00e0 la 5<sup>e<\/sup> place.<\/strong><\/p>\n\n\n\n<p>Apr\u00e8s un an d\u2019interruption li\u00e9e \u00e0 la crise sanitaire, la saison des triathlons a pu d\u00e9buter. Ce week-end s\u2019est donc d\u00e9roul\u00e9 le <a href=\"https:\/\/www.challenge-family.com\/race\/challenge-riccione\/\" target=\"_blank\" rel=\"noreferrer noopener\">Challenge Riccione<\/a>, en Italie, avec un triathlon \u00ab&nbsp;distance Sprint&nbsp;\u00bb&nbsp;: 20 km \u00e0 v\u00e9lo, 5 km de course et 750 m\u00e8tres de natation. &nbsp;&nbsp;<\/p>\n\n\n\n<p>Lucas Damalix, \u00e9l\u00e8ve-ing\u00e9nieur en 1\u00e8re ann\u00e9e \u00e0 <a href=\"https:\/\/ensimag.grenoble-inp.fr\/\" target=\"_blank\" rel=\"noreferrer noopener\">Grenoble INP \u2013 Ensimag<\/a>, b\u00e9n\u00e9ficie du statut de sportif de haut niveau depuis son entr\u00e9e, en 2016, \u00e0 <a href=\"https:\/\/www.grenoble-inp.fr\/fr\/formation\/un-autre-style-de-prepa\" target=\"_blank\" rel=\"noreferrer noopener\">La Pr\u00e9pa des INP \u00e0 Grenoble<\/a> ainsi que du soutien de la Fondation Grenoble INP. Lucas a \u00e9t\u00e9 1er, 4\u00e8me et 6\u00e8me sur les \u00e9tapes du circuit national de triathlon de D2 en 2019 et 15<sup>e<\/sup> \u00e9lite fran\u00e7aise en 2018. Il termine en t\u00eate de la course d\u2019ouverture du Challenge Riccione, une belle entr\u00e9e en mati\u00e8re pour cette nouvelle saison\u00a0!<\/p>\n\n\n\n<div class=\"wp-block-image\"><figure class=\"aligncenter size-large\"><img loading=\"lazy\" width=\"1024\" height=\"768\" src=\"https:\/\/fondation-grenoble-inp.fr\/wp-content\/uploads\/2021\/05\/podium_Riccione.jpg\" alt=\"\" class=\"wp-image-12581\" srcset=\"https:\/\/fondation-grenoble-inp.fr\/wp-content\/uploads\/2021\/05\/podium_Riccione.jpg 1024w, https:\/\/fondation-grenoble-inp.fr\/wp-content\/uploads\/2021\/05\/podium_Riccione-300x225.jpg 300w, https:\/\/fondation-grenoble-inp.fr\/wp-content\/uploads\/2021\/05\/podium_Riccione-768x576.jpg 768w\" sizes=\"(max-width: 1024px) 100vw, 1024px\" \/><\/figure><\/div>\n\n\n\n<p>Podium Challenge Riccione, 1\u00e8re place pour Lucas Damalix<\/p>\n\n\n\n<p>C\u00e9line Tarabbia est en 2\u00e8me ann\u00e9e \u00e0<a href=\"https:\/\/phelma.grenoble-inp.fr\/\" target=\"_blank\" rel=\"noreferrer noopener\"> Grenoble INP \u2013 Phelma<\/a>, en fili\u00e8re bio-ing\u00e9nierie et ing\u00e9nierie biom\u00e9dicale. Elle aussi a b\u00e9n\u00e9fici\u00e9 du statut de sportive de haut niveau d\u00e8s son arriv\u00e9e \u00e0 La Pr\u00e9pa des INP \u00e0 Toulouse et est accompagn\u00e9e par la Fondation Grenoble INP. En 2019, elle fait son entr\u00e9e dans le circuit international en faisant ses premi\u00e8res exp\u00e9riences sur les Coupes d\u2019Europe de Melilla (Espagne) et de Malm\u00f6 (Su\u00e8de). Pour sa premi\u00e8re course de la saison, elle finit 5<sup>e<\/sup> au classement, une belle performance pour cette athl\u00e8te qui vise un top 2 en Coupe d\u2019Europe.<\/p>\n\n\n\n<p>Lucas nous livre ses impressions \u00e0 la suite de cette victoire&nbsp;:<\/p>\n\n\n\n<blockquote class=\"wp-block-quote\"><p><em>\u00ab\u00a0Apr\u00e8s presque un an sans m&rsquo;\u00eatre align\u00e9 au d\u00e9part d&rsquo;une comp\u00e9tition, je suis heureux de pouvoir enfin recourir ! Je sors de l&rsquo;eau aux alentours de la 15\u00e8me place apr\u00e8s 750m de natation dans une&nbsp;mer&nbsp;agit\u00e9e. Le parcours v\u00e9lo \u00e9tait tr\u00e8s roulant (30min pour 20km). Je pose le v\u00e9lo \u00e0 la 7\u00e8me position pour ensuite revenir aux avant-postes au terme d&rsquo;une course \u00e0 pied \u00e9prouvante ! Je tiens \u00e0 remercier l&rsquo;ensemble des personnes qui me soutiennent et particuli\u00e8rement Grenoble INP &#8211; Ensimag et la Fondation Grenoble INP.\u00a0\u00bb&nbsp;<\/em><\/p><cite><em><strong>Lucas Damalix, Sportif de Haut Niveau en Triathlon et \u00e9tudiant \u00e0 Grenoble INP &#8211; Ensimag<\/strong><\/em><\/cite><\/blockquote>\n\n\n\n<p>F\u00e9licitations \u00e0 eux pour ce classement&nbsp;!<\/p>\n\n\n\n<p>A consulter&nbsp;:<\/p>\n\n\n\n<figure class=\"wp-block-embed is-type-wp-embed is-provider-challenge-riccione wp-block-embed-challenge-riccione\"><div class=\"wp-block-embed__wrapper\">\n<div class=\"oceanwp-oembed-wrap clr\"><blockquote class=\"wp-embedded-content\" data-secret=\"jQb5hr6TwU\"><a href=\"https:\/\/www.challenge-riccione.it\/eng\/2021\/05\/08\/sharon-spimi-and-lucas-damalix-ensure-an-exciting-first-day-of-challenge-riccione\/\">Sharon Spimi and Lucas Damalix ensure an exciting first day of Challenge Riccione.<\/a><\/blockquote><iframe class=\"wp-embedded-content\" sandbox=\"allow-scripts\" security=\"restricted\" style=\"position: absolute; clip: rect(1px, 1px, 1px, 1px);\" title=\"&#8220;Sharon Spimi and Lucas Damalix ensure an exciting first day of Challenge Riccione.&#8221; &#8212; Challenge Riccione\" src=\"https:\/\/www.challenge-riccione.it\/eng\/2021\/05\/08\/sharon-spimi-and-lucas-damalix-ensure-an-exciting-first-day-of-challenge-riccione\/embed\/#?secret=jQb5hr6TwU\" data-secret=\"jQb5hr6TwU\" width=\"600\" height=\"338\" frameborder=\"0\" marginwidth=\"0\" marginheight=\"0\" scrolling=\"no\"><\/iframe><\/div>\n<\/div><\/figure>\n\n\n\n<p><\/p>","protected":false},"excerpt":{"rendered":"<p>C\u00e9line Tarabbia et Lucas Damalix, sportive et sportif de haut niveau \u00e0 Grenoble INP et soutenus par la Fondation Grenoble INP, ont particip\u00e9 au triathlon Challenge Riccione (Italie) ce 8 mai. Lucas remporte la 1\u00e8re place tandis que C\u00e9line se classe \u00e0 la 5e place. Apr\u00e8s un an d\u2019interruption li\u00e9e \u00e0 la crise sanitaire, la [&hellip;]<\/p>","protected":false},"author":4,"featured_media":12582,"comment_status":"closed","ping_status":"open","sticky":false,"template":"","format":"standard","meta":[],"categories":[477],"tags":[],"acf":[],"yoast_head":"<!-- This site is optimized with the Yoast SEO plugin v18.0 - https:\/\/yoast.com\/wordpress\/plugins\/seo\/ -->\n<title>Beau retour \u00e0 la comp\u00e9tition pour Lucas et Celine, deux \u00e9tudiants Sportifs de Haut Niveau de la Fondation Grenoble INP - Fondation Grenoble INP<\/title>\n<meta name=\"robots\" content=\"index, follow, max-snippet:-1, max-image-preview:large, max-video-preview:-1\" \/>\n<link rel=\"canonical\" href=\"https:\/\/fondation-grenoble-inp.fr\/en\/beau-retour-a-la-competition-pour-lucas-et-celine-deux-etudiants-sportifs-de-haut-niveau-de-la-fondation-grenoble-inp\/\" \/>\n<meta property=\"og:locale\" content=\"en_US\" \/>\n<meta property=\"og:type\" content=\"article\" \/>\n<meta property=\"og:title\" content=\"Beau retour \u00e0 la comp\u00e9tition pour Lucas et Celine, deux \u00e9tudiants Sportifs de Haut Niveau de la Fondation Grenoble INP - Fondation Grenoble INP\" \/>\n<meta property=\"og:description\" content=\"C\u00e9line Tarabbia et Lucas Damalix, sportive et sportif de haut niveau \u00e0 Grenoble INP et soutenus par la Fondation Grenoble INP, ont particip\u00e9 au triathlon Challenge Riccione (Italie) ce 8 mai. Lucas remporte la 1\u00e8re place tandis que C\u00e9line se classe \u00e0 la 5e place. Apr\u00e8s un an d\u2019interruption li\u00e9e \u00e0 la crise sanitaire, la [&hellip;]\" \/>\n<meta property=\"og:url\" content=\"https:\/\/fondation-grenoble-inp.fr\/en\/beau-retour-a-la-competition-pour-lucas-et-celine-deux-etudiants-sportifs-de-haut-niveau-de-la-fondation-grenoble-inp\/\" \/>\n<meta property=\"og:site_name\" content=\"Fondation Grenoble INP\" \/>\n<meta property=\"article:published_time\" content=\"2021-05-11T14:55:43+00:00\" \/>\n<meta property=\"article:modified_time\" content=\"2023-07-24T13:05:18+00:00\" \/>\n<meta property=\"og:image\" content=\"https:\/\/fondation-grenoble-inp.fr\/wp-content\/uploads\/2021\/05\/Riccione_fondation_Slider.jpg\" \/>\n\t<meta property=\"og:image:width\" content=\"1196\" \/>\n\t<meta property=\"og:image:height\" content=\"757\" \/>\n\t<meta property=\"og:image:type\" content=\"image\/jpeg\" \/>\n<meta name=\"twitter:card\" content=\"summary_large_image\" \/>\n<meta name=\"twitter:label1\" content=\"Written by\" \/>\n\t<meta name=\"twitter:data1\" content=\"Murielle\" \/>\n\t<meta name=\"twitter:label2\" content=\"Est. reading time\" \/>\n\t<meta name=\"twitter:data2\" content=\"2 minutes\" \/>\n<script type=\"application\/ld+json\" class=\"yoast-schema-graph\">{\"@context\":\"https:\/\/schema.org\",\"@graph\":[{\"@type\":\"Organization\",\"@id\":\"https:\/\/fondation-grenoble-inp.fr\/#organization\",\"name\":\"Fondation INP Grenoble\",\"url\":\"https:\/\/fondation-grenoble-inp.fr\/\",\"sameAs\":[],\"logo\":{\"@type\":\"ImageObject\",\"@id\":\"https:\/\/fondation-grenoble-inp.fr\/#logo\",\"inLanguage\":\"en-US\",\"url\":\"https:\/\/fondation-grenoble-inp.fr\/wp-content\/uploads\/2021\/03\/cropped-favicon-fondation-inp-grenoble.png\",\"contentUrl\":\"https:\/\/fondation-grenoble-inp.fr\/wp-content\/uploads\/2021\/03\/cropped-favicon-fondation-inp-grenoble.png\",\"width\":512,\"height\":512,\"caption\":\"Fondation INP Grenoble\"},\"image\":{\"@id\":\"https:\/\/fondation-grenoble-inp.fr\/#logo\"}},{\"@type\":\"WebSite\",\"@id\":\"https:\/\/fondation-grenoble-inp.fr\/#website\",\"url\":\"https:\/\/fondation-grenoble-inp.fr\/\",\"name\":\"Fondation Grenoble INP\",\"description\":\"#OsezlAvenir\",\"publisher\":{\"@id\":\"https:\/\/fondation-grenoble-inp.fr\/#organization\"},\"potentialAction\":[{\"@type\":\"SearchAction\",\"target\":{\"@type\":\"EntryPoint\",\"urlTemplate\":\"https:\/\/fondation-grenoble-inp.fr\/?s={search_term_string}\"},\"query-input\":\"required name=search_term_string\"}],\"inLanguage\":\"en-US\"},{\"@type\":\"ImageObject\",\"@id\":\"https:\/\/fondation-grenoble-inp.fr\/beau-retour-a-la-competition-pour-lucas-et-celine-deux-etudiants-sportifs-de-haut-niveau-de-la-fondation-grenoble-inp\/#primaryimage\",\"inLanguage\":\"en-US\",\"url\":\"https:\/\/fondation-grenoble-inp.fr\/wp-content\/uploads\/2021\/05\/Riccione_fondation_Slider.jpg\",\"contentUrl\":\"https:\/\/fondation-grenoble-inp.fr\/wp-content\/uploads\/2021\/05\/Riccione_fondation_Slider.jpg\",\"width\":\"1196\",\"height\":\"757\"},{\"@type\":\"WebPage\",\"@id\":\"https:\/\/fondation-grenoble-inp.fr\/beau-retour-a-la-competition-pour-lucas-et-celine-deux-etudiants-sportifs-de-haut-niveau-de-la-fondation-grenoble-inp\/#webpage\",\"url\":\"https:\/\/fondation-grenoble-inp.fr\/beau-retour-a-la-competition-pour-lucas-et-celine-deux-etudiants-sportifs-de-haut-niveau-de-la-fondation-grenoble-inp\/\",\"name\":\"Beau retour \u00e0 la comp\u00e9tition pour Lucas et Celine, deux \u00e9tudiants Sportifs de Haut Niveau de la Fondation Grenoble INP - Fondation Grenoble INP\",\"isPartOf\":{\"@id\":\"https:\/\/fondation-grenoble-inp.fr\/#website\"},\"primaryImageOfPage\":{\"@id\":\"https:\/\/fondation-grenoble-inp.fr\/beau-retour-a-la-competition-pour-lucas-et-celine-deux-etudiants-sportifs-de-haut-niveau-de-la-fondation-grenoble-inp\/#primaryimage\"},\"datePublished\":\"2021-05-11T14:55:43+00:00\",\"dateModified\":\"2023-07-24T13:05:18+00:00\",\"breadcrumb\":{\"@id\":\"https:\/\/fondation-grenoble-inp.fr\/beau-retour-a-la-competition-pour-lucas-et-celine-deux-etudiants-sportifs-de-haut-niveau-de-la-fondation-grenoble-inp\/#breadcrumb\"},\"inLanguage\":\"en-US\",\"potentialAction\":[{\"@type\":\"ReadAction\",\"target\":[\"https:\/\/fondation-grenoble-inp.fr\/beau-retour-a-la-competition-pour-lucas-et-celine-deux-etudiants-sportifs-de-haut-niveau-de-la-fondation-grenoble-inp\/\"]}]},{\"@type\":\"BreadcrumbList\",\"@id\":\"https:\/\/fondation-grenoble-inp.fr\/beau-retour-a-la-competition-pour-lucas-et-celine-deux-etudiants-sportifs-de-haut-niveau-de-la-fondation-grenoble-inp\/#breadcrumb\",\"itemListElement\":[{\"@type\":\"ListItem\",\"position\":1,\"name\":\"Accueil\",\"item\":\"https:\/\/fondation-grenoble-inp.fr\/\"},{\"@type\":\"ListItem\",\"position\":2,\"name\":\"Beau retour \u00e0 la comp\u00e9tition pour Lucas et Celine, deux \u00e9tudiants Sportifs de Haut Niveau de la Fondation Grenoble INP\"}]},{\"@type\":\"Article\",\"@id\":\"https:\/\/fondation-grenoble-inp.fr\/beau-retour-a-la-competition-pour-lucas-et-celine-deux-etudiants-sportifs-de-haut-niveau-de-la-fondation-grenoble-inp\/#article\",\"isPartOf\":{\"@id\":\"https:\/\/fondation-grenoble-inp.fr\/beau-retour-a-la-competition-pour-lucas-et-celine-deux-etudiants-sportifs-de-haut-niveau-de-la-fondation-grenoble-inp\/#webpage\"},\"author\":{\"@id\":\"https:\/\/fondation-grenoble-inp.fr\/#\/schema\/person\/b3b57bf0f0ccfd32237a6d2dbbe56adf\"},\"headline\":\"Beau retour \u00e0 la comp\u00e9tition pour Lucas et Celine, deux \u00e9tudiants Sportifs de Haut Niveau de la Fondation Grenoble INP\",\"datePublished\":\"2021-05-11T14:55:43+00:00\",\"dateModified\":\"2023-07-24T13:05:18+00:00\",\"mainEntityOfPage\":{\"@id\":\"https:\/\/fondation-grenoble-inp.fr\/beau-retour-a-la-competition-pour-lucas-et-celine-deux-etudiants-sportifs-de-haut-niveau-de-la-fondation-grenoble-inp\/#webpage\"},\"wordCount\":463,\"publisher\":{\"@id\":\"https:\/\/fondation-grenoble-inp.fr\/#organization\"},\"image\":{\"@id\":\"https:\/\/fondation-grenoble-inp.fr\/beau-retour-a-la-competition-pour-lucas-et-celine-deux-etudiants-sportifs-de-haut-niveau-de-la-fondation-grenoble-inp\/#primaryimage\"},\"thumbnailUrl\":\"https:\/\/fondation-grenoble-inp.fr\/wp-content\/uploads\/2021\/05\/Riccione_fondation_Slider.jpg\",\"articleSection\":[\"Les Bourses\"],\"inLanguage\":\"en-US\"},{\"@type\":\"Person\",\"@id\":\"https:\/\/fondation-grenoble-inp.fr\/#\/schema\/person\/b3b57bf0f0ccfd32237a6d2dbbe56adf\",\"name\":\"Murielle\",\"image\":{\"@type\":\"ImageObject\",\"@id\":\"https:\/\/fondation-grenoble-inp.fr\/#personlogo\",\"inLanguage\":\"en-US\",\"url\":\"https:\/\/secure.gravatar.com\/avatar\/369007e9cd71fa50966d886d04134cbd?s=96&d=mm&r=g\",\"contentUrl\":\"https:\/\/secure.gravatar.com\/avatar\/369007e9cd71fa50966d886d04134cbd?s=96&d=mm&r=g\",\"caption\":\"Murielle\"}}]}<\/script>\n<!-- \/ Yoast SEO plugin. -->","yoast_head_json":{"title":"Beau retour \u00e0 la comp\u00e9tition pour Lucas et Celine, deux \u00e9tudiants Sportifs de Haut Niveau de la Fondation Grenoble INP - Fondation Grenoble INP","robots":{"index":"index","follow":"follow","max-snippet":"max-snippet:-1","max-image-preview":"max-image-preview:large","max-video-preview":"max-video-preview:-1"},"canonical":"https:\/\/fondation-grenoble-inp.fr\/en\/beau-retour-a-la-competition-pour-lucas-et-celine-deux-etudiants-sportifs-de-haut-niveau-de-la-fondation-grenoble-inp\/","og_locale":"en_US","og_type":"article","og_title":"Beau retour \u00e0 la comp\u00e9tition pour Lucas et Celine, deux \u00e9tudiants Sportifs de Haut Niveau de la Fondation Grenoble INP - Fondation Grenoble INP","og_description":"C\u00e9line Tarabbia et Lucas Damalix, sportive et sportif de haut niveau \u00e0 Grenoble INP et soutenus par la Fondation Grenoble INP, ont particip\u00e9 au triathlon Challenge Riccione (Italie) ce 8 mai. Lucas remporte la 1\u00e8re place tandis que C\u00e9line se classe \u00e0 la 5e place. Apr\u00e8s un an d\u2019interruption li\u00e9e \u00e0 la crise sanitaire, la [&hellip;]","og_url":"https:\/\/fondation-grenoble-inp.fr\/en\/beau-retour-a-la-competition-pour-lucas-et-celine-deux-etudiants-sportifs-de-haut-niveau-de-la-fondation-grenoble-inp\/","og_site_name":"Fondation Grenoble INP","article_published_time":"2021-05-11T14:55:43+00:00","article_modified_time":"2023-07-24T13:05:18+00:00","og_image":[{"width":"1196","height":"757","url":"https:\/\/fondation-grenoble-inp.fr\/wp-content\/uploads\/2021\/05\/Riccione_fondation_Slider.jpg","type":"image\/jpeg"}],"twitter_card":"summary_large_image","twitter_misc":{"Written by":"Murielle","Est. reading time":"2 minutes"},"schema":{"@context":"https:\/\/schema.org","@graph":[{"@type":"Organization","@id":"https:\/\/fondation-grenoble-inp.fr\/#organization","name":"Fondation INP Grenoble","url":"https:\/\/fondation-grenoble-inp.fr\/","sameAs":[],"logo":{"@type":"ImageObject","@id":"https:\/\/fondation-grenoble-inp.fr\/#logo","inLanguage":"en-US","url":"https:\/\/fondation-grenoble-inp.fr\/wp-content\/uploads\/2021\/03\/cropped-favicon-fondation-inp-grenoble.png","contentUrl":"https:\/\/fondation-grenoble-inp.fr\/wp-content\/uploads\/2021\/03\/cropped-favicon-fondation-inp-grenoble.png","width":512,"height":512,"caption":"Fondation INP Grenoble"},"image":{"@id":"https:\/\/fondation-grenoble-inp.fr\/#logo"}},{"@type":"WebSite","@id":"https:\/\/fondation-grenoble-inp.fr\/#website","url":"https:\/\/fondation-grenoble-inp.fr\/","name":"Fondation Grenoble INP","description":"#OsezlAvenir","publisher":{"@id":"https:\/\/fondation-grenoble-inp.fr\/#organization"},"potentialAction":[{"@type":"SearchAction","target":{"@type":"EntryPoint","urlTemplate":"https:\/\/fondation-grenoble-inp.fr\/?s={search_term_string}"},"query-input":"required name=search_term_string"}],"inLanguage":"en-US"},{"@type":"ImageObject","@id":"https:\/\/fondation-grenoble-inp.fr\/beau-retour-a-la-competition-pour-lucas-et-celine-deux-etudiants-sportifs-de-haut-niveau-de-la-fondation-grenoble-inp\/#primaryimage","inLanguage":"en-US","url":"https:\/\/fondation-grenoble-inp.fr\/wp-content\/uploads\/2021\/05\/Riccione_fondation_Slider.jpg","contentUrl":"https:\/\/fondation-grenoble-inp.fr\/wp-content\/uploads\/2021\/05\/Riccione_fondation_Slider.jpg","width":"1196","height":"757"},{"@type":"WebPage","@id":"https:\/\/fondation-grenoble-inp.fr\/beau-retour-a-la-competition-pour-lucas-et-celine-deux-etudiants-sportifs-de-haut-niveau-de-la-fondation-grenoble-inp\/#webpage","url":"https:\/\/fondation-grenoble-inp.fr\/beau-retour-a-la-competition-pour-lucas-et-celine-deux-etudiants-sportifs-de-haut-niveau-de-la-fondation-grenoble-inp\/","name":"Beau retour \u00e0 la comp\u00e9tition pour Lucas et Celine, deux \u00e9tudiants Sportifs de Haut Niveau de la Fondation Grenoble INP - Fondation Grenoble INP","isPartOf":{"@id":"https:\/\/fondation-grenoble-inp.fr\/#website"},"primaryImageOfPage":{"@id":"https:\/\/fondation-grenoble-inp.fr\/beau-retour-a-la-competition-pour-lucas-et-celine-deux-etudiants-sportifs-de-haut-niveau-de-la-fondation-grenoble-inp\/#primaryimage"},"datePublished":"2021-05-11T14:55:43+00:00","dateModified":"2023-07-24T13:05:18+00:00","breadcrumb":{"@id":"https:\/\/fondation-grenoble-inp.fr\/beau-retour-a-la-competition-pour-lucas-et-celine-deux-etudiants-sportifs-de-haut-niveau-de-la-fondation-grenoble-inp\/#breadcrumb"},"inLanguage":"en-US","potentialAction":[{"@type":"ReadAction","target":["https:\/\/fondation-grenoble-inp.fr\/beau-retour-a-la-competition-pour-lucas-et-celine-deux-etudiants-sportifs-de-haut-niveau-de-la-fondation-grenoble-inp\/"]}]},{"@type":"BreadcrumbList","@id":"https:\/\/fondation-grenoble-inp.fr\/beau-retour-a-la-competition-pour-lucas-et-celine-deux-etudiants-sportifs-de-haut-niveau-de-la-fondation-grenoble-inp\/#breadcrumb","itemListElement":[{"@type":"ListItem","position":1,"name":"Accueil","item":"https:\/\/fondation-grenoble-inp.fr\/"},{"@type":"ListItem","position":2,"name":"Beau retour \u00e0 la comp\u00e9tition pour Lucas et Celine, deux \u00e9tudiants Sportifs de Haut Niveau de la Fondation Grenoble INP"}]},{"@type":"Article","@id":"https:\/\/fondation-grenoble-inp.fr\/beau-retour-a-la-competition-pour-lucas-et-celine-deux-etudiants-sportifs-de-haut-niveau-de-la-fondation-grenoble-inp\/#article","isPartOf":{"@id":"https:\/\/fondation-grenoble-inp.fr\/beau-retour-a-la-competition-pour-lucas-et-celine-deux-etudiants-sportifs-de-haut-niveau-de-la-fondation-grenoble-inp\/#webpage"},"author":{"@id":"https:\/\/fondation-grenoble-inp.fr\/#\/schema\/person\/b3b57bf0f0ccfd32237a6d2dbbe56adf"},"headline":"Beau retour \u00e0 la comp\u00e9tition pour Lucas et Celine, deux \u00e9tudiants Sportifs de Haut Niveau de la Fondation Grenoble INP","datePublished":"2021-05-11T14:55:43+00:00","dateModified":"2023-07-24T13:05:18+00:00","mainEntityOfPage":{"@id":"https:\/\/fondation-grenoble-inp.fr\/beau-retour-a-la-competition-pour-lucas-et-celine-deux-etudiants-sportifs-de-haut-niveau-de-la-fondation-grenoble-inp\/#webpage"},"wordCount":463,"publisher":{"@id":"https:\/\/fondation-grenoble-inp.fr\/#organization"},"image":{"@id":"https:\/\/fondation-grenoble-inp.fr\/beau-retour-a-la-competition-pour-lucas-et-celine-deux-etudiants-sportifs-de-haut-niveau-de-la-fondation-grenoble-inp\/#primaryimage"},"thumbnailUrl":"https:\/\/fondation-grenoble-inp.fr\/wp-content\/uploads\/2021\/05\/Riccione_fondation_Slider.jpg","articleSection":["Les Bourses"],"inLanguage":"en-US"},{"@type":"Person","@id":"https:\/\/fondation-grenoble-inp.fr\/#\/schema\/person\/b3b57bf0f0ccfd32237a6d2dbbe56adf","name":"Murielle","image":{"@type":"ImageObject","@id":"https:\/\/fondation-grenoble-inp.fr\/#personlogo","inLanguage":"en-US","url":"https:\/\/secure.gravatar.com\/avatar\/369007e9cd71fa50966d886d04134cbd?s=96&d=mm&r=g","contentUrl":"https:\/\/secure.gravatar.com\/avatar\/369007e9cd71fa50966d886d04134cbd?s=96&d=mm&r=g","caption":"Murielle"}}]}},"_links":{"self":[{"href":"https:\/\/fondation-grenoble-inp.fr\/en\/wp-json\/wp\/v2\/posts\/12580"}],"collection":[{"href":"https:\/\/fondation-grenoble-inp.fr\/en\/wp-json\/wp\/v2\/posts"}],"about":[{"href":"https:\/\/fondation-grenoble-inp.fr\/en\/wp-json\/wp\/v2\/types\/post"}],"author":[{"embeddable":true,"href":"https:\/\/fondation-grenoble-inp.fr\/en\/wp-json\/wp\/v2\/users\/4"}],"replies":[{"embeddable":true,"href":"https:\/\/fondation-grenoble-inp.fr\/en\/wp-json\/wp\/v2\/comments?post=12580"}],"version-history":[{"count":5,"href":"https:\/\/fondation-grenoble-inp.fr\/en\/wp-json\/wp\/v2\/posts\/12580\/revisions"}],"predecessor-version":[{"id":12708,"href":"https:\/\/fondation-grenoble-inp.fr\/en\/wp-json\/wp\/v2\/posts\/12580\/revisions\/12708"}],"wp:featuredmedia":[{"embeddable":true,"href":"https:\/\/fondation-grenoble-inp.fr\/en\/wp-json\/wp\/v2\/media\/12582"}],"wp:attachment":[{"href":"https:\/\/fondation-grenoble-inp.fr\/en\/wp-json\/wp\/v2\/media?parent=12580"}],"wp:term":[{"taxonomy":"category","embeddable":true,"href":"https:\/\/fondation-grenoble-inp.fr\/en\/wp-json\/wp\/v2\/categories?post=12580"},{"taxonomy":"post_tag","embeddable":true,"href":"https:\/\/fondation-grenoble-inp.fr\/en\/wp-json\/wp\/v2\/tags?post=12580"}],"curies":[{"name":"wp","href":"https:\/\/api.w.org\/{rel}","templated":true}]}}