{"id":12881,"date":"2021-09-15T16:47:53","date_gmt":"2021-09-15T14:47:53","guid":{"rendered":"https:\/\/fondation-grenoble-inp.fr\/?p=12881"},"modified":"2023-07-24T15:05:17","modified_gmt":"2023-07-24T13:05:17","slug":"premieres-lueurs-2021-reservez-vos-places","status":"publish","type":"post","link":"https:\/\/fondation-grenoble-inp.fr\/en\/premieres-lueurs-2021-reservez-vos-places\/","title":{"rendered":"Premi\u00e8res lueurs 2021 : r\u00e9servez vos places"},"content":{"rendered":"<p>\u00ab Sc\u00e8ne artistique de jeune cr\u00e9ation contemporaine \u00bb &#8211; Edition 2021<\/p>\n\n\n\n<p>Premi\u00e8res Lueurs est un \u00e9v\u00e9nement artistique, soutenu par la Fondation, qui propose de mettre en lumi\u00e8re et en relation les tr\u00e8s jeunes artistes du spectacle vivant.<\/p>\n\n\n\n<p>Trois repr\u00e9sentations sont organis\u00e9es : <\/p>\n\n\n\n<p class=\"has-text-align-center\"><strong>18 septembre 20h00<\/strong> &#8211; A la salle des f\u00eates du Sappey en Chartreuse<\/p>\n\n\n\n<p class=\"has-text-align-center\"><strong>19 septembre 17h30<\/strong> &#8211; A la salle des f\u00eates du Sappey en Chartreuse<\/p>\n\n\n\n<p class=\"has-text-align-center\"><strong>24 septembre 20h30<\/strong> &#8211; A la maison de la musique de Meylan<\/p>\n\n\n\n<p><strong>Il est conseill\u00e9 de r\u00e9server !<\/strong> Par mail, \u00e0 <a href=\"mailto:festival.premiereslueurs@gmail.com\" target=\"_blank\" rel=\"noreferrer noopener\">festival.premiereslueurs@gmail.com<\/a><\/p>\n\n\n\n<p>Au programme : <\/p>\n\n\n\n<ul><li>Th\u00e9ophile Aschehoug &#8211; La t\u00eate pleine &#8211; Performance musicale <\/li><li>Johanne Charpe &#8211; Solo &#8211; Danse et musique<\/li><li>Emma Chamoux et Lou Couston &#8211; Proha\u00efresis &#8211; Danse<\/li><\/ul>\n\n\n\n<figure class=\"wp-block-embed is-type-video is-provider-youtube wp-block-embed-youtube wp-embed-aspect-16-9 wp-has-aspect-ratio\"><div class=\"wp-block-embed__wrapper\">\n<p class=\"responsive-video-wrap clr\"><iframe loading=\"lazy\" title=\"Teaser Premi\u00e8res Lueurs 2021\" width=\"1200\" height=\"675\" src=\"https:\/\/www.youtube.com\/embed\/DVSnBk2K5Dc?feature=oembed\" frameborder=\"0\" allow=\"accelerometer; autoplay; clipboard-write; encrypted-media; gyroscope; picture-in-picture\" allowfullscreen><\/iframe><\/p>\n<\/div><figcaption>Teaser Premi\u00e8res lueurs &#8211; Edition 2021<\/figcaption><\/figure>\n\n\n\n<p>Dur\u00e9e du spectacle : 1h20<\/p>\n\n\n\n<p>Tarif : prix libre<\/p>\n\n\n\n<p><\/p>","protected":false},"excerpt":{"rendered":"<p>\u00ab Sc\u00e8ne artistique de jeune cr\u00e9ation contemporaine \u00bb &#8211; Edition 2021 Premi\u00e8res Lueurs est un \u00e9v\u00e9nement artistique, soutenu par la Fondation, qui propose de mettre en lumi\u00e8re et en relation les tr\u00e8s jeunes artistes du spectacle vivant. Trois repr\u00e9sentations sont organis\u00e9es : 18 septembre 20h00 &#8211; A la salle des f\u00eates du Sappey en Chartreuse [&hellip;]<\/p>","protected":false},"author":4,"featured_media":12882,"comment_status":"closed","ping_status":"open","sticky":false,"template":"","format":"standard","meta":[],"categories":[477],"tags":[],"acf":[],"yoast_head":"<!-- This site is optimized with the Yoast SEO plugin v18.0 - https:\/\/yoast.com\/wordpress\/plugins\/seo\/ -->\n<title>Premi\u00e8res lueurs 2021 : r\u00e9servez vos places - Fondation Grenoble INP<\/title>\n<meta name=\"robots\" content=\"index, follow, max-snippet:-1, max-image-preview:large, max-video-preview:-1\" \/>\n<link rel=\"canonical\" href=\"https:\/\/fondation-grenoble-inp.fr\/en\/premieres-lueurs-2021-reservez-vos-places\/\" \/>\n<meta property=\"og:locale\" content=\"en_US\" \/>\n<meta property=\"og:type\" content=\"article\" \/>\n<meta property=\"og:title\" content=\"Premi\u00e8res lueurs 2021 : r\u00e9servez vos places - Fondation Grenoble INP\" \/>\n<meta property=\"og:description\" content=\"\u00ab Sc\u00e8ne artistique de jeune cr\u00e9ation contemporaine \u00bb &#8211; Edition 2021 Premi\u00e8res Lueurs est un \u00e9v\u00e9nement artistique, soutenu par la Fondation, qui propose de mettre en lumi\u00e8re et en relation les tr\u00e8s jeunes artistes du spectacle vivant. Trois repr\u00e9sentations sont organis\u00e9es : 18 septembre 20h00 &#8211; A la salle des f\u00eates du Sappey en Chartreuse [&hellip;]\" \/>\n<meta property=\"og:url\" content=\"https:\/\/fondation-grenoble-inp.fr\/en\/premieres-lueurs-2021-reservez-vos-places\/\" \/>\n<meta property=\"og:site_name\" content=\"Fondation Grenoble INP\" \/>\n<meta property=\"article:published_time\" content=\"2021-09-15T14:47:53+00:00\" \/>\n<meta property=\"article:modified_time\" content=\"2023-07-24T13:05:17+00:00\" \/>\n<meta property=\"og:image\" content=\"https:\/\/fondation-grenoble-inp.fr\/wp-content\/uploads\/2021\/09\/AdobeStock_24847354.jpg\" \/>\n\t<meta property=\"og:image:width\" content=\"1600\" \/>\n\t<meta property=\"og:image:height\" content=\"937\" \/>\n\t<meta property=\"og:image:type\" content=\"image\/jpeg\" \/>\n<meta name=\"twitter:card\" content=\"summary_large_image\" \/>\n<meta name=\"twitter:label1\" content=\"Written by\" \/>\n\t<meta name=\"twitter:data1\" content=\"Murielle\" \/>\n\t<meta name=\"twitter:label2\" content=\"Est. reading time\" \/>\n\t<meta name=\"twitter:data2\" content=\"1 minute\" \/>\n<script type=\"application\/ld+json\" class=\"yoast-schema-graph\">{\"@context\":\"https:\/\/schema.org\",\"@graph\":[{\"@type\":\"Organization\",\"@id\":\"https:\/\/fondation-grenoble-inp.fr\/#organization\",\"name\":\"Fondation INP Grenoble\",\"url\":\"https:\/\/fondation-grenoble-inp.fr\/\",\"sameAs\":[],\"logo\":{\"@type\":\"ImageObject\",\"@id\":\"https:\/\/fondation-grenoble-inp.fr\/#logo\",\"inLanguage\":\"en-US\",\"url\":\"https:\/\/fondation-grenoble-inp.fr\/wp-content\/uploads\/2021\/03\/cropped-favicon-fondation-inp-grenoble.png\",\"contentUrl\":\"https:\/\/fondation-grenoble-inp.fr\/wp-content\/uploads\/2021\/03\/cropped-favicon-fondation-inp-grenoble.png\",\"width\":512,\"height\":512,\"caption\":\"Fondation INP Grenoble\"},\"image\":{\"@id\":\"https:\/\/fondation-grenoble-inp.fr\/#logo\"}},{\"@type\":\"WebSite\",\"@id\":\"https:\/\/fondation-grenoble-inp.fr\/#website\",\"url\":\"https:\/\/fondation-grenoble-inp.fr\/\",\"name\":\"Fondation Grenoble INP\",\"description\":\"#OsezlAvenir\",\"publisher\":{\"@id\":\"https:\/\/fondation-grenoble-inp.fr\/#organization\"},\"potentialAction\":[{\"@type\":\"SearchAction\",\"target\":{\"@type\":\"EntryPoint\",\"urlTemplate\":\"https:\/\/fondation-grenoble-inp.fr\/?s={search_term_string}\"},\"query-input\":\"required name=search_term_string\"}],\"inLanguage\":\"en-US\"},{\"@type\":\"ImageObject\",\"@id\":\"https:\/\/fondation-grenoble-inp.fr\/premieres-lueurs-2021-reservez-vos-places\/#primaryimage\",\"inLanguage\":\"en-US\",\"url\":\"https:\/\/fondation-grenoble-inp.fr\/wp-content\/uploads\/2021\/09\/AdobeStock_24847354.jpg\",\"contentUrl\":\"https:\/\/fondation-grenoble-inp.fr\/wp-content\/uploads\/2021\/09\/AdobeStock_24847354.jpg\",\"width\":1600,\"height\":937},{\"@type\":\"WebPage\",\"@id\":\"https:\/\/fondation-grenoble-inp.fr\/premieres-lueurs-2021-reservez-vos-places\/#webpage\",\"url\":\"https:\/\/fondation-grenoble-inp.fr\/premieres-lueurs-2021-reservez-vos-places\/\",\"name\":\"Premi\u00e8res lueurs 2021 : r\u00e9servez vos places - Fondation Grenoble INP\",\"isPartOf\":{\"@id\":\"https:\/\/fondation-grenoble-inp.fr\/#website\"},\"primaryImageOfPage\":{\"@id\":\"https:\/\/fondation-grenoble-inp.fr\/premieres-lueurs-2021-reservez-vos-places\/#primaryimage\"},\"datePublished\":\"2021-09-15T14:47:53+00:00\",\"dateModified\":\"2023-07-24T13:05:17+00:00\",\"breadcrumb\":{\"@id\":\"https:\/\/fondation-grenoble-inp.fr\/premieres-lueurs-2021-reservez-vos-places\/#breadcrumb\"},\"inLanguage\":\"en-US\",\"potentialAction\":[{\"@type\":\"ReadAction\",\"target\":[\"https:\/\/fondation-grenoble-inp.fr\/premieres-lueurs-2021-reservez-vos-places\/\"]}]},{\"@type\":\"BreadcrumbList\",\"@id\":\"https:\/\/fondation-grenoble-inp.fr\/premieres-lueurs-2021-reservez-vos-places\/#breadcrumb\",\"itemListElement\":[{\"@type\":\"ListItem\",\"position\":1,\"name\":\"Accueil\",\"item\":\"https:\/\/fondation-grenoble-inp.fr\/\"},{\"@type\":\"ListItem\",\"position\":2,\"name\":\"Premi\u00e8res lueurs 2021 : r\u00e9servez vos places\"}]},{\"@type\":\"Article\",\"@id\":\"https:\/\/fondation-grenoble-inp.fr\/premieres-lueurs-2021-reservez-vos-places\/#article\",\"isPartOf\":{\"@id\":\"https:\/\/fondation-grenoble-inp.fr\/premieres-lueurs-2021-reservez-vos-places\/#webpage\"},\"author\":{\"@id\":\"https:\/\/fondation-grenoble-inp.fr\/#\/schema\/person\/b3b57bf0f0ccfd32237a6d2dbbe56adf\"},\"headline\":\"Premi\u00e8res lueurs 2021 : r\u00e9servez vos places\",\"datePublished\":\"2021-09-15T14:47:53+00:00\",\"dateModified\":\"2023-07-24T13:05:17+00:00\",\"mainEntityOfPage\":{\"@id\":\"https:\/\/fondation-grenoble-inp.fr\/premieres-lueurs-2021-reservez-vos-places\/#webpage\"},\"wordCount\":152,\"publisher\":{\"@id\":\"https:\/\/fondation-grenoble-inp.fr\/#organization\"},\"image\":{\"@id\":\"https:\/\/fondation-grenoble-inp.fr\/premieres-lueurs-2021-reservez-vos-places\/#primaryimage\"},\"thumbnailUrl\":\"https:\/\/fondation-grenoble-inp.fr\/wp-content\/uploads\/2021\/09\/AdobeStock_24847354.jpg\",\"articleSection\":[\"Les Bourses\"],\"inLanguage\":\"en-US\"},{\"@type\":\"Person\",\"@id\":\"https:\/\/fondation-grenoble-inp.fr\/#\/schema\/person\/b3b57bf0f0ccfd32237a6d2dbbe56adf\",\"name\":\"Murielle\",\"image\":{\"@type\":\"ImageObject\",\"@id\":\"https:\/\/fondation-grenoble-inp.fr\/#personlogo\",\"inLanguage\":\"en-US\",\"url\":\"https:\/\/secure.gravatar.com\/avatar\/369007e9cd71fa50966d886d04134cbd?s=96&d=mm&r=g\",\"contentUrl\":\"https:\/\/secure.gravatar.com\/avatar\/369007e9cd71fa50966d886d04134cbd?s=96&d=mm&r=g\",\"caption\":\"Murielle\"}}]}<\/script>\n<!-- \/ Yoast SEO plugin. -->","yoast_head_json":{"title":"Premi\u00e8res lueurs 2021 : r\u00e9servez vos places - Fondation Grenoble INP","robots":{"index":"index","follow":"follow","max-snippet":"max-snippet:-1","max-image-preview":"max-image-preview:large","max-video-preview":"max-video-preview:-1"},"canonical":"https:\/\/fondation-grenoble-inp.fr\/en\/premieres-lueurs-2021-reservez-vos-places\/","og_locale":"en_US","og_type":"article","og_title":"Premi\u00e8res lueurs 2021 : r\u00e9servez vos places - Fondation Grenoble INP","og_description":"\u00ab Sc\u00e8ne artistique de jeune cr\u00e9ation contemporaine \u00bb &#8211; Edition 2021 Premi\u00e8res Lueurs est un \u00e9v\u00e9nement artistique, soutenu par la Fondation, qui propose de mettre en lumi\u00e8re et en relation les tr\u00e8s jeunes artistes du spectacle vivant. Trois repr\u00e9sentations sont organis\u00e9es : 18 septembre 20h00 &#8211; A la salle des f\u00eates du Sappey en Chartreuse [&hellip;]","og_url":"https:\/\/fondation-grenoble-inp.fr\/en\/premieres-lueurs-2021-reservez-vos-places\/","og_site_name":"Fondation Grenoble INP","article_published_time":"2021-09-15T14:47:53+00:00","article_modified_time":"2023-07-24T13:05:17+00:00","og_image":[{"width":1600,"height":937,"url":"https:\/\/fondation-grenoble-inp.fr\/wp-content\/uploads\/2021\/09\/AdobeStock_24847354.jpg","type":"image\/jpeg"}],"twitter_card":"summary_large_image","twitter_misc":{"Written by":"Murielle","Est. reading time":"1 minute"},"schema":{"@context":"https:\/\/schema.org","@graph":[{"@type":"Organization","@id":"https:\/\/fondation-grenoble-inp.fr\/#organization","name":"Fondation INP Grenoble","url":"https:\/\/fondation-grenoble-inp.fr\/","sameAs":[],"logo":{"@type":"ImageObject","@id":"https:\/\/fondation-grenoble-inp.fr\/#logo","inLanguage":"en-US","url":"https:\/\/fondation-grenoble-inp.fr\/wp-content\/uploads\/2021\/03\/cropped-favicon-fondation-inp-grenoble.png","contentUrl":"https:\/\/fondation-grenoble-inp.fr\/wp-content\/uploads\/2021\/03\/cropped-favicon-fondation-inp-grenoble.png","width":512,"height":512,"caption":"Fondation INP Grenoble"},"image":{"@id":"https:\/\/fondation-grenoble-inp.fr\/#logo"}},{"@type":"WebSite","@id":"https:\/\/fondation-grenoble-inp.fr\/#website","url":"https:\/\/fondation-grenoble-inp.fr\/","name":"Fondation Grenoble INP","description":"#OsezlAvenir","publisher":{"@id":"https:\/\/fondation-grenoble-inp.fr\/#organization"},"potentialAction":[{"@type":"SearchAction","target":{"@type":"EntryPoint","urlTemplate":"https:\/\/fondation-grenoble-inp.fr\/?s={search_term_string}"},"query-input":"required name=search_term_string"}],"inLanguage":"en-US"},{"@type":"ImageObject","@id":"https:\/\/fondation-grenoble-inp.fr\/premieres-lueurs-2021-reservez-vos-places\/#primaryimage","inLanguage":"en-US","url":"https:\/\/fondation-grenoble-inp.fr\/wp-content\/uploads\/2021\/09\/AdobeStock_24847354.jpg","contentUrl":"https:\/\/fondation-grenoble-inp.fr\/wp-content\/uploads\/2021\/09\/AdobeStock_24847354.jpg","width":1600,"height":937},{"@type":"WebPage","@id":"https:\/\/fondation-grenoble-inp.fr\/premieres-lueurs-2021-reservez-vos-places\/#webpage","url":"https:\/\/fondation-grenoble-inp.fr\/premieres-lueurs-2021-reservez-vos-places\/","name":"Premi\u00e8res lueurs 2021 : r\u00e9servez vos places - Fondation Grenoble INP","isPartOf":{"@id":"https:\/\/fondation-grenoble-inp.fr\/#website"},"primaryImageOfPage":{"@id":"https:\/\/fondation-grenoble-inp.fr\/premieres-lueurs-2021-reservez-vos-places\/#primaryimage"},"datePublished":"2021-09-15T14:47:53+00:00","dateModified":"2023-07-24T13:05:17+00:00","breadcrumb":{"@id":"https:\/\/fondation-grenoble-inp.fr\/premieres-lueurs-2021-reservez-vos-places\/#breadcrumb"},"inLanguage":"en-US","potentialAction":[{"@type":"ReadAction","target":["https:\/\/fondation-grenoble-inp.fr\/premieres-lueurs-2021-reservez-vos-places\/"]}]},{"@type":"BreadcrumbList","@id":"https:\/\/fondation-grenoble-inp.fr\/premieres-lueurs-2021-reservez-vos-places\/#breadcrumb","itemListElement":[{"@type":"ListItem","position":1,"name":"Accueil","item":"https:\/\/fondation-grenoble-inp.fr\/"},{"@type":"ListItem","position":2,"name":"Premi\u00e8res lueurs 2021 : r\u00e9servez vos places"}]},{"@type":"Article","@id":"https:\/\/fondation-grenoble-inp.fr\/premieres-lueurs-2021-reservez-vos-places\/#article","isPartOf":{"@id":"https:\/\/fondation-grenoble-inp.fr\/premieres-lueurs-2021-reservez-vos-places\/#webpage"},"author":{"@id":"https:\/\/fondation-grenoble-inp.fr\/#\/schema\/person\/b3b57bf0f0ccfd32237a6d2dbbe56adf"},"headline":"Premi\u00e8res lueurs 2021 : r\u00e9servez vos places","datePublished":"2021-09-15T14:47:53+00:00","dateModified":"2023-07-24T13:05:17+00:00","mainEntityOfPage":{"@id":"https:\/\/fondation-grenoble-inp.fr\/premieres-lueurs-2021-reservez-vos-places\/#webpage"},"wordCount":152,"publisher":{"@id":"https:\/\/fondation-grenoble-inp.fr\/#organization"},"image":{"@id":"https:\/\/fondation-grenoble-inp.fr\/premieres-lueurs-2021-reservez-vos-places\/#primaryimage"},"thumbnailUrl":"https:\/\/fondation-grenoble-inp.fr\/wp-content\/uploads\/2021\/09\/AdobeStock_24847354.jpg","articleSection":["Les Bourses"],"inLanguage":"en-US"},{"@type":"Person","@id":"https:\/\/fondation-grenoble-inp.fr\/#\/schema\/person\/b3b57bf0f0ccfd32237a6d2dbbe56adf","name":"Murielle","image":{"@type":"ImageObject","@id":"https:\/\/fondation-grenoble-inp.fr\/#personlogo","inLanguage":"en-US","url":"https:\/\/secure.gravatar.com\/avatar\/369007e9cd71fa50966d886d04134cbd?s=96&d=mm&r=g","contentUrl":"https:\/\/secure.gravatar.com\/avatar\/369007e9cd71fa50966d886d04134cbd?s=96&d=mm&r=g","caption":"Murielle"}}]}},"_links":{"self":[{"href":"https:\/\/fondation-grenoble-inp.fr\/en\/wp-json\/wp\/v2\/posts\/12881"}],"collection":[{"href":"https:\/\/fondation-grenoble-inp.fr\/en\/wp-json\/wp\/v2\/posts"}],"about":[{"href":"https:\/\/fondation-grenoble-inp.fr\/en\/wp-json\/wp\/v2\/types\/post"}],"author":[{"embeddable":true,"href":"https:\/\/fondation-grenoble-inp.fr\/en\/wp-json\/wp\/v2\/users\/4"}],"replies":[{"embeddable":true,"href":"https:\/\/fondation-grenoble-inp.fr\/en\/wp-json\/wp\/v2\/comments?post=12881"}],"version-history":[{"count":1,"href":"https:\/\/fondation-grenoble-inp.fr\/en\/wp-json\/wp\/v2\/posts\/12881\/revisions"}],"predecessor-version":[{"id":12883,"href":"https:\/\/fondation-grenoble-inp.fr\/en\/wp-json\/wp\/v2\/posts\/12881\/revisions\/12883"}],"wp:featuredmedia":[{"embeddable":true,"href":"https:\/\/fondation-grenoble-inp.fr\/en\/wp-json\/wp\/v2\/media\/12882"}],"wp:attachment":[{"href":"https:\/\/fondation-grenoble-inp.fr\/en\/wp-json\/wp\/v2\/media?parent=12881"}],"wp:term":[{"taxonomy":"category","embeddable":true,"href":"https:\/\/fondation-grenoble-inp.fr\/en\/wp-json\/wp\/v2\/categories?post=12881"},{"taxonomy":"post_tag","embeddable":true,"href":"https:\/\/fondation-grenoble-inp.fr\/en\/wp-json\/wp\/v2\/tags?post=12881"}],"curies":[{"name":"wp","href":"https:\/\/api.w.org\/{rel}","templated":true}]}}