{"id":13824,"date":"2022-05-19T12:50:20","date_gmt":"2022-05-19T10:50:20","guid":{"rendered":"https:\/\/fondation-grenoble-inp.fr\/?p=13824"},"modified":"2023-07-24T15:04:52","modified_gmt":"2023-07-24T13:04:52","slug":"albin-demaret-joly-represente-la-france-aux-championnats-deurope-en-lituanie","status":"publish","type":"post","link":"https:\/\/fondation-grenoble-inp.fr\/en\/albin-demaret-joly-represente-la-france-aux-championnats-deurope-en-lituanie\/","title":{"rendered":"Albin Demaret-Joly repr\u00e9sente la France aux Championnats d\u2019Europe en Lituanie\u00a0"},"content":{"rendered":"<p><strong>Pour sa premi\u00e8re ann\u00e9e en cat\u00e9gorie s\u00e9nior, Albin Demaret-Joly, \u00e9tudiant \u00e0  <\/strong><a href=\"https:\/\/www.polytech-grenoble.fr\/\" target=\"_blank\" rel=\"noreferrer noopener\"><strong>Polytech Grenoble &#8211; INP, UGA<\/strong><\/a><strong> et Sportif de Haut Niveau soutenu par la Fondation Grenoble INP,&nbsp;est s\u00e9lectionn\u00e9 aux Championnats d\u2019Europe de course d\u2019orientation \u00e0 VTT en Lituanie.<\/strong>&nbsp;<\/p>\n\n\n\n<p>Apr\u00e8s un d\u00e9but de saison intense, <a href=\"https:\/\/www.linkedin.com\/in\/albindemaretjoly\/\" target=\"_blank\" rel=\"noreferrer noopener\">Albin Demaret-Joly<\/a> est s\u00e9lectionn\u00e9 aux Championnats d\u2019Europe de course d\u2019orientation \u00e0 VTT qui se d\u00e9rouleront en Lituanie du&nbsp;20 au 22 mai 2022. Ces championnats seront retransmis en direct sur <a href=\"https:\/\/www.linkedin.com\/company\/tv3-group\/\" target=\"_blank\" rel=\"noreferrer noopener\">TV3 Play<\/a><a href=\"https:\/\/www.linkedin.com\/company\/tv3-group\/\" target=\"_blank\" rel=\"noreferrer noopener\">,<\/a> la <a href=\"https:\/\/play.tv3.lt\/sport\/sections\/europos-orientavimosi-kalnu-dviraciais-cempionatas-2022,4217953\" target=\"_blank\" rel=\"noreferrer noopener\">t\u00e9l\u00e9vision locale<\/a> de la r\u00e9gion. Vous pourrez aussi suivre sa progression en direct avec le <em>tracking<\/em> GPS sur le site d\u2019<a href=\"https:\/\/orienteering.sport\/event\/emtboc-2022\/welcome\/\" target=\"_blank\" rel=\"noreferrer noopener\">IOF Orienteering<\/a>.&nbsp;<\/p>\n\n\n\n<p>Au programme :&nbsp;<\/p>\n\n\n\n<ul><li>Vendredi 20 mai \u00e0&nbsp;9h30 : Sprint&nbsp;<\/li><li>Samedi 21 mai&nbsp;\u00e0 10h30 : Course longue distance&nbsp;<\/li><li>Dimanche 22 mai&nbsp;\u00e0 10h45 : Relais mixte&nbsp;<\/li><\/ul>\n\n\n\n<p>C\u2019est un grand pas pour notre sportif qui signe sa premi\u00e8re s\u00e9lection \u00e0 l\u2019international d\u00e8s&nbsp;son entr\u00e9e en cat\u00e9gorie S\u00e9nior !&nbsp;<\/p>\n\n\n\n<p>Vous pouvez \u00e9galement suivre son aventure sur ses r\u00e9seaux sociaux :&nbsp;<\/p>\n\n\n\n<ul><li>Instagram : <a href=\"https:\/\/www.instagram.com\/albin_demaretjoly\/\" target=\"_blank\" rel=\"noreferrer noopener\">https:\/\/www.instagram.com\/albin_demaretjoly\/<\/a>&nbsp;<\/li><li>Facebook : <a href=\"https:\/\/www.facebook.com\/AlbinDEMARETJOLY\" target=\"_blank\" rel=\"noreferrer noopener\">https:\/\/www.facebook.com\/AlbinDEMARETJOLY<\/a>&nbsp;<\/li><\/ul>\n\n\n\n<p>Encore f\u00e9licitations pour sa s\u00e9lection et bon courage \u00e0 notre champion !&nbsp;<\/p>\n\n\n\n<p>En savoir plus sur Albin : <a href=\"https:\/\/fondation-grenoble-inp.fr\/en\/nos-actions\/albin-demaret-joly\/\" target=\"_blank\" rel=\"noreferrer noopener\">ici<\/a> !<\/p>","protected":false},"excerpt":{"rendered":"<p>Pour sa premi\u00e8re ann\u00e9e en cat\u00e9gorie s\u00e9nior, Albin Demaret-Joly, \u00e9tudiant \u00e0 Polytech Grenoble &#8211; INP, UGA et Sportif de Haut Niveau soutenu par la Fondation Grenoble INP,&nbsp;est s\u00e9lectionn\u00e9 aux Championnats d\u2019Europe de course d\u2019orientation \u00e0 VTT en Lituanie.&nbsp; Apr\u00e8s un d\u00e9but de saison intense, Albin Demaret-Joly est s\u00e9lectionn\u00e9 aux Championnats d\u2019Europe de course d\u2019orientation \u00e0 [&hellip;]<\/p>","protected":false},"author":7,"featured_media":13825,"comment_status":"closed","ping_status":"open","sticky":false,"template":"","format":"standard","meta":[],"categories":[477],"tags":[],"acf":[],"yoast_head":"<!-- This site is optimized with the Yoast SEO plugin v18.0 - https:\/\/yoast.com\/wordpress\/plugins\/seo\/ -->\n<title>Albin part aux Championnats d\u2019Europe - Fondation Grenoble INP<\/title>\n<meta name=\"description\" content=\"Pour sa premi\u00e8re ann\u00e9e en cat\u00e9gorie s\u00e9nior, Albin Demaret-Joly\u00a0est s\u00e9lectionn\u00e9 aux Championnats d\u2019Europe de course d\u2019orientation \u00e0 VTT.\u00a0\" \/>\n<meta name=\"robots\" content=\"index, follow, max-snippet:-1, max-image-preview:large, max-video-preview:-1\" \/>\n<link rel=\"canonical\" href=\"https:\/\/fondation-grenoble-inp.fr\/en\/albin-demaret-joly-represente-la-france-aux-championnats-deurope-en-lituanie\/\" \/>\n<meta property=\"og:locale\" content=\"en_US\" \/>\n<meta property=\"og:type\" content=\"article\" \/>\n<meta property=\"og:title\" content=\"Albin part aux Championnats d\u2019Europe - Fondation Grenoble INP\" \/>\n<meta property=\"og:description\" content=\"Pour sa premi\u00e8re ann\u00e9e en cat\u00e9gorie s\u00e9nior, Albin Demaret-Joly\u00a0est s\u00e9lectionn\u00e9 aux Championnats d\u2019Europe de course d\u2019orientation \u00e0 VTT.\u00a0\" \/>\n<meta property=\"og:url\" content=\"https:\/\/fondation-grenoble-inp.fr\/en\/albin-demaret-joly-represente-la-france-aux-championnats-deurope-en-lituanie\/\" \/>\n<meta property=\"og:site_name\" content=\"Fondation Grenoble INP\" \/>\n<meta property=\"article:published_time\" content=\"2022-05-19T10:50:20+00:00\" \/>\n<meta property=\"article:modified_time\" content=\"2023-07-24T13:04:52+00:00\" \/>\n<meta property=\"og:image\" content=\"https:\/\/fondation-grenoble-inp.fr\/wp-content\/uploads\/2022\/05\/Bandeau-proposition.jpg\" \/>\n\t<meta property=\"og:image:width\" content=\"1500\" \/>\n\t<meta property=\"og:image:height\" content=\"503\" \/>\n\t<meta property=\"og:image:type\" content=\"image\/jpeg\" \/>\n<meta name=\"twitter:card\" content=\"summary_large_image\" \/>\n<meta name=\"twitter:label1\" content=\"Written by\" \/>\n\t<meta name=\"twitter:data1\" content=\"Marie Dubreuil\" \/>\n\t<meta name=\"twitter:label2\" content=\"Est. reading time\" \/>\n\t<meta name=\"twitter:data2\" content=\"1 minute\" \/>\n<script type=\"application\/ld+json\" class=\"yoast-schema-graph\">{\"@context\":\"https:\/\/schema.org\",\"@graph\":[{\"@type\":\"Organization\",\"@id\":\"https:\/\/fondation-grenoble-inp.fr\/#organization\",\"name\":\"Fondation INP Grenoble\",\"url\":\"https:\/\/fondation-grenoble-inp.fr\/\",\"sameAs\":[],\"logo\":{\"@type\":\"ImageObject\",\"@id\":\"https:\/\/fondation-grenoble-inp.fr\/#logo\",\"inLanguage\":\"en-US\",\"url\":\"https:\/\/fondation-grenoble-inp.fr\/wp-content\/uploads\/2021\/03\/cropped-favicon-fondation-inp-grenoble.png\",\"contentUrl\":\"https:\/\/fondation-grenoble-inp.fr\/wp-content\/uploads\/2021\/03\/cropped-favicon-fondation-inp-grenoble.png\",\"width\":512,\"height\":512,\"caption\":\"Fondation INP Grenoble\"},\"image\":{\"@id\":\"https:\/\/fondation-grenoble-inp.fr\/#logo\"}},{\"@type\":\"WebSite\",\"@id\":\"https:\/\/fondation-grenoble-inp.fr\/#website\",\"url\":\"https:\/\/fondation-grenoble-inp.fr\/\",\"name\":\"Fondation Grenoble INP\",\"description\":\"#OsezlAvenir\",\"publisher\":{\"@id\":\"https:\/\/fondation-grenoble-inp.fr\/#organization\"},\"potentialAction\":[{\"@type\":\"SearchAction\",\"target\":{\"@type\":\"EntryPoint\",\"urlTemplate\":\"https:\/\/fondation-grenoble-inp.fr\/?s={search_term_string}\"},\"query-input\":\"required name=search_term_string\"}],\"inLanguage\":\"en-US\"},{\"@type\":\"ImageObject\",\"@id\":\"https:\/\/fondation-grenoble-inp.fr\/albin-demaret-joly-represente-la-france-aux-championnats-deurope-en-lituanie\/#primaryimage\",\"inLanguage\":\"en-US\",\"url\":\"https:\/\/fondation-grenoble-inp.fr\/wp-content\/uploads\/2022\/05\/Bandeau-proposition.jpg\",\"contentUrl\":\"https:\/\/fondation-grenoble-inp.fr\/wp-content\/uploads\/2022\/05\/Bandeau-proposition.jpg\",\"width\":\"1500\",\"height\":\"503\",\"caption\":\"Selection aux Championnats d'Europe de course d'orientions \u00e0 VTT\"},{\"@type\":\"WebPage\",\"@id\":\"https:\/\/fondation-grenoble-inp.fr\/albin-demaret-joly-represente-la-france-aux-championnats-deurope-en-lituanie\/#webpage\",\"url\":\"https:\/\/fondation-grenoble-inp.fr\/albin-demaret-joly-represente-la-france-aux-championnats-deurope-en-lituanie\/\",\"name\":\"Albin part aux Championnats d\u2019Europe - Fondation Grenoble INP\",\"isPartOf\":{\"@id\":\"https:\/\/fondation-grenoble-inp.fr\/#website\"},\"primaryImageOfPage\":{\"@id\":\"https:\/\/fondation-grenoble-inp.fr\/albin-demaret-joly-represente-la-france-aux-championnats-deurope-en-lituanie\/#primaryimage\"},\"datePublished\":\"2022-05-19T10:50:20+00:00\",\"dateModified\":\"2023-07-24T13:04:52+00:00\",\"description\":\"Pour sa premi\u00e8re ann\u00e9e en cat\u00e9gorie s\u00e9nior, Albin Demaret-Joly\u00a0est s\u00e9lectionn\u00e9 aux Championnats d\u2019Europe de course d\u2019orientation \u00e0 VTT.\u00a0\",\"breadcrumb\":{\"@id\":\"https:\/\/fondation-grenoble-inp.fr\/albin-demaret-joly-represente-la-france-aux-championnats-deurope-en-lituanie\/#breadcrumb\"},\"inLanguage\":\"en-US\",\"potentialAction\":[{\"@type\":\"ReadAction\",\"target\":[\"https:\/\/fondation-grenoble-inp.fr\/albin-demaret-joly-represente-la-france-aux-championnats-deurope-en-lituanie\/\"]}]},{\"@type\":\"BreadcrumbList\",\"@id\":\"https:\/\/fondation-grenoble-inp.fr\/albin-demaret-joly-represente-la-france-aux-championnats-deurope-en-lituanie\/#breadcrumb\",\"itemListElement\":[{\"@type\":\"ListItem\",\"position\":1,\"name\":\"Accueil\",\"item\":\"https:\/\/fondation-grenoble-inp.fr\/\"},{\"@type\":\"ListItem\",\"position\":2,\"name\":\"Albin Demaret-Joly repr\u00e9sente la France aux Championnats d\u2019Europe en Lituanie\u00a0\"}]},{\"@type\":\"Article\",\"@id\":\"https:\/\/fondation-grenoble-inp.fr\/albin-demaret-joly-represente-la-france-aux-championnats-deurope-en-lituanie\/#article\",\"isPartOf\":{\"@id\":\"https:\/\/fondation-grenoble-inp.fr\/albin-demaret-joly-represente-la-france-aux-championnats-deurope-en-lituanie\/#webpage\"},\"author\":{\"@id\":\"https:\/\/fondation-grenoble-inp.fr\/#\/schema\/person\/7c36548ebaddf05ba7a055d161ebff94\"},\"headline\":\"Albin Demaret-Joly repr\u00e9sente la France aux Championnats d\u2019Europe en Lituanie\u00a0\",\"datePublished\":\"2022-05-19T10:50:20+00:00\",\"dateModified\":\"2023-07-24T13:04:52+00:00\",\"mainEntityOfPage\":{\"@id\":\"https:\/\/fondation-grenoble-inp.fr\/albin-demaret-joly-represente-la-france-aux-championnats-deurope-en-lituanie\/#webpage\"},\"wordCount\":226,\"publisher\":{\"@id\":\"https:\/\/fondation-grenoble-inp.fr\/#organization\"},\"image\":{\"@id\":\"https:\/\/fondation-grenoble-inp.fr\/albin-demaret-joly-represente-la-france-aux-championnats-deurope-en-lituanie\/#primaryimage\"},\"thumbnailUrl\":\"https:\/\/fondation-grenoble-inp.fr\/wp-content\/uploads\/2022\/05\/Bandeau-proposition.jpg\",\"articleSection\":[\"Les Bourses\"],\"inLanguage\":\"en-US\"},{\"@type\":\"Person\",\"@id\":\"https:\/\/fondation-grenoble-inp.fr\/#\/schema\/person\/7c36548ebaddf05ba7a055d161ebff94\",\"name\":\"Marie Dubreuil\",\"image\":{\"@type\":\"ImageObject\",\"@id\":\"https:\/\/fondation-grenoble-inp.fr\/#personlogo\",\"inLanguage\":\"en-US\",\"url\":\"https:\/\/secure.gravatar.com\/avatar\/358eb0ab274d9479ce7c23b8a3f0a360?s=96&d=mm&r=g\",\"contentUrl\":\"https:\/\/secure.gravatar.com\/avatar\/358eb0ab274d9479ce7c23b8a3f0a360?s=96&d=mm&r=g\",\"caption\":\"Marie Dubreuil\"}}]}<\/script>\n<!-- \/ Yoast SEO plugin. -->","yoast_head_json":{"title":"Albin part aux Championnats d\u2019Europe - Fondation Grenoble INP","description":"Pour sa premi\u00e8re ann\u00e9e en cat\u00e9gorie s\u00e9nior, Albin Demaret-Joly\u00a0est s\u00e9lectionn\u00e9 aux Championnats d\u2019Europe de course d\u2019orientation \u00e0 VTT.\u00a0","robots":{"index":"index","follow":"follow","max-snippet":"max-snippet:-1","max-image-preview":"max-image-preview:large","max-video-preview":"max-video-preview:-1"},"canonical":"https:\/\/fondation-grenoble-inp.fr\/en\/albin-demaret-joly-represente-la-france-aux-championnats-deurope-en-lituanie\/","og_locale":"en_US","og_type":"article","og_title":"Albin part aux Championnats d\u2019Europe - Fondation Grenoble INP","og_description":"Pour sa premi\u00e8re ann\u00e9e en cat\u00e9gorie s\u00e9nior, Albin Demaret-Joly\u00a0est s\u00e9lectionn\u00e9 aux Championnats d\u2019Europe de course d\u2019orientation \u00e0 VTT.\u00a0","og_url":"https:\/\/fondation-grenoble-inp.fr\/en\/albin-demaret-joly-represente-la-france-aux-championnats-deurope-en-lituanie\/","og_site_name":"Fondation Grenoble INP","article_published_time":"2022-05-19T10:50:20+00:00","article_modified_time":"2023-07-24T13:04:52+00:00","og_image":[{"width":"1500","height":"503","url":"https:\/\/fondation-grenoble-inp.fr\/wp-content\/uploads\/2022\/05\/Bandeau-proposition.jpg","type":"image\/jpeg"}],"twitter_card":"summary_large_image","twitter_misc":{"Written by":"Marie Dubreuil","Est. reading time":"1 minute"},"schema":{"@context":"https:\/\/schema.org","@graph":[{"@type":"Organization","@id":"https:\/\/fondation-grenoble-inp.fr\/#organization","name":"Fondation INP Grenoble","url":"https:\/\/fondation-grenoble-inp.fr\/","sameAs":[],"logo":{"@type":"ImageObject","@id":"https:\/\/fondation-grenoble-inp.fr\/#logo","inLanguage":"en-US","url":"https:\/\/fondation-grenoble-inp.fr\/wp-content\/uploads\/2021\/03\/cropped-favicon-fondation-inp-grenoble.png","contentUrl":"https:\/\/fondation-grenoble-inp.fr\/wp-content\/uploads\/2021\/03\/cropped-favicon-fondation-inp-grenoble.png","width":512,"height":512,"caption":"Fondation INP Grenoble"},"image":{"@id":"https:\/\/fondation-grenoble-inp.fr\/#logo"}},{"@type":"WebSite","@id":"https:\/\/fondation-grenoble-inp.fr\/#website","url":"https:\/\/fondation-grenoble-inp.fr\/","name":"Fondation Grenoble INP","description":"#OsezlAvenir","publisher":{"@id":"https:\/\/fondation-grenoble-inp.fr\/#organization"},"potentialAction":[{"@type":"SearchAction","target":{"@type":"EntryPoint","urlTemplate":"https:\/\/fondation-grenoble-inp.fr\/?s={search_term_string}"},"query-input":"required name=search_term_string"}],"inLanguage":"en-US"},{"@type":"ImageObject","@id":"https:\/\/fondation-grenoble-inp.fr\/albin-demaret-joly-represente-la-france-aux-championnats-deurope-en-lituanie\/#primaryimage","inLanguage":"en-US","url":"https:\/\/fondation-grenoble-inp.fr\/wp-content\/uploads\/2022\/05\/Bandeau-proposition.jpg","contentUrl":"https:\/\/fondation-grenoble-inp.fr\/wp-content\/uploads\/2022\/05\/Bandeau-proposition.jpg","width":"1500","height":"503","caption":"Selection aux Championnats d'Europe de course d'orientions \u00e0 VTT"},{"@type":"WebPage","@id":"https:\/\/fondation-grenoble-inp.fr\/albin-demaret-joly-represente-la-france-aux-championnats-deurope-en-lituanie\/#webpage","url":"https:\/\/fondation-grenoble-inp.fr\/albin-demaret-joly-represente-la-france-aux-championnats-deurope-en-lituanie\/","name":"Albin part aux Championnats d\u2019Europe - Fondation Grenoble INP","isPartOf":{"@id":"https:\/\/fondation-grenoble-inp.fr\/#website"},"primaryImageOfPage":{"@id":"https:\/\/fondation-grenoble-inp.fr\/albin-demaret-joly-represente-la-france-aux-championnats-deurope-en-lituanie\/#primaryimage"},"datePublished":"2022-05-19T10:50:20+00:00","dateModified":"2023-07-24T13:04:52+00:00","description":"Pour sa premi\u00e8re ann\u00e9e en cat\u00e9gorie s\u00e9nior, Albin Demaret-Joly\u00a0est s\u00e9lectionn\u00e9 aux Championnats d\u2019Europe de course d\u2019orientation \u00e0 VTT.\u00a0","breadcrumb":{"@id":"https:\/\/fondation-grenoble-inp.fr\/albin-demaret-joly-represente-la-france-aux-championnats-deurope-en-lituanie\/#breadcrumb"},"inLanguage":"en-US","potentialAction":[{"@type":"ReadAction","target":["https:\/\/fondation-grenoble-inp.fr\/albin-demaret-joly-represente-la-france-aux-championnats-deurope-en-lituanie\/"]}]},{"@type":"BreadcrumbList","@id":"https:\/\/fondation-grenoble-inp.fr\/albin-demaret-joly-represente-la-france-aux-championnats-deurope-en-lituanie\/#breadcrumb","itemListElement":[{"@type":"ListItem","position":1,"name":"Accueil","item":"https:\/\/fondation-grenoble-inp.fr\/"},{"@type":"ListItem","position":2,"name":"Albin Demaret-Joly repr\u00e9sente la France aux Championnats d\u2019Europe en Lituanie\u00a0"}]},{"@type":"Article","@id":"https:\/\/fondation-grenoble-inp.fr\/albin-demaret-joly-represente-la-france-aux-championnats-deurope-en-lituanie\/#article","isPartOf":{"@id":"https:\/\/fondation-grenoble-inp.fr\/albin-demaret-joly-represente-la-france-aux-championnats-deurope-en-lituanie\/#webpage"},"author":{"@id":"https:\/\/fondation-grenoble-inp.fr\/#\/schema\/person\/7c36548ebaddf05ba7a055d161ebff94"},"headline":"Albin Demaret-Joly repr\u00e9sente la France aux Championnats d\u2019Europe en Lituanie\u00a0","datePublished":"2022-05-19T10:50:20+00:00","dateModified":"2023-07-24T13:04:52+00:00","mainEntityOfPage":{"@id":"https:\/\/fondation-grenoble-inp.fr\/albin-demaret-joly-represente-la-france-aux-championnats-deurope-en-lituanie\/#webpage"},"wordCount":226,"publisher":{"@id":"https:\/\/fondation-grenoble-inp.fr\/#organization"},"image":{"@id":"https:\/\/fondation-grenoble-inp.fr\/albin-demaret-joly-represente-la-france-aux-championnats-deurope-en-lituanie\/#primaryimage"},"thumbnailUrl":"https:\/\/fondation-grenoble-inp.fr\/wp-content\/uploads\/2022\/05\/Bandeau-proposition.jpg","articleSection":["Les Bourses"],"inLanguage":"en-US"},{"@type":"Person","@id":"https:\/\/fondation-grenoble-inp.fr\/#\/schema\/person\/7c36548ebaddf05ba7a055d161ebff94","name":"Marie Dubreuil","image":{"@type":"ImageObject","@id":"https:\/\/fondation-grenoble-inp.fr\/#personlogo","inLanguage":"en-US","url":"https:\/\/secure.gravatar.com\/avatar\/358eb0ab274d9479ce7c23b8a3f0a360?s=96&d=mm&r=g","contentUrl":"https:\/\/secure.gravatar.com\/avatar\/358eb0ab274d9479ce7c23b8a3f0a360?s=96&d=mm&r=g","caption":"Marie Dubreuil"}}]}},"_links":{"self":[{"href":"https:\/\/fondation-grenoble-inp.fr\/en\/wp-json\/wp\/v2\/posts\/13824"}],"collection":[{"href":"https:\/\/fondation-grenoble-inp.fr\/en\/wp-json\/wp\/v2\/posts"}],"about":[{"href":"https:\/\/fondation-grenoble-inp.fr\/en\/wp-json\/wp\/v2\/types\/post"}],"author":[{"embeddable":true,"href":"https:\/\/fondation-grenoble-inp.fr\/en\/wp-json\/wp\/v2\/users\/7"}],"replies":[{"embeddable":true,"href":"https:\/\/fondation-grenoble-inp.fr\/en\/wp-json\/wp\/v2\/comments?post=13824"}],"version-history":[{"count":13,"href":"https:\/\/fondation-grenoble-inp.fr\/en\/wp-json\/wp\/v2\/posts\/13824\/revisions"}],"predecessor-version":[{"id":15658,"href":"https:\/\/fondation-grenoble-inp.fr\/en\/wp-json\/wp\/v2\/posts\/13824\/revisions\/15658"}],"wp:featuredmedia":[{"embeddable":true,"href":"https:\/\/fondation-grenoble-inp.fr\/en\/wp-json\/wp\/v2\/media\/13825"}],"wp:attachment":[{"href":"https:\/\/fondation-grenoble-inp.fr\/en\/wp-json\/wp\/v2\/media?parent=13824"}],"wp:term":[{"taxonomy":"category","embeddable":true,"href":"https:\/\/fondation-grenoble-inp.fr\/en\/wp-json\/wp\/v2\/categories?post=13824"},{"taxonomy":"post_tag","embeddable":true,"href":"https:\/\/fondation-grenoble-inp.fr\/en\/wp-json\/wp\/v2\/tags?post=13824"}],"curies":[{"name":"wp","href":"https:\/\/api.w.org\/{rel}","templated":true}]}}