{"id":13859,"date":"2022-05-24T14:25:06","date_gmt":"2022-05-24T12:25:06","guid":{"rendered":"https:\/\/fondation-grenoble-inp.fr\/?p=13859"},"modified":"2023-07-24T15:04:52","modified_gmt":"2023-07-24T13:04:52","slug":"anna-ramos-nous-fait-decouvrir-les-premiers-episodes-depopees-de-femmes","status":"publish","type":"post","link":"https:\/\/fondation-grenoble-inp.fr\/en\/anna-ramos-nous-fait-decouvrir-les-premiers-episodes-depopees-de-femmes\/","title":{"rendered":"Anna Ramos nous fait d\u00e9couvrir les premiers \u00e9pisodes d&rsquo;\u00c9pop\u00e9es de Femmes"},"content":{"rendered":"<p><strong>Apr\u00e8s un p\u00e9riple en Europe du Nord \u00e0 la recherche de femmes inspirantes, Anna Ramos nous fait d\u00e9couvrir avec les premiers \u00e9pisodes de son podcast, \u00c9pop\u00e9es de Femmes.<\/strong><\/p>\n\n\n\n<p>Anna Ramos, \u00e9tudiante \u00e0 <a href=\"https:\/\/ense3.grenoble-inp.fr\" target=\"_blank\" rel=\"noreferrer noopener\">Grenoble INP \u2013 Ense\u00b3, UGA<\/a> et porteuse du <a href=\"https:\/\/fondation-grenoble-inp.fr\/en\/iwae-aller-a-la-rencontre-de-femmes-inspirantes\/\" target=\"_blank\" rel=\"noreferrer noopener\">projet IWAE<\/a> nous pr\u00e9sente son podcast : \u00c9pop\u00e9es de Femmes, dont les premiers \u00e9pisodes sont le fruit de sa rencontre avec des femmes inspirantes durant son p\u00e9riple en Europe du Nord.<\/p>\n\n\n\n<p>Qu\u2019elles soient ing\u00e9nieures, chercheuses ou entrepreneuses, ces femmes souhaitent partager leur parcours mais aussi leurs exp\u00e9riences. Anna souhaite cr\u00e9er pour tous et toutes des r\u00f4les-mod\u00e8les f\u00e9minin inspirant \u00e0 travers ses podcasts.<\/p>\n\n\n\n<p>Pour ces deux premiers \u00e9pisodes, nous allons \u00e0 la rencontre d&rsquo;<strong>Ariane<\/strong>, d\u00e9veloppeuse front-end en Su\u00e8de, et de <strong>Betty<\/strong>, ing\u00e9nieure et responsable chimiste sur un site nucl\u00e9aire en Finlande.<\/p>\n\n\n\n<p>Vous pouvez d\u00e9j\u00e0 les \u00e9couter sur la plateforme d&rsquo;\u00e9coute <a href=\"https:\/\/www.ausha.co\/?fpr=adk34\" target=\"_blank\" rel=\"noreferrer noopener\">AUSHA<\/a> et sur toutes vos plateformes habituelles (<a href=\"https:\/\/smartlink.ausha.co\/epopees-de-femmes\" target=\"_blank\" rel=\"noreferrer noopener\">Spotify, Deezer, Apple Podcast<\/a>) en deux formats :<\/p>\n\n\n\n<ul><li>L\u2019\u00e9change complet entre Anna et les intervenantes<\/li><li>Un format court de 5 minutes r\u00e9sumant cet \u00e9change<\/li><\/ul>\n\n\n\n<p>Venez d\u00e9couvrir les deux premiers \u00e9pisodes d\u2019<em>\u00c9pop\u00e9es de Femmes<\/em> <a href=\"https:\/\/smartlink.ausha.co\/epopees-de-femmes\" target=\"_blank\" rel=\"noreferrer noopener\">ici<\/a> !<\/p>\n\n\n\n<p>Suivez les aventures d&rsquo;Anna sur son <a href=\"https:\/\/www.instagram.com\/epopees_de_femmes\/?hl=fr\" target=\"_blank\" rel=\"noreferrer noopener\">Instagram<\/a> !<\/p>\n\n\n\n<p>Mais aussi en vous abonnant \u00e0 sa <a href=\"https:\/\/docs.google.com\/forms\/d\/e\/1FAIpQLSfhHghKuJYFKs7Mn2_pvc7vC2E39p9TsQdXMhfoP9eoZzBcqA\/viewform\" target=\"_blank\" rel=\"noreferrer noopener\">newsletter<\/a> ! <\/p>","protected":false},"excerpt":{"rendered":"<p>Apr\u00e8s un p\u00e9riple en Europe du Nord \u00e0 la recherche de femmes inspirantes, Anna Ramos nous fait d\u00e9couvrir avec les premiers \u00e9pisodes de son podcast, \u00c9pop\u00e9es de Femmes. Anna Ramos, \u00e9tudiante \u00e0 Grenoble INP \u2013 Ense\u00b3, UGA et porteuse du projet IWAE nous pr\u00e9sente son podcast : \u00c9pop\u00e9es de Femmes, dont les premiers \u00e9pisodes sont [&hellip;]<\/p>","protected":false},"author":7,"featured_media":13860,"comment_status":"closed","ping_status":"open","sticky":false,"template":"","format":"standard","meta":[],"categories":[477],"tags":[],"acf":[],"yoast_head":"<!-- This site is optimized with the Yoast SEO plugin v18.0 - https:\/\/yoast.com\/wordpress\/plugins\/seo\/ -->\n<title>Anna Ramos nous fait d\u00e9couvrir son podcast - Fondation Grenoble INP<\/title>\n<meta name=\"description\" content=\"Apr\u00e8s avoir parcouru l\u2019Europe, Anna Ramos nous revient avec les premiers \u00e9pisodes de son podcast, \u00c9pop\u00e9es de Femmes.\" \/>\n<meta name=\"robots\" content=\"index, follow, max-snippet:-1, max-image-preview:large, max-video-preview:-1\" \/>\n<link rel=\"canonical\" href=\"https:\/\/fondation-grenoble-inp.fr\/en\/anna-ramos-nous-fait-decouvrir-les-premiers-episodes-depopees-de-femmes\/\" \/>\n<meta property=\"og:locale\" content=\"en_US\" \/>\n<meta property=\"og:type\" content=\"article\" \/>\n<meta property=\"og:title\" content=\"Anna Ramos nous fait d\u00e9couvrir son podcast - Fondation Grenoble INP\" \/>\n<meta property=\"og:description\" content=\"Apr\u00e8s avoir parcouru l\u2019Europe, Anna Ramos nous revient avec les premiers \u00e9pisodes de son podcast, \u00c9pop\u00e9es de Femmes.\" \/>\n<meta property=\"og:url\" content=\"https:\/\/fondation-grenoble-inp.fr\/en\/anna-ramos-nous-fait-decouvrir-les-premiers-episodes-depopees-de-femmes\/\" \/>\n<meta property=\"og:site_name\" content=\"Fondation Grenoble INP\" \/>\n<meta property=\"article:published_time\" content=\"2022-05-24T12:25:06+00:00\" \/>\n<meta property=\"article:modified_time\" content=\"2023-07-24T13:04:52+00:00\" \/>\n<meta property=\"og:image\" content=\"https:\/\/fondation-grenoble-inp.fr\/wp-content\/uploads\/2022\/05\/Bandeau-Epopee-de-Femme.jpg\" \/>\n\t<meta property=\"og:image:width\" content=\"1500\" \/>\n\t<meta property=\"og:image:height\" content=\"503\" \/>\n\t<meta property=\"og:image:type\" content=\"image\/jpeg\" \/>\n<meta name=\"twitter:card\" content=\"summary_large_image\" \/>\n<meta name=\"twitter:label1\" content=\"Written by\" \/>\n\t<meta name=\"twitter:data1\" content=\"Marie Dubreuil\" \/>\n\t<meta name=\"twitter:label2\" content=\"Est. reading time\" \/>\n\t<meta name=\"twitter:data2\" content=\"1 minute\" \/>\n<script type=\"application\/ld+json\" class=\"yoast-schema-graph\">{\"@context\":\"https:\/\/schema.org\",\"@graph\":[{\"@type\":\"Organization\",\"@id\":\"https:\/\/fondation-grenoble-inp.fr\/#organization\",\"name\":\"Fondation INP Grenoble\",\"url\":\"https:\/\/fondation-grenoble-inp.fr\/\",\"sameAs\":[],\"logo\":{\"@type\":\"ImageObject\",\"@id\":\"https:\/\/fondation-grenoble-inp.fr\/#logo\",\"inLanguage\":\"en-US\",\"url\":\"https:\/\/fondation-grenoble-inp.fr\/wp-content\/uploads\/2021\/03\/cropped-favicon-fondation-inp-grenoble.png\",\"contentUrl\":\"https:\/\/fondation-grenoble-inp.fr\/wp-content\/uploads\/2021\/03\/cropped-favicon-fondation-inp-grenoble.png\",\"width\":512,\"height\":512,\"caption\":\"Fondation INP Grenoble\"},\"image\":{\"@id\":\"https:\/\/fondation-grenoble-inp.fr\/#logo\"}},{\"@type\":\"WebSite\",\"@id\":\"https:\/\/fondation-grenoble-inp.fr\/#website\",\"url\":\"https:\/\/fondation-grenoble-inp.fr\/\",\"name\":\"Fondation Grenoble INP\",\"description\":\"#OsezlAvenir\",\"publisher\":{\"@id\":\"https:\/\/fondation-grenoble-inp.fr\/#organization\"},\"potentialAction\":[{\"@type\":\"SearchAction\",\"target\":{\"@type\":\"EntryPoint\",\"urlTemplate\":\"https:\/\/fondation-grenoble-inp.fr\/?s={search_term_string}\"},\"query-input\":\"required name=search_term_string\"}],\"inLanguage\":\"en-US\"},{\"@type\":\"ImageObject\",\"@id\":\"https:\/\/fondation-grenoble-inp.fr\/anna-ramos-nous-fait-decouvrir-les-premiers-episodes-depopees-de-femmes\/#primaryimage\",\"inLanguage\":\"en-US\",\"url\":\"https:\/\/fondation-grenoble-inp.fr\/wp-content\/uploads\/2022\/05\/Bandeau-Epopee-de-Femme.jpg\",\"contentUrl\":\"https:\/\/fondation-grenoble-inp.fr\/wp-content\/uploads\/2022\/05\/Bandeau-Epopee-de-Femme.jpg\",\"width\":\"1500\",\"height\":\"503\",\"caption\":\"Epop\u00e9es De Femme\"},{\"@type\":\"WebPage\",\"@id\":\"https:\/\/fondation-grenoble-inp.fr\/anna-ramos-nous-fait-decouvrir-les-premiers-episodes-depopees-de-femmes\/#webpage\",\"url\":\"https:\/\/fondation-grenoble-inp.fr\/anna-ramos-nous-fait-decouvrir-les-premiers-episodes-depopees-de-femmes\/\",\"name\":\"Anna Ramos nous fait d\u00e9couvrir son podcast - Fondation Grenoble INP\",\"isPartOf\":{\"@id\":\"https:\/\/fondation-grenoble-inp.fr\/#website\"},\"primaryImageOfPage\":{\"@id\":\"https:\/\/fondation-grenoble-inp.fr\/anna-ramos-nous-fait-decouvrir-les-premiers-episodes-depopees-de-femmes\/#primaryimage\"},\"datePublished\":\"2022-05-24T12:25:06+00:00\",\"dateModified\":\"2023-07-24T13:04:52+00:00\",\"description\":\"Apr\u00e8s avoir parcouru l\u2019Europe, Anna Ramos nous revient avec les premiers \u00e9pisodes de son podcast, \u00c9pop\u00e9es de Femmes.\",\"breadcrumb\":{\"@id\":\"https:\/\/fondation-grenoble-inp.fr\/anna-ramos-nous-fait-decouvrir-les-premiers-episodes-depopees-de-femmes\/#breadcrumb\"},\"inLanguage\":\"en-US\",\"potentialAction\":[{\"@type\":\"ReadAction\",\"target\":[\"https:\/\/fondation-grenoble-inp.fr\/anna-ramos-nous-fait-decouvrir-les-premiers-episodes-depopees-de-femmes\/\"]}]},{\"@type\":\"BreadcrumbList\",\"@id\":\"https:\/\/fondation-grenoble-inp.fr\/anna-ramos-nous-fait-decouvrir-les-premiers-episodes-depopees-de-femmes\/#breadcrumb\",\"itemListElement\":[{\"@type\":\"ListItem\",\"position\":1,\"name\":\"Accueil\",\"item\":\"https:\/\/fondation-grenoble-inp.fr\/\"},{\"@type\":\"ListItem\",\"position\":2,\"name\":\"Anna Ramos nous fait d\u00e9couvrir les premiers \u00e9pisodes d&rsquo;\u00c9pop\u00e9es de Femmes\"}]},{\"@type\":\"Article\",\"@id\":\"https:\/\/fondation-grenoble-inp.fr\/anna-ramos-nous-fait-decouvrir-les-premiers-episodes-depopees-de-femmes\/#article\",\"isPartOf\":{\"@id\":\"https:\/\/fondation-grenoble-inp.fr\/anna-ramos-nous-fait-decouvrir-les-premiers-episodes-depopees-de-femmes\/#webpage\"},\"author\":{\"@id\":\"https:\/\/fondation-grenoble-inp.fr\/#\/schema\/person\/7c36548ebaddf05ba7a055d161ebff94\"},\"headline\":\"Anna Ramos nous fait d\u00e9couvrir les premiers \u00e9pisodes d&rsquo;\u00c9pop\u00e9es de Femmes\",\"datePublished\":\"2022-05-24T12:25:06+00:00\",\"dateModified\":\"2023-07-24T13:04:52+00:00\",\"mainEntityOfPage\":{\"@id\":\"https:\/\/fondation-grenoble-inp.fr\/anna-ramos-nous-fait-decouvrir-les-premiers-episodes-depopees-de-femmes\/#webpage\"},\"wordCount\":224,\"publisher\":{\"@id\":\"https:\/\/fondation-grenoble-inp.fr\/#organization\"},\"image\":{\"@id\":\"https:\/\/fondation-grenoble-inp.fr\/anna-ramos-nous-fait-decouvrir-les-premiers-episodes-depopees-de-femmes\/#primaryimage\"},\"thumbnailUrl\":\"https:\/\/fondation-grenoble-inp.fr\/wp-content\/uploads\/2022\/05\/Bandeau-Epopee-de-Femme.jpg\",\"articleSection\":[\"Les Bourses\"],\"inLanguage\":\"en-US\"},{\"@type\":\"Person\",\"@id\":\"https:\/\/fondation-grenoble-inp.fr\/#\/schema\/person\/7c36548ebaddf05ba7a055d161ebff94\",\"name\":\"Marie Dubreuil\",\"image\":{\"@type\":\"ImageObject\",\"@id\":\"https:\/\/fondation-grenoble-inp.fr\/#personlogo\",\"inLanguage\":\"en-US\",\"url\":\"https:\/\/secure.gravatar.com\/avatar\/358eb0ab274d9479ce7c23b8a3f0a360?s=96&d=mm&r=g\",\"contentUrl\":\"https:\/\/secure.gravatar.com\/avatar\/358eb0ab274d9479ce7c23b8a3f0a360?s=96&d=mm&r=g\",\"caption\":\"Marie Dubreuil\"}}]}<\/script>\n<!-- \/ Yoast SEO plugin. -->","yoast_head_json":{"title":"Anna Ramos nous fait d\u00e9couvrir son podcast - Fondation Grenoble INP","description":"Apr\u00e8s avoir parcouru l\u2019Europe, Anna Ramos nous revient avec les premiers \u00e9pisodes de son podcast, \u00c9pop\u00e9es de Femmes.","robots":{"index":"index","follow":"follow","max-snippet":"max-snippet:-1","max-image-preview":"max-image-preview:large","max-video-preview":"max-video-preview:-1"},"canonical":"https:\/\/fondation-grenoble-inp.fr\/en\/anna-ramos-nous-fait-decouvrir-les-premiers-episodes-depopees-de-femmes\/","og_locale":"en_US","og_type":"article","og_title":"Anna Ramos nous fait d\u00e9couvrir son podcast - Fondation Grenoble INP","og_description":"Apr\u00e8s avoir parcouru l\u2019Europe, Anna Ramos nous revient avec les premiers \u00e9pisodes de son podcast, \u00c9pop\u00e9es de Femmes.","og_url":"https:\/\/fondation-grenoble-inp.fr\/en\/anna-ramos-nous-fait-decouvrir-les-premiers-episodes-depopees-de-femmes\/","og_site_name":"Fondation Grenoble INP","article_published_time":"2022-05-24T12:25:06+00:00","article_modified_time":"2023-07-24T13:04:52+00:00","og_image":[{"width":"1500","height":"503","url":"https:\/\/fondation-grenoble-inp.fr\/wp-content\/uploads\/2022\/05\/Bandeau-Epopee-de-Femme.jpg","type":"image\/jpeg"}],"twitter_card":"summary_large_image","twitter_misc":{"Written by":"Marie Dubreuil","Est. reading time":"1 minute"},"schema":{"@context":"https:\/\/schema.org","@graph":[{"@type":"Organization","@id":"https:\/\/fondation-grenoble-inp.fr\/#organization","name":"Fondation INP Grenoble","url":"https:\/\/fondation-grenoble-inp.fr\/","sameAs":[],"logo":{"@type":"ImageObject","@id":"https:\/\/fondation-grenoble-inp.fr\/#logo","inLanguage":"en-US","url":"https:\/\/fondation-grenoble-inp.fr\/wp-content\/uploads\/2021\/03\/cropped-favicon-fondation-inp-grenoble.png","contentUrl":"https:\/\/fondation-grenoble-inp.fr\/wp-content\/uploads\/2021\/03\/cropped-favicon-fondation-inp-grenoble.png","width":512,"height":512,"caption":"Fondation INP Grenoble"},"image":{"@id":"https:\/\/fondation-grenoble-inp.fr\/#logo"}},{"@type":"WebSite","@id":"https:\/\/fondation-grenoble-inp.fr\/#website","url":"https:\/\/fondation-grenoble-inp.fr\/","name":"Fondation Grenoble INP","description":"#OsezlAvenir","publisher":{"@id":"https:\/\/fondation-grenoble-inp.fr\/#organization"},"potentialAction":[{"@type":"SearchAction","target":{"@type":"EntryPoint","urlTemplate":"https:\/\/fondation-grenoble-inp.fr\/?s={search_term_string}"},"query-input":"required name=search_term_string"}],"inLanguage":"en-US"},{"@type":"ImageObject","@id":"https:\/\/fondation-grenoble-inp.fr\/anna-ramos-nous-fait-decouvrir-les-premiers-episodes-depopees-de-femmes\/#primaryimage","inLanguage":"en-US","url":"https:\/\/fondation-grenoble-inp.fr\/wp-content\/uploads\/2022\/05\/Bandeau-Epopee-de-Femme.jpg","contentUrl":"https:\/\/fondation-grenoble-inp.fr\/wp-content\/uploads\/2022\/05\/Bandeau-Epopee-de-Femme.jpg","width":"1500","height":"503","caption":"Epop\u00e9es De Femme"},{"@type":"WebPage","@id":"https:\/\/fondation-grenoble-inp.fr\/anna-ramos-nous-fait-decouvrir-les-premiers-episodes-depopees-de-femmes\/#webpage","url":"https:\/\/fondation-grenoble-inp.fr\/anna-ramos-nous-fait-decouvrir-les-premiers-episodes-depopees-de-femmes\/","name":"Anna Ramos nous fait d\u00e9couvrir son podcast - Fondation Grenoble INP","isPartOf":{"@id":"https:\/\/fondation-grenoble-inp.fr\/#website"},"primaryImageOfPage":{"@id":"https:\/\/fondation-grenoble-inp.fr\/anna-ramos-nous-fait-decouvrir-les-premiers-episodes-depopees-de-femmes\/#primaryimage"},"datePublished":"2022-05-24T12:25:06+00:00","dateModified":"2023-07-24T13:04:52+00:00","description":"Apr\u00e8s avoir parcouru l\u2019Europe, Anna Ramos nous revient avec les premiers \u00e9pisodes de son podcast, \u00c9pop\u00e9es de Femmes.","breadcrumb":{"@id":"https:\/\/fondation-grenoble-inp.fr\/anna-ramos-nous-fait-decouvrir-les-premiers-episodes-depopees-de-femmes\/#breadcrumb"},"inLanguage":"en-US","potentialAction":[{"@type":"ReadAction","target":["https:\/\/fondation-grenoble-inp.fr\/anna-ramos-nous-fait-decouvrir-les-premiers-episodes-depopees-de-femmes\/"]}]},{"@type":"BreadcrumbList","@id":"https:\/\/fondation-grenoble-inp.fr\/anna-ramos-nous-fait-decouvrir-les-premiers-episodes-depopees-de-femmes\/#breadcrumb","itemListElement":[{"@type":"ListItem","position":1,"name":"Accueil","item":"https:\/\/fondation-grenoble-inp.fr\/"},{"@type":"ListItem","position":2,"name":"Anna Ramos nous fait d\u00e9couvrir les premiers \u00e9pisodes d&rsquo;\u00c9pop\u00e9es de Femmes"}]},{"@type":"Article","@id":"https:\/\/fondation-grenoble-inp.fr\/anna-ramos-nous-fait-decouvrir-les-premiers-episodes-depopees-de-femmes\/#article","isPartOf":{"@id":"https:\/\/fondation-grenoble-inp.fr\/anna-ramos-nous-fait-decouvrir-les-premiers-episodes-depopees-de-femmes\/#webpage"},"author":{"@id":"https:\/\/fondation-grenoble-inp.fr\/#\/schema\/person\/7c36548ebaddf05ba7a055d161ebff94"},"headline":"Anna Ramos nous fait d\u00e9couvrir les premiers \u00e9pisodes d&rsquo;\u00c9pop\u00e9es de Femmes","datePublished":"2022-05-24T12:25:06+00:00","dateModified":"2023-07-24T13:04:52+00:00","mainEntityOfPage":{"@id":"https:\/\/fondation-grenoble-inp.fr\/anna-ramos-nous-fait-decouvrir-les-premiers-episodes-depopees-de-femmes\/#webpage"},"wordCount":224,"publisher":{"@id":"https:\/\/fondation-grenoble-inp.fr\/#organization"},"image":{"@id":"https:\/\/fondation-grenoble-inp.fr\/anna-ramos-nous-fait-decouvrir-les-premiers-episodes-depopees-de-femmes\/#primaryimage"},"thumbnailUrl":"https:\/\/fondation-grenoble-inp.fr\/wp-content\/uploads\/2022\/05\/Bandeau-Epopee-de-Femme.jpg","articleSection":["Les Bourses"],"inLanguage":"en-US"},{"@type":"Person","@id":"https:\/\/fondation-grenoble-inp.fr\/#\/schema\/person\/7c36548ebaddf05ba7a055d161ebff94","name":"Marie Dubreuil","image":{"@type":"ImageObject","@id":"https:\/\/fondation-grenoble-inp.fr\/#personlogo","inLanguage":"en-US","url":"https:\/\/secure.gravatar.com\/avatar\/358eb0ab274d9479ce7c23b8a3f0a360?s=96&d=mm&r=g","contentUrl":"https:\/\/secure.gravatar.com\/avatar\/358eb0ab274d9479ce7c23b8a3f0a360?s=96&d=mm&r=g","caption":"Marie Dubreuil"}}]}},"_links":{"self":[{"href":"https:\/\/fondation-grenoble-inp.fr\/en\/wp-json\/wp\/v2\/posts\/13859"}],"collection":[{"href":"https:\/\/fondation-grenoble-inp.fr\/en\/wp-json\/wp\/v2\/posts"}],"about":[{"href":"https:\/\/fondation-grenoble-inp.fr\/en\/wp-json\/wp\/v2\/types\/post"}],"author":[{"embeddable":true,"href":"https:\/\/fondation-grenoble-inp.fr\/en\/wp-json\/wp\/v2\/users\/7"}],"replies":[{"embeddable":true,"href":"https:\/\/fondation-grenoble-inp.fr\/en\/wp-json\/wp\/v2\/comments?post=13859"}],"version-history":[{"count":3,"href":"https:\/\/fondation-grenoble-inp.fr\/en\/wp-json\/wp\/v2\/posts\/13859\/revisions"}],"predecessor-version":[{"id":13863,"href":"https:\/\/fondation-grenoble-inp.fr\/en\/wp-json\/wp\/v2\/posts\/13859\/revisions\/13863"}],"wp:featuredmedia":[{"embeddable":true,"href":"https:\/\/fondation-grenoble-inp.fr\/en\/wp-json\/wp\/v2\/media\/13860"}],"wp:attachment":[{"href":"https:\/\/fondation-grenoble-inp.fr\/en\/wp-json\/wp\/v2\/media?parent=13859"}],"wp:term":[{"taxonomy":"category","embeddable":true,"href":"https:\/\/fondation-grenoble-inp.fr\/en\/wp-json\/wp\/v2\/categories?post=13859"},{"taxonomy":"post_tag","embeddable":true,"href":"https:\/\/fondation-grenoble-inp.fr\/en\/wp-json\/wp\/v2\/tags?post=13859"}],"curies":[{"name":"wp","href":"https:\/\/api.w.org\/{rel}","templated":true}]}}