{"id":15535,"date":"2023-04-11T11:43:54","date_gmt":"2023-04-11T09:43:54","guid":{"rendered":"https:\/\/fondation-grenoble-inp.fr\/?p=15535"},"modified":"2024-04-11T11:37:27","modified_gmt":"2024-04-11T09:37:27","slug":"journee-mondiale-de-lart-rencontre-avec-felix-roux","status":"publish","type":"post","link":"https:\/\/fondation-grenoble-inp.fr\/en\/journee-mondiale-de-lart-rencontre-avec-felix-roux\/","title":{"rendered":"Journ\u00e9e Mondiale de l&rsquo;Art : rencontre avec F\u00e9lix Roux"},"content":{"rendered":"<div data-elementor-type=\"wp-post\" data-elementor-id=\"15535\" data-post-id=\"15535\" data-obj-id=\"15535\" class=\"elementor elementor-15535 dce-elementor-post-15535\" data-elementor-settings=\"[]\">\n\t\t\t\t\t\t<div class=\"elementor-inner\">\n\t\t\t\t\t\t\t<div class=\"elementor-section-wrap\">\n\t\t\t\t\t\t\t<section class=\"elementor-section elementor-top-section elementor-element elementor-element-1c55785 elementor-section-boxed elementor-section-height-default elementor-section-height-default\" data-id=\"1c55785\" data-element_type=\"section\">\n\t\t\t\t\t\t<div class=\"elementor-container elementor-column-gap-default\">\n\t\t\t\t\t\t\t<div class=\"elementor-row\">\n\t\t\t\t\t<div class=\"elementor-column elementor-col-100 elementor-top-column elementor-element elementor-element-f9f2ac9\" data-id=\"f9f2ac9\" data-element_type=\"column\">\n\t\t\t<div class=\"elementor-column-wrap elementor-element-populated\">\n\t\t\t\t\t\t\t<div class=\"elementor-widget-wrap\">\n\t\t\t\t\t\t<div class=\"elementor-element elementor-element-4d5597e elementor-widget elementor-widget-text-editor\" data-id=\"4d5597e\" data-element_type=\"widget\" data-widget_type=\"text-editor.default\">\n\t\t\t\t<div class=\"elementor-widget-container\">\n\t\t\t\t\t\t\t\t<div class=\"elementor-text-editor elementor-clearfix\">\n\t\t\t\t<p><strong>Le 15 avril, nous avons c\u00e9l\u00e9br\u00e9 la Journ\u00e9e Mondiale de l&rsquo;Art, qui vise \u00e0 promouvoir le d\u00e9veloppement et la diffusion de l&rsquo;Art, sous toutes ses formes. Cet \u00e9v\u00e9nement permet de contribuer \u00e0 renforcer les liens entre cr\u00e9ation artistique et soci\u00e9t\u00e9 et de permettre une meilleure visibilit\u00e9 des artistes. \u00c0 cette occasion, nous avons rencontr\u00e9 <a href=\"https:\/\/www.linkedin.com\/in\/felix-roux\/?trk=public_profile_samename-profile&amp;originalSubdomain=fr\" target=\"_blank\" rel=\"noopener\">F\u00e9lix Roux<\/a>, Artiste de Haut Niveau soutenu par la Fondation Grenoble INP et \u00e9tudiant \u00e0 <a href=\"https:\/\/esisar.grenoble-inp.fr\/\" target=\"_blank\" rel=\"noopener\">Grenoble INP &#8211; Esisar, UGA.<\/a><\/strong><\/p>\t\t\t\t\t<\/div>\n\t\t\t\t\t\t<\/div>\n\t\t\t\t<\/div>\n\t\t\t\t\t\t<\/div>\n\t\t\t\t\t<\/div>\n\t\t<\/div>\n\t\t\t\t\t\t\t\t<\/div>\n\t\t\t\t\t<\/div>\n\t\t<\/section>\n\t\t\t\t<section class=\"elementor-section elementor-top-section elementor-element elementor-element-7e844ca elementor-section-boxed elementor-section-height-default elementor-section-height-default\" data-id=\"7e844ca\" data-element_type=\"section\">\n\t\t\t\t\t\t<div class=\"elementor-container elementor-column-gap-default\">\n\t\t\t\t\t\t\t<div class=\"elementor-row\">\n\t\t\t\t\t<div class=\"elementor-column elementor-col-100 elementor-top-column elementor-element elementor-element-837db75\" data-id=\"837db75\" data-element_type=\"column\">\n\t\t\t<div class=\"elementor-column-wrap elementor-element-populated\">\n\t\t\t\t\t\t\t<div class=\"elementor-widget-wrap\">\n\t\t\t\t\t\t<div class=\"elementor-element elementor-element-8d93f57 elementor-widget elementor-widget-text-editor\" data-id=\"8d93f57\" data-element_type=\"widget\" data-widget_type=\"text-editor.default\">\n\t\t\t\t<div class=\"elementor-widget-container\">\n\t\t\t\t\t\t\t\t<div class=\"elementor-text-editor elementor-clearfix\">\n\t\t\t\t<h2>Peux-tu te pr\u00e9senter en quelques mots ?<\/h2>\t\t\t\t\t<\/div>\n\t\t\t\t\t\t<\/div>\n\t\t\t\t<\/div>\n\t\t\t\t<div class=\"elementor-element elementor-element-404403d elementor-widget elementor-widget-text-editor\" data-id=\"404403d\" data-element_type=\"widget\" data-widget_type=\"text-editor.default\">\n\t\t\t\t<div class=\"elementor-widget-container\">\n\t\t\t\t\t\t\t\t<div class=\"elementor-text-editor elementor-clearfix\">\n\t\t\t\t<p>Je m&rsquo;appelle F\u00e9lix Roux, je suis \u00e9tudiant en ing\u00e9nierie \u00e9lectronique \u00e0 Grenoble INP &#8211; Esisar et je suis en derni\u00e8re ann\u00e9e de mon cursus apr\u00e8s un double dipl\u00f4me \u00e0 la NAU, aux \u00c9tats-Unis. Je pratique \u00e9galement l&rsquo;escalade, mais ce qui me prend le plus de temps, c&rsquo;est ma passion pour la musique !<\/p>\t\t\t\t\t<\/div>\n\t\t\t\t\t\t<\/div>\n\t\t\t\t<\/div>\n\t\t\t\t\t\t<\/div>\n\t\t\t\t\t<\/div>\n\t\t<\/div>\n\t\t\t\t\t\t\t\t<\/div>\n\t\t\t\t\t<\/div>\n\t\t<\/section>\n\t\t\t\t<section class=\"elementor-section elementor-top-section elementor-element elementor-element-b1cf26e elementor-section-boxed elementor-section-height-default elementor-section-height-default\" data-id=\"b1cf26e\" data-element_type=\"section\">\n\t\t\t\t\t\t<div class=\"elementor-container elementor-column-gap-default\">\n\t\t\t\t\t\t\t<div class=\"elementor-row\">\n\t\t\t\t\t<div class=\"elementor-column elementor-col-100 elementor-top-column elementor-element elementor-element-bf580da\" data-id=\"bf580da\" data-element_type=\"column\">\n\t\t\t<div class=\"elementor-column-wrap elementor-element-populated\">\n\t\t\t\t\t\t\t<div class=\"elementor-widget-wrap\">\n\t\t\t\t\t\t<div class=\"elementor-element elementor-element-21a64ea elementor-widget elementor-widget-text-editor\" data-id=\"21a64ea\" data-element_type=\"widget\" data-widget_type=\"text-editor.default\">\n\t\t\t\t<div class=\"elementor-widget-container\">\n\t\t\t\t\t\t\t\t<div class=\"elementor-text-editor elementor-clearfix\">\n\t\t\t\t<h2>Pourquoi avoir choisi une formation d&rsquo;ing\u00e9nieur ?<\/h2>\t\t\t\t\t<\/div>\n\t\t\t\t\t\t<\/div>\n\t\t\t\t<\/div>\n\t\t\t\t<div class=\"elementor-element elementor-element-3db15cc elementor-widget elementor-widget-text-editor\" data-id=\"3db15cc\" data-element_type=\"widget\" data-widget_type=\"text-editor.default\">\n\t\t\t\t<div class=\"elementor-widget-container\">\n\t\t\t\t\t\t\t\t<div class=\"elementor-text-editor elementor-clearfix\">\n\t\t\t\t<p>Quand je suis sorti de Terminale S en 2017, j&rsquo;ai int\u00e9gr\u00e9 la Pr\u00e9pa Int\u00e9gr\u00e9e de l&rsquo;Esisar sur concours. Je savais que les domaines d&rsquo;enseignement de l&rsquo;\u00e9cole me plaisaient, m\u00eame si j&rsquo;y allais un peu \u00e0 l&rsquo;aveugle. En apprenant de plus en plus de choses au fil de mon cursus, j&rsquo;ai affin\u00e9 mon choix et aim\u00e9 chacune de mes ann\u00e9es d&rsquo;\u00e9tudes.<\/p>\t\t\t\t\t<\/div>\n\t\t\t\t\t\t<\/div>\n\t\t\t\t<\/div>\n\t\t\t\t\t\t<\/div>\n\t\t\t\t\t<\/div>\n\t\t<\/div>\n\t\t\t\t\t\t\t\t<\/div>\n\t\t\t\t\t<\/div>\n\t\t<\/section>\n\t\t\t\t<section class=\"elementor-section elementor-top-section elementor-element elementor-element-6c00afb elementor-section-boxed elementor-section-height-default elementor-section-height-default\" data-id=\"6c00afb\" data-element_type=\"section\">\n\t\t\t\t\t\t<div class=\"elementor-container elementor-column-gap-default\">\n\t\t\t\t\t\t\t<div class=\"elementor-row\">\n\t\t\t\t\t<div class=\"elementor-column elementor-col-100 elementor-top-column elementor-element elementor-element-80faedb\" data-id=\"80faedb\" data-element_type=\"column\">\n\t\t\t<div class=\"elementor-column-wrap elementor-element-populated\">\n\t\t\t\t\t\t\t<div class=\"elementor-widget-wrap\">\n\t\t\t\t\t\t<div class=\"elementor-element elementor-element-cfb0695 elementor-widget elementor-widget-text-editor\" data-id=\"cfb0695\" data-element_type=\"widget\" data-widget_type=\"text-editor.default\">\n\t\t\t\t<div class=\"elementor-widget-container\">\n\t\t\t\t\t\t\t\t<div class=\"elementor-text-editor elementor-clearfix\">\n\t\t\t\t<h2>Comment est venue ta passion pour la musique ?<\/h2>\t\t\t\t\t<\/div>\n\t\t\t\t\t\t<\/div>\n\t\t\t\t<\/div>\n\t\t\t\t<div class=\"elementor-element elementor-element-77cbc18 elementor-widget elementor-widget-text-editor\" data-id=\"77cbc18\" data-element_type=\"widget\" data-widget_type=\"text-editor.default\">\n\t\t\t\t<div class=\"elementor-widget-container\">\n\t\t\t\t\t\t\t\t<div class=\"elementor-text-editor elementor-clearfix\">\n\t\t\t\t<p>En seconde, j&rsquo;avais demand\u00e9 une nouvelle souris de gaming pour No\u00ebl, afin de mieux pouvoir jouer aux jeux vid\u00e9o. Mes parents ne l&rsquo;ont pas entendu de cette oreille et ils m&rsquo;ont offert une guitare \u00e9lectrique \u00e0 la place. Je n&rsquo;avais m\u00eame pas d&rsquo;ampli \u00e0 l&rsquo;\u00e9poque ! Et voil\u00e0, plus de neuf ans apr\u00e8s, je n&rsquo;ai toujours pas l\u00e2ch\u00e9 l&rsquo;instrument et encore moins la musique. En entrant \u00e0 l&rsquo;Esisar, j&rsquo;ai imm\u00e9diatement int\u00e9gr\u00e9 le club de musique de l&rsquo;\u00e9cole et j&rsquo;y ai rencontr\u00e9 de tr\u00e8s bons amis.<\/p>\t\t\t\t\t<\/div>\n\t\t\t\t\t\t<\/div>\n\t\t\t\t<\/div>\n\t\t\t\t\t\t<\/div>\n\t\t\t\t\t<\/div>\n\t\t<\/div>\n\t\t\t\t\t\t\t\t<\/div>\n\t\t\t\t\t<\/div>\n\t\t<\/section>\n\t\t\t\t<section class=\"elementor-section elementor-top-section elementor-element elementor-element-e542118 elementor-section-boxed elementor-section-height-default elementor-section-height-default\" data-id=\"e542118\" data-element_type=\"section\">\n\t\t\t\t\t\t<div class=\"elementor-container elementor-column-gap-default\">\n\t\t\t\t\t\t\t<div class=\"elementor-row\">\n\t\t\t\t\t<div class=\"elementor-column elementor-col-100 elementor-top-column elementor-element elementor-element-89f797f\" data-id=\"89f797f\" data-element_type=\"column\">\n\t\t\t<div class=\"elementor-column-wrap elementor-element-populated\">\n\t\t\t\t\t\t\t<div class=\"elementor-widget-wrap\">\n\t\t\t\t\t\t<div class=\"elementor-element elementor-element-f575b5c elementor-widget elementor-widget-text-editor\" data-id=\"f575b5c\" data-element_type=\"widget\" data-widget_type=\"text-editor.default\">\n\t\t\t\t<div class=\"elementor-widget-container\">\n\t\t\t\t\t\t\t\t<div class=\"elementor-text-editor elementor-clearfix\">\n\t\t\t\t<h2>Comment parviens tu \u00e0 coupler ce projet avec tes \u00e9tudes ?<\/h2>\t\t\t\t\t<\/div>\n\t\t\t\t\t\t<\/div>\n\t\t\t\t<\/div>\n\t\t\t\t<div class=\"elementor-element elementor-element-0d0f689 elementor-widget elementor-widget-text-editor\" data-id=\"0d0f689\" data-element_type=\"widget\" data-widget_type=\"text-editor.default\">\n\t\t\t\t<div class=\"elementor-widget-container\">\n\t\t\t\t\t\t\t\t<div class=\"elementor-text-editor elementor-clearfix\">\n\t\t\t\t<p>La musique a toujours \u00e9t\u00e9 une passion, mais encore aujourd&rsquo;hui, je m&rsquo;interdis \u00e0 ce qu&rsquo;elle prenne le pas sur mes \u00e9tudes. Je n&rsquo;ai pas fait de sacrifices pour pouvoir pratiquer ma passion, j&rsquo;ai juste occup\u00e9 une grosse partie de mon peu de temps libre avec elle ! De toute fa\u00e7on, je n&rsquo;ai jamais beaucoup dormi, donc je peux dire que \u00e7a me lib\u00e9rait du temps pour pratiquer de nuit. Heureusement qu&rsquo;il existe des \u00e9couteurs, mes voisins m&rsquo;auraient expuls\u00e9 mille fois sinon !<\/p>\t\t\t\t\t<\/div>\n\t\t\t\t\t\t<\/div>\n\t\t\t\t<\/div>\n\t\t\t\t\t\t<\/div>\n\t\t\t\t\t<\/div>\n\t\t<\/div>\n\t\t\t\t\t\t\t\t<\/div>\n\t\t\t\t\t<\/div>\n\t\t<\/section>\n\t\t\t\t<section class=\"elementor-section elementor-top-section elementor-element elementor-element-d250607 elementor-section-boxed elementor-section-height-default elementor-section-height-default\" data-id=\"d250607\" data-element_type=\"section\">\n\t\t\t\t\t\t<div class=\"elementor-container elementor-column-gap-default\">\n\t\t\t\t\t\t\t<div class=\"elementor-row\">\n\t\t\t\t\t<div class=\"elementor-column elementor-col-100 elementor-top-column elementor-element elementor-element-d8448d3\" data-id=\"d8448d3\" data-element_type=\"column\">\n\t\t\t<div class=\"elementor-column-wrap elementor-element-populated\">\n\t\t\t\t\t\t\t<div class=\"elementor-widget-wrap\">\n\t\t\t\t\t\t<div class=\"elementor-element elementor-element-b08e6a0 elementor-widget elementor-widget-text-editor\" data-id=\"b08e6a0\" data-element_type=\"widget\" data-widget_type=\"text-editor.default\">\n\t\t\t\t<div class=\"elementor-widget-container\">\n\t\t\t\t\t\t\t\t<div class=\"elementor-text-editor elementor-clearfix\">\n\t\t\t\t<h2>Quel est ton meilleur souvenir en lien avec cette passion ?<\/h2>\t\t\t\t\t<\/div>\n\t\t\t\t\t\t<\/div>\n\t\t\t\t<\/div>\n\t\t\t\t<div class=\"elementor-element elementor-element-1213192 elementor-widget elementor-widget-text-editor\" data-id=\"1213192\" data-element_type=\"widget\" data-widget_type=\"text-editor.default\">\n\t\t\t\t<div class=\"elementor-widget-container\">\n\t\t\t\t\t\t\t\t<div class=\"elementor-text-editor elementor-clearfix\">\n\t\t\t\t<p>J&rsquo;en ai beaucoup, chaque rencontre, concert ou m\u00eame r\u00e9p\u00e9tition est unique. Mais j&rsquo;en ai trois qui me viennent en t\u00eate :<\/p><p>D&rsquo;abord, la premi\u00e8re r\u00e9p\u00e9tition avec ce qui est aujourd&rsquo;hui mon groupe, <strong><a href=\"https:\/\/www.youtube.com\/channel\/UCtjk4ANYAnEJgzolh5ZmigA\" target=\"_blank\" rel=\"noopener\">Hextray<\/a><\/strong>. Entendre sa musique jou\u00e9e en vrai, pour la premi\u00e8re fois, \u00e7a fait quelque chose !<\/p><p>Ensuite le premier concert post-Covid qu&rsquo;on a fait avec <strong><a href=\"https:\/\/www.instagram.com\/musisar_esisar\/?hl=fr\" target=\"_blank\" rel=\"noopener\">Musisar<\/a><\/strong>, parce qu&rsquo;on \u00e9tait tous tr\u00e8s heureux de remonter sur sc\u00e8ne apr\u00e8s un an.<\/p><p>Enfin, mes participations \u00e0 Arts et Facs. Je trouve la cr\u00e9ativit\u00e9 des autres \u00e9tudiants absolument stup\u00e9fiante.<\/p>\t\t\t\t\t<\/div>\n\t\t\t\t\t\t<\/div>\n\t\t\t\t<\/div>\n\t\t\t\t\t\t<\/div>\n\t\t\t\t\t<\/div>\n\t\t<\/div>\n\t\t\t\t\t\t\t\t<\/div>\n\t\t\t\t\t<\/div>\n\t\t<\/section>\n\t\t\t\t<section class=\"elementor-section elementor-top-section elementor-element elementor-element-7754a95 elementor-section-boxed elementor-section-height-default elementor-section-height-default\" data-id=\"7754a95\" data-element_type=\"section\">\n\t\t\t\t\t\t<div class=\"elementor-container elementor-column-gap-default\">\n\t\t\t\t\t\t\t<div class=\"elementor-row\">\n\t\t\t\t\t<div class=\"elementor-column elementor-col-100 elementor-top-column elementor-element elementor-element-8c1fe82\" data-id=\"8c1fe82\" data-element_type=\"column\">\n\t\t\t<div class=\"elementor-column-wrap elementor-element-populated\">\n\t\t\t\t\t\t\t<div class=\"elementor-widget-wrap\">\n\t\t\t\t\t\t<div class=\"elementor-element elementor-element-933ec25 elementor-widget elementor-widget-text-editor\" data-id=\"933ec25\" data-element_type=\"widget\" data-widget_type=\"text-editor.default\">\n\t\t\t\t<div class=\"elementor-widget-container\">\n\t\t\t\t\t\t\t\t<div class=\"elementor-text-editor elementor-clearfix\">\n\t\t\t\t<h2>Pour toi, quel est le lien entre Science et Art ?<\/h2>\t\t\t\t\t<\/div>\n\t\t\t\t\t\t<\/div>\n\t\t\t\t<\/div>\n\t\t\t\t<div class=\"elementor-element elementor-element-bedfdca elementor-widget elementor-widget-text-editor\" data-id=\"bedfdca\" data-element_type=\"widget\" data-widget_type=\"text-editor.default\">\n\t\t\t\t<div class=\"elementor-widget-container\">\n\t\t\t\t\t\t\t\t<div class=\"elementor-text-editor elementor-clearfix\">\n\t\t\t\t<p>Si ce sont deux choses distinctes, je pense sinc\u00e8rement qu&rsquo;elles s&rsquo;inspirent l&rsquo;une de l&rsquo;autre. La rigueur, la cr\u00e9ativit\u00e9, l&rsquo;inventivit\u00e9 et la connaissance sont pour moi autant de choses qui servent ces deux disciplines. Sans parler du fait que sans l&rsquo;\u00e9lectricit\u00e9, n\u00e9e de la science, le genre des musiques amplifi\u00e9es n&rsquo;existerait tout simplement pas !<\/p>\t\t\t\t\t<\/div>\n\t\t\t\t\t\t<\/div>\n\t\t\t\t<\/div>\n\t\t\t\t\t\t<\/div>\n\t\t\t\t\t<\/div>\n\t\t<\/div>\n\t\t\t\t\t\t\t\t<\/div>\n\t\t\t\t\t<\/div>\n\t\t<\/section>\n\t\t\t\t<section class=\"elementor-section elementor-top-section elementor-element elementor-element-5014bb7 elementor-section-boxed elementor-section-height-default elementor-section-height-default\" data-id=\"5014bb7\" data-element_type=\"section\">\n\t\t\t\t\t\t<div class=\"elementor-container elementor-column-gap-default\">\n\t\t\t\t\t\t\t<div class=\"elementor-row\">\n\t\t\t\t\t<div class=\"elementor-column elementor-col-100 elementor-top-column elementor-element elementor-element-416c7e0\" data-id=\"416c7e0\" data-element_type=\"column\">\n\t\t\t<div class=\"elementor-column-wrap elementor-element-populated\">\n\t\t\t\t\t\t\t<div class=\"elementor-widget-wrap\">\n\t\t\t\t\t\t<div class=\"elementor-element elementor-element-36bc4e4 elementor-widget elementor-widget-text-editor\" data-id=\"36bc4e4\" data-element_type=\"widget\" data-widget_type=\"text-editor.default\">\n\t\t\t\t<div class=\"elementor-widget-container\">\n\t\t\t\t\t\t\t\t<div class=\"elementor-text-editor elementor-clearfix\">\n\t\t\t\t<h2>Que t&rsquo;apporte la Fondation ?<\/h2>\t\t\t\t\t<\/div>\n\t\t\t\t\t\t<\/div>\n\t\t\t\t<\/div>\n\t\t\t\t<div class=\"elementor-element elementor-element-f1bdcab elementor-widget elementor-widget-text-editor\" data-id=\"f1bdcab\" data-element_type=\"widget\" data-widget_type=\"text-editor.default\">\n\t\t\t\t<div class=\"elementor-widget-container\">\n\t\t\t\t\t\t\t\t<div class=\"elementor-text-editor elementor-clearfix\">\n\t\t\t\t<p>La Fondation m&rsquo;apporte trois choses majeures.<\/p><p>Tout d&rsquo;abord, un soutien financier. C&rsquo;est vraiment formidable d&rsquo;avoir cette aide, surtout en tant qu&rsquo;\u00e9tudiant.<\/p><p>Ensuite, le r\u00e9seau, tant dans le monde professionnel que dans le monde artistique. Cela me permet de rencontrer et d&rsquo;\u00e9changer avec des gens de tout horizon.<\/p><p>Enfin, la cr\u00e9dibilit\u00e9. Avoir une structure qui croit en moi et aux projets que je porte, \u00e7a n&rsquo;a vraiment pas de prix !<\/p>\t\t\t\t\t<\/div>\n\t\t\t\t\t\t<\/div>\n\t\t\t\t<\/div>\n\t\t\t\t\t\t<\/div>\n\t\t\t\t\t<\/div>\n\t\t<\/div>\n\t\t\t\t\t\t\t\t<\/div>\n\t\t\t\t\t<\/div>\n\t\t<\/section>\n\t\t\t\t<section class=\"elementor-section elementor-top-section elementor-element elementor-element-9d28d1e elementor-section-boxed elementor-section-height-default elementor-section-height-default\" data-id=\"9d28d1e\" data-element_type=\"section\">\n\t\t\t\t\t\t<div class=\"elementor-container elementor-column-gap-default\">\n\t\t\t\t\t\t\t<div class=\"elementor-row\">\n\t\t\t\t\t<div class=\"elementor-column elementor-col-100 elementor-top-column elementor-element elementor-element-accefc5\" data-id=\"accefc5\" data-element_type=\"column\">\n\t\t\t<div class=\"elementor-column-wrap elementor-element-populated\">\n\t\t\t\t\t\t\t<div class=\"elementor-widget-wrap\">\n\t\t\t\t\t\t<div class=\"elementor-element elementor-element-24b0620 elementor-widget elementor-widget-text-editor\" data-id=\"24b0620\" data-element_type=\"widget\" data-widget_type=\"text-editor.default\">\n\t\t\t\t<div class=\"elementor-widget-container\">\n\t\t\t\t\t\t\t\t<div class=\"elementor-text-editor elementor-clearfix\">\n\t\t\t\t<h2>Comment vois-tu la suite, apr\u00e8s tes \u00e9tudes ?<\/h2>\t\t\t\t\t<\/div>\n\t\t\t\t\t\t<\/div>\n\t\t\t\t<\/div>\n\t\t\t\t<div class=\"elementor-element elementor-element-6867549 elementor-widget elementor-widget-text-editor\" data-id=\"6867549\" data-element_type=\"widget\" data-widget_type=\"text-editor.default\">\n\t\t\t\t<div class=\"elementor-widget-container\">\n\t\t\t\t\t\t\t\t<div class=\"elementor-text-editor elementor-clearfix\">\n\t\t\t\t<p>Pour l&rsquo;instant, je suis concentr\u00e9 sur mon projet de fin d&rsquo;\u00e9tudes qui vient de d\u00e9buter et en parall\u00e8le sur les premi\u00e8res dates que nous devrions faire avec Hextray. Apr\u00e8s, je ne sais pas encore ce qui sera possible, mais j&rsquo;aimerais avoir un travail qui me permettra de garder suffisamment de temps libre pour pratiquer \u00e0 fond ma passion. Je ne ferme pas la porte \u00e0 une professionnalisation totale, mais je sais aussi que ce n&rsquo;est encore qu&rsquo;un lointain et doux r\u00eave. Mais bon, si on ne le r\u00eave pas, \u00e0 quoi \u00e7a sert ?<\/p>\t\t\t\t\t<\/div>\n\t\t\t\t\t\t<\/div>\n\t\t\t\t<\/div>\n\t\t\t\t\t\t<\/div>\n\t\t\t\t\t<\/div>\n\t\t<\/div>\n\t\t\t\t\t\t\t\t<\/div>\n\t\t\t\t\t<\/div>\n\t\t<\/section>\n\t\t\t\t\t\t<\/div>\n\t\t\t\t\t\t<\/div>\n\t\t\t\t\t<\/div>","protected":false},"excerpt":{"rendered":"<p>Le 15 avril, nous avons c\u00e9l\u00e9br\u00e9 la Journ\u00e9e Mondiale de l&rsquo;Art. \u00c0 cette occasion, nous avons rencontr\u00e9 F\u00e9lix Roux, Artiste de Haut Niveau soutenu par la Fondation et \u00e9tudiant \u00e0 Grenoble INP &#8211; Esisar. <\/p>","protected":false},"author":7,"featured_media":15538,"comment_status":"closed","ping_status":"closed","sticky":false,"template":"","format":"standard","meta":[],"categories":[477],"tags":[],"acf":[],"yoast_head":"<!-- This site is optimized with the Yoast SEO plugin v18.0 - https:\/\/yoast.com\/wordpress\/plugins\/seo\/ -->\n<title>Journ\u00e9e Mondiale de l&#039;Art : rencontre avec F\u00e9lix Roux - Fondation Grenoble INP<\/title>\n<meta name=\"description\" content=\"Le 15 avril, nous avons c\u00e9l\u00e9br\u00e9 la Journ\u00e9e Mondiale de l&#039;Art. \u00c0 cette occasion, nous avons rencontr\u00e9 F\u00e9lix Roux, Artiste de Haut Niveau soutenu par la Fondation et \u00e9tudiant \u00e0 Grenoble INP - Esisar.\" \/>\n<meta name=\"robots\" content=\"index, follow, max-snippet:-1, max-image-preview:large, max-video-preview:-1\" \/>\n<link rel=\"canonical\" href=\"https:\/\/fondation-grenoble-inp.fr\/en\/journee-mondiale-de-lart-rencontre-avec-felix-roux\/\" \/>\n<meta property=\"og:locale\" content=\"en_US\" \/>\n<meta property=\"og:type\" content=\"article\" \/>\n<meta property=\"og:title\" content=\"Journ\u00e9e Mondiale de l&#039;Art : rencontre avec F\u00e9lix Roux - Fondation Grenoble INP\" \/>\n<meta property=\"og:description\" content=\"Le 15 avril, nous avons c\u00e9l\u00e9br\u00e9 la Journ\u00e9e Mondiale de l&#039;Art. \u00c0 cette occasion, nous avons rencontr\u00e9 F\u00e9lix Roux, Artiste de Haut Niveau soutenu par la Fondation et \u00e9tudiant \u00e0 Grenoble INP - Esisar.\" \/>\n<meta property=\"og:url\" content=\"https:\/\/fondation-grenoble-inp.fr\/en\/journee-mondiale-de-lart-rencontre-avec-felix-roux\/\" \/>\n<meta property=\"og:site_name\" content=\"Fondation Grenoble INP\" \/>\n<meta property=\"article:published_time\" content=\"2023-04-11T09:43:54+00:00\" \/>\n<meta property=\"article:modified_time\" content=\"2024-04-11T09:37:27+00:00\" \/>\n<meta property=\"og:image\" content=\"https:\/\/fondation-grenoble-inp.fr\/wp-content\/uploads\/2023\/04\/Felix-Roux-Insta-1024x1024.png\" \/>\n\t<meta property=\"og:image:width\" content=\"1024\" \/>\n\t<meta property=\"og:image:height\" content=\"1024\" \/>\n\t<meta property=\"og:image:type\" content=\"image\/png\" \/>\n<meta name=\"twitter:card\" content=\"summary_large_image\" \/>\n<meta name=\"twitter:label1\" content=\"Written by\" \/>\n\t<meta name=\"twitter:data1\" content=\"Marie Dubreuil\" \/>\n\t<meta name=\"twitter:label2\" content=\"Est. reading time\" \/>\n\t<meta name=\"twitter:data2\" content=\"4 minutes\" \/>\n<script type=\"application\/ld+json\" class=\"yoast-schema-graph\">{\"@context\":\"https:\/\/schema.org\",\"@graph\":[{\"@type\":\"Organization\",\"@id\":\"https:\/\/fondation-grenoble-inp.fr\/#organization\",\"name\":\"Fondation INP Grenoble\",\"url\":\"https:\/\/fondation-grenoble-inp.fr\/\",\"sameAs\":[],\"logo\":{\"@type\":\"ImageObject\",\"@id\":\"https:\/\/fondation-grenoble-inp.fr\/#logo\",\"inLanguage\":\"en-US\",\"url\":\"https:\/\/fondation-grenoble-inp.fr\/wp-content\/uploads\/2021\/03\/cropped-favicon-fondation-inp-grenoble.png\",\"contentUrl\":\"https:\/\/fondation-grenoble-inp.fr\/wp-content\/uploads\/2021\/03\/cropped-favicon-fondation-inp-grenoble.png\",\"width\":512,\"height\":512,\"caption\":\"Fondation INP Grenoble\"},\"image\":{\"@id\":\"https:\/\/fondation-grenoble-inp.fr\/#logo\"}},{\"@type\":\"WebSite\",\"@id\":\"https:\/\/fondation-grenoble-inp.fr\/#website\",\"url\":\"https:\/\/fondation-grenoble-inp.fr\/\",\"name\":\"Fondation Grenoble INP\",\"description\":\"#OsezlAvenir\",\"publisher\":{\"@id\":\"https:\/\/fondation-grenoble-inp.fr\/#organization\"},\"potentialAction\":[{\"@type\":\"SearchAction\",\"target\":{\"@type\":\"EntryPoint\",\"urlTemplate\":\"https:\/\/fondation-grenoble-inp.fr\/?s={search_term_string}\"},\"query-input\":\"required name=search_term_string\"}],\"inLanguage\":\"en-US\"},{\"@type\":\"ImageObject\",\"@id\":\"https:\/\/fondation-grenoble-inp.fr\/journee-mondiale-de-lart-rencontre-avec-felix-roux\/#primaryimage\",\"inLanguage\":\"en-US\",\"url\":\"https:\/\/fondation-grenoble-inp.fr\/wp-content\/uploads\/2023\/04\/Felix-Roux-Insta.png\",\"contentUrl\":\"https:\/\/fondation-grenoble-inp.fr\/wp-content\/uploads\/2023\/04\/Felix-Roux-Insta.png\",\"width\":\"3280\",\"height\":\"3280\",\"caption\":\"F\u00e9lix Roux\"},{\"@type\":\"WebPage\",\"@id\":\"https:\/\/fondation-grenoble-inp.fr\/journee-mondiale-de-lart-rencontre-avec-felix-roux\/#webpage\",\"url\":\"https:\/\/fondation-grenoble-inp.fr\/journee-mondiale-de-lart-rencontre-avec-felix-roux\/\",\"name\":\"Journ\u00e9e Mondiale de l'Art : rencontre avec F\u00e9lix Roux - Fondation Grenoble INP\",\"isPartOf\":{\"@id\":\"https:\/\/fondation-grenoble-inp.fr\/#website\"},\"primaryImageOfPage\":{\"@id\":\"https:\/\/fondation-grenoble-inp.fr\/journee-mondiale-de-lart-rencontre-avec-felix-roux\/#primaryimage\"},\"datePublished\":\"2023-04-11T09:43:54+00:00\",\"dateModified\":\"2024-04-11T09:37:27+00:00\",\"description\":\"Le 15 avril, nous avons c\u00e9l\u00e9br\u00e9 la Journ\u00e9e Mondiale de l'Art. \u00c0 cette occasion, nous avons rencontr\u00e9 F\u00e9lix Roux, Artiste de Haut Niveau soutenu par la Fondation et \u00e9tudiant \u00e0 Grenoble INP - Esisar.\",\"breadcrumb\":{\"@id\":\"https:\/\/fondation-grenoble-inp.fr\/journee-mondiale-de-lart-rencontre-avec-felix-roux\/#breadcrumb\"},\"inLanguage\":\"en-US\",\"potentialAction\":[{\"@type\":\"ReadAction\",\"target\":[\"https:\/\/fondation-grenoble-inp.fr\/journee-mondiale-de-lart-rencontre-avec-felix-roux\/\"]}]},{\"@type\":\"BreadcrumbList\",\"@id\":\"https:\/\/fondation-grenoble-inp.fr\/journee-mondiale-de-lart-rencontre-avec-felix-roux\/#breadcrumb\",\"itemListElement\":[{\"@type\":\"ListItem\",\"position\":1,\"name\":\"Accueil\",\"item\":\"https:\/\/fondation-grenoble-inp.fr\/\"},{\"@type\":\"ListItem\",\"position\":2,\"name\":\"Journ\u00e9e Mondiale de l&rsquo;Art : rencontre avec F\u00e9lix Roux\"}]},{\"@type\":\"Article\",\"@id\":\"https:\/\/fondation-grenoble-inp.fr\/journee-mondiale-de-lart-rencontre-avec-felix-roux\/#article\",\"isPartOf\":{\"@id\":\"https:\/\/fondation-grenoble-inp.fr\/journee-mondiale-de-lart-rencontre-avec-felix-roux\/#webpage\"},\"author\":{\"@id\":\"https:\/\/fondation-grenoble-inp.fr\/#\/schema\/person\/7c36548ebaddf05ba7a055d161ebff94\"},\"headline\":\"Journ\u00e9e Mondiale de l&rsquo;Art : rencontre avec F\u00e9lix Roux\",\"datePublished\":\"2023-04-11T09:43:54+00:00\",\"dateModified\":\"2024-04-11T09:37:27+00:00\",\"mainEntityOfPage\":{\"@id\":\"https:\/\/fondation-grenoble-inp.fr\/journee-mondiale-de-lart-rencontre-avec-felix-roux\/#webpage\"},\"wordCount\":770,\"publisher\":{\"@id\":\"https:\/\/fondation-grenoble-inp.fr\/#organization\"},\"image\":{\"@id\":\"https:\/\/fondation-grenoble-inp.fr\/journee-mondiale-de-lart-rencontre-avec-felix-roux\/#primaryimage\"},\"thumbnailUrl\":\"https:\/\/fondation-grenoble-inp.fr\/wp-content\/uploads\/2023\/04\/Felix-Roux-Insta.png\",\"articleSection\":[\"Les Bourses\"],\"inLanguage\":\"en-US\"},{\"@type\":\"Person\",\"@id\":\"https:\/\/fondation-grenoble-inp.fr\/#\/schema\/person\/7c36548ebaddf05ba7a055d161ebff94\",\"name\":\"Marie Dubreuil\",\"image\":{\"@type\":\"ImageObject\",\"@id\":\"https:\/\/fondation-grenoble-inp.fr\/#personlogo\",\"inLanguage\":\"en-US\",\"url\":\"https:\/\/secure.gravatar.com\/avatar\/358eb0ab274d9479ce7c23b8a3f0a360?s=96&d=mm&r=g\",\"contentUrl\":\"https:\/\/secure.gravatar.com\/avatar\/358eb0ab274d9479ce7c23b8a3f0a360?s=96&d=mm&r=g\",\"caption\":\"Marie Dubreuil\"}}]}<\/script>\n<!-- \/ Yoast SEO plugin. -->","yoast_head_json":{"title":"Journ\u00e9e Mondiale de l'Art : rencontre avec F\u00e9lix Roux - Fondation Grenoble INP","description":"Le 15 avril, nous avons c\u00e9l\u00e9br\u00e9 la Journ\u00e9e Mondiale de l'Art. \u00c0 cette occasion, nous avons rencontr\u00e9 F\u00e9lix Roux, Artiste de Haut Niveau soutenu par la Fondation et \u00e9tudiant \u00e0 Grenoble INP - Esisar.","robots":{"index":"index","follow":"follow","max-snippet":"max-snippet:-1","max-image-preview":"max-image-preview:large","max-video-preview":"max-video-preview:-1"},"canonical":"https:\/\/fondation-grenoble-inp.fr\/en\/journee-mondiale-de-lart-rencontre-avec-felix-roux\/","og_locale":"en_US","og_type":"article","og_title":"Journ\u00e9e Mondiale de l'Art : rencontre avec F\u00e9lix Roux - Fondation Grenoble INP","og_description":"Le 15 avril, nous avons c\u00e9l\u00e9br\u00e9 la Journ\u00e9e Mondiale de l'Art. \u00c0 cette occasion, nous avons rencontr\u00e9 F\u00e9lix Roux, Artiste de Haut Niveau soutenu par la Fondation et \u00e9tudiant \u00e0 Grenoble INP - Esisar.","og_url":"https:\/\/fondation-grenoble-inp.fr\/en\/journee-mondiale-de-lart-rencontre-avec-felix-roux\/","og_site_name":"Fondation Grenoble INP","article_published_time":"2023-04-11T09:43:54+00:00","article_modified_time":"2024-04-11T09:37:27+00:00","og_image":[{"width":"1024","height":"1024","url":"https:\/\/fondation-grenoble-inp.fr\/wp-content\/uploads\/2023\/04\/Felix-Roux-Insta-1024x1024.png","type":"image\/png"}],"twitter_card":"summary_large_image","twitter_misc":{"Written by":"Marie Dubreuil","Est. reading time":"4 minutes"},"schema":{"@context":"https:\/\/schema.org","@graph":[{"@type":"Organization","@id":"https:\/\/fondation-grenoble-inp.fr\/#organization","name":"Fondation INP Grenoble","url":"https:\/\/fondation-grenoble-inp.fr\/","sameAs":[],"logo":{"@type":"ImageObject","@id":"https:\/\/fondation-grenoble-inp.fr\/#logo","inLanguage":"en-US","url":"https:\/\/fondation-grenoble-inp.fr\/wp-content\/uploads\/2021\/03\/cropped-favicon-fondation-inp-grenoble.png","contentUrl":"https:\/\/fondation-grenoble-inp.fr\/wp-content\/uploads\/2021\/03\/cropped-favicon-fondation-inp-grenoble.png","width":512,"height":512,"caption":"Fondation INP Grenoble"},"image":{"@id":"https:\/\/fondation-grenoble-inp.fr\/#logo"}},{"@type":"WebSite","@id":"https:\/\/fondation-grenoble-inp.fr\/#website","url":"https:\/\/fondation-grenoble-inp.fr\/","name":"Fondation Grenoble INP","description":"#OsezlAvenir","publisher":{"@id":"https:\/\/fondation-grenoble-inp.fr\/#organization"},"potentialAction":[{"@type":"SearchAction","target":{"@type":"EntryPoint","urlTemplate":"https:\/\/fondation-grenoble-inp.fr\/?s={search_term_string}"},"query-input":"required name=search_term_string"}],"inLanguage":"en-US"},{"@type":"ImageObject","@id":"https:\/\/fondation-grenoble-inp.fr\/journee-mondiale-de-lart-rencontre-avec-felix-roux\/#primaryimage","inLanguage":"en-US","url":"https:\/\/fondation-grenoble-inp.fr\/wp-content\/uploads\/2023\/04\/Felix-Roux-Insta.png","contentUrl":"https:\/\/fondation-grenoble-inp.fr\/wp-content\/uploads\/2023\/04\/Felix-Roux-Insta.png","width":"3280","height":"3280","caption":"F\u00e9lix Roux"},{"@type":"WebPage","@id":"https:\/\/fondation-grenoble-inp.fr\/journee-mondiale-de-lart-rencontre-avec-felix-roux\/#webpage","url":"https:\/\/fondation-grenoble-inp.fr\/journee-mondiale-de-lart-rencontre-avec-felix-roux\/","name":"Journ\u00e9e Mondiale de l'Art : rencontre avec F\u00e9lix Roux - Fondation Grenoble INP","isPartOf":{"@id":"https:\/\/fondation-grenoble-inp.fr\/#website"},"primaryImageOfPage":{"@id":"https:\/\/fondation-grenoble-inp.fr\/journee-mondiale-de-lart-rencontre-avec-felix-roux\/#primaryimage"},"datePublished":"2023-04-11T09:43:54+00:00","dateModified":"2024-04-11T09:37:27+00:00","description":"Le 15 avril, nous avons c\u00e9l\u00e9br\u00e9 la Journ\u00e9e Mondiale de l'Art. \u00c0 cette occasion, nous avons rencontr\u00e9 F\u00e9lix Roux, Artiste de Haut Niveau soutenu par la Fondation et \u00e9tudiant \u00e0 Grenoble INP - Esisar.","breadcrumb":{"@id":"https:\/\/fondation-grenoble-inp.fr\/journee-mondiale-de-lart-rencontre-avec-felix-roux\/#breadcrumb"},"inLanguage":"en-US","potentialAction":[{"@type":"ReadAction","target":["https:\/\/fondation-grenoble-inp.fr\/journee-mondiale-de-lart-rencontre-avec-felix-roux\/"]}]},{"@type":"BreadcrumbList","@id":"https:\/\/fondation-grenoble-inp.fr\/journee-mondiale-de-lart-rencontre-avec-felix-roux\/#breadcrumb","itemListElement":[{"@type":"ListItem","position":1,"name":"Accueil","item":"https:\/\/fondation-grenoble-inp.fr\/"},{"@type":"ListItem","position":2,"name":"Journ\u00e9e Mondiale de l&rsquo;Art : rencontre avec F\u00e9lix Roux"}]},{"@type":"Article","@id":"https:\/\/fondation-grenoble-inp.fr\/journee-mondiale-de-lart-rencontre-avec-felix-roux\/#article","isPartOf":{"@id":"https:\/\/fondation-grenoble-inp.fr\/journee-mondiale-de-lart-rencontre-avec-felix-roux\/#webpage"},"author":{"@id":"https:\/\/fondation-grenoble-inp.fr\/#\/schema\/person\/7c36548ebaddf05ba7a055d161ebff94"},"headline":"Journ\u00e9e Mondiale de l&rsquo;Art : rencontre avec F\u00e9lix Roux","datePublished":"2023-04-11T09:43:54+00:00","dateModified":"2024-04-11T09:37:27+00:00","mainEntityOfPage":{"@id":"https:\/\/fondation-grenoble-inp.fr\/journee-mondiale-de-lart-rencontre-avec-felix-roux\/#webpage"},"wordCount":770,"publisher":{"@id":"https:\/\/fondation-grenoble-inp.fr\/#organization"},"image":{"@id":"https:\/\/fondation-grenoble-inp.fr\/journee-mondiale-de-lart-rencontre-avec-felix-roux\/#primaryimage"},"thumbnailUrl":"https:\/\/fondation-grenoble-inp.fr\/wp-content\/uploads\/2023\/04\/Felix-Roux-Insta.png","articleSection":["Les Bourses"],"inLanguage":"en-US"},{"@type":"Person","@id":"https:\/\/fondation-grenoble-inp.fr\/#\/schema\/person\/7c36548ebaddf05ba7a055d161ebff94","name":"Marie Dubreuil","image":{"@type":"ImageObject","@id":"https:\/\/fondation-grenoble-inp.fr\/#personlogo","inLanguage":"en-US","url":"https:\/\/secure.gravatar.com\/avatar\/358eb0ab274d9479ce7c23b8a3f0a360?s=96&d=mm&r=g","contentUrl":"https:\/\/secure.gravatar.com\/avatar\/358eb0ab274d9479ce7c23b8a3f0a360?s=96&d=mm&r=g","caption":"Marie Dubreuil"}}]}},"_links":{"self":[{"href":"https:\/\/fondation-grenoble-inp.fr\/en\/wp-json\/wp\/v2\/posts\/15535"}],"collection":[{"href":"https:\/\/fondation-grenoble-inp.fr\/en\/wp-json\/wp\/v2\/posts"}],"about":[{"href":"https:\/\/fondation-grenoble-inp.fr\/en\/wp-json\/wp\/v2\/types\/post"}],"author":[{"embeddable":true,"href":"https:\/\/fondation-grenoble-inp.fr\/en\/wp-json\/wp\/v2\/users\/7"}],"replies":[{"embeddable":true,"href":"https:\/\/fondation-grenoble-inp.fr\/en\/wp-json\/wp\/v2\/comments?post=15535"}],"version-history":[{"count":9,"href":"https:\/\/fondation-grenoble-inp.fr\/en\/wp-json\/wp\/v2\/posts\/15535\/revisions"}],"predecessor-version":[{"id":17986,"href":"https:\/\/fondation-grenoble-inp.fr\/en\/wp-json\/wp\/v2\/posts\/15535\/revisions\/17986"}],"wp:featuredmedia":[{"embeddable":true,"href":"https:\/\/fondation-grenoble-inp.fr\/en\/wp-json\/wp\/v2\/media\/15538"}],"wp:attachment":[{"href":"https:\/\/fondation-grenoble-inp.fr\/en\/wp-json\/wp\/v2\/media?parent=15535"}],"wp:term":[{"taxonomy":"category","embeddable":true,"href":"https:\/\/fondation-grenoble-inp.fr\/en\/wp-json\/wp\/v2\/categories?post=15535"},{"taxonomy":"post_tag","embeddable":true,"href":"https:\/\/fondation-grenoble-inp.fr\/en\/wp-json\/wp\/v2\/tags?post=15535"}],"curies":[{"name":"wp","href":"https:\/\/api.w.org\/{rel}","templated":true}]}}