{"id":15994,"date":"2023-06-27T16:40:37","date_gmt":"2023-06-27T14:40:37","guid":{"rendered":"https:\/\/fondation-grenoble-inp.fr\/?p=15994"},"modified":"2023-07-24T15:02:24","modified_gmt":"2023-07-24T13:02:24","slug":"antoine-girard-brille-sur-la-scene-de-lescalade-de-bloc","status":"publish","type":"post","link":"https:\/\/fondation-grenoble-inp.fr\/en\/antoine-girard-brille-sur-la-scene-de-lescalade-de-bloc\/","title":{"rendered":"Antoine Girard brille sur la sc\u00e8ne de l&rsquo;escalade de bloc"},"content":{"rendered":"<div data-elementor-type=\"wp-post\" data-elementor-id=\"15994\" data-post-id=\"15994\" data-obj-id=\"15994\" class=\"elementor elementor-15994 dce-elementor-post-15994\" data-elementor-settings=\"[]\">\n\t\t\t\t\t\t<div class=\"elementor-inner\">\n\t\t\t\t\t\t\t<div class=\"elementor-section-wrap\">\n\t\t\t\t\t\t\t<section class=\"elementor-section elementor-top-section elementor-element elementor-element-d22f585 elementor-section-boxed elementor-section-height-default elementor-section-height-default\" data-id=\"d22f585\" data-element_type=\"section\">\n\t\t\t\t\t\t<div class=\"elementor-container elementor-column-gap-default\">\n\t\t\t\t\t\t\t<div class=\"elementor-row\">\n\t\t\t\t\t<div class=\"elementor-column elementor-col-100 elementor-top-column elementor-element elementor-element-7f71014\" data-id=\"7f71014\" data-element_type=\"column\">\n\t\t\t<div class=\"elementor-column-wrap elementor-element-populated\">\n\t\t\t\t\t\t\t<div class=\"elementor-widget-wrap\">\n\t\t\t\t\t\t<div class=\"elementor-element elementor-element-331af14 elementor-widget elementor-widget-text-editor\" data-id=\"331af14\" data-element_type=\"widget\" data-widget_type=\"text-editor.default\">\n\t\t\t\t<div class=\"elementor-widget-container\">\n\t\t\t\t\t\t\t\t<div class=\"elementor-text-editor elementor-clearfix\">\n\t\t\t\t<p><strong>Antoine Girard, \u00e9tudiant \u00e0 <a href=\"https:\/\/ense3.grenoble-inp.fr\/\" target=\"_blank\" rel=\"noopener\">Grenoble INP &#8211; Ense3, UGA<\/a> et sportif de haut niveau en escalade de bloc, fait parler de lui avec des performances remarquables. Soutenu par la <a href=\"https:\/\/fondation-grenoble-inp.fr\/en\/\" target=\"_blank\" rel=\"noopener\">Grenoble INP Foundation<\/a> \u00e0 travers la bourse d&rsquo;excellence sportif de haut niveau, Antoine a su concilier sa passion pour l&rsquo;escalade avec ses \u00e9tudes d&rsquo;ing\u00e9nieur, et les r\u00e9sultats sont au rendez-vous.<\/strong><\/p>\t\t\t\t\t<\/div>\n\t\t\t\t\t\t<\/div>\n\t\t\t\t<\/div>\n\t\t\t\t\t\t<\/div>\n\t\t\t\t\t<\/div>\n\t\t<\/div>\n\t\t\t\t\t\t\t\t<\/div>\n\t\t\t\t\t<\/div>\n\t\t<\/section>\n\t\t\t\t<section class=\"elementor-section elementor-top-section elementor-element elementor-element-0f4105b elementor-section-boxed elementor-section-height-default elementor-section-height-default\" data-id=\"0f4105b\" data-element_type=\"section\">\n\t\t\t\t\t\t<div class=\"elementor-container elementor-column-gap-default\">\n\t\t\t\t\t\t\t<div class=\"elementor-row\">\n\t\t\t\t\t<div class=\"elementor-column elementor-col-33 elementor-top-column elementor-element elementor-element-4f49508\" data-id=\"4f49508\" data-element_type=\"column\">\n\t\t\t<div class=\"elementor-column-wrap elementor-element-populated\">\n\t\t\t\t\t\t\t<div class=\"elementor-widget-wrap\">\n\t\t\t\t\t\t<div class=\"elementor-element elementor-element-3f0f34c dce_masking-none elementor-widget elementor-widget-image\" data-id=\"3f0f34c\" data-element_type=\"widget\" data-widget_type=\"image.default\">\n\t\t\t\t<div class=\"elementor-widget-container\">\n\t\t\t\t\t\t\t\t<div class=\"elementor-image\">\n\t\t\t\t\t\t\t\t\t\t\t\t<img width=\"1320\" height=\"1980\" src=\"https:\/\/fondation-grenoble-inp.fr\/wp-content\/uploads\/2023\/06\/20230528_ECBLoverval_tdebelle_semisANDfinals-141.jpg\" class=\"attachment-full size-full\" alt=\"\" loading=\"lazy\" srcset=\"https:\/\/fondation-grenoble-inp.fr\/wp-content\/uploads\/2023\/06\/20230528_ECBLoverval_tdebelle_semisANDfinals-141.jpg 1320w, https:\/\/fondation-grenoble-inp.fr\/wp-content\/uploads\/2023\/06\/20230528_ECBLoverval_tdebelle_semisANDfinals-141-200x300.jpg 200w, https:\/\/fondation-grenoble-inp.fr\/wp-content\/uploads\/2023\/06\/20230528_ECBLoverval_tdebelle_semisANDfinals-141-683x1024.jpg 683w, https:\/\/fondation-grenoble-inp.fr\/wp-content\/uploads\/2023\/06\/20230528_ECBLoverval_tdebelle_semisANDfinals-141-768x1152.jpg 768w, https:\/\/fondation-grenoble-inp.fr\/wp-content\/uploads\/2023\/06\/20230528_ECBLoverval_tdebelle_semisANDfinals-141-1024x1536.jpg 1024w, https:\/\/fondation-grenoble-inp.fr\/wp-content\/uploads\/2023\/06\/20230528_ECBLoverval_tdebelle_semisANDfinals-141-8x12.jpg 8w\" sizes=\"(max-width: 1320px) 100vw, 1320px\" \/>\t\t\t\t\t\t\t\t\t\t\t\t\t\t<\/div>\n\t\t\t\t\t\t<\/div>\n\t\t\t\t<\/div>\n\t\t\t\t\t\t<\/div>\n\t\t\t\t\t<\/div>\n\t\t<\/div>\n\t\t\t\t<div class=\"elementor-column elementor-col-66 elementor-top-column elementor-element elementor-element-8969f51\" data-id=\"8969f51\" data-element_type=\"column\">\n\t\t\t<div class=\"elementor-column-wrap elementor-element-populated\">\n\t\t\t\t\t\t\t<div class=\"elementor-widget-wrap\">\n\t\t\t\t\t\t<div class=\"elementor-element elementor-element-ed827bc elementor-widget elementor-widget-text-editor\" data-id=\"ed827bc\" data-element_type=\"widget\" data-widget_type=\"text-editor.default\">\n\t\t\t\t<div class=\"elementor-widget-container\">\n\t\t\t\t\t\t\t\t<div class=\"elementor-text-editor elementor-clearfix\">\n\t\t\t\t<p>Tout a commenc\u00e9 pour Antoine \u00e0 l&rsquo;\u00e2ge de 7 ans, lorsqu&rsquo;il a d\u00e9couvert l&rsquo;escalade. Ce fut un v\u00e9ritable coup de foudre, et depuis lors, il n&rsquo;a jamais l\u00e2ch\u00e9 la paroi. Son talent s&rsquo;est rapidement r\u00e9v\u00e9l\u00e9 lorsqu&rsquo;il a atteint la 8e place au <strong>Championnat de France minime en 2015<\/strong>, ce qui lui a donn\u00e9 plus d&rsquo;ambition pour la suite de sa carri\u00e8re. Anim\u00e9 par la volont\u00e9 de progresser, il a construit son propre mur d&rsquo;entra\u00eenement dans la grange familiale pour repousser ses limites. Jusqu&rsquo;en 2021, Antoine s&rsquo;est entra\u00een\u00e9 en autodidacte, tout en profitant des conseils de son coach sur son mur personnel. Son arriv\u00e9e au <strong>p\u00f4le France de Voiron<\/strong>, suite \u00e0 son d\u00e9m\u00e9nagement \u00e0 Grenoble, a marqu\u00e9 le d\u00e9but d&rsquo;une nouvelle aventure. C&rsquo;est cette m\u00eame ann\u00e9e qu&rsquo;Antoine a int\u00e9gr\u00e9 <strong><a href=\"https:\/\/ense3.grenoble-inp.fr\/\" target=\"_blank\" rel=\"noopener\">Grenoble INP &#8211; Ense3<\/a><\/strong>, lui permettant gr\u00e2ce \u00e0 un am\u00e9nagement de scolarit\u00e9 de jongler entre sa passion pour l&rsquo;escalade et ses \u00e9tudes d&rsquo;ing\u00e9nieur.<\/p>\t\t\t\t\t<\/div>\n\t\t\t\t\t\t<\/div>\n\t\t\t\t<\/div>\n\t\t\t\t\t\t<\/div>\n\t\t\t\t\t<\/div>\n\t\t<\/div>\n\t\t\t\t\t\t\t\t<\/div>\n\t\t\t\t\t<\/div>\n\t\t<\/section>\n\t\t\t\t<section class=\"elementor-section elementor-top-section elementor-element elementor-element-4613c44 elementor-section-boxed elementor-section-height-default elementor-section-height-default\" data-id=\"4613c44\" data-element_type=\"section\">\n\t\t\t\t\t\t<div class=\"elementor-container elementor-column-gap-default\">\n\t\t\t\t\t\t\t<div class=\"elementor-row\">\n\t\t\t\t\t<div class=\"elementor-column elementor-col-66 elementor-top-column elementor-element elementor-element-87d883d\" data-id=\"87d883d\" data-element_type=\"column\">\n\t\t\t<div class=\"elementor-column-wrap elementor-element-populated\">\n\t\t\t\t\t\t\t<div class=\"elementor-widget-wrap\">\n\t\t\t\t\t\t<div class=\"elementor-element elementor-element-95d454a elementor-widget elementor-widget-text-editor\" data-id=\"95d454a\" data-element_type=\"widget\" data-widget_type=\"text-editor.default\">\n\t\t\t\t<div class=\"elementor-widget-container\">\n\t\t\t\t\t\t\t\t<div class=\"elementor-text-editor elementor-clearfix\">\n\t\t\t\t<p>Antoine ne se contente pas seulement de gravir les parois, il vise le sommet du circuit des coupes du monde de bloc. Son objectif est de r\u00e9aliser des demi-finales et des finales, tout en visant un titre de <strong>champion de France<\/strong> et une qualification pour les <strong>Jeux olympiques de Los Angeles en 2028<\/strong>. Il a \u00e9galement le projet d&rsquo;obtenir son <strong>dipl\u00f4me d&rsquo;ing\u00e9nieur<\/strong> en double cursus, tout en continuant de progresser dans son sport. Envisageant une carri\u00e8re professionnelle de sportif, Antoine garde \u00e9galement en t\u00eate le m\u00e9tier d&rsquo;ing\u00e9nieur comme seconde option.<\/p>\t\t\t\t\t<\/div>\n\t\t\t\t\t\t<\/div>\n\t\t\t\t<\/div>\n\t\t\t\t\t\t<\/div>\n\t\t\t\t\t<\/div>\n\t\t<\/div>\n\t\t\t\t<div class=\"elementor-column elementor-col-33 elementor-top-column elementor-element elementor-element-13294b7\" data-id=\"13294b7\" data-element_type=\"column\">\n\t\t\t<div class=\"elementor-column-wrap elementor-element-populated\">\n\t\t\t\t\t\t\t<div class=\"elementor-widget-wrap\">\n\t\t\t\t\t\t<div class=\"elementor-element elementor-element-b391253 dce_masking-none elementor-widget elementor-widget-image\" data-id=\"b391253\" data-element_type=\"widget\" data-widget_type=\"image.default\">\n\t\t\t\t<div class=\"elementor-widget-container\">\n\t\t\t\t\t\t\t\t<div class=\"elementor-image\">\n\t\t\t\t\t\t\t\t\t\t\t\t<img width=\"683\" height=\"1024\" src=\"https:\/\/fondation-grenoble-inp.fr\/wp-content\/uploads\/2023\/06\/RUN_2022_-683x1024.jpg\" class=\"attachment-large size-large\" alt=\"Antoine Girard 2022\" loading=\"lazy\" srcset=\"https:\/\/fondation-grenoble-inp.fr\/wp-content\/uploads\/2023\/06\/RUN_2022_-683x1024.jpg 683w, https:\/\/fondation-grenoble-inp.fr\/wp-content\/uploads\/2023\/06\/RUN_2022_-200x300.jpg 200w, https:\/\/fondation-grenoble-inp.fr\/wp-content\/uploads\/2023\/06\/RUN_2022_-768x1151.jpg 768w, https:\/\/fondation-grenoble-inp.fr\/wp-content\/uploads\/2023\/06\/RUN_2022_-1025x1536.jpg 1025w, https:\/\/fondation-grenoble-inp.fr\/wp-content\/uploads\/2023\/06\/RUN_2022_-8x12.jpg 8w, https:\/\/fondation-grenoble-inp.fr\/wp-content\/uploads\/2023\/06\/RUN_2022_.jpg 1334w\" sizes=\"(max-width: 683px) 100vw, 683px\" \/>\t\t\t\t\t\t\t\t\t\t\t\t\t\t<\/div>\n\t\t\t\t\t\t<\/div>\n\t\t\t\t<\/div>\n\t\t\t\t\t\t<\/div>\n\t\t\t\t\t<\/div>\n\t\t<\/div>\n\t\t\t\t\t\t\t\t<\/div>\n\t\t\t\t\t<\/div>\n\t\t<\/section>\n\t\t\t\t<section class=\"elementor-section elementor-top-section elementor-element elementor-element-816792e elementor-section-boxed elementor-section-height-default elementor-section-height-default\" data-id=\"816792e\" data-element_type=\"section\">\n\t\t\t\t\t\t<div class=\"elementor-container elementor-column-gap-default\">\n\t\t\t\t\t\t\t<div class=\"elementor-row\">\n\t\t\t\t\t<div class=\"elementor-column elementor-col-33 elementor-top-column elementor-element elementor-element-9238fa9\" data-id=\"9238fa9\" data-element_type=\"column\">\n\t\t\t<div class=\"elementor-column-wrap elementor-element-populated\">\n\t\t\t\t\t\t\t<div class=\"elementor-widget-wrap\">\n\t\t\t\t\t\t<div class=\"elementor-element elementor-element-8f4fa96 dce_masking-none elementor-widget elementor-widget-image\" data-id=\"8f4fa96\" data-element_type=\"widget\" data-widget_type=\"image.default\">\n\t\t\t\t<div class=\"elementor-widget-container\">\n\t\t\t\t\t\t\t\t<div class=\"elementor-image\">\n\t\t\t\t\t\t\t\t\t\t\t\t<img width=\"744\" height=\"990\" src=\"https:\/\/fondation-grenoble-inp.fr\/wp-content\/uploads\/2023\/06\/Antoine-Girard.png\" class=\"attachment-large size-large\" alt=\"\" loading=\"lazy\" srcset=\"https:\/\/fondation-grenoble-inp.fr\/wp-content\/uploads\/2023\/06\/Antoine-Girard.png 744w, https:\/\/fondation-grenoble-inp.fr\/wp-content\/uploads\/2023\/06\/Antoine-Girard-225x300.png 225w, https:\/\/fondation-grenoble-inp.fr\/wp-content\/uploads\/2023\/06\/Antoine-Girard-9x12.png 9w\" sizes=\"(max-width: 744px) 100vw, 744px\" \/>\t\t\t\t\t\t\t\t\t\t\t\t\t\t<\/div>\n\t\t\t\t\t\t<\/div>\n\t\t\t\t<\/div>\n\t\t\t\t\t\t<\/div>\n\t\t\t\t\t<\/div>\n\t\t<\/div>\n\t\t\t\t<div class=\"elementor-column elementor-col-66 elementor-top-column elementor-element elementor-element-dd4bbac\" data-id=\"dd4bbac\" data-element_type=\"column\">\n\t\t\t<div class=\"elementor-column-wrap elementor-element-populated\">\n\t\t\t\t\t\t\t<div class=\"elementor-widget-wrap\">\n\t\t\t\t\t\t<div class=\"elementor-element elementor-element-3e504ad elementor-widget elementor-widget-text-editor\" data-id=\"3e504ad\" data-element_type=\"widget\" data-widget_type=\"text-editor.default\">\n\t\t\t\t<div class=\"elementor-widget-container\">\n\t\t\t\t\t\t\t\t<div class=\"elementor-text-editor elementor-clearfix\">\n\t\t\t\t<p>Les r\u00e9sultats d&rsquo;Antoine parlent d&rsquo;eux-m\u00eames. En 2021, il a remport\u00e9 une <strong>coupe de France<\/strong>. En 2023, il s&rsquo;est distingu\u00e9 en remportant la troisi\u00e8me place en <strong>coupe d&rsquo;Europe de bloc<\/strong>, ainsi que la deuxi\u00e8me place au <strong>classement g\u00e9n\u00e9ral des coupes d&rsquo;Europe<\/strong>. Au mois de juin, il a \u00e9galement d\u00e9croch\u00e9 la premi\u00e8re place de la <strong>coupe de France d\u2019escalade des \u00e9coles d\u2019ing\u00e9nieurs<\/strong>. Peu de temps apr\u00e8s, il a particip\u00e9 \u00e0 sa premi\u00e8re coupe du monde : l\u2019<strong>\u00e9tape de Brixen en Italie<\/strong>. Bien qu&rsquo;il ait \u00e9t\u00e9 d\u00e9\u00e7u de sa 50e place lors de cette derni\u00e8re comp\u00e9tition, notamment due au stress et \u00e0 une longue attente, il a ador\u00e9 cette exp\u00e9rience. Celle-ci lui a donn\u00e9 l&rsquo;envie de s&rsquo;entrainer davantage pour revenir plus fort \u00e0 la prochaine saison.<\/p>\t\t\t\t\t<\/div>\n\t\t\t\t\t\t<\/div>\n\t\t\t\t<\/div>\n\t\t\t\t\t\t<\/div>\n\t\t\t\t\t<\/div>\n\t\t<\/div>\n\t\t\t\t\t\t\t\t<\/div>\n\t\t\t\t\t<\/div>\n\t\t<\/section>\n\t\t\t\t<section class=\"elementor-section elementor-top-section elementor-element elementor-element-e182025 elementor-section-boxed elementor-section-height-default elementor-section-height-default\" data-id=\"e182025\" data-element_type=\"section\">\n\t\t\t\t\t\t<div class=\"elementor-container elementor-column-gap-default\">\n\t\t\t\t\t\t\t<div class=\"elementor-row\">\n\t\t\t\t\t<div class=\"elementor-column elementor-col-100 elementor-top-column elementor-element elementor-element-416f455\" data-id=\"416f455\" data-element_type=\"column\">\n\t\t\t<div class=\"elementor-column-wrap elementor-element-populated\">\n\t\t\t\t\t\t\t<div class=\"elementor-widget-wrap\">\n\t\t\t\t\t\t<div class=\"elementor-element elementor-element-f83f842 elementor-widget elementor-widget-text-editor\" data-id=\"f83f842\" data-element_type=\"widget\" data-widget_type=\"text-editor.default\">\n\t\t\t\t<div class=\"elementor-widget-container\">\n\t\t\t\t\t\t\t\t<div class=\"elementor-text-editor elementor-clearfix\">\n\t\t\t\t<p>Les performances remarquables d&rsquo;Antoine t\u00e9moignent de son d\u00e9vouement et de sa pers\u00e9v\u00e9rance. La Fondation Grenoble INP est fi\u00e8re de le soutenir et le f\u00e9licite pour ses brillants r\u00e9sultats.<\/p>\t\t\t\t\t<\/div>\n\t\t\t\t\t\t<\/div>\n\t\t\t\t<\/div>\n\t\t\t\t\t\t<\/div>\n\t\t\t\t\t<\/div>\n\t\t<\/div>\n\t\t\t\t\t\t\t\t<\/div>\n\t\t\t\t\t<\/div>\n\t\t<\/section>\n\t\t\t\t<section class=\"elementor-section elementor-top-section elementor-element elementor-element-1bcd8e2 elementor-section-boxed elementor-section-height-default elementor-section-height-default\" data-id=\"1bcd8e2\" data-element_type=\"section\">\n\t\t\t\t\t\t<div class=\"elementor-container elementor-column-gap-default\">\n\t\t\t\t\t\t\t<div class=\"elementor-row\">\n\t\t\t\t\t<div class=\"elementor-column elementor-col-100 elementor-top-column elementor-element elementor-element-6f94da1\" data-id=\"6f94da1\" data-element_type=\"column\">\n\t\t\t<div class=\"elementor-column-wrap elementor-element-populated\">\n\t\t\t\t\t\t\t<div class=\"elementor-widget-wrap\">\n\t\t\t\t\t\t<div class=\"elementor-element elementor-element-c6334da elementor-widget elementor-widget-text-editor\" data-id=\"c6334da\" data-element_type=\"widget\" data-widget_type=\"text-editor.default\">\n\t\t\t\t<div class=\"elementor-widget-container\">\n\t\t\t\t\t\t\t\t<div class=\"elementor-text-editor elementor-clearfix\">\n\t\t\t\t<p>Pour plus d&rsquo;informations sur la bourse d&rsquo;excellence,<strong> <a href=\"https:\/\/fondation-grenoble-inp.fr\/en\/bourses-dexcellence\/\" target=\"_blank\" rel=\"noopener\">rendez-vous ici<\/a><\/strong>.<\/p>\t\t\t\t\t<\/div>\n\t\t\t\t\t\t<\/div>\n\t\t\t\t<\/div>\n\t\t\t\t\t\t<\/div>\n\t\t\t\t\t<\/div>\n\t\t<\/div>\n\t\t\t\t\t\t\t\t<\/div>\n\t\t\t\t\t<\/div>\n\t\t<\/section>\n\t\t\t\t\t\t<\/div>\n\t\t\t\t\t\t<\/div>\n\t\t\t\t\t<\/div>","protected":false},"excerpt":{"rendered":"<p>Antoine Girard, \u00e9tudiant \u00e0 Grenoble INP &#8211; Ense3, UGA et sportif de haut niveau en escalade de bloc, fait parler de lui avec des performances remarquables. <\/p>","protected":false},"author":7,"featured_media":16016,"comment_status":"closed","ping_status":"open","sticky":false,"template":"","format":"standard","meta":[],"categories":[477],"tags":[],"acf":[],"yoast_head":"<!-- This site is optimized with the Yoast SEO plugin v18.0 - https:\/\/yoast.com\/wordpress\/plugins\/seo\/ -->\n<title>Antoine Girard brille sur la sc\u00e8ne de l&#039;escalade de bloc - Fondation Grenoble INP<\/title>\n<meta name=\"description\" content=\"Antoine Girard, \u00e9tudiant \u00e0 Grenoble INP - Ense3, UGA et sportif de haut niveau en escalade de bloc, fait parler de lui avec des performances remarquables.\" \/>\n<meta name=\"robots\" content=\"index, follow, max-snippet:-1, max-image-preview:large, max-video-preview:-1\" \/>\n<link rel=\"canonical\" href=\"https:\/\/fondation-grenoble-inp.fr\/en\/antoine-girard-brille-sur-la-scene-de-lescalade-de-bloc\/\" \/>\n<meta property=\"og:locale\" content=\"en_US\" \/>\n<meta property=\"og:type\" content=\"article\" \/>\n<meta property=\"og:title\" content=\"Antoine Girard brille sur la sc\u00e8ne de l&#039;escalade de bloc - Fondation Grenoble INP\" \/>\n<meta property=\"og:description\" content=\"Antoine Girard, \u00e9tudiant \u00e0 Grenoble INP - Ense3, UGA et sportif de haut niveau en escalade de bloc, fait parler de lui avec des performances remarquables.\" \/>\n<meta property=\"og:url\" content=\"https:\/\/fondation-grenoble-inp.fr\/en\/antoine-girard-brille-sur-la-scene-de-lescalade-de-bloc\/\" \/>\n<meta property=\"og:site_name\" content=\"Fondation Grenoble INP\" \/>\n<meta property=\"article:published_time\" content=\"2023-06-27T14:40:37+00:00\" \/>\n<meta property=\"article:modified_time\" content=\"2023-07-24T13:02:24+00:00\" \/>\n<meta property=\"og:image\" content=\"https:\/\/fondation-grenoble-inp.fr\/wp-content\/uploads\/2023\/06\/Antoine-Girard-bloc.png\" \/>\n\t<meta property=\"og:image:width\" content=\"2780\" \/>\n\t<meta property=\"og:image:height\" content=\"1094\" \/>\n\t<meta property=\"og:image:type\" content=\"image\/png\" \/>\n<meta name=\"twitter:card\" content=\"summary_large_image\" \/>\n<meta name=\"twitter:label1\" content=\"Written by\" \/>\n\t<meta name=\"twitter:data1\" content=\"Marie Dubreuil\" \/>\n\t<meta name=\"twitter:label2\" content=\"Est. reading time\" \/>\n\t<meta name=\"twitter:data2\" content=\"3 minutes\" \/>\n<script type=\"application\/ld+json\" class=\"yoast-schema-graph\">{\"@context\":\"https:\/\/schema.org\",\"@graph\":[{\"@type\":\"Organization\",\"@id\":\"https:\/\/fondation-grenoble-inp.fr\/#organization\",\"name\":\"Fondation INP Grenoble\",\"url\":\"https:\/\/fondation-grenoble-inp.fr\/\",\"sameAs\":[],\"logo\":{\"@type\":\"ImageObject\",\"@id\":\"https:\/\/fondation-grenoble-inp.fr\/#logo\",\"inLanguage\":\"en-US\",\"url\":\"https:\/\/fondation-grenoble-inp.fr\/wp-content\/uploads\/2021\/03\/cropped-favicon-fondation-inp-grenoble.png\",\"contentUrl\":\"https:\/\/fondation-grenoble-inp.fr\/wp-content\/uploads\/2021\/03\/cropped-favicon-fondation-inp-grenoble.png\",\"width\":512,\"height\":512,\"caption\":\"Fondation INP Grenoble\"},\"image\":{\"@id\":\"https:\/\/fondation-grenoble-inp.fr\/#logo\"}},{\"@type\":\"WebSite\",\"@id\":\"https:\/\/fondation-grenoble-inp.fr\/#website\",\"url\":\"https:\/\/fondation-grenoble-inp.fr\/\",\"name\":\"Fondation Grenoble INP\",\"description\":\"#OsezlAvenir\",\"publisher\":{\"@id\":\"https:\/\/fondation-grenoble-inp.fr\/#organization\"},\"potentialAction\":[{\"@type\":\"SearchAction\",\"target\":{\"@type\":\"EntryPoint\",\"urlTemplate\":\"https:\/\/fondation-grenoble-inp.fr\/?s={search_term_string}\"},\"query-input\":\"required name=search_term_string\"}],\"inLanguage\":\"en-US\"},{\"@type\":\"ImageObject\",\"@id\":\"https:\/\/fondation-grenoble-inp.fr\/antoine-girard-brille-sur-la-scene-de-lescalade-de-bloc\/#primaryimage\",\"inLanguage\":\"en-US\",\"url\":\"https:\/\/fondation-grenoble-inp.fr\/wp-content\/uploads\/2023\/06\/Antoine-Girard-bloc.png\",\"contentUrl\":\"https:\/\/fondation-grenoble-inp.fr\/wp-content\/uploads\/2023\/06\/Antoine-Girard-bloc.png\",\"width\":\"2780\",\"height\":\"1094\",\"caption\":\"Antoine Girard Bloc\"},{\"@type\":\"WebPage\",\"@id\":\"https:\/\/fondation-grenoble-inp.fr\/antoine-girard-brille-sur-la-scene-de-lescalade-de-bloc\/#webpage\",\"url\":\"https:\/\/fondation-grenoble-inp.fr\/antoine-girard-brille-sur-la-scene-de-lescalade-de-bloc\/\",\"name\":\"Antoine Girard brille sur la sc\u00e8ne de l'escalade de bloc - Fondation Grenoble INP\",\"isPartOf\":{\"@id\":\"https:\/\/fondation-grenoble-inp.fr\/#website\"},\"primaryImageOfPage\":{\"@id\":\"https:\/\/fondation-grenoble-inp.fr\/antoine-girard-brille-sur-la-scene-de-lescalade-de-bloc\/#primaryimage\"},\"datePublished\":\"2023-06-27T14:40:37+00:00\",\"dateModified\":\"2023-07-24T13:02:24+00:00\",\"description\":\"Antoine Girard, \u00e9tudiant \u00e0 Grenoble INP - Ense3, UGA et sportif de haut niveau en escalade de bloc, fait parler de lui avec des performances remarquables.\",\"breadcrumb\":{\"@id\":\"https:\/\/fondation-grenoble-inp.fr\/antoine-girard-brille-sur-la-scene-de-lescalade-de-bloc\/#breadcrumb\"},\"inLanguage\":\"en-US\",\"potentialAction\":[{\"@type\":\"ReadAction\",\"target\":[\"https:\/\/fondation-grenoble-inp.fr\/antoine-girard-brille-sur-la-scene-de-lescalade-de-bloc\/\"]}]},{\"@type\":\"BreadcrumbList\",\"@id\":\"https:\/\/fondation-grenoble-inp.fr\/antoine-girard-brille-sur-la-scene-de-lescalade-de-bloc\/#breadcrumb\",\"itemListElement\":[{\"@type\":\"ListItem\",\"position\":1,\"name\":\"Accueil\",\"item\":\"https:\/\/fondation-grenoble-inp.fr\/\"},{\"@type\":\"ListItem\",\"position\":2,\"name\":\"Antoine Girard brille sur la sc\u00e8ne de l&rsquo;escalade de bloc\"}]},{\"@type\":\"Article\",\"@id\":\"https:\/\/fondation-grenoble-inp.fr\/antoine-girard-brille-sur-la-scene-de-lescalade-de-bloc\/#article\",\"isPartOf\":{\"@id\":\"https:\/\/fondation-grenoble-inp.fr\/antoine-girard-brille-sur-la-scene-de-lescalade-de-bloc\/#webpage\"},\"author\":{\"@id\":\"https:\/\/fondation-grenoble-inp.fr\/#\/schema\/person\/7c36548ebaddf05ba7a055d161ebff94\"},\"headline\":\"Antoine Girard brille sur la sc\u00e8ne de l&rsquo;escalade de bloc\",\"datePublished\":\"2023-06-27T14:40:37+00:00\",\"dateModified\":\"2023-07-24T13:02:24+00:00\",\"mainEntityOfPage\":{\"@id\":\"https:\/\/fondation-grenoble-inp.fr\/antoine-girard-brille-sur-la-scene-de-lescalade-de-bloc\/#webpage\"},\"wordCount\":509,\"publisher\":{\"@id\":\"https:\/\/fondation-grenoble-inp.fr\/#organization\"},\"image\":{\"@id\":\"https:\/\/fondation-grenoble-inp.fr\/antoine-girard-brille-sur-la-scene-de-lescalade-de-bloc\/#primaryimage\"},\"thumbnailUrl\":\"https:\/\/fondation-grenoble-inp.fr\/wp-content\/uploads\/2023\/06\/Antoine-Girard-bloc.png\",\"articleSection\":[\"Les Bourses\"],\"inLanguage\":\"en-US\"},{\"@type\":\"Person\",\"@id\":\"https:\/\/fondation-grenoble-inp.fr\/#\/schema\/person\/7c36548ebaddf05ba7a055d161ebff94\",\"name\":\"Marie Dubreuil\",\"image\":{\"@type\":\"ImageObject\",\"@id\":\"https:\/\/fondation-grenoble-inp.fr\/#personlogo\",\"inLanguage\":\"en-US\",\"url\":\"https:\/\/secure.gravatar.com\/avatar\/358eb0ab274d9479ce7c23b8a3f0a360?s=96&d=mm&r=g\",\"contentUrl\":\"https:\/\/secure.gravatar.com\/avatar\/358eb0ab274d9479ce7c23b8a3f0a360?s=96&d=mm&r=g\",\"caption\":\"Marie Dubreuil\"}}]}<\/script>\n<!-- \/ Yoast SEO plugin. -->","yoast_head_json":{"title":"Antoine Girard brille sur la sc\u00e8ne de l'escalade de bloc - Fondation Grenoble INP","description":"Antoine Girard, \u00e9tudiant \u00e0 Grenoble INP - Ense3, UGA et sportif de haut niveau en escalade de bloc, fait parler de lui avec des performances remarquables.","robots":{"index":"index","follow":"follow","max-snippet":"max-snippet:-1","max-image-preview":"max-image-preview:large","max-video-preview":"max-video-preview:-1"},"canonical":"https:\/\/fondation-grenoble-inp.fr\/en\/antoine-girard-brille-sur-la-scene-de-lescalade-de-bloc\/","og_locale":"en_US","og_type":"article","og_title":"Antoine Girard brille sur la sc\u00e8ne de l'escalade de bloc - Fondation Grenoble INP","og_description":"Antoine Girard, \u00e9tudiant \u00e0 Grenoble INP - Ense3, UGA et sportif de haut niveau en escalade de bloc, fait parler de lui avec des performances remarquables.","og_url":"https:\/\/fondation-grenoble-inp.fr\/en\/antoine-girard-brille-sur-la-scene-de-lescalade-de-bloc\/","og_site_name":"Fondation Grenoble INP","article_published_time":"2023-06-27T14:40:37+00:00","article_modified_time":"2023-07-24T13:02:24+00:00","og_image":[{"width":"2780","height":"1094","url":"https:\/\/fondation-grenoble-inp.fr\/wp-content\/uploads\/2023\/06\/Antoine-Girard-bloc.png","type":"image\/png"}],"twitter_card":"summary_large_image","twitter_misc":{"Written by":"Marie Dubreuil","Est. reading time":"3 minutes"},"schema":{"@context":"https:\/\/schema.org","@graph":[{"@type":"Organization","@id":"https:\/\/fondation-grenoble-inp.fr\/#organization","name":"Fondation INP Grenoble","url":"https:\/\/fondation-grenoble-inp.fr\/","sameAs":[],"logo":{"@type":"ImageObject","@id":"https:\/\/fondation-grenoble-inp.fr\/#logo","inLanguage":"en-US","url":"https:\/\/fondation-grenoble-inp.fr\/wp-content\/uploads\/2021\/03\/cropped-favicon-fondation-inp-grenoble.png","contentUrl":"https:\/\/fondation-grenoble-inp.fr\/wp-content\/uploads\/2021\/03\/cropped-favicon-fondation-inp-grenoble.png","width":512,"height":512,"caption":"Fondation INP Grenoble"},"image":{"@id":"https:\/\/fondation-grenoble-inp.fr\/#logo"}},{"@type":"WebSite","@id":"https:\/\/fondation-grenoble-inp.fr\/#website","url":"https:\/\/fondation-grenoble-inp.fr\/","name":"Fondation Grenoble INP","description":"#OsezlAvenir","publisher":{"@id":"https:\/\/fondation-grenoble-inp.fr\/#organization"},"potentialAction":[{"@type":"SearchAction","target":{"@type":"EntryPoint","urlTemplate":"https:\/\/fondation-grenoble-inp.fr\/?s={search_term_string}"},"query-input":"required name=search_term_string"}],"inLanguage":"en-US"},{"@type":"ImageObject","@id":"https:\/\/fondation-grenoble-inp.fr\/antoine-girard-brille-sur-la-scene-de-lescalade-de-bloc\/#primaryimage","inLanguage":"en-US","url":"https:\/\/fondation-grenoble-inp.fr\/wp-content\/uploads\/2023\/06\/Antoine-Girard-bloc.png","contentUrl":"https:\/\/fondation-grenoble-inp.fr\/wp-content\/uploads\/2023\/06\/Antoine-Girard-bloc.png","width":"2780","height":"1094","caption":"Antoine Girard Bloc"},{"@type":"WebPage","@id":"https:\/\/fondation-grenoble-inp.fr\/antoine-girard-brille-sur-la-scene-de-lescalade-de-bloc\/#webpage","url":"https:\/\/fondation-grenoble-inp.fr\/antoine-girard-brille-sur-la-scene-de-lescalade-de-bloc\/","name":"Antoine Girard brille sur la sc\u00e8ne de l'escalade de bloc - Fondation Grenoble INP","isPartOf":{"@id":"https:\/\/fondation-grenoble-inp.fr\/#website"},"primaryImageOfPage":{"@id":"https:\/\/fondation-grenoble-inp.fr\/antoine-girard-brille-sur-la-scene-de-lescalade-de-bloc\/#primaryimage"},"datePublished":"2023-06-27T14:40:37+00:00","dateModified":"2023-07-24T13:02:24+00:00","description":"Antoine Girard, \u00e9tudiant \u00e0 Grenoble INP - Ense3, UGA et sportif de haut niveau en escalade de bloc, fait parler de lui avec des performances remarquables.","breadcrumb":{"@id":"https:\/\/fondation-grenoble-inp.fr\/antoine-girard-brille-sur-la-scene-de-lescalade-de-bloc\/#breadcrumb"},"inLanguage":"en-US","potentialAction":[{"@type":"ReadAction","target":["https:\/\/fondation-grenoble-inp.fr\/antoine-girard-brille-sur-la-scene-de-lescalade-de-bloc\/"]}]},{"@type":"BreadcrumbList","@id":"https:\/\/fondation-grenoble-inp.fr\/antoine-girard-brille-sur-la-scene-de-lescalade-de-bloc\/#breadcrumb","itemListElement":[{"@type":"ListItem","position":1,"name":"Accueil","item":"https:\/\/fondation-grenoble-inp.fr\/"},{"@type":"ListItem","position":2,"name":"Antoine Girard brille sur la sc\u00e8ne de l&rsquo;escalade de bloc"}]},{"@type":"Article","@id":"https:\/\/fondation-grenoble-inp.fr\/antoine-girard-brille-sur-la-scene-de-lescalade-de-bloc\/#article","isPartOf":{"@id":"https:\/\/fondation-grenoble-inp.fr\/antoine-girard-brille-sur-la-scene-de-lescalade-de-bloc\/#webpage"},"author":{"@id":"https:\/\/fondation-grenoble-inp.fr\/#\/schema\/person\/7c36548ebaddf05ba7a055d161ebff94"},"headline":"Antoine Girard brille sur la sc\u00e8ne de l&rsquo;escalade de bloc","datePublished":"2023-06-27T14:40:37+00:00","dateModified":"2023-07-24T13:02:24+00:00","mainEntityOfPage":{"@id":"https:\/\/fondation-grenoble-inp.fr\/antoine-girard-brille-sur-la-scene-de-lescalade-de-bloc\/#webpage"},"wordCount":509,"publisher":{"@id":"https:\/\/fondation-grenoble-inp.fr\/#organization"},"image":{"@id":"https:\/\/fondation-grenoble-inp.fr\/antoine-girard-brille-sur-la-scene-de-lescalade-de-bloc\/#primaryimage"},"thumbnailUrl":"https:\/\/fondation-grenoble-inp.fr\/wp-content\/uploads\/2023\/06\/Antoine-Girard-bloc.png","articleSection":["Les Bourses"],"inLanguage":"en-US"},{"@type":"Person","@id":"https:\/\/fondation-grenoble-inp.fr\/#\/schema\/person\/7c36548ebaddf05ba7a055d161ebff94","name":"Marie Dubreuil","image":{"@type":"ImageObject","@id":"https:\/\/fondation-grenoble-inp.fr\/#personlogo","inLanguage":"en-US","url":"https:\/\/secure.gravatar.com\/avatar\/358eb0ab274d9479ce7c23b8a3f0a360?s=96&d=mm&r=g","contentUrl":"https:\/\/secure.gravatar.com\/avatar\/358eb0ab274d9479ce7c23b8a3f0a360?s=96&d=mm&r=g","caption":"Marie Dubreuil"}}]}},"_links":{"self":[{"href":"https:\/\/fondation-grenoble-inp.fr\/en\/wp-json\/wp\/v2\/posts\/15994"}],"collection":[{"href":"https:\/\/fondation-grenoble-inp.fr\/en\/wp-json\/wp\/v2\/posts"}],"about":[{"href":"https:\/\/fondation-grenoble-inp.fr\/en\/wp-json\/wp\/v2\/types\/post"}],"author":[{"embeddable":true,"href":"https:\/\/fondation-grenoble-inp.fr\/en\/wp-json\/wp\/v2\/users\/7"}],"replies":[{"embeddable":true,"href":"https:\/\/fondation-grenoble-inp.fr\/en\/wp-json\/wp\/v2\/comments?post=15994"}],"version-history":[{"count":12,"href":"https:\/\/fondation-grenoble-inp.fr\/en\/wp-json\/wp\/v2\/posts\/15994\/revisions"}],"predecessor-version":[{"id":16018,"href":"https:\/\/fondation-grenoble-inp.fr\/en\/wp-json\/wp\/v2\/posts\/15994\/revisions\/16018"}],"wp:featuredmedia":[{"embeddable":true,"href":"https:\/\/fondation-grenoble-inp.fr\/en\/wp-json\/wp\/v2\/media\/16016"}],"wp:attachment":[{"href":"https:\/\/fondation-grenoble-inp.fr\/en\/wp-json\/wp\/v2\/media?parent=15994"}],"wp:term":[{"taxonomy":"category","embeddable":true,"href":"https:\/\/fondation-grenoble-inp.fr\/en\/wp-json\/wp\/v2\/categories?post=15994"},{"taxonomy":"post_tag","embeddable":true,"href":"https:\/\/fondation-grenoble-inp.fr\/en\/wp-json\/wp\/v2\/tags?post=15994"}],"curies":[{"name":"wp","href":"https:\/\/api.w.org\/{rel}","templated":true}]}}