{"id":16121,"date":"2023-07-19T16:03:19","date_gmt":"2023-07-19T14:03:19","guid":{"rendered":"https:\/\/fondation-grenoble-inp.fr\/?p=16121"},"modified":"2023-09-15T11:00:44","modified_gmt":"2023-09-15T09:00:44","slug":"bilan-hivernal-2022-2023-des-sportifs-de-haut-niveau-soutenus-par-la-fondation","status":"publish","type":"post","link":"https:\/\/fondation-grenoble-inp.fr\/en\/bilan-hivernal-2022-2023-des-sportifs-de-haut-niveau-soutenus-par-la-fondation\/","title":{"rendered":"Bilan hivernal 2022-2023 des sportifs de haut niveau soutenus par la Fondation"},"content":{"rendered":"<div data-elementor-type=\"wp-post\" data-elementor-id=\"16121\" data-post-id=\"16121\" data-obj-id=\"16121\" class=\"elementor elementor-16121 dce-elementor-post-16121\" data-elementor-settings=\"[]\">\n\t\t\t\t\t\t<div class=\"elementor-inner\">\n\t\t\t\t\t\t\t<div class=\"elementor-section-wrap\">\n\t\t\t\t\t\t\t<section class=\"elementor-section elementor-top-section elementor-element elementor-element-67722f2 elementor-section-boxed elementor-section-height-default elementor-section-height-default\" data-id=\"67722f2\" data-element_type=\"section\">\n\t\t\t\t\t\t<div class=\"elementor-container elementor-column-gap-default\">\n\t\t\t\t\t\t\t<div class=\"elementor-row\">\n\t\t\t\t\t<div class=\"elementor-column elementor-col-100 elementor-top-column elementor-element elementor-element-0d39d5d\" data-id=\"0d39d5d\" data-element_type=\"column\">\n\t\t\t<div class=\"elementor-column-wrap elementor-element-populated\">\n\t\t\t\t\t\t\t<div class=\"elementor-widget-wrap\">\n\t\t\t\t\t\t<div class=\"elementor-element elementor-element-b1581c1 elementor-widget elementor-widget-text-editor\" data-id=\"b1581c1\" data-element_type=\"widget\" data-widget_type=\"text-editor.default\">\n\t\t\t\t<div class=\"elementor-widget-container\">\n\t\t\t\t\t\t\t\t<div class=\"elementor-text-editor elementor-clearfix\">\n\t\t\t\t<p><strong>\u00c0 travers les <a href=\"https:\/\/fondation-grenoble-inp.fr\/en\/bourses-dexcellence\/\" target=\"_blank\" rel=\"noopener\">bourses d\u2019excellence<\/a>, la Fondation Grenoble INP accompagne les \u00e9l\u00e8ves-ing\u00e9nieurs de <a href=\"https:\/\/www.grenoble-inp.fr\/\" target=\"_blank\" rel=\"noopener\">Grenoble INP \u2013 UGA<\/a> afin qu&rsquo;ils puissent pratiquer leur sport au meilleur niveau de comp\u00e9tition, en parall\u00e8le de leurs \u00e9tudes. En cette p\u00e9riode estivale o\u00f9 les temp\u00e9ratures grimpent en fl\u00e8che, nous vous proposons de prendre une bouff\u00e9e d&rsquo;air frais avec le bilan hivernal 2022-2023 de ces 8 sportifs de haut niveau. Malgr\u00e9 un hiver peu enneig\u00e9, ils ont obtenu de tr\u00e8s bons r\u00e9sultats sur cette saison. <\/strong><\/p>\t\t\t\t\t<\/div>\n\t\t\t\t\t\t<\/div>\n\t\t\t\t<\/div>\n\t\t\t\t\t\t<\/div>\n\t\t\t\t\t<\/div>\n\t\t<\/div>\n\t\t\t\t\t\t\t\t<\/div>\n\t\t\t\t\t<\/div>\n\t\t<\/section>\n\t\t\t\t<section class=\"elementor-section elementor-top-section elementor-element elementor-element-619a646 elementor-section-boxed elementor-section-height-default elementor-section-height-default\" data-id=\"619a646\" data-element_type=\"section\">\n\t\t\t\t\t\t<div class=\"elementor-container elementor-column-gap-default\">\n\t\t\t\t\t\t\t<div class=\"elementor-row\">\n\t\t\t\t\t<div class=\"elementor-column elementor-col-100 elementor-top-column elementor-element elementor-element-b798b95\" data-id=\"b798b95\" data-element_type=\"column\">\n\t\t\t<div class=\"elementor-column-wrap elementor-element-populated\">\n\t\t\t\t\t\t\t<div class=\"elementor-widget-wrap\">\n\t\t\t\t\t\t<div class=\"elementor-element elementor-element-cb4f9b4 elementor-widget elementor-widget-text-editor\" data-id=\"cb4f9b4\" data-element_type=\"widget\" data-widget_type=\"text-editor.default\">\n\t\t\t\t<div class=\"elementor-widget-container\">\n\t\t\t\t\t\t\t\t<div class=\"elementor-text-editor elementor-clearfix\">\n\t\t\t\t<h2>Hanna Fine (Ski de fond)<\/h2>\t\t\t\t\t<\/div>\n\t\t\t\t\t\t<\/div>\n\t\t\t\t<\/div>\n\t\t\t\t<div class=\"elementor-element elementor-element-cfb730d elementor-widget elementor-widget-text-editor\" data-id=\"cfb730d\" data-element_type=\"widget\" data-widget_type=\"text-editor.default\">\n\t\t\t\t<div class=\"elementor-widget-container\">\n\t\t\t\t\t\t\t\t<div class=\"elementor-text-editor elementor-clearfix\">\n\t\t\t\t<p><span id=\"p44\">\u00c9tudiante\u00a0en premi\u00e8re ann\u00e9e \u00e0 <strong><a href=\"https:\/\/genie-industriel.grenoble-inp.fr\/\" target=\"_blank\" rel=\"noopener\">Grenoble INP &#8211; G\u00e9nie Industriel, UGA<\/a><\/strong>, Hanna a brill\u00e9 sur la sc\u00e8ne du ski de fond, notamment en montant sur le podium de la\u00a0<span id=\"47\">Transjurassienne<\/span>\u00a0classique.<\/span><span id=\"p45\">\u00a0<\/span><\/p>\t\t\t\t\t<\/div>\n\t\t\t\t\t\t<\/div>\n\t\t\t\t<\/div>\n\t\t\t\t\t\t<\/div>\n\t\t\t\t\t<\/div>\n\t\t<\/div>\n\t\t\t\t\t\t\t\t<\/div>\n\t\t\t\t\t<\/div>\n\t\t<\/section>\n\t\t\t\t<section class=\"elementor-section elementor-top-section elementor-element elementor-element-180fbd9 elementor-section-boxed elementor-section-height-default elementor-section-height-default\" data-id=\"180fbd9\" data-element_type=\"section\">\n\t\t\t\t\t\t<div class=\"elementor-container elementor-column-gap-default\">\n\t\t\t\t\t\t\t<div class=\"elementor-row\">\n\t\t\t\t\t<div class=\"elementor-column elementor-col-33 elementor-top-column elementor-element elementor-element-4120b60\" data-id=\"4120b60\" data-element_type=\"column\">\n\t\t\t<div class=\"elementor-column-wrap elementor-element-populated\">\n\t\t\t\t\t\t\t<div class=\"elementor-widget-wrap\">\n\t\t\t\t\t\t<div class=\"elementor-element elementor-element-3a3223c dce_masking-none elementor-widget elementor-widget-image\" data-id=\"3a3223c\" data-element_type=\"widget\" data-widget_type=\"image.default\">\n\t\t\t\t<div class=\"elementor-widget-container\">\n\t\t\t\t\t\t\t\t<div class=\"elementor-image\">\n\t\t\t\t\t\t\t\t\t\t\t\t<img width=\"1024\" height=\"1024\" src=\"https:\/\/fondation-grenoble-inp.fr\/wp-content\/uploads\/2023\/07\/Hanna-Fine-insta-1024x1024.png\" class=\"attachment-large size-large\" alt=\"Hanna Fine\" loading=\"lazy\" srcset=\"https:\/\/fondation-grenoble-inp.fr\/wp-content\/uploads\/2023\/07\/Hanna-Fine-insta-1024x1024.png 1024w, https:\/\/fondation-grenoble-inp.fr\/wp-content\/uploads\/2023\/07\/Hanna-Fine-insta-300x300.png 300w, https:\/\/fondation-grenoble-inp.fr\/wp-content\/uploads\/2023\/07\/Hanna-Fine-insta-150x150.png 150w, https:\/\/fondation-grenoble-inp.fr\/wp-content\/uploads\/2023\/07\/Hanna-Fine-insta-768x768.png 768w, https:\/\/fondation-grenoble-inp.fr\/wp-content\/uploads\/2023\/07\/Hanna-Fine-insta-1536x1536.png 1536w, https:\/\/fondation-grenoble-inp.fr\/wp-content\/uploads\/2023\/07\/Hanna-Fine-insta-2048x2048.png 2048w, https:\/\/fondation-grenoble-inp.fr\/wp-content\/uploads\/2023\/07\/Hanna-Fine-insta-12x12.png 12w\" sizes=\"(max-width: 1024px) 100vw, 1024px\" \/>\t\t\t\t\t\t\t\t\t\t\t\t\t\t<\/div>\n\t\t\t\t\t\t<\/div>\n\t\t\t\t<\/div>\n\t\t\t\t\t\t<\/div>\n\t\t\t\t\t<\/div>\n\t\t<\/div>\n\t\t\t\t<div class=\"elementor-column elementor-col-66 elementor-top-column elementor-element elementor-element-aa4a893\" data-id=\"aa4a893\" data-element_type=\"column\">\n\t\t\t<div class=\"elementor-column-wrap elementor-element-populated\">\n\t\t\t\t\t\t\t<div class=\"elementor-widget-wrap\">\n\t\t\t\t\t\t<div class=\"elementor-element elementor-element-1662907 elementor-widget elementor-widget-text-editor\" data-id=\"1662907\" data-element_type=\"widget\" data-widget_type=\"text-editor.default\">\n\t\t\t\t<div class=\"elementor-widget-container\">\n\t\t\t\t\t\t\t\t<div class=\"elementor-text-editor elementor-clearfix\">\n\t\t\t\t<p><strong>Ses r\u00e9sultats :\u00a0<\/strong><\/p><ul><li><span id=\"p59\">2e place du classement g\u00e9n\u00e9ral du Marathon Ski Tour<\/span><\/li><\/ul><p><span id=\"p61\">Classique <span id=\"p60\">(CL)<\/span> :<\/span><\/p><ul><li><span id=\"p62\">3e place de la Transjurassienne classique<\/span><\/li><li><span id=\"p63\">2e place du Marathon des\u00a0<span id=\"74\" class=\"s-rg\">Bellecombes<\/span><\/span><\/li><li><span id=\"p64\">5e place du Championnat de France de longue distance\u00a0<span id=\"75\" class=\"s-rg\">U23<\/span><\/span><\/li><li><span id=\"p65\">5e place du Marathon de\u00a0<span id=\"76\" class=\"s-rg\">Bessans<\/span><\/span><\/li><li><span id=\"p67\">Top 30 du <span id=\"78\" class=\"s-rg\">Venosta<\/span>\u00a0Italie\u00a0<span id=\"p81\">(circuit international)<\/span><\/span><br \/><span id=\"p69\"><\/span><span id=\"p69\"><\/span><span id=\"p73\"><\/span><\/li><\/ul>\t\t\t\t\t<\/div>\n\t\t\t\t\t\t<\/div>\n\t\t\t\t<\/div>\n\t\t\t\t<div class=\"elementor-element elementor-element-c481294 elementor-widget elementor-widget-text-editor\" data-id=\"c481294\" data-element_type=\"widget\" data-widget_type=\"text-editor.default\">\n\t\t\t\t<div class=\"elementor-widget-container\">\n\t\t\t\t\t\t\t\t<div class=\"elementor-text-editor elementor-clearfix\">\n\t\t\t\t<p><span id=\"p69\">Skating\u00a0<span id=\"p68\">(L)<\/span> :<\/span><\/p><ul><li><span id=\"p71\">Top 10 \u00e0 l\u2019<span id=\"80\" class=\"s-rg\">Engadin<\/span>\u00a0Suisse\u00a0<span id=\"p70\">(<span id=\"79\" class=\"s-bl\">2nde<\/span> plus importante course en Europe)<\/span><\/span><\/li><li><span id=\"p72\">2e place au Marathon du Forez<\/span><\/li><li><span id=\"p73\">3e place \u00e0 l&rsquo;Etoile des Saisies<\/span><\/li><\/ul>\t\t\t\t\t<\/div>\n\t\t\t\t\t\t<\/div>\n\t\t\t\t<\/div>\n\t\t\t\t\t\t<\/div>\n\t\t\t\t\t<\/div>\n\t\t<\/div>\n\t\t\t\t\t\t\t\t<\/div>\n\t\t\t\t\t<\/div>\n\t\t<\/section>\n\t\t\t\t<section class=\"elementor-section elementor-top-section elementor-element elementor-element-e20e76a elementor-section-boxed elementor-section-height-default elementor-section-height-default\" data-id=\"e20e76a\" data-element_type=\"section\">\n\t\t\t\t\t\t<div class=\"elementor-container elementor-column-gap-default\">\n\t\t\t\t\t\t\t<div class=\"elementor-row\">\n\t\t\t\t\t<div class=\"elementor-column elementor-col-100 elementor-top-column elementor-element elementor-element-23e8e86\" data-id=\"23e8e86\" data-element_type=\"column\">\n\t\t\t<div class=\"elementor-column-wrap elementor-element-populated\">\n\t\t\t\t\t\t\t<div class=\"elementor-widget-wrap\">\n\t\t\t\t\t\t<div class=\"elementor-element elementor-element-2f5a997 elementor-widget elementor-widget-text-editor\" data-id=\"2f5a997\" data-element_type=\"widget\" data-widget_type=\"text-editor.default\">\n\t\t\t\t<div class=\"elementor-widget-container\">\n\t\t\t\t\t\t\t\t<div class=\"elementor-text-editor elementor-clearfix\">\n\t\t\t\t<p><em>\u00ab\u00a0Je suis particuli\u00e8rement contente de ma saison. Pour ma premi\u00e8re ann\u00e9e pleine en Longue Distance, j\u2019ai rempli la plupart de mes objectifs sportifs. Je sens que j\u2019ai bien progress\u00e9 physiquement et techniquement, en gagnant un peu plus d\u2019exp\u00e9rience sur la gestion des allures et de l\u2019alimentation pendant les courses.\u00a0\u00bb<\/em><\/p>\t\t\t\t\t<\/div>\n\t\t\t\t\t\t<\/div>\n\t\t\t\t<\/div>\n\t\t\t\t\t\t<\/div>\n\t\t\t\t\t<\/div>\n\t\t<\/div>\n\t\t\t\t\t\t\t\t<\/div>\n\t\t\t\t\t<\/div>\n\t\t<\/section>\n\t\t\t\t<section class=\"elementor-section elementor-top-section elementor-element elementor-element-55b8729 elementor-section-boxed elementor-section-height-default elementor-section-height-default\" data-id=\"55b8729\" data-element_type=\"section\">\n\t\t\t\t\t\t<div class=\"elementor-container elementor-column-gap-default\">\n\t\t\t\t\t\t\t<div class=\"elementor-row\">\n\t\t\t\t\t<div class=\"elementor-column elementor-col-100 elementor-top-column elementor-element elementor-element-2103433\" data-id=\"2103433\" data-element_type=\"column\">\n\t\t\t<div class=\"elementor-column-wrap elementor-element-populated\">\n\t\t\t\t\t\t\t<div class=\"elementor-widget-wrap\">\n\t\t\t\t\t\t<div class=\"elementor-element elementor-element-2cfb2bb elementor-widget elementor-widget-text-editor\" data-id=\"2cfb2bb\" data-element_type=\"widget\" data-widget_type=\"text-editor.default\">\n\t\t\t\t<div class=\"elementor-widget-container\">\n\t\t\t\t\t\t\t\t<div class=\"elementor-text-editor elementor-clearfix\">\n\t\t\t\t<h2>Beinn Horsfall (Ski de fond)<\/h2>\t\t\t\t\t<\/div>\n\t\t\t\t\t\t<\/div>\n\t\t\t\t<\/div>\n\t\t\t\t\t\t<\/div>\n\t\t\t\t\t<\/div>\n\t\t<\/div>\n\t\t\t\t\t\t\t\t<\/div>\n\t\t\t\t\t<\/div>\n\t\t<\/section>\n\t\t\t\t<section class=\"elementor-section elementor-top-section elementor-element elementor-element-8250b98 elementor-section-boxed elementor-section-height-default elementor-section-height-default\" data-id=\"8250b98\" data-element_type=\"section\">\n\t\t\t\t\t\t<div class=\"elementor-container elementor-column-gap-default\">\n\t\t\t\t\t\t\t<div class=\"elementor-row\">\n\t\t\t\t\t<div class=\"elementor-column elementor-col-100 elementor-top-column elementor-element elementor-element-6097157\" data-id=\"6097157\" data-element_type=\"column\">\n\t\t\t<div class=\"elementor-column-wrap elementor-element-populated\">\n\t\t\t\t\t\t\t<div class=\"elementor-widget-wrap\">\n\t\t\t\t\t\t<div class=\"elementor-element elementor-element-0ae449c elementor-widget elementor-widget-text-editor\" data-id=\"0ae449c\" data-element_type=\"widget\" data-widget_type=\"text-editor.default\">\n\t\t\t\t<div class=\"elementor-widget-container\">\n\t\t\t\t\t\t\t\t<div class=\"elementor-text-editor elementor-clearfix\">\n\t\t\t\t<p><span id=\"p88\">\u00c9tudiant\u00a0\u00e0 <strong><a href=\"https:\/\/phelma.grenoble-inp.fr\/\" target=\"_blank\" rel=\"noopener\">Grenoble INP &#8211;\u00a0<span id=\"91\">Phelma<\/span>, UGA<\/a><\/strong>,\u00a0<span id=\"92\">Beinn<\/span>\u00a0a d\u00e9couvert le ski de fond \u00e0 11 ans.<\/span><span id=\"p95\">\u00a0Depuis, il s&rsquo;est grandement investi dans cette discipline, notamment en int\u00e9grant l\u2019\u00e9quipe B de la Grande-Bretagne.<\/span><\/p>\t\t\t\t\t<\/div>\n\t\t\t\t\t\t<\/div>\n\t\t\t\t<\/div>\n\t\t\t\t\t\t<\/div>\n\t\t\t\t\t<\/div>\n\t\t<\/div>\n\t\t\t\t\t\t\t\t<\/div>\n\t\t\t\t\t<\/div>\n\t\t<\/section>\n\t\t\t\t<section class=\"elementor-section elementor-top-section elementor-element elementor-element-26a5d77 elementor-section-boxed elementor-section-height-default elementor-section-height-default\" data-id=\"26a5d77\" data-element_type=\"section\">\n\t\t\t\t\t\t<div class=\"elementor-container elementor-column-gap-default\">\n\t\t\t\t\t\t\t<div class=\"elementor-row\">\n\t\t\t\t\t<div class=\"elementor-column elementor-col-66 elementor-top-column elementor-element elementor-element-a1dc737\" data-id=\"a1dc737\" data-element_type=\"column\">\n\t\t\t<div class=\"elementor-column-wrap elementor-element-populated\">\n\t\t\t\t\t\t\t<div class=\"elementor-widget-wrap\">\n\t\t\t\t\t\t<div class=\"elementor-element elementor-element-b04d07c elementor-widget elementor-widget-text-editor\" data-id=\"b04d07c\" data-element_type=\"widget\" data-widget_type=\"text-editor.default\">\n\t\t\t\t<div class=\"elementor-widget-container\">\n\t\t\t\t\t\t\t\t<div class=\"elementor-text-editor elementor-clearfix\">\n\t\t\t\t<p><strong>Ses r\u00e9sultats :<\/strong><\/p><ul><li>Passage dans l&rsquo;\u00e9quipe B britannique<\/li><li>Double champion de la Grande-Bretagne en sprint et distance<\/li><li>Participation aux championnats du monde U23<\/li><li>Participation \u00e0 la Coupe de Su\u00e8de d\u2019Idre Fj\u00e4ll<\/li><li>3e place du Troph\u00e9e de Beaufort<\/li><\/ul>\t\t\t\t\t<\/div>\n\t\t\t\t\t\t<\/div>\n\t\t\t\t<\/div>\n\t\t\t\t\t\t<\/div>\n\t\t\t\t\t<\/div>\n\t\t<\/div>\n\t\t\t\t<div class=\"elementor-column elementor-col-33 elementor-top-column elementor-element elementor-element-44c5d5f\" data-id=\"44c5d5f\" data-element_type=\"column\">\n\t\t\t<div class=\"elementor-column-wrap elementor-element-populated\">\n\t\t\t\t\t\t\t<div class=\"elementor-widget-wrap\">\n\t\t\t\t\t\t<div class=\"elementor-element elementor-element-38762e0 dce_masking-none elementor-widget elementor-widget-image\" data-id=\"38762e0\" data-element_type=\"widget\" data-widget_type=\"image.default\">\n\t\t\t\t<div class=\"elementor-widget-container\">\n\t\t\t\t\t\t\t\t<div class=\"elementor-image\">\n\t\t\t\t\t\t\t\t\t\t\t\t<img width=\"1024\" height=\"1024\" src=\"https:\/\/fondation-grenoble-inp.fr\/wp-content\/uploads\/2023\/07\/Beinn-Horsfall-Insta-1024x1024.png\" class=\"attachment-large size-large\" alt=\"Beinn Horsfall\" loading=\"lazy\" srcset=\"https:\/\/fondation-grenoble-inp.fr\/wp-content\/uploads\/2023\/07\/Beinn-Horsfall-Insta-1024x1024.png 1024w, https:\/\/fondation-grenoble-inp.fr\/wp-content\/uploads\/2023\/07\/Beinn-Horsfall-Insta-300x300.png 300w, https:\/\/fondation-grenoble-inp.fr\/wp-content\/uploads\/2023\/07\/Beinn-Horsfall-Insta-150x150.png 150w, https:\/\/fondation-grenoble-inp.fr\/wp-content\/uploads\/2023\/07\/Beinn-Horsfall-Insta-768x769.png 768w, https:\/\/fondation-grenoble-inp.fr\/wp-content\/uploads\/2023\/07\/Beinn-Horsfall-Insta-1536x1536.png 1536w, https:\/\/fondation-grenoble-inp.fr\/wp-content\/uploads\/2023\/07\/Beinn-Horsfall-Insta-2046x2048.png 2046w, https:\/\/fondation-grenoble-inp.fr\/wp-content\/uploads\/2023\/07\/Beinn-Horsfall-Insta-12x12.png 12w\" sizes=\"(max-width: 1024px) 100vw, 1024px\" \/>\t\t\t\t\t\t\t\t\t\t\t\t\t\t<\/div>\n\t\t\t\t\t\t<\/div>\n\t\t\t\t<\/div>\n\t\t\t\t\t\t<\/div>\n\t\t\t\t\t<\/div>\n\t\t<\/div>\n\t\t\t\t\t\t\t\t<\/div>\n\t\t\t\t\t<\/div>\n\t\t<\/section>\n\t\t\t\t<section class=\"elementor-section elementor-top-section elementor-element elementor-element-7f6c3d1 elementor-section-boxed elementor-section-height-default elementor-section-height-default\" data-id=\"7f6c3d1\" data-element_type=\"section\">\n\t\t\t\t\t\t<div class=\"elementor-container elementor-column-gap-default\">\n\t\t\t\t\t\t\t<div class=\"elementor-row\">\n\t\t\t\t\t<div class=\"elementor-column elementor-col-100 elementor-top-column elementor-element elementor-element-3931ca2\" data-id=\"3931ca2\" data-element_type=\"column\">\n\t\t\t<div class=\"elementor-column-wrap elementor-element-populated\">\n\t\t\t\t\t\t\t<div class=\"elementor-widget-wrap\">\n\t\t\t\t\t\t<div class=\"elementor-element elementor-element-d68600a elementor-widget elementor-widget-text-editor\" data-id=\"d68600a\" data-element_type=\"widget\" data-widget_type=\"text-editor.default\">\n\t\t\t\t<div class=\"elementor-widget-container\">\n\t\t\t\t\t\t\t\t<div class=\"elementor-text-editor elementor-clearfix\">\n\t\t\t\t<p><em>\u00ab\u00a0La Fondation Grenoble INP m&rsquo;a apport\u00e9 une aide financi\u00e8re pour me permettre d&rsquo;obtenir du mat\u00e9riel de qualit\u00e9. De plus, rencontrer d\u2019autres \u00e9tudiants sportifs de haut niveau permet de partager des conseils pour maintenir un bon \u00e9quilibre entre le sport et les \u00e9tudes.\u00a0\u00bb<\/em><\/p>\t\t\t\t\t<\/div>\n\t\t\t\t\t\t<\/div>\n\t\t\t\t<\/div>\n\t\t\t\t\t\t<\/div>\n\t\t\t\t\t<\/div>\n\t\t<\/div>\n\t\t\t\t\t\t\t\t<\/div>\n\t\t\t\t\t<\/div>\n\t\t<\/section>\n\t\t\t\t<section class=\"elementor-section elementor-top-section elementor-element elementor-element-afd848c elementor-section-boxed elementor-section-height-default elementor-section-height-default\" data-id=\"afd848c\" data-element_type=\"section\">\n\t\t\t\t\t\t<div class=\"elementor-container elementor-column-gap-default\">\n\t\t\t\t\t\t\t<div class=\"elementor-row\">\n\t\t\t\t\t<div class=\"elementor-column elementor-col-100 elementor-top-column elementor-element elementor-element-2550144\" data-id=\"2550144\" data-element_type=\"column\">\n\t\t\t<div class=\"elementor-column-wrap elementor-element-populated\">\n\t\t\t\t\t\t\t<div class=\"elementor-widget-wrap\">\n\t\t\t\t\t\t<div class=\"elementor-element elementor-element-6d08556 elementor-widget elementor-widget-text-editor\" data-id=\"6d08556\" data-element_type=\"widget\" data-widget_type=\"text-editor.default\">\n\t\t\t\t<div class=\"elementor-widget-container\">\n\t\t\t\t\t\t\t\t<div class=\"elementor-text-editor elementor-clearfix\">\n\t\t\t\t<h2>Daphn\u00e9 Patois (Ski de fond)<\/h2>\t\t\t\t\t<\/div>\n\t\t\t\t\t\t<\/div>\n\t\t\t\t<\/div>\n\t\t\t\t<div class=\"elementor-element elementor-element-a1844b8 elementor-widget elementor-widget-text-editor\" data-id=\"a1844b8\" data-element_type=\"widget\" data-widget_type=\"text-editor.default\">\n\t\t\t\t<div class=\"elementor-widget-container\">\n\t\t\t\t\t\t\t\t<div class=\"elementor-text-editor elementor-clearfix\">\n\t\t\t\t<p>Daphn\u00e9 pratique le ski de fond et est \u00e9tudiante \u00e0 <strong><a href=\"https:\/\/www.la-prepa-des-inp.fr\/\" target=\"_blank\" rel=\"noopener\">la Pr\u00e9pa des INP<\/a><\/strong>. Malgr\u00e9 divers probl\u00e8mes physiques, elle a r\u00e9alis\u00e9 une belle saison et reste d\u00e9termin\u00e9e \u00e0 progresser dans sa discipline.<\/p>\t\t\t\t\t<\/div>\n\t\t\t\t\t\t<\/div>\n\t\t\t\t<\/div>\n\t\t\t\t\t\t<\/div>\n\t\t\t\t\t<\/div>\n\t\t<\/div>\n\t\t\t\t\t\t\t\t<\/div>\n\t\t\t\t\t<\/div>\n\t\t<\/section>\n\t\t\t\t<section class=\"elementor-section elementor-top-section elementor-element elementor-element-6dcfe7a elementor-section-boxed elementor-section-height-default elementor-section-height-default\" data-id=\"6dcfe7a\" data-element_type=\"section\">\n\t\t\t\t\t\t<div class=\"elementor-container elementor-column-gap-default\">\n\t\t\t\t\t\t\t<div class=\"elementor-row\">\n\t\t\t\t\t<div class=\"elementor-column elementor-col-33 elementor-top-column elementor-element elementor-element-164ca9c\" data-id=\"164ca9c\" data-element_type=\"column\">\n\t\t\t<div class=\"elementor-column-wrap elementor-element-populated\">\n\t\t\t\t\t\t\t<div class=\"elementor-widget-wrap\">\n\t\t\t\t\t\t<div class=\"elementor-element elementor-element-0bbbd88 dce_masking-none elementor-widget elementor-widget-image\" data-id=\"0bbbd88\" data-element_type=\"widget\" data-widget_type=\"image.default\">\n\t\t\t\t<div class=\"elementor-widget-container\">\n\t\t\t\t\t\t\t\t<div class=\"elementor-image\">\n\t\t\t\t\t\t\t\t\t\t\t\t<img width=\"1024\" height=\"1024\" src=\"https:\/\/fondation-grenoble-inp.fr\/wp-content\/uploads\/2023\/07\/Daphne-Patois-Insta-1024x1024.png\" class=\"attachment-large size-large\" alt=\"Daphn\u00e9 Patois\" loading=\"lazy\" srcset=\"https:\/\/fondation-grenoble-inp.fr\/wp-content\/uploads\/2023\/07\/Daphne-Patois-Insta-1024x1024.png 1024w, https:\/\/fondation-grenoble-inp.fr\/wp-content\/uploads\/2023\/07\/Daphne-Patois-Insta-300x300.png 300w, https:\/\/fondation-grenoble-inp.fr\/wp-content\/uploads\/2023\/07\/Daphne-Patois-Insta-150x150.png 150w, https:\/\/fondation-grenoble-inp.fr\/wp-content\/uploads\/2023\/07\/Daphne-Patois-Insta-768x768.png 768w, https:\/\/fondation-grenoble-inp.fr\/wp-content\/uploads\/2023\/07\/Daphne-Patois-Insta-1536x1536.png 1536w, https:\/\/fondation-grenoble-inp.fr\/wp-content\/uploads\/2023\/07\/Daphne-Patois-Insta-12x12.png 12w, https:\/\/fondation-grenoble-inp.fr\/wp-content\/uploads\/2023\/07\/Daphne-Patois-Insta.png 1640w\" sizes=\"(max-width: 1024px) 100vw, 1024px\" \/>\t\t\t\t\t\t\t\t\t\t\t\t\t\t<\/div>\n\t\t\t\t\t\t<\/div>\n\t\t\t\t<\/div>\n\t\t\t\t\t\t<\/div>\n\t\t\t\t\t<\/div>\n\t\t<\/div>\n\t\t\t\t<div class=\"elementor-column elementor-col-66 elementor-top-column elementor-element elementor-element-76e6273\" data-id=\"76e6273\" data-element_type=\"column\">\n\t\t\t<div class=\"elementor-column-wrap elementor-element-populated\">\n\t\t\t\t\t\t\t<div class=\"elementor-widget-wrap\">\n\t\t\t\t\t\t<div class=\"elementor-element elementor-element-c4cd391 elementor-widget elementor-widget-text-editor\" data-id=\"c4cd391\" data-element_type=\"widget\" data-widget_type=\"text-editor.default\">\n\t\t\t\t<div class=\"elementor-widget-container\">\n\t\t\t\t\t\t\t\t<div class=\"elementor-text-editor elementor-clearfix\">\n\t\t\t\t<p><strong>Ses r\u00e9sultats :<\/strong><\/p><ul><li>Championne de France U18 en ski roue<\/li><li>3eme U18 sur le marathon de Bessans<\/li><li>2 finales du KO sprint (top 6)<\/li><li>Plusieurs top 10 en coupe de France<\/li><\/ul>\t\t\t\t\t<\/div>\n\t\t\t\t\t\t<\/div>\n\t\t\t\t<\/div>\n\t\t\t\t\t\t<\/div>\n\t\t\t\t\t<\/div>\n\t\t<\/div>\n\t\t\t\t\t\t\t\t<\/div>\n\t\t\t\t\t<\/div>\n\t\t<\/section>\n\t\t\t\t<section class=\"elementor-section elementor-top-section elementor-element elementor-element-a33399b elementor-section-boxed elementor-section-height-default elementor-section-height-default\" data-id=\"a33399b\" data-element_type=\"section\">\n\t\t\t\t\t\t<div class=\"elementor-container elementor-column-gap-default\">\n\t\t\t\t\t\t\t<div class=\"elementor-row\">\n\t\t\t\t\t<div class=\"elementor-column elementor-col-100 elementor-top-column elementor-element elementor-element-aa4fcc1\" data-id=\"aa4fcc1\" data-element_type=\"column\">\n\t\t\t<div class=\"elementor-column-wrap elementor-element-populated\">\n\t\t\t\t\t\t\t<div class=\"elementor-widget-wrap\">\n\t\t\t\t\t\t<div class=\"elementor-element elementor-element-5544a1e elementor-widget elementor-widget-text-editor\" data-id=\"5544a1e\" data-element_type=\"widget\" data-widget_type=\"text-editor.default\">\n\t\t\t\t<div class=\"elementor-widget-container\">\n\t\t\t\t\t\t\t\t<div class=\"elementor-text-editor elementor-clearfix\">\n\t\t\t\t<p><em><span id=\"p120\">\u00ab\u00a0De mani\u00e8re g\u00e9n\u00e9rale, cette\u00a0<span id=\"123\">saison 2022-2023<\/span>\u00a0a \u00e9t\u00e9 plut\u00f4t frustrante pour moi, \u00e0 cause de divers probl\u00e8mes physiques.<\/span><span id=\"p121\">\u00a0Pour la prochaine saison, j&rsquo;ai pour\u00a0objectif\u00a0de progresser sur l&rsquo;aspect mental de la comp\u00e9tition, d&rsquo;\u00e9voluer un peu plus sur la longue distance et d&rsquo;acc\u00e9der au top 5 de la coupe de France\u00a0<span id=\"125\" class=\"s-rg\">U20.\u00a0\u00bb<\/span><\/span><\/em><\/p>\t\t\t\t\t<\/div>\n\t\t\t\t\t\t<\/div>\n\t\t\t\t<\/div>\n\t\t\t\t\t\t<\/div>\n\t\t\t\t\t<\/div>\n\t\t<\/div>\n\t\t\t\t\t\t\t\t<\/div>\n\t\t\t\t\t<\/div>\n\t\t<\/section>\n\t\t\t\t<section class=\"elementor-section elementor-top-section elementor-element elementor-element-b9acf47 elementor-section-boxed elementor-section-height-default elementor-section-height-default\" data-id=\"b9acf47\" data-element_type=\"section\">\n\t\t\t\t\t\t<div class=\"elementor-container elementor-column-gap-default\">\n\t\t\t\t\t\t\t<div class=\"elementor-row\">\n\t\t\t\t\t<div class=\"elementor-column elementor-col-100 elementor-top-column elementor-element elementor-element-a7515de\" data-id=\"a7515de\" data-element_type=\"column\">\n\t\t\t<div class=\"elementor-column-wrap elementor-element-populated\">\n\t\t\t\t\t\t\t<div class=\"elementor-widget-wrap\">\n\t\t\t\t\t\t<div class=\"elementor-element elementor-element-b7c60b0 elementor-widget elementor-widget-text-editor\" data-id=\"b7c60b0\" data-element_type=\"widget\" data-widget_type=\"text-editor.default\">\n\t\t\t\t<div class=\"elementor-widget-container\">\n\t\t\t\t\t\t\t\t<div class=\"elementor-text-editor elementor-clearfix\">\n\t\t\t\t<h2>J\u00e9r\u00e9my Royer (Ski de fond)<\/h2>\t\t\t\t\t<\/div>\n\t\t\t\t\t\t<\/div>\n\t\t\t\t<\/div>\n\t\t\t\t<div class=\"elementor-element elementor-element-33ce9e1 elementor-widget elementor-widget-text-editor\" data-id=\"33ce9e1\" data-element_type=\"widget\" data-widget_type=\"text-editor.default\">\n\t\t\t\t<div class=\"elementor-widget-container\">\n\t\t\t\t\t\t\t\t<div class=\"elementor-text-editor elementor-clearfix\">\n\t\t\t\t<p><span id=\"p138\">\u00c9tudiant\u00a0\u00e0 <strong><a href=\"https:\/\/genie-industriel.grenoble-inp.fr\/\" target=\"_blank\" rel=\"noopener\">Grenoble INP &#8211; G\u00e9nie Industriel, UGA<\/a><\/strong>, J\u00e9r\u00e9my pratique le ski de fond depuis l\u2019\u00e2ge de 8 ans au sein du Ski Nordique\u00a0<span id=\"142\">Belledonne<\/span>\u00a0Chamrousse.<\/span><span id=\"p139\">\u00a0Cette ann\u00e9e, il a rejoint le\u00a0<span id=\"143\">Team<\/span>\u00a0<span id=\"144\">Nordic<\/span>\u00a0<span id=\"145\">Experience<\/span>\u00a0<span id=\"p137\">(<span id=\"140\">TNE<\/span>)<\/span>, seule \u00e9quipe semi-pro fran\u00e7aise du circuit\u00a0<span id=\"146\">longue<\/span>\u00a0distance.<\/span><\/p>\t\t\t\t\t<\/div>\n\t\t\t\t\t\t<\/div>\n\t\t\t\t<\/div>\n\t\t\t\t\t\t<\/div>\n\t\t\t\t\t<\/div>\n\t\t<\/div>\n\t\t\t\t\t\t\t\t<\/div>\n\t\t\t\t\t<\/div>\n\t\t<\/section>\n\t\t\t\t<section class=\"elementor-section elementor-top-section elementor-element elementor-element-43af3da elementor-section-boxed elementor-section-height-default elementor-section-height-default\" data-id=\"43af3da\" data-element_type=\"section\">\n\t\t\t\t\t\t<div class=\"elementor-container elementor-column-gap-default\">\n\t\t\t\t\t\t\t<div class=\"elementor-row\">\n\t\t\t\t\t<div class=\"elementor-column elementor-col-66 elementor-top-column elementor-element elementor-element-e534704\" data-id=\"e534704\" data-element_type=\"column\">\n\t\t\t<div class=\"elementor-column-wrap elementor-element-populated\">\n\t\t\t\t\t\t\t<div class=\"elementor-widget-wrap\">\n\t\t\t\t\t\t<div class=\"elementor-element elementor-element-8fafb22 elementor-widget elementor-widget-text-editor\" data-id=\"8fafb22\" data-element_type=\"widget\" data-widget_type=\"text-editor.default\">\n\t\t\t\t<div class=\"elementor-widget-container\">\n\t\t\t\t\t\t\t\t<div class=\"elementor-text-editor elementor-clearfix\">\n\t\t\t\t<p><strong>Ses r\u00e9sultats :<\/strong><\/p><p>Circuit ski classique :<\/p><ul><li>29e du classement G\u00e9n\u00e9ral Pro Tour (3e non scandinave)<\/li><li>9e du classement G\u00e9n\u00e9ral jeunes (2e non scandinave)<\/li><li>23e place de la Marcialonga (Italie)<\/li><li>15e du Reistadlopet (Norv\u00e8ge)<\/li><\/ul>\t\t\t\t\t<\/div>\n\t\t\t\t\t\t<\/div>\n\t\t\t\t<\/div>\n\t\t\t\t<div class=\"elementor-element elementor-element-b4894b6 elementor-widget elementor-widget-text-editor\" data-id=\"b4894b6\" data-element_type=\"widget\" data-widget_type=\"text-editor.default\">\n\t\t\t\t<div class=\"elementor-widget-container\">\n\t\t\t\t\t\t\t\t<div class=\"elementor-text-editor elementor-clearfix\">\n\t\t\t\t<p>Circuit longue distance Skis roues :<\/p><ul><li>1\u00e8re place du DUPASKI\u2019Festival 50km (CH)<\/li><\/ul>\t\t\t\t\t<\/div>\n\t\t\t\t\t\t<\/div>\n\t\t\t\t<\/div>\n\t\t\t\t<div class=\"elementor-element elementor-element-fdcf5cc elementor-widget elementor-widget-text-editor\" data-id=\"fdcf5cc\" data-element_type=\"widget\" data-widget_type=\"text-editor.default\">\n\t\t\t\t<div class=\"elementor-widget-container\">\n\t\t\t\t\t\t\t\t<div class=\"elementor-text-editor elementor-clearfix\">\n\t\t\t\t<p>Circuit longue distance France :<\/p><ul><li>2e place de la Transjurassienne classique (56 km)<\/li><li>4e place du Marathon Bessans CL (30km)<\/li><\/ul>\t\t\t\t\t<\/div>\n\t\t\t\t\t\t<\/div>\n\t\t\t\t<\/div>\n\t\t\t\t\t\t<\/div>\n\t\t\t\t\t<\/div>\n\t\t<\/div>\n\t\t\t\t<div class=\"elementor-column elementor-col-33 elementor-top-column elementor-element elementor-element-8d5f009\" data-id=\"8d5f009\" data-element_type=\"column\">\n\t\t\t<div class=\"elementor-column-wrap elementor-element-populated\">\n\t\t\t\t\t\t\t<div class=\"elementor-widget-wrap\">\n\t\t\t\t\t\t<div class=\"elementor-element elementor-element-c8bea88 dce_masking-none elementor-widget elementor-widget-image\" data-id=\"c8bea88\" data-element_type=\"widget\" data-widget_type=\"image.default\">\n\t\t\t\t<div class=\"elementor-widget-container\">\n\t\t\t\t\t\t\t\t<div class=\"elementor-image\">\n\t\t\t\t\t\t\t\t\t\t\t\t<img width=\"1024\" height=\"1024\" src=\"https:\/\/fondation-grenoble-inp.fr\/wp-content\/uploads\/2023\/07\/Jeremy-Royer-FB-1024x1024.jpg\" class=\"attachment-large size-large\" alt=\"\" loading=\"lazy\" srcset=\"https:\/\/fondation-grenoble-inp.fr\/wp-content\/uploads\/2023\/07\/Jeremy-Royer-FB-1024x1024.jpg 1024w, https:\/\/fondation-grenoble-inp.fr\/wp-content\/uploads\/2023\/07\/Jeremy-Royer-FB-300x300.jpg 300w, https:\/\/fondation-grenoble-inp.fr\/wp-content\/uploads\/2023\/07\/Jeremy-Royer-FB-150x150.jpg 150w, https:\/\/fondation-grenoble-inp.fr\/wp-content\/uploads\/2023\/07\/Jeremy-Royer-FB-768x768.jpg 768w, https:\/\/fondation-grenoble-inp.fr\/wp-content\/uploads\/2023\/07\/Jeremy-Royer-FB-12x12.jpg 12w, https:\/\/fondation-grenoble-inp.fr\/wp-content\/uploads\/2023\/07\/Jeremy-Royer-FB.jpg 1365w\" sizes=\"(max-width: 1024px) 100vw, 1024px\" \/>\t\t\t\t\t\t\t\t\t\t\t\t\t\t<\/div>\n\t\t\t\t\t\t<\/div>\n\t\t\t\t<\/div>\n\t\t\t\t\t\t<\/div>\n\t\t\t\t\t<\/div>\n\t\t<\/div>\n\t\t\t\t\t\t\t\t<\/div>\n\t\t\t\t\t<\/div>\n\t\t<\/section>\n\t\t\t\t<section class=\"elementor-section elementor-top-section elementor-element elementor-element-83b5d2a elementor-section-boxed elementor-section-height-default elementor-section-height-default\" data-id=\"83b5d2a\" data-element_type=\"section\">\n\t\t\t\t\t\t<div class=\"elementor-container elementor-column-gap-default\">\n\t\t\t\t\t\t\t<div class=\"elementor-row\">\n\t\t\t\t\t<div class=\"elementor-column elementor-col-100 elementor-top-column elementor-element elementor-element-8b0aae8\" data-id=\"8b0aae8\" data-element_type=\"column\">\n\t\t\t<div class=\"elementor-column-wrap elementor-element-populated\">\n\t\t\t\t\t\t\t<div class=\"elementor-widget-wrap\">\n\t\t\t\t\t\t<div class=\"elementor-element elementor-element-2e8e846 elementor-widget elementor-widget-text-editor\" data-id=\"2e8e846\" data-element_type=\"widget\" data-widget_type=\"text-editor.default\">\n\t\t\t\t<div class=\"elementor-widget-container\">\n\t\t\t\t\t\t\t\t<div class=\"elementor-text-editor elementor-clearfix\">\n\t\t\t\t<p><em><span id=\"p155\">\u00ab\u00a0C&rsquo;est la premi\u00e8re ann\u00e9e que j&rsquo;ai la chance de faire partie de la famille de la Fondation Grenoble INP.<\/span><span id=\"p149\">\u00a0Elle est l\u00e0 pour nous aider\u00a0<span id=\"153\" class=\"s-rg\">at<\/span>\u00a0r\u00e9aliser au mieux notre double projet et\u00a0<span id=\"154\" class=\"s-rg\">nous pousser<\/span>\u00a0\u00e0 chercher l&rsquo;excellence, aussi bien dans le milieu sportif que scolaire.<\/span><span id=\"p150\"> J\u2019esp\u00e8re pouvoir faire rayonner la Fondation et ses valeurs dans toute l&rsquo;Europe.\u00a0\u00bb<\/span><\/em><\/p>\t\t\t\t\t<\/div>\n\t\t\t\t\t\t<\/div>\n\t\t\t\t<\/div>\n\t\t\t\t\t\t<\/div>\n\t\t\t\t\t<\/div>\n\t\t<\/div>\n\t\t\t\t\t\t\t\t<\/div>\n\t\t\t\t\t<\/div>\n\t\t<\/section>\n\t\t\t\t<section class=\"elementor-section elementor-top-section elementor-element elementor-element-60a19e4 elementor-section-boxed elementor-section-height-default elementor-section-height-default\" data-id=\"60a19e4\" data-element_type=\"section\">\n\t\t\t\t\t\t<div class=\"elementor-container elementor-column-gap-default\">\n\t\t\t\t\t\t\t<div class=\"elementor-row\">\n\t\t\t\t\t<div class=\"elementor-column elementor-col-100 elementor-top-column elementor-element elementor-element-e5c6e23\" data-id=\"e5c6e23\" data-element_type=\"column\">\n\t\t\t<div class=\"elementor-column-wrap elementor-element-populated\">\n\t\t\t\t\t\t\t<div class=\"elementor-widget-wrap\">\n\t\t\t\t\t\t<div class=\"elementor-element elementor-element-7174e24 elementor-widget elementor-widget-text-editor\" data-id=\"7174e24\" data-element_type=\"widget\" data-widget_type=\"text-editor.default\">\n\t\t\t\t<div class=\"elementor-widget-container\">\n\t\t\t\t\t\t\t\t<div class=\"elementor-text-editor elementor-clearfix\">\n\t\t\t\t<h2>Etienne Monier (Ski de fond)<\/h2>\t\t\t\t\t<\/div>\n\t\t\t\t\t\t<\/div>\n\t\t\t\t<\/div>\n\t\t\t\t<div class=\"elementor-element elementor-element-27a1728 elementor-widget elementor-widget-text-editor\" data-id=\"27a1728\" data-element_type=\"widget\" data-widget_type=\"text-editor.default\">\n\t\t\t\t<div class=\"elementor-widget-container\">\n\t\t\t\t\t\t\t\t<div class=\"elementor-text-editor elementor-clearfix\">\n\t\t\t\t<p><span id=\"p161\">\u00c9tudiant \u00e0 <strong><a href=\"https:\/\/ense3.grenoble-inp.fr\/\" target=\"_blank\" rel=\"noopener\">Grenoble INP &#8211; Ense<sup>3<\/sup>, UGA<\/a><\/strong>, Etienne pratique le ski de fond et le trail.<\/span><span id=\"p162\">\u00a0Malgr\u00e9 une fracture de la main lors d&rsquo;une course de pr\u00e9paration, il a continu\u00e9 \u00e0 s&rsquo;entra\u00eener et \u00e0 faire le n\u00e9cessaire pour revenir au meilleur niveau.<\/span><\/p>\t\t\t\t\t<\/div>\n\t\t\t\t\t\t<\/div>\n\t\t\t\t<\/div>\n\t\t\t\t\t\t<\/div>\n\t\t\t\t\t<\/div>\n\t\t<\/div>\n\t\t\t\t\t\t\t\t<\/div>\n\t\t\t\t\t<\/div>\n\t\t<\/section>\n\t\t\t\t<section class=\"elementor-section elementor-top-section elementor-element elementor-element-bb0a3e5 elementor-section-boxed elementor-section-height-default elementor-section-height-default\" data-id=\"bb0a3e5\" data-element_type=\"section\">\n\t\t\t\t\t\t<div class=\"elementor-container elementor-column-gap-default\">\n\t\t\t\t\t\t\t<div class=\"elementor-row\">\n\t\t\t\t\t<div class=\"elementor-column elementor-col-33 elementor-top-column elementor-element elementor-element-4b97598\" data-id=\"4b97598\" data-element_type=\"column\">\n\t\t\t<div class=\"elementor-column-wrap elementor-element-populated\">\n\t\t\t\t\t\t\t<div class=\"elementor-widget-wrap\">\n\t\t\t\t\t\t<div class=\"elementor-element elementor-element-5bfefa8 dce_masking-none elementor-widget elementor-widget-image\" data-id=\"5bfefa8\" data-element_type=\"widget\" data-widget_type=\"image.default\">\n\t\t\t\t<div class=\"elementor-widget-container\">\n\t\t\t\t\t\t\t\t<div class=\"elementor-image\">\n\t\t\t\t\t\t\t\t\t\t\t\t<img width=\"1024\" height=\"1024\" src=\"https:\/\/fondation-grenoble-inp.fr\/wp-content\/uploads\/2023\/07\/Etienne-Monier-bilan-2023-1024x1024.png\" class=\"attachment-large size-large\" alt=\"Etienne Monier\" loading=\"lazy\" srcset=\"https:\/\/fondation-grenoble-inp.fr\/wp-content\/uploads\/2023\/07\/Etienne-Monier-bilan-2023-1024x1024.png 1024w, https:\/\/fondation-grenoble-inp.fr\/wp-content\/uploads\/2023\/07\/Etienne-Monier-bilan-2023-300x300.png 300w, https:\/\/fondation-grenoble-inp.fr\/wp-content\/uploads\/2023\/07\/Etienne-Monier-bilan-2023-150x150.png 150w, https:\/\/fondation-grenoble-inp.fr\/wp-content\/uploads\/2023\/07\/Etienne-Monier-bilan-2023-768x768.png 768w, https:\/\/fondation-grenoble-inp.fr\/wp-content\/uploads\/2023\/07\/Etienne-Monier-bilan-2023-1536x1536.png 1536w, https:\/\/fondation-grenoble-inp.fr\/wp-content\/uploads\/2023\/07\/Etienne-Monier-bilan-2023-2048x2048.png 2048w, https:\/\/fondation-grenoble-inp.fr\/wp-content\/uploads\/2023\/07\/Etienne-Monier-bilan-2023-12x12.png 12w\" sizes=\"(max-width: 1024px) 100vw, 1024px\" \/>\t\t\t\t\t\t\t\t\t\t\t\t\t\t<\/div>\n\t\t\t\t\t\t<\/div>\n\t\t\t\t<\/div>\n\t\t\t\t\t\t<\/div>\n\t\t\t\t\t<\/div>\n\t\t<\/div>\n\t\t\t\t<div class=\"elementor-column elementor-col-66 elementor-top-column elementor-element elementor-element-040dbde\" data-id=\"040dbde\" data-element_type=\"column\">\n\t\t\t<div class=\"elementor-column-wrap elementor-element-populated\">\n\t\t\t\t\t\t\t<div class=\"elementor-widget-wrap\">\n\t\t\t\t\t\t<div class=\"elementor-element elementor-element-8c0566e elementor-widget elementor-widget-text-editor\" data-id=\"8c0566e\" data-element_type=\"widget\" data-widget_type=\"text-editor.default\">\n\t\t\t\t<div class=\"elementor-widget-container\">\n\t\t\t\t\t\t\t\t<div class=\"elementor-text-editor elementor-clearfix\">\n\t\t\t\t<p><strong>Ses r\u00e9sultats :<\/strong><\/p><p>Ski de fond :<\/p><ul><li>5e U23 au marathon du Grand Bec<\/li><\/ul>\t\t\t\t\t<\/div>\n\t\t\t\t\t\t<\/div>\n\t\t\t\t<\/div>\n\t\t\t\t<div class=\"elementor-element elementor-element-6cd60ad elementor-widget elementor-widget-text-editor\" data-id=\"6cd60ad\" data-element_type=\"widget\" data-widget_type=\"text-editor.default\">\n\t\t\t\t<div class=\"elementor-widget-container\">\n\t\t\t\t\t\t\t\t<div class=\"elementor-text-editor elementor-clearfix\">\n\t\t\t\t<p>Trail :<\/p><ul><li>19e au trail des Gli\u00e8res (2e espoir)<\/li><li>13e au trail de la Michaille<\/li><\/ul>\t\t\t\t\t<\/div>\n\t\t\t\t\t\t<\/div>\n\t\t\t\t<\/div>\n\t\t\t\t\t\t<\/div>\n\t\t\t\t\t<\/div>\n\t\t<\/div>\n\t\t\t\t\t\t\t\t<\/div>\n\t\t\t\t\t<\/div>\n\t\t<\/section>\n\t\t\t\t<section class=\"elementor-section elementor-top-section elementor-element elementor-element-73b6776 elementor-section-boxed elementor-section-height-default elementor-section-height-default\" data-id=\"73b6776\" data-element_type=\"section\">\n\t\t\t\t\t\t<div class=\"elementor-container elementor-column-gap-default\">\n\t\t\t\t\t\t\t<div class=\"elementor-row\">\n\t\t\t\t\t<div class=\"elementor-column elementor-col-100 elementor-top-column elementor-element elementor-element-0f3abb9\" data-id=\"0f3abb9\" data-element_type=\"column\">\n\t\t\t<div class=\"elementor-column-wrap elementor-element-populated\">\n\t\t\t\t\t\t\t<div class=\"elementor-widget-wrap\">\n\t\t\t\t\t\t<div class=\"elementor-element elementor-element-4087750 elementor-widget elementor-widget-text-editor\" data-id=\"4087750\" data-element_type=\"widget\" data-widget_type=\"text-editor.default\">\n\t\t\t\t<div class=\"elementor-widget-container\">\n\t\t\t\t\t\t\t\t<div class=\"elementor-text-editor elementor-clearfix\">\n\t\t\t\t<p><em>\u00ab\u00a0Nous avons eu de gros probl\u00e8mes d&rsquo;enneigement cet hiver et une grande partie des courses de fin de saison ont donc \u00e9t\u00e9 annul\u00e9es. Cela dit, cette saison m&rsquo;a appris \u00e0 \u00eatre patient et \u00e0 pers\u00e9v\u00e9rer dans les mauvais moments. Je suis persuad\u00e9 que cela me sera utile dans le sport comme dans le monde professionnel. Par ailleurs, le statut SHN m&rsquo;a permis de diviser ma premi\u00e8re ann\u00e9e en deux et de mener sereinement mon double projet sport-\u00e9tudes. Gr\u00e2ce \u00e0 la bourse de la Fondation, j&rsquo;ai pu financer une partie de ma saison, en particulier les nombreux stages de la pr\u00e9paration estivale et automnale, ainsi qu&rsquo;une partie du Brevet d&rsquo;Etat de ski nordique. Je tiens \u00e0 remercier sinc\u00e8rement la Fondation ainsi que le dispositif SHN \u00e0 Grenoble INP &#8211; UGA et tout le personnel qui \u0153uvre au quotidien pour nous permettre d&rsquo;aller au bout de nos r\u00eaves.\u00a0\u00bb<\/em><\/p>\t\t\t\t\t<\/div>\n\t\t\t\t\t\t<\/div>\n\t\t\t\t<\/div>\n\t\t\t\t\t\t<\/div>\n\t\t\t\t\t<\/div>\n\t\t<\/div>\n\t\t\t\t\t\t\t\t<\/div>\n\t\t\t\t\t<\/div>\n\t\t<\/section>\n\t\t\t\t<section class=\"elementor-section elementor-top-section elementor-element elementor-element-712971a elementor-section-boxed elementor-section-height-default elementor-section-height-default\" data-id=\"712971a\" data-element_type=\"section\">\n\t\t\t\t\t\t<div class=\"elementor-container elementor-column-gap-default\">\n\t\t\t\t\t\t\t<div class=\"elementor-row\">\n\t\t\t\t\t<div class=\"elementor-column elementor-col-100 elementor-top-column elementor-element elementor-element-1463112\" data-id=\"1463112\" data-element_type=\"column\">\n\t\t\t<div class=\"elementor-column-wrap elementor-element-populated\">\n\t\t\t\t\t\t\t<div class=\"elementor-widget-wrap\">\n\t\t\t\t\t\t<div class=\"elementor-element elementor-element-7f90f03 elementor-widget elementor-widget-text-editor\" data-id=\"7f90f03\" data-element_type=\"widget\" data-widget_type=\"text-editor.default\">\n\t\t\t\t<div class=\"elementor-widget-container\">\n\t\t\t\t\t\t\t\t<div class=\"elementor-text-editor elementor-clearfix\">\n\t\t\t\t<h2>Lilian Grasset (Ski de fond)<\/h2>\t\t\t\t\t<\/div>\n\t\t\t\t\t\t<\/div>\n\t\t\t\t<\/div>\n\t\t\t\t<div class=\"elementor-element elementor-element-0d7c0d4 elementor-widget elementor-widget-text-editor\" data-id=\"0d7c0d4\" data-element_type=\"widget\" data-widget_type=\"text-editor.default\">\n\t\t\t\t<div class=\"elementor-widget-container\">\n\t\t\t\t\t\t\t\t<div class=\"elementor-text-editor elementor-clearfix\">\n\t\t\t\t<p><span id=\"p3\">\u00c9tudiant \u00e0 <strong><a href=\"https:\/\/www.la-prepa-des-inp.fr\/\" target=\"_blank\" rel=\"noopener\">la Pr\u00e9pa des INP<\/a><\/strong>, Lilian est un skieur du d\u00e9partement de l&rsquo;Ain et du comit\u00e9 r\u00e9gional du Lyonnais, qui a \u00e9t\u00e9 mis sur les skis tr\u00e8s t\u00f4t par son p\u00e8re.<\/span><span id=\"p1\">\u00a0Inspir\u00e9 par la carri\u00e8re de comp\u00e9titeur de ses deux grands fr\u00e8res, il s&rsquo;est investi de fa\u00e7on croissante dans son entra\u00eenement.<\/span><\/p>\t\t\t\t\t<\/div>\n\t\t\t\t\t\t<\/div>\n\t\t\t\t<\/div>\n\t\t\t\t\t\t<\/div>\n\t\t\t\t\t<\/div>\n\t\t<\/div>\n\t\t\t\t\t\t\t\t<\/div>\n\t\t\t\t\t<\/div>\n\t\t<\/section>\n\t\t\t\t<section class=\"elementor-section elementor-top-section elementor-element elementor-element-19fadff elementor-section-boxed elementor-section-height-default elementor-section-height-default\" data-id=\"19fadff\" data-element_type=\"section\">\n\t\t\t\t\t\t<div class=\"elementor-container elementor-column-gap-default\">\n\t\t\t\t\t\t\t<div class=\"elementor-row\">\n\t\t\t\t\t<div class=\"elementor-column elementor-col-66 elementor-top-column elementor-element elementor-element-be99bef\" data-id=\"be99bef\" data-element_type=\"column\">\n\t\t\t<div class=\"elementor-column-wrap elementor-element-populated\">\n\t\t\t\t\t\t\t<div class=\"elementor-widget-wrap\">\n\t\t\t\t\t\t<div class=\"elementor-element elementor-element-a6e45d6 elementor-widget elementor-widget-text-editor\" data-id=\"a6e45d6\" data-element_type=\"widget\" data-widget_type=\"text-editor.default\">\n\t\t\t\t<div class=\"elementor-widget-container\">\n\t\t\t\t\t\t\t\t<div class=\"elementor-text-editor elementor-clearfix\">\n\t\t\t\t<p><strong>Ses r\u00e9sultats :\u00a0<\/strong><\/p><ul><li>17e SEN \u00e0 la course nationale de ski roue : Challenge Vincent Vittoz, poursuite classique 9 km et individuel skate prologue 5 km<\/li><li>54e SEN au Championnat de France de ski-roue \u00e0 Ar\u00e7on, individuel skate 16km<\/li><li>35e SEN au Championnat de France de ski-roue \u00e0 Ar\u00e7on, qualification KO Sprint classique<\/li><li>15e SEN \u00e0 la coupe de France de Bessans, qualification individuel classique<\/li><li>39e SEN \u00e0 la coupe de France de Bessans, qualification KO Sprint classique<\/li><li>11e SEN au challenge Jean-Marc Braud pour l\u2019ouverture de ma saison, individuel skate 10 km<\/li><li>31e SEN \u00e0 la coupe de France de Bessans, individuel skate 10 km<\/li><li>2e SEN au semi-Marathon des Bellescombes 2023 Style classique<\/li><\/ul>\t\t\t\t\t<\/div>\n\t\t\t\t\t\t<\/div>\n\t\t\t\t<\/div>\n\t\t\t\t\t\t<\/div>\n\t\t\t\t\t<\/div>\n\t\t<\/div>\n\t\t\t\t<div class=\"elementor-column elementor-col-33 elementor-top-column elementor-element elementor-element-14ffe33\" data-id=\"14ffe33\" data-element_type=\"column\">\n\t\t\t<div class=\"elementor-column-wrap elementor-element-populated\">\n\t\t\t\t\t\t\t<div class=\"elementor-widget-wrap\">\n\t\t\t\t\t\t<div class=\"elementor-element elementor-element-c19f5a3 dce_masking-none elementor-widget elementor-widget-image\" data-id=\"c19f5a3\" data-element_type=\"widget\" data-widget_type=\"image.default\">\n\t\t\t\t<div class=\"elementor-widget-container\">\n\t\t\t\t\t\t\t\t<div class=\"elementor-image\">\n\t\t\t\t\t\t\t\t\t\t\t\t<img width=\"1024\" height=\"1024\" src=\"https:\/\/fondation-grenoble-inp.fr\/wp-content\/uploads\/2023\/07\/Lilian-Grasset-3-1024x1024.png\" class=\"attachment-large size-large\" alt=\"Lilian Grasset\" loading=\"lazy\" srcset=\"https:\/\/fondation-grenoble-inp.fr\/wp-content\/uploads\/2023\/07\/Lilian-Grasset-3-1024x1024.png 1024w, https:\/\/fondation-grenoble-inp.fr\/wp-content\/uploads\/2023\/07\/Lilian-Grasset-3-300x300.png 300w, https:\/\/fondation-grenoble-inp.fr\/wp-content\/uploads\/2023\/07\/Lilian-Grasset-3-150x150.png 150w, https:\/\/fondation-grenoble-inp.fr\/wp-content\/uploads\/2023\/07\/Lilian-Grasset-3-768x768.png 768w, https:\/\/fondation-grenoble-inp.fr\/wp-content\/uploads\/2023\/07\/Lilian-Grasset-3-1536x1536.png 1536w, https:\/\/fondation-grenoble-inp.fr\/wp-content\/uploads\/2023\/07\/Lilian-Grasset-3-12x12.png 12w, https:\/\/fondation-grenoble-inp.fr\/wp-content\/uploads\/2023\/07\/Lilian-Grasset-3.png 1714w\" sizes=\"(max-width: 1024px) 100vw, 1024px\" \/>\t\t\t\t\t\t\t\t\t\t\t\t\t\t<\/div>\n\t\t\t\t\t\t<\/div>\n\t\t\t\t<\/div>\n\t\t\t\t\t\t<\/div>\n\t\t\t\t\t<\/div>\n\t\t<\/div>\n\t\t\t\t\t\t\t\t<\/div>\n\t\t\t\t\t<\/div>\n\t\t<\/section>\n\t\t\t\t<section class=\"elementor-section elementor-top-section elementor-element elementor-element-2662cb5 elementor-section-boxed elementor-section-height-default elementor-section-height-default\" data-id=\"2662cb5\" data-element_type=\"section\">\n\t\t\t\t\t\t<div class=\"elementor-container elementor-column-gap-default\">\n\t\t\t\t\t\t\t<div class=\"elementor-row\">\n\t\t\t\t\t<div class=\"elementor-column elementor-col-100 elementor-top-column elementor-element elementor-element-68b668b\" data-id=\"68b668b\" data-element_type=\"column\">\n\t\t\t<div class=\"elementor-column-wrap elementor-element-populated\">\n\t\t\t\t\t\t\t<div class=\"elementor-widget-wrap\">\n\t\t\t\t\t\t<div class=\"elementor-element elementor-element-08f29ae elementor-widget elementor-widget-text-editor\" data-id=\"08f29ae\" data-element_type=\"widget\" data-widget_type=\"text-editor.default\">\n\t\t\t\t<div class=\"elementor-widget-container\">\n\t\t\t\t\t\t\t\t<div class=\"elementor-text-editor elementor-clearfix\">\n\t\t\t\t<p><em><span id=\"p70\">\u00ab\u00a0La Fondation Grenoble INP m&rsquo;a donn\u00e9 beaucoup de confiance et d&rsquo;ambition et je lui dois plusieurs victoires.<\/span><span id=\"p71\">\u00a0Savoir qu&rsquo;on a \u00e9t\u00e9 choisi pour repr\u00e9senter un groupe d&rsquo;\u00e9coles d&rsquo;ing\u00e9nieur aussi prestigieux, c&rsquo;est un honneur et une grande fiert\u00e9.<\/span><span id=\"p72\">\u00a0Cela m&rsquo;a donn\u00e9 beaucoup de forces la saison derni\u00e8re.<\/span><span id=\"p79\">\u00a0De plus, je me sens chanceux d&rsquo;entretenir des liens aussi \u00e9troits avec la Fondation Grenoble INP, ce qui me permet de faire des rencontres tr\u00e8s int\u00e9ressantes et constructives.<\/span><span id=\"p74\"> Avec l&rsquo;aide de la Fondation, je construis mon avenir professionnel tout en ayant l&rsquo;opportunit\u00e9 de m&rsquo;\u00e9panouir dans ma passion et\u00a0<span id=\"78\" class=\"s-rg\">la comp\u00e9tition.\u00a0\u00bb<\/span><\/span><\/em><\/p>\t\t\t\t\t<\/div>\n\t\t\t\t\t\t<\/div>\n\t\t\t\t<\/div>\n\t\t\t\t\t\t<\/div>\n\t\t\t\t\t<\/div>\n\t\t<\/div>\n\t\t\t\t\t\t\t\t<\/div>\n\t\t\t\t\t<\/div>\n\t\t<\/section>\n\t\t\t\t<section class=\"elementor-section elementor-top-section elementor-element elementor-element-09fab3f elementor-section-boxed elementor-section-height-default elementor-section-height-default\" data-id=\"09fab3f\" data-element_type=\"section\">\n\t\t\t\t\t\t<div class=\"elementor-container elementor-column-gap-default\">\n\t\t\t\t\t\t\t<div class=\"elementor-row\">\n\t\t\t\t\t<div class=\"elementor-column elementor-col-100 elementor-top-column elementor-element elementor-element-c6ecf96\" data-id=\"c6ecf96\" data-element_type=\"column\">\n\t\t\t<div class=\"elementor-column-wrap elementor-element-populated\">\n\t\t\t\t\t\t\t<div class=\"elementor-widget-wrap\">\n\t\t\t\t\t\t<div class=\"elementor-element elementor-element-1124788 elementor-widget elementor-widget-text-editor\" data-id=\"1124788\" data-element_type=\"widget\" data-widget_type=\"text-editor.default\">\n\t\t\t\t<div class=\"elementor-widget-container\">\n\t\t\t\t\t\t\t\t<div class=\"elementor-text-editor elementor-clearfix\">\n\t\t\t\t<h2>Constance Lay (Ski alpin)<\/h2>\t\t\t\t\t<\/div>\n\t\t\t\t\t\t<\/div>\n\t\t\t\t<\/div>\n\t\t\t\t<div class=\"elementor-element elementor-element-f6e16ed elementor-widget elementor-widget-text-editor\" data-id=\"f6e16ed\" data-element_type=\"widget\" data-widget_type=\"text-editor.default\">\n\t\t\t\t<div class=\"elementor-widget-container\">\n\t\t\t\t\t\t\t\t<div class=\"elementor-text-editor elementor-clearfix\">\n\t\t\t\t<p><span id=\"p36\">\u00c9tudiante\u00a0en 2e ann\u00e9e \u00e0 <strong><a href=\"https:\/\/phelma.grenoble-inp.fr\/\" target=\"_blank\" rel=\"noopener\">Grenoble INP &#8211;\u00a0<span id=\"39\">Phelma<\/span>, UGA<\/a><\/strong>, Constance a commenc\u00e9 le ski alpin \u00e0 l\u2019\u00e2ge de deux ans et demi.<\/span><span id=\"p37\">\u00a0Actuellement licenci\u00e9e au ski club de l\u2019Alpe d\u2019Huez, Constance court aujourd\u2019hui sur le circuit FIS\u00a0<span id=\"p35\">(circuit international)<\/span>\u00a0et sur le circuit Universitaire europ\u00e9en.<\/span><\/p>\t\t\t\t\t<\/div>\n\t\t\t\t\t\t<\/div>\n\t\t\t\t<\/div>\n\t\t\t\t\t\t<\/div>\n\t\t\t\t\t<\/div>\n\t\t<\/div>\n\t\t\t\t\t\t\t\t<\/div>\n\t\t\t\t\t<\/div>\n\t\t<\/section>\n\t\t\t\t<section class=\"elementor-section elementor-top-section elementor-element elementor-element-6a239d0 elementor-section-boxed elementor-section-height-default elementor-section-height-default\" data-id=\"6a239d0\" data-element_type=\"section\">\n\t\t\t\t\t\t<div class=\"elementor-container elementor-column-gap-default\">\n\t\t\t\t\t\t\t<div class=\"elementor-row\">\n\t\t\t\t\t<div class=\"elementor-column elementor-col-33 elementor-top-column elementor-element elementor-element-d7df4ec\" data-id=\"d7df4ec\" data-element_type=\"column\">\n\t\t\t<div class=\"elementor-column-wrap elementor-element-populated\">\n\t\t\t\t\t\t\t<div class=\"elementor-widget-wrap\">\n\t\t\t\t\t\t<div class=\"elementor-element elementor-element-928c567 dce_masking-none elementor-widget elementor-widget-image\" data-id=\"928c567\" data-element_type=\"widget\" data-widget_type=\"image.default\">\n\t\t\t\t<div class=\"elementor-widget-container\">\n\t\t\t\t\t\t\t\t<div class=\"elementor-image\">\n\t\t\t\t\t\t\t\t\t\t\t\t<img width=\"1024\" height=\"1024\" src=\"https:\/\/fondation-grenoble-inp.fr\/wp-content\/uploads\/2023\/07\/Constance-Lay-bilan-2023-1024x1024.png\" class=\"attachment-large size-large\" alt=\"\" loading=\"lazy\" srcset=\"https:\/\/fondation-grenoble-inp.fr\/wp-content\/uploads\/2023\/07\/Constance-Lay-bilan-2023-1024x1024.png 1024w, https:\/\/fondation-grenoble-inp.fr\/wp-content\/uploads\/2023\/07\/Constance-Lay-bilan-2023-300x300.png 300w, https:\/\/fondation-grenoble-inp.fr\/wp-content\/uploads\/2023\/07\/Constance-Lay-bilan-2023-150x150.png 150w, https:\/\/fondation-grenoble-inp.fr\/wp-content\/uploads\/2023\/07\/Constance-Lay-bilan-2023-768x768.png 768w, https:\/\/fondation-grenoble-inp.fr\/wp-content\/uploads\/2023\/07\/Constance-Lay-bilan-2023-1536x1536.png 1536w, https:\/\/fondation-grenoble-inp.fr\/wp-content\/uploads\/2023\/07\/Constance-Lay-bilan-2023-2048x2048.png 2048w, https:\/\/fondation-grenoble-inp.fr\/wp-content\/uploads\/2023\/07\/Constance-Lay-bilan-2023-12x12.png 12w\" sizes=\"(max-width: 1024px) 100vw, 1024px\" \/>\t\t\t\t\t\t\t\t\t\t\t\t\t\t<\/div>\n\t\t\t\t\t\t<\/div>\n\t\t\t\t<\/div>\n\t\t\t\t\t\t<\/div>\n\t\t\t\t\t<\/div>\n\t\t<\/div>\n\t\t\t\t<div class=\"elementor-column elementor-col-66 elementor-top-column elementor-element elementor-element-17f7e49\" data-id=\"17f7e49\" data-element_type=\"column\">\n\t\t\t<div class=\"elementor-column-wrap elementor-element-populated\">\n\t\t\t\t\t\t\t<div class=\"elementor-widget-wrap\">\n\t\t\t\t\t\t<div class=\"elementor-element elementor-element-b6e91e8 elementor-widget elementor-widget-text-editor\" data-id=\"b6e91e8\" data-element_type=\"widget\" data-widget_type=\"text-editor.default\">\n\t\t\t\t<div class=\"elementor-widget-container\">\n\t\t\t\t\t\t\t\t<div class=\"elementor-text-editor elementor-clearfix\">\n\t\t\t\t<p><strong>Ses r\u00e9sultats :<\/strong><\/p><ul><li>2e du classement g\u00e9n\u00e9ral FIS-C (circuit international)<\/li><li>2e sur une \u00e9tape de coupe d\u2019Europe universitaire en Suisse<\/li><li>17e lors de la finale dame du challenge des moniteurs (Championnat de France des moniteurs ESF)<\/li><li>Plusieurs podiums sur des courses r\u00e9gionales<\/li><\/ul>\t\t\t\t\t<\/div>\n\t\t\t\t\t\t<\/div>\n\t\t\t\t<\/div>\n\t\t\t\t\t\t<\/div>\n\t\t\t\t\t<\/div>\n\t\t<\/div>\n\t\t\t\t\t\t\t\t<\/div>\n\t\t\t\t\t<\/div>\n\t\t<\/section>\n\t\t\t\t<section class=\"elementor-section elementor-top-section elementor-element elementor-element-baab9a1 elementor-section-boxed elementor-section-height-default elementor-section-height-default\" data-id=\"baab9a1\" data-element_type=\"section\">\n\t\t\t\t\t\t<div class=\"elementor-container elementor-column-gap-default\">\n\t\t\t\t\t\t\t<div class=\"elementor-row\">\n\t\t\t\t\t<div class=\"elementor-column elementor-col-100 elementor-top-column elementor-element elementor-element-c8720d3\" data-id=\"c8720d3\" data-element_type=\"column\">\n\t\t\t<div class=\"elementor-column-wrap elementor-element-populated\">\n\t\t\t\t\t\t\t<div class=\"elementor-widget-wrap\">\n\t\t\t\t\t\t<div class=\"elementor-element elementor-element-9ab20f4 elementor-widget elementor-widget-text-editor\" data-id=\"9ab20f4\" data-element_type=\"widget\" data-widget_type=\"text-editor.default\">\n\t\t\t\t<div class=\"elementor-widget-container\">\n\t\t\t\t\t\t\t\t<div class=\"elementor-text-editor elementor-clearfix\">\n\t\t\t\t<p><em>\u00ab\u00a0Cette ann\u00e9e, la bourse de la Fondation Grenoble INP m\u2019a permis de financer une partie de mon mat\u00e9riel, avec l\u2019achat d\u2019une nouvelle paire de chaussures de ski, ainsi qu\u2019une partie de mes frais de courses (logement, d\u00e9placement\u2026). Je souhaite la remercier pour son soutien dans mon double projet. Sans elle, il serait bien plus compliqu\u00e9 de r\u00e9ussir \u00e0 mener de front mes \u00e9tudes et le sport. Au-del\u00e0 du soutien financier et moral, cela me permet de porter des valeurs qui sont importantes pour moi et de participer \u00e0 un projet collectif.\u00a0\u00bb<\/em><\/p>\t\t\t\t\t<\/div>\n\t\t\t\t\t\t<\/div>\n\t\t\t\t<\/div>\n\t\t\t\t\t\t<\/div>\n\t\t\t\t\t<\/div>\n\t\t<\/div>\n\t\t\t\t\t\t\t\t<\/div>\n\t\t\t\t\t<\/div>\n\t\t<\/section>\n\t\t\t\t<section class=\"elementor-section elementor-top-section elementor-element elementor-element-5dcae12 elementor-section-boxed elementor-section-height-default elementor-section-height-default\" data-id=\"5dcae12\" data-element_type=\"section\">\n\t\t\t\t\t\t<div class=\"elementor-container elementor-column-gap-default\">\n\t\t\t\t\t\t\t<div class=\"elementor-row\">\n\t\t\t\t\t<div class=\"elementor-column elementor-col-100 elementor-top-column elementor-element elementor-element-4bdae6a\" data-id=\"4bdae6a\" data-element_type=\"column\">\n\t\t\t<div class=\"elementor-column-wrap elementor-element-populated\">\n\t\t\t\t\t\t\t<div class=\"elementor-widget-wrap\">\n\t\t\t\t\t\t<div class=\"elementor-element elementor-element-1e02ffd elementor-widget elementor-widget-text-editor\" data-id=\"1e02ffd\" data-element_type=\"widget\" data-widget_type=\"text-editor.default\">\n\t\t\t\t<div class=\"elementor-widget-container\">\n\t\t\t\t\t\t\t\t<div class=\"elementor-text-editor elementor-clearfix\">\n\t\t\t\t<h2>Juliette Bergman (Escalade sur glace)<\/h2>\t\t\t\t\t<\/div>\n\t\t\t\t\t\t<\/div>\n\t\t\t\t<\/div>\n\t\t\t\t\t\t<\/div>\n\t\t\t\t\t<\/div>\n\t\t<\/div>\n\t\t\t\t\t\t\t\t<\/div>\n\t\t\t\t\t<\/div>\n\t\t<\/section>\n\t\t\t\t<section class=\"elementor-section elementor-top-section elementor-element elementor-element-757402b elementor-section-boxed elementor-section-height-default elementor-section-height-default\" data-id=\"757402b\" data-element_type=\"section\">\n\t\t\t\t\t\t<div class=\"elementor-container elementor-column-gap-default\">\n\t\t\t\t\t\t\t<div class=\"elementor-row\">\n\t\t\t\t\t<div class=\"elementor-column elementor-col-100 elementor-top-column elementor-element elementor-element-b871268\" data-id=\"b871268\" data-element_type=\"column\">\n\t\t\t<div class=\"elementor-column-wrap elementor-element-populated\">\n\t\t\t\t\t\t\t<div class=\"elementor-widget-wrap\">\n\t\t\t\t\t\t<div class=\"elementor-element elementor-element-001dcf1 elementor-widget elementor-widget-text-editor\" data-id=\"001dcf1\" data-element_type=\"widget\" data-widget_type=\"text-editor.default\">\n\t\t\t\t<div class=\"elementor-widget-container\">\n\t\t\t\t\t\t\t\t<div class=\"elementor-text-editor elementor-clearfix\">\n\t\t\t\t<p>Juliette est \u00e9tudiante en 2e ann\u00e9e \u00e0 <strong><a href=\"https:\/\/genie-industriel.grenoble-inp.fr\/\" target=\"_blank\" rel=\"noopener\">Grenoble INP &#8211; G\u00e9nie Industriel, UGA<\/a><\/strong>. Apr\u00e8s des ann\u00e9es d&rsquo;\u00e9quitation, elle a d\u00e9couvert l&rsquo;escalade, puis rapidement l&rsquo;escalade sur glace en comp\u00e9tition (dry-tooling). Elle s&rsquo;investit alors dans cette discipline et rentre dans la s\u00e9lection nationale jeune de cascade de glace en 2019.<\/p>\t\t\t\t\t<\/div>\n\t\t\t\t\t\t<\/div>\n\t\t\t\t<\/div>\n\t\t\t\t\t\t<\/div>\n\t\t\t\t\t<\/div>\n\t\t<\/div>\n\t\t\t\t\t\t\t\t<\/div>\n\t\t\t\t\t<\/div>\n\t\t<\/section>\n\t\t\t\t<section class=\"elementor-section elementor-top-section elementor-element elementor-element-0b60c5e elementor-section-boxed elementor-section-height-default elementor-section-height-default\" data-id=\"0b60c5e\" data-element_type=\"section\">\n\t\t\t\t\t\t<div class=\"elementor-container elementor-column-gap-default\">\n\t\t\t\t\t\t\t<div class=\"elementor-row\">\n\t\t\t\t\t<div class=\"elementor-column elementor-col-66 elementor-top-column elementor-element elementor-element-0f2e168\" data-id=\"0f2e168\" data-element_type=\"column\">\n\t\t\t<div class=\"elementor-column-wrap elementor-element-populated\">\n\t\t\t\t\t\t\t<div class=\"elementor-widget-wrap\">\n\t\t\t\t\t\t<div class=\"elementor-element elementor-element-9aa2fb8 elementor-widget elementor-widget-text-editor\" data-id=\"9aa2fb8\" data-element_type=\"widget\" data-widget_type=\"text-editor.default\">\n\t\t\t\t<div class=\"elementor-widget-container\">\n\t\t\t\t\t\t\t\t<div class=\"elementor-text-editor elementor-clearfix\">\n\t\t\t\t<p><strong>Ses r\u00e9sultats :<\/strong><\/p><ul><li>2e place au ICE Meeting<\/li><li>3e place au Championnats de France<\/li><li>8e place sur 2 coupes d\u2019Europe<\/li><li>13e place aux Championnats d\u2019Europe<\/li><li>17e et 20e sur 2 coupes du Monde<\/li><\/ul>\t\t\t\t\t<\/div>\n\t\t\t\t\t\t<\/div>\n\t\t\t\t<\/div>\n\t\t\t\t\t\t<\/div>\n\t\t\t\t\t<\/div>\n\t\t<\/div>\n\t\t\t\t<div class=\"elementor-column elementor-col-33 elementor-top-column elementor-element elementor-element-487b6a8\" data-id=\"487b6a8\" data-element_type=\"column\">\n\t\t\t<div class=\"elementor-column-wrap elementor-element-populated\">\n\t\t\t\t\t\t\t<div class=\"elementor-widget-wrap\">\n\t\t\t\t\t\t<div class=\"elementor-element elementor-element-4db0f4f dce_masking-none elementor-widget elementor-widget-image\" data-id=\"4db0f4f\" data-element_type=\"widget\" data-widget_type=\"image.default\">\n\t\t\t\t<div class=\"elementor-widget-container\">\n\t\t\t\t\t\t\t\t<div class=\"elementor-image\">\n\t\t\t\t\t\t\t\t\t\t\t\t<img width=\"1024\" height=\"1024\" src=\"https:\/\/fondation-grenoble-inp.fr\/wp-content\/uploads\/2023\/07\/Juliette-bergman-1024x1024.jpg\" class=\"attachment-large size-large\" alt=\"Juliette Bergman\" loading=\"lazy\" srcset=\"https:\/\/fondation-grenoble-inp.fr\/wp-content\/uploads\/2023\/07\/Juliette-bergman-1024x1024.jpg 1024w, https:\/\/fondation-grenoble-inp.fr\/wp-content\/uploads\/2023\/07\/Juliette-bergman-300x300.jpg 300w, https:\/\/fondation-grenoble-inp.fr\/wp-content\/uploads\/2023\/07\/Juliette-bergman-150x150.jpg 150w, https:\/\/fondation-grenoble-inp.fr\/wp-content\/uploads\/2023\/07\/Juliette-bergman-768x768.jpg 768w, https:\/\/fondation-grenoble-inp.fr\/wp-content\/uploads\/2023\/07\/Juliette-bergman-1536x1536.jpg 1536w, https:\/\/fondation-grenoble-inp.fr\/wp-content\/uploads\/2023\/07\/Juliette-bergman-2048x2048.jpg 2048w, https:\/\/fondation-grenoble-inp.fr\/wp-content\/uploads\/2023\/07\/Juliette-bergman-12x12.jpg 12w\" sizes=\"(max-width: 1024px) 100vw, 1024px\" \/>\t\t\t\t\t\t\t\t\t\t\t\t\t\t<\/div>\n\t\t\t\t\t\t<\/div>\n\t\t\t\t<\/div>\n\t\t\t\t\t\t<\/div>\n\t\t\t\t\t<\/div>\n\t\t<\/div>\n\t\t\t\t\t\t\t\t<\/div>\n\t\t\t\t\t<\/div>\n\t\t<\/section>\n\t\t\t\t<section class=\"elementor-section elementor-top-section elementor-element elementor-element-65ac754 elementor-section-boxed elementor-section-height-default elementor-section-height-default\" data-id=\"65ac754\" data-element_type=\"section\">\n\t\t\t\t\t\t<div class=\"elementor-container elementor-column-gap-default\">\n\t\t\t\t\t\t\t<div class=\"elementor-row\">\n\t\t\t\t\t<div class=\"elementor-column elementor-col-100 elementor-top-column elementor-element elementor-element-d577454\" data-id=\"d577454\" data-element_type=\"column\">\n\t\t\t<div class=\"elementor-column-wrap elementor-element-populated\">\n\t\t\t\t\t\t\t<div class=\"elementor-widget-wrap\">\n\t\t\t\t\t\t<div class=\"elementor-element elementor-element-9d295fb elementor-widget elementor-widget-text-editor\" data-id=\"9d295fb\" data-element_type=\"widget\" data-widget_type=\"text-editor.default\">\n\t\t\t\t<div class=\"elementor-widget-container\">\n\t\t\t\t\t\t\t\t<div class=\"elementor-text-editor elementor-clearfix\">\n\t\t\t\t<p><em>\u00ab\u00a0Je suis vraiment fi\u00e8re et heureuse du soutien renouvel\u00e9 de la Fondation Grenoble INP ! La Fondation m&rsquo;aide \u00e0 financer ma saison de comp\u00e9tition et d&rsquo;investir dans du mat\u00e9riel plus performant. La saison derni\u00e8re, j&rsquo;ai pu participer \u00e0 des comp\u00e9titions hors circuit \u00e0 Glasgow et \u00e0 Saas-fee. C&rsquo;est un excellent moyen de d\u00e9couvrir les structures et de r\u00e9aliser une bonne pr\u00e9paration aux situations de comp\u00e9titions en coupe du monde. La Fondation m&rsquo;apporte aussi un soutien moral indispensable, car c&rsquo;est vraiment motivant de savoir que l&rsquo;on croit en nous ! Cela permet aussi des moments d&rsquo;\u00e9changes d\u2019exp\u00e9riences tr\u00e8s enrichissants, tant sur le plan universitaire que sportif.\u00a0\u00bb<\/em><\/p>\t\t\t\t\t<\/div>\n\t\t\t\t\t\t<\/div>\n\t\t\t\t<\/div>\n\t\t\t\t\t\t<\/div>\n\t\t\t\t\t<\/div>\n\t\t<\/div>\n\t\t\t\t\t\t\t\t<\/div>\n\t\t\t\t\t<\/div>\n\t\t<\/section>\n\t\t\t\t<section class=\"elementor-section elementor-top-section elementor-element elementor-element-1149973 elementor-section-boxed elementor-section-height-default elementor-section-height-default\" data-id=\"1149973\" data-element_type=\"section\">\n\t\t\t\t\t\t<div class=\"elementor-container elementor-column-gap-default\">\n\t\t\t\t\t\t\t<div class=\"elementor-row\">\n\t\t\t\t\t<div class=\"elementor-column elementor-col-100 elementor-top-column elementor-element elementor-element-3d75d6a\" data-id=\"3d75d6a\" data-element_type=\"column\">\n\t\t\t<div class=\"elementor-column-wrap elementor-element-populated\">\n\t\t\t\t\t\t\t<div class=\"elementor-widget-wrap\">\n\t\t\t\t\t\t<div class=\"elementor-element elementor-element-42029e0 elementor-widget elementor-widget-text-editor\" data-id=\"42029e0\" data-element_type=\"widget\" data-widget_type=\"text-editor.default\">\n\t\t\t\t<div class=\"elementor-widget-container\">\n\t\t\t\t\t\t\t\t<div class=\"elementor-text-editor elementor-clearfix\">\n\t\t\t\t<h2>Paul Stalder (Biathlon)<\/h2>\t\t\t\t\t<\/div>\n\t\t\t\t\t\t<\/div>\n\t\t\t\t<\/div>\n\t\t\t\t<div class=\"elementor-element elementor-element-02610d3 elementor-widget elementor-widget-text-editor\" data-id=\"02610d3\" data-element_type=\"widget\" data-widget_type=\"text-editor.default\">\n\t\t\t\t<div class=\"elementor-widget-container\">\n\t\t\t\t\t\t\t\t<div class=\"elementor-text-editor elementor-clearfix\">\n\t\t\t\t<p><span id=\"p36\">\u00c9tudiant en deuxi\u00e8me ann\u00e9e \u00e0 <strong><a href=\"https:\/\/www.la-prepa-des-inp.fr\/\" target=\"_blank\" rel=\"noopener\">La pr\u00e9pa des INP<\/a><\/strong>, Paul a commenc\u00e9 le ski de fond \u00e0 l&rsquo;\u00e2ge de 8 ans. Il a int\u00e9gr\u00e9 une section sportive am\u00e9nag\u00e9e d\u00e8s la 6e, avant d&rsquo;arriver sur le circuit national en 2017 et de rejoindre le Centre Interr\u00e9gional d&rsquo;Excellence du Comit\u00e9 Lyonnais en 2018.<\/span><\/p>\t\t\t\t\t<\/div>\n\t\t\t\t\t\t<\/div>\n\t\t\t\t<\/div>\n\t\t\t\t\t\t<\/div>\n\t\t\t\t\t<\/div>\n\t\t<\/div>\n\t\t\t\t\t\t\t\t<\/div>\n\t\t\t\t\t<\/div>\n\t\t<\/section>\n\t\t\t\t<section class=\"elementor-section elementor-top-section elementor-element elementor-element-0625320 elementor-section-boxed elementor-section-height-default elementor-section-height-default\" data-id=\"0625320\" data-element_type=\"section\">\n\t\t\t\t\t\t<div class=\"elementor-container elementor-column-gap-default\">\n\t\t\t\t\t\t\t<div class=\"elementor-row\">\n\t\t\t\t\t<div class=\"elementor-column elementor-col-33 elementor-top-column elementor-element elementor-element-f0fac71\" data-id=\"f0fac71\" data-element_type=\"column\">\n\t\t\t<div class=\"elementor-column-wrap elementor-element-populated\">\n\t\t\t\t\t\t\t<div class=\"elementor-widget-wrap\">\n\t\t\t\t\t\t<div class=\"elementor-element elementor-element-e75d1b2 dce_masking-none elementor-widget elementor-widget-image\" data-id=\"e75d1b2\" data-element_type=\"widget\" data-widget_type=\"image.default\">\n\t\t\t\t<div class=\"elementor-widget-container\">\n\t\t\t\t\t\t\t\t<div class=\"elementor-image\">\n\t\t\t\t\t\t\t\t\t\t\t\t<img width=\"1024\" height=\"1024\" src=\"https:\/\/fondation-grenoble-inp.fr\/wp-content\/uploads\/2023\/07\/Paul-Stalder-9-1024x1024.png\" class=\"attachment-large size-large\" alt=\"Paul Stalder\" loading=\"lazy\" srcset=\"https:\/\/fondation-grenoble-inp.fr\/wp-content\/uploads\/2023\/07\/Paul-Stalder-9-1024x1024.png 1024w, https:\/\/fondation-grenoble-inp.fr\/wp-content\/uploads\/2023\/07\/Paul-Stalder-9-300x300.png 300w, https:\/\/fondation-grenoble-inp.fr\/wp-content\/uploads\/2023\/07\/Paul-Stalder-9-150x150.png 150w, https:\/\/fondation-grenoble-inp.fr\/wp-content\/uploads\/2023\/07\/Paul-Stalder-9-768x768.png 768w, https:\/\/fondation-grenoble-inp.fr\/wp-content\/uploads\/2023\/07\/Paul-Stalder-9-1536x1536.png 1536w, https:\/\/fondation-grenoble-inp.fr\/wp-content\/uploads\/2023\/07\/Paul-Stalder-9-2048x2048.png 2048w, https:\/\/fondation-grenoble-inp.fr\/wp-content\/uploads\/2023\/07\/Paul-Stalder-9-12x12.png 12w\" sizes=\"(max-width: 1024px) 100vw, 1024px\" \/>\t\t\t\t\t\t\t\t\t\t\t\t\t\t<\/div>\n\t\t\t\t\t\t<\/div>\n\t\t\t\t<\/div>\n\t\t\t\t\t\t<\/div>\n\t\t\t\t\t<\/div>\n\t\t<\/div>\n\t\t\t\t<div class=\"elementor-column elementor-col-66 elementor-top-column elementor-element elementor-element-9e562d9\" data-id=\"9e562d9\" data-element_type=\"column\">\n\t\t\t<div class=\"elementor-column-wrap elementor-element-populated\">\n\t\t\t\t\t\t\t<div class=\"elementor-widget-wrap\">\n\t\t\t\t\t\t<div class=\"elementor-element elementor-element-e8ad070 elementor-widget elementor-widget-text-editor\" data-id=\"e8ad070\" data-element_type=\"widget\" data-widget_type=\"text-editor.default\">\n\t\t\t\t<div class=\"elementor-widget-container\">\n\t\t\t\t\t\t\t\t<div class=\"elementor-text-editor elementor-clearfix\">\n\t\t\t\t<p><strong>Ses r\u00e9sultats :<\/strong><\/p><ul><li>2\u1d49 U22 (Individuel 12.5 km) de la Swiss-cup<\/li><li>4\u1d49 U22 (Sprint 10 km) de la Swiss-cup<\/li><li>4\u1d49 U22 (Mass-Start 12.5 km) des Championnats de Suisse<\/li><li>4\u1d49 U22 (Single Mixte Relay) des Championnats de Suisse<\/li><\/ul>\t\t\t\t\t<\/div>\n\t\t\t\t\t\t<\/div>\n\t\t\t\t<\/div>\n\t\t\t\t\t\t<\/div>\n\t\t\t\t\t<\/div>\n\t\t<\/div>\n\t\t\t\t\t\t\t\t<\/div>\n\t\t\t\t\t<\/div>\n\t\t<\/section>\n\t\t\t\t<section class=\"elementor-section elementor-top-section elementor-element elementor-element-f007abc elementor-section-boxed elementor-section-height-default elementor-section-height-default\" data-id=\"f007abc\" data-element_type=\"section\">\n\t\t\t\t\t\t<div class=\"elementor-container elementor-column-gap-default\">\n\t\t\t\t\t\t\t<div class=\"elementor-row\">\n\t\t\t\t\t<div class=\"elementor-column elementor-col-100 elementor-top-column elementor-element elementor-element-42d478d\" data-id=\"42d478d\" data-element_type=\"column\">\n\t\t\t<div class=\"elementor-column-wrap elementor-element-populated\">\n\t\t\t\t\t\t\t<div class=\"elementor-widget-wrap\">\n\t\t\t\t\t\t<div class=\"elementor-element elementor-element-912da30 elementor-widget elementor-widget-text-editor\" data-id=\"912da30\" data-element_type=\"widget\" data-widget_type=\"text-editor.default\">\n\t\t\t\t<div class=\"elementor-widget-container\">\n\t\t\t\t\t\t\t\t<div class=\"elementor-text-editor elementor-clearfix\">\n\t\t\t\t<p><em>\u00ab\u00a0Arriver \u00e0 concilier \u00e9tudes d\u2019ing\u00e9nieur et sport de haut niveau n\u2019est pas t\u00e2che facile, mais c\u2019est un challenge qui me pla\u00eet. J\u2019ai tir\u00e9 beaucoup d\u2019enseignements de cette saison binationale. Je me suis rendu compte que le travail que je fournis depuis des ann\u00e9es commence \u00e0 porter ses fruits. Apr\u00e8s cette saison enrichissante, l&rsquo;objectif majeur qui va guider ma pr\u00e9paration estivale est une s\u00e9lection en Coupe du Monde Junior d\u00e8s l\u2019ann\u00e9e prochaine. C\u2019est un plaisir d\u2019\u00eatre accompagn\u00e9 par la Fondation Grenoble &#8211; INP dans mon double projet d\u2019excellence. Outre le soutien financier qui permet de financer une partie de la saison, cela permet de nouer des liens avec une multitude de sportifs et de partager nos exp\u00e9riences. Se sentir soutenu par des sponsors fid\u00e8les est une source de motivation suppl\u00e9mentaire ind\u00e9niable pour un sportif.\u00a0\u00bb<\/em><\/p>\t\t\t\t\t<\/div>\n\t\t\t\t\t\t<\/div>\n\t\t\t\t<\/div>\n\t\t\t\t\t\t<\/div>\n\t\t\t\t\t<\/div>\n\t\t<\/div>\n\t\t\t\t\t\t\t\t<\/div>\n\t\t\t\t\t<\/div>\n\t\t<\/section>\n\t\t\t\t<section class=\"elementor-section elementor-top-section elementor-element elementor-element-39324a3 elementor-section-boxed elementor-section-height-default elementor-section-height-default\" data-id=\"39324a3\" data-element_type=\"section\">\n\t\t\t\t\t\t<div class=\"elementor-container elementor-column-gap-default\">\n\t\t\t\t\t\t\t<div class=\"elementor-row\">\n\t\t\t\t\t<div class=\"elementor-column elementor-col-100 elementor-top-column elementor-element elementor-element-b312957\" data-id=\"b312957\" data-element_type=\"column\">\n\t\t\t<div class=\"elementor-column-wrap elementor-element-populated\">\n\t\t\t\t\t\t\t<div class=\"elementor-widget-wrap\">\n\t\t\t\t\t\t<div class=\"elementor-element elementor-element-6f12fdf elementor-widget elementor-widget-spacer\" data-id=\"6f12fdf\" data-element_type=\"widget\" data-widget_type=\"spacer.default\">\n\t\t\t\t<div class=\"elementor-widget-container\">\n\t\t\t\t\t<div class=\"elementor-spacer\">\n\t\t\t<div class=\"elementor-spacer-inner\"><\/div>\n\t\t<\/div>\n\t\t\t\t<\/div>\n\t\t\t\t<\/div>\n\t\t\t\t<div class=\"elementor-element elementor-element-bb40668 elementor-widget elementor-widget-text-editor\" data-id=\"bb40668\" data-element_type=\"widget\" data-widget_type=\"text-editor.default\">\n\t\t\t\t<div class=\"elementor-widget-container\">\n\t\t\t\t\t\t\t\t<div class=\"elementor-text-editor elementor-clearfix\">\n\t\t\t\t<p>La Fondation Grenoble INP est tr\u00e8s fi\u00e8re d\u2019apporter son soutien \u00e0 ces jeunes sportifs pleins de talent et d&rsquo;ambition. Nous les f\u00e9licitons pour cette belle saison et nous leur souhaitons le meilleur pour la suite.<\/p><p>Pour en savoir plus sur la bourse d&rsquo;excellence,<strong> <a href=\"https:\/\/fondation-grenoble-inp.fr\/en\/bourses-dexcellence\/\" target=\"_blank\" rel=\"noopener\">rendez vous ici<\/a><\/strong>.<\/p>\t\t\t\t\t<\/div>\n\t\t\t\t\t\t<\/div>\n\t\t\t\t<\/div>\n\t\t\t\t\t\t<\/div>\n\t\t\t\t\t<\/div>\n\t\t<\/div>\n\t\t\t\t\t\t\t\t<\/div>\n\t\t\t\t\t<\/div>\n\t\t<\/section>\n\t\t\t\t\t\t<\/div>\n\t\t\t\t\t\t<\/div>\n\t\t\t\t\t<\/div>","protected":false},"excerpt":{"rendered":"<p>En cette p\u00e9riode estivale o\u00f9 les temp\u00e9ratures grimpent en fl\u00e8che, nous vous proposons de prendre une bouff\u00e9e d&rsquo;air frais avec le bilan hivernal 2022-2023 de ces 8 sportifs de haut niveau. <\/p>","protected":false},"author":7,"featured_media":16123,"comment_status":"closed","ping_status":"open","sticky":false,"template":"","format":"standard","meta":[],"categories":[477],"tags":[],"acf":[],"yoast_head":"<!-- This site is optimized with the Yoast SEO plugin v18.0 - https:\/\/yoast.com\/wordpress\/plugins\/seo\/ -->\n<title>Bilan hivernal 2022-2023 des sportifs de haut niveau soutenus par la Fondation - Fondation Grenoble INP<\/title>\n<meta name=\"description\" content=\"En cette p\u00e9riode estivale o\u00f9 les temp\u00e9ratures grimpent en fl\u00e8che, nous vous proposons de prendre une bouff\u00e9e d&#039;air frais avec le bilan hivernal 2022-2023 de ces 8 sportifs de haut niveau.\" \/>\n<meta name=\"robots\" content=\"index, follow, max-snippet:-1, max-image-preview:large, max-video-preview:-1\" \/>\n<link rel=\"canonical\" href=\"https:\/\/fondation-grenoble-inp.fr\/en\/bilan-hivernal-2022-2023-des-sportifs-de-haut-niveau-soutenus-par-la-fondation\/\" \/>\n<meta property=\"og:locale\" content=\"en_US\" \/>\n<meta property=\"og:type\" content=\"article\" \/>\n<meta property=\"og:title\" content=\"Bilan hivernal 2022-2023 des sportifs de haut niveau soutenus par la Fondation - Fondation Grenoble INP\" \/>\n<meta property=\"og:description\" content=\"En cette p\u00e9riode estivale o\u00f9 les temp\u00e9ratures grimpent en fl\u00e8che, nous vous proposons de prendre une bouff\u00e9e d&#039;air frais avec le bilan hivernal 2022-2023 de ces 8 sportifs de haut niveau.\" \/>\n<meta property=\"og:url\" content=\"https:\/\/fondation-grenoble-inp.fr\/en\/bilan-hivernal-2022-2023-des-sportifs-de-haut-niveau-soutenus-par-la-fondation\/\" \/>\n<meta property=\"og:site_name\" content=\"Fondation Grenoble INP\" \/>\n<meta property=\"article:published_time\" content=\"2023-07-19T14:03:19+00:00\" \/>\n<meta property=\"article:modified_time\" content=\"2023-09-15T09:00:44+00:00\" \/>\n<meta property=\"og:image\" content=\"https:\/\/fondation-grenoble-inp.fr\/wp-content\/uploads\/2023\/07\/Hanna-Fine-insta-1-1024x1024.png\" \/>\n\t<meta property=\"og:image:width\" content=\"1024\" \/>\n\t<meta property=\"og:image:height\" content=\"1024\" \/>\n\t<meta property=\"og:image:type\" content=\"image\/png\" \/>\n<meta name=\"twitter:card\" content=\"summary_large_image\" \/>\n<meta name=\"twitter:label1\" content=\"Written by\" \/>\n\t<meta name=\"twitter:data1\" content=\"Marie Dubreuil\" \/>\n\t<meta name=\"twitter:label2\" content=\"Est. reading time\" \/>\n\t<meta name=\"twitter:data2\" content=\"11 minutes\" \/>\n<script type=\"application\/ld+json\" class=\"yoast-schema-graph\">{\"@context\":\"https:\/\/schema.org\",\"@graph\":[{\"@type\":\"Organization\",\"@id\":\"https:\/\/fondation-grenoble-inp.fr\/#organization\",\"name\":\"Fondation INP Grenoble\",\"url\":\"https:\/\/fondation-grenoble-inp.fr\/\",\"sameAs\":[],\"logo\":{\"@type\":\"ImageObject\",\"@id\":\"https:\/\/fondation-grenoble-inp.fr\/#logo\",\"inLanguage\":\"en-US\",\"url\":\"https:\/\/fondation-grenoble-inp.fr\/wp-content\/uploads\/2021\/03\/cropped-favicon-fondation-inp-grenoble.png\",\"contentUrl\":\"https:\/\/fondation-grenoble-inp.fr\/wp-content\/uploads\/2021\/03\/cropped-favicon-fondation-inp-grenoble.png\",\"width\":512,\"height\":512,\"caption\":\"Fondation INP Grenoble\"},\"image\":{\"@id\":\"https:\/\/fondation-grenoble-inp.fr\/#logo\"}},{\"@type\":\"WebSite\",\"@id\":\"https:\/\/fondation-grenoble-inp.fr\/#website\",\"url\":\"https:\/\/fondation-grenoble-inp.fr\/\",\"name\":\"Fondation Grenoble INP\",\"description\":\"#OsezlAvenir\",\"publisher\":{\"@id\":\"https:\/\/fondation-grenoble-inp.fr\/#organization\"},\"potentialAction\":[{\"@type\":\"SearchAction\",\"target\":{\"@type\":\"EntryPoint\",\"urlTemplate\":\"https:\/\/fondation-grenoble-inp.fr\/?s={search_term_string}\"},\"query-input\":\"required name=search_term_string\"}],\"inLanguage\":\"en-US\"},{\"@type\":\"ImageObject\",\"@id\":\"https:\/\/fondation-grenoble-inp.fr\/bilan-hivernal-2022-2023-des-sportifs-de-haut-niveau-soutenus-par-la-fondation\/#primaryimage\",\"inLanguage\":\"en-US\",\"url\":\"https:\/\/fondation-grenoble-inp.fr\/wp-content\/uploads\/2023\/07\/Hanna-Fine-insta-1.png\",\"contentUrl\":\"https:\/\/fondation-grenoble-inp.fr\/wp-content\/uploads\/2023\/07\/Hanna-Fine-insta-1.png\",\"width\":\"2470\",\"height\":\"2471\",\"caption\":\"Bilan SHN Hiver 2022-2023\"},{\"@type\":\"WebPage\",\"@id\":\"https:\/\/fondation-grenoble-inp.fr\/bilan-hivernal-2022-2023-des-sportifs-de-haut-niveau-soutenus-par-la-fondation\/#webpage\",\"url\":\"https:\/\/fondation-grenoble-inp.fr\/bilan-hivernal-2022-2023-des-sportifs-de-haut-niveau-soutenus-par-la-fondation\/\",\"name\":\"Bilan hivernal 2022-2023 des sportifs de haut niveau soutenus par la Fondation - Fondation Grenoble INP\",\"isPartOf\":{\"@id\":\"https:\/\/fondation-grenoble-inp.fr\/#website\"},\"primaryImageOfPage\":{\"@id\":\"https:\/\/fondation-grenoble-inp.fr\/bilan-hivernal-2022-2023-des-sportifs-de-haut-niveau-soutenus-par-la-fondation\/#primaryimage\"},\"datePublished\":\"2023-07-19T14:03:19+00:00\",\"dateModified\":\"2023-09-15T09:00:44+00:00\",\"description\":\"En cette p\u00e9riode estivale o\u00f9 les temp\u00e9ratures grimpent en fl\u00e8che, nous vous proposons de prendre une bouff\u00e9e d'air frais avec le bilan hivernal 2022-2023 de ces 8 sportifs de haut niveau.\",\"breadcrumb\":{\"@id\":\"https:\/\/fondation-grenoble-inp.fr\/bilan-hivernal-2022-2023-des-sportifs-de-haut-niveau-soutenus-par-la-fondation\/#breadcrumb\"},\"inLanguage\":\"en-US\",\"potentialAction\":[{\"@type\":\"ReadAction\",\"target\":[\"https:\/\/fondation-grenoble-inp.fr\/bilan-hivernal-2022-2023-des-sportifs-de-haut-niveau-soutenus-par-la-fondation\/\"]}]},{\"@type\":\"BreadcrumbList\",\"@id\":\"https:\/\/fondation-grenoble-inp.fr\/bilan-hivernal-2022-2023-des-sportifs-de-haut-niveau-soutenus-par-la-fondation\/#breadcrumb\",\"itemListElement\":[{\"@type\":\"ListItem\",\"position\":1,\"name\":\"Accueil\",\"item\":\"https:\/\/fondation-grenoble-inp.fr\/\"},{\"@type\":\"ListItem\",\"position\":2,\"name\":\"Bilan hivernal 2022-2023 des sportifs de haut niveau soutenus par la Fondation\"}]},{\"@type\":\"Article\",\"@id\":\"https:\/\/fondation-grenoble-inp.fr\/bilan-hivernal-2022-2023-des-sportifs-de-haut-niveau-soutenus-par-la-fondation\/#article\",\"isPartOf\":{\"@id\":\"https:\/\/fondation-grenoble-inp.fr\/bilan-hivernal-2022-2023-des-sportifs-de-haut-niveau-soutenus-par-la-fondation\/#webpage\"},\"author\":{\"@id\":\"https:\/\/fondation-grenoble-inp.fr\/#\/schema\/person\/7c36548ebaddf05ba7a055d161ebff94\"},\"headline\":\"Bilan hivernal 2022-2023 des sportifs de haut niveau soutenus par la Fondation\",\"datePublished\":\"2023-07-19T14:03:19+00:00\",\"dateModified\":\"2023-09-15T09:00:44+00:00\",\"mainEntityOfPage\":{\"@id\":\"https:\/\/fondation-grenoble-inp.fr\/bilan-hivernal-2022-2023-des-sportifs-de-haut-niveau-soutenus-par-la-fondation\/#webpage\"},\"wordCount\":1894,\"publisher\":{\"@id\":\"https:\/\/fondation-grenoble-inp.fr\/#organization\"},\"image\":{\"@id\":\"https:\/\/fondation-grenoble-inp.fr\/bilan-hivernal-2022-2023-des-sportifs-de-haut-niveau-soutenus-par-la-fondation\/#primaryimage\"},\"thumbnailUrl\":\"https:\/\/fondation-grenoble-inp.fr\/wp-content\/uploads\/2023\/07\/Hanna-Fine-insta-1.png\",\"articleSection\":[\"Les Bourses\"],\"inLanguage\":\"en-US\"},{\"@type\":\"Person\",\"@id\":\"https:\/\/fondation-grenoble-inp.fr\/#\/schema\/person\/7c36548ebaddf05ba7a055d161ebff94\",\"name\":\"Marie Dubreuil\",\"image\":{\"@type\":\"ImageObject\",\"@id\":\"https:\/\/fondation-grenoble-inp.fr\/#personlogo\",\"inLanguage\":\"en-US\",\"url\":\"https:\/\/secure.gravatar.com\/avatar\/358eb0ab274d9479ce7c23b8a3f0a360?s=96&d=mm&r=g\",\"contentUrl\":\"https:\/\/secure.gravatar.com\/avatar\/358eb0ab274d9479ce7c23b8a3f0a360?s=96&d=mm&r=g\",\"caption\":\"Marie Dubreuil\"}}]}<\/script>\n<!-- \/ Yoast SEO plugin. -->","yoast_head_json":{"title":"Bilan hivernal 2022-2023 des sportifs de haut niveau soutenus par la Fondation - Fondation Grenoble INP","description":"En cette p\u00e9riode estivale o\u00f9 les temp\u00e9ratures grimpent en fl\u00e8che, nous vous proposons de prendre une bouff\u00e9e d'air frais avec le bilan hivernal 2022-2023 de ces 8 sportifs de haut niveau.","robots":{"index":"index","follow":"follow","max-snippet":"max-snippet:-1","max-image-preview":"max-image-preview:large","max-video-preview":"max-video-preview:-1"},"canonical":"https:\/\/fondation-grenoble-inp.fr\/en\/bilan-hivernal-2022-2023-des-sportifs-de-haut-niveau-soutenus-par-la-fondation\/","og_locale":"en_US","og_type":"article","og_title":"Bilan hivernal 2022-2023 des sportifs de haut niveau soutenus par la Fondation - Fondation Grenoble INP","og_description":"En cette p\u00e9riode estivale o\u00f9 les temp\u00e9ratures grimpent en fl\u00e8che, nous vous proposons de prendre une bouff\u00e9e d'air frais avec le bilan hivernal 2022-2023 de ces 8 sportifs de haut niveau.","og_url":"https:\/\/fondation-grenoble-inp.fr\/en\/bilan-hivernal-2022-2023-des-sportifs-de-haut-niveau-soutenus-par-la-fondation\/","og_site_name":"Fondation Grenoble INP","article_published_time":"2023-07-19T14:03:19+00:00","article_modified_time":"2023-09-15T09:00:44+00:00","og_image":[{"width":"1024","height":"1024","url":"https:\/\/fondation-grenoble-inp.fr\/wp-content\/uploads\/2023\/07\/Hanna-Fine-insta-1-1024x1024.png","type":"image\/png"}],"twitter_card":"summary_large_image","twitter_misc":{"Written by":"Marie Dubreuil","Est. reading time":"11 minutes"},"schema":{"@context":"https:\/\/schema.org","@graph":[{"@type":"Organization","@id":"https:\/\/fondation-grenoble-inp.fr\/#organization","name":"Fondation INP Grenoble","url":"https:\/\/fondation-grenoble-inp.fr\/","sameAs":[],"logo":{"@type":"ImageObject","@id":"https:\/\/fondation-grenoble-inp.fr\/#logo","inLanguage":"en-US","url":"https:\/\/fondation-grenoble-inp.fr\/wp-content\/uploads\/2021\/03\/cropped-favicon-fondation-inp-grenoble.png","contentUrl":"https:\/\/fondation-grenoble-inp.fr\/wp-content\/uploads\/2021\/03\/cropped-favicon-fondation-inp-grenoble.png","width":512,"height":512,"caption":"Fondation INP Grenoble"},"image":{"@id":"https:\/\/fondation-grenoble-inp.fr\/#logo"}},{"@type":"WebSite","@id":"https:\/\/fondation-grenoble-inp.fr\/#website","url":"https:\/\/fondation-grenoble-inp.fr\/","name":"Fondation Grenoble INP","description":"#OsezlAvenir","publisher":{"@id":"https:\/\/fondation-grenoble-inp.fr\/#organization"},"potentialAction":[{"@type":"SearchAction","target":{"@type":"EntryPoint","urlTemplate":"https:\/\/fondation-grenoble-inp.fr\/?s={search_term_string}"},"query-input":"required name=search_term_string"}],"inLanguage":"en-US"},{"@type":"ImageObject","@id":"https:\/\/fondation-grenoble-inp.fr\/bilan-hivernal-2022-2023-des-sportifs-de-haut-niveau-soutenus-par-la-fondation\/#primaryimage","inLanguage":"en-US","url":"https:\/\/fondation-grenoble-inp.fr\/wp-content\/uploads\/2023\/07\/Hanna-Fine-insta-1.png","contentUrl":"https:\/\/fondation-grenoble-inp.fr\/wp-content\/uploads\/2023\/07\/Hanna-Fine-insta-1.png","width":"2470","height":"2471","caption":"Bilan SHN Hiver 2022-2023"},{"@type":"WebPage","@id":"https:\/\/fondation-grenoble-inp.fr\/bilan-hivernal-2022-2023-des-sportifs-de-haut-niveau-soutenus-par-la-fondation\/#webpage","url":"https:\/\/fondation-grenoble-inp.fr\/bilan-hivernal-2022-2023-des-sportifs-de-haut-niveau-soutenus-par-la-fondation\/","name":"Bilan hivernal 2022-2023 des sportifs de haut niveau soutenus par la Fondation - Fondation Grenoble INP","isPartOf":{"@id":"https:\/\/fondation-grenoble-inp.fr\/#website"},"primaryImageOfPage":{"@id":"https:\/\/fondation-grenoble-inp.fr\/bilan-hivernal-2022-2023-des-sportifs-de-haut-niveau-soutenus-par-la-fondation\/#primaryimage"},"datePublished":"2023-07-19T14:03:19+00:00","dateModified":"2023-09-15T09:00:44+00:00","description":"En cette p\u00e9riode estivale o\u00f9 les temp\u00e9ratures grimpent en fl\u00e8che, nous vous proposons de prendre une bouff\u00e9e d'air frais avec le bilan hivernal 2022-2023 de ces 8 sportifs de haut niveau.","breadcrumb":{"@id":"https:\/\/fondation-grenoble-inp.fr\/bilan-hivernal-2022-2023-des-sportifs-de-haut-niveau-soutenus-par-la-fondation\/#breadcrumb"},"inLanguage":"en-US","potentialAction":[{"@type":"ReadAction","target":["https:\/\/fondation-grenoble-inp.fr\/bilan-hivernal-2022-2023-des-sportifs-de-haut-niveau-soutenus-par-la-fondation\/"]}]},{"@type":"BreadcrumbList","@id":"https:\/\/fondation-grenoble-inp.fr\/bilan-hivernal-2022-2023-des-sportifs-de-haut-niveau-soutenus-par-la-fondation\/#breadcrumb","itemListElement":[{"@type":"ListItem","position":1,"name":"Accueil","item":"https:\/\/fondation-grenoble-inp.fr\/"},{"@type":"ListItem","position":2,"name":"Bilan hivernal 2022-2023 des sportifs de haut niveau soutenus par la Fondation"}]},{"@type":"Article","@id":"https:\/\/fondation-grenoble-inp.fr\/bilan-hivernal-2022-2023-des-sportifs-de-haut-niveau-soutenus-par-la-fondation\/#article","isPartOf":{"@id":"https:\/\/fondation-grenoble-inp.fr\/bilan-hivernal-2022-2023-des-sportifs-de-haut-niveau-soutenus-par-la-fondation\/#webpage"},"author":{"@id":"https:\/\/fondation-grenoble-inp.fr\/#\/schema\/person\/7c36548ebaddf05ba7a055d161ebff94"},"headline":"Bilan hivernal 2022-2023 des sportifs de haut niveau soutenus par la Fondation","datePublished":"2023-07-19T14:03:19+00:00","dateModified":"2023-09-15T09:00:44+00:00","mainEntityOfPage":{"@id":"https:\/\/fondation-grenoble-inp.fr\/bilan-hivernal-2022-2023-des-sportifs-de-haut-niveau-soutenus-par-la-fondation\/#webpage"},"wordCount":1894,"publisher":{"@id":"https:\/\/fondation-grenoble-inp.fr\/#organization"},"image":{"@id":"https:\/\/fondation-grenoble-inp.fr\/bilan-hivernal-2022-2023-des-sportifs-de-haut-niveau-soutenus-par-la-fondation\/#primaryimage"},"thumbnailUrl":"https:\/\/fondation-grenoble-inp.fr\/wp-content\/uploads\/2023\/07\/Hanna-Fine-insta-1.png","articleSection":["Les Bourses"],"inLanguage":"en-US"},{"@type":"Person","@id":"https:\/\/fondation-grenoble-inp.fr\/#\/schema\/person\/7c36548ebaddf05ba7a055d161ebff94","name":"Marie Dubreuil","image":{"@type":"ImageObject","@id":"https:\/\/fondation-grenoble-inp.fr\/#personlogo","inLanguage":"en-US","url":"https:\/\/secure.gravatar.com\/avatar\/358eb0ab274d9479ce7c23b8a3f0a360?s=96&d=mm&r=g","contentUrl":"https:\/\/secure.gravatar.com\/avatar\/358eb0ab274d9479ce7c23b8a3f0a360?s=96&d=mm&r=g","caption":"Marie Dubreuil"}}]}},"_links":{"self":[{"href":"https:\/\/fondation-grenoble-inp.fr\/en\/wp-json\/wp\/v2\/posts\/16121"}],"collection":[{"href":"https:\/\/fondation-grenoble-inp.fr\/en\/wp-json\/wp\/v2\/posts"}],"about":[{"href":"https:\/\/fondation-grenoble-inp.fr\/en\/wp-json\/wp\/v2\/types\/post"}],"author":[{"embeddable":true,"href":"https:\/\/fondation-grenoble-inp.fr\/en\/wp-json\/wp\/v2\/users\/7"}],"replies":[{"embeddable":true,"href":"https:\/\/fondation-grenoble-inp.fr\/en\/wp-json\/wp\/v2\/comments?post=16121"}],"version-history":[{"count":55,"href":"https:\/\/fondation-grenoble-inp.fr\/en\/wp-json\/wp\/v2\/posts\/16121\/revisions"}],"predecessor-version":[{"id":16382,"href":"https:\/\/fondation-grenoble-inp.fr\/en\/wp-json\/wp\/v2\/posts\/16121\/revisions\/16382"}],"wp:featuredmedia":[{"embeddable":true,"href":"https:\/\/fondation-grenoble-inp.fr\/en\/wp-json\/wp\/v2\/media\/16123"}],"wp:attachment":[{"href":"https:\/\/fondation-grenoble-inp.fr\/en\/wp-json\/wp\/v2\/media?parent=16121"}],"wp:term":[{"taxonomy":"category","embeddable":true,"href":"https:\/\/fondation-grenoble-inp.fr\/en\/wp-json\/wp\/v2\/categories?post=16121"},{"taxonomy":"post_tag","embeddable":true,"href":"https:\/\/fondation-grenoble-inp.fr\/en\/wp-json\/wp\/v2\/tags?post=16121"}],"curies":[{"name":"wp","href":"https:\/\/api.w.org\/{rel}","templated":true}]}}