{"id":16513,"date":"2023-10-06T14:17:57","date_gmt":"2023-10-06T12:17:57","guid":{"rendered":"https:\/\/fondation-grenoble-inp.fr\/?p=16513"},"modified":"2023-10-23T13:07:01","modified_gmt":"2023-10-23T11:07:01","slug":"bilan-estival-2023-des-sportifs-de-haut-niveau-soutenus-par-la-fondation","status":"publish","type":"post","link":"https:\/\/fondation-grenoble-inp.fr\/en\/bilan-estival-2023-des-sportifs-de-haut-niveau-soutenus-par-la-fondation\/","title":{"rendered":"Bilan estival 2023 des sportifs de haut niveau soutenus par la Fondation"},"content":{"rendered":"<div data-elementor-type=\"wp-post\" data-elementor-id=\"16513\" data-post-id=\"16513\" data-obj-id=\"16513\" class=\"elementor elementor-16513 dce-elementor-post-16513\" data-elementor-settings=\"[]\">\n\t\t\t\t\t\t<div class=\"elementor-inner\">\n\t\t\t\t\t\t\t<div class=\"elementor-section-wrap\">\n\t\t\t\t\t\t\t<section class=\"elementor-section elementor-top-section elementor-element elementor-element-67722f2 elementor-section-boxed elementor-section-height-default elementor-section-height-default\" data-id=\"67722f2\" data-element_type=\"section\">\n\t\t\t\t\t\t<div class=\"elementor-container elementor-column-gap-default\">\n\t\t\t\t\t\t\t<div class=\"elementor-row\">\n\t\t\t\t\t<div class=\"elementor-column elementor-col-100 elementor-top-column elementor-element elementor-element-0d39d5d\" data-id=\"0d39d5d\" data-element_type=\"column\">\n\t\t\t<div class=\"elementor-column-wrap elementor-element-populated\">\n\t\t\t\t\t\t\t<div class=\"elementor-widget-wrap\">\n\t\t\t\t\t\t<div class=\"elementor-element elementor-element-b1581c1 elementor-widget elementor-widget-text-editor\" data-id=\"b1581c1\" data-element_type=\"widget\" data-widget_type=\"text-editor.default\">\n\t\t\t\t<div class=\"elementor-widget-container\">\n\t\t\t\t\t\t\t\t<div class=\"elementor-text-editor elementor-clearfix\">\n\t\t\t\t<p><strong>Gr\u00e2ce aux <a href=\"https:\/\/fondation-grenoble-inp.fr\/en\/bourses-dexcellence\/\" target=\"_blank\" rel=\"noopener\">bourses d\u2019excellence<\/a>, la Fondation Grenoble INP apporte son soutien aux \u00e9tudiants de <a href=\"https:\/\/www.grenoble-inp.fr\/\" target=\"_blank\" rel=\"noopener\">Grenoble INP \u2013 UGA<\/a> pour leur permettre de combiner au mieux sport de haut niveau et \u00e9tudes sup\u00e9rieures. Ce bilan estival 2023 des sportifs soutenus montre que malgr\u00e9 une saison marqu\u00e9e par des temp\u00e9ratures \u00e9lev\u00e9es, ils ont r\u00e9alis\u00e9 des performances remarquables, illustrant leur d\u00e9termination et leur talent.\u00a0<\/strong><\/p>\t\t\t\t\t<\/div>\n\t\t\t\t\t\t<\/div>\n\t\t\t\t<\/div>\n\t\t\t\t\t\t<\/div>\n\t\t\t\t\t<\/div>\n\t\t<\/div>\n\t\t\t\t\t\t\t\t<\/div>\n\t\t\t\t\t<\/div>\n\t\t<\/section>\n\t\t\t\t<section class=\"elementor-section elementor-top-section elementor-element elementor-element-619a646 elementor-section-boxed elementor-section-height-default elementor-section-height-default\" data-id=\"619a646\" data-element_type=\"section\">\n\t\t\t\t\t\t<div class=\"elementor-container elementor-column-gap-default\">\n\t\t\t\t\t\t\t<div class=\"elementor-row\">\n\t\t\t\t\t<div class=\"elementor-column elementor-col-100 elementor-top-column elementor-element elementor-element-b798b95\" data-id=\"b798b95\" data-element_type=\"column\">\n\t\t\t<div class=\"elementor-column-wrap elementor-element-populated\">\n\t\t\t\t\t\t\t<div class=\"elementor-widget-wrap\">\n\t\t\t\t\t\t<div class=\"elementor-element elementor-element-cb4f9b4 elementor-widget elementor-widget-text-editor\" data-id=\"cb4f9b4\" data-element_type=\"widget\" data-widget_type=\"text-editor.default\">\n\t\t\t\t<div class=\"elementor-widget-container\">\n\t\t\t\t\t\t\t\t<div class=\"elementor-text-editor elementor-clearfix\">\n\t\t\t\t<h2>S\u00e9bastien Burnet (VTT XCO &#8211; XCM)<\/h2>\t\t\t\t\t<\/div>\n\t\t\t\t\t\t<\/div>\n\t\t\t\t<\/div>\n\t\t\t\t<div class=\"elementor-element elementor-element-cfb730d elementor-widget elementor-widget-text-editor\" data-id=\"cfb730d\" data-element_type=\"widget\" data-widget_type=\"text-editor.default\">\n\t\t\t\t<div class=\"elementor-widget-container\">\n\t\t\t\t\t\t\t\t<div class=\"elementor-text-editor elementor-clearfix\">\n\t\t\t\t<p><span id=\"p44\">\u00c9tudiant \u00e0<a href=\"https:\/\/www.polytech-grenoble.fr\/\" target=\"_blank\" rel=\"noopener\"><b>\u00a0Polytech (Grenoble INP &#8211; UGA)<\/b><\/a>, S\u00e9bastien a d\u00e9but\u00e9 le sport tr\u00e8s jeune avec la natation et l&rsquo;athl\u00e9tisme, avant de se lancer dans le VTT. Cette saison, il a eu l&rsquo;occasion de parcourir l&rsquo;Europe pour participer \u00e0 diverses comp\u00e9titions, tout en r\u00e9alisant 600 h d&rsquo;entra\u00eenement et 12 000 km de v\u00e9lo.\u00a0<\/span><\/p>\t\t\t\t\t<\/div>\n\t\t\t\t\t\t<\/div>\n\t\t\t\t<\/div>\n\t\t\t\t\t\t<\/div>\n\t\t\t\t\t<\/div>\n\t\t<\/div>\n\t\t\t\t\t\t\t\t<\/div>\n\t\t\t\t\t<\/div>\n\t\t<\/section>\n\t\t\t\t<section class=\"elementor-section elementor-top-section elementor-element elementor-element-180fbd9 elementor-section-boxed elementor-section-height-default elementor-section-height-default\" data-id=\"180fbd9\" data-element_type=\"section\">\n\t\t\t\t\t\t<div class=\"elementor-container elementor-column-gap-default\">\n\t\t\t\t\t\t\t<div class=\"elementor-row\">\n\t\t\t\t\t<div class=\"elementor-column elementor-col-33 elementor-top-column elementor-element elementor-element-4120b60\" data-id=\"4120b60\" data-element_type=\"column\">\n\t\t\t<div class=\"elementor-column-wrap elementor-element-populated\">\n\t\t\t\t\t\t\t<div class=\"elementor-widget-wrap\">\n\t\t\t\t\t\t<div class=\"elementor-element elementor-element-3a3223c dce_masking-none elementor-widget elementor-widget-image\" data-id=\"3a3223c\" data-element_type=\"widget\" data-widget_type=\"image.default\">\n\t\t\t\t<div class=\"elementor-widget-container\">\n\t\t\t\t\t\t\t\t<div class=\"elementor-image\">\n\t\t\t\t\t\t\t\t\t<figure class=\"wp-caption\">\n\t\t\t\t\t\t\t\t\t\t<img width=\"800\" height=\"799\" src=\"https:\/\/fondation-grenoble-inp.fr\/wp-content\/uploads\/2023\/10\/Sebastien-Burnet.png\" class=\"attachment-large size-large\" alt=\"S\u00e9bastien Burnet\" loading=\"lazy\" srcset=\"https:\/\/fondation-grenoble-inp.fr\/wp-content\/uploads\/2023\/10\/Sebastien-Burnet.png 800w, https:\/\/fondation-grenoble-inp.fr\/wp-content\/uploads\/2023\/10\/Sebastien-Burnet-300x300.png 300w, https:\/\/fondation-grenoble-inp.fr\/wp-content\/uploads\/2023\/10\/Sebastien-Burnet-150x150.png 150w, https:\/\/fondation-grenoble-inp.fr\/wp-content\/uploads\/2023\/10\/Sebastien-Burnet-768x767.png 768w, https:\/\/fondation-grenoble-inp.fr\/wp-content\/uploads\/2023\/10\/Sebastien-Burnet-12x12.png 12w\" sizes=\"(max-width: 800px) 100vw, 800px\" \/>\t\t\t\t\t\t\t\t\t\t\t<figcaption class=\"widget-image-caption wp-caption-text\">Cr\u00e9dit photo : Sportograf<\/figcaption>\n\t\t\t\t\t\t\t\t\t\t<\/figure>\n\t\t\t\t\t\t\t\t<\/div>\n\t\t\t\t\t\t<\/div>\n\t\t\t\t<\/div>\n\t\t\t\t\t\t<\/div>\n\t\t\t\t\t<\/div>\n\t\t<\/div>\n\t\t\t\t<div class=\"elementor-column elementor-col-66 elementor-top-column elementor-element elementor-element-aa4a893\" data-id=\"aa4a893\" data-element_type=\"column\">\n\t\t\t<div class=\"elementor-column-wrap elementor-element-populated\">\n\t\t\t\t\t\t\t<div class=\"elementor-widget-wrap\">\n\t\t\t\t\t\t<div class=\"elementor-element elementor-element-1662907 elementor-widget elementor-widget-text-editor\" data-id=\"1662907\" data-element_type=\"widget\" data-widget_type=\"text-editor.default\">\n\t\t\t\t<div class=\"elementor-widget-container\">\n\t\t\t\t\t\t\t\t<div class=\"elementor-text-editor elementor-clearfix\">\n\t\t\t\t<p><strong>Ses r\u00e9sultats :\u00a0<\/strong><\/p><p>VTT XCO<\/p><ul><li>29\u1d49 &#8211; Championnat de France U23 VTT XCO<\/li><li><span id=\"p62\">31\u1d49 &#8211; Classement g\u00e9n\u00e9ral Coupe de France U23 VTT XCO<\/span><\/li><li>20\u1d49 &#8211; U23 en Coupe de France VTT XCO &#8211; Les Menuires<\/li><\/ul>\t\t\t\t\t<\/div>\n\t\t\t\t\t\t<\/div>\n\t\t\t\t<\/div>\n\t\t\t\t<div class=\"elementor-element elementor-element-0948976 elementor-widget elementor-widget-text-editor\" data-id=\"0948976\" data-element_type=\"widget\" data-widget_type=\"text-editor.default\">\n\t\t\t\t<div class=\"elementor-widget-container\">\n\t\t\t\t\t\t\t\t<div class=\"elementor-text-editor elementor-clearfix\">\n\t\t\t\t<p>VTT XCM<\/p><ul><li>21\u1d49 &#8211; Elite Andalucia Bike Race<\/li><li>8\u1d49 &#8211; Elite et 3e U23 Transmaurienne Vanoise<\/li><li>10\u1d49 &#8211; Elite Championnat de France VTT XCM<\/li><li>47\u1d49 Elite &#8211; Coupe du monde VTT XCM &#8211; Finale Borgo<\/li><li>40\u1d49 Elite &#8211; Coupe du monde VTT XCM \u2013 Morzine<\/li><li>53\u1d49 Elite &#8211; Championnat d\u2019Europe VTT XCM<\/li><li>69\u1d49 Elite &#8211; Championnat du Monde VTT XCM \u00e0 Glasgow<\/li><li>81\u1d49 &#8211; Ranking mondial VTT XCM<\/li><\/ul>\t\t\t\t\t<\/div>\n\t\t\t\t\t\t<\/div>\n\t\t\t\t<\/div>\n\t\t\t\t\t\t<\/div>\n\t\t\t\t\t<\/div>\n\t\t<\/div>\n\t\t\t\t\t\t\t\t<\/div>\n\t\t\t\t\t<\/div>\n\t\t<\/section>\n\t\t\t\t<section class=\"elementor-section elementor-top-section elementor-element elementor-element-e20e76a elementor-section-boxed elementor-section-height-default elementor-section-height-default\" data-id=\"e20e76a\" data-element_type=\"section\">\n\t\t\t\t\t\t<div class=\"elementor-container elementor-column-gap-default\">\n\t\t\t\t\t\t\t<div class=\"elementor-row\">\n\t\t\t\t\t<div class=\"elementor-column elementor-col-100 elementor-top-column elementor-element elementor-element-23e8e86\" data-id=\"23e8e86\" data-element_type=\"column\">\n\t\t\t<div class=\"elementor-column-wrap elementor-element-populated\">\n\t\t\t\t\t\t\t<div class=\"elementor-widget-wrap\">\n\t\t\t\t\t\t<div class=\"elementor-element elementor-element-2f5a997 elementor-widget elementor-widget-text-editor\" data-id=\"2f5a997\" data-element_type=\"widget\" data-widget_type=\"text-editor.default\">\n\t\t\t\t<div class=\"elementor-widget-container\">\n\t\t\t\t\t\t\t\t<div class=\"elementor-text-editor elementor-clearfix\">\n\t\t\t\t<p><em>\u00ab\u00a0Ma saison sportive 2023 a \u00e9t\u00e9 rythm\u00e9e par les comp\u00e9titions nationales en VTT XCO (format olympique) et internationales en VTT XCM (format longue distance). Gr\u00e2ce au soutien de la Fondation Grenoble INP, j\u2019ai pu parcourir l\u2019Europe et r\u00e9aliser les manches de Coupes du Monde VTT XCM. J\u2019ai \u00e9galement \u00e9t\u00e9 s\u00e9lectionn\u00e9 aux Championnats du monde de VTT XCM qui se d\u00e9roulaient \u00e0 Glasgow en \u00c9cosse. Du c\u00f4t\u00e9 scolaire, cette ann\u00e9e 2023 a \u00e9t\u00e9 marqu\u00e9e par la validation de ma pr\u00e9pa et l\u2019acceptation \u00e0 Polytech, sp\u00e9cialit\u00e9 Mat\u00e9riaux. Je tiens sinc\u00e8rement \u00e0 remercier la Fondation Grenoble INP qui\u00a0 nous permet d\u2019allier sport de haut niveau et \u00e9tudes.\u00a0\u00bb<\/em><\/p>\t\t\t\t\t<\/div>\n\t\t\t\t\t\t<\/div>\n\t\t\t\t<\/div>\n\t\t\t\t\t\t<\/div>\n\t\t\t\t\t<\/div>\n\t\t<\/div>\n\t\t\t\t\t\t\t\t<\/div>\n\t\t\t\t\t<\/div>\n\t\t<\/section>\n\t\t\t\t<section class=\"elementor-section elementor-top-section elementor-element elementor-element-55b8729 elementor-section-boxed elementor-section-height-default elementor-section-height-default\" data-id=\"55b8729\" data-element_type=\"section\">\n\t\t\t\t\t\t<div class=\"elementor-container elementor-column-gap-default\">\n\t\t\t\t\t\t\t<div class=\"elementor-row\">\n\t\t\t\t\t<div class=\"elementor-column elementor-col-100 elementor-top-column elementor-element elementor-element-2103433\" data-id=\"2103433\" data-element_type=\"column\">\n\t\t\t<div class=\"elementor-column-wrap elementor-element-populated\">\n\t\t\t\t\t\t\t<div class=\"elementor-widget-wrap\">\n\t\t\t\t\t\t<div class=\"elementor-element elementor-element-2cfb2bb elementor-widget elementor-widget-text-editor\" data-id=\"2cfb2bb\" data-element_type=\"widget\" data-widget_type=\"text-editor.default\">\n\t\t\t\t<div class=\"elementor-widget-container\">\n\t\t\t\t\t\t\t\t<div class=\"elementor-text-editor elementor-clearfix\">\n\t\t\t\t<h2>Albin Demaret-Joly (Course d&rsquo;orientation \u00e0 VTT)<\/h2>\t\t\t\t\t<\/div>\n\t\t\t\t\t\t<\/div>\n\t\t\t\t<\/div>\n\t\t\t\t\t\t<\/div>\n\t\t\t\t\t<\/div>\n\t\t<\/div>\n\t\t\t\t\t\t\t\t<\/div>\n\t\t\t\t\t<\/div>\n\t\t<\/section>\n\t\t\t\t<section class=\"elementor-section elementor-top-section elementor-element elementor-element-8250b98 elementor-section-boxed elementor-section-height-default elementor-section-height-default\" data-id=\"8250b98\" data-element_type=\"section\">\n\t\t\t\t\t\t<div class=\"elementor-container elementor-column-gap-default\">\n\t\t\t\t\t\t\t<div class=\"elementor-row\">\n\t\t\t\t\t<div class=\"elementor-column elementor-col-100 elementor-top-column elementor-element elementor-element-6097157\" data-id=\"6097157\" data-element_type=\"column\">\n\t\t\t<div class=\"elementor-column-wrap elementor-element-populated\">\n\t\t\t\t\t\t\t<div class=\"elementor-widget-wrap\">\n\t\t\t\t\t\t<div class=\"elementor-element elementor-element-0ae449c elementor-widget elementor-widget-text-editor\" data-id=\"0ae449c\" data-element_type=\"widget\" data-widget_type=\"text-editor.default\">\n\t\t\t\t<div class=\"elementor-widget-container\">\n\t\t\t\t\t\t\t\t<div class=\"elementor-text-editor elementor-clearfix\">\n\t\t\t\t<p><span id=\"p88\">\u00c9tudiant-ing\u00e9nieur \u00e0 <strong><a href=\"https:\/\/pagora.grenoble-inp.fr\/\" target=\"_blank\" rel=\"noopener\">Grenoble INP &#8211; Pagora, UGA<\/a><\/strong>, <span id=\"92\">Albin a commenc\u00e9 le VTT \u00e0 l\u2019\u00e2ge de 8 ans, avant de d\u00e9couvrir la course d\u2019orientation \u00e0 VTT \u00e0 l&rsquo;\u00e2ge de 16 ans. En 2018, il a int\u00e9gr\u00e9 l\u2019\u00e9quipe de France de CO \u00e0 VTT, participant \u00e0 ses premiers championnats d\u2019Europe. Cette saison, il a r\u00e9alis\u00e9 pr\u00e8s de 500 heures d&rsquo;entra\u00eenement et de comp\u00e9tition, tout en parcourant 7000 km en VTT et v\u00e9lo de route.<\/span><\/span><\/p>\t\t\t\t\t<\/div>\n\t\t\t\t\t\t<\/div>\n\t\t\t\t<\/div>\n\t\t\t\t\t\t<\/div>\n\t\t\t\t\t<\/div>\n\t\t<\/div>\n\t\t\t\t\t\t\t\t<\/div>\n\t\t\t\t\t<\/div>\n\t\t<\/section>\n\t\t\t\t<section class=\"elementor-section elementor-top-section elementor-element elementor-element-26a5d77 elementor-section-boxed elementor-section-height-default elementor-section-height-default\" data-id=\"26a5d77\" data-element_type=\"section\">\n\t\t\t\t\t\t<div class=\"elementor-container elementor-column-gap-default\">\n\t\t\t\t\t\t\t<div class=\"elementor-row\">\n\t\t\t\t\t<div class=\"elementor-column elementor-col-66 elementor-top-column elementor-element elementor-element-a1dc737\" data-id=\"a1dc737\" data-element_type=\"column\">\n\t\t\t<div class=\"elementor-column-wrap elementor-element-populated\">\n\t\t\t\t\t\t\t<div class=\"elementor-widget-wrap\">\n\t\t\t\t\t\t<div class=\"elementor-element elementor-element-b04d07c elementor-widget elementor-widget-text-editor\" data-id=\"b04d07c\" data-element_type=\"widget\" data-widget_type=\"text-editor.default\">\n\t\t\t\t<div class=\"elementor-widget-container\">\n\t\t\t\t\t\t\t\t<div class=\"elementor-text-editor elementor-clearfix\">\n\t\t\t\t<p><strong>Ses r\u00e9sultats :<\/strong><\/p><ul><li>Top 20 &#8211; Championnat du Monde Senior<\/li><li>5\u1d49 &#8211; Championnat du monde Espoir<\/li><li>Top 15 &#8211; Championnat d\u2019Europe Senior<\/li><li>Vice champion de France &#8211; Masstart<\/li><\/ul>\t\t\t\t\t<\/div>\n\t\t\t\t\t\t<\/div>\n\t\t\t\t<\/div>\n\t\t\t\t\t\t<\/div>\n\t\t\t\t\t<\/div>\n\t\t<\/div>\n\t\t\t\t<div class=\"elementor-column elementor-col-33 elementor-top-column elementor-element elementor-element-44c5d5f\" data-id=\"44c5d5f\" data-element_type=\"column\">\n\t\t\t<div class=\"elementor-column-wrap elementor-element-populated\">\n\t\t\t\t\t\t\t<div class=\"elementor-widget-wrap\">\n\t\t\t\t\t\t<div class=\"elementor-element elementor-element-38762e0 dce_masking-none elementor-widget elementor-widget-image\" data-id=\"38762e0\" data-element_type=\"widget\" data-widget_type=\"image.default\">\n\t\t\t\t<div class=\"elementor-widget-container\">\n\t\t\t\t\t\t\t\t<div class=\"elementor-image\">\n\t\t\t\t\t\t\t\t\t\t\t\t<img width=\"1024\" height=\"1024\" src=\"https:\/\/fondation-grenoble-inp.fr\/wp-content\/uploads\/2023\/10\/Albin-Demaret-Joly-1024x1024.png\" class=\"attachment-large size-large\" alt=\"Albin Demaret Joly\" loading=\"lazy\" srcset=\"https:\/\/fondation-grenoble-inp.fr\/wp-content\/uploads\/2023\/10\/Albin-Demaret-Joly-1024x1024.png 1024w, https:\/\/fondation-grenoble-inp.fr\/wp-content\/uploads\/2023\/10\/Albin-Demaret-Joly-300x300.png 300w, https:\/\/fondation-grenoble-inp.fr\/wp-content\/uploads\/2023\/10\/Albin-Demaret-Joly-150x150.png 150w, https:\/\/fondation-grenoble-inp.fr\/wp-content\/uploads\/2023\/10\/Albin-Demaret-Joly-768x769.png 768w, https:\/\/fondation-grenoble-inp.fr\/wp-content\/uploads\/2023\/10\/Albin-Demaret-Joly-12x12.png 12w, https:\/\/fondation-grenoble-inp.fr\/wp-content\/uploads\/2023\/10\/Albin-Demaret-Joly.png 1059w\" sizes=\"(max-width: 1024px) 100vw, 1024px\" \/>\t\t\t\t\t\t\t\t\t\t\t\t\t\t<\/div>\n\t\t\t\t\t\t<\/div>\n\t\t\t\t<\/div>\n\t\t\t\t\t\t<\/div>\n\t\t\t\t\t<\/div>\n\t\t<\/div>\n\t\t\t\t\t\t\t\t<\/div>\n\t\t\t\t\t<\/div>\n\t\t<\/section>\n\t\t\t\t<section class=\"elementor-section elementor-top-section elementor-element elementor-element-7f6c3d1 elementor-section-boxed elementor-section-height-default elementor-section-height-default\" data-id=\"7f6c3d1\" data-element_type=\"section\">\n\t\t\t\t\t\t<div class=\"elementor-container elementor-column-gap-default\">\n\t\t\t\t\t\t\t<div class=\"elementor-row\">\n\t\t\t\t\t<div class=\"elementor-column elementor-col-100 elementor-top-column elementor-element elementor-element-3931ca2\" data-id=\"3931ca2\" data-element_type=\"column\">\n\t\t\t<div class=\"elementor-column-wrap elementor-element-populated\">\n\t\t\t\t\t\t\t<div class=\"elementor-widget-wrap\">\n\t\t\t\t\t\t<div class=\"elementor-element elementor-element-d68600a elementor-widget elementor-widget-text-editor\" data-id=\"d68600a\" data-element_type=\"widget\" data-widget_type=\"text-editor.default\">\n\t\t\t\t<div class=\"elementor-widget-container\">\n\t\t\t\t\t\t\t\t<div class=\"elementor-text-editor elementor-clearfix\">\n\t\t\t\t<p><em>\u00ab\u00a0Cette saison 2023 m&rsquo;a demand\u00e9 beaucoup d\u2019adaptabilit\u00e9. Apr\u00e8s avoir fait 3 ann\u00e9es de pr\u00e9pa am\u00e9nag\u00e9es, j\u2019ai fait le choix de reprendre \u00e0 temps plein les \u00e9tudes. Des mois de travail entre sport et \u00e9tudes m&rsquo;ont permis de me s\u00e9lectionner aux grands rendez-vous internationaux, mais aussi de briller sur la sc\u00e8ne internationale. Je repars 5\u1d49 du classement g\u00e9n\u00e9ral de la coupe du monde Espoir en r\u00e9alisant une belle 5\u1d49 place sur la derni\u00e8re manche. Un peu de d\u00e9ception de ne pas avoir d\u00e9croch\u00e9 une m\u00e9daille \u00e0 ces Mondiaux Espoir, mais \u00e7a me donne que plus de motivation pour 2024.\u00a0\u00bb<\/em><\/p>\t\t\t\t\t<\/div>\n\t\t\t\t\t\t<\/div>\n\t\t\t\t<\/div>\n\t\t\t\t\t\t<\/div>\n\t\t\t\t\t<\/div>\n\t\t<\/div>\n\t\t\t\t\t\t\t\t<\/div>\n\t\t\t\t\t<\/div>\n\t\t<\/section>\n\t\t\t\t<section class=\"elementor-section elementor-top-section elementor-element elementor-element-afd848c elementor-section-boxed elementor-section-height-default elementor-section-height-default\" data-id=\"afd848c\" data-element_type=\"section\">\n\t\t\t\t\t\t<div class=\"elementor-container elementor-column-gap-default\">\n\t\t\t\t\t\t\t<div class=\"elementor-row\">\n\t\t\t\t\t<div class=\"elementor-column elementor-col-100 elementor-top-column elementor-element elementor-element-2550144\" data-id=\"2550144\" data-element_type=\"column\">\n\t\t\t<div class=\"elementor-column-wrap elementor-element-populated\">\n\t\t\t\t\t\t\t<div class=\"elementor-widget-wrap\">\n\t\t\t\t\t\t<div class=\"elementor-element elementor-element-6d08556 elementor-widget elementor-widget-text-editor\" data-id=\"6d08556\" data-element_type=\"widget\" data-widget_type=\"text-editor.default\">\n\t\t\t\t<div class=\"elementor-widget-container\">\n\t\t\t\t\t\t\t\t<div class=\"elementor-text-editor elementor-clearfix\">\n\t\t\t\t<h2>Antoine Girard (Escalade de bloc)<\/h2>\t\t\t\t\t<\/div>\n\t\t\t\t\t\t<\/div>\n\t\t\t\t<\/div>\n\t\t\t\t<div class=\"elementor-element elementor-element-a1844b8 elementor-widget elementor-widget-text-editor\" data-id=\"a1844b8\" data-element_type=\"widget\" data-widget_type=\"text-editor.default\">\n\t\t\t\t<div class=\"elementor-widget-container\">\n\t\t\t\t\t\t\t\t<div class=\"elementor-text-editor elementor-clearfix\">\n\t\t\t\t<p>Antoine pratique l&rsquo;escalade de bloc depuis ses 7 ans et est actuellement \u00e9tudiant \u00e0<strong>\u00a0<a href=\"https:\/\/ense3.grenoble-inp.fr\/\" target=\"_blank\" rel=\"noopener\">Grenoble INP \u2013 Ense<em><sup>3<\/sup><\/em>, UGA. <\/a><\/strong>Pouss\u00e9 par le d\u00e9sir de s&rsquo;am\u00e9liorer, il a construit son propre mur d\u2019entra\u00eenement dans la grange familiale pour repousser ses limites. Cette saison, il a su se distinguer avec d&rsquo;excellents r\u00e9sultats, notamment en d\u00e9crochant la deuxi\u00e8me place au classement g\u00e9n\u00e9ral des coupes d\u2019Europe.<\/p>\t\t\t\t\t<\/div>\n\t\t\t\t\t\t<\/div>\n\t\t\t\t<\/div>\n\t\t\t\t\t\t<\/div>\n\t\t\t\t\t<\/div>\n\t\t<\/div>\n\t\t\t\t\t\t\t\t<\/div>\n\t\t\t\t\t<\/div>\n\t\t<\/section>\n\t\t\t\t<section class=\"elementor-section elementor-top-section elementor-element elementor-element-6dcfe7a elementor-section-boxed elementor-section-height-default elementor-section-height-default\" data-id=\"6dcfe7a\" data-element_type=\"section\">\n\t\t\t\t\t\t<div class=\"elementor-container elementor-column-gap-default\">\n\t\t\t\t\t\t\t<div class=\"elementor-row\">\n\t\t\t\t\t<div class=\"elementor-column elementor-col-33 elementor-top-column elementor-element elementor-element-164ca9c\" data-id=\"164ca9c\" data-element_type=\"column\">\n\t\t\t<div class=\"elementor-column-wrap elementor-element-populated\">\n\t\t\t\t\t\t\t<div class=\"elementor-widget-wrap\">\n\t\t\t\t\t\t<div class=\"elementor-element elementor-element-0bbbd88 dce_masking-none elementor-widget elementor-widget-image\" data-id=\"0bbbd88\" data-element_type=\"widget\" data-widget_type=\"image.default\">\n\t\t\t\t<div class=\"elementor-widget-container\">\n\t\t\t\t\t\t\t\t<div class=\"elementor-image\">\n\t\t\t\t\t\t\t\t\t\t\t\t<img width=\"1024\" height=\"1024\" src=\"https:\/\/fondation-grenoble-inp.fr\/wp-content\/uploads\/2023\/10\/Antoine-Girard-1024x1024.png\" class=\"attachment-large size-large\" alt=\"Antoine Girard\" loading=\"lazy\" srcset=\"https:\/\/fondation-grenoble-inp.fr\/wp-content\/uploads\/2023\/10\/Antoine-Girard-1024x1024.png 1024w, https:\/\/fondation-grenoble-inp.fr\/wp-content\/uploads\/2023\/10\/Antoine-Girard-300x300.png 300w, https:\/\/fondation-grenoble-inp.fr\/wp-content\/uploads\/2023\/10\/Antoine-Girard-150x150.png 150w, https:\/\/fondation-grenoble-inp.fr\/wp-content\/uploads\/2023\/10\/Antoine-Girard-768x769.png 768w, https:\/\/fondation-grenoble-inp.fr\/wp-content\/uploads\/2023\/10\/Antoine-Girard-12x12.png 12w, https:\/\/fondation-grenoble-inp.fr\/wp-content\/uploads\/2023\/10\/Antoine-Girard.png 1332w\" sizes=\"(max-width: 1024px) 100vw, 1024px\" \/>\t\t\t\t\t\t\t\t\t\t\t\t\t\t<\/div>\n\t\t\t\t\t\t<\/div>\n\t\t\t\t<\/div>\n\t\t\t\t\t\t<\/div>\n\t\t\t\t\t<\/div>\n\t\t<\/div>\n\t\t\t\t<div class=\"elementor-column elementor-col-66 elementor-top-column elementor-element elementor-element-76e6273\" data-id=\"76e6273\" data-element_type=\"column\">\n\t\t\t<div class=\"elementor-column-wrap elementor-element-populated\">\n\t\t\t\t\t\t\t<div class=\"elementor-widget-wrap\">\n\t\t\t\t\t\t<div class=\"elementor-element elementor-element-c4cd391 elementor-widget elementor-widget-text-editor\" data-id=\"c4cd391\" data-element_type=\"widget\" data-widget_type=\"text-editor.default\">\n\t\t\t\t<div class=\"elementor-widget-container\">\n\t\t\t\t\t\t\t\t<div class=\"elementor-text-editor elementor-clearfix\">\n\t\t\t\t<p><strong>Ses r\u00e9sultats :<\/strong><\/p><ul><li>3\u1d49, 4\u1d49 et 12\u1d49 &#8211; Coupe d\u2019Europe de bloc<\/li><li>2\u1d49 &#8211; Classement g\u00e9n\u00e9ral des coupes d\u2019Europe de bloc<\/li><li>2\u1d49 &#8211; S\u00e9lectif \u00e9quipe de France<\/li><li>2e &#8211; Coupe de France de bloc<\/li><li>4\u1d49 &#8211; Classement g\u00e9n\u00e9ral des coupes de France de bloc<\/li><\/ul>\t\t\t\t\t<\/div>\n\t\t\t\t\t\t<\/div>\n\t\t\t\t<\/div>\n\t\t\t\t\t\t<\/div>\n\t\t\t\t\t<\/div>\n\t\t<\/div>\n\t\t\t\t\t\t\t\t<\/div>\n\t\t\t\t\t<\/div>\n\t\t<\/section>\n\t\t\t\t<section class=\"elementor-section elementor-top-section elementor-element elementor-element-a33399b elementor-section-boxed elementor-section-height-default elementor-section-height-default\" data-id=\"a33399b\" data-element_type=\"section\">\n\t\t\t\t\t\t<div class=\"elementor-container elementor-column-gap-default\">\n\t\t\t\t\t\t\t<div class=\"elementor-row\">\n\t\t\t\t\t<div class=\"elementor-column elementor-col-100 elementor-top-column elementor-element elementor-element-aa4fcc1\" data-id=\"aa4fcc1\" data-element_type=\"column\">\n\t\t\t<div class=\"elementor-column-wrap elementor-element-populated\">\n\t\t\t\t\t\t\t<div class=\"elementor-widget-wrap\">\n\t\t\t\t\t\t<div class=\"elementor-element elementor-element-5544a1e elementor-widget elementor-widget-text-editor\" data-id=\"5544a1e\" data-element_type=\"widget\" data-widget_type=\"text-editor.default\">\n\t\t\t\t<div class=\"elementor-widget-container\">\n\t\t\t\t\t\t\t\t<div class=\"elementor-text-editor elementor-clearfix\">\n\t\t\t\t<p><em><span id=\"p120\">\u00ab\u00a0Cette ann\u00e9e, j&rsquo;ai eu l&rsquo;occasion de participer \u00e0 ma premi\u00e8re Coupe du Monde : l\u2019\u00e9tape de Brixen en Italie. Bien que j&rsquo;ai \u00e9t\u00e9 d\u00e9\u00e7u de ma 50\u1d49 place, c\u2019\u00e9tait une super exp\u00e9rience avec un go\u00fbt d\u2019inachev\u00e9 qui me donne envie de m\u2019entra\u00eener davantage pour revenir plus fort l\u2019ann\u00e9e prochaine. J\u2019ai pu remarquer que le niveau \u00e9tait tellement dense que la moindre petite diff\u00e9rence permet de nettement remonter dans le classement. Je tiens \u00e0 remercier la Fondation Grenoble INP pour son accompagnement.\u00a0\u00bb<\/span><\/em><\/p>\t\t\t\t\t<\/div>\n\t\t\t\t\t\t<\/div>\n\t\t\t\t<\/div>\n\t\t\t\t\t\t<\/div>\n\t\t\t\t\t<\/div>\n\t\t<\/div>\n\t\t\t\t\t\t\t\t<\/div>\n\t\t\t\t\t<\/div>\n\t\t<\/section>\n\t\t\t\t<section class=\"elementor-section elementor-top-section elementor-element elementor-element-b9acf47 elementor-section-boxed elementor-section-height-default elementor-section-height-default\" data-id=\"b9acf47\" data-element_type=\"section\">\n\t\t\t\t\t\t<div class=\"elementor-container elementor-column-gap-default\">\n\t\t\t\t\t\t\t<div class=\"elementor-row\">\n\t\t\t\t\t<div class=\"elementor-column elementor-col-100 elementor-top-column elementor-element elementor-element-a7515de\" data-id=\"a7515de\" data-element_type=\"column\">\n\t\t\t<div class=\"elementor-column-wrap elementor-element-populated\">\n\t\t\t\t\t\t\t<div class=\"elementor-widget-wrap\">\n\t\t\t\t\t\t<div class=\"elementor-element elementor-element-b7c60b0 elementor-widget elementor-widget-text-editor\" data-id=\"b7c60b0\" data-element_type=\"widget\" data-widget_type=\"text-editor.default\">\n\t\t\t\t<div class=\"elementor-widget-container\">\n\t\t\t\t\t\t\t\t<div class=\"elementor-text-editor elementor-clearfix\">\n\t\t\t\t<h2>Gr\u00e9goire Sename (Triathlon)<\/h2>\t\t\t\t\t<\/div>\n\t\t\t\t\t\t<\/div>\n\t\t\t\t<\/div>\n\t\t\t\t<div class=\"elementor-element elementor-element-33ce9e1 elementor-widget elementor-widget-text-editor\" data-id=\"33ce9e1\" data-element_type=\"widget\" data-widget_type=\"text-editor.default\">\n\t\t\t\t<div class=\"elementor-widget-container\">\n\t\t\t\t\t\t\t\t<div class=\"elementor-text-editor elementor-clearfix\">\n\t\t\t\t<p><span id=\"p138\">\u00c9tudiant \u00e0 <strong><a href=\"https:\/\/phelma.grenoble-inp.fr\/\" target=\"_blank\" rel=\"noopener\">Grenoble INP &#8211; Phelma, UGA<\/a><\/strong>, Gr\u00e9goire <span id=\"p139\">est accompagn\u00e9 par la Fondation Grenoble INP depuis maintenant 5 ans. Il <\/span>pratique le triathlon depuis l\u2019\u00e2ge de 17 ans. Son stage de 1\u02b3\u1d49 ann\u00e9e et sa pr\u00e9paration hivernale limit\u00e9e, due \u00e0 des blessures, ont fait que d\u2019autres athl\u00e8tes ont \u00e9t\u00e9 pr\u00e9f\u00e9r\u00e9s pour participer aux comp\u00e9titions de triathlon. Malgr\u00e9 tout, il a eu l&rsquo;occasion de s&rsquo;impliquer dans l&rsquo;athl\u00e9tisme.<\/span><\/p>\t\t\t\t\t<\/div>\n\t\t\t\t\t\t<\/div>\n\t\t\t\t<\/div>\n\t\t\t\t\t\t<\/div>\n\t\t\t\t\t<\/div>\n\t\t<\/div>\n\t\t\t\t\t\t\t\t<\/div>\n\t\t\t\t\t<\/div>\n\t\t<\/section>\n\t\t\t\t<section class=\"elementor-section elementor-top-section elementor-element elementor-element-43af3da elementor-section-boxed elementor-section-height-default elementor-section-height-default\" data-id=\"43af3da\" data-element_type=\"section\">\n\t\t\t\t\t\t<div class=\"elementor-container elementor-column-gap-default\">\n\t\t\t\t\t\t\t<div class=\"elementor-row\">\n\t\t\t\t\t<div class=\"elementor-column elementor-col-66 elementor-top-column elementor-element elementor-element-e534704\" data-id=\"e534704\" data-element_type=\"column\">\n\t\t\t<div class=\"elementor-column-wrap elementor-element-populated\">\n\t\t\t\t\t\t\t<div class=\"elementor-widget-wrap\">\n\t\t\t\t\t\t<div class=\"elementor-element elementor-element-8fafb22 elementor-widget elementor-widget-text-editor\" data-id=\"8fafb22\" data-element_type=\"widget\" data-widget_type=\"text-editor.default\">\n\t\t\t\t<div class=\"elementor-widget-container\">\n\t\t\t\t\t\t\t\t<div class=\"elementor-text-editor elementor-clearfix\">\n\t\t\t\t<p><strong>Ses r\u00e9sultats :<\/strong><\/p><ul><li>Participation \u00e0 des triathlons \u201copen\u201d<\/li><li>Participation \u00e0 plusieurs cross<\/li><\/ul>\t\t\t\t\t<\/div>\n\t\t\t\t\t\t<\/div>\n\t\t\t\t<\/div>\n\t\t\t\t\t\t<\/div>\n\t\t\t\t\t<\/div>\n\t\t<\/div>\n\t\t\t\t<div class=\"elementor-column elementor-col-33 elementor-top-column elementor-element elementor-element-8d5f009\" data-id=\"8d5f009\" data-element_type=\"column\">\n\t\t\t<div class=\"elementor-column-wrap elementor-element-populated\">\n\t\t\t\t\t\t\t<div class=\"elementor-widget-wrap\">\n\t\t\t\t\t\t<div class=\"elementor-element elementor-element-c8bea88 dce_masking-none elementor-widget elementor-widget-image\" data-id=\"c8bea88\" data-element_type=\"widget\" data-widget_type=\"image.default\">\n\t\t\t\t<div class=\"elementor-widget-container\">\n\t\t\t\t\t\t\t\t<div class=\"elementor-image\">\n\t\t\t\t\t\t\t\t\t\t\t\t<img width=\"456\" height=\"457\" src=\"https:\/\/fondation-grenoble-inp.fr\/wp-content\/uploads\/2023\/10\/Gregoire-Sename-1.png\" class=\"attachment-large size-large\" alt=\"Gr\u00e9goire Sename\" loading=\"lazy\" srcset=\"https:\/\/fondation-grenoble-inp.fr\/wp-content\/uploads\/2023\/10\/Gregoire-Sename-1.png 456w, https:\/\/fondation-grenoble-inp.fr\/wp-content\/uploads\/2023\/10\/Gregoire-Sename-1-300x300.png 300w, https:\/\/fondation-grenoble-inp.fr\/wp-content\/uploads\/2023\/10\/Gregoire-Sename-1-150x150.png 150w, https:\/\/fondation-grenoble-inp.fr\/wp-content\/uploads\/2023\/10\/Gregoire-Sename-1-12x12.png 12w\" sizes=\"(max-width: 456px) 100vw, 456px\" \/>\t\t\t\t\t\t\t\t\t\t\t\t\t\t<\/div>\n\t\t\t\t\t\t<\/div>\n\t\t\t\t<\/div>\n\t\t\t\t\t\t<\/div>\n\t\t\t\t\t<\/div>\n\t\t<\/div>\n\t\t\t\t\t\t\t\t<\/div>\n\t\t\t\t\t<\/div>\n\t\t<\/section>\n\t\t\t\t<section class=\"elementor-section elementor-top-section elementor-element elementor-element-83b5d2a elementor-section-boxed elementor-section-height-default elementor-section-height-default\" data-id=\"83b5d2a\" data-element_type=\"section\">\n\t\t\t\t\t\t<div class=\"elementor-container elementor-column-gap-default\">\n\t\t\t\t\t\t\t<div class=\"elementor-row\">\n\t\t\t\t\t<div class=\"elementor-column elementor-col-100 elementor-top-column elementor-element elementor-element-8b0aae8\" data-id=\"8b0aae8\" data-element_type=\"column\">\n\t\t\t<div class=\"elementor-column-wrap elementor-element-populated\">\n\t\t\t\t\t\t\t<div class=\"elementor-widget-wrap\">\n\t\t\t\t\t\t<div class=\"elementor-element elementor-element-2e8e846 elementor-widget elementor-widget-text-editor\" data-id=\"2e8e846\" data-element_type=\"widget\" data-widget_type=\"text-editor.default\">\n\t\t\t\t<div class=\"elementor-widget-container\">\n\t\t\t\t\t\t\t\t<div class=\"elementor-text-editor elementor-clearfix\">\n\t\t\t\t<p><em><span id=\"p155\">\u00ab\u00a0Cette ann\u00e9e a servi de transition sportive entre mon projet Haut Niveau en triathlon et mon projet professionnel en tant qu\u2019ing\u00e9nieur, dans lequel j\u2019ai pr\u00e9f\u00e9r\u00e9 m\u2019impliquer cette ann\u00e9e. J\u2019ai fini ma premi\u00e8re ann\u00e9e \u00e0 Grenoble INP &#8211; Phelma, UGA en PET et j&rsquo;ai int\u00e9gr\u00e9 la fili\u00e8re SEOC. Je suis tr\u00e8s satisfait de cette ann\u00e9e scolaire, avec 13,45 de moyenne et suis motiv\u00e9 pour la nouvelle qui commence. Je suis extr\u00eamement reconnaissant du soutien que m&rsquo;a apport\u00e9 la Fondation Grenoble INP durant ces 5 ann\u00e9es. Gr\u00e2ce \u00e0 cette aide, je pense avoir atteint beaucoup d\u2019objectifs que je m\u2019\u00e9tais fix\u00e9s sportivement comme professionnellement et je suis s\u00fbr qu&rsquo;elle sera b\u00e9n\u00e9fique pour beaucoup d\u2019autres \u00e9tudiants \u00e0 double projets comme moi !\u00a0\u00bb<\/span><\/em><\/p>\t\t\t\t\t<\/div>\n\t\t\t\t\t\t<\/div>\n\t\t\t\t<\/div>\n\t\t\t\t\t\t<\/div>\n\t\t\t\t\t<\/div>\n\t\t<\/div>\n\t\t\t\t\t\t\t\t<\/div>\n\t\t\t\t\t<\/div>\n\t\t<\/section>\n\t\t\t\t<section class=\"elementor-section elementor-top-section elementor-element elementor-element-39324a3 elementor-section-boxed elementor-section-height-default elementor-section-height-default\" data-id=\"39324a3\" data-element_type=\"section\">\n\t\t\t\t\t\t<div class=\"elementor-container elementor-column-gap-default\">\n\t\t\t\t\t\t\t<div class=\"elementor-row\">\n\t\t\t\t\t<div class=\"elementor-column elementor-col-100 elementor-top-column elementor-element elementor-element-b312957\" data-id=\"b312957\" data-element_type=\"column\">\n\t\t\t<div class=\"elementor-column-wrap elementor-element-populated\">\n\t\t\t\t\t\t\t<div class=\"elementor-widget-wrap\">\n\t\t\t\t\t\t<div class=\"elementor-element elementor-element-6f12fdf elementor-widget elementor-widget-spacer\" data-id=\"6f12fdf\" data-element_type=\"widget\" data-widget_type=\"spacer.default\">\n\t\t\t\t<div class=\"elementor-widget-container\">\n\t\t\t\t\t<div class=\"elementor-spacer\">\n\t\t\t<div class=\"elementor-spacer-inner\"><\/div>\n\t\t<\/div>\n\t\t\t\t<\/div>\n\t\t\t\t<\/div>\n\t\t\t\t<div class=\"elementor-element elementor-element-bb40668 elementor-widget elementor-widget-text-editor\" data-id=\"bb40668\" data-element_type=\"widget\" data-widget_type=\"text-editor.default\">\n\t\t\t\t<div class=\"elementor-widget-container\">\n\t\t\t\t\t\t\t\t<div class=\"elementor-text-editor elementor-clearfix\">\n\t\t\t\t<p>C&rsquo;est avec une grande fiert\u00e9 que la Fondation Grenoble INP offre son soutien \u00e0 ces jeunes athl\u00e8tes talentueux et d\u00e9termin\u00e9s. Nous les f\u00e9licitons pour leurs performances cette saison et nous leur souhaitons tout le succ\u00e8s possible \u00e0 l&rsquo;avenir.<\/p><p>Pour en savoir plus sur la bourse d&rsquo;excellence,<strong> <a href=\"https:\/\/fondation-grenoble-inp.fr\/en\/bourses-dexcellence\/\" target=\"_blank\" rel=\"noopener\">rendez-vous ici<\/a><\/strong>.<\/p>\t\t\t\t\t<\/div>\n\t\t\t\t\t\t<\/div>\n\t\t\t\t<\/div>\n\t\t\t\t\t\t<\/div>\n\t\t\t\t\t<\/div>\n\t\t<\/div>\n\t\t\t\t\t\t\t\t<\/div>\n\t\t\t\t\t<\/div>\n\t\t<\/section>\n\t\t\t\t\t\t<\/div>\n\t\t\t\t\t\t<\/div>\n\t\t\t\t\t<\/div>","protected":false},"excerpt":{"rendered":"<p>Ce bilan estival 2023 des sportifs soutenus montre que malgr\u00e9 une saison marqu\u00e9e par des temp\u00e9ratures \u00e9lev\u00e9es, ils ont r\u00e9alis\u00e9 des performances remarquables, illustrant leur d\u00e9termination et leur talent.\u00a0<\/p>","protected":false},"author":7,"featured_media":16612,"comment_status":"closed","ping_status":"open","sticky":false,"template":"","format":"standard","meta":[],"categories":[477],"tags":[],"acf":[],"yoast_head":"<!-- This site is optimized with the Yoast SEO plugin v18.0 - https:\/\/yoast.com\/wordpress\/plugins\/seo\/ -->\n<title>Bilan estival 2023 des sportifs de haut niveau soutenus par la Fondation - Fondation Grenoble INP<\/title>\n<meta name=\"description\" content=\"Ce bilan estival 2023 des sportifs soutenus montre que malgr\u00e9 une saison marqu\u00e9e par des temp\u00e9ratures \u00e9lev\u00e9es, ils ont r\u00e9alis\u00e9 des performances remarquables, illustrant leur d\u00e9termination et leur talent.\u00a0\" \/>\n<meta name=\"robots\" content=\"index, follow, max-snippet:-1, max-image-preview:large, max-video-preview:-1\" \/>\n<link rel=\"canonical\" href=\"https:\/\/fondation-grenoble-inp.fr\/en\/bilan-estival-2023-des-sportifs-de-haut-niveau-soutenus-par-la-fondation\/\" \/>\n<meta property=\"og:locale\" content=\"en_US\" \/>\n<meta property=\"og:type\" content=\"article\" \/>\n<meta property=\"og:title\" content=\"Bilan estival 2023 des sportifs de haut niveau soutenus par la Fondation - Fondation Grenoble INP\" \/>\n<meta property=\"og:description\" content=\"Ce bilan estival 2023 des sportifs soutenus montre que malgr\u00e9 une saison marqu\u00e9e par des temp\u00e9ratures \u00e9lev\u00e9es, ils ont r\u00e9alis\u00e9 des performances remarquables, illustrant leur d\u00e9termination et leur talent.\u00a0\" \/>\n<meta property=\"og:url\" content=\"https:\/\/fondation-grenoble-inp.fr\/en\/bilan-estival-2023-des-sportifs-de-haut-niveau-soutenus-par-la-fondation\/\" \/>\n<meta property=\"og:site_name\" content=\"Fondation Grenoble INP\" \/>\n<meta property=\"article:published_time\" content=\"2023-10-06T12:17:57+00:00\" \/>\n<meta property=\"article:modified_time\" content=\"2023-10-23T11:07:01+00:00\" \/>\n<meta property=\"og:image\" content=\"https:\/\/fondation-grenoble-inp.fr\/wp-content\/uploads\/2023\/10\/Sebastien-Burnet-1.png\" \/>\n\t<meta property=\"og:image:width\" content=\"800\" \/>\n\t<meta property=\"og:image:height\" content=\"799\" \/>\n\t<meta property=\"og:image:type\" content=\"image\/png\" \/>\n<meta name=\"twitter:card\" content=\"summary_large_image\" \/>\n<meta name=\"twitter:label1\" content=\"Written by\" \/>\n\t<meta name=\"twitter:data1\" content=\"Marie Dubreuil\" \/>\n\t<meta name=\"twitter:label2\" content=\"Est. reading time\" \/>\n\t<meta name=\"twitter:data2\" content=\"6 minutes\" \/>\n<script type=\"application\/ld+json\" class=\"yoast-schema-graph\">{\"@context\":\"https:\/\/schema.org\",\"@graph\":[{\"@type\":\"Organization\",\"@id\":\"https:\/\/fondation-grenoble-inp.fr\/#organization\",\"name\":\"Fondation INP Grenoble\",\"url\":\"https:\/\/fondation-grenoble-inp.fr\/\",\"sameAs\":[],\"logo\":{\"@type\":\"ImageObject\",\"@id\":\"https:\/\/fondation-grenoble-inp.fr\/#logo\",\"inLanguage\":\"en-US\",\"url\":\"https:\/\/fondation-grenoble-inp.fr\/wp-content\/uploads\/2021\/03\/cropped-favicon-fondation-inp-grenoble.png\",\"contentUrl\":\"https:\/\/fondation-grenoble-inp.fr\/wp-content\/uploads\/2021\/03\/cropped-favicon-fondation-inp-grenoble.png\",\"width\":512,\"height\":512,\"caption\":\"Fondation INP Grenoble\"},\"image\":{\"@id\":\"https:\/\/fondation-grenoble-inp.fr\/#logo\"}},{\"@type\":\"WebSite\",\"@id\":\"https:\/\/fondation-grenoble-inp.fr\/#website\",\"url\":\"https:\/\/fondation-grenoble-inp.fr\/\",\"name\":\"Fondation Grenoble INP\",\"description\":\"#OsezlAvenir\",\"publisher\":{\"@id\":\"https:\/\/fondation-grenoble-inp.fr\/#organization\"},\"potentialAction\":[{\"@type\":\"SearchAction\",\"target\":{\"@type\":\"EntryPoint\",\"urlTemplate\":\"https:\/\/fondation-grenoble-inp.fr\/?s={search_term_string}\"},\"query-input\":\"required name=search_term_string\"}],\"inLanguage\":\"en-US\"},{\"@type\":\"ImageObject\",\"@id\":\"https:\/\/fondation-grenoble-inp.fr\/bilan-estival-2023-des-sportifs-de-haut-niveau-soutenus-par-la-fondation\/#primaryimage\",\"inLanguage\":\"en-US\",\"url\":\"https:\/\/fondation-grenoble-inp.fr\/wp-content\/uploads\/2023\/10\/Sebastien-Burnet-1.png\",\"contentUrl\":\"https:\/\/fondation-grenoble-inp.fr\/wp-content\/uploads\/2023\/10\/Sebastien-Burnet-1.png\",\"width\":\"800\",\"height\":\"799\",\"caption\":\"Bilan estival SHN 2023\"},{\"@type\":\"WebPage\",\"@id\":\"https:\/\/fondation-grenoble-inp.fr\/bilan-estival-2023-des-sportifs-de-haut-niveau-soutenus-par-la-fondation\/#webpage\",\"url\":\"https:\/\/fondation-grenoble-inp.fr\/bilan-estival-2023-des-sportifs-de-haut-niveau-soutenus-par-la-fondation\/\",\"name\":\"Bilan estival 2023 des sportifs de haut niveau soutenus par la Fondation - Fondation Grenoble INP\",\"isPartOf\":{\"@id\":\"https:\/\/fondation-grenoble-inp.fr\/#website\"},\"primaryImageOfPage\":{\"@id\":\"https:\/\/fondation-grenoble-inp.fr\/bilan-estival-2023-des-sportifs-de-haut-niveau-soutenus-par-la-fondation\/#primaryimage\"},\"datePublished\":\"2023-10-06T12:17:57+00:00\",\"dateModified\":\"2023-10-23T11:07:01+00:00\",\"description\":\"Ce bilan estival 2023 des sportifs soutenus montre que malgr\u00e9 une saison marqu\u00e9e par des temp\u00e9ratures \u00e9lev\u00e9es, ils ont r\u00e9alis\u00e9 des performances remarquables, illustrant leur d\u00e9termination et leur talent.\u00a0\",\"breadcrumb\":{\"@id\":\"https:\/\/fondation-grenoble-inp.fr\/bilan-estival-2023-des-sportifs-de-haut-niveau-soutenus-par-la-fondation\/#breadcrumb\"},\"inLanguage\":\"en-US\",\"potentialAction\":[{\"@type\":\"ReadAction\",\"target\":[\"https:\/\/fondation-grenoble-inp.fr\/bilan-estival-2023-des-sportifs-de-haut-niveau-soutenus-par-la-fondation\/\"]}]},{\"@type\":\"BreadcrumbList\",\"@id\":\"https:\/\/fondation-grenoble-inp.fr\/bilan-estival-2023-des-sportifs-de-haut-niveau-soutenus-par-la-fondation\/#breadcrumb\",\"itemListElement\":[{\"@type\":\"ListItem\",\"position\":1,\"name\":\"Accueil\",\"item\":\"https:\/\/fondation-grenoble-inp.fr\/\"},{\"@type\":\"ListItem\",\"position\":2,\"name\":\"Bilan estival 2023 des sportifs de haut niveau soutenus par la Fondation\"}]},{\"@type\":\"Article\",\"@id\":\"https:\/\/fondation-grenoble-inp.fr\/bilan-estival-2023-des-sportifs-de-haut-niveau-soutenus-par-la-fondation\/#article\",\"isPartOf\":{\"@id\":\"https:\/\/fondation-grenoble-inp.fr\/bilan-estival-2023-des-sportifs-de-haut-niveau-soutenus-par-la-fondation\/#webpage\"},\"author\":{\"@id\":\"https:\/\/fondation-grenoble-inp.fr\/#\/schema\/person\/7c36548ebaddf05ba7a055d161ebff94\"},\"headline\":\"Bilan estival 2023 des sportifs de haut niveau soutenus par la Fondation\",\"datePublished\":\"2023-10-06T12:17:57+00:00\",\"dateModified\":\"2023-10-23T11:07:01+00:00\",\"mainEntityOfPage\":{\"@id\":\"https:\/\/fondation-grenoble-inp.fr\/bilan-estival-2023-des-sportifs-de-haut-niveau-soutenus-par-la-fondation\/#webpage\"},\"wordCount\":1049,\"publisher\":{\"@id\":\"https:\/\/fondation-grenoble-inp.fr\/#organization\"},\"image\":{\"@id\":\"https:\/\/fondation-grenoble-inp.fr\/bilan-estival-2023-des-sportifs-de-haut-niveau-soutenus-par-la-fondation\/#primaryimage\"},\"thumbnailUrl\":\"https:\/\/fondation-grenoble-inp.fr\/wp-content\/uploads\/2023\/10\/Sebastien-Burnet-1.png\",\"articleSection\":[\"Les Bourses\"],\"inLanguage\":\"en-US\"},{\"@type\":\"Person\",\"@id\":\"https:\/\/fondation-grenoble-inp.fr\/#\/schema\/person\/7c36548ebaddf05ba7a055d161ebff94\",\"name\":\"Marie Dubreuil\",\"image\":{\"@type\":\"ImageObject\",\"@id\":\"https:\/\/fondation-grenoble-inp.fr\/#personlogo\",\"inLanguage\":\"en-US\",\"url\":\"https:\/\/secure.gravatar.com\/avatar\/358eb0ab274d9479ce7c23b8a3f0a360?s=96&d=mm&r=g\",\"contentUrl\":\"https:\/\/secure.gravatar.com\/avatar\/358eb0ab274d9479ce7c23b8a3f0a360?s=96&d=mm&r=g\",\"caption\":\"Marie Dubreuil\"}}]}<\/script>\n<!-- \/ Yoast SEO plugin. -->","yoast_head_json":{"title":"Bilan estival 2023 des sportifs de haut niveau soutenus par la Fondation - Fondation Grenoble INP","description":"Ce bilan estival 2023 des sportifs soutenus montre que malgr\u00e9 une saison marqu\u00e9e par des temp\u00e9ratures \u00e9lev\u00e9es, ils ont r\u00e9alis\u00e9 des performances remarquables, illustrant leur d\u00e9termination et leur talent.\u00a0","robots":{"index":"index","follow":"follow","max-snippet":"max-snippet:-1","max-image-preview":"max-image-preview:large","max-video-preview":"max-video-preview:-1"},"canonical":"https:\/\/fondation-grenoble-inp.fr\/en\/bilan-estival-2023-des-sportifs-de-haut-niveau-soutenus-par-la-fondation\/","og_locale":"en_US","og_type":"article","og_title":"Bilan estival 2023 des sportifs de haut niveau soutenus par la Fondation - Fondation Grenoble INP","og_description":"Ce bilan estival 2023 des sportifs soutenus montre que malgr\u00e9 une saison marqu\u00e9e par des temp\u00e9ratures \u00e9lev\u00e9es, ils ont r\u00e9alis\u00e9 des performances remarquables, illustrant leur d\u00e9termination et leur talent.\u00a0","og_url":"https:\/\/fondation-grenoble-inp.fr\/en\/bilan-estival-2023-des-sportifs-de-haut-niveau-soutenus-par-la-fondation\/","og_site_name":"Fondation Grenoble INP","article_published_time":"2023-10-06T12:17:57+00:00","article_modified_time":"2023-10-23T11:07:01+00:00","og_image":[{"width":"800","height":"799","url":"https:\/\/fondation-grenoble-inp.fr\/wp-content\/uploads\/2023\/10\/Sebastien-Burnet-1.png","type":"image\/png"}],"twitter_card":"summary_large_image","twitter_misc":{"Written by":"Marie Dubreuil","Est. reading time":"6 minutes"},"schema":{"@context":"https:\/\/schema.org","@graph":[{"@type":"Organization","@id":"https:\/\/fondation-grenoble-inp.fr\/#organization","name":"Fondation INP Grenoble","url":"https:\/\/fondation-grenoble-inp.fr\/","sameAs":[],"logo":{"@type":"ImageObject","@id":"https:\/\/fondation-grenoble-inp.fr\/#logo","inLanguage":"en-US","url":"https:\/\/fondation-grenoble-inp.fr\/wp-content\/uploads\/2021\/03\/cropped-favicon-fondation-inp-grenoble.png","contentUrl":"https:\/\/fondation-grenoble-inp.fr\/wp-content\/uploads\/2021\/03\/cropped-favicon-fondation-inp-grenoble.png","width":512,"height":512,"caption":"Fondation INP Grenoble"},"image":{"@id":"https:\/\/fondation-grenoble-inp.fr\/#logo"}},{"@type":"WebSite","@id":"https:\/\/fondation-grenoble-inp.fr\/#website","url":"https:\/\/fondation-grenoble-inp.fr\/","name":"Fondation Grenoble INP","description":"#OsezlAvenir","publisher":{"@id":"https:\/\/fondation-grenoble-inp.fr\/#organization"},"potentialAction":[{"@type":"SearchAction","target":{"@type":"EntryPoint","urlTemplate":"https:\/\/fondation-grenoble-inp.fr\/?s={search_term_string}"},"query-input":"required name=search_term_string"}],"inLanguage":"en-US"},{"@type":"ImageObject","@id":"https:\/\/fondation-grenoble-inp.fr\/bilan-estival-2023-des-sportifs-de-haut-niveau-soutenus-par-la-fondation\/#primaryimage","inLanguage":"en-US","url":"https:\/\/fondation-grenoble-inp.fr\/wp-content\/uploads\/2023\/10\/Sebastien-Burnet-1.png","contentUrl":"https:\/\/fondation-grenoble-inp.fr\/wp-content\/uploads\/2023\/10\/Sebastien-Burnet-1.png","width":"800","height":"799","caption":"Bilan estival SHN 2023"},{"@type":"WebPage","@id":"https:\/\/fondation-grenoble-inp.fr\/bilan-estival-2023-des-sportifs-de-haut-niveau-soutenus-par-la-fondation\/#webpage","url":"https:\/\/fondation-grenoble-inp.fr\/bilan-estival-2023-des-sportifs-de-haut-niveau-soutenus-par-la-fondation\/","name":"Bilan estival 2023 des sportifs de haut niveau soutenus par la Fondation - Fondation Grenoble INP","isPartOf":{"@id":"https:\/\/fondation-grenoble-inp.fr\/#website"},"primaryImageOfPage":{"@id":"https:\/\/fondation-grenoble-inp.fr\/bilan-estival-2023-des-sportifs-de-haut-niveau-soutenus-par-la-fondation\/#primaryimage"},"datePublished":"2023-10-06T12:17:57+00:00","dateModified":"2023-10-23T11:07:01+00:00","description":"Ce bilan estival 2023 des sportifs soutenus montre que malgr\u00e9 une saison marqu\u00e9e par des temp\u00e9ratures \u00e9lev\u00e9es, ils ont r\u00e9alis\u00e9 des performances remarquables, illustrant leur d\u00e9termination et leur talent.\u00a0","breadcrumb":{"@id":"https:\/\/fondation-grenoble-inp.fr\/bilan-estival-2023-des-sportifs-de-haut-niveau-soutenus-par-la-fondation\/#breadcrumb"},"inLanguage":"en-US","potentialAction":[{"@type":"ReadAction","target":["https:\/\/fondation-grenoble-inp.fr\/bilan-estival-2023-des-sportifs-de-haut-niveau-soutenus-par-la-fondation\/"]}]},{"@type":"BreadcrumbList","@id":"https:\/\/fondation-grenoble-inp.fr\/bilan-estival-2023-des-sportifs-de-haut-niveau-soutenus-par-la-fondation\/#breadcrumb","itemListElement":[{"@type":"ListItem","position":1,"name":"Accueil","item":"https:\/\/fondation-grenoble-inp.fr\/"},{"@type":"ListItem","position":2,"name":"Bilan estival 2023 des sportifs de haut niveau soutenus par la Fondation"}]},{"@type":"Article","@id":"https:\/\/fondation-grenoble-inp.fr\/bilan-estival-2023-des-sportifs-de-haut-niveau-soutenus-par-la-fondation\/#article","isPartOf":{"@id":"https:\/\/fondation-grenoble-inp.fr\/bilan-estival-2023-des-sportifs-de-haut-niveau-soutenus-par-la-fondation\/#webpage"},"author":{"@id":"https:\/\/fondation-grenoble-inp.fr\/#\/schema\/person\/7c36548ebaddf05ba7a055d161ebff94"},"headline":"Bilan estival 2023 des sportifs de haut niveau soutenus par la Fondation","datePublished":"2023-10-06T12:17:57+00:00","dateModified":"2023-10-23T11:07:01+00:00","mainEntityOfPage":{"@id":"https:\/\/fondation-grenoble-inp.fr\/bilan-estival-2023-des-sportifs-de-haut-niveau-soutenus-par-la-fondation\/#webpage"},"wordCount":1049,"publisher":{"@id":"https:\/\/fondation-grenoble-inp.fr\/#organization"},"image":{"@id":"https:\/\/fondation-grenoble-inp.fr\/bilan-estival-2023-des-sportifs-de-haut-niveau-soutenus-par-la-fondation\/#primaryimage"},"thumbnailUrl":"https:\/\/fondation-grenoble-inp.fr\/wp-content\/uploads\/2023\/10\/Sebastien-Burnet-1.png","articleSection":["Les Bourses"],"inLanguage":"en-US"},{"@type":"Person","@id":"https:\/\/fondation-grenoble-inp.fr\/#\/schema\/person\/7c36548ebaddf05ba7a055d161ebff94","name":"Marie Dubreuil","image":{"@type":"ImageObject","@id":"https:\/\/fondation-grenoble-inp.fr\/#personlogo","inLanguage":"en-US","url":"https:\/\/secure.gravatar.com\/avatar\/358eb0ab274d9479ce7c23b8a3f0a360?s=96&d=mm&r=g","contentUrl":"https:\/\/secure.gravatar.com\/avatar\/358eb0ab274d9479ce7c23b8a3f0a360?s=96&d=mm&r=g","caption":"Marie Dubreuil"}}]}},"_links":{"self":[{"href":"https:\/\/fondation-grenoble-inp.fr\/en\/wp-json\/wp\/v2\/posts\/16513"}],"collection":[{"href":"https:\/\/fondation-grenoble-inp.fr\/en\/wp-json\/wp\/v2\/posts"}],"about":[{"href":"https:\/\/fondation-grenoble-inp.fr\/en\/wp-json\/wp\/v2\/types\/post"}],"author":[{"embeddable":true,"href":"https:\/\/fondation-grenoble-inp.fr\/en\/wp-json\/wp\/v2\/users\/7"}],"replies":[{"embeddable":true,"href":"https:\/\/fondation-grenoble-inp.fr\/en\/wp-json\/wp\/v2\/comments?post=16513"}],"version-history":[{"count":41,"href":"https:\/\/fondation-grenoble-inp.fr\/en\/wp-json\/wp\/v2\/posts\/16513\/revisions"}],"predecessor-version":[{"id":16657,"href":"https:\/\/fondation-grenoble-inp.fr\/en\/wp-json\/wp\/v2\/posts\/16513\/revisions\/16657"}],"wp:featuredmedia":[{"embeddable":true,"href":"https:\/\/fondation-grenoble-inp.fr\/en\/wp-json\/wp\/v2\/media\/16612"}],"wp:attachment":[{"href":"https:\/\/fondation-grenoble-inp.fr\/en\/wp-json\/wp\/v2\/media?parent=16513"}],"wp:term":[{"taxonomy":"category","embeddable":true,"href":"https:\/\/fondation-grenoble-inp.fr\/en\/wp-json\/wp\/v2\/categories?post=16513"},{"taxonomy":"post_tag","embeddable":true,"href":"https:\/\/fondation-grenoble-inp.fr\/en\/wp-json\/wp\/v2\/tags?post=16513"}],"curies":[{"name":"wp","href":"https:\/\/api.w.org\/{rel}","templated":true}]}}