{"id":17987,"date":"2024-04-11T11:48:06","date_gmt":"2024-04-11T09:48:06","guid":{"rendered":"https:\/\/fondation-grenoble-inp.fr\/?p=17987"},"modified":"2024-04-15T09:44:24","modified_gmt":"2024-04-15T07:44:24","slug":"journee-mondiale-de-lart-rencontre-avec-amelia-le-blaye-piano-et-chant-lyrique","status":"publish","type":"post","link":"https:\/\/fondation-grenoble-inp.fr\/en\/journee-mondiale-de-lart-rencontre-avec-amelia-le-blaye-piano-et-chant-lyrique\/","title":{"rendered":"Journ\u00e9e mondiale de l&rsquo;Art : rencontre avec Am\u00e9lia Le Blaye (piano et chant lyrique)"},"content":{"rendered":"<div data-elementor-type=\"wp-post\" data-elementor-id=\"17987\" data-post-id=\"17987\" data-obj-id=\"17987\" class=\"elementor elementor-17987 dce-elementor-post-17987\" data-elementor-settings=\"[]\">\n\t\t\t\t\t\t<div class=\"elementor-inner\">\n\t\t\t\t\t\t\t<div class=\"elementor-section-wrap\">\n\t\t\t\t\t\t\t<section class=\"elementor-section elementor-top-section elementor-element elementor-element-e41b69b elementor-section-boxed elementor-section-height-default elementor-section-height-default\" data-id=\"e41b69b\" data-element_type=\"section\">\n\t\t\t\t\t\t<div class=\"elementor-container elementor-column-gap-default\">\n\t\t\t\t\t\t\t<div class=\"elementor-row\">\n\t\t\t\t\t<div class=\"elementor-column elementor-col-66 elementor-top-column elementor-element elementor-element-9d0efe5\" data-id=\"9d0efe5\" data-element_type=\"column\">\n\t\t\t<div class=\"elementor-column-wrap elementor-element-populated\">\n\t\t\t\t\t\t\t<div class=\"elementor-widget-wrap\">\n\t\t\t\t\t\t<div class=\"elementor-element elementor-element-e3da9e8 elementor-widget elementor-widget-text-editor\" data-id=\"e3da9e8\" data-element_type=\"widget\" data-widget_type=\"text-editor.default\">\n\t\t\t\t<div class=\"elementor-widget-container\">\n\t\t\t\t\t\t\t\t<div class=\"elementor-text-editor elementor-clearfix\">\n\t\t\t\t<p><strong>Ce lundi 15 avril 2024, nous c\u00e9l\u00e9brons la Journ\u00e9e Mondiale de l&rsquo;Art, d\u00e9di\u00e9e \u00e0 encourager le d\u00e9veloppement et la diffusion de toutes les formes d&rsquo;expression artistique. Cet \u00e9v\u00e9nement vise \u00e0 renforcer les liens entre l&rsquo;art et la soci\u00e9t\u00e9, ainsi qu&rsquo;\u00e0 accro\u00eetre la visibilit\u00e9 des artistes. \u00c0 cette occasion, nous avons eu le plaisir de rencontrer <a href=\"https:\/\/www.linkedin.com\/in\/am%C3%A9lia-le-blaye-652bb1260\/\" target=\"_blank\" rel=\"noopener\">Am\u00e9lia Le Blaye<\/a>, \u00e9tudiante \u00e0 <a href=\"https:\/\/polytech.grenoble-inp.fr\/\" target=\"_blank\" rel=\"noopener\">Polytech Grenoble &#8211; INP, UGA<\/a> et Artiste de Haut Niveau soutenue par la <a href=\"https:\/\/fondation-grenoble-inp.fr\/en\/\" target=\"_blank\" rel=\"noopener\">Grenoble INP Foundation<\/a> \u00e0 travers la <a href=\"https:\/\/fondation-grenoble-inp.fr\/en\/bourses-dexcellence\/\" target=\"_blank\" rel=\"noopener\">bourse d&rsquo;excellence<\/a>.\u00a0<\/strong><\/p>\t\t\t\t\t<\/div>\n\t\t\t\t\t\t<\/div>\n\t\t\t\t<\/div>\n\t\t\t\t\t\t<\/div>\n\t\t\t\t\t<\/div>\n\t\t<\/div>\n\t\t\t\t<div class=\"elementor-column elementor-col-33 elementor-top-column elementor-element elementor-element-45bcaa9\" data-id=\"45bcaa9\" data-element_type=\"column\">\n\t\t\t<div class=\"elementor-column-wrap elementor-element-populated\">\n\t\t\t\t\t\t\t<div class=\"elementor-widget-wrap\">\n\t\t\t\t\t\t<div class=\"elementor-element elementor-element-3e11e8d dce_masking-none elementor-widget elementor-widget-image\" data-id=\"3e11e8d\" data-element_type=\"widget\" data-widget_type=\"image.default\">\n\t\t\t\t<div class=\"elementor-widget-container\">\n\t\t\t\t\t\t\t\t<div class=\"elementor-image\">\n\t\t\t\t\t\t\t\t\t\t\t\t<img width=\"678\" height=\"678\" src=\"https:\/\/fondation-grenoble-inp.fr\/wp-content\/uploads\/2024\/02\/Amelia-Le-Blaye.png\" class=\"attachment-large size-large\" alt=\"Am\u00e9lia Le Blaye\" loading=\"lazy\" srcset=\"https:\/\/fondation-grenoble-inp.fr\/wp-content\/uploads\/2024\/02\/Amelia-Le-Blaye.png 678w, https:\/\/fondation-grenoble-inp.fr\/wp-content\/uploads\/2024\/02\/Amelia-Le-Blaye-300x300.png 300w, https:\/\/fondation-grenoble-inp.fr\/wp-content\/uploads\/2024\/02\/Amelia-Le-Blaye-150x150.png 150w, https:\/\/fondation-grenoble-inp.fr\/wp-content\/uploads\/2024\/02\/Amelia-Le-Blaye-12x12.png 12w\" sizes=\"(max-width: 678px) 100vw, 678px\" \/>\t\t\t\t\t\t\t\t\t\t\t\t\t\t<\/div>\n\t\t\t\t\t\t<\/div>\n\t\t\t\t<\/div>\n\t\t\t\t\t\t<\/div>\n\t\t\t\t\t<\/div>\n\t\t<\/div>\n\t\t\t\t\t\t\t\t<\/div>\n\t\t\t\t\t<\/div>\n\t\t<\/section>\n\t\t\t\t<section class=\"elementor-section elementor-top-section elementor-element elementor-element-53d35e6 elementor-section-boxed elementor-section-height-default elementor-section-height-default\" data-id=\"53d35e6\" data-element_type=\"section\">\n\t\t\t\t\t\t<div class=\"elementor-container elementor-column-gap-default\">\n\t\t\t\t\t\t\t<div class=\"elementor-row\">\n\t\t\t\t\t<div class=\"elementor-column elementor-col-100 elementor-top-column elementor-element elementor-element-789cf37\" data-id=\"789cf37\" data-element_type=\"column\">\n\t\t\t<div class=\"elementor-column-wrap elementor-element-populated\">\n\t\t\t\t\t\t\t<div class=\"elementor-widget-wrap\">\n\t\t\t\t\t\t<div class=\"elementor-element elementor-element-ef06345 elementor-widget elementor-widget-text-editor\" data-id=\"ef06345\" data-element_type=\"widget\" data-widget_type=\"text-editor.default\">\n\t\t\t\t<div class=\"elementor-widget-container\">\n\t\t\t\t\t\t\t\t<div class=\"elementor-text-editor elementor-clearfix\">\n\t\t\t\t<h2>Peux-tu te pr\u00e9senter en quelques mots ?<\/h2>\t\t\t\t\t<\/div>\n\t\t\t\t\t\t<\/div>\n\t\t\t\t<\/div>\n\t\t\t\t<div class=\"elementor-element elementor-element-d419c9b elementor-widget elementor-widget-text-editor\" data-id=\"d419c9b\" data-element_type=\"widget\" data-widget_type=\"text-editor.default\">\n\t\t\t\t<div class=\"elementor-widget-container\">\n\t\t\t\t\t\t\t\t<div class=\"elementor-text-editor elementor-clearfix\">\n\t\t\t\t<p>Je m\u2019appelle Am\u00e9lia Le Blaye et je suis actuellement \u00e9tudiante en 4\u1d49 ann\u00e9e de Gestion des Risques Industriels \u00e0 Polytech Grenoble. En parall\u00e8le de mes \u00e9tudes, je suis pianiste, \u00e9l\u00e8ve au <strong><a href=\"https:\/\/www.grenoble.fr\/1491-conservatoire-de-grenoble.htm\" target=\"_blank\" rel=\"noopener\">Conservatoire de Grenoble<\/a><\/strong> et exerce une pratique intensive de la musique gr\u00e2ce au statut Artiste de Haut Niveau.<\/p>\t\t\t\t\t<\/div>\n\t\t\t\t\t\t<\/div>\n\t\t\t\t<\/div>\n\t\t\t\t\t\t<\/div>\n\t\t\t\t\t<\/div>\n\t\t<\/div>\n\t\t\t\t\t\t\t\t<\/div>\n\t\t\t\t\t<\/div>\n\t\t<\/section>\n\t\t\t\t<section class=\"elementor-section elementor-top-section elementor-element elementor-element-26f42cc elementor-section-boxed elementor-section-height-default elementor-section-height-default\" data-id=\"26f42cc\" data-element_type=\"section\">\n\t\t\t\t\t\t<div class=\"elementor-container elementor-column-gap-default\">\n\t\t\t\t\t\t\t<div class=\"elementor-row\">\n\t\t\t\t\t<div class=\"elementor-column elementor-col-100 elementor-top-column elementor-element elementor-element-fbdb486\" data-id=\"fbdb486\" data-element_type=\"column\">\n\t\t\t<div class=\"elementor-column-wrap elementor-element-populated\">\n\t\t\t\t\t\t\t<div class=\"elementor-widget-wrap\">\n\t\t\t\t\t\t<div class=\"elementor-element elementor-element-93750cf elementor-widget elementor-widget-text-editor\" data-id=\"93750cf\" data-element_type=\"widget\" data-widget_type=\"text-editor.default\">\n\t\t\t\t<div class=\"elementor-widget-container\">\n\t\t\t\t\t\t\t\t<div class=\"elementor-text-editor elementor-clearfix\">\n\t\t\t\t<h2>Pourquoi avoir choisi d&rsquo;\u00e9tudier \u00e0 Polytech Grenoble ?<\/h2>\t\t\t\t\t<\/div>\n\t\t\t\t\t\t<\/div>\n\t\t\t\t<\/div>\n\t\t\t\t<div class=\"elementor-element elementor-element-6c919fc elementor-widget elementor-widget-text-editor\" data-id=\"6c919fc\" data-element_type=\"widget\" data-widget_type=\"text-editor.default\">\n\t\t\t\t<div class=\"elementor-widget-container\">\n\t\t\t\t\t\t\t\t<div class=\"elementor-text-editor elementor-clearfix\">\n\t\t\t\t<p>Ma volont\u00e9 premi\u00e8re \u00e9tait de faire mes \u00e9tudes \u00e0 Grenoble pour avoir l\u2019opportunit\u00e9 de b\u00e9n\u00e9ficier du statut Artiste de Haut Niveau et poursuivre ma pratique musicale. J\u2019ai choisi Polytech Grenoble \u00e0 la suite d\u2019une porte ouverte o\u00f9 j\u2019ai rencontr\u00e9 un Sportif de Haut Niveau qui m\u2019a prouv\u00e9 qu\u2019il \u00e9tait possible d\u2019avoir un fort investissement dans un sport ou un art tout en r\u00e9ussissant ses \u00e9tudes. Il m\u2019a rassur\u00e9 quant \u00e0 l\u2019accompagnement des \u00e9l\u00e8ves SHN \u00e0 Polytech et mon choix s\u2019est donc naturellement port\u00e9 vers cette \u00e9cole.<\/p>\t\t\t\t\t<\/div>\n\t\t\t\t\t\t<\/div>\n\t\t\t\t<\/div>\n\t\t\t\t\t\t<\/div>\n\t\t\t\t\t<\/div>\n\t\t<\/div>\n\t\t\t\t\t\t\t\t<\/div>\n\t\t\t\t\t<\/div>\n\t\t<\/section>\n\t\t\t\t<section class=\"elementor-section elementor-top-section elementor-element elementor-element-0253c7e elementor-section-boxed elementor-section-height-default elementor-section-height-default\" data-id=\"0253c7e\" data-element_type=\"section\">\n\t\t\t\t\t\t<div class=\"elementor-container elementor-column-gap-default\">\n\t\t\t\t\t\t\t<div class=\"elementor-row\">\n\t\t\t\t\t<div class=\"elementor-column elementor-col-100 elementor-top-column elementor-element elementor-element-1cddfc7\" data-id=\"1cddfc7\" data-element_type=\"column\">\n\t\t\t<div class=\"elementor-column-wrap elementor-element-populated\">\n\t\t\t\t\t\t\t<div class=\"elementor-widget-wrap\">\n\t\t\t\t\t\t<div class=\"elementor-element elementor-element-0b9735f elementor-widget elementor-widget-text-editor\" data-id=\"0b9735f\" data-element_type=\"widget\" data-widget_type=\"text-editor.default\">\n\t\t\t\t<div class=\"elementor-widget-container\">\n\t\t\t\t\t\t\t\t<div class=\"elementor-text-editor elementor-clearfix\">\n\t\t\t\t<h2>Comment est venue ta passion pour la musique ?<\/h2>\t\t\t\t\t<\/div>\n\t\t\t\t\t\t<\/div>\n\t\t\t\t<\/div>\n\t\t\t\t<div class=\"elementor-element elementor-element-b294962 elementor-widget elementor-widget-text-editor\" data-id=\"b294962\" data-element_type=\"widget\" data-widget_type=\"text-editor.default\">\n\t\t\t\t<div class=\"elementor-widget-container\">\n\t\t\t\t\t\t\t\t<div class=\"elementor-text-editor elementor-clearfix\">\n\t\t\t\t<p>J\u2019ai commenc\u00e9 la musique tr\u00e8s jeune, comme beaucoup d\u2019enfants, au <strong><a href=\"https:\/\/www.gardrhodanien.fr\/services\/enseignements-artistiques\/le-conservatoire-de-musique-a-bagnols-sur-ceze\/\" target=\"_blank\" rel=\"noopener\">Conservatoire de Bagnols sur C\u00e8ze<\/a><\/strong> dans le sud de la France. J\u2019ai eu la chance d\u2019avoir un enseignant qui m\u2019a communiqu\u00e9 sa passion pour la musique et elle ne m\u2019a jamais quitt\u00e9 depuis.<\/p>\t\t\t\t\t<\/div>\n\t\t\t\t\t\t<\/div>\n\t\t\t\t<\/div>\n\t\t\t\t\t\t<\/div>\n\t\t\t\t\t<\/div>\n\t\t<\/div>\n\t\t\t\t\t\t\t\t<\/div>\n\t\t\t\t\t<\/div>\n\t\t<\/section>\n\t\t\t\t<section class=\"elementor-section elementor-top-section elementor-element elementor-element-d7c3d7b elementor-section-boxed elementor-section-height-default elementor-section-height-default\" data-id=\"d7c3d7b\" data-element_type=\"section\">\n\t\t\t\t\t\t<div class=\"elementor-container elementor-column-gap-default\">\n\t\t\t\t\t\t\t<div class=\"elementor-row\">\n\t\t\t\t\t<div class=\"elementor-column elementor-col-100 elementor-top-column elementor-element elementor-element-594400f\" data-id=\"594400f\" data-element_type=\"column\">\n\t\t\t<div class=\"elementor-column-wrap elementor-element-populated\">\n\t\t\t\t\t\t\t<div class=\"elementor-widget-wrap\">\n\t\t\t\t\t\t<div class=\"elementor-element elementor-element-7c3c2a8 elementor-widget elementor-widget-text-editor\" data-id=\"7c3c2a8\" data-element_type=\"widget\" data-widget_type=\"text-editor.default\">\n\t\t\t\t<div class=\"elementor-widget-container\">\n\t\t\t\t\t\t\t\t<div class=\"elementor-text-editor elementor-clearfix\">\n\t\t\t\t<h2>Peux-tu pr\u00e9senter le spectacle \u00ab Ah ! Ah ! Ah ! Ah ! Ah ! Je t\u2019aime \u00bb ?<\/h2>\t\t\t\t\t<\/div>\n\t\t\t\t\t\t<\/div>\n\t\t\t\t<\/div>\n\t\t\t\t<div class=\"elementor-element elementor-element-243f996 elementor-widget elementor-widget-text-editor\" data-id=\"243f996\" data-element_type=\"widget\" data-widget_type=\"text-editor.default\">\n\t\t\t\t<div class=\"elementor-widget-container\">\n\t\t\t\t\t\t\t\t<div class=\"elementor-text-editor elementor-clearfix\">\n\t\t\t\t<div>En 2022, un projet au conservatoire m\u2019a fait rencontrer Angelina Demarchi-Roussel, chanteuse lyrique. Une complicit\u00e9 est n\u00e9e de cette rencontre et nous avons eu envie de cr\u00e9er un projet de spectacle musical et th\u00e9\u00e2tral ensemble. Cette cr\u00e9ation a \u00e9t\u00e9 r\u00e9alis\u00e9e en collaboration avec la metteuse en sc\u00e8ne Brigitte Mercier.<\/div><div>\u00a0<\/div><div>Ce projet de cr\u00e9ation hybride na\u00eet de l&rsquo;envie de cr\u00e9er un autre rapport au r\u00e9cital classique, en sortant d&rsquo;une interpr\u00e9tation fig\u00e9e dans l&rsquo;espace par le d\u00e9veloppement d&rsquo;une th\u00e9\u00e2tralit\u00e9. Cette volont\u00e9 se retrouve dans le choix de r\u00e9pertoire : des airs d&rsquo;op\u00e9ra, d&rsquo;op\u00e9rettes et des m\u00e9lodies (tout en langue fran\u00e7aise) \u00e9voquant une grande libert\u00e9 d&rsquo;expression et palette d&rsquo;\u00e9motions. Notre spectacle se divise en trois actes. Nous imaginons deux amies ou s\u0153urs \u00e9voluant de l\u2019\u00e2ge adolescent \u00e0 l&rsquo;\u00e2ge adulte.<\/div>\t\t\t\t\t<\/div>\n\t\t\t\t\t\t<\/div>\n\t\t\t\t<\/div>\n\t\t\t\t\t\t<\/div>\n\t\t\t\t\t<\/div>\n\t\t<\/div>\n\t\t\t\t\t\t\t\t<\/div>\n\t\t\t\t\t<\/div>\n\t\t<\/section>\n\t\t\t\t<section class=\"elementor-section elementor-top-section elementor-element elementor-element-6249152 elementor-section-boxed elementor-section-height-default elementor-section-height-default\" data-id=\"6249152\" data-element_type=\"section\">\n\t\t\t\t\t\t<div class=\"elementor-container elementor-column-gap-default\">\n\t\t\t\t\t\t\t<div class=\"elementor-row\">\n\t\t\t\t\t<div class=\"elementor-column elementor-col-100 elementor-top-column elementor-element elementor-element-9b6043a\" data-id=\"9b6043a\" data-element_type=\"column\">\n\t\t\t<div class=\"elementor-column-wrap elementor-element-populated\">\n\t\t\t\t\t\t\t<div class=\"elementor-widget-wrap\">\n\t\t\t\t\t\t<div class=\"elementor-element elementor-element-1a982e4 elementor-widget elementor-widget-text-editor\" data-id=\"1a982e4\" data-element_type=\"widget\" data-widget_type=\"text-editor.default\">\n\t\t\t\t<div class=\"elementor-widget-container\">\n\t\t\t\t\t\t\t\t<div class=\"elementor-text-editor elementor-clearfix\">\n\t\t\t\t<h2>Comment parviens-tu \u00e0 coupler cette passion avec tes \u00e9tudes ?<\/h2>\t\t\t\t\t<\/div>\n\t\t\t\t\t\t<\/div>\n\t\t\t\t<\/div>\n\t\t\t\t<div class=\"elementor-element elementor-element-af76702 elementor-widget elementor-widget-text-editor\" data-id=\"af76702\" data-element_type=\"widget\" data-widget_type=\"text-editor.default\">\n\t\t\t\t<div class=\"elementor-widget-container\">\n\t\t\t\t\t\t\t\t<div class=\"elementor-text-editor elementor-clearfix\">\n\t\t\t\t<div>Je pense que l\u2019autonomie, l\u2019organisation et le travail efficace sont des points cl\u00e9 pour assurer ma forte charge de travail. Mon organisation du temps selon mes priorit\u00e9s m\u2019a permis de poursuivre ma pratique musicale avec mes \u00e9tudes d\u2019ing\u00e9nieur depuis presque 5 ans. Les interlocuteurs de <strong><a href=\"https:\/\/www.grenoble-inp.fr\/\" target=\"_blank\" rel=\"noopener\">Grenoble INP \u2013 UGA<\/a><\/strong> qui ont aid\u00e9 \u00e0 mettre en place mes am\u00e9nagements ont \u00e9t\u00e9 d\u2019un soutien important.<\/div>\t\t\t\t\t<\/div>\n\t\t\t\t\t\t<\/div>\n\t\t\t\t<\/div>\n\t\t\t\t\t\t<\/div>\n\t\t\t\t\t<\/div>\n\t\t<\/div>\n\t\t\t\t\t\t\t\t<\/div>\n\t\t\t\t\t<\/div>\n\t\t<\/section>\n\t\t\t\t<section class=\"elementor-section elementor-top-section elementor-element elementor-element-732d9f4 elementor-section-boxed elementor-section-height-default elementor-section-height-default\" data-id=\"732d9f4\" data-element_type=\"section\">\n\t\t\t\t\t\t<div class=\"elementor-container elementor-column-gap-default\">\n\t\t\t\t\t\t\t<div class=\"elementor-row\">\n\t\t\t\t\t<div class=\"elementor-column elementor-col-100 elementor-top-column elementor-element elementor-element-6ba9bf7\" data-id=\"6ba9bf7\" data-element_type=\"column\">\n\t\t\t<div class=\"elementor-column-wrap elementor-element-populated\">\n\t\t\t\t\t\t\t<div class=\"elementor-widget-wrap\">\n\t\t\t\t\t\t<div class=\"elementor-element elementor-element-77059c2 elementor-widget elementor-widget-text-editor\" data-id=\"77059c2\" data-element_type=\"widget\" data-widget_type=\"text-editor.default\">\n\t\t\t\t<div class=\"elementor-widget-container\">\n\t\t\t\t\t\t\t\t<div class=\"elementor-text-editor elementor-clearfix\">\n\t\t\t\t<h2>As-tu un souvenir ou une anecdote \u00e0 raconter, en lien avec ta pratique artistique ?<\/h2>\t\t\t\t\t<\/div>\n\t\t\t\t\t\t<\/div>\n\t\t\t\t<\/div>\n\t\t\t\t<div class=\"elementor-element elementor-element-ba154cc elementor-widget elementor-widget-text-editor\" data-id=\"ba154cc\" data-element_type=\"widget\" data-widget_type=\"text-editor.default\">\n\t\t\t\t<div class=\"elementor-widget-container\">\n\t\t\t\t\t\t\t\t<div class=\"elementor-text-editor elementor-clearfix\">\n\t\t\t\t<p>Je me souviens tr\u00e8s bien de notre prestation \u00e0 la MC2 de Grenoble pour l\u2019\u00e9v\u00e9nement <strong><a href=\"https:\/\/mt180.fr\/\" target=\"_blank\" rel=\"noopener\">MT180<\/a><\/strong> (Ma th\u00e8se en 180 secondes). La rencontre avec les doctorants avait \u00e9t\u00e9 plaisante et c\u2019\u00e9tait int\u00e9ressant de voir leur mani\u00e8re de r\u00e9agir \u00e0 la sc\u00e8ne. Le public \u00e9tait aussi tr\u00e8s bienveillant et r\u00e9actif \u00e0 l\u2019humour de notre extrait du spectacle. Avoir fait rire cette salle enti\u00e8re restera un souvenir musical marquant !<\/p>\t\t\t\t\t<\/div>\n\t\t\t\t\t\t<\/div>\n\t\t\t\t<\/div>\n\t\t\t\t\t\t<\/div>\n\t\t\t\t\t<\/div>\n\t\t<\/div>\n\t\t\t\t\t\t\t\t<\/div>\n\t\t\t\t\t<\/div>\n\t\t<\/section>\n\t\t\t\t<section class=\"elementor-section elementor-top-section elementor-element elementor-element-41b7a5e elementor-section-boxed elementor-section-height-default elementor-section-height-default\" data-id=\"41b7a5e\" data-element_type=\"section\">\n\t\t\t\t\t\t<div class=\"elementor-container elementor-column-gap-default\">\n\t\t\t\t\t\t\t<div class=\"elementor-row\">\n\t\t\t\t\t<div class=\"elementor-column elementor-col-100 elementor-top-column elementor-element elementor-element-b2b53fd\" data-id=\"b2b53fd\" data-element_type=\"column\">\n\t\t\t<div class=\"elementor-column-wrap elementor-element-populated\">\n\t\t\t\t\t\t\t<div class=\"elementor-widget-wrap\">\n\t\t\t\t\t\t<div class=\"elementor-element elementor-element-df8b8b6 elementor-widget elementor-widget-text-editor\" data-id=\"df8b8b6\" data-element_type=\"widget\" data-widget_type=\"text-editor.default\">\n\t\t\t\t<div class=\"elementor-widget-container\">\n\t\t\t\t\t\t\t\t<div class=\"elementor-text-editor elementor-clearfix\">\n\t\t\t\t<h2>Comment la Fondation Grenoble INP te soutient-elle dans ce double projet ?<\/h2>\t\t\t\t\t<\/div>\n\t\t\t\t\t\t<\/div>\n\t\t\t\t<\/div>\n\t\t\t\t<div class=\"elementor-element elementor-element-e62373b elementor-widget elementor-widget-text-editor\" data-id=\"e62373b\" data-element_type=\"widget\" data-widget_type=\"text-editor.default\">\n\t\t\t\t<div class=\"elementor-widget-container\">\n\t\t\t\t\t\t\t\t<div class=\"elementor-text-editor elementor-clearfix\">\n\t\t\t\t<div>La reconnaissance de la Fondation Grenoble INP m\u2019a apport\u00e9 de la confiance dans ce projet de spectacle. B\u00e9n\u00e9ficier de cette bourse est \u00e9galement une source de motivation dans le d\u00e9veloppement de mes projets musicaux et dans la r\u00e9ussite de mes \u00e9tudes d\u2019ing\u00e9nieurs. Ce soutien financier me permet de louer des pianos pour des concerts ou de r\u00e9gler le co\u00fbt des costumes du spectacle.\u00a0<\/div>\t\t\t\t\t<\/div>\n\t\t\t\t\t\t<\/div>\n\t\t\t\t<\/div>\n\t\t\t\t\t\t<\/div>\n\t\t\t\t\t<\/div>\n\t\t<\/div>\n\t\t\t\t\t\t\t\t<\/div>\n\t\t\t\t\t<\/div>\n\t\t<\/section>\n\t\t\t\t<section class=\"elementor-section elementor-top-section elementor-element elementor-element-b533477 elementor-section-boxed elementor-section-height-default elementor-section-height-default\" data-id=\"b533477\" data-element_type=\"section\">\n\t\t\t\t\t\t<div class=\"elementor-container elementor-column-gap-default\">\n\t\t\t\t\t\t\t<div class=\"elementor-row\">\n\t\t\t\t\t<div class=\"elementor-column elementor-col-100 elementor-top-column elementor-element elementor-element-453bf28\" data-id=\"453bf28\" data-element_type=\"column\">\n\t\t\t<div class=\"elementor-column-wrap elementor-element-populated\">\n\t\t\t\t\t\t\t<div class=\"elementor-widget-wrap\">\n\t\t\t\t\t\t<div class=\"elementor-element elementor-element-f7a35ef elementor-widget elementor-widget-text-editor\" data-id=\"f7a35ef\" data-element_type=\"widget\" data-widget_type=\"text-editor.default\">\n\t\t\t\t<div class=\"elementor-widget-container\">\n\t\t\t\t\t\t\t\t<div class=\"elementor-text-editor elementor-clearfix\">\n\t\t\t\t<h2>Comment vois-tu la suite, apr\u00e8s tes \u00e9tudes ?<\/h2>\t\t\t\t\t<\/div>\n\t\t\t\t\t\t<\/div>\n\t\t\t\t<\/div>\n\t\t\t\t<div class=\"elementor-element elementor-element-6ae66ca elementor-widget elementor-widget-text-editor\" data-id=\"6ae66ca\" data-element_type=\"widget\" data-widget_type=\"text-editor.default\">\n\t\t\t\t<div class=\"elementor-widget-container\">\n\t\t\t\t\t\t\t\t<div class=\"elementor-text-editor elementor-clearfix\">\n\t\t\t\t<p>La musique fera partie de ma vie de mani\u00e8re certaine. J\u2019aimerais me consacrer un moment \u00e0 la musique apr\u00e8s mes \u00e9tudes. Je me laisserai la possibilit\u00e9 ensuite de saisir les opportunit\u00e9s professionnelles qui se dresseront sur mon chemin, qu&rsquo;elles soient musicales ou en entreprise.<\/p>\t\t\t\t\t<\/div>\n\t\t\t\t\t\t<\/div>\n\t\t\t\t<\/div>\n\t\t\t\t\t\t<\/div>\n\t\t\t\t\t<\/div>\n\t\t<\/div>\n\t\t\t\t\t\t\t\t<\/div>\n\t\t\t\t\t<\/div>\n\t\t<\/section>\n\t\t\t\t<section class=\"elementor-section elementor-top-section elementor-element elementor-element-9e417e0 elementor-section-boxed elementor-section-height-default elementor-section-height-default\" data-id=\"9e417e0\" data-element_type=\"section\">\n\t\t\t\t\t\t<div class=\"elementor-container elementor-column-gap-default\">\n\t\t\t\t\t\t\t<div class=\"elementor-row\">\n\t\t\t\t\t<div class=\"elementor-column elementor-col-100 elementor-top-column elementor-element elementor-element-02a6e0b\" data-id=\"02a6e0b\" data-element_type=\"column\">\n\t\t\t<div class=\"elementor-column-wrap elementor-element-populated\">\n\t\t\t\t\t\t\t<div class=\"elementor-widget-wrap\">\n\t\t\t\t\t\t<div class=\"elementor-element elementor-element-b2d9e7a elementor-widget elementor-widget-text-editor\" data-id=\"b2d9e7a\" data-element_type=\"widget\" data-widget_type=\"text-editor.default\">\n\t\t\t\t<div class=\"elementor-widget-container\">\n\t\t\t\t\t\t\t\t<div class=\"elementor-text-editor elementor-clearfix\">\n\t\t\t\t<p><em><strong><a href=\"https:\/\/fondation-grenoble-inp.fr\/en\/bourses-dexcellence\/\" target=\"_blank\" rel=\"noopener\">En savoir plus sur la bourse d&rsquo;excellence<\/a><\/strong><\/em><\/p>\t\t\t\t\t<\/div>\n\t\t\t\t\t\t<\/div>\n\t\t\t\t<\/div>\n\t\t\t\t\t\t<\/div>\n\t\t\t\t\t<\/div>\n\t\t<\/div>\n\t\t\t\t\t\t\t\t<\/div>\n\t\t\t\t\t<\/div>\n\t\t<\/section>\n\t\t\t\t\t\t<\/div>\n\t\t\t\t\t\t<\/div>\n\t\t\t\t\t<\/div>","protected":false},"excerpt":{"rendered":"<p>Pour la Journ\u00e9e Mondiale de l&rsquo;Art, nous avons eu le plaisir de rencontrer Am\u00e9lia Le Blaye, \u00e9tudiante \u00e0 Polytech Grenoble &#8211; INP et Artiste de Haut Niveau soutenue par la Fondation Grenoble INP. <\/p>","protected":false},"author":7,"featured_media":17990,"comment_status":"closed","ping_status":"open","sticky":false,"template":"","format":"standard","meta":[],"categories":[477],"tags":[],"acf":[],"yoast_head":"<!-- This site is optimized with the Yoast SEO plugin v18.0 - https:\/\/yoast.com\/wordpress\/plugins\/seo\/ -->\n<title>Journ\u00e9e mondiale de l&#039;Art : rencontre avec Am\u00e9lia Le Blaye (piano et chant lyrique) - Fondation Grenoble INP<\/title>\n<meta name=\"description\" content=\"Pour la Journ\u00e9e Mondiale de l&#039;Art, nous avons eu le plaisir de rencontrer Am\u00e9lia Le Blaye, \u00e9tudiante \u00e0 Polytech Grenoble - INP et Artiste de Haut Niveau soutenue par la Fondation Grenoble INP.\" \/>\n<meta name=\"robots\" content=\"index, follow, max-snippet:-1, max-image-preview:large, max-video-preview:-1\" \/>\n<link rel=\"canonical\" href=\"https:\/\/fondation-grenoble-inp.fr\/en\/journee-mondiale-de-lart-rencontre-avec-amelia-le-blaye-piano-et-chant-lyrique\/\" \/>\n<meta property=\"og:locale\" content=\"en_US\" \/>\n<meta property=\"og:type\" content=\"article\" \/>\n<meta property=\"og:title\" content=\"Journ\u00e9e mondiale de l&#039;Art : rencontre avec Am\u00e9lia Le Blaye (piano et chant lyrique) - Fondation Grenoble INP\" \/>\n<meta property=\"og:description\" content=\"Pour la Journ\u00e9e Mondiale de l&#039;Art, nous avons eu le plaisir de rencontrer Am\u00e9lia Le Blaye, \u00e9tudiante \u00e0 Polytech Grenoble - INP et Artiste de Haut Niveau soutenue par la Fondation Grenoble INP.\" \/>\n<meta property=\"og:url\" content=\"https:\/\/fondation-grenoble-inp.fr\/en\/journee-mondiale-de-lart-rencontre-avec-amelia-le-blaye-piano-et-chant-lyrique\/\" \/>\n<meta property=\"og:site_name\" content=\"Fondation Grenoble INP\" \/>\n<meta property=\"article:published_time\" content=\"2024-04-11T09:48:06+00:00\" \/>\n<meta property=\"article:modified_time\" content=\"2024-04-15T07:44:24+00:00\" \/>\n<meta property=\"og:image\" content=\"https:\/\/fondation-grenoble-inp.fr\/wp-content\/uploads\/2024\/04\/Photo-Amelia-LE-BLAYE-2-1024x684.jpg\" \/>\n\t<meta property=\"og:image:width\" content=\"1024\" \/>\n\t<meta property=\"og:image:height\" content=\"684\" \/>\n\t<meta property=\"og:image:type\" content=\"image\/jpeg\" \/>\n<meta name=\"twitter:card\" content=\"summary_large_image\" \/>\n<meta name=\"twitter:label1\" content=\"Written by\" \/>\n\t<meta name=\"twitter:data1\" content=\"Marie Dubreuil\" \/>\n\t<meta name=\"twitter:label2\" content=\"Est. reading time\" \/>\n\t<meta name=\"twitter:data2\" content=\"4 minutes\" \/>\n<script type=\"application\/ld+json\" class=\"yoast-schema-graph\">{\"@context\":\"https:\/\/schema.org\",\"@graph\":[{\"@type\":\"Organization\",\"@id\":\"https:\/\/fondation-grenoble-inp.fr\/#organization\",\"name\":\"Fondation INP Grenoble\",\"url\":\"https:\/\/fondation-grenoble-inp.fr\/\",\"sameAs\":[],\"logo\":{\"@type\":\"ImageObject\",\"@id\":\"https:\/\/fondation-grenoble-inp.fr\/#logo\",\"inLanguage\":\"en-US\",\"url\":\"https:\/\/fondation-grenoble-inp.fr\/wp-content\/uploads\/2021\/03\/cropped-favicon-fondation-inp-grenoble.png\",\"contentUrl\":\"https:\/\/fondation-grenoble-inp.fr\/wp-content\/uploads\/2021\/03\/cropped-favicon-fondation-inp-grenoble.png\",\"width\":512,\"height\":512,\"caption\":\"Fondation INP Grenoble\"},\"image\":{\"@id\":\"https:\/\/fondation-grenoble-inp.fr\/#logo\"}},{\"@type\":\"WebSite\",\"@id\":\"https:\/\/fondation-grenoble-inp.fr\/#website\",\"url\":\"https:\/\/fondation-grenoble-inp.fr\/\",\"name\":\"Fondation Grenoble INP\",\"description\":\"#OsezlAvenir\",\"publisher\":{\"@id\":\"https:\/\/fondation-grenoble-inp.fr\/#organization\"},\"potentialAction\":[{\"@type\":\"SearchAction\",\"target\":{\"@type\":\"EntryPoint\",\"urlTemplate\":\"https:\/\/fondation-grenoble-inp.fr\/?s={search_term_string}\"},\"query-input\":\"required name=search_term_string\"}],\"inLanguage\":\"en-US\"},{\"@type\":\"ImageObject\",\"@id\":\"https:\/\/fondation-grenoble-inp.fr\/journee-mondiale-de-lart-rencontre-avec-amelia-le-blaye-piano-et-chant-lyrique\/#primaryimage\",\"inLanguage\":\"en-US\",\"url\":\"https:\/\/fondation-grenoble-inp.fr\/wp-content\/uploads\/2024\/04\/Photo-Amelia-LE-BLAYE-2.jpg\",\"contentUrl\":\"https:\/\/fondation-grenoble-inp.fr\/wp-content\/uploads\/2024\/04\/Photo-Amelia-LE-BLAYE-2.jpg\",\"width\":\"1965\",\"height\":\"1312\"},{\"@type\":\"WebPage\",\"@id\":\"https:\/\/fondation-grenoble-inp.fr\/journee-mondiale-de-lart-rencontre-avec-amelia-le-blaye-piano-et-chant-lyrique\/#webpage\",\"url\":\"https:\/\/fondation-grenoble-inp.fr\/journee-mondiale-de-lart-rencontre-avec-amelia-le-blaye-piano-et-chant-lyrique\/\",\"name\":\"Journ\u00e9e mondiale de l'Art : rencontre avec Am\u00e9lia Le Blaye (piano et chant lyrique) - Fondation Grenoble INP\",\"isPartOf\":{\"@id\":\"https:\/\/fondation-grenoble-inp.fr\/#website\"},\"primaryImageOfPage\":{\"@id\":\"https:\/\/fondation-grenoble-inp.fr\/journee-mondiale-de-lart-rencontre-avec-amelia-le-blaye-piano-et-chant-lyrique\/#primaryimage\"},\"datePublished\":\"2024-04-11T09:48:06+00:00\",\"dateModified\":\"2024-04-15T07:44:24+00:00\",\"description\":\"Pour la Journ\u00e9e Mondiale de l'Art, nous avons eu le plaisir de rencontrer Am\u00e9lia Le Blaye, \u00e9tudiante \u00e0 Polytech Grenoble - INP et Artiste de Haut Niveau soutenue par la Fondation Grenoble INP.\",\"breadcrumb\":{\"@id\":\"https:\/\/fondation-grenoble-inp.fr\/journee-mondiale-de-lart-rencontre-avec-amelia-le-blaye-piano-et-chant-lyrique\/#breadcrumb\"},\"inLanguage\":\"en-US\",\"potentialAction\":[{\"@type\":\"ReadAction\",\"target\":[\"https:\/\/fondation-grenoble-inp.fr\/journee-mondiale-de-lart-rencontre-avec-amelia-le-blaye-piano-et-chant-lyrique\/\"]}]},{\"@type\":\"BreadcrumbList\",\"@id\":\"https:\/\/fondation-grenoble-inp.fr\/journee-mondiale-de-lart-rencontre-avec-amelia-le-blaye-piano-et-chant-lyrique\/#breadcrumb\",\"itemListElement\":[{\"@type\":\"ListItem\",\"position\":1,\"name\":\"Accueil\",\"item\":\"https:\/\/fondation-grenoble-inp.fr\/\"},{\"@type\":\"ListItem\",\"position\":2,\"name\":\"Journ\u00e9e mondiale de l&rsquo;Art : rencontre avec Am\u00e9lia Le Blaye (piano et chant lyrique)\"}]},{\"@type\":\"Article\",\"@id\":\"https:\/\/fondation-grenoble-inp.fr\/journee-mondiale-de-lart-rencontre-avec-amelia-le-blaye-piano-et-chant-lyrique\/#article\",\"isPartOf\":{\"@id\":\"https:\/\/fondation-grenoble-inp.fr\/journee-mondiale-de-lart-rencontre-avec-amelia-le-blaye-piano-et-chant-lyrique\/#webpage\"},\"author\":{\"@id\":\"https:\/\/fondation-grenoble-inp.fr\/#\/schema\/person\/7c36548ebaddf05ba7a055d161ebff94\"},\"headline\":\"Journ\u00e9e mondiale de l&rsquo;Art : rencontre avec Am\u00e9lia Le Blaye (piano et chant lyrique)\",\"datePublished\":\"2024-04-11T09:48:06+00:00\",\"dateModified\":\"2024-04-15T07:44:24+00:00\",\"mainEntityOfPage\":{\"@id\":\"https:\/\/fondation-grenoble-inp.fr\/journee-mondiale-de-lart-rencontre-avec-amelia-le-blaye-piano-et-chant-lyrique\/#webpage\"},\"wordCount\":797,\"publisher\":{\"@id\":\"https:\/\/fondation-grenoble-inp.fr\/#organization\"},\"image\":{\"@id\":\"https:\/\/fondation-grenoble-inp.fr\/journee-mondiale-de-lart-rencontre-avec-amelia-le-blaye-piano-et-chant-lyrique\/#primaryimage\"},\"thumbnailUrl\":\"https:\/\/fondation-grenoble-inp.fr\/wp-content\/uploads\/2024\/04\/Photo-Amelia-LE-BLAYE-2.jpg\",\"articleSection\":[\"Les Bourses\"],\"inLanguage\":\"en-US\"},{\"@type\":\"Person\",\"@id\":\"https:\/\/fondation-grenoble-inp.fr\/#\/schema\/person\/7c36548ebaddf05ba7a055d161ebff94\",\"name\":\"Marie Dubreuil\",\"image\":{\"@type\":\"ImageObject\",\"@id\":\"https:\/\/fondation-grenoble-inp.fr\/#personlogo\",\"inLanguage\":\"en-US\",\"url\":\"https:\/\/secure.gravatar.com\/avatar\/358eb0ab274d9479ce7c23b8a3f0a360?s=96&d=mm&r=g\",\"contentUrl\":\"https:\/\/secure.gravatar.com\/avatar\/358eb0ab274d9479ce7c23b8a3f0a360?s=96&d=mm&r=g\",\"caption\":\"Marie Dubreuil\"}}]}<\/script>\n<!-- \/ Yoast SEO plugin. -->","yoast_head_json":{"title":"Journ\u00e9e mondiale de l'Art : rencontre avec Am\u00e9lia Le Blaye (piano et chant lyrique) - Fondation Grenoble INP","description":"Pour la Journ\u00e9e Mondiale de l'Art, nous avons eu le plaisir de rencontrer Am\u00e9lia Le Blaye, \u00e9tudiante \u00e0 Polytech Grenoble - INP et Artiste de Haut Niveau soutenue par la Fondation Grenoble INP.","robots":{"index":"index","follow":"follow","max-snippet":"max-snippet:-1","max-image-preview":"max-image-preview:large","max-video-preview":"max-video-preview:-1"},"canonical":"https:\/\/fondation-grenoble-inp.fr\/en\/journee-mondiale-de-lart-rencontre-avec-amelia-le-blaye-piano-et-chant-lyrique\/","og_locale":"en_US","og_type":"article","og_title":"Journ\u00e9e mondiale de l'Art : rencontre avec Am\u00e9lia Le Blaye (piano et chant lyrique) - Fondation Grenoble INP","og_description":"Pour la Journ\u00e9e Mondiale de l'Art, nous avons eu le plaisir de rencontrer Am\u00e9lia Le Blaye, \u00e9tudiante \u00e0 Polytech Grenoble - INP et Artiste de Haut Niveau soutenue par la Fondation Grenoble INP.","og_url":"https:\/\/fondation-grenoble-inp.fr\/en\/journee-mondiale-de-lart-rencontre-avec-amelia-le-blaye-piano-et-chant-lyrique\/","og_site_name":"Fondation Grenoble INP","article_published_time":"2024-04-11T09:48:06+00:00","article_modified_time":"2024-04-15T07:44:24+00:00","og_image":[{"width":"1024","height":"684","url":"https:\/\/fondation-grenoble-inp.fr\/wp-content\/uploads\/2024\/04\/Photo-Amelia-LE-BLAYE-2-1024x684.jpg","type":"image\/jpeg"}],"twitter_card":"summary_large_image","twitter_misc":{"Written by":"Marie Dubreuil","Est. reading time":"4 minutes"},"schema":{"@context":"https:\/\/schema.org","@graph":[{"@type":"Organization","@id":"https:\/\/fondation-grenoble-inp.fr\/#organization","name":"Fondation INP Grenoble","url":"https:\/\/fondation-grenoble-inp.fr\/","sameAs":[],"logo":{"@type":"ImageObject","@id":"https:\/\/fondation-grenoble-inp.fr\/#logo","inLanguage":"en-US","url":"https:\/\/fondation-grenoble-inp.fr\/wp-content\/uploads\/2021\/03\/cropped-favicon-fondation-inp-grenoble.png","contentUrl":"https:\/\/fondation-grenoble-inp.fr\/wp-content\/uploads\/2021\/03\/cropped-favicon-fondation-inp-grenoble.png","width":512,"height":512,"caption":"Fondation INP Grenoble"},"image":{"@id":"https:\/\/fondation-grenoble-inp.fr\/#logo"}},{"@type":"WebSite","@id":"https:\/\/fondation-grenoble-inp.fr\/#website","url":"https:\/\/fondation-grenoble-inp.fr\/","name":"Fondation Grenoble INP","description":"#OsezlAvenir","publisher":{"@id":"https:\/\/fondation-grenoble-inp.fr\/#organization"},"potentialAction":[{"@type":"SearchAction","target":{"@type":"EntryPoint","urlTemplate":"https:\/\/fondation-grenoble-inp.fr\/?s={search_term_string}"},"query-input":"required name=search_term_string"}],"inLanguage":"en-US"},{"@type":"ImageObject","@id":"https:\/\/fondation-grenoble-inp.fr\/journee-mondiale-de-lart-rencontre-avec-amelia-le-blaye-piano-et-chant-lyrique\/#primaryimage","inLanguage":"en-US","url":"https:\/\/fondation-grenoble-inp.fr\/wp-content\/uploads\/2024\/04\/Photo-Amelia-LE-BLAYE-2.jpg","contentUrl":"https:\/\/fondation-grenoble-inp.fr\/wp-content\/uploads\/2024\/04\/Photo-Amelia-LE-BLAYE-2.jpg","width":"1965","height":"1312"},{"@type":"WebPage","@id":"https:\/\/fondation-grenoble-inp.fr\/journee-mondiale-de-lart-rencontre-avec-amelia-le-blaye-piano-et-chant-lyrique\/#webpage","url":"https:\/\/fondation-grenoble-inp.fr\/journee-mondiale-de-lart-rencontre-avec-amelia-le-blaye-piano-et-chant-lyrique\/","name":"Journ\u00e9e mondiale de l'Art : rencontre avec Am\u00e9lia Le Blaye (piano et chant lyrique) - Fondation Grenoble INP","isPartOf":{"@id":"https:\/\/fondation-grenoble-inp.fr\/#website"},"primaryImageOfPage":{"@id":"https:\/\/fondation-grenoble-inp.fr\/journee-mondiale-de-lart-rencontre-avec-amelia-le-blaye-piano-et-chant-lyrique\/#primaryimage"},"datePublished":"2024-04-11T09:48:06+00:00","dateModified":"2024-04-15T07:44:24+00:00","description":"Pour la Journ\u00e9e Mondiale de l'Art, nous avons eu le plaisir de rencontrer Am\u00e9lia Le Blaye, \u00e9tudiante \u00e0 Polytech Grenoble - INP et Artiste de Haut Niveau soutenue par la Fondation Grenoble INP.","breadcrumb":{"@id":"https:\/\/fondation-grenoble-inp.fr\/journee-mondiale-de-lart-rencontre-avec-amelia-le-blaye-piano-et-chant-lyrique\/#breadcrumb"},"inLanguage":"en-US","potentialAction":[{"@type":"ReadAction","target":["https:\/\/fondation-grenoble-inp.fr\/journee-mondiale-de-lart-rencontre-avec-amelia-le-blaye-piano-et-chant-lyrique\/"]}]},{"@type":"BreadcrumbList","@id":"https:\/\/fondation-grenoble-inp.fr\/journee-mondiale-de-lart-rencontre-avec-amelia-le-blaye-piano-et-chant-lyrique\/#breadcrumb","itemListElement":[{"@type":"ListItem","position":1,"name":"Accueil","item":"https:\/\/fondation-grenoble-inp.fr\/"},{"@type":"ListItem","position":2,"name":"Journ\u00e9e mondiale de l&rsquo;Art : rencontre avec Am\u00e9lia Le Blaye (piano et chant lyrique)"}]},{"@type":"Article","@id":"https:\/\/fondation-grenoble-inp.fr\/journee-mondiale-de-lart-rencontre-avec-amelia-le-blaye-piano-et-chant-lyrique\/#article","isPartOf":{"@id":"https:\/\/fondation-grenoble-inp.fr\/journee-mondiale-de-lart-rencontre-avec-amelia-le-blaye-piano-et-chant-lyrique\/#webpage"},"author":{"@id":"https:\/\/fondation-grenoble-inp.fr\/#\/schema\/person\/7c36548ebaddf05ba7a055d161ebff94"},"headline":"Journ\u00e9e mondiale de l&rsquo;Art : rencontre avec Am\u00e9lia Le Blaye (piano et chant lyrique)","datePublished":"2024-04-11T09:48:06+00:00","dateModified":"2024-04-15T07:44:24+00:00","mainEntityOfPage":{"@id":"https:\/\/fondation-grenoble-inp.fr\/journee-mondiale-de-lart-rencontre-avec-amelia-le-blaye-piano-et-chant-lyrique\/#webpage"},"wordCount":797,"publisher":{"@id":"https:\/\/fondation-grenoble-inp.fr\/#organization"},"image":{"@id":"https:\/\/fondation-grenoble-inp.fr\/journee-mondiale-de-lart-rencontre-avec-amelia-le-blaye-piano-et-chant-lyrique\/#primaryimage"},"thumbnailUrl":"https:\/\/fondation-grenoble-inp.fr\/wp-content\/uploads\/2024\/04\/Photo-Amelia-LE-BLAYE-2.jpg","articleSection":["Les Bourses"],"inLanguage":"en-US"},{"@type":"Person","@id":"https:\/\/fondation-grenoble-inp.fr\/#\/schema\/person\/7c36548ebaddf05ba7a055d161ebff94","name":"Marie Dubreuil","image":{"@type":"ImageObject","@id":"https:\/\/fondation-grenoble-inp.fr\/#personlogo","inLanguage":"en-US","url":"https:\/\/secure.gravatar.com\/avatar\/358eb0ab274d9479ce7c23b8a3f0a360?s=96&d=mm&r=g","contentUrl":"https:\/\/secure.gravatar.com\/avatar\/358eb0ab274d9479ce7c23b8a3f0a360?s=96&d=mm&r=g","caption":"Marie Dubreuil"}}]}},"_links":{"self":[{"href":"https:\/\/fondation-grenoble-inp.fr\/en\/wp-json\/wp\/v2\/posts\/17987"}],"collection":[{"href":"https:\/\/fondation-grenoble-inp.fr\/en\/wp-json\/wp\/v2\/posts"}],"about":[{"href":"https:\/\/fondation-grenoble-inp.fr\/en\/wp-json\/wp\/v2\/types\/post"}],"author":[{"embeddable":true,"href":"https:\/\/fondation-grenoble-inp.fr\/en\/wp-json\/wp\/v2\/users\/7"}],"replies":[{"embeddable":true,"href":"https:\/\/fondation-grenoble-inp.fr\/en\/wp-json\/wp\/v2\/comments?post=17987"}],"version-history":[{"count":9,"href":"https:\/\/fondation-grenoble-inp.fr\/en\/wp-json\/wp\/v2\/posts\/17987\/revisions"}],"predecessor-version":[{"id":17999,"href":"https:\/\/fondation-grenoble-inp.fr\/en\/wp-json\/wp\/v2\/posts\/17987\/revisions\/17999"}],"wp:featuredmedia":[{"embeddable":true,"href":"https:\/\/fondation-grenoble-inp.fr\/en\/wp-json\/wp\/v2\/media\/17990"}],"wp:attachment":[{"href":"https:\/\/fondation-grenoble-inp.fr\/en\/wp-json\/wp\/v2\/media?parent=17987"}],"wp:term":[{"taxonomy":"category","embeddable":true,"href":"https:\/\/fondation-grenoble-inp.fr\/en\/wp-json\/wp\/v2\/categories?post=17987"},{"taxonomy":"post_tag","embeddable":true,"href":"https:\/\/fondation-grenoble-inp.fr\/en\/wp-json\/wp\/v2\/tags?post=17987"}],"curies":[{"name":"wp","href":"https:\/\/api.w.org\/{rel}","templated":true}]}}