{"id":18196,"date":"2024-06-06T14:17:17","date_gmt":"2024-06-06T12:17:17","guid":{"rendered":"https:\/\/fondation-grenoble-inp.fr\/?p=18196"},"modified":"2024-07-19T12:34:16","modified_gmt":"2024-07-19T10:34:16","slug":"bilan-hivernal-2023-2024-des-sportifs-de-haut-niveau-soutenus-par-la-fondation-2","status":"publish","type":"post","link":"https:\/\/fondation-grenoble-inp.fr\/en\/bilan-hivernal-2023-2024-des-sportifs-de-haut-niveau-soutenus-par-la-fondation-2\/","title":{"rendered":"Bilan hivernal 2023-2024 des sportifs de haut niveau soutenus par la Fondation"},"content":{"rendered":"<div data-elementor-type=\"wp-post\" data-elementor-id=\"18196\" data-post-id=\"18196\" data-obj-id=\"18196\" class=\"elementor elementor-18196 dce-elementor-post-18196\" data-elementor-settings=\"[]\">\n\t\t\t\t\t\t<div class=\"elementor-inner\">\n\t\t\t\t\t\t\t<div class=\"elementor-section-wrap\">\n\t\t\t\t\t\t\t<section class=\"elementor-section elementor-top-section elementor-element elementor-element-67722f2 elementor-section-boxed elementor-section-height-default elementor-section-height-default\" data-id=\"67722f2\" data-element_type=\"section\">\n\t\t\t\t\t\t<div class=\"elementor-container elementor-column-gap-default\">\n\t\t\t\t\t\t\t<div class=\"elementor-row\">\n\t\t\t\t\t<div class=\"elementor-column elementor-col-100 elementor-top-column elementor-element elementor-element-0d39d5d\" data-id=\"0d39d5d\" data-element_type=\"column\">\n\t\t\t<div class=\"elementor-column-wrap elementor-element-populated\">\n\t\t\t\t\t\t\t<div class=\"elementor-widget-wrap\">\n\t\t\t\t\t\t<div class=\"elementor-element elementor-element-b1581c1 elementor-widget elementor-widget-text-editor\" data-id=\"b1581c1\" data-element_type=\"widget\" data-widget_type=\"text-editor.default\">\n\t\t\t\t<div class=\"elementor-widget-container\">\n\t\t\t\t\t\t\t\t<div class=\"elementor-text-editor elementor-clearfix\">\n\t\t\t\t<p><strong>La Fondation Grenoble INP soutient les \u00e9tudiants de <a href=\"https:\/\/www.grenoble-inp.fr\/\" target=\"_blank\" rel=\"noopener\">Grenoble INP \u2013 UGA<\/a> gr\u00e2ce aux <a href=\"https:\/\/fondation-grenoble-inp.fr\/en\/bourses-dexcellence\/\" target=\"_blank\" rel=\"noopener\">bourses d\u2019excellence<\/a>, leur permettant de conjuguer leurs \u00e9tudes avec la pratique de leur sport \u00e0 un niveau de comp\u00e9tition \u00e9lev\u00e9. Nous sommes ravis de partager avec vous le bilan hivernal 2023-2024 de nos 9 sportifs de haut niveau, dont 4 ont \u00e9t\u00e9 accompagn\u00e9s gr\u00e2ce au m\u00e9c\u00e9nat du <a href=\"https:\/\/fondationandurand.org\/\" target=\"_blank\" rel=\"noopener\">Fond de Dotation Andurand<\/a>. Cette saison a \u00e9t\u00e9 marqu\u00e9e par de belles performances de leur part.<\/strong><\/p>\t\t\t\t\t<\/div>\n\t\t\t\t\t\t<\/div>\n\t\t\t\t<\/div>\n\t\t\t\t\t\t<\/div>\n\t\t\t\t\t<\/div>\n\t\t<\/div>\n\t\t\t\t\t\t\t\t<\/div>\n\t\t\t\t\t<\/div>\n\t\t<\/section>\n\t\t\t\t<section class=\"elementor-section elementor-top-section elementor-element elementor-element-619a646 elementor-section-boxed elementor-section-height-default elementor-section-height-default\" data-id=\"619a646\" data-element_type=\"section\">\n\t\t\t\t\t\t<div class=\"elementor-container elementor-column-gap-default\">\n\t\t\t\t\t\t\t<div class=\"elementor-row\">\n\t\t\t\t\t<div class=\"elementor-column elementor-col-100 elementor-top-column elementor-element elementor-element-b798b95\" data-id=\"b798b95\" data-element_type=\"column\">\n\t\t\t<div class=\"elementor-column-wrap elementor-element-populated\">\n\t\t\t\t\t\t\t<div class=\"elementor-widget-wrap\">\n\t\t\t\t\t\t<div class=\"elementor-element elementor-element-cb4f9b4 elementor-widget elementor-widget-text-editor\" data-id=\"cb4f9b4\" data-element_type=\"widget\" data-widget_type=\"text-editor.default\">\n\t\t\t\t<div class=\"elementor-widget-container\">\n\t\t\t\t\t\t\t\t<div class=\"elementor-text-editor elementor-clearfix\">\n\t\t\t\t<h2>Margaux Herpin (Snowboard Cross)<\/h2>\t\t\t\t\t<\/div>\n\t\t\t\t\t\t<\/div>\n\t\t\t\t<\/div>\n\t\t\t\t<div class=\"elementor-element elementor-element-cfb730d elementor-widget elementor-widget-text-editor\" data-id=\"cfb730d\" data-element_type=\"widget\" data-widget_type=\"text-editor.default\">\n\t\t\t\t<div class=\"elementor-widget-container\">\n\t\t\t\t\t\t\t\t<div class=\"elementor-text-editor elementor-clearfix\">\n\t\t\t\t<p><span id=\"p44\">\u00c9tudiante au <strong><a href=\"https:\/\/www.polytech-reseau.org\/cycle-preparatoire-peip\/\" target=\"_blank\" rel=\"noopener\">Parcours des \u00e9coles d&rsquo;ing\u00e9nieur (PeiP)<\/a><\/strong>, Margaux est membre de l\u2019\u00e9quipe de France de snowboard cross, dans le groupe Coupe du Monde. Apr\u00e8s une blessure grave lors de la derni\u00e8re \u00e9tape de la Coupe du Monde en Suisse en mars 2022, elle a subi plusieurs op\u00e9rations complexes, dont la pose d&rsquo;une proth\u00e8se de hanche, ainsi qu&rsquo;une longue r\u00e9\u00e9ducation. Une premi\u00e8re dans le snowboard cross, cette proth\u00e8se pose des probl\u00e8mes m\u00e9dicaux et juridiques pour reprendre la comp\u00e9tition. Des commissions m\u00e9dicales ont alors lieu pour d\u00e9cider si la proth\u00e8se repr\u00e9sente un trop gros risque pour la pratique du snowboardcross. Apr\u00e8s 11 mois d\u2019incertitudes, Margaux obtient enfin, en janvier 2024, l&rsquo;autorisation de reprendre la comp\u00e9tition.<\/span><\/p>\t\t\t\t\t<\/div>\n\t\t\t\t\t\t<\/div>\n\t\t\t\t<\/div>\n\t\t\t\t\t\t<\/div>\n\t\t\t\t\t<\/div>\n\t\t<\/div>\n\t\t\t\t\t\t\t\t<\/div>\n\t\t\t\t\t<\/div>\n\t\t<\/section>\n\t\t\t\t<section class=\"elementor-section elementor-top-section elementor-element elementor-element-180fbd9 elementor-section-boxed elementor-section-height-default elementor-section-height-default\" data-id=\"180fbd9\" data-element_type=\"section\">\n\t\t\t\t\t\t<div class=\"elementor-container elementor-column-gap-default\">\n\t\t\t\t\t\t\t<div class=\"elementor-row\">\n\t\t\t\t\t<div class=\"elementor-column elementor-col-33 elementor-top-column elementor-element elementor-element-4120b60\" data-id=\"4120b60\" data-element_type=\"column\">\n\t\t\t<div class=\"elementor-column-wrap elementor-element-populated\">\n\t\t\t\t\t\t\t<div class=\"elementor-widget-wrap\">\n\t\t\t\t\t\t<div class=\"elementor-element elementor-element-3a3223c dce_masking-none elementor-widget elementor-widget-image\" data-id=\"3a3223c\" data-element_type=\"widget\" data-widget_type=\"image.default\">\n\t\t\t\t<div class=\"elementor-widget-container\">\n\t\t\t\t\t\t\t\t<div class=\"elementor-image\">\n\t\t\t\t\t\t\t\t\t\t\t\t<img width=\"510\" height=\"510\" src=\"https:\/\/fondation-grenoble-inp.fr\/wp-content\/uploads\/2024\/02\/Margaux-Herpin-1.png\" class=\"attachment-large size-large\" alt=\"Margaux Herpin\" loading=\"lazy\" srcset=\"https:\/\/fondation-grenoble-inp.fr\/wp-content\/uploads\/2024\/02\/Margaux-Herpin-1.png 510w, https:\/\/fondation-grenoble-inp.fr\/wp-content\/uploads\/2024\/02\/Margaux-Herpin-1-300x300.png 300w, https:\/\/fondation-grenoble-inp.fr\/wp-content\/uploads\/2024\/02\/Margaux-Herpin-1-150x150.png 150w, https:\/\/fondation-grenoble-inp.fr\/wp-content\/uploads\/2024\/02\/Margaux-Herpin-1-12x12.png 12w\" sizes=\"(max-width: 510px) 100vw, 510px\" \/>\t\t\t\t\t\t\t\t\t\t\t\t\t\t<\/div>\n\t\t\t\t\t\t<\/div>\n\t\t\t\t<\/div>\n\t\t\t\t\t\t<\/div>\n\t\t\t\t\t<\/div>\n\t\t<\/div>\n\t\t\t\t<div class=\"elementor-column elementor-col-66 elementor-top-column elementor-element elementor-element-aa4a893\" data-id=\"aa4a893\" data-element_type=\"column\">\n\t\t\t<div class=\"elementor-column-wrap elementor-element-populated\">\n\t\t\t\t\t\t\t<div class=\"elementor-widget-wrap\">\n\t\t\t\t\t\t<div class=\"elementor-element elementor-element-1662907 elementor-widget elementor-widget-text-editor\" data-id=\"1662907\" data-element_type=\"widget\" data-widget_type=\"text-editor.default\">\n\t\t\t\t<div class=\"elementor-widget-container\">\n\t\t\t\t\t\t\t\t<div class=\"elementor-text-editor elementor-clearfix\">\n\t\t\t\t<p>En raison de cette situation, Margaux a choisi de ne pas participer aux comp\u00e9titions cette saison, pr\u00e9f\u00e9rant se concentrer sur la reconstruction de ses bases techniques et sur un retour progressif \u00e0 l&rsquo;entra\u00eenement.\u00a0<\/p><p>Dans le monde du snowboard cross, son histoire a fait du bruit et elle a eu l&rsquo;occasion de la partager dans diverses interviews :<\/p><ul><li><a href=\"https:\/\/cafecremesport.com\/2024\/03\/30\/margaux-herpin-la-fin-dun-long-et-sombre-cauchemar\/\" target=\"_blank\" rel=\"noopener\"><em>Margaux Herpin, la fin d\u2019un long et sombre cauchemar<\/em>, Caf\u00e9 Cr\u00e8me Sport, 30 mars 2024<\/a><\/li><\/ul><ul><li><a href=\"https:\/\/www.ledauphine.com\/sport\/2024\/02\/20\/commission-medicale-prothese-de-hanche-deux-ans-apres-margaux-herpin-a-la-recherche-du-temps-perdu\" target=\"_blank\" rel=\"noopener\"><span id=\"p62\"><em>Fracture du bassin, proth\u00e8se de hanche&#8230; deux ans apr\u00e8s, Margaux Herpin de retour sur les pistes<\/em>, Le Dauphin\u00e9 Lib\u00e9r\u00e9, 20 f\u00e9vrier 2024<\/span><\/a><\/li><\/ul>\t\t\t\t\t<\/div>\n\t\t\t\t\t\t<\/div>\n\t\t\t\t<\/div>\n\t\t\t\t\t\t<\/div>\n\t\t\t\t\t<\/div>\n\t\t<\/div>\n\t\t\t\t\t\t\t\t<\/div>\n\t\t\t\t\t<\/div>\n\t\t<\/section>\n\t\t\t\t<section class=\"elementor-section elementor-top-section elementor-element elementor-element-e20e76a elementor-section-boxed elementor-section-height-default elementor-section-height-default\" data-id=\"e20e76a\" data-element_type=\"section\">\n\t\t\t\t\t\t<div class=\"elementor-container elementor-column-gap-default\">\n\t\t\t\t\t\t\t<div class=\"elementor-row\">\n\t\t\t\t\t<div class=\"elementor-column elementor-col-100 elementor-top-column elementor-element elementor-element-23e8e86\" data-id=\"23e8e86\" data-element_type=\"column\">\n\t\t\t<div class=\"elementor-column-wrap elementor-element-populated\">\n\t\t\t\t\t\t\t<div class=\"elementor-widget-wrap\">\n\t\t\t\t\t\t<div class=\"elementor-element elementor-element-2f5a997 elementor-widget elementor-widget-text-editor\" data-id=\"2f5a997\" data-element_type=\"widget\" data-widget_type=\"text-editor.default\">\n\t\t\t\t<div class=\"elementor-widget-container\">\n\t\t\t\t\t\t\t\t<div class=\"elementor-text-editor elementor-clearfix\">\n\t\t\t\t<p><em>\u00ab Apr\u00e8s des mois de doutes et de douleurs, c&rsquo;est un immense soulagement de pouvoir envisager un retour \u00e0 la comp\u00e9tition. M\u00eame si cette saison a \u00e9t\u00e9 blanche, j&rsquo;ai pu me reconstruire physiquement et mentalement. Mes objectifs sont maintenant de revenir au top de ma forme pour la prochaine saison et de viser une place dans le Top 16 de la Coupe du Monde. \u00bb<\/em><\/p>\t\t\t\t\t<\/div>\n\t\t\t\t\t\t<\/div>\n\t\t\t\t<\/div>\n\t\t\t\t\t\t<\/div>\n\t\t\t\t\t<\/div>\n\t\t<\/div>\n\t\t\t\t\t\t\t\t<\/div>\n\t\t\t\t\t<\/div>\n\t\t<\/section>\n\t\t\t\t<section class=\"elementor-section elementor-top-section elementor-element elementor-element-55b8729 elementor-section-boxed elementor-section-height-default elementor-section-height-default\" data-id=\"55b8729\" data-element_type=\"section\">\n\t\t\t\t\t\t<div class=\"elementor-container elementor-column-gap-default\">\n\t\t\t\t\t\t\t<div class=\"elementor-row\">\n\t\t\t\t\t<div class=\"elementor-column elementor-col-100 elementor-top-column elementor-element elementor-element-2103433\" data-id=\"2103433\" data-element_type=\"column\">\n\t\t\t<div class=\"elementor-column-wrap elementor-element-populated\">\n\t\t\t\t\t\t\t<div class=\"elementor-widget-wrap\">\n\t\t\t\t\t\t<div class=\"elementor-element elementor-element-2cfb2bb elementor-widget elementor-widget-text-editor\" data-id=\"2cfb2bb\" data-element_type=\"widget\" data-widget_type=\"text-editor.default\">\n\t\t\t\t<div class=\"elementor-widget-container\">\n\t\t\t\t\t\t\t\t<div class=\"elementor-text-editor elementor-clearfix\">\n\t\t\t\t<h2>Camille Maupoix (Ski alpinisme)<\/h2>\t\t\t\t\t<\/div>\n\t\t\t\t\t\t<\/div>\n\t\t\t\t<\/div>\n\t\t\t\t\t\t<\/div>\n\t\t\t\t\t<\/div>\n\t\t<\/div>\n\t\t\t\t\t\t\t\t<\/div>\n\t\t\t\t\t<\/div>\n\t\t<\/section>\n\t\t\t\t<section class=\"elementor-section elementor-top-section elementor-element elementor-element-8250b98 elementor-section-boxed elementor-section-height-default elementor-section-height-default\" data-id=\"8250b98\" data-element_type=\"section\">\n\t\t\t\t\t\t<div class=\"elementor-container elementor-column-gap-default\">\n\t\t\t\t\t\t\t<div class=\"elementor-row\">\n\t\t\t\t\t<div class=\"elementor-column elementor-col-100 elementor-top-column elementor-element elementor-element-6097157\" data-id=\"6097157\" data-element_type=\"column\">\n\t\t\t<div class=\"elementor-column-wrap elementor-element-populated\">\n\t\t\t\t\t\t\t<div class=\"elementor-widget-wrap\">\n\t\t\t\t\t\t<div class=\"elementor-element elementor-element-0ae449c elementor-widget elementor-widget-text-editor\" data-id=\"0ae449c\" data-element_type=\"widget\" data-widget_type=\"text-editor.default\">\n\t\t\t\t<div class=\"elementor-widget-container\">\n\t\t\t\t\t\t\t\t<div class=\"elementor-text-editor elementor-clearfix\">\n\t\t\t\t<p>\u00c9tudiante \u00e0 <strong><a href=\"https:\/\/www.la-prepa-des-inp.fr\/\" target=\"_blank\" rel=\"noopener\">La Pr\u00e9pa des INP<\/a><\/strong> de Grenoble, Camille a commenc\u00e9 le ski alpinisme en Premi\u00e8re, apr\u00e8s avoir pratiqu\u00e9 le ski de fond pendant plusieurs ann\u00e9es. Elle \u00e9volue aujourd&rsquo;hui dans cette pratique dans la cat\u00e9gorie U20. Malgr\u00e9 un d\u00e9but de saison compliqu\u00e9, Camille a su rebondir sur les s\u00e9lections suivantes.<\/p>\t\t\t\t\t<\/div>\n\t\t\t\t\t\t<\/div>\n\t\t\t\t<\/div>\n\t\t\t\t\t\t<\/div>\n\t\t\t\t\t<\/div>\n\t\t<\/div>\n\t\t\t\t\t\t\t\t<\/div>\n\t\t\t\t\t<\/div>\n\t\t<\/section>\n\t\t\t\t<section class=\"elementor-section elementor-top-section elementor-element elementor-element-26a5d77 elementor-section-boxed elementor-section-height-default elementor-section-height-default\" data-id=\"26a5d77\" data-element_type=\"section\">\n\t\t\t\t\t\t<div class=\"elementor-container elementor-column-gap-default\">\n\t\t\t\t\t\t\t<div class=\"elementor-row\">\n\t\t\t\t\t<div class=\"elementor-column elementor-col-66 elementor-top-column elementor-element elementor-element-a1dc737\" data-id=\"a1dc737\" data-element_type=\"column\">\n\t\t\t<div class=\"elementor-column-wrap elementor-element-populated\">\n\t\t\t\t\t\t\t<div class=\"elementor-widget-wrap\">\n\t\t\t\t\t\t<div class=\"elementor-element elementor-element-b04d07c elementor-widget elementor-widget-text-editor\" data-id=\"b04d07c\" data-element_type=\"widget\" data-widget_type=\"text-editor.default\">\n\t\t\t\t<div class=\"elementor-widget-container\">\n\t\t\t\t\t\t\t\t<div class=\"elementor-text-editor elementor-clearfix\">\n\t\t\t\t<p><strong>Ses r\u00e9sultats :<\/strong><\/p><p>Niveau national :<\/p><ul><li>3x 3e (Individuel, Sprint, Vertical Race)<\/li><\/ul><p>_<\/p><p>Niveau international :<\/p><ul><li>2\u1d49 Individuel Coupe du Monde en Allemagne<\/li><li>6\u1d49 Vertical Race Coupe du Monde en Allemagne<\/li><li>4\u1d49 Individuel Coupe du Monde en Norv\u00e8ge<\/li><li>5\u1d49 Sprint Coupe du Monde en Norv\u00e8ge<\/li><li>4\u1d49 du classement g\u00e9n\u00e9ral de la Coupe du Monde Jeune (1\u02b3\u1d49 2005)<\/li><\/ul>\t\t\t\t\t<\/div>\n\t\t\t\t\t\t<\/div>\n\t\t\t\t<\/div>\n\t\t\t\t\t\t<\/div>\n\t\t\t\t\t<\/div>\n\t\t<\/div>\n\t\t\t\t<div class=\"elementor-column elementor-col-33 elementor-top-column elementor-element elementor-element-44c5d5f\" data-id=\"44c5d5f\" data-element_type=\"column\">\n\t\t\t<div class=\"elementor-column-wrap elementor-element-populated\">\n\t\t\t\t\t\t\t<div class=\"elementor-widget-wrap\">\n\t\t\t\t\t\t<div class=\"elementor-element elementor-element-38762e0 dce_masking-none elementor-widget elementor-widget-image\" data-id=\"38762e0\" data-element_type=\"widget\" data-widget_type=\"image.default\">\n\t\t\t\t<div class=\"elementor-widget-container\">\n\t\t\t\t\t\t\t\t<div class=\"elementor-image\">\n\t\t\t\t\t\t\t\t\t\t\t\t<img width=\"328\" height=\"328\" src=\"https:\/\/fondation-grenoble-inp.fr\/wp-content\/uploads\/2024\/02\/Camille-Maupoix.png\" class=\"attachment-large size-large\" alt=\"\" loading=\"lazy\" srcset=\"https:\/\/fondation-grenoble-inp.fr\/wp-content\/uploads\/2024\/02\/Camille-Maupoix.png 328w, https:\/\/fondation-grenoble-inp.fr\/wp-content\/uploads\/2024\/02\/Camille-Maupoix-300x300.png 300w, https:\/\/fondation-grenoble-inp.fr\/wp-content\/uploads\/2024\/02\/Camille-Maupoix-150x150.png 150w, https:\/\/fondation-grenoble-inp.fr\/wp-content\/uploads\/2024\/02\/Camille-Maupoix-12x12.png 12w\" sizes=\"(max-width: 328px) 100vw, 328px\" \/>\t\t\t\t\t\t\t\t\t\t\t\t\t\t<\/div>\n\t\t\t\t\t\t<\/div>\n\t\t\t\t<\/div>\n\t\t\t\t\t\t<\/div>\n\t\t\t\t\t<\/div>\n\t\t<\/div>\n\t\t\t\t\t\t\t\t<\/div>\n\t\t\t\t\t<\/div>\n\t\t<\/section>\n\t\t\t\t<section class=\"elementor-section elementor-top-section elementor-element elementor-element-7f6c3d1 elementor-section-boxed elementor-section-height-default elementor-section-height-default\" data-id=\"7f6c3d1\" data-element_type=\"section\">\n\t\t\t\t\t\t<div class=\"elementor-container elementor-column-gap-default\">\n\t\t\t\t\t\t\t<div class=\"elementor-row\">\n\t\t\t\t\t<div class=\"elementor-column elementor-col-100 elementor-top-column elementor-element elementor-element-3931ca2\" data-id=\"3931ca2\" data-element_type=\"column\">\n\t\t\t<div class=\"elementor-column-wrap elementor-element-populated\">\n\t\t\t\t\t\t\t<div class=\"elementor-widget-wrap\">\n\t\t\t\t\t\t<div class=\"elementor-element elementor-element-d68600a elementor-widget elementor-widget-text-editor\" data-id=\"d68600a\" data-element_type=\"widget\" data-widget_type=\"text-editor.default\">\n\t\t\t\t<div class=\"elementor-widget-container\">\n\t\t\t\t\t\t\t\t<div class=\"elementor-text-editor elementor-clearfix\">\n\t\t\t\t<p><em>\u00ab Durant cette saison, j&rsquo;ai r\u00e9ussi \u00e0 monter en puissance tout au long de la saison, \u00e0 me rapprocher de la victoire et \u00e0 progresser au classement g\u00e9n\u00e9ral de la Coupe du Monde. La bourse de la Fondation Grenoble INP m&rsquo;a permis de financer mes nouvelles chaussures de ski en carbone, indispensables pour performer, ainsi que mes d\u00e9placements en Coupes du Monde et d&rsquo;autres d\u00e9penses li\u00e9es \u00e0 ma pratique sportive. Pour la saison prochaine, je vise \u00e0 maintenir ma s\u00e9lection en \u00e9quipe de France jeune, \u00e0 me qualifier pour les Championnats du Monde, \u00e0 terminer sur le podium du classement g\u00e9n\u00e9ral de la Coupe du Monde Jeune, et surtout, je vais continuer \u00e0 me faire plaisir dans le sport. \u00bb<\/em><\/p>\t\t\t\t\t<\/div>\n\t\t\t\t\t\t<\/div>\n\t\t\t\t<\/div>\n\t\t\t\t\t\t<\/div>\n\t\t\t\t\t<\/div>\n\t\t<\/div>\n\t\t\t\t\t\t\t\t<\/div>\n\t\t\t\t\t<\/div>\n\t\t<\/section>\n\t\t\t\t<section class=\"elementor-section elementor-top-section elementor-element elementor-element-afd848c elementor-section-boxed elementor-section-height-default elementor-section-height-default\" data-id=\"afd848c\" data-element_type=\"section\">\n\t\t\t\t\t\t<div class=\"elementor-container elementor-column-gap-default\">\n\t\t\t\t\t\t\t<div class=\"elementor-row\">\n\t\t\t\t\t<div class=\"elementor-column elementor-col-100 elementor-top-column elementor-element elementor-element-2550144\" data-id=\"2550144\" data-element_type=\"column\">\n\t\t\t<div class=\"elementor-column-wrap elementor-element-populated\">\n\t\t\t\t\t\t\t<div class=\"elementor-widget-wrap\">\n\t\t\t\t\t\t<div class=\"elementor-element elementor-element-6d08556 elementor-widget elementor-widget-text-editor\" data-id=\"6d08556\" data-element_type=\"widget\" data-widget_type=\"text-editor.default\">\n\t\t\t\t<div class=\"elementor-widget-container\">\n\t\t\t\t\t\t\t\t<div class=\"elementor-text-editor elementor-clearfix\">\n\t\t\t\t<h2>Daphn\u00e9 Patois (Ski de fond)<\/h2>\t\t\t\t\t<\/div>\n\t\t\t\t\t\t<\/div>\n\t\t\t\t<\/div>\n\t\t\t\t<div class=\"elementor-element elementor-element-a1844b8 elementor-widget elementor-widget-text-editor\" data-id=\"a1844b8\" data-element_type=\"widget\" data-widget_type=\"text-editor.default\">\n\t\t\t\t<div class=\"elementor-widget-container\">\n\t\t\t\t\t\t\t\t<div class=\"elementor-text-editor elementor-clearfix\">\n\t\t\t\t<p>Daphn\u00e9 pratique le ski de fond depuis l&rsquo;age de 6 ans et est \u00e9tudiante \u00e0 <strong><a href=\"https:\/\/www.la-prepa-des-inp.fr\/\" target=\"_blank\" rel=\"noopener\">la Pr\u00e9pa des INP<\/a><\/strong> \u00e0 Grenoble. C\u2019est \u00e0 son entr\u00e9e en 5\u1d49 qu\u2019elle a commenc\u00e9 les comp\u00e9titions de ski, d\u2019abord au niveau d\u00e9partemental, puis national.<\/p>\t\t\t\t\t<\/div>\n\t\t\t\t\t\t<\/div>\n\t\t\t\t<\/div>\n\t\t\t\t\t\t<\/div>\n\t\t\t\t\t<\/div>\n\t\t<\/div>\n\t\t\t\t\t\t\t\t<\/div>\n\t\t\t\t\t<\/div>\n\t\t<\/section>\n\t\t\t\t<section class=\"elementor-section elementor-top-section elementor-element elementor-element-6dcfe7a elementor-section-boxed elementor-section-height-default elementor-section-height-default\" data-id=\"6dcfe7a\" data-element_type=\"section\">\n\t\t\t\t\t\t<div class=\"elementor-container elementor-column-gap-default\">\n\t\t\t\t\t\t\t<div class=\"elementor-row\">\n\t\t\t\t\t<div class=\"elementor-column elementor-col-33 elementor-top-column elementor-element elementor-element-164ca9c\" data-id=\"164ca9c\" data-element_type=\"column\">\n\t\t\t<div class=\"elementor-column-wrap elementor-element-populated\">\n\t\t\t\t\t\t\t<div class=\"elementor-widget-wrap\">\n\t\t\t\t\t\t<div class=\"elementor-element elementor-element-0bbbd88 dce_masking-none elementor-widget elementor-widget-image\" data-id=\"0bbbd88\" data-element_type=\"widget\" data-widget_type=\"image.default\">\n\t\t\t\t<div class=\"elementor-widget-container\">\n\t\t\t\t\t\t\t\t<div class=\"elementor-image\">\n\t\t\t\t\t\t\t\t\t\t\t\t<img width=\"1024\" height=\"1024\" src=\"https:\/\/fondation-grenoble-inp.fr\/wp-content\/uploads\/2023\/07\/Daphne-Patois-Insta-1024x1024.png\" class=\"attachment-large size-large\" alt=\"Daphn\u00e9 Patois\" loading=\"lazy\" srcset=\"https:\/\/fondation-grenoble-inp.fr\/wp-content\/uploads\/2023\/07\/Daphne-Patois-Insta-1024x1024.png 1024w, https:\/\/fondation-grenoble-inp.fr\/wp-content\/uploads\/2023\/07\/Daphne-Patois-Insta-300x300.png 300w, https:\/\/fondation-grenoble-inp.fr\/wp-content\/uploads\/2023\/07\/Daphne-Patois-Insta-150x150.png 150w, https:\/\/fondation-grenoble-inp.fr\/wp-content\/uploads\/2023\/07\/Daphne-Patois-Insta-768x768.png 768w, https:\/\/fondation-grenoble-inp.fr\/wp-content\/uploads\/2023\/07\/Daphne-Patois-Insta-1536x1536.png 1536w, https:\/\/fondation-grenoble-inp.fr\/wp-content\/uploads\/2023\/07\/Daphne-Patois-Insta-12x12.png 12w, https:\/\/fondation-grenoble-inp.fr\/wp-content\/uploads\/2023\/07\/Daphne-Patois-Insta.png 1640w\" sizes=\"(max-width: 1024px) 100vw, 1024px\" \/>\t\t\t\t\t\t\t\t\t\t\t\t\t\t<\/div>\n\t\t\t\t\t\t<\/div>\n\t\t\t\t<\/div>\n\t\t\t\t\t\t<\/div>\n\t\t\t\t\t<\/div>\n\t\t<\/div>\n\t\t\t\t<div class=\"elementor-column elementor-col-66 elementor-top-column elementor-element elementor-element-76e6273\" data-id=\"76e6273\" data-element_type=\"column\">\n\t\t\t<div class=\"elementor-column-wrap elementor-element-populated\">\n\t\t\t\t\t\t\t<div class=\"elementor-widget-wrap\">\n\t\t\t\t\t\t<div class=\"elementor-element elementor-element-c4cd391 elementor-widget elementor-widget-text-editor\" data-id=\"c4cd391\" data-element_type=\"widget\" data-widget_type=\"text-editor.default\">\n\t\t\t\t<div class=\"elementor-widget-container\">\n\t\t\t\t\t\t\t\t<div class=\"elementor-text-editor elementor-clearfix\">\n\t\t\t\t<p><strong>Ses r\u00e9sultats :<\/strong><\/p><ul><li>5\u1d49 aux championnats de France en sprint<\/li><li>Championne de France universitaire<\/li><li>Vainqueure du Marathon de Bessans (15km), de la Foul\u00e9e Blanche(15km) et de la Savoyarde(20km)<\/li><\/ul>\t\t\t\t\t<\/div>\n\t\t\t\t\t\t<\/div>\n\t\t\t\t<\/div>\n\t\t\t\t\t\t<\/div>\n\t\t\t\t\t<\/div>\n\t\t<\/div>\n\t\t\t\t\t\t\t\t<\/div>\n\t\t\t\t\t<\/div>\n\t\t<\/section>\n\t\t\t\t<section class=\"elementor-section elementor-top-section elementor-element elementor-element-a33399b elementor-section-boxed elementor-section-height-default elementor-section-height-default\" data-id=\"a33399b\" data-element_type=\"section\">\n\t\t\t\t\t\t<div class=\"elementor-container elementor-column-gap-default\">\n\t\t\t\t\t\t\t<div class=\"elementor-row\">\n\t\t\t\t\t<div class=\"elementor-column elementor-col-100 elementor-top-column elementor-element elementor-element-aa4fcc1\" data-id=\"aa4fcc1\" data-element_type=\"column\">\n\t\t\t<div class=\"elementor-column-wrap elementor-element-populated\">\n\t\t\t\t\t\t\t<div class=\"elementor-widget-wrap\">\n\t\t\t\t\t\t<div class=\"elementor-element elementor-element-5544a1e elementor-widget elementor-widget-text-editor\" data-id=\"5544a1e\" data-element_type=\"widget\" data-widget_type=\"text-editor.default\">\n\t\t\t\t<div class=\"elementor-widget-container\">\n\t\t\t\t\t\t\t\t<div class=\"elementor-text-editor elementor-clearfix\">\n\t\t\t\t<p><em>\u00ab \u00c0 cause de diff\u00e9rents soucis de sant\u00e9, ma saison n\u2019a pas tr\u00e8s bien commenc\u00e9, mais suite \u00e0 cela, mon niveau de forme n\u2019a fait qu\u2019augmenter jusqu\u2019\u00e0 la fin de saison, o\u00f9 j\u2019ai pu r\u00e9aliser mon objectif d\u2019atteindre une finale de KO sprint lors des championnats de France. J\u2019ai \u00e9galement pu courir sur des distances un peu plus \u00e9lev\u00e9es lors, par exemple, des Championnats de France Universitaires sur la Foul\u00e9e Blanche. Je remercie la Fondation Grenoble INP de m\u2019avoir soutenue sur cette saison qui n\u2019a pas \u00e9t\u00e9 facile, mais plus fructueuse que la pr\u00e9c\u00e9dente, ce qui me donne espoir pour la suite ! \u00bb<\/em><\/p>\t\t\t\t\t<\/div>\n\t\t\t\t\t\t<\/div>\n\t\t\t\t<\/div>\n\t\t\t\t\t\t<\/div>\n\t\t\t\t\t<\/div>\n\t\t<\/div>\n\t\t\t\t\t\t\t\t<\/div>\n\t\t\t\t\t<\/div>\n\t\t<\/section>\n\t\t\t\t<section class=\"elementor-section elementor-top-section elementor-element elementor-element-b9acf47 elementor-section-boxed elementor-section-height-default elementor-section-height-default\" data-id=\"b9acf47\" data-element_type=\"section\">\n\t\t\t\t\t\t<div class=\"elementor-container elementor-column-gap-default\">\n\t\t\t\t\t\t\t<div class=\"elementor-row\">\n\t\t\t\t\t<div class=\"elementor-column elementor-col-100 elementor-top-column elementor-element elementor-element-a7515de\" data-id=\"a7515de\" data-element_type=\"column\">\n\t\t\t<div class=\"elementor-column-wrap elementor-element-populated\">\n\t\t\t\t\t\t\t<div class=\"elementor-widget-wrap\">\n\t\t\t\t\t\t<div class=\"elementor-element elementor-element-b7c60b0 elementor-widget elementor-widget-text-editor\" data-id=\"b7c60b0\" data-element_type=\"widget\" data-widget_type=\"text-editor.default\">\n\t\t\t\t<div class=\"elementor-widget-container\">\n\t\t\t\t\t\t\t\t<div class=\"elementor-text-editor elementor-clearfix\">\n\t\t\t\t<h2>Eliott Robin-Saje (Ski alpinisme)<\/h2>\t\t\t\t\t<\/div>\n\t\t\t\t\t\t<\/div>\n\t\t\t\t<\/div>\n\t\t\t\t<div class=\"elementor-element elementor-element-33ce9e1 elementor-widget elementor-widget-text-editor\" data-id=\"33ce9e1\" data-element_type=\"widget\" data-widget_type=\"text-editor.default\">\n\t\t\t\t<div class=\"elementor-widget-container\">\n\t\t\t\t\t\t\t\t<div class=\"elementor-text-editor elementor-clearfix\">\n\t\t\t\t<p><span id=\"p138\">\u00c9tudiant \u00e0 <strong><a href=\"https:\/\/www.la-prepa-des-inp.fr\/\" target=\"_blank\" rel=\"noopener\">la Pr\u00e9pa des INP \u00e0 Grenoble<\/a><\/strong>, Eliott a commenc\u00e9 le ski \u00e0 l\u2019\u00e2ge de 3 ans. Ensuite, il a fait du v\u00e9lo en comp\u00e9tition avant de se tourner vers le ski alpinisme, qu\u2019il pratiquait en loisir depuis l\u2019\u00e2ge de 14 ans.<\/span><\/p>\t\t\t\t\t<\/div>\n\t\t\t\t\t\t<\/div>\n\t\t\t\t<\/div>\n\t\t\t\t\t\t<\/div>\n\t\t\t\t\t<\/div>\n\t\t<\/div>\n\t\t\t\t\t\t\t\t<\/div>\n\t\t\t\t\t<\/div>\n\t\t<\/section>\n\t\t\t\t<section class=\"elementor-section elementor-top-section elementor-element elementor-element-43af3da elementor-section-boxed elementor-section-height-default elementor-section-height-default\" data-id=\"43af3da\" data-element_type=\"section\">\n\t\t\t\t\t\t<div class=\"elementor-container elementor-column-gap-default\">\n\t\t\t\t\t\t\t<div class=\"elementor-row\">\n\t\t\t\t\t<div class=\"elementor-column elementor-col-66 elementor-top-column elementor-element elementor-element-e534704\" data-id=\"e534704\" data-element_type=\"column\">\n\t\t\t<div class=\"elementor-column-wrap elementor-element-populated\">\n\t\t\t\t\t\t\t<div class=\"elementor-widget-wrap\">\n\t\t\t\t\t\t<div class=\"elementor-element elementor-element-8fafb22 elementor-widget elementor-widget-text-editor\" data-id=\"8fafb22\" data-element_type=\"widget\" data-widget_type=\"text-editor.default\">\n\t\t\t\t<div class=\"elementor-widget-container\">\n\t\t\t\t\t\t\t\t<div class=\"elementor-text-editor elementor-clearfix\">\n\t\t\t\t<p><strong>Ses r\u00e9sultats :<\/strong><\/p><p>Niveau national :<\/p><ul><li>2 fois vice-champion de<br \/>France indiv &amp; verticale<\/li><\/ul><p>_<\/p><p>Niveau international :<\/p><ul><li>Vice-Champion d\u2019Europe de Verticale<\/li><li>M\u00e9daille de Bronze aux Championnats d\u2019Europe d\u2019individuelle<\/li><li>Victoire sur la Finale B du relais mixte des<\/li><li>Championnats d\u2019Europe<br \/>Top 4 Coupe du Monde individuelle<\/li><\/ul>\t\t\t\t\t<\/div>\n\t\t\t\t\t\t<\/div>\n\t\t\t\t<\/div>\n\t\t\t\t\t\t<\/div>\n\t\t\t\t\t<\/div>\n\t\t<\/div>\n\t\t\t\t<div class=\"elementor-column elementor-col-33 elementor-top-column elementor-element elementor-element-8d5f009\" data-id=\"8d5f009\" data-element_type=\"column\">\n\t\t\t<div class=\"elementor-column-wrap elementor-element-populated\">\n\t\t\t\t\t\t\t<div class=\"elementor-widget-wrap\">\n\t\t\t\t\t\t<div class=\"elementor-element elementor-element-c8bea88 dce_masking-none elementor-widget elementor-widget-image\" data-id=\"c8bea88\" data-element_type=\"widget\" data-widget_type=\"image.default\">\n\t\t\t\t<div class=\"elementor-widget-container\">\n\t\t\t\t\t\t\t\t<div class=\"elementor-image\">\n\t\t\t\t\t\t\t\t\t\t\t\t<img width=\"641\" height=\"640\" src=\"https:\/\/fondation-grenoble-inp.fr\/wp-content\/uploads\/2024\/02\/Eliott-Robin-Saje.png\" class=\"attachment-large size-large\" alt=\"Eliott Robin-Saje\" loading=\"lazy\" srcset=\"https:\/\/fondation-grenoble-inp.fr\/wp-content\/uploads\/2024\/02\/Eliott-Robin-Saje.png 641w, https:\/\/fondation-grenoble-inp.fr\/wp-content\/uploads\/2024\/02\/Eliott-Robin-Saje-300x300.png 300w, https:\/\/fondation-grenoble-inp.fr\/wp-content\/uploads\/2024\/02\/Eliott-Robin-Saje-150x150.png 150w, https:\/\/fondation-grenoble-inp.fr\/wp-content\/uploads\/2024\/02\/Eliott-Robin-Saje-12x12.png 12w\" sizes=\"(max-width: 641px) 100vw, 641px\" \/>\t\t\t\t\t\t\t\t\t\t\t\t\t\t<\/div>\n\t\t\t\t\t\t<\/div>\n\t\t\t\t<\/div>\n\t\t\t\t\t\t<\/div>\n\t\t\t\t\t<\/div>\n\t\t<\/div>\n\t\t\t\t\t\t\t\t<\/div>\n\t\t\t\t\t<\/div>\n\t\t<\/section>\n\t\t\t\t<section class=\"elementor-section elementor-top-section elementor-element elementor-element-83b5d2a elementor-section-boxed elementor-section-height-default elementor-section-height-default\" data-id=\"83b5d2a\" data-element_type=\"section\">\n\t\t\t\t\t\t<div class=\"elementor-container elementor-column-gap-default\">\n\t\t\t\t\t\t\t<div class=\"elementor-row\">\n\t\t\t\t\t<div class=\"elementor-column elementor-col-100 elementor-top-column elementor-element elementor-element-8b0aae8\" data-id=\"8b0aae8\" data-element_type=\"column\">\n\t\t\t<div class=\"elementor-column-wrap elementor-element-populated\">\n\t\t\t\t\t\t\t<div class=\"elementor-widget-wrap\">\n\t\t\t\t\t\t<div class=\"elementor-element elementor-element-2e8e846 elementor-widget elementor-widget-text-editor\" data-id=\"2e8e846\" data-element_type=\"widget\" data-widget_type=\"text-editor.default\">\n\t\t\t\t<div class=\"elementor-widget-container\">\n\t\t\t\t\t\t\t\t<div class=\"elementor-text-editor elementor-clearfix\">\n\t\t\t\t<p><em>\u00ab Cette saison, j\u2019ai \u00e9t\u00e9 s\u00e9lectionn\u00e9 en \u00e9quipe de France rel\u00e8ve (moins de 20 ans). Mes excellents r\u00e9sultats internationaux m\u2019ont permis d\u2019int\u00e9grer le groupe espoir moins de 23 ans) pour les stages de cet \u00e9t\u00e9 et la premi\u00e8re coupe du monde la saison prochaine. \u00c0 l&rsquo;avenir, j&rsquo;ai pour objectif de gagner en exp\u00e9rience pour ma premi\u00e8re ann\u00e9e chez les seniors, briller sur les coupes du monde, et j&rsquo;esp\u00e8re repr\u00e9senter la France aux JO de 2030. Je remercie la Fondation Grenoble INP pour son aide, qui est d\u2019une grande valeur pour ma carri\u00e8re sportive. \u00bb<\/em><\/p>\t\t\t\t\t<\/div>\n\t\t\t\t\t\t<\/div>\n\t\t\t\t<\/div>\n\t\t\t\t\t\t<\/div>\n\t\t\t\t\t<\/div>\n\t\t<\/div>\n\t\t\t\t\t\t\t\t<\/div>\n\t\t\t\t\t<\/div>\n\t\t<\/section>\n\t\t\t\t<section class=\"elementor-section elementor-top-section elementor-element elementor-element-60a19e4 elementor-section-boxed elementor-section-height-default elementor-section-height-default\" data-id=\"60a19e4\" data-element_type=\"section\">\n\t\t\t\t\t\t<div class=\"elementor-container elementor-column-gap-default\">\n\t\t\t\t\t\t\t<div class=\"elementor-row\">\n\t\t\t\t\t<div class=\"elementor-column elementor-col-100 elementor-top-column elementor-element elementor-element-e5c6e23\" data-id=\"e5c6e23\" data-element_type=\"column\">\n\t\t\t<div class=\"elementor-column-wrap elementor-element-populated\">\n\t\t\t\t\t\t\t<div class=\"elementor-widget-wrap\">\n\t\t\t\t\t\t<div class=\"elementor-element elementor-element-7174e24 elementor-widget elementor-widget-text-editor\" data-id=\"7174e24\" data-element_type=\"widget\" data-widget_type=\"text-editor.default\">\n\t\t\t\t<div class=\"elementor-widget-container\">\n\t\t\t\t\t\t\t\t<div class=\"elementor-text-editor elementor-clearfix\">\n\t\t\t\t<h2>Paul Stalder (Biathlon)<\/h2>\t\t\t\t\t<\/div>\n\t\t\t\t\t\t<\/div>\n\t\t\t\t<\/div>\n\t\t\t\t<div class=\"elementor-element elementor-element-27a1728 elementor-widget elementor-widget-text-editor\" data-id=\"27a1728\" data-element_type=\"widget\" data-widget_type=\"text-editor.default\">\n\t\t\t\t<div class=\"elementor-widget-container\">\n\t\t\t\t\t\t\t\t<div class=\"elementor-text-editor elementor-clearfix\">\n\t\t\t\t<p><span id=\"p161\">\u00c9tudiant en 3e ann\u00e9e am\u00e9nag\u00e9e \u00e0 <strong><a href=\"https:\/\/www.la-prepa-des-inp.fr\/\" target=\"_blank\" rel=\"noopener\">La Pr\u00e9pa des INP<\/a><\/strong>\u00a0de Grenoble, Paul souhaite int\u00e9grer <strong><a href=\"https:\/\/phelma.grenoble-inp.fr\/\" target=\"_blank\" rel=\"noopener\">Grenoble INP &#8211; Phelma, UGA<\/a><\/strong> l\u2019an prochain. Il a commenc\u00e9 le ski de fond \u00e0 l\u2019\u00e2ge de 8 ans et est arriv\u00e9 sur le circuit national en 2017. En 2018, il a rejoint le Centre Interr\u00e9gional d\u2019Excellence du Comit\u00e9 Lyonnais et il est, depuis cette date, membre de la s\u00e9lection de ce comit\u00e9.\u00a0<\/span><\/p>\t\t\t\t\t<\/div>\n\t\t\t\t\t\t<\/div>\n\t\t\t\t<\/div>\n\t\t\t\t\t\t<\/div>\n\t\t\t\t\t<\/div>\n\t\t<\/div>\n\t\t\t\t\t\t\t\t<\/div>\n\t\t\t\t\t<\/div>\n\t\t<\/section>\n\t\t\t\t<section class=\"elementor-section elementor-top-section elementor-element elementor-element-bb0a3e5 elementor-section-boxed elementor-section-height-default elementor-section-height-default\" data-id=\"bb0a3e5\" data-element_type=\"section\">\n\t\t\t\t\t\t<div class=\"elementor-container elementor-column-gap-default\">\n\t\t\t\t\t\t\t<div class=\"elementor-row\">\n\t\t\t\t\t<div class=\"elementor-column elementor-col-33 elementor-top-column elementor-element elementor-element-4b97598\" data-id=\"4b97598\" data-element_type=\"column\">\n\t\t\t<div class=\"elementor-column-wrap elementor-element-populated\">\n\t\t\t\t\t\t\t<div class=\"elementor-widget-wrap\">\n\t\t\t\t\t\t<div class=\"elementor-element elementor-element-5bfefa8 dce_masking-none elementor-widget elementor-widget-image\" data-id=\"5bfefa8\" data-element_type=\"widget\" data-widget_type=\"image.default\">\n\t\t\t\t<div class=\"elementor-widget-container\">\n\t\t\t\t\t\t\t\t<div class=\"elementor-image\">\n\t\t\t\t\t\t\t\t\t\t\t\t<img width=\"1024\" height=\"1024\" src=\"https:\/\/fondation-grenoble-inp.fr\/wp-content\/uploads\/2024\/06\/Paul-Stalder-Photo-OK-Copie-1024x1024.jpg\" class=\"attachment-large size-large\" alt=\"\" loading=\"lazy\" srcset=\"https:\/\/fondation-grenoble-inp.fr\/wp-content\/uploads\/2024\/06\/Paul-Stalder-Photo-OK-Copie-1024x1024.jpg 1024w, https:\/\/fondation-grenoble-inp.fr\/wp-content\/uploads\/2024\/06\/Paul-Stalder-Photo-OK-Copie-300x300.jpg 300w, https:\/\/fondation-grenoble-inp.fr\/wp-content\/uploads\/2024\/06\/Paul-Stalder-Photo-OK-Copie-150x150.jpg 150w, https:\/\/fondation-grenoble-inp.fr\/wp-content\/uploads\/2024\/06\/Paul-Stalder-Photo-OK-Copie-768x768.jpg 768w, https:\/\/fondation-grenoble-inp.fr\/wp-content\/uploads\/2024\/06\/Paul-Stalder-Photo-OK-Copie-1536x1536.jpg 1536w, https:\/\/fondation-grenoble-inp.fr\/wp-content\/uploads\/2024\/06\/Paul-Stalder-Photo-OK-Copie-2048x2048.jpg 2048w, https:\/\/fondation-grenoble-inp.fr\/wp-content\/uploads\/2024\/06\/Paul-Stalder-Photo-OK-Copie-12x12.jpg 12w\" sizes=\"(max-width: 1024px) 100vw, 1024px\" \/>\t\t\t\t\t\t\t\t\t\t\t\t\t\t<\/div>\n\t\t\t\t\t\t<\/div>\n\t\t\t\t<\/div>\n\t\t\t\t\t\t<\/div>\n\t\t\t\t\t<\/div>\n\t\t<\/div>\n\t\t\t\t<div class=\"elementor-column elementor-col-66 elementor-top-column elementor-element elementor-element-040dbde\" data-id=\"040dbde\" data-element_type=\"column\">\n\t\t\t<div class=\"elementor-column-wrap elementor-element-populated\">\n\t\t\t\t\t\t\t<div class=\"elementor-widget-wrap\">\n\t\t\t\t\t\t<div class=\"elementor-element elementor-element-8c0566e elementor-widget elementor-widget-text-editor\" data-id=\"8c0566e\" data-element_type=\"widget\" data-widget_type=\"text-editor.default\">\n\t\t\t\t<div class=\"elementor-widget-container\">\n\t\t\t\t\t\t\t\t<div class=\"elementor-text-editor elementor-clearfix\">\n\t\t\t\t<p><strong>Ses r\u00e9sultats :<\/strong><\/p><ul><li>Champion de France Universitaire par \u00e9quipe<\/li><li>Vice-Champion de France Universitaire individuel<\/li><li>Vainqueur du classement g\u00e9n\u00e9ral national de la Coupe de Suisse<\/li><li>M\u00e9daille de Bronze au Championnats Suisse<\/li><li>3 victoires nationales<\/li><li>8 podiums nationaux<\/li><li>9e au classement g\u00e9n\u00e9ral de la Coupe d\u2019Europe<\/li><li>76% r\u00e9ussite en tir couch\u00e9<\/li><li>80% r\u00e9ussite en tir debout<\/li><\/ul>\t\t\t\t\t<\/div>\n\t\t\t\t\t\t<\/div>\n\t\t\t\t<\/div>\n\t\t\t\t\t\t<\/div>\n\t\t\t\t\t<\/div>\n\t\t<\/div>\n\t\t\t\t\t\t\t\t<\/div>\n\t\t\t\t\t<\/div>\n\t\t<\/section>\n\t\t\t\t<section class=\"elementor-section elementor-top-section elementor-element elementor-element-73b6776 elementor-section-boxed elementor-section-height-default elementor-section-height-default\" data-id=\"73b6776\" data-element_type=\"section\">\n\t\t\t\t\t\t<div class=\"elementor-container elementor-column-gap-default\">\n\t\t\t\t\t\t\t<div class=\"elementor-row\">\n\t\t\t\t\t<div class=\"elementor-column elementor-col-100 elementor-top-column elementor-element elementor-element-0f3abb9\" data-id=\"0f3abb9\" data-element_type=\"column\">\n\t\t\t<div class=\"elementor-column-wrap elementor-element-populated\">\n\t\t\t\t\t\t\t<div class=\"elementor-widget-wrap\">\n\t\t\t\t\t\t<div class=\"elementor-element elementor-element-4087750 elementor-widget elementor-widget-text-editor\" data-id=\"4087750\" data-element_type=\"widget\" data-widget_type=\"text-editor.default\">\n\t\t\t\t<div class=\"elementor-widget-container\">\n\t\t\t\t\t\t\t\t<div class=\"elementor-text-editor elementor-clearfix\">\n\t\t\t\t<p><em>\u00ab Au terme de la saison 2023-24, j\u2019ai \u00e9t\u00e9 s\u00e9lectionn\u00e9 en \u00e9quipe nationale Suisse de Biathlon par la F\u00e9d\u00e9ration Suisse de Ski. C\u2019est un grand accomplissement pour moi, et cela r\u00e9compense mon travail et mes performances de cet hiver. La bourse de la Fondation Grenoble INP a contribu\u00e9 au financement d\u2019une partie de la saison. C\u2019est un plaisir d\u2019\u00eatre accompagn\u00e9 par la Fondation dans mon double projet d\u2019excellence et je suis ravi de faire partie de l\u2019effectif cette saison encore. Outre le soutien financier, cela permet de nouer des liens avec une multitude de sportifs de haut niveau pratiquant des disciplines diff\u00e9rentes et par cons\u00e9quent, de partager nos exp\u00e9riences. Se sentir soutenu par des sponsors fid\u00e8les est une source de motivation suppl\u00e9mentaire ind\u00e9niable pour un sportif. \u00bb<\/em><\/p>\t\t\t\t\t<\/div>\n\t\t\t\t\t\t<\/div>\n\t\t\t\t<\/div>\n\t\t\t\t\t\t<\/div>\n\t\t\t\t\t<\/div>\n\t\t<\/div>\n\t\t\t\t\t\t\t\t<\/div>\n\t\t\t\t\t<\/div>\n\t\t<\/section>\n\t\t\t\t<section class=\"elementor-section elementor-top-section elementor-element elementor-element-a132962 elementor-section-boxed elementor-section-height-default elementor-section-height-default\" data-id=\"a132962\" data-element_type=\"section\">\n\t\t\t\t\t\t<div class=\"elementor-container elementor-column-gap-default\">\n\t\t\t\t\t\t\t<div class=\"elementor-row\">\n\t\t\t\t\t<div class=\"elementor-column elementor-col-100 elementor-top-column elementor-element elementor-element-02eb2db\" data-id=\"02eb2db\" data-element_type=\"column\">\n\t\t\t<div class=\"elementor-column-wrap elementor-element-populated\">\n\t\t\t\t\t\t\t<div class=\"elementor-widget-wrap\">\n\t\t\t\t\t\t<div class=\"elementor-element elementor-element-c87948c elementor-widget elementor-widget-spacer\" data-id=\"c87948c\" data-element_type=\"widget\" data-widget_type=\"spacer.default\">\n\t\t\t\t<div class=\"elementor-widget-container\">\n\t\t\t\t\t<div class=\"elementor-spacer\">\n\t\t\t<div class=\"elementor-spacer-inner\"><\/div>\n\t\t<\/div>\n\t\t\t\t<\/div>\n\t\t\t\t<\/div>\n\t\t\t\t<div class=\"elementor-element elementor-element-b8d0bc3 elementor-widget elementor-widget-text-editor\" data-id=\"b8d0bc3\" data-element_type=\"widget\" data-widget_type=\"text-editor.default\">\n\t\t\t\t<div class=\"elementor-widget-container\">\n\t\t\t\t\t\t\t\t<div class=\"elementor-text-editor elementor-clearfix\">\n\t\t\t\t<h3>Les bourses \u00ab\u00a0Exploit Sportif\u00a0\u00bb (Fond de Dotation Andurand)<\/h3>\t\t\t\t\t<\/div>\n\t\t\t\t\t\t<\/div>\n\t\t\t\t<\/div>\n\t\t\t\t<div class=\"elementor-element elementor-element-d57a6bf elementor-widget elementor-widget-text-editor\" data-id=\"d57a6bf\" data-element_type=\"widget\" data-widget_type=\"text-editor.default\">\n\t\t\t\t<div class=\"elementor-widget-container\">\n\t\t\t\t\t\t\t\t<div class=\"elementor-text-editor elementor-clearfix\">\n\t\t\t\t<p>Cette ann\u00e9e, le soutien aux \u00e9tudiants a \u00e9t\u00e9 consid\u00e9rablement augment\u00e9 gr\u00e2ce au m\u00e9c\u00e9nat du <strong><a href=\"https:\/\/fondationandurand.org\/\" target=\"_blank\" rel=\"noopener\">Fonds de dotation Andurand<\/a><\/strong>, qui vise \u00e0 promouvoir des initiatives positives dans son environnement en mettant en avant les valeurs de solidarit\u00e9, de g\u00e9n\u00e9rosit\u00e9 et de partage. Cette ann\u00e9e, ce financement a permis de distribuer 10 bourses Exploit Sportif pour les \u00e9tudiants pratiquant un sport de haut niveau, ainsi que 78 bourses de vie, attribu\u00e9es selon des crit\u00e8res sociaux et de m\u00e9rite acad\u00e9mique.<\/p>\t\t\t\t\t<\/div>\n\t\t\t\t\t\t<\/div>\n\t\t\t\t<\/div>\n\t\t\t\t\t\t<\/div>\n\t\t\t\t\t<\/div>\n\t\t<\/div>\n\t\t\t\t\t\t\t\t<\/div>\n\t\t\t\t\t<\/div>\n\t\t<\/section>\n\t\t\t\t<section class=\"elementor-section elementor-top-section elementor-element elementor-element-712971a elementor-section-boxed elementor-section-height-default elementor-section-height-default\" data-id=\"712971a\" data-element_type=\"section\">\n\t\t\t\t\t\t<div class=\"elementor-container elementor-column-gap-default\">\n\t\t\t\t\t\t\t<div class=\"elementor-row\">\n\t\t\t\t\t<div class=\"elementor-column elementor-col-100 elementor-top-column elementor-element elementor-element-1463112\" data-id=\"1463112\" data-element_type=\"column\">\n\t\t\t<div class=\"elementor-column-wrap elementor-element-populated\">\n\t\t\t\t\t\t\t<div class=\"elementor-widget-wrap\">\n\t\t\t\t\t\t<div class=\"elementor-element elementor-element-7f90f03 elementor-widget elementor-widget-text-editor\" data-id=\"7f90f03\" data-element_type=\"widget\" data-widget_type=\"text-editor.default\">\n\t\t\t\t<div class=\"elementor-widget-container\">\n\t\t\t\t\t\t\t\t<div class=\"elementor-text-editor elementor-clearfix\">\n\t\t\t\t<h2>Hanna Fine (Ski de fond)<\/h2>\t\t\t\t\t<\/div>\n\t\t\t\t\t\t<\/div>\n\t\t\t\t<\/div>\n\t\t\t\t<div class=\"elementor-element elementor-element-0d7c0d4 elementor-widget elementor-widget-text-editor\" data-id=\"0d7c0d4\" data-element_type=\"widget\" data-widget_type=\"text-editor.default\">\n\t\t\t\t<div class=\"elementor-widget-container\">\n\t\t\t\t\t\t\t\t<div class=\"elementor-text-editor elementor-clearfix\">\n\t\t\t\t<p><span id=\"p3\">\u00c9tudiante \u00e0 <strong><a href=\"https:\/\/genie-industriel.grenoble-inp.fr\/\" target=\"_blank\" rel=\"noopener\">Grenoble INP - Industrial Engineering<\/a><\/strong>, Hanna a d\u00e9but\u00e9 la pratique du ski de fond \u00e0 l\u2019\u00e2ge de 8 ans, au sein du club Ski Nordique Chartreuse. Elle fait partie du <strong><a href=\"https:\/\/vercors.fr\/fr\/tourisme\/champions\/team-vercors-isere\/\" target=\"_blank\" rel=\"noopener\">Team Vercors Is\u00e8re<\/a><\/strong> qui regroupe les meilleurs fondeurs et biathl\u00e8tes de l\u2019Is\u00e8re.<\/span><\/p>\t\t\t\t\t<\/div>\n\t\t\t\t\t\t<\/div>\n\t\t\t\t<\/div>\n\t\t\t\t\t\t<\/div>\n\t\t\t\t\t<\/div>\n\t\t<\/div>\n\t\t\t\t\t\t\t\t<\/div>\n\t\t\t\t\t<\/div>\n\t\t<\/section>\n\t\t\t\t<section class=\"elementor-section elementor-top-section elementor-element elementor-element-19fadff elementor-section-boxed elementor-section-height-default elementor-section-height-default\" data-id=\"19fadff\" data-element_type=\"section\">\n\t\t\t\t\t\t<div class=\"elementor-container elementor-column-gap-default\">\n\t\t\t\t\t\t\t<div class=\"elementor-row\">\n\t\t\t\t\t<div class=\"elementor-column elementor-col-66 elementor-top-column elementor-element elementor-element-be99bef\" data-id=\"be99bef\" data-element_type=\"column\">\n\t\t\t<div class=\"elementor-column-wrap elementor-element-populated\">\n\t\t\t\t\t\t\t<div class=\"elementor-widget-wrap\">\n\t\t\t\t\t\t<div class=\"elementor-element elementor-element-a6e45d6 elementor-widget elementor-widget-text-editor\" data-id=\"a6e45d6\" data-element_type=\"widget\" data-widget_type=\"text-editor.default\">\n\t\t\t\t<div class=\"elementor-widget-container\">\n\t\t\t\t\t\t\t\t<div class=\"elementor-text-editor elementor-clearfix\">\n\t\t\t\t<p><strong>Ses r\u00e9sultats :\u00a0<\/strong><\/p><p>Circuit Ski Classics Pro Tour :<\/p><ul><li>Diagonela, Suisse : 26\u1d49<\/li><li>Summit 2 Senja, Norv\u00e8ge : 23\u1d49<\/li><li>Birkebeinerrennet, Norv\u00e8ge : 20\u1d49<\/li><\/ul><p>_<\/p><p>Circuit Ski Classics Challengers :<\/p><ul><li>Marcia Gran Paradiso, Italie : 2\u1d49<\/li><\/ul><p>_<\/p><p>Circuit Fran\u00e7ais :<\/p><ul><li>Marathon du Grand Bec, Champagny : 2\u1d49<\/li><li>Marathon de Bessans : 2\u1d49 et 1\u02b3\u1d49 au classement g\u00e9n\u00e9ral (classique et skate)<\/li><li>Foul\u00e9e Blanche : 4\u1d49 place<\/li><\/ul><p>_<\/p><p>Championnat de France et Coupe de France :<\/p><ul><li>Individuel classique aux Saisies : 8\u1d49<\/li><li>Individuel classique \u00e0 Pr\u00e9manon : 5e<\/li><li>Poursuite Classique \u00e0 Pr\u00e9manon : 7e<\/li><\/ul><p>_<\/p><p>Ski roue :<\/p><ul><li>Championnat de France \u00e9t\u00e9, sprint classique : 7e<\/li><li>Challenge national Vittoz, individuel classique: 9e<\/li><li>Blink Festival, Norv\u00e8ge, longue distance<br \/>classique : 28e<\/li><\/ul>\t\t\t\t\t<\/div>\n\t\t\t\t\t\t<\/div>\n\t\t\t\t<\/div>\n\t\t\t\t\t\t<\/div>\n\t\t\t\t\t<\/div>\n\t\t<\/div>\n\t\t\t\t<div class=\"elementor-column elementor-col-33 elementor-top-column elementor-element elementor-element-14ffe33\" data-id=\"14ffe33\" data-element_type=\"column\">\n\t\t\t<div class=\"elementor-column-wrap elementor-element-populated\">\n\t\t\t\t\t\t\t<div class=\"elementor-widget-wrap\">\n\t\t\t\t\t\t<div class=\"elementor-element elementor-element-c19f5a3 dce_masking-none elementor-widget elementor-widget-image\" data-id=\"c19f5a3\" data-element_type=\"widget\" data-widget_type=\"image.default\">\n\t\t\t\t<div class=\"elementor-widget-container\">\n\t\t\t\t\t\t\t\t<div class=\"elementor-image\">\n\t\t\t\t\t\t\t\t\t\t\t\t<img width=\"1024\" height=\"1024\" src=\"https:\/\/fondation-grenoble-inp.fr\/wp-content\/uploads\/2024\/02\/Hanna-Fine-1024x1024.png\" class=\"attachment-large size-large\" alt=\"Hanna Fine\" loading=\"lazy\" srcset=\"https:\/\/fondation-grenoble-inp.fr\/wp-content\/uploads\/2024\/02\/Hanna-Fine-1024x1024.png 1024w, https:\/\/fondation-grenoble-inp.fr\/wp-content\/uploads\/2024\/02\/Hanna-Fine-300x300.png 300w, https:\/\/fondation-grenoble-inp.fr\/wp-content\/uploads\/2024\/02\/Hanna-Fine-150x150.png 150w, https:\/\/fondation-grenoble-inp.fr\/wp-content\/uploads\/2024\/02\/Hanna-Fine-768x768.png 768w, https:\/\/fondation-grenoble-inp.fr\/wp-content\/uploads\/2024\/02\/Hanna-Fine-12x12.png 12w, https:\/\/fondation-grenoble-inp.fr\/wp-content\/uploads\/2024\/02\/Hanna-Fine.png 1192w\" sizes=\"(max-width: 1024px) 100vw, 1024px\" \/>\t\t\t\t\t\t\t\t\t\t\t\t\t\t<\/div>\n\t\t\t\t\t\t<\/div>\n\t\t\t\t<\/div>\n\t\t\t\t\t\t<\/div>\n\t\t\t\t\t<\/div>\n\t\t<\/div>\n\t\t\t\t\t\t\t\t<\/div>\n\t\t\t\t\t<\/div>\n\t\t<\/section>\n\t\t\t\t<section class=\"elementor-section elementor-top-section elementor-element elementor-element-2662cb5 elementor-section-boxed elementor-section-height-default elementor-section-height-default\" data-id=\"2662cb5\" data-element_type=\"section\">\n\t\t\t\t\t\t<div class=\"elementor-container elementor-column-gap-default\">\n\t\t\t\t\t\t\t<div class=\"elementor-row\">\n\t\t\t\t\t<div class=\"elementor-column elementor-col-100 elementor-top-column elementor-element elementor-element-68b668b\" data-id=\"68b668b\" data-element_type=\"column\">\n\t\t\t<div class=\"elementor-column-wrap elementor-element-populated\">\n\t\t\t\t\t\t\t<div class=\"elementor-widget-wrap\">\n\t\t\t\t\t\t<div class=\"elementor-element elementor-element-08f29ae elementor-widget elementor-widget-text-editor\" data-id=\"08f29ae\" data-element_type=\"widget\" data-widget_type=\"text-editor.default\">\n\t\t\t\t<div class=\"elementor-widget-container\">\n\t\t\t\t\t\t\t\t<div class=\"elementor-text-editor elementor-clearfix\">\n\t\t\t\t<p><em>\u00ab Cette saison ne s\u2019est pas exactement d\u00e9roul\u00e9e comme pr\u00e9vu pour cause de manque d\u2019enneigement. En effet, les deux courses fran\u00e7aises qui constituaient mes objectifs principaux en termes de podium ont \u00e9t\u00e9 annul\u00e9es : la Transju et la Foul\u00e9e classiques. Pourtant, je suis pleinement satisfaite de ma saison. J\u2019ai renforc\u00e9 mes participations sur le circuit international de longue distance, Ski Classic Pro Tour, que je voulais initialement seulement tester pour gagner en exp\u00e9rience. Mes r\u00e9sultats se sont av\u00e9r\u00e9s tr\u00e8s encourageants avec notamment un 1er top 20 et une 2e place sur une course du Ski Classics Challenger. Ces r\u00e9sultats me permettent ainsi d\u2019acc\u00e9der \u00e0 une \u00e9quipe renomm\u00e9e, sp\u00e9cialiste du circuit Ski Classic Pro Tour pour laquelle je courrai la saison prochaine : Ed System Vltava Fund Team. La bourse attribu\u00e9e par la Fondation a \u00e9t\u00e9 cruciale pour soutenir mes projets cette saison, notamment le financement des voyages en Norv\u00e8ge et la contribution \u00e0 la cotisation du Team Vercors Is\u00e8re. Un grand Merci ! \u00bb<\/em><\/p>\t\t\t\t\t<\/div>\n\t\t\t\t\t\t<\/div>\n\t\t\t\t<\/div>\n\t\t\t\t\t\t<\/div>\n\t\t\t\t\t<\/div>\n\t\t<\/div>\n\t\t\t\t\t\t\t\t<\/div>\n\t\t\t\t\t<\/div>\n\t\t<\/section>\n\t\t\t\t<section class=\"elementor-section elementor-top-section elementor-element elementor-element-09fab3f elementor-section-boxed elementor-section-height-default elementor-section-height-default\" data-id=\"09fab3f\" data-element_type=\"section\">\n\t\t\t\t\t\t<div class=\"elementor-container elementor-column-gap-default\">\n\t\t\t\t\t\t\t<div class=\"elementor-row\">\n\t\t\t\t\t<div class=\"elementor-column elementor-col-100 elementor-top-column elementor-element elementor-element-c6ecf96\" data-id=\"c6ecf96\" data-element_type=\"column\">\n\t\t\t<div class=\"elementor-column-wrap elementor-element-populated\">\n\t\t\t\t\t\t\t<div class=\"elementor-widget-wrap\">\n\t\t\t\t\t\t<div class=\"elementor-element elementor-element-1124788 elementor-widget elementor-widget-text-editor\" data-id=\"1124788\" data-element_type=\"widget\" data-widget_type=\"text-editor.default\">\n\t\t\t\t<div class=\"elementor-widget-container\">\n\t\t\t\t\t\t\t\t<div class=\"elementor-text-editor elementor-clearfix\">\n\t\t\t\t<h2>Beinn Horsfall (Ski de fond)<\/h2>\t\t\t\t\t<\/div>\n\t\t\t\t\t\t<\/div>\n\t\t\t\t<\/div>\n\t\t\t\t<div class=\"elementor-element elementor-element-f6e16ed elementor-widget elementor-widget-text-editor\" data-id=\"f6e16ed\" data-element_type=\"widget\" data-widget_type=\"text-editor.default\">\n\t\t\t\t<div class=\"elementor-widget-container\">\n\t\t\t\t\t\t\t\t<div class=\"elementor-text-editor elementor-clearfix\">\n\t\t\t\t<p><span id=\"p36\">\u00c9tudiant \u00e0 <strong><a href=\"https:\/\/phelma.grenoble-inp.fr\/\" target=\"_blank\" rel=\"noopener\">Grenoble INP &#8211; Phelma, UGA<\/a><\/strong>, Beinn a d\u00e9couvert le ski de fond \u00e0 11 ans, lors d\u2019une foire dans son village o\u00f9 il y avait un stand de biathlon. En 2022, il a int\u00e9gr\u00e9 l\u2019\u00e9quipe B de la Grande-Bretagne et ambitionne aujourd&rsquo;hui de participer aux Jeux Olympiques de 2026.<\/span><\/p>\t\t\t\t\t<\/div>\n\t\t\t\t\t\t<\/div>\n\t\t\t\t<\/div>\n\t\t\t\t\t\t<\/div>\n\t\t\t\t\t<\/div>\n\t\t<\/div>\n\t\t\t\t\t\t\t\t<\/div>\n\t\t\t\t\t<\/div>\n\t\t<\/section>\n\t\t\t\t<section class=\"elementor-section elementor-top-section elementor-element elementor-element-6a239d0 elementor-section-boxed elementor-section-height-default elementor-section-height-default\" data-id=\"6a239d0\" data-element_type=\"section\">\n\t\t\t\t\t\t<div class=\"elementor-container elementor-column-gap-default\">\n\t\t\t\t\t\t\t<div class=\"elementor-row\">\n\t\t\t\t\t<div class=\"elementor-column elementor-col-33 elementor-top-column elementor-element elementor-element-d7df4ec\" data-id=\"d7df4ec\" data-element_type=\"column\">\n\t\t\t<div class=\"elementor-column-wrap elementor-element-populated\">\n\t\t\t\t\t\t\t<div class=\"elementor-widget-wrap\">\n\t\t\t\t\t\t<div class=\"elementor-element elementor-element-928c567 dce_masking-none elementor-widget elementor-widget-image\" data-id=\"928c567\" data-element_type=\"widget\" data-widget_type=\"image.default\">\n\t\t\t\t<div class=\"elementor-widget-container\">\n\t\t\t\t\t\t\t\t<div class=\"elementor-image\">\n\t\t\t\t\t\t\t\t\t\t\t\t<img width=\"988\" height=\"987\" src=\"https:\/\/fondation-grenoble-inp.fr\/wp-content\/uploads\/2024\/02\/Beinn-Horsfall.png\" class=\"attachment-large size-large\" alt=\"Beinn Horsfall\" loading=\"lazy\" srcset=\"https:\/\/fondation-grenoble-inp.fr\/wp-content\/uploads\/2024\/02\/Beinn-Horsfall.png 988w, https:\/\/fondation-grenoble-inp.fr\/wp-content\/uploads\/2024\/02\/Beinn-Horsfall-300x300.png 300w, https:\/\/fondation-grenoble-inp.fr\/wp-content\/uploads\/2024\/02\/Beinn-Horsfall-150x150.png 150w, https:\/\/fondation-grenoble-inp.fr\/wp-content\/uploads\/2024\/02\/Beinn-Horsfall-768x767.png 768w, https:\/\/fondation-grenoble-inp.fr\/wp-content\/uploads\/2024\/02\/Beinn-Horsfall-12x12.png 12w\" sizes=\"(max-width: 988px) 100vw, 988px\" \/>\t\t\t\t\t\t\t\t\t\t\t\t\t\t<\/div>\n\t\t\t\t\t\t<\/div>\n\t\t\t\t<\/div>\n\t\t\t\t\t\t<\/div>\n\t\t\t\t\t<\/div>\n\t\t<\/div>\n\t\t\t\t<div class=\"elementor-column elementor-col-66 elementor-top-column elementor-element elementor-element-17f7e49\" data-id=\"17f7e49\" data-element_type=\"column\">\n\t\t\t<div class=\"elementor-column-wrap elementor-element-populated\">\n\t\t\t\t\t\t\t<div class=\"elementor-widget-wrap\">\n\t\t\t\t\t\t<div class=\"elementor-element elementor-element-b6e91e8 elementor-widget elementor-widget-text-editor\" data-id=\"b6e91e8\" data-element_type=\"widget\" data-widget_type=\"text-editor.default\">\n\t\t\t\t<div class=\"elementor-widget-container\">\n\t\t\t\t\t\t\t\t<div class=\"elementor-text-editor elementor-clearfix\">\n\t\t\t\t<p><strong>Ses r\u00e9sultats :<\/strong><\/p><p>Coupe Su\u00e9doise Idre, Su\u00e8de<\/p><ul><li>Sprint Free style : 36\u1d49 \/ 174<\/li><li>10 km Free style : 57\u1d49 \/ 251<\/li><li>10 km Classique : 40\u1d49 \/ 117<\/li><\/ul><p>_<\/p><p>Championnats de la Grande-Bretagne 2023, Huntly, Ecosse<\/p><ul><li>Sprint Free style : 1\u1d49\u02b3 \/ 26<\/li><li>Distance classique : 1\u1d49\u02b3 \/ 27<\/li><li>Distance skate : 1\u1d49\u02b3 \/ 32<\/li><li>Relais sprint skate : 1\u1d49\u02b3 \/ 32<\/li><\/ul><p>_<\/p><p>Championnats d\u2019Italie, Pragelato :<\/p><ul><li>10km Free style : 31\u1d49 \/ 32<\/li><\/ul>\t\t\t\t\t<\/div>\n\t\t\t\t\t\t<\/div>\n\t\t\t\t<\/div>\n\t\t\t\t\t\t<\/div>\n\t\t\t\t\t<\/div>\n\t\t<\/div>\n\t\t\t\t\t\t\t\t<\/div>\n\t\t\t\t\t<\/div>\n\t\t<\/section>\n\t\t\t\t<section class=\"elementor-section elementor-top-section elementor-element elementor-element-baab9a1 elementor-section-boxed elementor-section-height-default elementor-section-height-default\" data-id=\"baab9a1\" data-element_type=\"section\">\n\t\t\t\t\t\t<div class=\"elementor-container elementor-column-gap-default\">\n\t\t\t\t\t\t\t<div class=\"elementor-row\">\n\t\t\t\t\t<div class=\"elementor-column elementor-col-100 elementor-top-column elementor-element elementor-element-c8720d3\" data-id=\"c8720d3\" data-element_type=\"column\">\n\t\t\t<div class=\"elementor-column-wrap elementor-element-populated\">\n\t\t\t\t\t\t\t<div class=\"elementor-widget-wrap\">\n\t\t\t\t\t\t<div class=\"elementor-element elementor-element-9ab20f4 elementor-widget elementor-widget-text-editor\" data-id=\"9ab20f4\" data-element_type=\"widget\" data-widget_type=\"text-editor.default\">\n\t\t\t\t<div class=\"elementor-widget-container\">\n\t\t\t\t\t\t\t\t<div class=\"elementor-text-editor elementor-clearfix\">\n\t\t\t\t<p><em>\u00ab L&rsquo;aide de la fondation INP m&rsquo;a permis d&rsquo;obtenir du materiel de qualit\u00e9, ce qui est essentiel pour bien performer. Gr\u00e2ce \u00e0 cela, j&rsquo;ai connu un d\u00e9but de saison tr\u00e8s r\u00e9ussi, et les d\u00e9marches sont en cours pour int\u00e9grer l&rsquo;\u00e9quipe A Olympique de la Grande-Bretagne. Malheureusement, apr\u00e8s ces bons r\u00e9sultats, j&rsquo;ai \u00e9t\u00e9 confront\u00e9 \u00e0 un des probl\u00e8mes de sant\u00e9 qui m&rsquo;ont affaibli pendant trois semaines, entra\u00eenant une perte significative de forme physique. N\u00e9anmoins, apr\u00e8s avoir repris l&rsquo;entra\u00eenement, j&rsquo;ai r\u00e9ussi \u00e0 retrouver suffisamment de forme avant les derni\u00e8res comp\u00e9titions pour reproduire mes performances de la saison derni\u00e8re, ce qui me place bien pour l&rsquo;hiver prochain. Coupl\u00e9 \u00e0 l&rsquo;ann\u00e9e de c\u00e9sure pr\u00e9vue, cela me donne espoir de pouvoir repr\u00e9senter la Fondation Grenoble INP aux JO de 2026. \u00bb<\/em><\/p>\t\t\t\t\t<\/div>\n\t\t\t\t\t\t<\/div>\n\t\t\t\t<\/div>\n\t\t\t\t\t\t<\/div>\n\t\t\t\t\t<\/div>\n\t\t<\/div>\n\t\t\t\t\t\t\t\t<\/div>\n\t\t\t\t\t<\/div>\n\t\t<\/section>\n\t\t\t\t<section class=\"elementor-section elementor-top-section elementor-element elementor-element-5dcae12 elementor-section-boxed elementor-section-height-default elementor-section-height-default\" data-id=\"5dcae12\" data-element_type=\"section\">\n\t\t\t\t\t\t<div class=\"elementor-container elementor-column-gap-default\">\n\t\t\t\t\t\t\t<div class=\"elementor-row\">\n\t\t\t\t\t<div class=\"elementor-column elementor-col-100 elementor-top-column elementor-element elementor-element-4bdae6a\" data-id=\"4bdae6a\" data-element_type=\"column\">\n\t\t\t<div class=\"elementor-column-wrap elementor-element-populated\">\n\t\t\t\t\t\t\t<div class=\"elementor-widget-wrap\">\n\t\t\t\t\t\t<div class=\"elementor-element elementor-element-1e02ffd elementor-widget elementor-widget-text-editor\" data-id=\"1e02ffd\" data-element_type=\"widget\" data-widget_type=\"text-editor.default\">\n\t\t\t\t<div class=\"elementor-widget-container\">\n\t\t\t\t\t\t\t\t<div class=\"elementor-text-editor elementor-clearfix\">\n\t\t\t\t<h2>Antoine Marietta-Aleina (Ski alpinisme)<\/h2>\t\t\t\t\t<\/div>\n\t\t\t\t\t\t<\/div>\n\t\t\t\t<\/div>\n\t\t\t\t\t\t<\/div>\n\t\t\t\t\t<\/div>\n\t\t<\/div>\n\t\t\t\t\t\t\t\t<\/div>\n\t\t\t\t\t<\/div>\n\t\t<\/section>\n\t\t\t\t<section class=\"elementor-section elementor-top-section elementor-element elementor-element-757402b elementor-section-boxed elementor-section-height-default elementor-section-height-default\" data-id=\"757402b\" data-element_type=\"section\">\n\t\t\t\t\t\t<div class=\"elementor-container elementor-column-gap-default\">\n\t\t\t\t\t\t\t<div class=\"elementor-row\">\n\t\t\t\t\t<div class=\"elementor-column elementor-col-100 elementor-top-column elementor-element elementor-element-b871268\" data-id=\"b871268\" data-element_type=\"column\">\n\t\t\t<div class=\"elementor-column-wrap elementor-element-populated\">\n\t\t\t\t\t\t\t<div class=\"elementor-widget-wrap\">\n\t\t\t\t\t\t<div class=\"elementor-element elementor-element-001dcf1 elementor-widget elementor-widget-text-editor\" data-id=\"001dcf1\" data-element_type=\"widget\" data-widget_type=\"text-editor.default\">\n\t\t\t\t<div class=\"elementor-widget-container\">\n\t\t\t\t\t\t\t\t<div class=\"elementor-text-editor elementor-clearfix\">\n\t\t\t\t<p>Antoine est \u00e9tudiant \u00e0 <a href=\"https:\/\/ense3.grenoble-inp.fr\/\" target=\"_blank\" rel=\"noopener\"><strong>Grenoble INP &#8211; Ense\u00b3, UGA<\/strong> <\/a>et a commenc\u00e9 le ski de randonn\u00e9e \u00e0 l&rsquo;age de 9 ans. Il pratique aujourd&rsquo;hui le ski alpinisme et le trail \u00e0 haut niveau.\u00a0<\/p>\t\t\t\t\t<\/div>\n\t\t\t\t\t\t<\/div>\n\t\t\t\t<\/div>\n\t\t\t\t\t\t<\/div>\n\t\t\t\t\t<\/div>\n\t\t<\/div>\n\t\t\t\t\t\t\t\t<\/div>\n\t\t\t\t\t<\/div>\n\t\t<\/section>\n\t\t\t\t<section class=\"elementor-section elementor-top-section elementor-element elementor-element-0b60c5e elementor-section-boxed elementor-section-height-default elementor-section-height-default\" data-id=\"0b60c5e\" data-element_type=\"section\">\n\t\t\t\t\t\t<div class=\"elementor-container elementor-column-gap-default\">\n\t\t\t\t\t\t\t<div class=\"elementor-row\">\n\t\t\t\t\t<div class=\"elementor-column elementor-col-66 elementor-top-column elementor-element elementor-element-0f2e168\" data-id=\"0f2e168\" data-element_type=\"column\">\n\t\t\t<div class=\"elementor-column-wrap elementor-element-populated\">\n\t\t\t\t\t\t\t<div class=\"elementor-widget-wrap\">\n\t\t\t\t\t\t<div class=\"elementor-element elementor-element-9aa2fb8 elementor-widget elementor-widget-text-editor\" data-id=\"9aa2fb8\" data-element_type=\"widget\" data-widget_type=\"text-editor.default\">\n\t\t\t\t<div class=\"elementor-widget-container\">\n\t\t\t\t\t\t\t\t<div class=\"elementor-text-editor elementor-clearfix\">\n\t\t\t\t<p><strong>Ses r\u00e9sultats :<\/strong><\/p><ul><li>Etape de la Pierra Menta, Ar\u00eaches-Beaufort : 15\u1d49 au classement g\u00e9n\u00e9ral<\/li><li>Etape de coupe de France en \u00e9preuve individuelle, \u00e0 Granier : 17\u1d49 au classement g\u00e9n\u00e9ral<\/li><li>Course de la Belle-Etoile (\u00e9quipe), 7 Laux : 8e<\/li><li>Championnats de France par \u00e9quipe \u00e0 Super D\u00e9voluy : 8e<\/li><li>Pierra Menta, Ar\u00e8ches-Beaufort : 24e<\/li><li>Tour du Rutor, Arvier, Italie : 19\u1d49 au classement g\u00e9n\u00e9ral<\/li><\/ul>\t\t\t\t\t<\/div>\n\t\t\t\t\t\t<\/div>\n\t\t\t\t<\/div>\n\t\t\t\t\t\t<\/div>\n\t\t\t\t\t<\/div>\n\t\t<\/div>\n\t\t\t\t<div class=\"elementor-column elementor-col-33 elementor-top-column elementor-element elementor-element-487b6a8\" data-id=\"487b6a8\" data-element_type=\"column\">\n\t\t\t<div class=\"elementor-column-wrap elementor-element-populated\">\n\t\t\t\t\t\t\t<div class=\"elementor-widget-wrap\">\n\t\t\t\t\t\t<div class=\"elementor-element elementor-element-4db0f4f dce_masking-none elementor-widget elementor-widget-image\" data-id=\"4db0f4f\" data-element_type=\"widget\" data-widget_type=\"image.default\">\n\t\t\t\t<div class=\"elementor-widget-container\">\n\t\t\t\t\t\t\t\t<div class=\"elementor-image\">\n\t\t\t\t\t\t\t\t\t\t\t\t<img width=\"877\" height=\"878\" src=\"https:\/\/fondation-grenoble-inp.fr\/wp-content\/uploads\/2024\/02\/Antoine-MARIETTA-ALEINA-1.png\" class=\"attachment-large size-large\" alt=\"Antoine Marietta-Aleina\" loading=\"lazy\" srcset=\"https:\/\/fondation-grenoble-inp.fr\/wp-content\/uploads\/2024\/02\/Antoine-MARIETTA-ALEINA-1.png 877w, https:\/\/fondation-grenoble-inp.fr\/wp-content\/uploads\/2024\/02\/Antoine-MARIETTA-ALEINA-1-300x300.png 300w, https:\/\/fondation-grenoble-inp.fr\/wp-content\/uploads\/2024\/02\/Antoine-MARIETTA-ALEINA-1-150x150.png 150w, https:\/\/fondation-grenoble-inp.fr\/wp-content\/uploads\/2024\/02\/Antoine-MARIETTA-ALEINA-1-768x769.png 768w, https:\/\/fondation-grenoble-inp.fr\/wp-content\/uploads\/2024\/02\/Antoine-MARIETTA-ALEINA-1-12x12.png 12w\" sizes=\"(max-width: 877px) 100vw, 877px\" \/>\t\t\t\t\t\t\t\t\t\t\t\t\t\t<\/div>\n\t\t\t\t\t\t<\/div>\n\t\t\t\t<\/div>\n\t\t\t\t\t\t<\/div>\n\t\t\t\t\t<\/div>\n\t\t<\/div>\n\t\t\t\t\t\t\t\t<\/div>\n\t\t\t\t\t<\/div>\n\t\t<\/section>\n\t\t\t\t<section class=\"elementor-section elementor-top-section elementor-element elementor-element-65ac754 elementor-section-boxed elementor-section-height-default elementor-section-height-default\" data-id=\"65ac754\" data-element_type=\"section\">\n\t\t\t\t\t\t<div class=\"elementor-container elementor-column-gap-default\">\n\t\t\t\t\t\t\t<div class=\"elementor-row\">\n\t\t\t\t\t<div class=\"elementor-column elementor-col-100 elementor-top-column elementor-element elementor-element-d577454\" data-id=\"d577454\" data-element_type=\"column\">\n\t\t\t<div class=\"elementor-column-wrap elementor-element-populated\">\n\t\t\t\t\t\t\t<div class=\"elementor-widget-wrap\">\n\t\t\t\t\t\t<div class=\"elementor-element elementor-element-9d295fb elementor-widget elementor-widget-text-editor\" data-id=\"9d295fb\" data-element_type=\"widget\" data-widget_type=\"text-editor.default\">\n\t\t\t\t<div class=\"elementor-widget-container\">\n\t\t\t\t\t\t\t\t<div class=\"elementor-text-editor elementor-clearfix\">\n\t\t\t\t<p><em>\u00ab Au total, j&rsquo;ai pass\u00e9 152 heures sur les skis pour un d\u00e9nivel\u00e9 cumul\u00e9 de 110 000 m\u00e8tres sur ces quatre mois de ski. Je suis globalement satisfait de ma saison, malgr\u00e9 une l\u00e9g\u00e8re m\u00e9forme sur mon plus grand objectif. Je suis d\u00e9sormais en pleine pr\u00e9paration de la saison estivale de trail. La bourse qui m&rsquo;a \u00e9t\u00e9 accord\u00e9e a grandement all\u00e9g\u00e9 les lourdes d\u00e9penses associ\u00e9es au ski-alpinisme. Cela m&rsquo;a permis de me projeter vers les plus grandes courses, aux prix d&rsquo;inscription extr\u00eamement \u00e9lev\u00e9s, et c&rsquo;est un grand soulagement de pouvoir r\u00eaver de cela sans culpabilit\u00e9. J&rsquo;ai \u00e9galement pu m&rsquo;entra\u00eener presque quotidiennement en station. En r\u00e9duisant mes d\u00e9penses et en covoiturant autant que possible, il m&rsquo;a \u00e9t\u00e9 bien plus simple de me d\u00e9placer cette ann\u00e9e. Enfin, j&rsquo;ai pu m&rsquo;offrir des produits de nutrition de tr\u00e8s haute performance \u00e9nerg\u00e9tique. Jusqu&rsquo;\u00e0 pr\u00e9sent, je ne pouvais pas toujours me permettre d&rsquo;acheter ces produits, mais cette ann\u00e9e, j&rsquo;ai pu en profiter pleinement gr\u00e2ce \u00e0 la bourse.<\/em>\u00a0<em>\u00bb<\/em><\/p>\t\t\t\t\t<\/div>\n\t\t\t\t\t\t<\/div>\n\t\t\t\t<\/div>\n\t\t\t\t\t\t<\/div>\n\t\t\t\t\t<\/div>\n\t\t<\/div>\n\t\t\t\t\t\t\t\t<\/div>\n\t\t\t\t\t<\/div>\n\t\t<\/section>\n\t\t\t\t<section class=\"elementor-section elementor-top-section elementor-element elementor-element-1149973 elementor-section-boxed elementor-section-height-default elementor-section-height-default\" data-id=\"1149973\" data-element_type=\"section\">\n\t\t\t\t\t\t<div class=\"elementor-container elementor-column-gap-default\">\n\t\t\t\t\t\t\t<div class=\"elementor-row\">\n\t\t\t\t\t<div class=\"elementor-column elementor-col-100 elementor-top-column elementor-element elementor-element-3d75d6a\" data-id=\"3d75d6a\" data-element_type=\"column\">\n\t\t\t<div class=\"elementor-column-wrap elementor-element-populated\">\n\t\t\t\t\t\t\t<div class=\"elementor-widget-wrap\">\n\t\t\t\t\t\t<div class=\"elementor-element elementor-element-42029e0 elementor-widget elementor-widget-text-editor\" data-id=\"42029e0\" data-element_type=\"widget\" data-widget_type=\"text-editor.default\">\n\t\t\t\t<div class=\"elementor-widget-container\">\n\t\t\t\t\t\t\t\t<div class=\"elementor-text-editor elementor-clearfix\">\n\t\t\t\t<h2>J\u00e9r\u00e9my Royer (Ski de fond)<\/h2>\t\t\t\t\t<\/div>\n\t\t\t\t\t\t<\/div>\n\t\t\t\t<\/div>\n\t\t\t\t<div class=\"elementor-element elementor-element-02610d3 elementor-widget elementor-widget-text-editor\" data-id=\"02610d3\" data-element_type=\"widget\" data-widget_type=\"text-editor.default\">\n\t\t\t\t<div class=\"elementor-widget-container\">\n\t\t\t\t\t\t\t\t<div class=\"elementor-text-editor elementor-clearfix\">\n\t\t\t\t<p><span id=\"p36\">\u00c9tudiant \u00e0 <strong><a href=\"https:\/\/genie-industriel.grenoble-inp.fr\/\" target=\"_blank\" rel=\"noopener\">Grenoble INP \u2013 G\u00e9nie industriel, UGA<\/a><\/strong>, J\u00e9r\u00e9my pratique le ski de fond au sein du Ski Nordique Belledonne Chamrousse. Depuis 2 ans, il court sur le circuit Pro Tour Ski Classics, circuit mondial des courses longue distance, au sein du Team Nordique Exp\u00e9rience, qui regroupe les plus grandes courses de ski de fond.<\/span><\/p>\t\t\t\t\t<\/div>\n\t\t\t\t\t\t<\/div>\n\t\t\t\t<\/div>\n\t\t\t\t\t\t<\/div>\n\t\t\t\t\t<\/div>\n\t\t<\/div>\n\t\t\t\t\t\t\t\t<\/div>\n\t\t\t\t\t<\/div>\n\t\t<\/section>\n\t\t\t\t<section class=\"elementor-section elementor-top-section elementor-element elementor-element-0625320 elementor-section-boxed elementor-section-height-default elementor-section-height-default\" data-id=\"0625320\" data-element_type=\"section\">\n\t\t\t\t\t\t<div class=\"elementor-container elementor-column-gap-default\">\n\t\t\t\t\t\t\t<div class=\"elementor-row\">\n\t\t\t\t\t<div class=\"elementor-column elementor-col-33 elementor-top-column elementor-element elementor-element-f0fac71\" data-id=\"f0fac71\" data-element_type=\"column\">\n\t\t\t<div class=\"elementor-column-wrap elementor-element-populated\">\n\t\t\t\t\t\t\t<div class=\"elementor-widget-wrap\">\n\t\t\t\t\t\t<div class=\"elementor-element elementor-element-e75d1b2 dce_masking-none elementor-widget elementor-widget-image\" data-id=\"e75d1b2\" data-element_type=\"widget\" data-widget_type=\"image.default\">\n\t\t\t\t<div class=\"elementor-widget-container\">\n\t\t\t\t\t\t\t\t<div class=\"elementor-image\">\n\t\t\t\t\t\t\t\t\t\t\t\t<img width=\"1024\" height=\"1024\" src=\"https:\/\/fondation-grenoble-inp.fr\/wp-content\/uploads\/2024\/02\/Jeremy-Royer-1-1024x1024.jpg\" class=\"attachment-large size-large\" alt=\"J\u00e9r\u00e9my Royer\" loading=\"lazy\" srcset=\"https:\/\/fondation-grenoble-inp.fr\/wp-content\/uploads\/2024\/02\/Jeremy-Royer-1-1024x1024.jpg 1024w, https:\/\/fondation-grenoble-inp.fr\/wp-content\/uploads\/2024\/02\/Jeremy-Royer-1-300x300.jpg 300w, https:\/\/fondation-grenoble-inp.fr\/wp-content\/uploads\/2024\/02\/Jeremy-Royer-1-150x150.jpg 150w, https:\/\/fondation-grenoble-inp.fr\/wp-content\/uploads\/2024\/02\/Jeremy-Royer-1-768x768.jpg 768w, https:\/\/fondation-grenoble-inp.fr\/wp-content\/uploads\/2024\/02\/Jeremy-Royer-1-12x12.jpg 12w, https:\/\/fondation-grenoble-inp.fr\/wp-content\/uploads\/2024\/02\/Jeremy-Royer-1.jpg 1365w\" sizes=\"(max-width: 1024px) 100vw, 1024px\" \/>\t\t\t\t\t\t\t\t\t\t\t\t\t\t<\/div>\n\t\t\t\t\t\t<\/div>\n\t\t\t\t<\/div>\n\t\t\t\t\t\t<\/div>\n\t\t\t\t\t<\/div>\n\t\t<\/div>\n\t\t\t\t<div class=\"elementor-column elementor-col-66 elementor-top-column elementor-element elementor-element-9e562d9\" data-id=\"9e562d9\" data-element_type=\"column\">\n\t\t\t<div class=\"elementor-column-wrap elementor-element-populated\">\n\t\t\t\t\t\t\t<div class=\"elementor-widget-wrap\">\n\t\t\t\t\t\t<div class=\"elementor-element elementor-element-e8ad070 elementor-widget elementor-widget-text-editor\" data-id=\"e8ad070\" data-element_type=\"widget\" data-widget_type=\"text-editor.default\">\n\t\t\t\t<div class=\"elementor-widget-container\">\n\t\t\t\t\t\t\t\t<div class=\"elementor-text-editor elementor-clearfix\">\n\t\t\t\t<p><strong>Ses r\u00e9sultats :<\/strong><\/p><p>Classement G\u00e9n\u00e9ral Pro Tour : 28\u1d49 \/183<\/p><p>Classement G\u00e9n\u00e9ral jeunes(&lt; 26 ans) : 6e \/ 74<\/p><p>_<\/p><p>Circuit Ski Classics :<\/p><ul><li>Gronklitt Classic \u2013 50 km, Su\u00e8de : 15\u1d49<\/li><li>Marcia Gran Paradiso \u2013 70 km, Italie : 4\u1d49<\/li><li>Marcialonga \u2013 70 km, Italie : 20\u1d49<\/li><li>La Diagonela \u2013 55 km, Suisse : 24\u1d49<\/li><li>3 Zinnen Ski Marathon \u2013 62 km, Italie : 23\u1d49<\/li><li>La Venosta \u2013 36 km, Italie : 27\u1d49<\/li><li>Bad Gastein Criterium \u2013 35 km, Autriche : 22\u1d49<\/li><\/ul><p>_<\/p><p>Circuit longue distance Skis-roues, Mitsubishi Electric World Classic Tour :<\/p><ul><li>G\u00e9n\u00e9ral : 7e \/ 108<\/li><li>Moins de 26\u00a0 ans : 4e \/ 51<\/li><li>Alliansplopet, Su\u00e8de : 9e au\u00a0 Mass start 50km CL et 7e au 15km Indiv CL<\/li><li>Toppidrettsveka, Norv\u00e8ge : 16\u1d49 au Mass start 55km CL<\/li><li>Blink Festival, Norv\u00e8ge : 6e \u00e0 la Mont\u00e9e du Lyseboth et 27e au Mass start 50km CL<\/li><li>Dupaski&rsquo; Festival, Suisse : 1er \u00e0 la Mont\u00e9e Diagonela Summer Challenge et 1er au Crit\u00e9rium 50km CL<\/li><\/ul>\t\t\t\t\t<\/div>\n\t\t\t\t\t\t<\/div>\n\t\t\t\t<\/div>\n\t\t\t\t\t\t<\/div>\n\t\t\t\t\t<\/div>\n\t\t<\/div>\n\t\t\t\t\t\t\t\t<\/div>\n\t\t\t\t\t<\/div>\n\t\t<\/section>\n\t\t\t\t<section class=\"elementor-section elementor-top-section elementor-element elementor-element-f007abc elementor-section-boxed elementor-section-height-default elementor-section-height-default\" data-id=\"f007abc\" data-element_type=\"section\">\n\t\t\t\t\t\t<div class=\"elementor-container elementor-column-gap-default\">\n\t\t\t\t\t\t\t<div class=\"elementor-row\">\n\t\t\t\t\t<div class=\"elementor-column elementor-col-100 elementor-top-column elementor-element elementor-element-42d478d\" data-id=\"42d478d\" data-element_type=\"column\">\n\t\t\t<div class=\"elementor-column-wrap elementor-element-populated\">\n\t\t\t\t\t\t\t<div class=\"elementor-widget-wrap\">\n\t\t\t\t\t\t<div class=\"elementor-element elementor-element-912da30 elementor-widget elementor-widget-text-editor\" data-id=\"912da30\" data-element_type=\"widget\" data-widget_type=\"text-editor.default\">\n\t\t\t\t<div class=\"elementor-widget-container\">\n\t\t\t\t\t\t\t\t<div class=\"elementor-text-editor elementor-clearfix\">\n\t\t\t\t<p><em>\u00ab Mener \u00e0 bien ce double projet demande beaucoup d\u2019engagement et d\u2019organisation, entre un rythme d\u2019entra\u00eenement tr\u00e8s soutenu de 950 h\/an et les \u00e9tudes am\u00e9nag\u00e9es \u00e0 Grenoble INP &#8211; UGA. Une saison de sportif de haut niveau en ski de fond entra\u00eene des d\u00e9penses importantes, m\u00eame si une partie de mon mat\u00e9riel est fournie via un partenariat avec mes \u00e9quipementiers (Fischer pour les skis et b\u00e2tons et Julbo pour les lunettes). La bourse de la Fondation Grenoble INP est une aide pr\u00e9cieuse pour financer une partie des d\u00e9penses de ma saison. Je la remercie pour son soutien dans mon double projet. \u00bb<\/em><\/p>\t\t\t\t\t<\/div>\n\t\t\t\t\t\t<\/div>\n\t\t\t\t<\/div>\n\t\t\t\t\t\t<\/div>\n\t\t\t\t\t<\/div>\n\t\t<\/div>\n\t\t\t\t\t\t\t\t<\/div>\n\t\t\t\t\t<\/div>\n\t\t<\/section>\n\t\t\t\t<section class=\"elementor-section elementor-top-section elementor-element elementor-element-39324a3 elementor-section-boxed elementor-section-height-default elementor-section-height-default\" data-id=\"39324a3\" data-element_type=\"section\">\n\t\t\t\t\t\t<div class=\"elementor-container elementor-column-gap-default\">\n\t\t\t\t\t\t\t<div class=\"elementor-row\">\n\t\t\t\t\t<div class=\"elementor-column elementor-col-100 elementor-top-column elementor-element elementor-element-b312957\" data-id=\"b312957\" data-element_type=\"column\">\n\t\t\t<div class=\"elementor-column-wrap elementor-element-populated\">\n\t\t\t\t\t\t\t<div class=\"elementor-widget-wrap\">\n\t\t\t\t\t\t<div class=\"elementor-element elementor-element-6f12fdf elementor-widget elementor-widget-spacer\" data-id=\"6f12fdf\" data-element_type=\"widget\" data-widget_type=\"spacer.default\">\n\t\t\t\t<div class=\"elementor-widget-container\">\n\t\t\t\t\t<div class=\"elementor-spacer\">\n\t\t\t<div class=\"elementor-spacer-inner\"><\/div>\n\t\t<\/div>\n\t\t\t\t<\/div>\n\t\t\t\t<\/div>\n\t\t\t\t<div class=\"elementor-element elementor-element-bb40668 elementor-widget elementor-widget-text-editor\" data-id=\"bb40668\" data-element_type=\"widget\" data-widget_type=\"text-editor.default\">\n\t\t\t\t<div class=\"elementor-widget-container\">\n\t\t\t\t\t\t\t\t<div class=\"elementor-text-editor elementor-clearfix\">\n\t\t\t\t<p>La Fondation Grenoble INP f\u00e9licite ces athl\u00e8tes exceptionnels pour leurs performances cette saison. Leur talent et leur d\u00e9termination sont une v\u00e9ritable source d&rsquo;inspiration. Nous leur souhaitons une r\u00e9ussite continue dans la suite de leurs parcours sportifs et acad\u00e9miques.<\/p><p>Pour en savoir plus sur la bourse d&rsquo;excellence,<strong> <a href=\"https:\/\/fondation-grenoble-inp.fr\/en\/bourses-dexcellence\/\" target=\"_blank\" rel=\"noopener\">rendez vous ici<\/a><\/strong>.<\/p>\t\t\t\t\t<\/div>\n\t\t\t\t\t\t<\/div>\n\t\t\t\t<\/div>\n\t\t\t\t\t\t<\/div>\n\t\t\t\t\t<\/div>\n\t\t<\/div>\n\t\t\t\t\t\t\t\t<\/div>\n\t\t\t\t\t<\/div>\n\t\t<\/section>\n\t\t\t\t\t\t<\/div>\n\t\t\t\t\t\t<\/div>\n\t\t\t\t\t<\/div>","protected":false},"excerpt":{"rendered":"<p>Nous sommes ravis de partager avec vous le bilan hivernal 2023-2024 de nos 9 sportifs de haut niveau, dont 4 ont \u00e9t\u00e9 accompagn\u00e9s gr\u00e2ce au m\u00e9c\u00e9nat du Fond de Dotation Andurand. Cette saison a \u00e9t\u00e9 marqu\u00e9e par de belles performances de leur part.<\/p>","protected":false},"author":7,"featured_media":18384,"comment_status":"closed","ping_status":"open","sticky":false,"template":"","format":"standard","meta":[],"categories":[477],"tags":[],"acf":[],"yoast_head":"<!-- This site is optimized with the Yoast SEO plugin v18.0 - https:\/\/yoast.com\/wordpress\/plugins\/seo\/ -->\n<title>Bilan hivernal 2023-2024 des sportifs de haut niveau soutenus par la Fondation - Fondation Grenoble INP<\/title>\n<meta name=\"description\" content=\"Nous sommes ravis de partager avec vous le bilan hivernal 2023-2024 de nos 9 sportifs de haut niveau, dont 4 ont \u00e9t\u00e9 accompagn\u00e9s gr\u00e2ce au m\u00e9c\u00e9nat du Fond de Dotation Andurand. Cette saison a \u00e9t\u00e9 marqu\u00e9e par de belles performances de leur part.\" \/>\n<meta name=\"robots\" content=\"index, follow, max-snippet:-1, max-image-preview:large, max-video-preview:-1\" \/>\n<link rel=\"canonical\" href=\"https:\/\/fondation-grenoble-inp.fr\/en\/bilan-hivernal-2023-2024-des-sportifs-de-haut-niveau-soutenus-par-la-fondation-2\/\" \/>\n<meta property=\"og:locale\" content=\"en_US\" \/>\n<meta property=\"og:type\" content=\"article\" \/>\n<meta property=\"og:title\" content=\"Bilan hivernal 2023-2024 des sportifs de haut niveau soutenus par la Fondation - Fondation Grenoble INP\" \/>\n<meta property=\"og:description\" content=\"Nous sommes ravis de partager avec vous le bilan hivernal 2023-2024 de nos 9 sportifs de haut niveau, dont 4 ont \u00e9t\u00e9 accompagn\u00e9s gr\u00e2ce au m\u00e9c\u00e9nat du Fond de Dotation Andurand. Cette saison a \u00e9t\u00e9 marqu\u00e9e par de belles performances de leur part.\" \/>\n<meta property=\"og:url\" content=\"https:\/\/fondation-grenoble-inp.fr\/en\/bilan-hivernal-2023-2024-des-sportifs-de-haut-niveau-soutenus-par-la-fondation-2\/\" \/>\n<meta property=\"og:site_name\" content=\"Fondation Grenoble INP\" \/>\n<meta property=\"article:published_time\" content=\"2024-06-06T12:17:17+00:00\" \/>\n<meta property=\"article:modified_time\" content=\"2024-07-19T10:34:16+00:00\" \/>\n<meta property=\"og:image\" content=\"https:\/\/fondation-grenoble-inp.fr\/wp-content\/uploads\/2024\/06\/Paul-Stalder-Photo-OK-scaled.jpg\" \/>\n\t<meta property=\"og:image:width\" content=\"2560\" \/>\n\t<meta property=\"og:image:height\" content=\"1707\" \/>\n\t<meta property=\"og:image:type\" content=\"image\/jpeg\" \/>\n<meta name=\"twitter:card\" content=\"summary_large_image\" \/>\n<meta name=\"twitter:label1\" content=\"Written by\" \/>\n\t<meta name=\"twitter:data1\" content=\"Marie Dubreuil\" \/>\n\t<meta name=\"twitter:label2\" content=\"Est. reading time\" \/>\n\t<meta name=\"twitter:data2\" content=\"15 minutes\" \/>\n<script type=\"application\/ld+json\" class=\"yoast-schema-graph\">{\"@context\":\"https:\/\/schema.org\",\"@graph\":[{\"@type\":\"Organization\",\"@id\":\"https:\/\/fondation-grenoble-inp.fr\/#organization\",\"name\":\"Fondation INP Grenoble\",\"url\":\"https:\/\/fondation-grenoble-inp.fr\/\",\"sameAs\":[],\"logo\":{\"@type\":\"ImageObject\",\"@id\":\"https:\/\/fondation-grenoble-inp.fr\/#logo\",\"inLanguage\":\"en-US\",\"url\":\"https:\/\/fondation-grenoble-inp.fr\/wp-content\/uploads\/2021\/03\/cropped-favicon-fondation-inp-grenoble.png\",\"contentUrl\":\"https:\/\/fondation-grenoble-inp.fr\/wp-content\/uploads\/2021\/03\/cropped-favicon-fondation-inp-grenoble.png\",\"width\":512,\"height\":512,\"caption\":\"Fondation INP Grenoble\"},\"image\":{\"@id\":\"https:\/\/fondation-grenoble-inp.fr\/#logo\"}},{\"@type\":\"WebSite\",\"@id\":\"https:\/\/fondation-grenoble-inp.fr\/#website\",\"url\":\"https:\/\/fondation-grenoble-inp.fr\/\",\"name\":\"Fondation Grenoble INP\",\"description\":\"#OsezlAvenir\",\"publisher\":{\"@id\":\"https:\/\/fondation-grenoble-inp.fr\/#organization\"},\"potentialAction\":[{\"@type\":\"SearchAction\",\"target\":{\"@type\":\"EntryPoint\",\"urlTemplate\":\"https:\/\/fondation-grenoble-inp.fr\/?s={search_term_string}\"},\"query-input\":\"required name=search_term_string\"}],\"inLanguage\":\"en-US\"},{\"@type\":\"ImageObject\",\"@id\":\"https:\/\/fondation-grenoble-inp.fr\/bilan-hivernal-2023-2024-des-sportifs-de-haut-niveau-soutenus-par-la-fondation-2\/#primaryimage\",\"inLanguage\":\"en-US\",\"url\":\"https:\/\/fondation-grenoble-inp.fr\/wp-content\/uploads\/2024\/06\/Paul-Stalder-Photo-OK-scaled.jpg\",\"contentUrl\":\"https:\/\/fondation-grenoble-inp.fr\/wp-content\/uploads\/2024\/06\/Paul-Stalder-Photo-OK-scaled.jpg\",\"width\":\"2560\",\"height\":\"1707\"},{\"@type\":\"WebPage\",\"@id\":\"https:\/\/fondation-grenoble-inp.fr\/bilan-hivernal-2023-2024-des-sportifs-de-haut-niveau-soutenus-par-la-fondation-2\/#webpage\",\"url\":\"https:\/\/fondation-grenoble-inp.fr\/bilan-hivernal-2023-2024-des-sportifs-de-haut-niveau-soutenus-par-la-fondation-2\/\",\"name\":\"Bilan hivernal 2023-2024 des sportifs de haut niveau soutenus par la Fondation - Fondation Grenoble INP\",\"isPartOf\":{\"@id\":\"https:\/\/fondation-grenoble-inp.fr\/#website\"},\"primaryImageOfPage\":{\"@id\":\"https:\/\/fondation-grenoble-inp.fr\/bilan-hivernal-2023-2024-des-sportifs-de-haut-niveau-soutenus-par-la-fondation-2\/#primaryimage\"},\"datePublished\":\"2024-06-06T12:17:17+00:00\",\"dateModified\":\"2024-07-19T10:34:16+00:00\",\"description\":\"Nous sommes ravis de partager avec vous le bilan hivernal 2023-2024 de nos 9 sportifs de haut niveau, dont 4 ont \u00e9t\u00e9 accompagn\u00e9s gr\u00e2ce au m\u00e9c\u00e9nat du Fond de Dotation Andurand. Cette saison a \u00e9t\u00e9 marqu\u00e9e par de belles performances de leur part.\",\"breadcrumb\":{\"@id\":\"https:\/\/fondation-grenoble-inp.fr\/bilan-hivernal-2023-2024-des-sportifs-de-haut-niveau-soutenus-par-la-fondation-2\/#breadcrumb\"},\"inLanguage\":\"en-US\",\"potentialAction\":[{\"@type\":\"ReadAction\",\"target\":[\"https:\/\/fondation-grenoble-inp.fr\/bilan-hivernal-2023-2024-des-sportifs-de-haut-niveau-soutenus-par-la-fondation-2\/\"]}]},{\"@type\":\"BreadcrumbList\",\"@id\":\"https:\/\/fondation-grenoble-inp.fr\/bilan-hivernal-2023-2024-des-sportifs-de-haut-niveau-soutenus-par-la-fondation-2\/#breadcrumb\",\"itemListElement\":[{\"@type\":\"ListItem\",\"position\":1,\"name\":\"Accueil\",\"item\":\"https:\/\/fondation-grenoble-inp.fr\/\"},{\"@type\":\"ListItem\",\"position\":2,\"name\":\"Bilan hivernal 2023-2024 des sportifs de haut niveau soutenus par la Fondation\"}]},{\"@type\":\"Article\",\"@id\":\"https:\/\/fondation-grenoble-inp.fr\/bilan-hivernal-2023-2024-des-sportifs-de-haut-niveau-soutenus-par-la-fondation-2\/#article\",\"isPartOf\":{\"@id\":\"https:\/\/fondation-grenoble-inp.fr\/bilan-hivernal-2023-2024-des-sportifs-de-haut-niveau-soutenus-par-la-fondation-2\/#webpage\"},\"author\":{\"@id\":\"https:\/\/fondation-grenoble-inp.fr\/#\/schema\/person\/7c36548ebaddf05ba7a055d161ebff94\"},\"headline\":\"Bilan hivernal 2023-2024 des sportifs de haut niveau soutenus par la Fondation\",\"datePublished\":\"2024-06-06T12:17:17+00:00\",\"dateModified\":\"2024-07-19T10:34:16+00:00\",\"mainEntityOfPage\":{\"@id\":\"https:\/\/fondation-grenoble-inp.fr\/bilan-hivernal-2023-2024-des-sportifs-de-haut-niveau-soutenus-par-la-fondation-2\/#webpage\"},\"wordCount\":2542,\"publisher\":{\"@id\":\"https:\/\/fondation-grenoble-inp.fr\/#organization\"},\"image\":{\"@id\":\"https:\/\/fondation-grenoble-inp.fr\/bilan-hivernal-2023-2024-des-sportifs-de-haut-niveau-soutenus-par-la-fondation-2\/#primaryimage\"},\"thumbnailUrl\":\"https:\/\/fondation-grenoble-inp.fr\/wp-content\/uploads\/2024\/06\/Paul-Stalder-Photo-OK-scaled.jpg\",\"articleSection\":[\"Les Bourses\"],\"inLanguage\":\"en-US\"},{\"@type\":\"Person\",\"@id\":\"https:\/\/fondation-grenoble-inp.fr\/#\/schema\/person\/7c36548ebaddf05ba7a055d161ebff94\",\"name\":\"Marie Dubreuil\",\"image\":{\"@type\":\"ImageObject\",\"@id\":\"https:\/\/fondation-grenoble-inp.fr\/#personlogo\",\"inLanguage\":\"en-US\",\"url\":\"https:\/\/secure.gravatar.com\/avatar\/358eb0ab274d9479ce7c23b8a3f0a360?s=96&d=mm&r=g\",\"contentUrl\":\"https:\/\/secure.gravatar.com\/avatar\/358eb0ab274d9479ce7c23b8a3f0a360?s=96&d=mm&r=g\",\"caption\":\"Marie Dubreuil\"}}]}<\/script>\n<!-- \/ Yoast SEO plugin. -->","yoast_head_json":{"title":"Bilan hivernal 2023-2024 des sportifs de haut niveau soutenus par la Fondation - Fondation Grenoble INP","description":"Nous sommes ravis de partager avec vous le bilan hivernal 2023-2024 de nos 9 sportifs de haut niveau, dont 4 ont \u00e9t\u00e9 accompagn\u00e9s gr\u00e2ce au m\u00e9c\u00e9nat du Fond de Dotation Andurand. Cette saison a \u00e9t\u00e9 marqu\u00e9e par de belles performances de leur part.","robots":{"index":"index","follow":"follow","max-snippet":"max-snippet:-1","max-image-preview":"max-image-preview:large","max-video-preview":"max-video-preview:-1"},"canonical":"https:\/\/fondation-grenoble-inp.fr\/en\/bilan-hivernal-2023-2024-des-sportifs-de-haut-niveau-soutenus-par-la-fondation-2\/","og_locale":"en_US","og_type":"article","og_title":"Bilan hivernal 2023-2024 des sportifs de haut niveau soutenus par la Fondation - Fondation Grenoble INP","og_description":"Nous sommes ravis de partager avec vous le bilan hivernal 2023-2024 de nos 9 sportifs de haut niveau, dont 4 ont \u00e9t\u00e9 accompagn\u00e9s gr\u00e2ce au m\u00e9c\u00e9nat du Fond de Dotation Andurand. Cette saison a \u00e9t\u00e9 marqu\u00e9e par de belles performances de leur part.","og_url":"https:\/\/fondation-grenoble-inp.fr\/en\/bilan-hivernal-2023-2024-des-sportifs-de-haut-niveau-soutenus-par-la-fondation-2\/","og_site_name":"Fondation Grenoble INP","article_published_time":"2024-06-06T12:17:17+00:00","article_modified_time":"2024-07-19T10:34:16+00:00","og_image":[{"width":"2560","height":"1707","url":"https:\/\/fondation-grenoble-inp.fr\/wp-content\/uploads\/2024\/06\/Paul-Stalder-Photo-OK-scaled.jpg","type":"image\/jpeg"}],"twitter_card":"summary_large_image","twitter_misc":{"Written by":"Marie Dubreuil","Est. reading time":"15 minutes"},"schema":{"@context":"https:\/\/schema.org","@graph":[{"@type":"Organization","@id":"https:\/\/fondation-grenoble-inp.fr\/#organization","name":"Fondation INP Grenoble","url":"https:\/\/fondation-grenoble-inp.fr\/","sameAs":[],"logo":{"@type":"ImageObject","@id":"https:\/\/fondation-grenoble-inp.fr\/#logo","inLanguage":"en-US","url":"https:\/\/fondation-grenoble-inp.fr\/wp-content\/uploads\/2021\/03\/cropped-favicon-fondation-inp-grenoble.png","contentUrl":"https:\/\/fondation-grenoble-inp.fr\/wp-content\/uploads\/2021\/03\/cropped-favicon-fondation-inp-grenoble.png","width":512,"height":512,"caption":"Fondation INP Grenoble"},"image":{"@id":"https:\/\/fondation-grenoble-inp.fr\/#logo"}},{"@type":"WebSite","@id":"https:\/\/fondation-grenoble-inp.fr\/#website","url":"https:\/\/fondation-grenoble-inp.fr\/","name":"Fondation Grenoble INP","description":"#OsezlAvenir","publisher":{"@id":"https:\/\/fondation-grenoble-inp.fr\/#organization"},"potentialAction":[{"@type":"SearchAction","target":{"@type":"EntryPoint","urlTemplate":"https:\/\/fondation-grenoble-inp.fr\/?s={search_term_string}"},"query-input":"required name=search_term_string"}],"inLanguage":"en-US"},{"@type":"ImageObject","@id":"https:\/\/fondation-grenoble-inp.fr\/bilan-hivernal-2023-2024-des-sportifs-de-haut-niveau-soutenus-par-la-fondation-2\/#primaryimage","inLanguage":"en-US","url":"https:\/\/fondation-grenoble-inp.fr\/wp-content\/uploads\/2024\/06\/Paul-Stalder-Photo-OK-scaled.jpg","contentUrl":"https:\/\/fondation-grenoble-inp.fr\/wp-content\/uploads\/2024\/06\/Paul-Stalder-Photo-OK-scaled.jpg","width":"2560","height":"1707"},{"@type":"WebPage","@id":"https:\/\/fondation-grenoble-inp.fr\/bilan-hivernal-2023-2024-des-sportifs-de-haut-niveau-soutenus-par-la-fondation-2\/#webpage","url":"https:\/\/fondation-grenoble-inp.fr\/bilan-hivernal-2023-2024-des-sportifs-de-haut-niveau-soutenus-par-la-fondation-2\/","name":"Bilan hivernal 2023-2024 des sportifs de haut niveau soutenus par la Fondation - Fondation Grenoble INP","isPartOf":{"@id":"https:\/\/fondation-grenoble-inp.fr\/#website"},"primaryImageOfPage":{"@id":"https:\/\/fondation-grenoble-inp.fr\/bilan-hivernal-2023-2024-des-sportifs-de-haut-niveau-soutenus-par-la-fondation-2\/#primaryimage"},"datePublished":"2024-06-06T12:17:17+00:00","dateModified":"2024-07-19T10:34:16+00:00","description":"Nous sommes ravis de partager avec vous le bilan hivernal 2023-2024 de nos 9 sportifs de haut niveau, dont 4 ont \u00e9t\u00e9 accompagn\u00e9s gr\u00e2ce au m\u00e9c\u00e9nat du Fond de Dotation Andurand. Cette saison a \u00e9t\u00e9 marqu\u00e9e par de belles performances de leur part.","breadcrumb":{"@id":"https:\/\/fondation-grenoble-inp.fr\/bilan-hivernal-2023-2024-des-sportifs-de-haut-niveau-soutenus-par-la-fondation-2\/#breadcrumb"},"inLanguage":"en-US","potentialAction":[{"@type":"ReadAction","target":["https:\/\/fondation-grenoble-inp.fr\/bilan-hivernal-2023-2024-des-sportifs-de-haut-niveau-soutenus-par-la-fondation-2\/"]}]},{"@type":"BreadcrumbList","@id":"https:\/\/fondation-grenoble-inp.fr\/bilan-hivernal-2023-2024-des-sportifs-de-haut-niveau-soutenus-par-la-fondation-2\/#breadcrumb","itemListElement":[{"@type":"ListItem","position":1,"name":"Accueil","item":"https:\/\/fondation-grenoble-inp.fr\/"},{"@type":"ListItem","position":2,"name":"Bilan hivernal 2023-2024 des sportifs de haut niveau soutenus par la Fondation"}]},{"@type":"Article","@id":"https:\/\/fondation-grenoble-inp.fr\/bilan-hivernal-2023-2024-des-sportifs-de-haut-niveau-soutenus-par-la-fondation-2\/#article","isPartOf":{"@id":"https:\/\/fondation-grenoble-inp.fr\/bilan-hivernal-2023-2024-des-sportifs-de-haut-niveau-soutenus-par-la-fondation-2\/#webpage"},"author":{"@id":"https:\/\/fondation-grenoble-inp.fr\/#\/schema\/person\/7c36548ebaddf05ba7a055d161ebff94"},"headline":"Bilan hivernal 2023-2024 des sportifs de haut niveau soutenus par la Fondation","datePublished":"2024-06-06T12:17:17+00:00","dateModified":"2024-07-19T10:34:16+00:00","mainEntityOfPage":{"@id":"https:\/\/fondation-grenoble-inp.fr\/bilan-hivernal-2023-2024-des-sportifs-de-haut-niveau-soutenus-par-la-fondation-2\/#webpage"},"wordCount":2542,"publisher":{"@id":"https:\/\/fondation-grenoble-inp.fr\/#organization"},"image":{"@id":"https:\/\/fondation-grenoble-inp.fr\/bilan-hivernal-2023-2024-des-sportifs-de-haut-niveau-soutenus-par-la-fondation-2\/#primaryimage"},"thumbnailUrl":"https:\/\/fondation-grenoble-inp.fr\/wp-content\/uploads\/2024\/06\/Paul-Stalder-Photo-OK-scaled.jpg","articleSection":["Les Bourses"],"inLanguage":"en-US"},{"@type":"Person","@id":"https:\/\/fondation-grenoble-inp.fr\/#\/schema\/person\/7c36548ebaddf05ba7a055d161ebff94","name":"Marie Dubreuil","image":{"@type":"ImageObject","@id":"https:\/\/fondation-grenoble-inp.fr\/#personlogo","inLanguage":"en-US","url":"https:\/\/secure.gravatar.com\/avatar\/358eb0ab274d9479ce7c23b8a3f0a360?s=96&d=mm&r=g","contentUrl":"https:\/\/secure.gravatar.com\/avatar\/358eb0ab274d9479ce7c23b8a3f0a360?s=96&d=mm&r=g","caption":"Marie Dubreuil"}}]}},"_links":{"self":[{"href":"https:\/\/fondation-grenoble-inp.fr\/en\/wp-json\/wp\/v2\/posts\/18196"}],"collection":[{"href":"https:\/\/fondation-grenoble-inp.fr\/en\/wp-json\/wp\/v2\/posts"}],"about":[{"href":"https:\/\/fondation-grenoble-inp.fr\/en\/wp-json\/wp\/v2\/types\/post"}],"author":[{"embeddable":true,"href":"https:\/\/fondation-grenoble-inp.fr\/en\/wp-json\/wp\/v2\/users\/7"}],"replies":[{"embeddable":true,"href":"https:\/\/fondation-grenoble-inp.fr\/en\/wp-json\/wp\/v2\/comments?post=18196"}],"version-history":[{"count":91,"href":"https:\/\/fondation-grenoble-inp.fr\/en\/wp-json\/wp\/v2\/posts\/18196\/revisions"}],"predecessor-version":[{"id":20800,"href":"https:\/\/fondation-grenoble-inp.fr\/en\/wp-json\/wp\/v2\/posts\/18196\/revisions\/20800"}],"wp:featuredmedia":[{"embeddable":true,"href":"https:\/\/fondation-grenoble-inp.fr\/en\/wp-json\/wp\/v2\/media\/18384"}],"wp:attachment":[{"href":"https:\/\/fondation-grenoble-inp.fr\/en\/wp-json\/wp\/v2\/media?parent=18196"}],"wp:term":[{"taxonomy":"category","embeddable":true,"href":"https:\/\/fondation-grenoble-inp.fr\/en\/wp-json\/wp\/v2\/categories?post=18196"},{"taxonomy":"post_tag","embeddable":true,"href":"https:\/\/fondation-grenoble-inp.fr\/en\/wp-json\/wp\/v2\/tags?post=18196"}],"curies":[{"name":"wp","href":"https:\/\/api.w.org\/{rel}","templated":true}]}}