{"id":19861,"date":"2024-06-03T10:49:00","date_gmt":"2024-06-03T08:49:00","guid":{"rendered":"https:\/\/fondation-grenoble-inp.fr\/?p=19861"},"modified":"2025-02-14T11:30:33","modified_gmt":"2025-02-14T10:30:33","slug":"le-rapport-dactivite-2023-de-la-fondation-grenoble-inp-est-en-ligne","status":"publish","type":"post","link":"https:\/\/fondation-grenoble-inp.fr\/en\/le-rapport-dactivite-2023-de-la-fondation-grenoble-inp-est-en-ligne\/","title":{"rendered":"Le rapport d\u2019activit\u00e9 2023 de la Fondation Grenoble INP est en ligne !"},"content":{"rendered":"<div data-elementor-type=\"wp-post\" data-elementor-id=\"19861\" data-post-id=\"19861\" data-obj-id=\"19861\" class=\"elementor elementor-19861 dce-elementor-post-19861\" data-elementor-settings=\"[]\">\n\t\t\t\t\t\t<div class=\"elementor-inner\">\n\t\t\t\t\t\t\t<div class=\"elementor-section-wrap\">\n\t\t\t\t\t\t\t<section class=\"elementor-section elementor-top-section elementor-element elementor-element-aaf5281 elementor-section-boxed elementor-section-height-default elementor-section-height-default\" data-id=\"aaf5281\" data-element_type=\"section\">\n\t\t\t\t\t\t<div class=\"elementor-container elementor-column-gap-default\">\n\t\t\t\t\t\t\t<div class=\"elementor-row\">\n\t\t\t\t\t<div class=\"elementor-column elementor-col-100 elementor-top-column elementor-element elementor-element-4873faa\" data-id=\"4873faa\" data-element_type=\"column\">\n\t\t\t<div class=\"elementor-column-wrap elementor-element-populated\">\n\t\t\t\t\t\t\t<div class=\"elementor-widget-wrap\">\n\t\t\t\t\t\t<div class=\"elementor-element elementor-element-75eaf0c elementor-widget elementor-widget-text-editor\" data-id=\"75eaf0c\" data-element_type=\"widget\" data-widget_type=\"text-editor.default\">\n\t\t\t\t<div class=\"elementor-widget-container\">\n\t\t\t\t\t\t\t\t<div class=\"elementor-text-editor elementor-clearfix\">\n\t\t\t\t<p><strong>The <a href=\"https:\/\/fondation-grenoble-inp.fr\/en\/\" target=\"_blank\" rel=\"noopener\">Grenoble INP Foundation<\/a> est heureuse de vous partager son rapport d&rsquo;activit\u00e9 2023. Nous avons \u00e0 c\u0153ur de partager nos enjeux, r\u00e9alisations et succ\u00e8s avec notre communaut\u00e9, nos donateurs et partenaires, et nous sommes honor\u00e9s de vous associer \u00e0 notre d\u00e9veloppement et \u00e0 nos activit\u00e9s.<\/strong><\/p>\t\t\t\t\t<\/div>\n\t\t\t\t\t\t<\/div>\n\t\t\t\t<\/div>\n\t\t\t\t\t\t<\/div>\n\t\t\t\t\t<\/div>\n\t\t<\/div>\n\t\t\t\t\t\t\t\t<\/div>\n\t\t\t\t\t<\/div>\n\t\t<\/section>\n\t\t\t\t<section class=\"elementor-section elementor-top-section elementor-element elementor-element-87502cf elementor-section-boxed elementor-section-height-default elementor-section-height-default\" data-id=\"87502cf\" data-element_type=\"section\">\n\t\t\t\t\t\t<div class=\"elementor-container elementor-column-gap-default\">\n\t\t\t\t\t\t\t<div class=\"elementor-row\">\n\t\t\t\t\t<div class=\"elementor-column elementor-col-100 elementor-top-column elementor-element elementor-element-1e0c9e3\" data-id=\"1e0c9e3\" data-element_type=\"column\">\n\t\t\t<div class=\"elementor-column-wrap elementor-element-populated\">\n\t\t\t\t\t\t\t<div class=\"elementor-widget-wrap\">\n\t\t\t\t\t\t<div class=\"elementor-element elementor-element-dbda8c7 elementor-widget elementor-widget-text-editor\" data-id=\"dbda8c7\" data-element_type=\"widget\" data-widget_type=\"text-editor.default\">\n\t\t\t\t<div class=\"elementor-widget-container\">\n\t\t\t\t\t\t\t\t<div class=\"elementor-text-editor elementor-clearfix\">\n\t\t\t\t<p>En 2023, notre engagement en faveur des grandes transitions s&rsquo;est intensifi\u00e9. Gr\u00e2ce \u00e0 votre incroyable soutien, nous avons r\u00e9colt\u00e9 plus de 1,86 millions d\u2019euros, issus de 120 entreprises m\u00e9c\u00e8nes et 323 donateurs particuliers. Ces contributions sont essentielles pour continuer \u00e0 propulser <strong><a href=\"https:\/\/www.grenoble-inp.fr\/\" target=\"_blank\" rel=\"noopener\">Grenoble INP \u2013 UGA<\/a><\/strong> vers l\u2019avant.<br \/><br \/>\u00c0 travers les pages de ce rapport, d\u00e9couvrez un aper\u00e7u des actions et projets que la Fondation a r\u00e9alis\u00e9s en 2023, confirmant ainsi notre dynamisme et notre volont\u00e9 d&rsquo;accompagner encore plus de projets \u00e0 impact avec nos \u00e9tudiants, \u00e9coles, laboratoires et partenaires industriels.<\/p>\t\t\t\t\t<\/div>\n\t\t\t\t\t\t<\/div>\n\t\t\t\t<\/div>\n\t\t\t\t\t\t<\/div>\n\t\t\t\t\t<\/div>\n\t\t<\/div>\n\t\t\t\t\t\t\t\t<\/div>\n\t\t\t\t\t<\/div>\n\t\t<\/section>\n\t\t\t\t<section class=\"elementor-section elementor-top-section elementor-element elementor-element-bedf3b3 elementor-section-boxed elementor-section-height-default elementor-section-height-default\" data-id=\"bedf3b3\" data-element_type=\"section\">\n\t\t\t\t\t\t<div class=\"elementor-container elementor-column-gap-default\">\n\t\t\t\t\t\t\t<div class=\"elementor-row\">\n\t\t\t\t\t<div class=\"elementor-column elementor-col-100 elementor-top-column elementor-element elementor-element-3ba1707\" data-id=\"3ba1707\" data-element_type=\"column\">\n\t\t\t<div class=\"elementor-column-wrap elementor-element-populated\">\n\t\t\t\t\t\t\t<div class=\"elementor-widget-wrap\">\n\t\t\t\t\t\t<div class=\"elementor-element elementor-element-297e346 elementor-widget elementor-widget-text-editor\" data-id=\"297e346\" data-element_type=\"widget\" data-widget_type=\"text-editor.default\">\n\t\t\t\t<div class=\"elementor-widget-container\">\n\t\t\t\t\t\t\t\t<div class=\"elementor-text-editor elementor-clearfix\">\n\t\t\t\t<p>Consultez-le directement ici\u00a0:<\/p>\t\t\t\t\t<\/div>\n\t\t\t\t\t\t<\/div>\n\t\t\t\t<\/div>\n\t\t\t\t<div class=\"elementor-element elementor-element-2603490 elementor-widget elementor-widget-html\" data-id=\"2603490\" data-element_type=\"widget\" data-widget_type=\"html.default\">\n\t\t\t\t<div class=\"elementor-widget-container\">\n\t\t\t<div style=\"text-align:center;\"><div style=\"margin:8px 0px 4px;\"><a href=\"https:\/\/www.calameo.com\/books\/006550682aa0fe26caaff\" target=\"_blank\">Rapport d&#39;activit\u00e9s 2023 - Fondation Grenoble INP<\/a><\/div><iframe loading=\"lazy\" src=\"\/\/v.calameo.com\/?bkcode=006550682aa0fe26caaff&mode=mini\" width=\"480\" height=\"300\" frameborder=\"0\" scrolling=\"no\" allowtransparency allowfullscreen style=\"margin:0 auto;\"><\/iframe><div style=\"margin:4px 0px 8px;\"><a href=\"http:\/\/www.calameo.com\/\" target=\"_blank\">Lire plus de publications sur Calam\u00e9o<\/a><\/div><\/div>\t\t<\/div>\n\t\t\t\t<\/div>\n\t\t\t\t\t\t<\/div>\n\t\t\t\t\t<\/div>\n\t\t<\/div>\n\t\t\t\t\t\t\t\t<\/div>\n\t\t\t\t\t<\/div>\n\t\t<\/section>\n\t\t\t\t<section class=\"elementor-section elementor-top-section elementor-element elementor-element-845d191 elementor-section-boxed elementor-section-height-default elementor-section-height-default\" data-id=\"845d191\" data-element_type=\"section\">\n\t\t\t\t\t\t<div class=\"elementor-container elementor-column-gap-default\">\n\t\t\t\t\t\t\t<div class=\"elementor-row\">\n\t\t\t\t\t<div class=\"elementor-column elementor-col-100 elementor-top-column elementor-element elementor-element-8372288\" data-id=\"8372288\" data-element_type=\"column\">\n\t\t\t<div class=\"elementor-column-wrap elementor-element-populated\">\n\t\t\t\t\t\t\t<div class=\"elementor-widget-wrap\">\n\t\t\t\t\t\t<div class=\"elementor-element elementor-element-7b390a2 elementor-widget elementor-widget-text-editor\" data-id=\"7b390a2\" data-element_type=\"widget\" data-widget_type=\"text-editor.default\">\n\t\t\t\t<div class=\"elementor-widget-container\">\n\t\t\t\t\t\t\t\t<div class=\"elementor-text-editor elementor-clearfix\">\n\t\t\t\t<p>ou <strong><a href=\"https:\/\/fondation-grenoble-inp.fr\/wp-content\/uploads\/2024\/06\/rapport-activites-2023_web.pdf\" target=\"_blank\" rel=\"noopener\">t\u00e9l\u00e9chargez-le<\/a><\/strong> !\u00a0<\/p>\t\t\t\t\t<\/div>\n\t\t\t\t\t\t<\/div>\n\t\t\t\t<\/div>\n\t\t\t\t\t\t<\/div>\n\t\t\t\t\t<\/div>\n\t\t<\/div>\n\t\t\t\t\t\t\t\t<\/div>\n\t\t\t\t\t<\/div>\n\t\t<\/section>\n\t\t\t\t\t\t<\/div>\n\t\t\t\t\t\t<\/div>\n\t\t\t\t\t<\/div>","protected":false},"excerpt":{"rendered":"<p>La Fondation Grenoble INP est heureuse de vous partager son rapport d&rsquo;activit\u00e9 2023. Consultez le en ligne !<\/p>","protected":false},"author":7,"featured_media":19862,"comment_status":"closed","ping_status":"open","sticky":false,"template":"","format":"standard","meta":[],"categories":[475],"tags":[],"acf":[],"yoast_head":"<!-- This site is optimized with the Yoast SEO plugin v18.0 - https:\/\/yoast.com\/wordpress\/plugins\/seo\/ -->\n<title>Le rapport d\u2019activit\u00e9 2023 de la Fondation Grenoble INP est en ligne ! - Fondation Grenoble INP<\/title>\n<meta name=\"description\" content=\"La Fondation Grenoble INP est heureuse de vous partager son rapport d&#039;activit\u00e9 2023. Consultez le en ligne !\" \/>\n<meta name=\"robots\" content=\"index, follow, max-snippet:-1, max-image-preview:large, max-video-preview:-1\" \/>\n<link rel=\"canonical\" href=\"https:\/\/fondation-grenoble-inp.fr\/en\/le-rapport-dactivite-2023-de-la-fondation-grenoble-inp-est-en-ligne\/\" \/>\n<meta property=\"og:locale\" content=\"en_US\" \/>\n<meta property=\"og:type\" content=\"article\" \/>\n<meta property=\"og:title\" content=\"Le rapport d\u2019activit\u00e9 2023 de la Fondation Grenoble INP est en ligne ! - Fondation Grenoble INP\" \/>\n<meta property=\"og:description\" content=\"La Fondation Grenoble INP est heureuse de vous partager son rapport d&#039;activit\u00e9 2023. Consultez le en ligne !\" \/>\n<meta property=\"og:url\" content=\"https:\/\/fondation-grenoble-inp.fr\/en\/le-rapport-dactivite-2023-de-la-fondation-grenoble-inp-est-en-ligne\/\" \/>\n<meta property=\"og:site_name\" content=\"Fondation Grenoble INP\" \/>\n<meta property=\"article:published_time\" content=\"2024-06-03T08:49:00+00:00\" \/>\n<meta property=\"article:modified_time\" content=\"2025-02-14T10:30:33+00:00\" \/>\n<meta property=\"og:image\" content=\"https:\/\/fondation-grenoble-inp.fr\/wp-content\/uploads\/2025\/02\/Rapport-dactivite-2023-Visuel-insta-1024x1024.png\" \/>\n\t<meta property=\"og:image:width\" content=\"1024\" \/>\n\t<meta property=\"og:image:height\" content=\"1024\" \/>\n\t<meta property=\"og:image:type\" content=\"image\/png\" \/>\n<meta name=\"twitter:card\" content=\"summary_large_image\" \/>\n<meta name=\"twitter:label1\" content=\"Written by\" \/>\n\t<meta name=\"twitter:data1\" content=\"Marie Dubreuil\" \/>\n\t<meta name=\"twitter:label2\" content=\"Est. reading time\" \/>\n\t<meta name=\"twitter:data2\" content=\"1 minute\" \/>\n<script type=\"application\/ld+json\" class=\"yoast-schema-graph\">{\"@context\":\"https:\/\/schema.org\",\"@graph\":[{\"@type\":\"Organization\",\"@id\":\"https:\/\/fondation-grenoble-inp.fr\/#organization\",\"name\":\"Fondation INP Grenoble\",\"url\":\"https:\/\/fondation-grenoble-inp.fr\/\",\"sameAs\":[],\"logo\":{\"@type\":\"ImageObject\",\"@id\":\"https:\/\/fondation-grenoble-inp.fr\/#logo\",\"inLanguage\":\"en-US\",\"url\":\"https:\/\/fondation-grenoble-inp.fr\/wp-content\/uploads\/2021\/03\/cropped-favicon-fondation-inp-grenoble.png\",\"contentUrl\":\"https:\/\/fondation-grenoble-inp.fr\/wp-content\/uploads\/2021\/03\/cropped-favicon-fondation-inp-grenoble.png\",\"width\":512,\"height\":512,\"caption\":\"Fondation INP Grenoble\"},\"image\":{\"@id\":\"https:\/\/fondation-grenoble-inp.fr\/#logo\"}},{\"@type\":\"WebSite\",\"@id\":\"https:\/\/fondation-grenoble-inp.fr\/#website\",\"url\":\"https:\/\/fondation-grenoble-inp.fr\/\",\"name\":\"Fondation Grenoble INP\",\"description\":\"#OsezlAvenir\",\"publisher\":{\"@id\":\"https:\/\/fondation-grenoble-inp.fr\/#organization\"},\"potentialAction\":[{\"@type\":\"SearchAction\",\"target\":{\"@type\":\"EntryPoint\",\"urlTemplate\":\"https:\/\/fondation-grenoble-inp.fr\/?s={search_term_string}\"},\"query-input\":\"required name=search_term_string\"}],\"inLanguage\":\"en-US\"},{\"@type\":\"ImageObject\",\"@id\":\"https:\/\/fondation-grenoble-inp.fr\/le-rapport-dactivite-2023-de-la-fondation-grenoble-inp-est-en-ligne\/#primaryimage\",\"inLanguage\":\"en-US\",\"url\":\"https:\/\/fondation-grenoble-inp.fr\/wp-content\/uploads\/2025\/02\/Rapport-dactivite-2023-Visuel-insta.png\",\"contentUrl\":\"https:\/\/fondation-grenoble-inp.fr\/wp-content\/uploads\/2025\/02\/Rapport-dactivite-2023-Visuel-insta.png\",\"width\":\"2250\",\"height\":\"2251\"},{\"@type\":\"WebPage\",\"@id\":\"https:\/\/fondation-grenoble-inp.fr\/le-rapport-dactivite-2023-de-la-fondation-grenoble-inp-est-en-ligne\/#webpage\",\"url\":\"https:\/\/fondation-grenoble-inp.fr\/le-rapport-dactivite-2023-de-la-fondation-grenoble-inp-est-en-ligne\/\",\"name\":\"Le rapport d\u2019activit\u00e9 2023 de la Fondation Grenoble INP est en ligne ! - Fondation Grenoble INP\",\"isPartOf\":{\"@id\":\"https:\/\/fondation-grenoble-inp.fr\/#website\"},\"primaryImageOfPage\":{\"@id\":\"https:\/\/fondation-grenoble-inp.fr\/le-rapport-dactivite-2023-de-la-fondation-grenoble-inp-est-en-ligne\/#primaryimage\"},\"datePublished\":\"2024-06-03T08:49:00+00:00\",\"dateModified\":\"2025-02-14T10:30:33+00:00\",\"description\":\"La Fondation Grenoble INP est heureuse de vous partager son rapport d'activit\u00e9 2023. Consultez le en ligne !\",\"breadcrumb\":{\"@id\":\"https:\/\/fondation-grenoble-inp.fr\/le-rapport-dactivite-2023-de-la-fondation-grenoble-inp-est-en-ligne\/#breadcrumb\"},\"inLanguage\":\"en-US\",\"potentialAction\":[{\"@type\":\"ReadAction\",\"target\":[\"https:\/\/fondation-grenoble-inp.fr\/le-rapport-dactivite-2023-de-la-fondation-grenoble-inp-est-en-ligne\/\"]}]},{\"@type\":\"BreadcrumbList\",\"@id\":\"https:\/\/fondation-grenoble-inp.fr\/le-rapport-dactivite-2023-de-la-fondation-grenoble-inp-est-en-ligne\/#breadcrumb\",\"itemListElement\":[{\"@type\":\"ListItem\",\"position\":1,\"name\":\"Accueil\",\"item\":\"https:\/\/fondation-grenoble-inp.fr\/\"},{\"@type\":\"ListItem\",\"position\":2,\"name\":\"Le rapport d\u2019activit\u00e9 2023 de la Fondation Grenoble INP est en ligne !\"}]},{\"@type\":\"Article\",\"@id\":\"https:\/\/fondation-grenoble-inp.fr\/le-rapport-dactivite-2023-de-la-fondation-grenoble-inp-est-en-ligne\/#article\",\"isPartOf\":{\"@id\":\"https:\/\/fondation-grenoble-inp.fr\/le-rapport-dactivite-2023-de-la-fondation-grenoble-inp-est-en-ligne\/#webpage\"},\"author\":{\"@id\":\"https:\/\/fondation-grenoble-inp.fr\/#\/schema\/person\/7c36548ebaddf05ba7a055d161ebff94\"},\"headline\":\"Le rapport d\u2019activit\u00e9 2023 de la Fondation Grenoble INP est en ligne !\",\"datePublished\":\"2024-06-03T08:49:00+00:00\",\"dateModified\":\"2025-02-14T10:30:33+00:00\",\"mainEntityOfPage\":{\"@id\":\"https:\/\/fondation-grenoble-inp.fr\/le-rapport-dactivite-2023-de-la-fondation-grenoble-inp-est-en-ligne\/#webpage\"},\"wordCount\":171,\"publisher\":{\"@id\":\"https:\/\/fondation-grenoble-inp.fr\/#organization\"},\"image\":{\"@id\":\"https:\/\/fondation-grenoble-inp.fr\/le-rapport-dactivite-2023-de-la-fondation-grenoble-inp-est-en-ligne\/#primaryimage\"},\"thumbnailUrl\":\"https:\/\/fondation-grenoble-inp.fr\/wp-content\/uploads\/2025\/02\/Rapport-dactivite-2023-Visuel-insta.png\",\"articleSection\":[\"La Fondation\"],\"inLanguage\":\"en-US\"},{\"@type\":\"Person\",\"@id\":\"https:\/\/fondation-grenoble-inp.fr\/#\/schema\/person\/7c36548ebaddf05ba7a055d161ebff94\",\"name\":\"Marie Dubreuil\",\"image\":{\"@type\":\"ImageObject\",\"@id\":\"https:\/\/fondation-grenoble-inp.fr\/#personlogo\",\"inLanguage\":\"en-US\",\"url\":\"https:\/\/secure.gravatar.com\/avatar\/358eb0ab274d9479ce7c23b8a3f0a360?s=96&d=mm&r=g\",\"contentUrl\":\"https:\/\/secure.gravatar.com\/avatar\/358eb0ab274d9479ce7c23b8a3f0a360?s=96&d=mm&r=g\",\"caption\":\"Marie Dubreuil\"}}]}<\/script>\n<!-- \/ Yoast SEO plugin. -->","yoast_head_json":{"title":"Le rapport d\u2019activit\u00e9 2023 de la Fondation Grenoble INP est en ligne ! - Fondation Grenoble INP","description":"La Fondation Grenoble INP est heureuse de vous partager son rapport d'activit\u00e9 2023. Consultez le en ligne !","robots":{"index":"index","follow":"follow","max-snippet":"max-snippet:-1","max-image-preview":"max-image-preview:large","max-video-preview":"max-video-preview:-1"},"canonical":"https:\/\/fondation-grenoble-inp.fr\/en\/le-rapport-dactivite-2023-de-la-fondation-grenoble-inp-est-en-ligne\/","og_locale":"en_US","og_type":"article","og_title":"Le rapport d\u2019activit\u00e9 2023 de la Fondation Grenoble INP est en ligne ! - Fondation Grenoble INP","og_description":"La Fondation Grenoble INP est heureuse de vous partager son rapport d'activit\u00e9 2023. Consultez le en ligne !","og_url":"https:\/\/fondation-grenoble-inp.fr\/en\/le-rapport-dactivite-2023-de-la-fondation-grenoble-inp-est-en-ligne\/","og_site_name":"Fondation Grenoble INP","article_published_time":"2024-06-03T08:49:00+00:00","article_modified_time":"2025-02-14T10:30:33+00:00","og_image":[{"width":"1024","height":"1024","url":"https:\/\/fondation-grenoble-inp.fr\/wp-content\/uploads\/2025\/02\/Rapport-dactivite-2023-Visuel-insta-1024x1024.png","type":"image\/png"}],"twitter_card":"summary_large_image","twitter_misc":{"Written by":"Marie Dubreuil","Est. reading time":"1 minute"},"schema":{"@context":"https:\/\/schema.org","@graph":[{"@type":"Organization","@id":"https:\/\/fondation-grenoble-inp.fr\/#organization","name":"Fondation INP Grenoble","url":"https:\/\/fondation-grenoble-inp.fr\/","sameAs":[],"logo":{"@type":"ImageObject","@id":"https:\/\/fondation-grenoble-inp.fr\/#logo","inLanguage":"en-US","url":"https:\/\/fondation-grenoble-inp.fr\/wp-content\/uploads\/2021\/03\/cropped-favicon-fondation-inp-grenoble.png","contentUrl":"https:\/\/fondation-grenoble-inp.fr\/wp-content\/uploads\/2021\/03\/cropped-favicon-fondation-inp-grenoble.png","width":512,"height":512,"caption":"Fondation INP Grenoble"},"image":{"@id":"https:\/\/fondation-grenoble-inp.fr\/#logo"}},{"@type":"WebSite","@id":"https:\/\/fondation-grenoble-inp.fr\/#website","url":"https:\/\/fondation-grenoble-inp.fr\/","name":"Fondation Grenoble INP","description":"#OsezlAvenir","publisher":{"@id":"https:\/\/fondation-grenoble-inp.fr\/#organization"},"potentialAction":[{"@type":"SearchAction","target":{"@type":"EntryPoint","urlTemplate":"https:\/\/fondation-grenoble-inp.fr\/?s={search_term_string}"},"query-input":"required name=search_term_string"}],"inLanguage":"en-US"},{"@type":"ImageObject","@id":"https:\/\/fondation-grenoble-inp.fr\/le-rapport-dactivite-2023-de-la-fondation-grenoble-inp-est-en-ligne\/#primaryimage","inLanguage":"en-US","url":"https:\/\/fondation-grenoble-inp.fr\/wp-content\/uploads\/2025\/02\/Rapport-dactivite-2023-Visuel-insta.png","contentUrl":"https:\/\/fondation-grenoble-inp.fr\/wp-content\/uploads\/2025\/02\/Rapport-dactivite-2023-Visuel-insta.png","width":"2250","height":"2251"},{"@type":"WebPage","@id":"https:\/\/fondation-grenoble-inp.fr\/le-rapport-dactivite-2023-de-la-fondation-grenoble-inp-est-en-ligne\/#webpage","url":"https:\/\/fondation-grenoble-inp.fr\/le-rapport-dactivite-2023-de-la-fondation-grenoble-inp-est-en-ligne\/","name":"Le rapport d\u2019activit\u00e9 2023 de la Fondation Grenoble INP est en ligne ! - Fondation Grenoble INP","isPartOf":{"@id":"https:\/\/fondation-grenoble-inp.fr\/#website"},"primaryImageOfPage":{"@id":"https:\/\/fondation-grenoble-inp.fr\/le-rapport-dactivite-2023-de-la-fondation-grenoble-inp-est-en-ligne\/#primaryimage"},"datePublished":"2024-06-03T08:49:00+00:00","dateModified":"2025-02-14T10:30:33+00:00","description":"La Fondation Grenoble INP est heureuse de vous partager son rapport d'activit\u00e9 2023. Consultez le en ligne !","breadcrumb":{"@id":"https:\/\/fondation-grenoble-inp.fr\/le-rapport-dactivite-2023-de-la-fondation-grenoble-inp-est-en-ligne\/#breadcrumb"},"inLanguage":"en-US","potentialAction":[{"@type":"ReadAction","target":["https:\/\/fondation-grenoble-inp.fr\/le-rapport-dactivite-2023-de-la-fondation-grenoble-inp-est-en-ligne\/"]}]},{"@type":"BreadcrumbList","@id":"https:\/\/fondation-grenoble-inp.fr\/le-rapport-dactivite-2023-de-la-fondation-grenoble-inp-est-en-ligne\/#breadcrumb","itemListElement":[{"@type":"ListItem","position":1,"name":"Accueil","item":"https:\/\/fondation-grenoble-inp.fr\/"},{"@type":"ListItem","position":2,"name":"Le rapport d\u2019activit\u00e9 2023 de la Fondation Grenoble INP est en ligne !"}]},{"@type":"Article","@id":"https:\/\/fondation-grenoble-inp.fr\/le-rapport-dactivite-2023-de-la-fondation-grenoble-inp-est-en-ligne\/#article","isPartOf":{"@id":"https:\/\/fondation-grenoble-inp.fr\/le-rapport-dactivite-2023-de-la-fondation-grenoble-inp-est-en-ligne\/#webpage"},"author":{"@id":"https:\/\/fondation-grenoble-inp.fr\/#\/schema\/person\/7c36548ebaddf05ba7a055d161ebff94"},"headline":"Le rapport d\u2019activit\u00e9 2023 de la Fondation Grenoble INP est en ligne !","datePublished":"2024-06-03T08:49:00+00:00","dateModified":"2025-02-14T10:30:33+00:00","mainEntityOfPage":{"@id":"https:\/\/fondation-grenoble-inp.fr\/le-rapport-dactivite-2023-de-la-fondation-grenoble-inp-est-en-ligne\/#webpage"},"wordCount":171,"publisher":{"@id":"https:\/\/fondation-grenoble-inp.fr\/#organization"},"image":{"@id":"https:\/\/fondation-grenoble-inp.fr\/le-rapport-dactivite-2023-de-la-fondation-grenoble-inp-est-en-ligne\/#primaryimage"},"thumbnailUrl":"https:\/\/fondation-grenoble-inp.fr\/wp-content\/uploads\/2025\/02\/Rapport-dactivite-2023-Visuel-insta.png","articleSection":["La Fondation"],"inLanguage":"en-US"},{"@type":"Person","@id":"https:\/\/fondation-grenoble-inp.fr\/#\/schema\/person\/7c36548ebaddf05ba7a055d161ebff94","name":"Marie Dubreuil","image":{"@type":"ImageObject","@id":"https:\/\/fondation-grenoble-inp.fr\/#personlogo","inLanguage":"en-US","url":"https:\/\/secure.gravatar.com\/avatar\/358eb0ab274d9479ce7c23b8a3f0a360?s=96&d=mm&r=g","contentUrl":"https:\/\/secure.gravatar.com\/avatar\/358eb0ab274d9479ce7c23b8a3f0a360?s=96&d=mm&r=g","caption":"Marie Dubreuil"}}]}},"_links":{"self":[{"href":"https:\/\/fondation-grenoble-inp.fr\/en\/wp-json\/wp\/v2\/posts\/19861"}],"collection":[{"href":"https:\/\/fondation-grenoble-inp.fr\/en\/wp-json\/wp\/v2\/posts"}],"about":[{"href":"https:\/\/fondation-grenoble-inp.fr\/en\/wp-json\/wp\/v2\/types\/post"}],"author":[{"embeddable":true,"href":"https:\/\/fondation-grenoble-inp.fr\/en\/wp-json\/wp\/v2\/users\/7"}],"replies":[{"embeddable":true,"href":"https:\/\/fondation-grenoble-inp.fr\/en\/wp-json\/wp\/v2\/comments?post=19861"}],"version-history":[{"count":10,"href":"https:\/\/fondation-grenoble-inp.fr\/en\/wp-json\/wp\/v2\/posts\/19861\/revisions"}],"predecessor-version":[{"id":19876,"href":"https:\/\/fondation-grenoble-inp.fr\/en\/wp-json\/wp\/v2\/posts\/19861\/revisions\/19876"}],"wp:featuredmedia":[{"embeddable":true,"href":"https:\/\/fondation-grenoble-inp.fr\/en\/wp-json\/wp\/v2\/media\/19862"}],"wp:attachment":[{"href":"https:\/\/fondation-grenoble-inp.fr\/en\/wp-json\/wp\/v2\/media?parent=19861"}],"wp:term":[{"taxonomy":"category","embeddable":true,"href":"https:\/\/fondation-grenoble-inp.fr\/en\/wp-json\/wp\/v2\/categories?post=19861"},{"taxonomy":"post_tag","embeddable":true,"href":"https:\/\/fondation-grenoble-inp.fr\/en\/wp-json\/wp\/v2\/tags?post=19861"}],"curies":[{"name":"wp","href":"https:\/\/api.w.org\/{rel}","templated":true}]}}