{"id":21456,"date":"2025-09-04T10:34:15","date_gmt":"2025-09-04T08:34:15","guid":{"rendered":"https:\/\/fondation-grenoble-inp.fr\/?p=21456"},"modified":"2026-03-17T16:10:30","modified_gmt":"2026-03-17T15:10:30","slug":"challenge-1ere-idee-developpez-votre-projet-grace-aux-laboratoires-associes-a-nos-etablissements","status":"publish","type":"post","link":"https:\/\/fondation-grenoble-inp.fr\/en\/challenge-1ere-idee-developpez-votre-projet-grace-aux-laboratoires-associes-a-nos-etablissements\/","title":{"rendered":"Lancement du Challenge 1\u02b3\u1d49 id\u00e9e : une rencontre entre les projets \u00e9tudiants et les technologies de laboratoire"},"content":{"rendered":"<div data-elementor-type=\"wp-post\" data-elementor-id=\"21456\" data-post-id=\"21456\" data-obj-id=\"21456\" class=\"elementor elementor-21456 dce-elementor-post-21456\" data-elementor-settings=\"[]\">\n\t\t\t\t\t\t<div class=\"elementor-inner\">\n\t\t\t\t\t\t\t<div class=\"elementor-section-wrap\">\n\t\t\t\t\t\t\t<section class=\"elementor-section elementor-top-section elementor-element elementor-element-6f2d236 elementor-section-boxed elementor-section-height-default elementor-section-height-default\" data-id=\"6f2d236\" data-element_type=\"section\">\n\t\t\t\t\t\t<div class=\"elementor-container elementor-column-gap-default\">\n\t\t\t\t\t\t\t<div class=\"elementor-row\">\n\t\t\t\t\t<div class=\"elementor-column elementor-col-100 elementor-top-column elementor-element elementor-element-03fc2fe\" data-id=\"03fc2fe\" data-element_type=\"column\">\n\t\t\t<div class=\"elementor-column-wrap elementor-element-populated\">\n\t\t\t\t\t\t\t<div class=\"elementor-widget-wrap\">\n\t\t\t\t\t\t<div class=\"elementor-element elementor-element-75ed0f3 elementor-widget elementor-widget-text-editor\" data-id=\"75ed0f3\" data-element_type=\"widget\" data-widget_type=\"text-editor.default\">\n\t\t\t\t<div class=\"elementor-widget-container\">\n\t\t\t\t\t\t\t\t<div class=\"elementor-text-editor elementor-clearfix\">\n\t\t\t\t<p><strong>Chaque ann\u00e9e, de nombreux \u00e9tudiant.es de <a href=\"https:\/\/www.grenoble-inp.fr\/\" target=\"_blank\" rel=\"noopener\">Grenoble INP \u2013 UGA<\/a> portent des projets d\u2019entrepreneuriat ambitieux. Parall\u00e8lement, des laboratoires regorgent de ressources pr\u00eates \u00e0 \u00eatre valoris\u00e9es : brevets, logiciels, savoir-faire\u2026 autant de comp\u00e9tences et briques scientifiques qui ne demandent qu\u2019\u00e0 \u00eatre explor\u00e9es, adapt\u00e9es et int\u00e9gr\u00e9es dans des projets concrets. C\u2019est pour cr\u00e9er ce lien entre entrepreneuriat \u00e9tudiant et recherche acad\u00e9mique que la <a href=\"https:\/\/fondation-grenoble-inp.fr\/en\/\" target=\"_blank\" rel=\"noopener\">Grenoble INP Foundation<\/a> lance, \u00e0 l\u2019occasion de la <a href=\"https:\/\/www.billetweb.fr\/soiree-inparty-2025\" target=\"_blank\" rel=\"noopener\">Soir\u00e9e IN\u2019Party<\/a>, le Challenge 1\u02b3\u1d49 id\u00e9e.<\/strong><\/p>\t\t\t\t\t<\/div>\n\t\t\t\t\t\t<\/div>\n\t\t\t\t<\/div>\n\t\t\t\t<div class=\"elementor-element elementor-element-7138232 elementor-widget elementor-widget-text-editor\" data-id=\"7138232\" data-element_type=\"widget\" data-widget_type=\"text-editor.default\">\n\t\t\t\t<div class=\"elementor-widget-container\">\n\t\t\t\t\t\t\t\t<div class=\"elementor-text-editor elementor-clearfix\">\n\t\t\t\t<h2><strong>Une nouvelle passerelle entre entrepreneuriat \u00e9tudiant et recherche scientifique<\/strong><\/h2>\t\t\t\t\t<\/div>\n\t\t\t\t\t\t<\/div>\n\t\t\t\t<\/div>\n\t\t\t\t<div class=\"elementor-element elementor-element-cee7157 elementor-widget elementor-widget-text-editor\" data-id=\"cee7157\" data-element_type=\"widget\" data-widget_type=\"text-editor.default\">\n\t\t\t\t<div class=\"elementor-widget-container\">\n\t\t\t\t\t\t\t\t<div class=\"elementor-text-editor elementor-clearfix\">\n\t\t\t\t<p>\u00c0 l\u2019occasion de la <strong><a href=\"https:\/\/www.billetweb.fr\/soiree-inparty-2025\" target=\"_blank\" rel=\"noopener\">Soir\u00e9e IN\u2019Party<\/a><\/strong>, le 18 septembre \u00e0 18h30 \u00e0 l\u2019Amphi Barbillion, la <strong><a href=\"https:\/\/fondation-grenoble-inp.fr\/en\/\" target=\"_blank\" rel=\"noopener\">Grenoble INP Foundation<\/a><\/strong> lancera le Challenge 1\u02b3\u1d49 id\u00e9e, un dispositif in\u00e9dit destin\u00e9 \u00e0 favoriser le transfert de technologie entre les laboratoires associ\u00e9s \u00e0 nos \u00e9tablissements et les projets port\u00e9s par les \u00e9tudiant.es de <strong><a href=\"https:\/\/www.grenoble-inp.fr\/\" target=\"_blank\" rel=\"noopener\">Grenoble INP \u2013 UGA<\/a><\/strong>.<\/p><p>Ce challenge s\u2019inscrit dans la dynamique de l&rsquo;incubateur <strong><a href=\"https:\/\/www.grenoble-inp.fr\/fr\/vie-etudiante\/inopulse\" target=\"_blank\" rel=\"noopener\">InoPulse<\/a><\/strong>, avec l&rsquo;ambition de valoriser les savoir-faire scientifiques issus des laboratoires, stimuler l\u2019esprit entrepreneurial des \u00e9tudiants et soutenir les premi\u00e8res \u00e9tapes de leurs projets.<\/p>\t\t\t\t\t<\/div>\n\t\t\t\t\t\t<\/div>\n\t\t\t\t<\/div>\n\t\t\t\t\t\t<\/div>\n\t\t\t\t\t<\/div>\n\t\t<\/div>\n\t\t\t\t\t\t\t\t<\/div>\n\t\t\t\t\t<\/div>\n\t\t<\/section>\n\t\t\t\t<section class=\"elementor-section elementor-top-section elementor-element elementor-element-effab19 elementor-section-boxed elementor-section-height-default elementor-section-height-default\" data-id=\"effab19\" data-element_type=\"section\">\n\t\t\t\t\t\t<div class=\"elementor-container elementor-column-gap-default\">\n\t\t\t\t\t\t\t<div class=\"elementor-row\">\n\t\t\t\t\t<div class=\"elementor-column elementor-col-100 elementor-top-column elementor-element elementor-element-8b49e55\" data-id=\"8b49e55\" data-element_type=\"column\">\n\t\t\t<div class=\"elementor-column-wrap elementor-element-populated\">\n\t\t\t\t\t\t\t<div class=\"elementor-widget-wrap\">\n\t\t\t\t\t\t<div class=\"elementor-element elementor-element-7bb57c1 elementor-widget elementor-widget-text-editor\" data-id=\"7bb57c1\" data-element_type=\"widget\" data-widget_type=\"text-editor.default\">\n\t\t\t\t<div class=\"elementor-widget-container\">\n\t\t\t\t\t\t\t\t<div class=\"elementor-text-editor elementor-clearfix\">\n\t\t\t\t<h2><strong>Une immersion au c\u0153ur de l\u2019innovation<\/strong><\/h2>\t\t\t\t\t<\/div>\n\t\t\t\t\t\t<\/div>\n\t\t\t\t<\/div>\n\t\t\t\t<div class=\"elementor-element elementor-element-e0a690b elementor-widget elementor-widget-text-editor\" data-id=\"e0a690b\" data-element_type=\"widget\" data-widget_type=\"text-editor.default\">\n\t\t\t\t<div class=\"elementor-widget-container\">\n\t\t\t\t\t\t\t\t<div class=\"elementor-text-editor elementor-clearfix\">\n\t\t\t\t<p>Le Challenge 1\u02b3\u1d49 id\u00e9e invite les \u00e9tudiant.es porteurs de projet d\u2019entrepreneuriat \u00e0 partir \u00e0 la rencontre des laboratoires associ\u00e9s \u00e0 nos \u00e9tablissements. L\u2019objectif est d\u2019identifier une technologie, un brevet ou un savoir-faire scientifique pouvant enrichir leur projet, et d\u2019initier une collaboration concr\u00e8te avec les \u00e9quipes de recherche.<\/p><p>\u00c0 l\u2019issue de cette premi\u00e8re \u00e9dition, deux projets seront r\u00e9compens\u00e9s pour avoir d\u00e9montr\u00e9 leur capacit\u00e9 et leur envie de collaborer avec ces laboratoires. Chacun recevra une bourse de 2 000 \u20ac pour concr\u00e9tiser son id\u00e9e et amorcer sa mise en \u0153uvre.<\/p>\t\t\t\t\t<\/div>\n\t\t\t\t\t\t<\/div>\n\t\t\t\t<\/div>\n\t\t\t\t<div class=\"elementor-element elementor-element-e75d42c elementor-widget elementor-widget-text-editor\" data-id=\"e75d42c\" data-element_type=\"widget\" data-widget_type=\"text-editor.default\">\n\t\t\t\t<div class=\"elementor-widget-container\">\n\t\t\t\t\t\t\t\t<div class=\"elementor-text-editor elementor-clearfix\">\n\t\t\t\t<p><strong>Planification :<\/strong><\/p><p>-18 septembre : Lancement officiel du challenge lors de la <strong><a href=\"https:\/\/www.billetweb.fr\/soiree-inparty-2025\" target=\"_blank\" rel=\"noopener\">Soir\u00e9e IN\u2019Party<\/a><\/strong><\/p><p>-Septembre \u2013 D\u00e9cembre : Rencontres avec les laboratoires et pr\u00e9paration du dossier de valorisation<\/p><p>-D\u00e9cembre : S\u00e9lection du ou des laur\u00e9at\u00b7es par une commission d\u00e9di\u00e9e<\/p><p>-Janvier : Valorisation du projet laur\u00e9at pendant la Semaine Kal\u00e9idoscope<\/p>\t\t\t\t\t<\/div>\n\t\t\t\t\t\t<\/div>\n\t\t\t\t<\/div>\n\t\t\t\t\t\t<\/div>\n\t\t\t\t\t<\/div>\n\t\t<\/div>\n\t\t\t\t\t\t\t\t<\/div>\n\t\t\t\t\t<\/div>\n\t\t<\/section>\n\t\t\t\t<section class=\"elementor-section elementor-top-section elementor-element elementor-element-be10402 elementor-section-boxed elementor-section-height-default elementor-section-height-default\" data-id=\"be10402\" data-element_type=\"section\">\n\t\t\t\t\t\t<div class=\"elementor-container elementor-column-gap-default\">\n\t\t\t\t\t\t\t<div class=\"elementor-row\">\n\t\t\t\t\t<div class=\"elementor-column elementor-col-100 elementor-top-column elementor-element elementor-element-bfa7441\" data-id=\"bfa7441\" data-element_type=\"column\">\n\t\t\t<div class=\"elementor-column-wrap elementor-element-populated\">\n\t\t\t\t\t\t\t<div class=\"elementor-widget-wrap\">\n\t\t\t\t\t\t<div class=\"elementor-element elementor-element-b1944f6 elementor-widget elementor-widget-text-editor\" data-id=\"b1944f6\" data-element_type=\"widget\" data-widget_type=\"text-editor.default\">\n\t\t\t\t<div class=\"elementor-widget-container\">\n\t\t\t\t\t\t\t\t<div class=\"elementor-text-editor elementor-clearfix\">\n\t\t\t\t<h2><strong>Pourquoi participer ?<\/strong><\/h2>\t\t\t\t\t<\/div>\n\t\t\t\t\t\t<\/div>\n\t\t\t\t<\/div>\n\t\t\t\t<div class=\"elementor-element elementor-element-dc9108e elementor-widget elementor-widget-text-editor\" data-id=\"dc9108e\" data-element_type=\"widget\" data-widget_type=\"text-editor.default\">\n\t\t\t\t<div class=\"elementor-widget-container\">\n\t\t\t\t\t\t\t\t<div class=\"elementor-text-editor elementor-clearfix\">\n\t\t\t\t<p>Vous \u00eates \u00e9tudiant\u00b7e \u00e0 <strong><a href=\"https:\/\/www.grenoble-inp.fr\/\" target=\"_blank\" rel=\"noopener\">Grenoble INP \u2013 UGA<\/a><\/strong> et porteur\u00b7euse d\u2019un projet entrepreneurial ?<\/p><p>Vous souhaitez explorer des pistes technologiques innovantes, rencontrer des chercheurs, et donner une nouvelle dimension \u00e0 votre initiative ?<\/p><p>Le Challenge 1\u02b3\u1d49 id\u00e9e vous offrira un cadre structurant, un accompagnement scientifique, et un potentiel soutien financier pour transformer votre id\u00e9e en solution concr\u00e8te.<\/p><p>Pour en savoir plus et candidater, rendez-vous \u00e0 la Soir\u00e9e IN\u2019Party, le 18 septembre \u00e0 18h30 \u00e0 l\u2019Amphi Barbillion.<\/p><p><strong>Inscription gratuite :<\/strong><\/p>\t\t\t\t\t<\/div>\n\t\t\t\t\t\t<\/div>\n\t\t\t\t<\/div>\n\t\t\t\t<div class=\"elementor-element elementor-element-be18ee4 elementor-align-center elementor-widget elementor-widget-button\" data-id=\"be18ee4\" data-element_type=\"widget\" data-widget_type=\"button.default\">\n\t\t\t\t<div class=\"elementor-widget-container\">\n\t\t\t\t\t<div class=\"elementor-button-wrapper\">\n\t\t\t<a href=\"https:\/\/www.billetweb.fr\/soiree-inparty-2025\" class=\"elementor-button-link elementor-button elementor-size-sm elementor-animation-grow\" role=\"button\">\n\t\t\t\t\t\t<span class=\"elementor-button-content-wrapper\">\n\t\t\t\t\t\t<span class=\"elementor-button-text\">Registration<\/span>\n\t\t<\/span>\n\t\t\t\t\t<\/a>\n\t\t<\/div>\n\t\t\t\t<\/div>\n\t\t\t\t<\/div>\n\t\t\t\t\t\t<\/div>\n\t\t\t\t\t<\/div>\n\t\t<\/div>\n\t\t\t\t\t\t\t\t<\/div>\n\t\t\t\t\t<\/div>\n\t\t<\/section>\n\t\t\t\t<section class=\"elementor-section elementor-top-section elementor-element elementor-element-23920d3 elementor-section-boxed elementor-section-height-default elementor-section-height-default\" data-id=\"23920d3\" data-element_type=\"section\">\n\t\t\t\t\t\t<div class=\"elementor-container elementor-column-gap-default\">\n\t\t\t\t\t\t\t<div class=\"elementor-row\">\n\t\t\t\t\t<div class=\"elementor-column elementor-col-100 elementor-top-column elementor-element elementor-element-4c6238c\" data-id=\"4c6238c\" data-element_type=\"column\">\n\t\t\t<div class=\"elementor-column-wrap elementor-element-populated\">\n\t\t\t\t\t\t\t<div class=\"elementor-widget-wrap\">\n\t\t\t\t\t\t<div class=\"elementor-element elementor-element-29fe389 elementor-widget elementor-widget-text-editor\" data-id=\"29fe389\" data-element_type=\"widget\" data-widget_type=\"text-editor.default\">\n\t\t\t\t<div class=\"elementor-widget-container\">\n\t\t\t\t\t\t\t\t<div class=\"elementor-text-editor elementor-clearfix\">\n\t\t\t\t<h2>T\u00e9moignages<\/h2><p><b>\u00a9 <a href=\"https:\/\/www.artistedeveloppement.com\/\" target=\"_blank\" rel=\"noopener\">Artiste Developpement<\/a><\/b><\/p>\t\t\t\t\t<\/div>\n\t\t\t\t\t\t<\/div>\n\t\t\t\t<\/div>\n\t\t\t\t\t\t<\/div>\n\t\t\t\t\t<\/div>\n\t\t<\/div>\n\t\t\t\t\t\t\t\t<\/div>\n\t\t\t\t\t<\/div>\n\t\t<\/section>\n\t\t\t\t<section class=\"elementor-section elementor-top-section elementor-element elementor-element-125d3d1 elementor-section-boxed elementor-section-height-default elementor-section-height-default\" data-id=\"125d3d1\" data-element_type=\"section\">\n\t\t\t\t\t\t<div class=\"elementor-container elementor-column-gap-default\">\n\t\t\t\t\t\t\t<div class=\"elementor-row\">\n\t\t\t\t\t<div class=\"elementor-column elementor-col-50 elementor-top-column elementor-element elementor-element-d4170f4\" data-id=\"d4170f4\" data-element_type=\"column\">\n\t\t\t<div class=\"elementor-column-wrap elementor-element-populated\">\n\t\t\t\t\t\t\t<div class=\"elementor-widget-wrap\">\n\t\t\t\t\t\t<div class=\"elementor-element elementor-element-df4d6c1 elementor-widget elementor-widget-text-editor\" data-id=\"df4d6c1\" data-element_type=\"widget\" data-widget_type=\"text-editor.default\">\n\t\t\t\t<div class=\"elementor-widget-container\">\n\t\t\t\t\t\t\t\t<div class=\"elementor-text-editor elementor-clearfix\">\n\t\t\t\t<p><strong>Benoit Giroud, Directeur de la Fondation Grenoble INP<\/strong><\/p><p>_<\/p>\t\t\t\t\t<\/div>\n\t\t\t\t\t\t<\/div>\n\t\t\t\t<\/div>\n\t\t\t\t<div class=\"elementor-element elementor-element-e6c4b5d dce_masking-none elementor-aspect-ratio-169 elementor-widget elementor-widget-video\" data-id=\"e6c4b5d\" data-element_type=\"widget\" data-settings=\"{&quot;youtube_url&quot;:&quot;https:\\\/\\\/www.youtube.com\\\/watch?v=GWrVhzIFJyQ&amp;list=PLrNB1sZV7ngNR4EIpmp_3&quot;,&quot;video_type&quot;:&quot;youtube&quot;,&quot;controls&quot;:&quot;yes&quot;,&quot;aspect_ratio&quot;:&quot;169&quot;}\" data-widget_type=\"video.default\">\n\t\t\t\t<div class=\"elementor-widget-container\">\n\t\t\t\t\t<div class=\"elementor-wrapper elementor-fit-aspect-ratio elementor-open-inline\">\n\t\t\t<div class=\"elementor-video\"><\/div>\t\t<\/div>\n\t\t\t\t<\/div>\n\t\t\t\t<\/div>\n\t\t\t\t\t\t<\/div>\n\t\t\t\t\t<\/div>\n\t\t<\/div>\n\t\t\t\t<div class=\"elementor-column elementor-col-50 elementor-top-column elementor-element elementor-element-b36cf53\" data-id=\"b36cf53\" data-element_type=\"column\">\n\t\t\t<div class=\"elementor-column-wrap elementor-element-populated\">\n\t\t\t\t\t\t\t<div class=\"elementor-widget-wrap\">\n\t\t\t\t\t\t<div class=\"elementor-element elementor-element-c3ca8ee elementor-widget elementor-widget-text-editor\" data-id=\"c3ca8ee\" data-element_type=\"widget\" data-widget_type=\"text-editor.default\">\n\t\t\t\t<div class=\"elementor-widget-container\">\n\t\t\t\t\t\t\t\t<div class=\"elementor-text-editor elementor-clearfix\">\n\t\t\t\t<p><strong>Maxime Vinot, Charg\u00e9 d\u2019accompagnement de projets au sein d&rsquo;InoPulse<\/strong><\/p>\t\t\t\t\t<\/div>\n\t\t\t\t\t\t<\/div>\n\t\t\t\t<\/div>\n\t\t\t\t<div class=\"elementor-element elementor-element-363279c dce_masking-none elementor-aspect-ratio-169 elementor-widget elementor-widget-video\" data-id=\"363279c\" data-element_type=\"widget\" data-settings=\"{&quot;youtube_url&quot;:&quot;https:\\\/\\\/www.youtube.com\\\/watch?v=Bf3e219SSYg&amp;list=PLrNB1sZV7ngNR4EIpmp_3zJX-ddSq-n_I&amp;index=15&quot;,&quot;video_type&quot;:&quot;youtube&quot;,&quot;controls&quot;:&quot;yes&quot;,&quot;aspect_ratio&quot;:&quot;169&quot;}\" data-widget_type=\"video.default\">\n\t\t\t\t<div class=\"elementor-widget-container\">\n\t\t\t\t\t<div class=\"elementor-wrapper elementor-fit-aspect-ratio elementor-open-inline\">\n\t\t\t<div class=\"elementor-video\"><\/div>\t\t<\/div>\n\t\t\t\t<\/div>\n\t\t\t\t<\/div>\n\t\t\t\t\t\t<\/div>\n\t\t\t\t\t<\/div>\n\t\t<\/div>\n\t\t\t\t\t\t\t\t<\/div>\n\t\t\t\t\t<\/div>\n\t\t<\/section>\n\t\t\t\t\t\t<\/div>\n\t\t\t\t\t\t<\/div>\n\t\t\t\t\t<\/div>","protected":false},"excerpt":{"rendered":"<p>La Fondation Grenoble INP lance le Challenge 1\u02b3\u1d49 id\u00e9e, un dispositif in\u00e9dit pour favoriser le transfert de technologies et d&rsquo;expertises entre les laboratoires de Grenoble INP \u2013 UGA et les projets entrepreneuriaux \u00e9tudiants.<\/p>","protected":false},"author":7,"featured_media":21457,"comment_status":"closed","ping_status":"open","sticky":false,"template":"","format":"standard","meta":[],"categories":[477],"tags":[],"acf":[],"yoast_head":"<!-- This site is optimized with the Yoast SEO plugin v18.0 - https:\/\/yoast.com\/wordpress\/plugins\/seo\/ -->\n<title>Lancement du Challenge 1\u02b3\u1d49 id\u00e9e : une rencontre entre les projets \u00e9tudiants et les technologies de laboratoire - Fondation Grenoble INP<\/title>\n<meta name=\"description\" content=\"Le Challenge 1\u02b3\u1d49 id\u00e9e vise \u00e0 favoriser le transfert d&#039;expertises entre les laboratoires et les projets entrepreneuriaux \u00e9tudiants.\" \/>\n<meta name=\"robots\" content=\"index, follow, max-snippet:-1, max-image-preview:large, max-video-preview:-1\" \/>\n<link rel=\"canonical\" href=\"https:\/\/fondation-grenoble-inp.fr\/en\/challenge-1ere-idee-developpez-votre-projet-grace-aux-laboratoires-associes-a-nos-etablissements\/\" \/>\n<meta property=\"og:locale\" content=\"en_US\" \/>\n<meta property=\"og:type\" content=\"article\" \/>\n<meta property=\"og:title\" content=\"Lancement du Challenge 1\u02b3\u1d49 id\u00e9e : une rencontre entre les projets \u00e9tudiants et les technologies de laboratoire - Fondation Grenoble INP\" \/>\n<meta property=\"og:description\" content=\"Le Challenge 1\u02b3\u1d49 id\u00e9e vise \u00e0 favoriser le transfert d&#039;expertises entre les laboratoires et les projets entrepreneuriaux \u00e9tudiants.\" \/>\n<meta property=\"og:url\" content=\"https:\/\/fondation-grenoble-inp.fr\/en\/challenge-1ere-idee-developpez-votre-projet-grace-aux-laboratoires-associes-a-nos-etablissements\/\" \/>\n<meta property=\"og:site_name\" content=\"Fondation Grenoble INP\" \/>\n<meta property=\"article:published_time\" content=\"2025-09-04T08:34:15+00:00\" \/>\n<meta property=\"article:modified_time\" content=\"2026-03-17T15:10:30+00:00\" \/>\n<meta property=\"og:image\" content=\"https:\/\/fondation-grenoble-inp.fr\/wp-content\/uploads\/2025\/09\/shutterstock_1423354991-scaled.jpg\" \/>\n\t<meta property=\"og:image:width\" content=\"2560\" \/>\n\t<meta property=\"og:image:height\" content=\"1707\" \/>\n\t<meta property=\"og:image:type\" content=\"image\/jpeg\" \/>\n<meta name=\"twitter:card\" content=\"summary_large_image\" \/>\n<meta name=\"twitter:label1\" content=\"Written by\" \/>\n\t<meta name=\"twitter:data1\" content=\"Marie Dubreuil\" \/>\n\t<meta name=\"twitter:label2\" content=\"Est. reading time\" \/>\n\t<meta name=\"twitter:data2\" content=\"3 minutes\" \/>\n<script type=\"application\/ld+json\" class=\"yoast-schema-graph\">{\"@context\":\"https:\/\/schema.org\",\"@graph\":[{\"@type\":\"Organization\",\"@id\":\"https:\/\/fondation-grenoble-inp.fr\/#organization\",\"name\":\"Fondation INP Grenoble\",\"url\":\"https:\/\/fondation-grenoble-inp.fr\/\",\"sameAs\":[],\"logo\":{\"@type\":\"ImageObject\",\"@id\":\"https:\/\/fondation-grenoble-inp.fr\/#logo\",\"inLanguage\":\"en-US\",\"url\":\"https:\/\/fondation-grenoble-inp.fr\/wp-content\/uploads\/2021\/03\/cropped-favicon-fondation-inp-grenoble.png\",\"contentUrl\":\"https:\/\/fondation-grenoble-inp.fr\/wp-content\/uploads\/2021\/03\/cropped-favicon-fondation-inp-grenoble.png\",\"width\":512,\"height\":512,\"caption\":\"Fondation INP Grenoble\"},\"image\":{\"@id\":\"https:\/\/fondation-grenoble-inp.fr\/#logo\"}},{\"@type\":\"WebSite\",\"@id\":\"https:\/\/fondation-grenoble-inp.fr\/#website\",\"url\":\"https:\/\/fondation-grenoble-inp.fr\/\",\"name\":\"Fondation Grenoble INP\",\"description\":\"#OsezlAvenir\",\"publisher\":{\"@id\":\"https:\/\/fondation-grenoble-inp.fr\/#organization\"},\"potentialAction\":[{\"@type\":\"SearchAction\",\"target\":{\"@type\":\"EntryPoint\",\"urlTemplate\":\"https:\/\/fondation-grenoble-inp.fr\/?s={search_term_string}\"},\"query-input\":\"required name=search_term_string\"}],\"inLanguage\":\"en-US\"},{\"@type\":\"ImageObject\",\"@id\":\"https:\/\/fondation-grenoble-inp.fr\/challenge-1ere-idee-developpez-votre-projet-grace-aux-laboratoires-associes-a-nos-etablissements\/#primaryimage\",\"inLanguage\":\"en-US\",\"url\":\"https:\/\/fondation-grenoble-inp.fr\/wp-content\/uploads\/2025\/09\/shutterstock_1423354991-scaled.jpg\",\"contentUrl\":\"https:\/\/fondation-grenoble-inp.fr\/wp-content\/uploads\/2025\/09\/shutterstock_1423354991-scaled.jpg\",\"width\":\"2560\",\"height\":\"1707\",\"caption\":\"Challenge 1\u00e8re id\u00e9e\"},{\"@type\":\"WebPage\",\"@id\":\"https:\/\/fondation-grenoble-inp.fr\/challenge-1ere-idee-developpez-votre-projet-grace-aux-laboratoires-associes-a-nos-etablissements\/#webpage\",\"url\":\"https:\/\/fondation-grenoble-inp.fr\/challenge-1ere-idee-developpez-votre-projet-grace-aux-laboratoires-associes-a-nos-etablissements\/\",\"name\":\"Lancement du Challenge 1\u02b3\u1d49 id\u00e9e : une rencontre entre les projets \u00e9tudiants et les technologies de laboratoire - Fondation Grenoble INP\",\"isPartOf\":{\"@id\":\"https:\/\/fondation-grenoble-inp.fr\/#website\"},\"primaryImageOfPage\":{\"@id\":\"https:\/\/fondation-grenoble-inp.fr\/challenge-1ere-idee-developpez-votre-projet-grace-aux-laboratoires-associes-a-nos-etablissements\/#primaryimage\"},\"datePublished\":\"2025-09-04T08:34:15+00:00\",\"dateModified\":\"2026-03-17T15:10:30+00:00\",\"description\":\"Le Challenge 1\u02b3\u1d49 id\u00e9e vise \u00e0 favoriser le transfert d'expertises entre les laboratoires et les projets entrepreneuriaux \u00e9tudiants.\",\"breadcrumb\":{\"@id\":\"https:\/\/fondation-grenoble-inp.fr\/challenge-1ere-idee-developpez-votre-projet-grace-aux-laboratoires-associes-a-nos-etablissements\/#breadcrumb\"},\"inLanguage\":\"en-US\",\"potentialAction\":[{\"@type\":\"ReadAction\",\"target\":[\"https:\/\/fondation-grenoble-inp.fr\/challenge-1ere-idee-developpez-votre-projet-grace-aux-laboratoires-associes-a-nos-etablissements\/\"]}]},{\"@type\":\"BreadcrumbList\",\"@id\":\"https:\/\/fondation-grenoble-inp.fr\/challenge-1ere-idee-developpez-votre-projet-grace-aux-laboratoires-associes-a-nos-etablissements\/#breadcrumb\",\"itemListElement\":[{\"@type\":\"ListItem\",\"position\":1,\"name\":\"Accueil\",\"item\":\"https:\/\/fondation-grenoble-inp.fr\/\"},{\"@type\":\"ListItem\",\"position\":2,\"name\":\"Lancement du Challenge 1\u02b3\u1d49 id\u00e9e : une rencontre entre les projets \u00e9tudiants et les technologies de laboratoire\"}]},{\"@type\":\"Article\",\"@id\":\"https:\/\/fondation-grenoble-inp.fr\/challenge-1ere-idee-developpez-votre-projet-grace-aux-laboratoires-associes-a-nos-etablissements\/#article\",\"isPartOf\":{\"@id\":\"https:\/\/fondation-grenoble-inp.fr\/challenge-1ere-idee-developpez-votre-projet-grace-aux-laboratoires-associes-a-nos-etablissements\/#webpage\"},\"author\":{\"@id\":\"https:\/\/fondation-grenoble-inp.fr\/#\/schema\/person\/7c36548ebaddf05ba7a055d161ebff94\"},\"headline\":\"Lancement du Challenge 1\u02b3\u1d49 id\u00e9e : une rencontre entre les projets \u00e9tudiants et les technologies de laboratoire\",\"datePublished\":\"2025-09-04T08:34:15+00:00\",\"dateModified\":\"2026-03-17T15:10:30+00:00\",\"mainEntityOfPage\":{\"@id\":\"https:\/\/fondation-grenoble-inp.fr\/challenge-1ere-idee-developpez-votre-projet-grace-aux-laboratoires-associes-a-nos-etablissements\/#webpage\"},\"wordCount\":484,\"publisher\":{\"@id\":\"https:\/\/fondation-grenoble-inp.fr\/#organization\"},\"image\":{\"@id\":\"https:\/\/fondation-grenoble-inp.fr\/challenge-1ere-idee-developpez-votre-projet-grace-aux-laboratoires-associes-a-nos-etablissements\/#primaryimage\"},\"thumbnailUrl\":\"https:\/\/fondation-grenoble-inp.fr\/wp-content\/uploads\/2025\/09\/shutterstock_1423354991-scaled.jpg\",\"articleSection\":[\"Les Bourses\"],\"inLanguage\":\"en-US\"},{\"@type\":\"Person\",\"@id\":\"https:\/\/fondation-grenoble-inp.fr\/#\/schema\/person\/7c36548ebaddf05ba7a055d161ebff94\",\"name\":\"Marie Dubreuil\",\"image\":{\"@type\":\"ImageObject\",\"@id\":\"https:\/\/fondation-grenoble-inp.fr\/#personlogo\",\"inLanguage\":\"en-US\",\"url\":\"https:\/\/secure.gravatar.com\/avatar\/358eb0ab274d9479ce7c23b8a3f0a360?s=96&d=mm&r=g\",\"contentUrl\":\"https:\/\/secure.gravatar.com\/avatar\/358eb0ab274d9479ce7c23b8a3f0a360?s=96&d=mm&r=g\",\"caption\":\"Marie Dubreuil\"}}]}<\/script>\n<!-- \/ Yoast SEO plugin. -->","yoast_head_json":{"title":"Lancement du Challenge 1\u02b3\u1d49 id\u00e9e : une rencontre entre les projets \u00e9tudiants et les technologies de laboratoire - Fondation Grenoble INP","description":"Le Challenge 1\u02b3\u1d49 id\u00e9e vise \u00e0 favoriser le transfert d'expertises entre les laboratoires et les projets entrepreneuriaux \u00e9tudiants.","robots":{"index":"index","follow":"follow","max-snippet":"max-snippet:-1","max-image-preview":"max-image-preview:large","max-video-preview":"max-video-preview:-1"},"canonical":"https:\/\/fondation-grenoble-inp.fr\/en\/challenge-1ere-idee-developpez-votre-projet-grace-aux-laboratoires-associes-a-nos-etablissements\/","og_locale":"en_US","og_type":"article","og_title":"Lancement du Challenge 1\u02b3\u1d49 id\u00e9e : une rencontre entre les projets \u00e9tudiants et les technologies de laboratoire - Fondation Grenoble INP","og_description":"Le Challenge 1\u02b3\u1d49 id\u00e9e vise \u00e0 favoriser le transfert d'expertises entre les laboratoires et les projets entrepreneuriaux \u00e9tudiants.","og_url":"https:\/\/fondation-grenoble-inp.fr\/en\/challenge-1ere-idee-developpez-votre-projet-grace-aux-laboratoires-associes-a-nos-etablissements\/","og_site_name":"Fondation Grenoble INP","article_published_time":"2025-09-04T08:34:15+00:00","article_modified_time":"2026-03-17T15:10:30+00:00","og_image":[{"width":"2560","height":"1707","url":"https:\/\/fondation-grenoble-inp.fr\/wp-content\/uploads\/2025\/09\/shutterstock_1423354991-scaled.jpg","type":"image\/jpeg"}],"twitter_card":"summary_large_image","twitter_misc":{"Written by":"Marie Dubreuil","Est. reading time":"3 minutes"},"schema":{"@context":"https:\/\/schema.org","@graph":[{"@type":"Organization","@id":"https:\/\/fondation-grenoble-inp.fr\/#organization","name":"Fondation INP Grenoble","url":"https:\/\/fondation-grenoble-inp.fr\/","sameAs":[],"logo":{"@type":"ImageObject","@id":"https:\/\/fondation-grenoble-inp.fr\/#logo","inLanguage":"en-US","url":"https:\/\/fondation-grenoble-inp.fr\/wp-content\/uploads\/2021\/03\/cropped-favicon-fondation-inp-grenoble.png","contentUrl":"https:\/\/fondation-grenoble-inp.fr\/wp-content\/uploads\/2021\/03\/cropped-favicon-fondation-inp-grenoble.png","width":512,"height":512,"caption":"Fondation INP Grenoble"},"image":{"@id":"https:\/\/fondation-grenoble-inp.fr\/#logo"}},{"@type":"WebSite","@id":"https:\/\/fondation-grenoble-inp.fr\/#website","url":"https:\/\/fondation-grenoble-inp.fr\/","name":"Fondation Grenoble INP","description":"#OsezlAvenir","publisher":{"@id":"https:\/\/fondation-grenoble-inp.fr\/#organization"},"potentialAction":[{"@type":"SearchAction","target":{"@type":"EntryPoint","urlTemplate":"https:\/\/fondation-grenoble-inp.fr\/?s={search_term_string}"},"query-input":"required name=search_term_string"}],"inLanguage":"en-US"},{"@type":"ImageObject","@id":"https:\/\/fondation-grenoble-inp.fr\/challenge-1ere-idee-developpez-votre-projet-grace-aux-laboratoires-associes-a-nos-etablissements\/#primaryimage","inLanguage":"en-US","url":"https:\/\/fondation-grenoble-inp.fr\/wp-content\/uploads\/2025\/09\/shutterstock_1423354991-scaled.jpg","contentUrl":"https:\/\/fondation-grenoble-inp.fr\/wp-content\/uploads\/2025\/09\/shutterstock_1423354991-scaled.jpg","width":"2560","height":"1707","caption":"Challenge 1\u00e8re id\u00e9e"},{"@type":"WebPage","@id":"https:\/\/fondation-grenoble-inp.fr\/challenge-1ere-idee-developpez-votre-projet-grace-aux-laboratoires-associes-a-nos-etablissements\/#webpage","url":"https:\/\/fondation-grenoble-inp.fr\/challenge-1ere-idee-developpez-votre-projet-grace-aux-laboratoires-associes-a-nos-etablissements\/","name":"Lancement du Challenge 1\u02b3\u1d49 id\u00e9e : une rencontre entre les projets \u00e9tudiants et les technologies de laboratoire - Fondation Grenoble INP","isPartOf":{"@id":"https:\/\/fondation-grenoble-inp.fr\/#website"},"primaryImageOfPage":{"@id":"https:\/\/fondation-grenoble-inp.fr\/challenge-1ere-idee-developpez-votre-projet-grace-aux-laboratoires-associes-a-nos-etablissements\/#primaryimage"},"datePublished":"2025-09-04T08:34:15+00:00","dateModified":"2026-03-17T15:10:30+00:00","description":"Le Challenge 1\u02b3\u1d49 id\u00e9e vise \u00e0 favoriser le transfert d'expertises entre les laboratoires et les projets entrepreneuriaux \u00e9tudiants.","breadcrumb":{"@id":"https:\/\/fondation-grenoble-inp.fr\/challenge-1ere-idee-developpez-votre-projet-grace-aux-laboratoires-associes-a-nos-etablissements\/#breadcrumb"},"inLanguage":"en-US","potentialAction":[{"@type":"ReadAction","target":["https:\/\/fondation-grenoble-inp.fr\/challenge-1ere-idee-developpez-votre-projet-grace-aux-laboratoires-associes-a-nos-etablissements\/"]}]},{"@type":"BreadcrumbList","@id":"https:\/\/fondation-grenoble-inp.fr\/challenge-1ere-idee-developpez-votre-projet-grace-aux-laboratoires-associes-a-nos-etablissements\/#breadcrumb","itemListElement":[{"@type":"ListItem","position":1,"name":"Accueil","item":"https:\/\/fondation-grenoble-inp.fr\/"},{"@type":"ListItem","position":2,"name":"Lancement du Challenge 1\u02b3\u1d49 id\u00e9e : une rencontre entre les projets \u00e9tudiants et les technologies de laboratoire"}]},{"@type":"Article","@id":"https:\/\/fondation-grenoble-inp.fr\/challenge-1ere-idee-developpez-votre-projet-grace-aux-laboratoires-associes-a-nos-etablissements\/#article","isPartOf":{"@id":"https:\/\/fondation-grenoble-inp.fr\/challenge-1ere-idee-developpez-votre-projet-grace-aux-laboratoires-associes-a-nos-etablissements\/#webpage"},"author":{"@id":"https:\/\/fondation-grenoble-inp.fr\/#\/schema\/person\/7c36548ebaddf05ba7a055d161ebff94"},"headline":"Lancement du Challenge 1\u02b3\u1d49 id\u00e9e : une rencontre entre les projets \u00e9tudiants et les technologies de laboratoire","datePublished":"2025-09-04T08:34:15+00:00","dateModified":"2026-03-17T15:10:30+00:00","mainEntityOfPage":{"@id":"https:\/\/fondation-grenoble-inp.fr\/challenge-1ere-idee-developpez-votre-projet-grace-aux-laboratoires-associes-a-nos-etablissements\/#webpage"},"wordCount":484,"publisher":{"@id":"https:\/\/fondation-grenoble-inp.fr\/#organization"},"image":{"@id":"https:\/\/fondation-grenoble-inp.fr\/challenge-1ere-idee-developpez-votre-projet-grace-aux-laboratoires-associes-a-nos-etablissements\/#primaryimage"},"thumbnailUrl":"https:\/\/fondation-grenoble-inp.fr\/wp-content\/uploads\/2025\/09\/shutterstock_1423354991-scaled.jpg","articleSection":["Les Bourses"],"inLanguage":"en-US"},{"@type":"Person","@id":"https:\/\/fondation-grenoble-inp.fr\/#\/schema\/person\/7c36548ebaddf05ba7a055d161ebff94","name":"Marie Dubreuil","image":{"@type":"ImageObject","@id":"https:\/\/fondation-grenoble-inp.fr\/#personlogo","inLanguage":"en-US","url":"https:\/\/secure.gravatar.com\/avatar\/358eb0ab274d9479ce7c23b8a3f0a360?s=96&d=mm&r=g","contentUrl":"https:\/\/secure.gravatar.com\/avatar\/358eb0ab274d9479ce7c23b8a3f0a360?s=96&d=mm&r=g","caption":"Marie Dubreuil"}}]}},"_links":{"self":[{"href":"https:\/\/fondation-grenoble-inp.fr\/en\/wp-json\/wp\/v2\/posts\/21456"}],"collection":[{"href":"https:\/\/fondation-grenoble-inp.fr\/en\/wp-json\/wp\/v2\/posts"}],"about":[{"href":"https:\/\/fondation-grenoble-inp.fr\/en\/wp-json\/wp\/v2\/types\/post"}],"author":[{"embeddable":true,"href":"https:\/\/fondation-grenoble-inp.fr\/en\/wp-json\/wp\/v2\/users\/7"}],"replies":[{"embeddable":true,"href":"https:\/\/fondation-grenoble-inp.fr\/en\/wp-json\/wp\/v2\/comments?post=21456"}],"version-history":[{"count":53,"href":"https:\/\/fondation-grenoble-inp.fr\/en\/wp-json\/wp\/v2\/posts\/21456\/revisions"}],"predecessor-version":[{"id":23478,"href":"https:\/\/fondation-grenoble-inp.fr\/en\/wp-json\/wp\/v2\/posts\/21456\/revisions\/23478"}],"wp:featuredmedia":[{"embeddable":true,"href":"https:\/\/fondation-grenoble-inp.fr\/en\/wp-json\/wp\/v2\/media\/21457"}],"wp:attachment":[{"href":"https:\/\/fondation-grenoble-inp.fr\/en\/wp-json\/wp\/v2\/media?parent=21456"}],"wp:term":[{"taxonomy":"category","embeddable":true,"href":"https:\/\/fondation-grenoble-inp.fr\/en\/wp-json\/wp\/v2\/categories?post=21456"},{"taxonomy":"post_tag","embeddable":true,"href":"https:\/\/fondation-grenoble-inp.fr\/en\/wp-json\/wp\/v2\/tags?post=21456"}],"curies":[{"name":"wp","href":"https:\/\/api.w.org\/{rel}","templated":true}]}}