{"id":21487,"date":"2025-09-04T15:02:15","date_gmt":"2025-09-04T13:02:15","guid":{"rendered":"https:\/\/fondation-grenoble-inp.fr\/?p=21487"},"modified":"2025-09-29T09:15:03","modified_gmt":"2025-09-29T07:15:03","slug":"extension-de-la-chaire-medelia-rendez-vous-sur-le-salon-business-hydro-le-15-octobre","status":"publish","type":"post","link":"https:\/\/fondation-grenoble-inp.fr\/en\/extension-de-la-chaire-medelia-rendez-vous-sur-le-salon-business-hydro-le-15-octobre\/","title":{"rendered":"Extension de la Chaire Medelia : Rendez vous sur le salon Business Hydro le 15 octobre\u00a0!"},"content":{"rendered":"<div data-elementor-type=\"wp-post\" data-elementor-id=\"21487\" data-post-id=\"21487\" data-obj-id=\"21487\" class=\"elementor elementor-21487 dce-elementor-post-21487\" data-elementor-settings=\"[]\">\n\t\t\t\t\t\t<div class=\"elementor-inner\">\n\t\t\t\t\t\t\t<div class=\"elementor-section-wrap\">\n\t\t\t\t\t\t\t<section class=\"elementor-section elementor-top-section elementor-element elementor-element-a28cce3 elementor-section-boxed elementor-section-height-default elementor-section-height-default\" data-id=\"a28cce3\" data-element_type=\"section\">\n\t\t\t\t\t\t<div class=\"elementor-container elementor-column-gap-default\">\n\t\t\t\t\t\t\t<div class=\"elementor-row\">\n\t\t\t\t\t<div class=\"elementor-column elementor-col-100 elementor-top-column elementor-element elementor-element-b7a0c00\" data-id=\"b7a0c00\" data-element_type=\"column\">\n\t\t\t<div class=\"elementor-column-wrap elementor-element-populated\">\n\t\t\t\t\t\t\t<div class=\"elementor-widget-wrap\">\n\t\t\t\t\t\t<div class=\"elementor-element elementor-element-e4fb6f8 elementor-widget elementor-widget-text-editor\" data-id=\"e4fb6f8\" data-element_type=\"widget\" data-widget_type=\"text-editor.default\">\n\t\t\t\t<div class=\"elementor-widget-container\">\n\t\t\t\t\t\t\t\t<div class=\"elementor-text-editor elementor-clearfix\">\n\t\t\t\t<p><strong>\u00c0 l\u2019occasion du <a href=\"https:\/\/businesshydro.fr\/\" target=\"_blank\" rel=\"noopener\">Salon Business Hydro<\/a>, la <a href=\"https:\/\/fondation-grenoble-inp.fr\/en\/\" target=\"_blank\" rel=\"noopener\">Grenoble INP Foundation<\/a> vous invite \u00e0 c\u00e9l\u00e9brer l\u2019extension de la <a href=\"https:\/\/fondation-grenoble-inp.fr\/en\/nos-actions\/chaire-medelia\/\" target=\"_blank\" rel=\"noopener\">Chaire Medelia<\/a>, le mercredi 15 octobre \u00e0 12h45, \u00e0 <a href=\"https:\/\/alpexpo.com\/acces\/\" target=\"_blank\" rel=\"noopener\">Alpexpo Grenoble<\/a>. Port\u00e9e depuis sa cr\u00e9ation gr\u00e2ce au m\u00e9c\u00e9nat du <a href=\"https:\/\/www.arteliagroup.com\/fr\/\" target=\"_blank\" rel=\"noopener\">Artelia Group<\/a> et de sa filiale <a href=\"https:\/\/www.spretec.fr\/\" target=\"_blank\" rel=\"noopener\">Spretec<\/a>, la <a href=\"https:\/\/fondation-grenoble-inp.fr\/en\/nos-actions\/chaire-medelia\/\" target=\"_blank\" rel=\"noopener\">Chaire Medelia<\/a> franchit aujourd\u2019hui une nouvelle \u00e9tape structurante dans son d\u00e9veloppement, avec l\u2019arriv\u00e9e de deux nouveaux partenaires, <a href=\"https:\/\/www.cnr.tm.fr\/\" target=\"_blank\" rel=\"noopener\">CNR<\/a> and<a href=\"https:\/\/www.edf.fr\/\" target=\"_blank\" rel=\"noopener\"> EDF<\/a>, ainsi que le soutien du <a href=\"https:\/\/www.univ-grenoble-alpes.fr\/recherche\/projets-structurants-et-partenaires\/projets-structurants\/les-labex\/labex-tec21-674045.kjsp\" target=\"_blank\" rel=\"noopener\">TEC21 Laboratory of Excellence<\/a>. <\/strong><\/p>\t\t\t\t\t<\/div>\n\t\t\t\t\t\t<\/div>\n\t\t\t\t<\/div>\n\t\t\t\t\t\t<\/div>\n\t\t\t\t\t<\/div>\n\t\t<\/div>\n\t\t\t\t\t\t\t\t<\/div>\n\t\t\t\t\t<\/div>\n\t\t<\/section>\n\t\t\t\t<section class=\"elementor-section elementor-top-section elementor-element elementor-element-7e58715 elementor-section-boxed elementor-section-height-default elementor-section-height-default\" data-id=\"7e58715\" data-element_type=\"section\">\n\t\t\t\t\t\t<div class=\"elementor-container elementor-column-gap-default\">\n\t\t\t\t\t\t\t<div class=\"elementor-row\">\n\t\t\t\t\t<div class=\"elementor-column elementor-col-100 elementor-top-column elementor-element elementor-element-2e7d826\" data-id=\"2e7d826\" data-element_type=\"column\">\n\t\t\t<div class=\"elementor-column-wrap elementor-element-populated\">\n\t\t\t\t\t\t\t<div class=\"elementor-widget-wrap\">\n\t\t\t\t\t\t<div class=\"elementor-element elementor-element-fe07f1b elementor-widget elementor-widget-text-editor\" data-id=\"fe07f1b\" data-element_type=\"widget\" data-widget_type=\"text-editor.default\">\n\t\t\t\t<div class=\"elementor-widget-container\">\n\t\t\t\t\t\t\t\t<div class=\"elementor-text-editor elementor-clearfix\">\n\t\t\t\t<h2><strong>Une approche innovante au service des d\u00e9cisions de maintenance<\/strong><\/h2>\t\t\t\t\t<\/div>\n\t\t\t\t\t\t<\/div>\n\t\t\t\t<\/div>\n\t\t\t\t<div class=\"elementor-element elementor-element-fc70665 elementor-widget elementor-widget-text-editor\" data-id=\"fc70665\" data-element_type=\"widget\" data-widget_type=\"text-editor.default\">\n\t\t\t\t<div class=\"elementor-widget-container\">\n\t\t\t\t\t\t\t\t<div class=\"elementor-text-editor elementor-clearfix\">\n\t\t\t\t<p>Face au vieillissement du parc hydraulique fran\u00e7ais et l\u2019enjeu de concilier s\u00fbret\u00e9 et pr\u00e9servation des ressources, l\u2019extension de la <strong><a href=\"https:\/\/fondation-grenoble-inp.fr\/en\/nos-actions\/chaire-medelia\/\" target=\"_blank\" rel=\"noopener\">Chaire Medelia<\/a><\/strong> permet de prolonger les travaux de recherche engag\u00e9s au sein des laboratoires <strong><a href=\"https:\/\/3sr.univ-grenoble-alpes.fr\/fr\" target=\"_blank\" rel=\"noopener\">3SR<\/a><\/strong>* et <strong><a href=\"https:\/\/simap.grenoble-inp.fr\/fr\/le-laboratoire\" target=\"_blank\" rel=\"noopener\">SIMaP<\/a><\/strong>* et d\u2019\u00e9largir les perspectives autour d\u2019un enjeu partag\u00e9 : prolonger la dur\u00e9e de vie des ouvrages hydrom\u00e9caniques gr\u00e2ce \u00e0 des approches scientifiques innovantes, \u00e9conomes et responsables.<\/p><p>Apr\u00e8s une premi\u00e8re th\u00e8se consacr\u00e9e \u00e0 la fatigue des assemblages soud\u00e9s, une nouvelle phase de recherche est engag\u00e9e pour \u00e9largir l\u2019analyse \u00e0 un panel plus vaste de structures m\u00e9talliques. Les travaux s\u2019appuient sur des donn\u00e9es d\u2019exploitation partag\u00e9es par les partenaires industriels et sur une approche statistique et probabiliste innovante, int\u00e9grant les incertitudes li\u00e9es aux mat\u00e9riaux, aux g\u00e9om\u00e9tries et aux conditions de chargement. L\u2019objectif est de fournir aux gestionnaires d\u2019ouvrages des m\u00e9thodologies fiables pour orienter leurs d\u00e9cisions de maintenance \u2014 surveillance, r\u00e9paration ou remplacement \u2014 tout en ma\u00eetrisant les co\u00fbts et les risques.<\/p><p>*<strong><a href=\"https:\/\/www.cnrs.fr\/fr\" target=\"_blank\" rel=\"noopener\">CNRS<\/a><\/strong> \/ <strong><a href=\"https:\/\/www.univ-grenoble-alpes.fr\/\" target=\"_blank\" rel=\"noopener\">UGA<\/a><\/strong> \/ <strong><a href=\"https:\/\/www.grenoble-inp.fr\/\" target=\"_blank\" rel=\"noopener\">Grenoble INP \u2013 UGA<\/a><\/strong><\/p>\t\t\t\t\t<\/div>\n\t\t\t\t\t\t<\/div>\n\t\t\t\t<\/div>\n\t\t\t\t\t\t<\/div>\n\t\t\t\t\t<\/div>\n\t\t<\/div>\n\t\t\t\t\t\t\t\t<\/div>\n\t\t\t\t\t<\/div>\n\t\t<\/section>\n\t\t\t\t<section class=\"elementor-section elementor-top-section elementor-element elementor-element-c0c75ff elementor-section-boxed elementor-section-height-default elementor-section-height-default\" data-id=\"c0c75ff\" data-element_type=\"section\">\n\t\t\t\t\t\t<div class=\"elementor-container elementor-column-gap-default\">\n\t\t\t\t\t\t\t<div class=\"elementor-row\">\n\t\t\t\t\t<div class=\"elementor-column elementor-col-100 elementor-top-column elementor-element elementor-element-314ab1a\" data-id=\"314ab1a\" data-element_type=\"column\">\n\t\t\t<div class=\"elementor-column-wrap elementor-element-populated\">\n\t\t\t\t\t\t\t<div class=\"elementor-widget-wrap\">\n\t\t\t\t\t\t<div class=\"elementor-element elementor-element-5af87bd elementor-widget elementor-widget-text-editor\" data-id=\"5af87bd\" data-element_type=\"widget\" data-widget_type=\"text-editor.default\">\n\t\t\t\t<div class=\"elementor-widget-container\">\n\t\t\t\t\t\t\t\t<div class=\"elementor-text-editor elementor-clearfix\">\n\t\t\t\t<h2><strong>Une communaut\u00e9 d\u2019acteurs engag\u00e9s<\/strong><\/h2>\t\t\t\t\t<\/div>\n\t\t\t\t\t\t<\/div>\n\t\t\t\t<\/div>\n\t\t\t\t<div class=\"elementor-element elementor-element-074a20f elementor-widget elementor-widget-text-editor\" data-id=\"074a20f\" data-element_type=\"widget\" data-widget_type=\"text-editor.default\">\n\t\t\t\t<div class=\"elementor-widget-container\">\n\t\t\t\t\t\t\t\t<div class=\"elementor-text-editor elementor-clearfix\">\n\t\t\t\t<p>Au-del\u00e0 de la recherche, la <strong><a href=\"https:\/\/fondation-grenoble-inp.fr\/en\/nos-actions\/chaire-medelia\/\" target=\"_blank\" rel=\"noopener\">Chaire Medelia<\/a><\/strong> ambitionne de structurer une communaut\u00e9 interdisciplinaire r\u00e9unissant chercheurs, industriels, exploitants et gestionnaires autour d\u2019un enjeu commun : la s\u00fbret\u00e9 et la r\u00e9silience des ouvrages hydrauliques.<\/p><p>La c\u00e9l\u00e9bration du 15 octobre sera l\u2019occasion de\u00a0d\u00e9couvrir les avanc\u00e9es scientifiques de la chaire et \u00e9changer avec les partenaires et chercheurs impliqu\u00e9s.<\/p><p>Rendez-vous ici pour vous inscrire\u00a0:<\/p>\t\t\t\t\t<\/div>\n\t\t\t\t\t\t<\/div>\n\t\t\t\t<\/div>\n\t\t\t\t<div class=\"elementor-element elementor-element-32e4f77 elementor-align-center elementor-widget elementor-widget-button\" data-id=\"32e4f77\" data-element_type=\"widget\" data-widget_type=\"button.default\">\n\t\t\t\t<div class=\"elementor-widget-container\">\n\t\t\t\t\t<div class=\"elementor-button-wrapper\">\n\t\t\t<a href=\"https:\/\/www.billetweb.fr\/extension-de-la-chaire-medelia\" target=\"_blank\" class=\"elementor-button-link elementor-button elementor-size-sm elementor-animation-grow\" role=\"button\">\n\t\t\t\t\t\t<span class=\"elementor-button-content-wrapper\">\n\t\t\t\t\t\t<span class=\"elementor-button-text\">Registration<\/span>\n\t\t<\/span>\n\t\t\t\t\t<\/a>\n\t\t<\/div>\n\t\t\t\t<\/div>\n\t\t\t\t<\/div>\n\t\t\t\t<div class=\"elementor-element elementor-element-7fd9170 elementor-widget elementor-widget-text-editor\" data-id=\"7fd9170\" data-element_type=\"widget\" data-widget_type=\"text-editor.default\">\n\t\t\t\t<div class=\"elementor-widget-container\">\n\t\t\t\t\t\t\t\t<div class=\"elementor-text-editor elementor-clearfix\">\n\t\t\t\t<p>*Pour vous rendre sur cet \u00e9v\u00e9nement, inscrivez-vous \u00e9galement au salon Business Hydro ! Si ce n&rsquo;est pas d\u00e9j\u00e0 fait, rendez-vous sur <a href=\"https:\/\/inscriptions.businesshydro.fr\/page\/accueil\/\" target=\"_blank\" rel=\"noopener\">ce lien<\/a>.<br \/>* Inscription gratuite, mais obligatoire pour acc\u00e9der \u00e0 l&rsquo;\u00e9v\u00e9nement.<br \/>*En vous inscrivant, vous acceptez que des photos\/vid\u00e9os puissent \u00eatre prises lors de l&rsquo;\u00e9v\u00e9nement et utilis\u00e9es \u00e0 des fins de communication.<\/p>\t\t\t\t\t<\/div>\n\t\t\t\t\t\t<\/div>\n\t\t\t\t<\/div>\n\t\t\t\t\t\t<\/div>\n\t\t\t\t\t<\/div>\n\t\t<\/div>\n\t\t\t\t\t\t\t\t<\/div>\n\t\t\t\t\t<\/div>\n\t\t<\/section>\n\t\t\t\t<section class=\"elementor-section elementor-top-section elementor-element elementor-element-c3231c9 elementor-section-boxed elementor-section-height-default elementor-section-height-default\" data-id=\"c3231c9\" data-element_type=\"section\">\n\t\t\t\t\t\t<div class=\"elementor-container elementor-column-gap-default\">\n\t\t\t\t\t\t\t<div class=\"elementor-row\">\n\t\t\t\t\t<div class=\"elementor-column elementor-col-100 elementor-top-column elementor-element elementor-element-6b7be71\" data-id=\"6b7be71\" data-element_type=\"column\">\n\t\t\t<div class=\"elementor-column-wrap elementor-element-populated\">\n\t\t\t\t\t\t\t<div class=\"elementor-widget-wrap\">\n\t\t\t\t\t\t<div class=\"elementor-element elementor-element-646460f elementor-widget elementor-widget-text-editor\" data-id=\"646460f\" data-element_type=\"widget\" data-widget_type=\"text-editor.default\">\n\t\t\t\t<div class=\"elementor-widget-container\">\n\t\t\t\t\t\t\t\t<div class=\"elementor-text-editor elementor-clearfix\">\n\t\t\t\t<p><strong><em><a href=\"https:\/\/fondation-grenoble-inp.fr\/en\/nos-actions\/chaire-medelia\/\" target=\"_blank\" rel=\"noopener\">En savoir plus sur la Chaire Medelia<\/a><\/em><\/strong><\/p>\t\t\t\t\t<\/div>\n\t\t\t\t\t\t<\/div>\n\t\t\t\t<\/div>\n\t\t\t\t\t\t<\/div>\n\t\t\t\t\t<\/div>\n\t\t<\/div>\n\t\t\t\t\t\t\t\t<\/div>\n\t\t\t\t\t<\/div>\n\t\t<\/section>\n\t\t\t\t\t\t<\/div>\n\t\t\t\t\t\t<\/div>\n\t\t\t\t\t<\/div>","protected":false},"excerpt":{"rendered":"<p>\u00c0 l\u2019occasion du Salon Business Hydro, la Chaire Medelia va c\u00e9l\u00e9brer son extension le mercredi 15 octobre \u00e0 12h, \u00e0 Alpexpo Grenoble. <\/p>","protected":false},"author":7,"featured_media":21489,"comment_status":"closed","ping_status":"open","sticky":false,"template":"","format":"standard","meta":[],"categories":[476],"tags":[],"acf":[],"yoast_head":"<!-- This site is optimized with the Yoast SEO plugin v18.0 - https:\/\/yoast.com\/wordpress\/plugins\/seo\/ -->\n<title>Extension de la Chaire Medelia : Rendez vous sur le salon Business Hydro le 15 octobre\u00a0! - Fondation Grenoble INP<\/title>\n<meta name=\"description\" content=\"\u00c0 l\u2019occasion du Salon Business Hydro, la Chaire Medelia va c\u00e9l\u00e9brer son extension le mercredi 15 octobre \u00e0 12h, \u00e0 Alpexpo Grenoble.\" \/>\n<meta name=\"robots\" content=\"index, follow, max-snippet:-1, max-image-preview:large, max-video-preview:-1\" \/>\n<link rel=\"canonical\" href=\"https:\/\/fondation-grenoble-inp.fr\/en\/extension-de-la-chaire-medelia-rendez-vous-sur-le-salon-business-hydro-le-15-octobre\/\" \/>\n<meta property=\"og:locale\" content=\"en_US\" \/>\n<meta property=\"og:type\" content=\"article\" \/>\n<meta property=\"og:title\" content=\"Extension de la Chaire Medelia : Rendez vous sur le salon Business Hydro le 15 octobre\u00a0! - Fondation Grenoble INP\" \/>\n<meta property=\"og:description\" content=\"\u00c0 l\u2019occasion du Salon Business Hydro, la Chaire Medelia va c\u00e9l\u00e9brer son extension le mercredi 15 octobre \u00e0 12h, \u00e0 Alpexpo Grenoble.\" \/>\n<meta property=\"og:url\" content=\"https:\/\/fondation-grenoble-inp.fr\/en\/extension-de-la-chaire-medelia-rendez-vous-sur-le-salon-business-hydro-le-15-octobre\/\" \/>\n<meta property=\"og:site_name\" content=\"Fondation Grenoble INP\" \/>\n<meta property=\"article:published_time\" content=\"2025-09-04T13:02:15+00:00\" \/>\n<meta property=\"article:modified_time\" content=\"2025-09-29T07:15:03+00:00\" \/>\n<meta property=\"og:image\" content=\"https:\/\/fondation-grenoble-inp.fr\/wp-content\/uploads\/2025\/09\/9_msm-\u00a9SPRETEC-scaled.jpg\" \/>\n\t<meta property=\"og:image:width\" content=\"2560\" \/>\n\t<meta property=\"og:image:height\" content=\"1920\" \/>\n\t<meta property=\"og:image:type\" content=\"image\/jpeg\" \/>\n<meta name=\"twitter:card\" content=\"summary_large_image\" \/>\n<meta name=\"twitter:label1\" content=\"Written by\" \/>\n\t<meta name=\"twitter:data1\" content=\"Marie Dubreuil\" \/>\n\t<meta name=\"twitter:label2\" content=\"Est. reading time\" \/>\n\t<meta name=\"twitter:data2\" content=\"2 minutes\" \/>\n<script type=\"application\/ld+json\" class=\"yoast-schema-graph\">{\"@context\":\"https:\/\/schema.org\",\"@graph\":[{\"@type\":\"Organization\",\"@id\":\"https:\/\/fondation-grenoble-inp.fr\/#organization\",\"name\":\"Fondation INP Grenoble\",\"url\":\"https:\/\/fondation-grenoble-inp.fr\/\",\"sameAs\":[],\"logo\":{\"@type\":\"ImageObject\",\"@id\":\"https:\/\/fondation-grenoble-inp.fr\/#logo\",\"inLanguage\":\"en-US\",\"url\":\"https:\/\/fondation-grenoble-inp.fr\/wp-content\/uploads\/2021\/03\/cropped-favicon-fondation-inp-grenoble.png\",\"contentUrl\":\"https:\/\/fondation-grenoble-inp.fr\/wp-content\/uploads\/2021\/03\/cropped-favicon-fondation-inp-grenoble.png\",\"width\":512,\"height\":512,\"caption\":\"Fondation INP Grenoble\"},\"image\":{\"@id\":\"https:\/\/fondation-grenoble-inp.fr\/#logo\"}},{\"@type\":\"WebSite\",\"@id\":\"https:\/\/fondation-grenoble-inp.fr\/#website\",\"url\":\"https:\/\/fondation-grenoble-inp.fr\/\",\"name\":\"Fondation Grenoble INP\",\"description\":\"#OsezlAvenir\",\"publisher\":{\"@id\":\"https:\/\/fondation-grenoble-inp.fr\/#organization\"},\"potentialAction\":[{\"@type\":\"SearchAction\",\"target\":{\"@type\":\"EntryPoint\",\"urlTemplate\":\"https:\/\/fondation-grenoble-inp.fr\/?s={search_term_string}\"},\"query-input\":\"required name=search_term_string\"}],\"inLanguage\":\"en-US\"},{\"@type\":\"ImageObject\",\"@id\":\"https:\/\/fondation-grenoble-inp.fr\/extension-de-la-chaire-medelia-rendez-vous-sur-le-salon-business-hydro-le-15-octobre\/#primaryimage\",\"inLanguage\":\"en-US\",\"url\":\"https:\/\/fondation-grenoble-inp.fr\/wp-content\/uploads\/2025\/09\/9_msm-\u00a9SPRETEC-scaled.jpg\",\"contentUrl\":\"https:\/\/fondation-grenoble-inp.fr\/wp-content\/uploads\/2025\/09\/9_msm-\u00a9SPRETEC-scaled.jpg\",\"width\":\"2560\",\"height\":\"1920\"},{\"@type\":\"WebPage\",\"@id\":\"https:\/\/fondation-grenoble-inp.fr\/extension-de-la-chaire-medelia-rendez-vous-sur-le-salon-business-hydro-le-15-octobre\/#webpage\",\"url\":\"https:\/\/fondation-grenoble-inp.fr\/extension-de-la-chaire-medelia-rendez-vous-sur-le-salon-business-hydro-le-15-octobre\/\",\"name\":\"Extension de la Chaire Medelia : Rendez vous sur le salon Business Hydro le 15 octobre\u00a0! - Fondation Grenoble INP\",\"isPartOf\":{\"@id\":\"https:\/\/fondation-grenoble-inp.fr\/#website\"},\"primaryImageOfPage\":{\"@id\":\"https:\/\/fondation-grenoble-inp.fr\/extension-de-la-chaire-medelia-rendez-vous-sur-le-salon-business-hydro-le-15-octobre\/#primaryimage\"},\"datePublished\":\"2025-09-04T13:02:15+00:00\",\"dateModified\":\"2025-09-29T07:15:03+00:00\",\"description\":\"\u00c0 l\u2019occasion du Salon Business Hydro, la Chaire Medelia va c\u00e9l\u00e9brer son extension le mercredi 15 octobre \u00e0 12h, \u00e0 Alpexpo Grenoble.\",\"breadcrumb\":{\"@id\":\"https:\/\/fondation-grenoble-inp.fr\/extension-de-la-chaire-medelia-rendez-vous-sur-le-salon-business-hydro-le-15-octobre\/#breadcrumb\"},\"inLanguage\":\"en-US\",\"potentialAction\":[{\"@type\":\"ReadAction\",\"target\":[\"https:\/\/fondation-grenoble-inp.fr\/extension-de-la-chaire-medelia-rendez-vous-sur-le-salon-business-hydro-le-15-octobre\/\"]}]},{\"@type\":\"BreadcrumbList\",\"@id\":\"https:\/\/fondation-grenoble-inp.fr\/extension-de-la-chaire-medelia-rendez-vous-sur-le-salon-business-hydro-le-15-octobre\/#breadcrumb\",\"itemListElement\":[{\"@type\":\"ListItem\",\"position\":1,\"name\":\"Accueil\",\"item\":\"https:\/\/fondation-grenoble-inp.fr\/\"},{\"@type\":\"ListItem\",\"position\":2,\"name\":\"Extension de la Chaire Medelia : Rendez vous sur le salon Business Hydro le 15 octobre\u00a0!\"}]},{\"@type\":\"Article\",\"@id\":\"https:\/\/fondation-grenoble-inp.fr\/extension-de-la-chaire-medelia-rendez-vous-sur-le-salon-business-hydro-le-15-octobre\/#article\",\"isPartOf\":{\"@id\":\"https:\/\/fondation-grenoble-inp.fr\/extension-de-la-chaire-medelia-rendez-vous-sur-le-salon-business-hydro-le-15-octobre\/#webpage\"},\"author\":{\"@id\":\"https:\/\/fondation-grenoble-inp.fr\/#\/schema\/person\/7c36548ebaddf05ba7a055d161ebff94\"},\"headline\":\"Extension de la Chaire Medelia : Rendez vous sur le salon Business Hydro le 15 octobre\u00a0!\",\"datePublished\":\"2025-09-04T13:02:15+00:00\",\"dateModified\":\"2025-09-29T07:15:03+00:00\",\"mainEntityOfPage\":{\"@id\":\"https:\/\/fondation-grenoble-inp.fr\/extension-de-la-chaire-medelia-rendez-vous-sur-le-salon-business-hydro-le-15-octobre\/#webpage\"},\"wordCount\":432,\"publisher\":{\"@id\":\"https:\/\/fondation-grenoble-inp.fr\/#organization\"},\"image\":{\"@id\":\"https:\/\/fondation-grenoble-inp.fr\/extension-de-la-chaire-medelia-rendez-vous-sur-le-salon-business-hydro-le-15-octobre\/#primaryimage\"},\"thumbnailUrl\":\"https:\/\/fondation-grenoble-inp.fr\/wp-content\/uploads\/2025\/09\/9_msm-\u00a9SPRETEC-scaled.jpg\",\"articleSection\":[\"Les Chaires\"],\"inLanguage\":\"en-US\"},{\"@type\":\"Person\",\"@id\":\"https:\/\/fondation-grenoble-inp.fr\/#\/schema\/person\/7c36548ebaddf05ba7a055d161ebff94\",\"name\":\"Marie Dubreuil\",\"image\":{\"@type\":\"ImageObject\",\"@id\":\"https:\/\/fondation-grenoble-inp.fr\/#personlogo\",\"inLanguage\":\"en-US\",\"url\":\"https:\/\/secure.gravatar.com\/avatar\/358eb0ab274d9479ce7c23b8a3f0a360?s=96&d=mm&r=g\",\"contentUrl\":\"https:\/\/secure.gravatar.com\/avatar\/358eb0ab274d9479ce7c23b8a3f0a360?s=96&d=mm&r=g\",\"caption\":\"Marie Dubreuil\"}}]}<\/script>\n<!-- \/ Yoast SEO plugin. -->","yoast_head_json":{"title":"Extension de la Chaire Medelia : Rendez vous sur le salon Business Hydro le 15 octobre\u00a0! - Fondation Grenoble INP","description":"\u00c0 l\u2019occasion du Salon Business Hydro, la Chaire Medelia va c\u00e9l\u00e9brer son extension le mercredi 15 octobre \u00e0 12h, \u00e0 Alpexpo Grenoble.","robots":{"index":"index","follow":"follow","max-snippet":"max-snippet:-1","max-image-preview":"max-image-preview:large","max-video-preview":"max-video-preview:-1"},"canonical":"https:\/\/fondation-grenoble-inp.fr\/en\/extension-de-la-chaire-medelia-rendez-vous-sur-le-salon-business-hydro-le-15-octobre\/","og_locale":"en_US","og_type":"article","og_title":"Extension de la Chaire Medelia : Rendez vous sur le salon Business Hydro le 15 octobre\u00a0! - Fondation Grenoble INP","og_description":"\u00c0 l\u2019occasion du Salon Business Hydro, la Chaire Medelia va c\u00e9l\u00e9brer son extension le mercredi 15 octobre \u00e0 12h, \u00e0 Alpexpo Grenoble.","og_url":"https:\/\/fondation-grenoble-inp.fr\/en\/extension-de-la-chaire-medelia-rendez-vous-sur-le-salon-business-hydro-le-15-octobre\/","og_site_name":"Fondation Grenoble INP","article_published_time":"2025-09-04T13:02:15+00:00","article_modified_time":"2025-09-29T07:15:03+00:00","og_image":[{"width":"2560","height":"1920","url":"https:\/\/fondation-grenoble-inp.fr\/wp-content\/uploads\/2025\/09\/9_msm-\u00a9SPRETEC-scaled.jpg","type":"image\/jpeg"}],"twitter_card":"summary_large_image","twitter_misc":{"Written by":"Marie Dubreuil","Est. reading time":"2 minutes"},"schema":{"@context":"https:\/\/schema.org","@graph":[{"@type":"Organization","@id":"https:\/\/fondation-grenoble-inp.fr\/#organization","name":"Fondation INP Grenoble","url":"https:\/\/fondation-grenoble-inp.fr\/","sameAs":[],"logo":{"@type":"ImageObject","@id":"https:\/\/fondation-grenoble-inp.fr\/#logo","inLanguage":"en-US","url":"https:\/\/fondation-grenoble-inp.fr\/wp-content\/uploads\/2021\/03\/cropped-favicon-fondation-inp-grenoble.png","contentUrl":"https:\/\/fondation-grenoble-inp.fr\/wp-content\/uploads\/2021\/03\/cropped-favicon-fondation-inp-grenoble.png","width":512,"height":512,"caption":"Fondation INP Grenoble"},"image":{"@id":"https:\/\/fondation-grenoble-inp.fr\/#logo"}},{"@type":"WebSite","@id":"https:\/\/fondation-grenoble-inp.fr\/#website","url":"https:\/\/fondation-grenoble-inp.fr\/","name":"Fondation Grenoble INP","description":"#OsezlAvenir","publisher":{"@id":"https:\/\/fondation-grenoble-inp.fr\/#organization"},"potentialAction":[{"@type":"SearchAction","target":{"@type":"EntryPoint","urlTemplate":"https:\/\/fondation-grenoble-inp.fr\/?s={search_term_string}"},"query-input":"required name=search_term_string"}],"inLanguage":"en-US"},{"@type":"ImageObject","@id":"https:\/\/fondation-grenoble-inp.fr\/extension-de-la-chaire-medelia-rendez-vous-sur-le-salon-business-hydro-le-15-octobre\/#primaryimage","inLanguage":"en-US","url":"https:\/\/fondation-grenoble-inp.fr\/wp-content\/uploads\/2025\/09\/9_msm-\u00a9SPRETEC-scaled.jpg","contentUrl":"https:\/\/fondation-grenoble-inp.fr\/wp-content\/uploads\/2025\/09\/9_msm-\u00a9SPRETEC-scaled.jpg","width":"2560","height":"1920"},{"@type":"WebPage","@id":"https:\/\/fondation-grenoble-inp.fr\/extension-de-la-chaire-medelia-rendez-vous-sur-le-salon-business-hydro-le-15-octobre\/#webpage","url":"https:\/\/fondation-grenoble-inp.fr\/extension-de-la-chaire-medelia-rendez-vous-sur-le-salon-business-hydro-le-15-octobre\/","name":"Extension de la Chaire Medelia : Rendez vous sur le salon Business Hydro le 15 octobre\u00a0! - Fondation Grenoble INP","isPartOf":{"@id":"https:\/\/fondation-grenoble-inp.fr\/#website"},"primaryImageOfPage":{"@id":"https:\/\/fondation-grenoble-inp.fr\/extension-de-la-chaire-medelia-rendez-vous-sur-le-salon-business-hydro-le-15-octobre\/#primaryimage"},"datePublished":"2025-09-04T13:02:15+00:00","dateModified":"2025-09-29T07:15:03+00:00","description":"\u00c0 l\u2019occasion du Salon Business Hydro, la Chaire Medelia va c\u00e9l\u00e9brer son extension le mercredi 15 octobre \u00e0 12h, \u00e0 Alpexpo Grenoble.","breadcrumb":{"@id":"https:\/\/fondation-grenoble-inp.fr\/extension-de-la-chaire-medelia-rendez-vous-sur-le-salon-business-hydro-le-15-octobre\/#breadcrumb"},"inLanguage":"en-US","potentialAction":[{"@type":"ReadAction","target":["https:\/\/fondation-grenoble-inp.fr\/extension-de-la-chaire-medelia-rendez-vous-sur-le-salon-business-hydro-le-15-octobre\/"]}]},{"@type":"BreadcrumbList","@id":"https:\/\/fondation-grenoble-inp.fr\/extension-de-la-chaire-medelia-rendez-vous-sur-le-salon-business-hydro-le-15-octobre\/#breadcrumb","itemListElement":[{"@type":"ListItem","position":1,"name":"Accueil","item":"https:\/\/fondation-grenoble-inp.fr\/"},{"@type":"ListItem","position":2,"name":"Extension de la Chaire Medelia : Rendez vous sur le salon Business Hydro le 15 octobre\u00a0!"}]},{"@type":"Article","@id":"https:\/\/fondation-grenoble-inp.fr\/extension-de-la-chaire-medelia-rendez-vous-sur-le-salon-business-hydro-le-15-octobre\/#article","isPartOf":{"@id":"https:\/\/fondation-grenoble-inp.fr\/extension-de-la-chaire-medelia-rendez-vous-sur-le-salon-business-hydro-le-15-octobre\/#webpage"},"author":{"@id":"https:\/\/fondation-grenoble-inp.fr\/#\/schema\/person\/7c36548ebaddf05ba7a055d161ebff94"},"headline":"Extension de la Chaire Medelia : Rendez vous sur le salon Business Hydro le 15 octobre\u00a0!","datePublished":"2025-09-04T13:02:15+00:00","dateModified":"2025-09-29T07:15:03+00:00","mainEntityOfPage":{"@id":"https:\/\/fondation-grenoble-inp.fr\/extension-de-la-chaire-medelia-rendez-vous-sur-le-salon-business-hydro-le-15-octobre\/#webpage"},"wordCount":432,"publisher":{"@id":"https:\/\/fondation-grenoble-inp.fr\/#organization"},"image":{"@id":"https:\/\/fondation-grenoble-inp.fr\/extension-de-la-chaire-medelia-rendez-vous-sur-le-salon-business-hydro-le-15-octobre\/#primaryimage"},"thumbnailUrl":"https:\/\/fondation-grenoble-inp.fr\/wp-content\/uploads\/2025\/09\/9_msm-\u00a9SPRETEC-scaled.jpg","articleSection":["Les Chaires"],"inLanguage":"en-US"},{"@type":"Person","@id":"https:\/\/fondation-grenoble-inp.fr\/#\/schema\/person\/7c36548ebaddf05ba7a055d161ebff94","name":"Marie Dubreuil","image":{"@type":"ImageObject","@id":"https:\/\/fondation-grenoble-inp.fr\/#personlogo","inLanguage":"en-US","url":"https:\/\/secure.gravatar.com\/avatar\/358eb0ab274d9479ce7c23b8a3f0a360?s=96&d=mm&r=g","contentUrl":"https:\/\/secure.gravatar.com\/avatar\/358eb0ab274d9479ce7c23b8a3f0a360?s=96&d=mm&r=g","caption":"Marie Dubreuil"}}]}},"_links":{"self":[{"href":"https:\/\/fondation-grenoble-inp.fr\/en\/wp-json\/wp\/v2\/posts\/21487"}],"collection":[{"href":"https:\/\/fondation-grenoble-inp.fr\/en\/wp-json\/wp\/v2\/posts"}],"about":[{"href":"https:\/\/fondation-grenoble-inp.fr\/en\/wp-json\/wp\/v2\/types\/post"}],"author":[{"embeddable":true,"href":"https:\/\/fondation-grenoble-inp.fr\/en\/wp-json\/wp\/v2\/users\/7"}],"replies":[{"embeddable":true,"href":"https:\/\/fondation-grenoble-inp.fr\/en\/wp-json\/wp\/v2\/comments?post=21487"}],"version-history":[{"count":24,"href":"https:\/\/fondation-grenoble-inp.fr\/en\/wp-json\/wp\/v2\/posts\/21487\/revisions"}],"predecessor-version":[{"id":21791,"href":"https:\/\/fondation-grenoble-inp.fr\/en\/wp-json\/wp\/v2\/posts\/21487\/revisions\/21791"}],"wp:featuredmedia":[{"embeddable":true,"href":"https:\/\/fondation-grenoble-inp.fr\/en\/wp-json\/wp\/v2\/media\/21489"}],"wp:attachment":[{"href":"https:\/\/fondation-grenoble-inp.fr\/en\/wp-json\/wp\/v2\/media?parent=21487"}],"wp:term":[{"taxonomy":"category","embeddable":true,"href":"https:\/\/fondation-grenoble-inp.fr\/en\/wp-json\/wp\/v2\/categories?post=21487"},{"taxonomy":"post_tag","embeddable":true,"href":"https:\/\/fondation-grenoble-inp.fr\/en\/wp-json\/wp\/v2\/tags?post=21487"}],"curies":[{"name":"wp","href":"https:\/\/api.w.org\/{rel}","templated":true}]}}