{"id":21733,"date":"2025-09-25T08:00:00","date_gmt":"2025-09-25T06:00:00","guid":{"rendered":"https:\/\/fondation-grenoble-inp.fr\/?p=21733"},"modified":"2026-03-17T16:07:43","modified_gmt":"2026-03-17T15:07:43","slug":"challenge-1%ca%b3%e1%b5%89-idee-developpez-votre-idee-grace-aux-laboratoires-associes-a-grenoble-inp-uga","status":"publish","type":"post","link":"https:\/\/fondation-grenoble-inp.fr\/en\/challenge-1%ca%b3%e1%b5%89-idee-developpez-votre-idee-grace-aux-laboratoires-associes-a-grenoble-inp-uga\/","title":{"rendered":"Challenge 1\u02b3\u1d49 id\u00e9e : d\u00e9veloppez votre id\u00e9e gr\u00e2ce aux laboratoires associ\u00e9s \u00e0 Grenoble INP &#8211; UGA !"},"content":{"rendered":"<div data-elementor-type=\"wp-post\" data-elementor-id=\"21733\" data-post-id=\"21733\" data-obj-id=\"21733\" class=\"elementor elementor-21733 dce-elementor-post-21733\" data-elementor-settings=\"[]\">\n\t\t\t\t\t\t<div class=\"elementor-inner\">\n\t\t\t\t\t\t\t<div class=\"elementor-section-wrap\">\n\t\t\t\t\t\t\t<section class=\"elementor-section elementor-top-section elementor-element elementor-element-9d0bcd9 elementor-section-boxed elementor-section-height-default elementor-section-height-default\" data-id=\"9d0bcd9\" data-element_type=\"section\">\n\t\t\t\t\t\t<div class=\"elementor-container elementor-column-gap-default\">\n\t\t\t\t\t\t\t<div class=\"elementor-row\">\n\t\t\t\t\t<div class=\"elementor-column elementor-col-100 elementor-top-column elementor-element elementor-element-ebd648f\" data-id=\"ebd648f\" data-element_type=\"column\">\n\t\t\t<div class=\"elementor-column-wrap elementor-element-populated\">\n\t\t\t\t\t\t\t<div class=\"elementor-widget-wrap\">\n\t\t\t\t\t\t<div class=\"elementor-element elementor-element-a7657a7 elementor-widget elementor-widget-text-editor\" data-id=\"a7657a7\" data-element_type=\"widget\" data-widget_type=\"text-editor.default\">\n\t\t\t\t<div class=\"elementor-widget-container\">\n\t\t\t\t\t\t\t\t<div class=\"elementor-text-editor elementor-clearfix\">\n\t\t\t\t<p><strong>La Fondation Grenoble INP a officiellement lanc\u00e9 le Challenge 1\u02b3\u1d49 id\u00e9e, un dispositif in\u00e9dit men\u00e9 en collaboration avec l&rsquo;<a href=\"https:\/\/www.grenoble-inp.fr\/fr\/vie-etudiante\/inopulse\" target=\"_blank\" rel=\"noopener\">incubateur InoPulse<\/a> pour accompagner les projets entrepreneuriaux des \u00e9tudiantes et \u00e9tudiants de <a href=\"https:\/\/www.grenoble-inp.fr\/\" target=\"_blank\" rel=\"noopener\">Grenoble INP \u2013 UGA<\/a>. <\/strong><strong>Pens\u00e9 comme un tremplin pour les id\u00e9es innovantes, ce challenge vise \u00e0 favoriser les rencontres entre porteurs de projets et laboratoires associ\u00e9s \u00e0 l\u2019institut, tout en acc\u00e9l\u00e9rant le d\u00e9veloppement technologique des initiatives \u00e9tudiantes.\u00a0<\/strong><\/p>\t\t\t\t\t<\/div>\n\t\t\t\t\t\t<\/div>\n\t\t\t\t<\/div>\n\t\t\t\t\t\t<\/div>\n\t\t\t\t\t<\/div>\n\t\t<\/div>\n\t\t\t\t\t\t\t\t<\/div>\n\t\t\t\t\t<\/div>\n\t\t<\/section>\n\t\t\t\t<section class=\"elementor-section elementor-top-section elementor-element elementor-element-aff88fa elementor-section-boxed elementor-section-height-default elementor-section-height-default\" data-id=\"aff88fa\" data-element_type=\"section\">\n\t\t\t\t\t\t<div class=\"elementor-container elementor-column-gap-default\">\n\t\t\t\t\t\t\t<div class=\"elementor-row\">\n\t\t\t\t\t<div class=\"elementor-column elementor-col-100 elementor-top-column elementor-element elementor-element-9291a86\" data-id=\"9291a86\" data-element_type=\"column\">\n\t\t\t<div class=\"elementor-column-wrap elementor-element-populated\">\n\t\t\t\t\t\t\t<div class=\"elementor-widget-wrap\">\n\t\t\t\t\t\t<div class=\"elementor-element elementor-element-9845565 elementor-widget elementor-widget-text-editor\" data-id=\"9845565\" data-element_type=\"widget\" data-widget_type=\"text-editor.default\">\n\t\t\t\t<div class=\"elementor-widget-container\">\n\t\t\t\t\t\t\t\t<div class=\"elementor-text-editor elementor-clearfix\">\n\t\t\t\t<h2>Un cadre structurant pour faire grandir les id\u00e9es<\/h2>\t\t\t\t\t<\/div>\n\t\t\t\t\t\t<\/div>\n\t\t\t\t<\/div>\n\t\t\t\t<div class=\"elementor-element elementor-element-b816320 elementor-widget elementor-widget-text-editor\" data-id=\"b816320\" data-element_type=\"widget\" data-widget_type=\"text-editor.default\">\n\t\t\t\t<div class=\"elementor-widget-container\">\n\t\t\t\t\t\t\t\t<div class=\"elementor-text-editor elementor-clearfix\">\n\t\t\t\t<p>Le Challenge 1\u02b3\u1d49 id\u00e9e vise \u00e0 cr\u00e9er des passerelles entre les \u00e9tudiants porteurs d\u2019id\u00e9es innovantes et les expertises scientifiques des laboratoires associ\u00e9s l\u2019\u00e9tablissement. En facilitant les \u00e9changes avec les laboratoires et les chercheurs, il permet aux projets de se d\u00e9velopper efficacement.<\/p><p>Pour candidater, chaque \u00e9quipe doit int\u00e9grer au moins un \u00e9tudiant de <strong><a href=\"https:\/\/www.grenoble-inp.fr\/\" target=\"_blank\" rel=\"noopener\">Grenoble INP \u2013 UGA<\/a><\/strong>. Le projet propos\u00e9 doit pr\u00e9senter un caract\u00e8re innovant et mobiliser une ou plusieurs technologies en lien avec les comp\u00e9tences de l\u2019institut ou des laboratoires qui lui sont associ\u00e9s. Les candidatures seront \u00e9valu\u00e9es selon plusieurs crit\u00e8res : la qualit\u00e9 du projet, la coh\u00e9sion de l\u2019\u00e9quipe, et les synergies possibles avec les expertises scientifiques identifi\u00e9es.<\/p>\t\t\t\t\t<\/div>\n\t\t\t\t\t\t<\/div>\n\t\t\t\t<\/div>\n\t\t\t\t\t\t<\/div>\n\t\t\t\t\t<\/div>\n\t\t<\/div>\n\t\t\t\t\t\t\t\t<\/div>\n\t\t\t\t\t<\/div>\n\t\t<\/section>\n\t\t\t\t<section class=\"elementor-section elementor-top-section elementor-element elementor-element-7b4ef2f elementor-section-boxed elementor-section-height-default elementor-section-height-default\" data-id=\"7b4ef2f\" data-element_type=\"section\">\n\t\t\t\t\t\t<div class=\"elementor-container elementor-column-gap-default\">\n\t\t\t\t\t\t\t<div class=\"elementor-row\">\n\t\t\t\t\t<div class=\"elementor-column elementor-col-100 elementor-top-column elementor-element elementor-element-7278da0\" data-id=\"7278da0\" data-element_type=\"column\">\n\t\t\t<div class=\"elementor-column-wrap elementor-element-populated\">\n\t\t\t\t\t\t\t<div class=\"elementor-widget-wrap\">\n\t\t\t\t\t\t<div class=\"elementor-element elementor-element-82a6077 elementor-widget elementor-widget-text-editor\" data-id=\"82a6077\" data-element_type=\"widget\" data-widget_type=\"text-editor.default\">\n\t\t\t\t<div class=\"elementor-widget-container\">\n\t\t\t\t\t\t\t\t<div class=\"elementor-text-editor elementor-clearfix\">\n\t\t\t\t<h2>Une bourse \u00e0 la cl\u00e9 pour aller plus loin<\/h2>\t\t\t\t\t<\/div>\n\t\t\t\t\t\t<\/div>\n\t\t\t\t<\/div>\n\t\t\t\t<div class=\"elementor-element elementor-element-0cda01a elementor-widget elementor-widget-text-editor\" data-id=\"0cda01a\" data-element_type=\"widget\" data-widget_type=\"text-editor.default\">\n\t\t\t\t<div class=\"elementor-widget-container\">\n\t\t\t\t\t\t\t\t<div class=\"elementor-text-editor elementor-clearfix\">\n\t\t\t\t<p>\u00c0 l\u2019issue du processus de s\u00e9lection, deux projets laur\u00e9ats seront r\u00e9compens\u00e9s. Chacun recevra une\u00a0<strong>bourse de 2 000 \u20ac<\/strong> pour soutenir la mise en \u0153uvre de son id\u00e9e.<\/p><p><strong>Calendrier :<\/strong><\/p><ul><li><strong>Septembre &#8211; d\u00e9cembre 2025 :<\/strong> ouverture des candidatures (dossier \u00e0 d\u00e9poser)<\/li><li><strong>Janvier 2026 :<\/strong> Instruction des dossiers \u00e9crits et s\u00e9lection des meilleurs projets<\/li><li><strong>Janvier \/ f\u00e9vrier 2026 :<\/strong> Pr\u00e9sentation orale aupr\u00e8s de la Commission Entrepreneuriat de la Fondation<\/li><\/ul>\t\t\t\t\t<\/div>\n\t\t\t\t\t\t<\/div>\n\t\t\t\t<\/div>\n\t\t\t\t\t\t<\/div>\n\t\t\t\t\t<\/div>\n\t\t<\/div>\n\t\t\t\t\t\t\t\t<\/div>\n\t\t\t\t\t<\/div>\n\t\t<\/section>\n\t\t\t\t<section class=\"elementor-section elementor-top-section elementor-element elementor-element-0417743 elementor-section-boxed elementor-section-height-default elementor-section-height-default\" data-id=\"0417743\" data-element_type=\"section\">\n\t\t\t\t\t\t<div class=\"elementor-container elementor-column-gap-default\">\n\t\t\t\t\t\t\t<div class=\"elementor-row\">\n\t\t\t\t\t<div class=\"elementor-column elementor-col-100 elementor-top-column elementor-element elementor-element-f42f0c1\" data-id=\"f42f0c1\" data-element_type=\"column\">\n\t\t\t<div class=\"elementor-column-wrap elementor-element-populated\">\n\t\t\t\t\t\t\t<div class=\"elementor-widget-wrap\">\n\t\t\t\t\t\t<div class=\"elementor-element elementor-element-e85e301 elementor-widget elementor-widget-text-editor\" data-id=\"e85e301\" data-element_type=\"widget\" data-widget_type=\"text-editor.default\">\n\t\t\t\t<div class=\"elementor-widget-container\">\n\t\t\t\t\t\t\t\t<div class=\"elementor-text-editor elementor-clearfix\">\n\t\t\t\t<h2>Candidater<\/h2>\t\t\t\t\t<\/div>\n\t\t\t\t\t\t<\/div>\n\t\t\t\t<\/div>\n\t\t\t\t<div class=\"elementor-element elementor-element-282817d elementor-widget elementor-widget-text-editor\" data-id=\"282817d\" data-element_type=\"widget\" data-widget_type=\"text-editor.default\">\n\t\t\t\t<div class=\"elementor-widget-container\">\n\t\t\t\t\t\t\t\t<div class=\"elementor-text-editor elementor-clearfix\">\n\t\t\t\t<p>Vous souhaitez explorer des pistes technologiques innovantes et donner une nouvelle dimension \u00e0 votre id\u00e9e entrepreneuriale ?<\/p><p>Le Challenge 1\u02b3\u1d49 id\u00e9e vous offrira un cadre structurant, un accompagnement scientifique, et un potentiel soutien financier pour transformer votre id\u00e9e en solution concr\u00e8te.<\/p><p>Candidatez d\u00e8s maintenant sur le lien suivant pour donner vie \u00e0 vos id\u00e9es !<\/p>\t\t\t\t\t<\/div>\n\t\t\t\t\t\t<\/div>\n\t\t\t\t<\/div>\n\t\t\t\t<div class=\"elementor-element elementor-element-4363ec8 elementor-align-center elementor-widget elementor-widget-button\" data-id=\"4363ec8\" data-element_type=\"widget\" data-widget_type=\"button.default\">\n\t\t\t\t<div class=\"elementor-widget-container\">\n\t\t\t\t\t<div class=\"elementor-button-wrapper\">\n\t\t\t<a href=\"https:\/\/applicationform.grenoble-inp.fr\/FSA2\/799\/\" target=\"_blank\" class=\"elementor-button-link elementor-button elementor-size-sm elementor-animation-grow\" role=\"button\">\n\t\t\t\t\t\t<span class=\"elementor-button-content-wrapper\">\n\t\t\t\t\t\t<span class=\"elementor-button-text\">D\u00e9poser votre dossier<\/span>\n\t\t<\/span>\n\t\t\t\t\t<\/a>\n\t\t<\/div>\n\t\t\t\t<\/div>\n\t\t\t\t<\/div>\n\t\t\t\t\t\t<\/div>\n\t\t\t\t\t<\/div>\n\t\t<\/div>\n\t\t\t\t\t\t\t\t<\/div>\n\t\t\t\t\t<\/div>\n\t\t<\/section>\n\t\t\t\t<section class=\"elementor-section elementor-top-section elementor-element elementor-element-781a92c elementor-section-boxed elementor-section-height-default elementor-section-height-default\" data-id=\"781a92c\" data-element_type=\"section\">\n\t\t\t\t\t\t<div class=\"elementor-container elementor-column-gap-default\">\n\t\t\t\t\t\t\t<div class=\"elementor-row\">\n\t\t\t\t\t<div class=\"elementor-column elementor-col-100 elementor-top-column elementor-element elementor-element-aa00d19\" data-id=\"aa00d19\" data-element_type=\"column\">\n\t\t\t<div class=\"elementor-column-wrap elementor-element-populated\">\n\t\t\t\t\t\t\t<div class=\"elementor-widget-wrap\">\n\t\t\t\t\t\t<div class=\"elementor-element elementor-element-84be5d8 elementor-widget elementor-widget-text-editor\" data-id=\"84be5d8\" data-element_type=\"widget\" data-widget_type=\"text-editor.default\">\n\t\t\t\t<div class=\"elementor-widget-container\">\n\t\t\t\t\t\t\t\t<div class=\"elementor-text-editor elementor-clearfix\">\n\t\t\t\t<h2>T\u00e9moignages<\/h2><p><b>\u00a9<a href=\"https:\/\/www.artistedeveloppement.com\/\" target=\"_blank\" rel=\"noopener\"> Artiste Developpement<\/a><\/b><\/p>\t\t\t\t\t<\/div>\n\t\t\t\t\t\t<\/div>\n\t\t\t\t<\/div>\n\t\t\t\t\t\t<\/div>\n\t\t\t\t\t<\/div>\n\t\t<\/div>\n\t\t\t\t\t\t\t\t<\/div>\n\t\t\t\t\t<\/div>\n\t\t<\/section>\n\t\t\t\t<section class=\"elementor-section elementor-top-section elementor-element elementor-element-94e8612 elementor-section-boxed elementor-section-height-default elementor-section-height-default\" data-id=\"94e8612\" data-element_type=\"section\">\n\t\t\t\t\t\t<div class=\"elementor-container elementor-column-gap-default\">\n\t\t\t\t\t\t\t<div class=\"elementor-row\">\n\t\t\t\t\t<div class=\"elementor-column elementor-col-50 elementor-top-column elementor-element elementor-element-6c0a3d7\" data-id=\"6c0a3d7\" data-element_type=\"column\">\n\t\t\t<div class=\"elementor-column-wrap elementor-element-populated\">\n\t\t\t\t\t\t\t<div class=\"elementor-widget-wrap\">\n\t\t\t\t\t\t<div class=\"elementor-element elementor-element-06d3f72 elementor-widget elementor-widget-text-editor\" data-id=\"06d3f72\" data-element_type=\"widget\" data-widget_type=\"text-editor.default\">\n\t\t\t\t<div class=\"elementor-widget-container\">\n\t\t\t\t\t\t\t\t<div class=\"elementor-text-editor elementor-clearfix\">\n\t\t\t\t<p><strong>Benoit Giroud, Directeur de la Fondation Grenoble INP<br \/>_<\/strong><\/p>\t\t\t\t\t<\/div>\n\t\t\t\t\t\t<\/div>\n\t\t\t\t<\/div>\n\t\t\t\t<div class=\"elementor-element elementor-element-d4d7604 dce_masking-none elementor-aspect-ratio-169 elementor-widget elementor-widget-video\" data-id=\"d4d7604\" data-element_type=\"widget\" data-settings=\"{&quot;youtube_url&quot;:&quot;https:\\\/\\\/www.youtube.com\\\/watch?v=GWrVhzIFJyQ&amp;list=PLrNB1sZV7ngNR4EIpmp_3zJX-ddSq-n_I&amp;index=20&quot;,&quot;video_type&quot;:&quot;youtube&quot;,&quot;controls&quot;:&quot;yes&quot;,&quot;aspect_ratio&quot;:&quot;169&quot;}\" data-widget_type=\"video.default\">\n\t\t\t\t<div class=\"elementor-widget-container\">\n\t\t\t\t\t<div class=\"elementor-wrapper elementor-fit-aspect-ratio elementor-open-inline\">\n\t\t\t<div class=\"elementor-video\"><\/div>\t\t<\/div>\n\t\t\t\t<\/div>\n\t\t\t\t<\/div>\n\t\t\t\t\t\t<\/div>\n\t\t\t\t\t<\/div>\n\t\t<\/div>\n\t\t\t\t<div class=\"elementor-column elementor-col-50 elementor-top-column elementor-element elementor-element-7deb09b\" data-id=\"7deb09b\" data-element_type=\"column\">\n\t\t\t<div class=\"elementor-column-wrap elementor-element-populated\">\n\t\t\t\t\t\t\t<div class=\"elementor-widget-wrap\">\n\t\t\t\t\t\t<div class=\"elementor-element elementor-element-5ac7bf2 elementor-widget elementor-widget-text-editor\" data-id=\"5ac7bf2\" data-element_type=\"widget\" data-widget_type=\"text-editor.default\">\n\t\t\t\t<div class=\"elementor-widget-container\">\n\t\t\t\t\t\t\t\t<div class=\"elementor-text-editor elementor-clearfix\">\n\t\t\t\t<p><strong>Maxime Vinot, Charg\u00e9 d\u2019accompagnement de projets au sein d&rsquo;InoPulse<\/strong><\/p>\t\t\t\t\t<\/div>\n\t\t\t\t\t\t<\/div>\n\t\t\t\t<\/div>\n\t\t\t\t<div class=\"elementor-element elementor-element-26514a8 dce_masking-none elementor-aspect-ratio-169 elementor-widget elementor-widget-video\" data-id=\"26514a8\" data-element_type=\"widget\" data-settings=\"{&quot;youtube_url&quot;:&quot;https:\\\/\\\/www.youtube.com\\\/watch?v=Bf3e219SSYg&amp;list=PLrNB1sZV7ngNR4EIpmp_3zJX-ddSq-n_I&amp;index=15&quot;,&quot;video_type&quot;:&quot;youtube&quot;,&quot;controls&quot;:&quot;yes&quot;,&quot;aspect_ratio&quot;:&quot;169&quot;}\" data-widget_type=\"video.default\">\n\t\t\t\t<div class=\"elementor-widget-container\">\n\t\t\t\t\t<div class=\"elementor-wrapper elementor-fit-aspect-ratio elementor-open-inline\">\n\t\t\t<div class=\"elementor-video\"><\/div>\t\t<\/div>\n\t\t\t\t<\/div>\n\t\t\t\t<\/div>\n\t\t\t\t\t\t<\/div>\n\t\t\t\t\t<\/div>\n\t\t<\/div>\n\t\t\t\t\t\t\t\t<\/div>\n\t\t\t\t\t<\/div>\n\t\t<\/section>\n\t\t\t\t\t\t<\/div>\n\t\t\t\t\t\t<\/div>\n\t\t\t\t\t<\/div>","protected":false},"excerpt":{"rendered":"<p>La Fondation a lanc\u00e9 le Challenge 1\u02b3\u1d49 id\u00e9e, un dispositif pour accompagner les projets entrepreneuriaux des \u00e9tudiants de Grenoble INP.<\/p>","protected":false},"author":7,"featured_media":21734,"comment_status":"closed","ping_status":"open","sticky":false,"template":"","format":"standard","meta":[],"categories":[477],"tags":[],"acf":[],"yoast_head":"<!-- This site is optimized with the Yoast SEO plugin v18.0 - https:\/\/yoast.com\/wordpress\/plugins\/seo\/ -->\n<title>Challenge 1\u02b3\u1d49 id\u00e9e : d\u00e9veloppez votre id\u00e9e gr\u00e2ce aux laboratoires associ\u00e9s \u00e0 Grenoble INP - UGA ! - Fondation Grenoble INP<\/title>\n<meta name=\"description\" content=\"La Fondation a lanc\u00e9 le Challenge 1\u02b3\u1d49 id\u00e9e, un dispositif pour accompagner les projets entrepreneuriaux des \u00e9tudiants de Grenoble INP.\" \/>\n<meta name=\"robots\" content=\"index, follow, max-snippet:-1, max-image-preview:large, max-video-preview:-1\" \/>\n<link rel=\"canonical\" href=\"https:\/\/fondation-grenoble-inp.fr\/en\/challenge-1\u02b3\u1d49-idee-developpez-votre-idee-grace-aux-laboratoires-associes-a-grenoble-inp-uga\/\" \/>\n<meta property=\"og:locale\" content=\"en_US\" \/>\n<meta property=\"og:type\" content=\"article\" \/>\n<meta property=\"og:title\" content=\"Challenge 1\u02b3\u1d49 id\u00e9e : d\u00e9veloppez votre id\u00e9e gr\u00e2ce aux laboratoires associ\u00e9s \u00e0 Grenoble INP - UGA ! - Fondation Grenoble INP\" \/>\n<meta property=\"og:description\" content=\"La Fondation a lanc\u00e9 le Challenge 1\u02b3\u1d49 id\u00e9e, un dispositif pour accompagner les projets entrepreneuriaux des \u00e9tudiants de Grenoble INP.\" \/>\n<meta property=\"og:url\" content=\"https:\/\/fondation-grenoble-inp.fr\/en\/challenge-1\u02b3\u1d49-idee-developpez-votre-idee-grace-aux-laboratoires-associes-a-grenoble-inp-uga\/\" \/>\n<meta property=\"og:site_name\" content=\"Fondation Grenoble INP\" \/>\n<meta property=\"article:published_time\" content=\"2025-09-25T06:00:00+00:00\" \/>\n<meta property=\"article:modified_time\" content=\"2026-03-17T15:07:43+00:00\" \/>\n<meta property=\"og:image\" content=\"https:\/\/fondation-grenoble-inp.fr\/wp-content\/uploads\/2025\/09\/Formation-etudiants-enseignement-travail-groupe-\u00a9-goodluz-Fotolia-85273655-scaled.jpg\" \/>\n\t<meta property=\"og:image:width\" content=\"2560\" \/>\n\t<meta property=\"og:image:height\" content=\"1611\" \/>\n\t<meta property=\"og:image:type\" content=\"image\/jpeg\" \/>\n<meta name=\"twitter:card\" content=\"summary_large_image\" \/>\n<meta name=\"twitter:label1\" content=\"Written by\" \/>\n\t<meta name=\"twitter:data1\" content=\"Marie Dubreuil\" \/>\n\t<meta name=\"twitter:label2\" content=\"Est. reading time\" \/>\n\t<meta name=\"twitter:data2\" content=\"2 minutes\" \/>\n<script type=\"application\/ld+json\" class=\"yoast-schema-graph\">{\"@context\":\"https:\/\/schema.org\",\"@graph\":[{\"@type\":\"Organization\",\"@id\":\"https:\/\/fondation-grenoble-inp.fr\/#organization\",\"name\":\"Fondation INP Grenoble\",\"url\":\"https:\/\/fondation-grenoble-inp.fr\/\",\"sameAs\":[],\"logo\":{\"@type\":\"ImageObject\",\"@id\":\"https:\/\/fondation-grenoble-inp.fr\/#logo\",\"inLanguage\":\"en-US\",\"url\":\"https:\/\/fondation-grenoble-inp.fr\/wp-content\/uploads\/2021\/03\/cropped-favicon-fondation-inp-grenoble.png\",\"contentUrl\":\"https:\/\/fondation-grenoble-inp.fr\/wp-content\/uploads\/2021\/03\/cropped-favicon-fondation-inp-grenoble.png\",\"width\":512,\"height\":512,\"caption\":\"Fondation INP Grenoble\"},\"image\":{\"@id\":\"https:\/\/fondation-grenoble-inp.fr\/#logo\"}},{\"@type\":\"WebSite\",\"@id\":\"https:\/\/fondation-grenoble-inp.fr\/#website\",\"url\":\"https:\/\/fondation-grenoble-inp.fr\/\",\"name\":\"Fondation Grenoble INP\",\"description\":\"#OsezlAvenir\",\"publisher\":{\"@id\":\"https:\/\/fondation-grenoble-inp.fr\/#organization\"},\"potentialAction\":[{\"@type\":\"SearchAction\",\"target\":{\"@type\":\"EntryPoint\",\"urlTemplate\":\"https:\/\/fondation-grenoble-inp.fr\/?s={search_term_string}\"},\"query-input\":\"required name=search_term_string\"}],\"inLanguage\":\"en-US\"},{\"@type\":\"ImageObject\",\"@id\":\"https:\/\/fondation-grenoble-inp.fr\/challenge-1%ca%b3%e1%b5%89-idee-developpez-votre-idee-grace-aux-laboratoires-associes-a-grenoble-inp-uga\/#primaryimage\",\"inLanguage\":\"en-US\",\"url\":\"https:\/\/fondation-grenoble-inp.fr\/wp-content\/uploads\/2025\/09\/Formation-etudiants-enseignement-travail-groupe-\u00a9-goodluz-Fotolia-85273655-scaled.jpg\",\"contentUrl\":\"https:\/\/fondation-grenoble-inp.fr\/wp-content\/uploads\/2025\/09\/Formation-etudiants-enseignement-travail-groupe-\u00a9-goodluz-Fotolia-85273655-scaled.jpg\",\"width\":\"2560\",\"height\":\"1611\"},{\"@type\":\"WebPage\",\"@id\":\"https:\/\/fondation-grenoble-inp.fr\/challenge-1%ca%b3%e1%b5%89-idee-developpez-votre-idee-grace-aux-laboratoires-associes-a-grenoble-inp-uga\/#webpage\",\"url\":\"https:\/\/fondation-grenoble-inp.fr\/challenge-1%ca%b3%e1%b5%89-idee-developpez-votre-idee-grace-aux-laboratoires-associes-a-grenoble-inp-uga\/\",\"name\":\"Challenge 1\u02b3\u1d49 id\u00e9e : d\u00e9veloppez votre id\u00e9e gr\u00e2ce aux laboratoires associ\u00e9s \u00e0 Grenoble INP - UGA ! - Fondation Grenoble INP\",\"isPartOf\":{\"@id\":\"https:\/\/fondation-grenoble-inp.fr\/#website\"},\"primaryImageOfPage\":{\"@id\":\"https:\/\/fondation-grenoble-inp.fr\/challenge-1%ca%b3%e1%b5%89-idee-developpez-votre-idee-grace-aux-laboratoires-associes-a-grenoble-inp-uga\/#primaryimage\"},\"datePublished\":\"2025-09-25T06:00:00+00:00\",\"dateModified\":\"2026-03-17T15:07:43+00:00\",\"description\":\"La Fondation a lanc\u00e9 le Challenge 1\u02b3\u1d49 id\u00e9e, un dispositif pour accompagner les projets entrepreneuriaux des \u00e9tudiants de Grenoble INP.\",\"breadcrumb\":{\"@id\":\"https:\/\/fondation-grenoble-inp.fr\/challenge-1%ca%b3%e1%b5%89-idee-developpez-votre-idee-grace-aux-laboratoires-associes-a-grenoble-inp-uga\/#breadcrumb\"},\"inLanguage\":\"en-US\",\"potentialAction\":[{\"@type\":\"ReadAction\",\"target\":[\"https:\/\/fondation-grenoble-inp.fr\/challenge-1%ca%b3%e1%b5%89-idee-developpez-votre-idee-grace-aux-laboratoires-associes-a-grenoble-inp-uga\/\"]}]},{\"@type\":\"BreadcrumbList\",\"@id\":\"https:\/\/fondation-grenoble-inp.fr\/challenge-1%ca%b3%e1%b5%89-idee-developpez-votre-idee-grace-aux-laboratoires-associes-a-grenoble-inp-uga\/#breadcrumb\",\"itemListElement\":[{\"@type\":\"ListItem\",\"position\":1,\"name\":\"Accueil\",\"item\":\"https:\/\/fondation-grenoble-inp.fr\/\"},{\"@type\":\"ListItem\",\"position\":2,\"name\":\"Challenge 1\u02b3\u1d49 id\u00e9e : d\u00e9veloppez votre id\u00e9e gr\u00e2ce aux laboratoires associ\u00e9s \u00e0 Grenoble INP &#8211; UGA !\"}]},{\"@type\":\"Article\",\"@id\":\"https:\/\/fondation-grenoble-inp.fr\/challenge-1%ca%b3%e1%b5%89-idee-developpez-votre-idee-grace-aux-laboratoires-associes-a-grenoble-inp-uga\/#article\",\"isPartOf\":{\"@id\":\"https:\/\/fondation-grenoble-inp.fr\/challenge-1%ca%b3%e1%b5%89-idee-developpez-votre-idee-grace-aux-laboratoires-associes-a-grenoble-inp-uga\/#webpage\"},\"author\":{\"@id\":\"https:\/\/fondation-grenoble-inp.fr\/#\/schema\/person\/7c36548ebaddf05ba7a055d161ebff94\"},\"headline\":\"Challenge 1\u02b3\u1d49 id\u00e9e : d\u00e9veloppez votre id\u00e9e gr\u00e2ce aux laboratoires associ\u00e9s \u00e0 Grenoble INP &#8211; UGA !\",\"datePublished\":\"2025-09-25T06:00:00+00:00\",\"dateModified\":\"2026-03-17T15:07:43+00:00\",\"mainEntityOfPage\":{\"@id\":\"https:\/\/fondation-grenoble-inp.fr\/challenge-1%ca%b3%e1%b5%89-idee-developpez-votre-idee-grace-aux-laboratoires-associes-a-grenoble-inp-uga\/#webpage\"},\"wordCount\":405,\"publisher\":{\"@id\":\"https:\/\/fondation-grenoble-inp.fr\/#organization\"},\"image\":{\"@id\":\"https:\/\/fondation-grenoble-inp.fr\/challenge-1%ca%b3%e1%b5%89-idee-developpez-votre-idee-grace-aux-laboratoires-associes-a-grenoble-inp-uga\/#primaryimage\"},\"thumbnailUrl\":\"https:\/\/fondation-grenoble-inp.fr\/wp-content\/uploads\/2025\/09\/Formation-etudiants-enseignement-travail-groupe-\u00a9-goodluz-Fotolia-85273655-scaled.jpg\",\"articleSection\":[\"Les Bourses\"],\"inLanguage\":\"en-US\"},{\"@type\":\"Person\",\"@id\":\"https:\/\/fondation-grenoble-inp.fr\/#\/schema\/person\/7c36548ebaddf05ba7a055d161ebff94\",\"name\":\"Marie Dubreuil\",\"image\":{\"@type\":\"ImageObject\",\"@id\":\"https:\/\/fondation-grenoble-inp.fr\/#personlogo\",\"inLanguage\":\"en-US\",\"url\":\"https:\/\/secure.gravatar.com\/avatar\/358eb0ab274d9479ce7c23b8a3f0a360?s=96&d=mm&r=g\",\"contentUrl\":\"https:\/\/secure.gravatar.com\/avatar\/358eb0ab274d9479ce7c23b8a3f0a360?s=96&d=mm&r=g\",\"caption\":\"Marie Dubreuil\"}}]}<\/script>\n<!-- \/ Yoast SEO plugin. -->","yoast_head_json":{"title":"Challenge 1\u02b3\u1d49 id\u00e9e : d\u00e9veloppez votre id\u00e9e gr\u00e2ce aux laboratoires associ\u00e9s \u00e0 Grenoble INP - UGA ! - Fondation Grenoble INP","description":"La Fondation a lanc\u00e9 le Challenge 1\u02b3\u1d49 id\u00e9e, un dispositif pour accompagner les projets entrepreneuriaux des \u00e9tudiants de Grenoble INP.","robots":{"index":"index","follow":"follow","max-snippet":"max-snippet:-1","max-image-preview":"max-image-preview:large","max-video-preview":"max-video-preview:-1"},"canonical":"https:\/\/fondation-grenoble-inp.fr\/en\/challenge-1\u02b3\u1d49-idee-developpez-votre-idee-grace-aux-laboratoires-associes-a-grenoble-inp-uga\/","og_locale":"en_US","og_type":"article","og_title":"Challenge 1\u02b3\u1d49 id\u00e9e : d\u00e9veloppez votre id\u00e9e gr\u00e2ce aux laboratoires associ\u00e9s \u00e0 Grenoble INP - UGA ! - Fondation Grenoble INP","og_description":"La Fondation a lanc\u00e9 le Challenge 1\u02b3\u1d49 id\u00e9e, un dispositif pour accompagner les projets entrepreneuriaux des \u00e9tudiants de Grenoble INP.","og_url":"https:\/\/fondation-grenoble-inp.fr\/en\/challenge-1\u02b3\u1d49-idee-developpez-votre-idee-grace-aux-laboratoires-associes-a-grenoble-inp-uga\/","og_site_name":"Fondation Grenoble INP","article_published_time":"2025-09-25T06:00:00+00:00","article_modified_time":"2026-03-17T15:07:43+00:00","og_image":[{"width":"2560","height":"1611","url":"https:\/\/fondation-grenoble-inp.fr\/wp-content\/uploads\/2025\/09\/Formation-etudiants-enseignement-travail-groupe-\u00a9-goodluz-Fotolia-85273655-scaled.jpg","type":"image\/jpeg"}],"twitter_card":"summary_large_image","twitter_misc":{"Written by":"Marie Dubreuil","Est. reading time":"2 minutes"},"schema":{"@context":"https:\/\/schema.org","@graph":[{"@type":"Organization","@id":"https:\/\/fondation-grenoble-inp.fr\/#organization","name":"Fondation INP Grenoble","url":"https:\/\/fondation-grenoble-inp.fr\/","sameAs":[],"logo":{"@type":"ImageObject","@id":"https:\/\/fondation-grenoble-inp.fr\/#logo","inLanguage":"en-US","url":"https:\/\/fondation-grenoble-inp.fr\/wp-content\/uploads\/2021\/03\/cropped-favicon-fondation-inp-grenoble.png","contentUrl":"https:\/\/fondation-grenoble-inp.fr\/wp-content\/uploads\/2021\/03\/cropped-favicon-fondation-inp-grenoble.png","width":512,"height":512,"caption":"Fondation INP Grenoble"},"image":{"@id":"https:\/\/fondation-grenoble-inp.fr\/#logo"}},{"@type":"WebSite","@id":"https:\/\/fondation-grenoble-inp.fr\/#website","url":"https:\/\/fondation-grenoble-inp.fr\/","name":"Fondation Grenoble INP","description":"#OsezlAvenir","publisher":{"@id":"https:\/\/fondation-grenoble-inp.fr\/#organization"},"potentialAction":[{"@type":"SearchAction","target":{"@type":"EntryPoint","urlTemplate":"https:\/\/fondation-grenoble-inp.fr\/?s={search_term_string}"},"query-input":"required name=search_term_string"}],"inLanguage":"en-US"},{"@type":"ImageObject","@id":"https:\/\/fondation-grenoble-inp.fr\/challenge-1%ca%b3%e1%b5%89-idee-developpez-votre-idee-grace-aux-laboratoires-associes-a-grenoble-inp-uga\/#primaryimage","inLanguage":"en-US","url":"https:\/\/fondation-grenoble-inp.fr\/wp-content\/uploads\/2025\/09\/Formation-etudiants-enseignement-travail-groupe-\u00a9-goodluz-Fotolia-85273655-scaled.jpg","contentUrl":"https:\/\/fondation-grenoble-inp.fr\/wp-content\/uploads\/2025\/09\/Formation-etudiants-enseignement-travail-groupe-\u00a9-goodluz-Fotolia-85273655-scaled.jpg","width":"2560","height":"1611"},{"@type":"WebPage","@id":"https:\/\/fondation-grenoble-inp.fr\/challenge-1%ca%b3%e1%b5%89-idee-developpez-votre-idee-grace-aux-laboratoires-associes-a-grenoble-inp-uga\/#webpage","url":"https:\/\/fondation-grenoble-inp.fr\/challenge-1%ca%b3%e1%b5%89-idee-developpez-votre-idee-grace-aux-laboratoires-associes-a-grenoble-inp-uga\/","name":"Challenge 1\u02b3\u1d49 id\u00e9e : d\u00e9veloppez votre id\u00e9e gr\u00e2ce aux laboratoires associ\u00e9s \u00e0 Grenoble INP - UGA ! - Fondation Grenoble INP","isPartOf":{"@id":"https:\/\/fondation-grenoble-inp.fr\/#website"},"primaryImageOfPage":{"@id":"https:\/\/fondation-grenoble-inp.fr\/challenge-1%ca%b3%e1%b5%89-idee-developpez-votre-idee-grace-aux-laboratoires-associes-a-grenoble-inp-uga\/#primaryimage"},"datePublished":"2025-09-25T06:00:00+00:00","dateModified":"2026-03-17T15:07:43+00:00","description":"La Fondation a lanc\u00e9 le Challenge 1\u02b3\u1d49 id\u00e9e, un dispositif pour accompagner les projets entrepreneuriaux des \u00e9tudiants de Grenoble INP.","breadcrumb":{"@id":"https:\/\/fondation-grenoble-inp.fr\/challenge-1%ca%b3%e1%b5%89-idee-developpez-votre-idee-grace-aux-laboratoires-associes-a-grenoble-inp-uga\/#breadcrumb"},"inLanguage":"en-US","potentialAction":[{"@type":"ReadAction","target":["https:\/\/fondation-grenoble-inp.fr\/challenge-1%ca%b3%e1%b5%89-idee-developpez-votre-idee-grace-aux-laboratoires-associes-a-grenoble-inp-uga\/"]}]},{"@type":"BreadcrumbList","@id":"https:\/\/fondation-grenoble-inp.fr\/challenge-1%ca%b3%e1%b5%89-idee-developpez-votre-idee-grace-aux-laboratoires-associes-a-grenoble-inp-uga\/#breadcrumb","itemListElement":[{"@type":"ListItem","position":1,"name":"Accueil","item":"https:\/\/fondation-grenoble-inp.fr\/"},{"@type":"ListItem","position":2,"name":"Challenge 1\u02b3\u1d49 id\u00e9e : d\u00e9veloppez votre id\u00e9e gr\u00e2ce aux laboratoires associ\u00e9s \u00e0 Grenoble INP &#8211; UGA !"}]},{"@type":"Article","@id":"https:\/\/fondation-grenoble-inp.fr\/challenge-1%ca%b3%e1%b5%89-idee-developpez-votre-idee-grace-aux-laboratoires-associes-a-grenoble-inp-uga\/#article","isPartOf":{"@id":"https:\/\/fondation-grenoble-inp.fr\/challenge-1%ca%b3%e1%b5%89-idee-developpez-votre-idee-grace-aux-laboratoires-associes-a-grenoble-inp-uga\/#webpage"},"author":{"@id":"https:\/\/fondation-grenoble-inp.fr\/#\/schema\/person\/7c36548ebaddf05ba7a055d161ebff94"},"headline":"Challenge 1\u02b3\u1d49 id\u00e9e : d\u00e9veloppez votre id\u00e9e gr\u00e2ce aux laboratoires associ\u00e9s \u00e0 Grenoble INP &#8211; UGA !","datePublished":"2025-09-25T06:00:00+00:00","dateModified":"2026-03-17T15:07:43+00:00","mainEntityOfPage":{"@id":"https:\/\/fondation-grenoble-inp.fr\/challenge-1%ca%b3%e1%b5%89-idee-developpez-votre-idee-grace-aux-laboratoires-associes-a-grenoble-inp-uga\/#webpage"},"wordCount":405,"publisher":{"@id":"https:\/\/fondation-grenoble-inp.fr\/#organization"},"image":{"@id":"https:\/\/fondation-grenoble-inp.fr\/challenge-1%ca%b3%e1%b5%89-idee-developpez-votre-idee-grace-aux-laboratoires-associes-a-grenoble-inp-uga\/#primaryimage"},"thumbnailUrl":"https:\/\/fondation-grenoble-inp.fr\/wp-content\/uploads\/2025\/09\/Formation-etudiants-enseignement-travail-groupe-\u00a9-goodluz-Fotolia-85273655-scaled.jpg","articleSection":["Les Bourses"],"inLanguage":"en-US"},{"@type":"Person","@id":"https:\/\/fondation-grenoble-inp.fr\/#\/schema\/person\/7c36548ebaddf05ba7a055d161ebff94","name":"Marie Dubreuil","image":{"@type":"ImageObject","@id":"https:\/\/fondation-grenoble-inp.fr\/#personlogo","inLanguage":"en-US","url":"https:\/\/secure.gravatar.com\/avatar\/358eb0ab274d9479ce7c23b8a3f0a360?s=96&d=mm&r=g","contentUrl":"https:\/\/secure.gravatar.com\/avatar\/358eb0ab274d9479ce7c23b8a3f0a360?s=96&d=mm&r=g","caption":"Marie Dubreuil"}}]}},"_links":{"self":[{"href":"https:\/\/fondation-grenoble-inp.fr\/en\/wp-json\/wp\/v2\/posts\/21733"}],"collection":[{"href":"https:\/\/fondation-grenoble-inp.fr\/en\/wp-json\/wp\/v2\/posts"}],"about":[{"href":"https:\/\/fondation-grenoble-inp.fr\/en\/wp-json\/wp\/v2\/types\/post"}],"author":[{"embeddable":true,"href":"https:\/\/fondation-grenoble-inp.fr\/en\/wp-json\/wp\/v2\/users\/7"}],"replies":[{"embeddable":true,"href":"https:\/\/fondation-grenoble-inp.fr\/en\/wp-json\/wp\/v2\/comments?post=21733"}],"version-history":[{"count":35,"href":"https:\/\/fondation-grenoble-inp.fr\/en\/wp-json\/wp\/v2\/posts\/21733\/revisions"}],"predecessor-version":[{"id":23475,"href":"https:\/\/fondation-grenoble-inp.fr\/en\/wp-json\/wp\/v2\/posts\/21733\/revisions\/23475"}],"wp:featuredmedia":[{"embeddable":true,"href":"https:\/\/fondation-grenoble-inp.fr\/en\/wp-json\/wp\/v2\/media\/21734"}],"wp:attachment":[{"href":"https:\/\/fondation-grenoble-inp.fr\/en\/wp-json\/wp\/v2\/media?parent=21733"}],"wp:term":[{"taxonomy":"category","embeddable":true,"href":"https:\/\/fondation-grenoble-inp.fr\/en\/wp-json\/wp\/v2\/categories?post=21733"},{"taxonomy":"post_tag","embeddable":true,"href":"https:\/\/fondation-grenoble-inp.fr\/en\/wp-json\/wp\/v2\/tags?post=21733"}],"curies":[{"name":"wp","href":"https:\/\/api.w.org\/{rel}","templated":true}]}}