{"id":21823,"date":"2025-10-13T18:00:00","date_gmt":"2025-10-13T16:00:00","guid":{"rendered":"https:\/\/fondation-grenoble-inp.fr\/?p=21823"},"modified":"2025-10-16T16:27:52","modified_gmt":"2025-10-16T14:27:52","slug":"un-ete-remarquable-pour-les-sportives-et-sportifs-de-haut-niveau-soutenus-par-la-fondation","status":"publish","type":"post","link":"https:\/\/fondation-grenoble-inp.fr\/en\/un-ete-remarquable-pour-les-sportives-et-sportifs-de-haut-niveau-soutenus-par-la-fondation\/","title":{"rendered":"Un \u00e9t\u00e9 remarquable pour les sportives et sportifs de haut niveau soutenus par la Fondation"},"content":{"rendered":"<div data-elementor-type=\"wp-post\" data-elementor-id=\"21823\" data-post-id=\"21823\" data-obj-id=\"21823\" class=\"elementor elementor-21823 dce-elementor-post-21823\" data-elementor-settings=\"[]\">\n\t\t\t\t\t\t<div class=\"elementor-inner\">\n\t\t\t\t\t\t\t<div class=\"elementor-section-wrap\">\n\t\t\t\t\t\t\t<section class=\"elementor-section elementor-top-section elementor-element elementor-element-bd57843 elementor-section-boxed elementor-section-height-default elementor-section-height-default\" data-id=\"bd57843\" data-element_type=\"section\">\n\t\t\t\t\t\t<div class=\"elementor-container elementor-column-gap-default\">\n\t\t\t\t\t\t\t<div class=\"elementor-row\">\n\t\t\t\t\t<div class=\"elementor-column elementor-col-100 elementor-top-column elementor-element elementor-element-fd8cf7b\" data-id=\"fd8cf7b\" data-element_type=\"column\">\n\t\t\t<div class=\"elementor-column-wrap elementor-element-populated\">\n\t\t\t\t\t\t\t<div class=\"elementor-widget-wrap\">\n\t\t\t\t\t\t<div class=\"elementor-element elementor-element-c8c8887 elementor-widget elementor-widget-text-editor\" data-id=\"c8c8887\" data-element_type=\"widget\" data-widget_type=\"text-editor.default\">\n\t\t\t\t<div class=\"elementor-widget-container\">\n\t\t\t\t\t\t\t\t<div class=\"elementor-text-editor elementor-clearfix\">\n\t\t\t\t<p><strong>Gr\u00e2ce \u00e0 la <a href=\"https:\/\/fondation-grenoble-inp.fr\/en\/bourses-dexcellence\/\" target=\"_blank\" rel=\"noopener\">bourse d\u2019excellence<\/a>, la\u00a0<a href=\"https:\/\/fondation-grenoble-inp.fr\/en\/\" target=\"_blank\" rel=\"noopener\">Grenoble INP Foundation<\/a> accompagne les sportives et sportifs de haut niveau de <a href=\"https:\/\/www.grenoble-inp.fr\/\" target=\"_blank\" rel=\"noopener\">Grenoble INP \u2013 UGA<\/a> en\u00a0 leur offrant l&rsquo;opportunit\u00e9 de concilier efficacement leurs \u00e9tudes avec leur engagement sportif \u00e0 un niveau de comp\u00e9tition \u00e9lev\u00e9. Nous avons le plaisir de partager avec vous leur bilan de saison estivale 2025, ponctu\u00e9e par de belles performances. Sur ces 12 athl\u00e8tes, 9 ont \u00e9t\u00e9 accompagn\u00e9s gr\u00e2ce au m\u00e9c\u00e9nat de la <a href=\"https:\/\/fondationandurand.org\/\" target=\"_blank\" rel=\"noopener\">and the<\/a>.<\/strong><\/p>\t\t\t\t\t<\/div>\n\t\t\t\t\t\t<\/div>\n\t\t\t\t<\/div>\n\t\t\t\t\t\t<\/div>\n\t\t\t\t\t<\/div>\n\t\t<\/div>\n\t\t\t\t\t\t\t\t<\/div>\n\t\t\t\t\t<\/div>\n\t\t<\/section>\n\t\t\t\t<section class=\"elementor-section elementor-top-section elementor-element elementor-element-9a971b5 elementor-section-boxed elementor-section-height-default elementor-section-height-default\" data-id=\"9a971b5\" data-element_type=\"section\">\n\t\t\t\t\t\t<div class=\"elementor-container elementor-column-gap-default\">\n\t\t\t\t\t\t\t<div class=\"elementor-row\">\n\t\t\t\t\t<div class=\"elementor-column elementor-col-100 elementor-top-column elementor-element elementor-element-f1f395b\" data-id=\"f1f395b\" data-element_type=\"column\">\n\t\t\t<div class=\"elementor-column-wrap elementor-element-populated\">\n\t\t\t\t\t\t\t<div class=\"elementor-widget-wrap\">\n\t\t\t\t\t\t<div class=\"elementor-element elementor-element-5bb2f6b elementor-widget elementor-widget-text-editor\" data-id=\"5bb2f6b\" data-element_type=\"widget\" data-widget_type=\"text-editor.default\">\n\t\t\t\t<div class=\"elementor-widget-container\">\n\t\t\t\t\t\t\t\t<div class=\"elementor-text-editor elementor-clearfix\">\n\t\t\t\t<h3>Bourses d\u2019excellence \u2013 Sportif de haut niveau\u00a0<\/h3>\t\t\t\t\t<\/div>\n\t\t\t\t\t\t<\/div>\n\t\t\t\t<\/div>\n\t\t\t\t<div class=\"elementor-element elementor-element-a59ed65 elementor-widget elementor-widget-spacer\" data-id=\"a59ed65\" data-element_type=\"widget\" data-widget_type=\"spacer.default\">\n\t\t\t\t<div class=\"elementor-widget-container\">\n\t\t\t\t\t<div class=\"elementor-spacer\">\n\t\t\t<div class=\"elementor-spacer-inner\"><\/div>\n\t\t<\/div>\n\t\t\t\t<\/div>\n\t\t\t\t<\/div>\n\t\t\t\t<div class=\"elementor-element elementor-element-71e4693 elementor-widget elementor-widget-text-editor\" data-id=\"71e4693\" data-element_type=\"widget\" data-widget_type=\"text-editor.default\">\n\t\t\t\t<div class=\"elementor-widget-container\">\n\t\t\t\t\t\t\t\t<div class=\"elementor-text-editor elementor-clearfix\">\n\t\t\t\t<h2>Sophia Douglas (escalade)<\/h2>\t\t\t\t\t<\/div>\n\t\t\t\t\t\t<\/div>\n\t\t\t\t<\/div>\n\t\t\t\t<div class=\"elementor-element elementor-element-79b6066 elementor-widget elementor-widget-text-editor\" data-id=\"79b6066\" data-element_type=\"widget\" data-widget_type=\"text-editor.default\">\n\t\t\t\t<div class=\"elementor-widget-container\">\n\t\t\t\t\t\t\t\t<div class=\"elementor-text-editor elementor-clearfix\">\n\t\t\t\t<p>\u00c9tudiante \u00e0 <strong><a href=\"https:\/\/www.groupe-inp.fr\/la-prepa-des-inp\" target=\"_blank\" rel=\"noopener\" data-wplink-edit=\"true\">La Pr\u00e9pa des INP<\/a><\/strong>, <a href=\"https:\/\/www.linkedin.com\/in\/sophiadouglas789\/\" target=\"_blank\" rel=\"noopener\"><strong>Sophia<\/strong><\/a> a d\u00e9couvert l\u2019escalade \u00e0 l\u2019\u00e2ge de 8 ans. Elle a d\u2019abord pratiqu\u00e9 en loisir dans les calanques de Marseille, avant de se lancer dans la comp\u00e9tition. En 2021, elle a int\u00e9gr\u00e9 l\u2019\u00e9quipe de France Jeune dans les trois disciplines de l\u2019escalade : la vitesse, la difficult\u00e9 et le bloc.\u00a0<\/p>\t\t\t\t\t<\/div>\n\t\t\t\t\t\t<\/div>\n\t\t\t\t<\/div>\n\t\t\t\t\t\t<\/div>\n\t\t\t\t\t<\/div>\n\t\t<\/div>\n\t\t\t\t\t\t\t\t<\/div>\n\t\t\t\t\t<\/div>\n\t\t<\/section>\n\t\t\t\t<section class=\"elementor-section elementor-top-section elementor-element elementor-element-3cca258 elementor-section-boxed elementor-section-height-default elementor-section-height-default\" data-id=\"3cca258\" data-element_type=\"section\">\n\t\t\t\t\t\t<div class=\"elementor-container elementor-column-gap-default\">\n\t\t\t\t\t\t\t<div class=\"elementor-row\">\n\t\t\t\t\t<div class=\"elementor-column elementor-col-33 elementor-top-column elementor-element elementor-element-21d668e\" data-id=\"21d668e\" data-element_type=\"column\">\n\t\t\t<div class=\"elementor-column-wrap elementor-element-populated\">\n\t\t\t\t\t\t\t<div class=\"elementor-widget-wrap\">\n\t\t\t\t\t\t<div class=\"elementor-element elementor-element-9b3ed55 dce_masking-none elementor-widget elementor-widget-image\" data-id=\"9b3ed55\" data-element_type=\"widget\" data-widget_type=\"image.default\">\n\t\t\t\t<div class=\"elementor-widget-container\">\n\t\t\t\t\t\t\t\t<div class=\"elementor-image\">\n\t\t\t\t\t\t\t\t\t\t\t\t<img width=\"724\" height=\"724\" src=\"https:\/\/fondation-grenoble-inp.fr\/wp-content\/uploads\/2025\/10\/Douglas-Sophia.jpg\" class=\"attachment-large size-large\" alt=\"\" loading=\"lazy\" srcset=\"https:\/\/fondation-grenoble-inp.fr\/wp-content\/uploads\/2025\/10\/Douglas-Sophia.jpg 724w, https:\/\/fondation-grenoble-inp.fr\/wp-content\/uploads\/2025\/10\/Douglas-Sophia-300x300.jpg 300w, https:\/\/fondation-grenoble-inp.fr\/wp-content\/uploads\/2025\/10\/Douglas-Sophia-150x150.jpg 150w, https:\/\/fondation-grenoble-inp.fr\/wp-content\/uploads\/2025\/10\/Douglas-Sophia-12x12.jpg 12w\" sizes=\"(max-width: 724px) 100vw, 724px\" \/>\t\t\t\t\t\t\t\t\t\t\t\t\t\t<\/div>\n\t\t\t\t\t\t<\/div>\n\t\t\t\t<\/div>\n\t\t\t\t\t\t<\/div>\n\t\t\t\t\t<\/div>\n\t\t<\/div>\n\t\t\t\t<div class=\"elementor-column elementor-col-66 elementor-top-column elementor-element elementor-element-3eae24e\" data-id=\"3eae24e\" data-element_type=\"column\">\n\t\t\t<div class=\"elementor-column-wrap elementor-element-populated\">\n\t\t\t\t\t\t\t<div class=\"elementor-widget-wrap\">\n\t\t\t\t\t\t<div class=\"elementor-element elementor-element-c1394e7 elementor-widget elementor-widget-text-editor\" data-id=\"c1394e7\" data-element_type=\"widget\" data-widget_type=\"text-editor.default\">\n\t\t\t\t<div class=\"elementor-widget-container\">\n\t\t\t\t\t\t\t\t<div class=\"elementor-text-editor elementor-clearfix\">\n\t\t\t\t<p><strong>Ses principaux r\u00e9sultats :<\/strong><\/p><p>\u2022 Coupe d\u2019Europe de difficult\u00e9 &#8211; 2e U18<\/p><p>\u2022 Championnat d\u2019Europe &#8211; 20e U18<\/p><p>\u2022 Coupe de France bloc Valence &#8211; 4e U20<\/p><p>\u2022 Demies-France de bloc &#8211; 1e U20<\/p><p>\u2022 S\u00e9lectif \u00e9quipe de France diff &#8211; 7e U20<\/p>\t\t\t\t\t<\/div>\n\t\t\t\t\t\t<\/div>\n\t\t\t\t<\/div>\n\t\t\t\t\t\t<\/div>\n\t\t\t\t\t<\/div>\n\t\t<\/div>\n\t\t\t\t\t\t\t\t<\/div>\n\t\t\t\t\t<\/div>\n\t\t<\/section>\n\t\t\t\t<section class=\"elementor-section elementor-top-section elementor-element elementor-element-f459454 elementor-section-boxed elementor-section-height-default elementor-section-height-default\" data-id=\"f459454\" data-element_type=\"section\">\n\t\t\t\t\t\t<div class=\"elementor-container elementor-column-gap-default\">\n\t\t\t\t\t\t\t<div class=\"elementor-row\">\n\t\t\t\t\t<div class=\"elementor-column elementor-col-100 elementor-top-column elementor-element elementor-element-6a00b36\" data-id=\"6a00b36\" data-element_type=\"column\">\n\t\t\t<div class=\"elementor-column-wrap elementor-element-populated\">\n\t\t\t\t\t\t\t<div class=\"elementor-widget-wrap\">\n\t\t\t\t\t\t<div class=\"elementor-element elementor-element-ff6b8f8 elementor-widget elementor-widget-text-editor\" data-id=\"ff6b8f8\" data-element_type=\"widget\" data-widget_type=\"text-editor.default\">\n\t\t\t\t<div class=\"elementor-widget-container\">\n\t\t\t\t\t\t\t\t<div class=\"elementor-text-editor elementor-clearfix\">\n\t\t\t\t<p><em>\u00ab Derni\u00e8re saison en cat\u00e9gorie jeune, marqu\u00e9e par des hauts et des bas, mais aussi par l\u2019envie affirm\u00e9e de performer en senior. \u00bb<\/em><\/p>\t\t\t\t\t<\/div>\n\t\t\t\t\t\t<\/div>\n\t\t\t\t<\/div>\n\t\t\t\t\t\t<\/div>\n\t\t\t\t\t<\/div>\n\t\t<\/div>\n\t\t\t\t\t\t\t\t<\/div>\n\t\t\t\t\t<\/div>\n\t\t<\/section>\n\t\t\t\t<section class=\"elementor-section elementor-top-section elementor-element elementor-element-2987aed elementor-section-boxed elementor-section-height-default elementor-section-height-default\" data-id=\"2987aed\" data-element_type=\"section\">\n\t\t\t\t\t\t<div class=\"elementor-container elementor-column-gap-default\">\n\t\t\t\t\t\t\t<div class=\"elementor-row\">\n\t\t\t\t\t<div class=\"elementor-column elementor-col-100 elementor-top-column elementor-element elementor-element-4887944\" data-id=\"4887944\" data-element_type=\"column\">\n\t\t\t<div class=\"elementor-column-wrap elementor-element-populated\">\n\t\t\t\t\t\t\t<div class=\"elementor-widget-wrap\">\n\t\t\t\t\t\t<div class=\"elementor-element elementor-element-f95e186 elementor-widget elementor-widget-text-editor\" data-id=\"f95e186\" data-element_type=\"widget\" data-widget_type=\"text-editor.default\">\n\t\t\t\t<div class=\"elementor-widget-container\">\n\t\t\t\t\t\t\t\t<div class=\"elementor-text-editor elementor-clearfix\">\n\t\t\t\t<h2>Paul Jenft (escalade)<\/h2>\t\t\t\t\t<\/div>\n\t\t\t\t\t\t<\/div>\n\t\t\t\t<\/div>\n\t\t\t\t<div class=\"elementor-element elementor-element-0e3f7bf elementor-widget elementor-widget-text-editor\" data-id=\"0e3f7bf\" data-element_type=\"widget\" data-widget_type=\"text-editor.default\">\n\t\t\t\t<div class=\"elementor-widget-container\">\n\t\t\t\t\t\t\t\t<div class=\"elementor-text-editor elementor-clearfix\">\n\t\t\t\t<p>\u00c9tudiant \u00e0 <strong><a href=\"https:\/\/ense3.grenoble-inp.fr\/\" target=\"_blank\" rel=\"noopener\">Grenoble INP &#8211; Ense\u00b3, UGA<\/a><\/strong>, <strong><a href=\"https:\/\/www.linkedin.com\/in\/paul-jenft-504659302\/\" target=\"_blank\" rel=\"noopener\">Paul<\/a> <\/strong>a int\u00e9gr\u00e9 l\u2019\u00e9quipe de France Jeune d&rsquo;escalade \u00e0 l&rsquo;age de 15 ans. Son parcours est jalonn\u00e9 de moments marquants, dont son premier podium en Coupe du Monde en 2023 et sa finale aux Jeux Olympiques de Paris en 2024.<\/p>\t\t\t\t\t<\/div>\n\t\t\t\t\t\t<\/div>\n\t\t\t\t<\/div>\n\t\t\t\t\t\t<\/div>\n\t\t\t\t\t<\/div>\n\t\t<\/div>\n\t\t\t\t\t\t\t\t<\/div>\n\t\t\t\t\t<\/div>\n\t\t<\/section>\n\t\t\t\t<section class=\"elementor-section elementor-top-section elementor-element elementor-element-b0b144d elementor-section-boxed elementor-section-height-default elementor-section-height-default\" data-id=\"b0b144d\" data-element_type=\"section\">\n\t\t\t\t\t\t<div class=\"elementor-container elementor-column-gap-default\">\n\t\t\t\t\t\t\t<div class=\"elementor-row\">\n\t\t\t\t\t<div class=\"elementor-column elementor-col-66 elementor-top-column elementor-element elementor-element-ff7cf5e\" data-id=\"ff7cf5e\" data-element_type=\"column\">\n\t\t\t<div class=\"elementor-column-wrap elementor-element-populated\">\n\t\t\t\t\t\t\t<div class=\"elementor-widget-wrap\">\n\t\t\t\t\t\t<div class=\"elementor-element elementor-element-15c5acf elementor-widget elementor-widget-text-editor\" data-id=\"15c5acf\" data-element_type=\"widget\" data-widget_type=\"text-editor.default\">\n\t\t\t\t<div class=\"elementor-widget-container\">\n\t\t\t\t\t\t\t\t<div class=\"elementor-text-editor elementor-clearfix\">\n\t\t\t\t<p><strong>Ses principaux r\u00e9sultats :<\/strong><\/p><p>\u2022 2e aux championnats de France de bloc 2025<\/p><p>\u2022 7e \u00e0 la coupe du monde de bloc de Keqiao (finale)<\/p><p>\u2022 7e \u00e0 la coupe du monde de bloc de Curitiba (finale)<\/p><p>\u2022 14e\u00a0\u00e0 la coupe du monde de bloc de Salt Lake City \u00a0<\/p><p>\u2022 6e \u00e0 la coupe du monde de bloc de Bern (finale)<\/p><p>\u2022 12 \u00e0 la coupe du monde de bloc d&rsquo;Innsbruck\u00a0<\/p>\t\t\t\t\t<\/div>\n\t\t\t\t\t\t<\/div>\n\t\t\t\t<\/div>\n\t\t\t\t\t\t<\/div>\n\t\t\t\t\t<\/div>\n\t\t<\/div>\n\t\t\t\t<div class=\"elementor-column elementor-col-33 elementor-top-column elementor-element elementor-element-6d235e9\" data-id=\"6d235e9\" data-element_type=\"column\">\n\t\t\t<div class=\"elementor-column-wrap elementor-element-populated\">\n\t\t\t\t\t\t\t<div class=\"elementor-widget-wrap\">\n\t\t\t\t\t\t<div class=\"elementor-element elementor-element-05edb96 dce_masking-none elementor-widget elementor-widget-image\" data-id=\"05edb96\" data-element_type=\"widget\" data-widget_type=\"image.default\">\n\t\t\t\t<div class=\"elementor-widget-container\">\n\t\t\t\t\t\t\t\t<div class=\"elementor-image\">\n\t\t\t\t\t\t\t\t\t\t\t\t<img src=\"https:\/\/fondation-grenoble-inp.fr\/wp-content\/uploads\/2025\/03\/Paul-Jenft-Copie.png\" title=\"\" alt=\"\" \/>\t\t\t\t\t\t\t\t\t\t\t\t\t\t<\/div>\n\t\t\t\t\t\t<\/div>\n\t\t\t\t<\/div>\n\t\t\t\t\t\t<\/div>\n\t\t\t\t\t<\/div>\n\t\t<\/div>\n\t\t\t\t\t\t\t\t<\/div>\n\t\t\t\t\t<\/div>\n\t\t<\/section>\n\t\t\t\t<section class=\"elementor-section elementor-top-section elementor-element elementor-element-209b410 elementor-section-boxed elementor-section-height-default elementor-section-height-default\" data-id=\"209b410\" data-element_type=\"section\">\n\t\t\t\t\t\t<div class=\"elementor-container elementor-column-gap-default\">\n\t\t\t\t\t\t\t<div class=\"elementor-row\">\n\t\t\t\t\t<div class=\"elementor-column elementor-col-100 elementor-top-column elementor-element elementor-element-ac2c675\" data-id=\"ac2c675\" data-element_type=\"column\">\n\t\t\t<div class=\"elementor-column-wrap elementor-element-populated\">\n\t\t\t\t\t\t\t<div class=\"elementor-widget-wrap\">\n\t\t\t\t\t\t<div class=\"elementor-element elementor-element-9a5c0d0 elementor-widget elementor-widget-text-editor\" data-id=\"9a5c0d0\" data-element_type=\"widget\" data-widget_type=\"text-editor.default\">\n\t\t\t\t<div class=\"elementor-widget-container\">\n\t\t\t\t\t\t\t\t<div class=\"elementor-text-editor elementor-clearfix\">\n\t\t\t\t<p><em>\u00ab\u00a0Une saison solide en bloc avec une r\u00e9gularit\u00e9 dans le top 10 mondial et une belle entr\u00e9e \u00e0 Grenoble INP \u2013 Ense\u00b3, UGA.\u00a0\u00bb<\/em><\/p>\t\t\t\t\t<\/div>\n\t\t\t\t\t\t<\/div>\n\t\t\t\t<\/div>\n\t\t\t\t\t\t<\/div>\n\t\t\t\t\t<\/div>\n\t\t<\/div>\n\t\t\t\t\t\t\t\t<\/div>\n\t\t\t\t\t<\/div>\n\t\t<\/section>\n\t\t\t\t<section class=\"elementor-section elementor-top-section elementor-element elementor-element-15ce496 elementor-section-boxed elementor-section-height-default elementor-section-height-default\" data-id=\"15ce496\" data-element_type=\"section\">\n\t\t\t\t\t\t<div class=\"elementor-container elementor-column-gap-default\">\n\t\t\t\t\t\t\t<div class=\"elementor-row\">\n\t\t\t\t\t<div class=\"elementor-column elementor-col-100 elementor-top-column elementor-element elementor-element-7c3dd84\" data-id=\"7c3dd84\" data-element_type=\"column\">\n\t\t\t<div class=\"elementor-column-wrap elementor-element-populated\">\n\t\t\t\t\t\t\t<div class=\"elementor-widget-wrap\">\n\t\t\t\t\t\t<div class=\"elementor-element elementor-element-4b1ea88 elementor-widget elementor-widget-text-editor\" data-id=\"4b1ea88\" data-element_type=\"widget\" data-widget_type=\"text-editor.default\">\n\t\t\t\t<div class=\"elementor-widget-container\">\n\t\t\t\t\t\t\t\t<div class=\"elementor-text-editor elementor-clearfix\">\n\t\t\t\t<h2>Lucien Tixier (judo)<\/h2>\t\t\t\t\t<\/div>\n\t\t\t\t\t\t<\/div>\n\t\t\t\t<\/div>\n\t\t\t\t<div class=\"elementor-element elementor-element-63c144e elementor-widget elementor-widget-text-editor\" data-id=\"63c144e\" data-element_type=\"widget\" data-widget_type=\"text-editor.default\">\n\t\t\t\t<div class=\"elementor-widget-container\">\n\t\t\t\t\t\t\t\t<div class=\"elementor-text-editor elementor-clearfix\">\n\t\t\t\t<p>\u00c9tudiant \u00e0 <strong><a href=\"https:\/\/www.groupe-inp.fr\/la-prepa-des-inp\" target=\"_blank\" rel=\"noopener\">la Pr\u00e9pa des INP<\/a><\/strong>, <strong><a href=\"https:\/\/www.linkedin.com\/in\/lucien-tixier-1a1689335\/\" target=\"_blank\" rel=\"noopener\">Lucien <\/a><\/strong>a d\u00e9couvert le judo tr\u00e8s jeune, et cette discipline est rapidement devenue une passion. Tr\u00e8s t\u00f4t, il se prend d\u2019int\u00e9r\u00eat pour la comp\u00e9tition et les sensations qu\u2019elle procure. Il a rejoint le P\u00f4le France de Grenoble, avec l\u2019objectif de performer au plus haut niveau.<\/p>\t\t\t\t\t<\/div>\n\t\t\t\t\t\t<\/div>\n\t\t\t\t<\/div>\n\t\t\t\t\t\t<\/div>\n\t\t\t\t\t<\/div>\n\t\t<\/div>\n\t\t\t\t\t\t\t\t<\/div>\n\t\t\t\t\t<\/div>\n\t\t<\/section>\n\t\t\t\t<section class=\"elementor-section elementor-top-section elementor-element elementor-element-a5b7ef2 elementor-section-boxed elementor-section-height-default elementor-section-height-default\" data-id=\"a5b7ef2\" data-element_type=\"section\">\n\t\t\t\t\t\t<div class=\"elementor-container elementor-column-gap-default\">\n\t\t\t\t\t\t\t<div class=\"elementor-row\">\n\t\t\t\t\t<div class=\"elementor-column elementor-col-33 elementor-top-column elementor-element elementor-element-78ab9c5\" data-id=\"78ab9c5\" data-element_type=\"column\">\n\t\t\t<div class=\"elementor-column-wrap elementor-element-populated\">\n\t\t\t\t\t\t\t<div class=\"elementor-widget-wrap\">\n\t\t\t\t\t\t<div class=\"elementor-element elementor-element-62cdc24 dce_masking-none elementor-widget elementor-widget-image\" data-id=\"62cdc24\" data-element_type=\"widget\" data-widget_type=\"image.default\">\n\t\t\t\t<div class=\"elementor-widget-container\">\n\t\t\t\t\t\t\t\t<div class=\"elementor-image\">\n\t\t\t\t\t\t\t\t\t\t\t\t<img width=\"908\" height=\"931\" src=\"https:\/\/fondation-grenoble-inp.fr\/wp-content\/uploads\/2025\/03\/Lucien-Tixier.jpg\" class=\"attachment-large size-large\" alt=\"\" loading=\"lazy\" srcset=\"https:\/\/fondation-grenoble-inp.fr\/wp-content\/uploads\/2025\/03\/Lucien-Tixier.jpg 908w, https:\/\/fondation-grenoble-inp.fr\/wp-content\/uploads\/2025\/03\/Lucien-Tixier-293x300.jpg 293w, https:\/\/fondation-grenoble-inp.fr\/wp-content\/uploads\/2025\/03\/Lucien-Tixier-768x787.jpg 768w, https:\/\/fondation-grenoble-inp.fr\/wp-content\/uploads\/2025\/03\/Lucien-Tixier-12x12.jpg 12w\" sizes=\"(max-width: 908px) 100vw, 908px\" \/>\t\t\t\t\t\t\t\t\t\t\t\t\t\t<\/div>\n\t\t\t\t\t\t<\/div>\n\t\t\t\t<\/div>\n\t\t\t\t\t\t<\/div>\n\t\t\t\t\t<\/div>\n\t\t<\/div>\n\t\t\t\t<div class=\"elementor-column elementor-col-66 elementor-top-column elementor-element elementor-element-7111bbf\" data-id=\"7111bbf\" data-element_type=\"column\">\n\t\t\t<div class=\"elementor-column-wrap elementor-element-populated\">\n\t\t\t\t\t\t\t<div class=\"elementor-widget-wrap\">\n\t\t\t\t\t\t<div class=\"elementor-element elementor-element-61055b9 elementor-widget elementor-widget-text-editor\" data-id=\"61055b9\" data-element_type=\"widget\" data-widget_type=\"text-editor.default\">\n\t\t\t\t<div class=\"elementor-widget-container\">\n\t\t\t\t\t\t\t\t<div class=\"elementor-text-editor elementor-clearfix\">\n\t\t\t\t<p><strong>Ses principaux r\u00e9sultats :<\/strong><\/p><p>\u2022 Vainqueur du label excellence de Poitiers<\/p><p>\u2022\u00a09e du championnat de France junior<\/p><p>\u2022\u00a0Champion AURA senior\u00a0<\/p><p>\u2022\u00a0Qualification au Championnat de France premi\u00e8re division senior\u00a0<\/p>\t\t\t\t\t<\/div>\n\t\t\t\t\t\t<\/div>\n\t\t\t\t<\/div>\n\t\t\t\t\t\t<\/div>\n\t\t\t\t\t<\/div>\n\t\t<\/div>\n\t\t\t\t\t\t\t\t<\/div>\n\t\t\t\t\t<\/div>\n\t\t<\/section>\n\t\t\t\t<section class=\"elementor-section elementor-top-section elementor-element elementor-element-902a5b3 elementor-section-boxed elementor-section-height-default elementor-section-height-default\" data-id=\"902a5b3\" data-element_type=\"section\">\n\t\t\t\t\t\t<div class=\"elementor-container elementor-column-gap-default\">\n\t\t\t\t\t\t\t<div class=\"elementor-row\">\n\t\t\t\t\t<div class=\"elementor-column elementor-col-100 elementor-top-column elementor-element elementor-element-473a5e6\" data-id=\"473a5e6\" data-element_type=\"column\">\n\t\t\t<div class=\"elementor-column-wrap elementor-element-populated\">\n\t\t\t\t\t\t\t<div class=\"elementor-widget-wrap\">\n\t\t\t\t\t\t<div class=\"elementor-element elementor-element-0da7c36 elementor-widget elementor-widget-text-editor\" data-id=\"0da7c36\" data-element_type=\"widget\" data-widget_type=\"text-editor.default\">\n\t\t\t\t<div class=\"elementor-widget-container\">\n\t\t\t\t\t\t\t\t<div class=\"elementor-text-editor elementor-clearfix\">\n\t\t\t\t<p><em>\u00ab\u00a0Malgr\u00e9 les blessures, une 3\u1d49 place nationale en junior et une ann\u00e9e de pr\u00e9pa valid\u00e9e avec exigence et d\u00e9termination.\u00a0\u00bb<\/em><\/p>\t\t\t\t\t<\/div>\n\t\t\t\t\t\t<\/div>\n\t\t\t\t<\/div>\n\t\t\t\t<div class=\"elementor-element elementor-element-6706ea0 elementor-widget elementor-widget-spacer\" data-id=\"6706ea0\" data-element_type=\"widget\" data-widget_type=\"spacer.default\">\n\t\t\t\t<div class=\"elementor-widget-container\">\n\t\t\t\t\t<div class=\"elementor-spacer\">\n\t\t\t<div class=\"elementor-spacer-inner\"><\/div>\n\t\t<\/div>\n\t\t\t\t<\/div>\n\t\t\t\t<\/div>\n\t\t\t\t\t\t<\/div>\n\t\t\t\t\t<\/div>\n\t\t<\/div>\n\t\t\t\t\t\t\t\t<\/div>\n\t\t\t\t\t<\/div>\n\t\t<\/section>\n\t\t\t\t<section class=\"elementor-section elementor-top-section elementor-element elementor-element-4c73c76 elementor-section-boxed elementor-section-height-default elementor-section-height-default\" data-id=\"4c73c76\" data-element_type=\"section\">\n\t\t\t\t\t\t<div class=\"elementor-container elementor-column-gap-default\">\n\t\t\t\t\t\t\t<div class=\"elementor-row\">\n\t\t\t\t\t<div class=\"elementor-column elementor-col-100 elementor-top-column elementor-element elementor-element-5ac26cf\" data-id=\"5ac26cf\" data-element_type=\"column\">\n\t\t\t<div class=\"elementor-column-wrap elementor-element-populated\">\n\t\t\t\t\t\t\t<div class=\"elementor-widget-wrap\">\n\t\t\t\t\t\t<div class=\"elementor-element elementor-element-1888808 elementor-widget elementor-widget-text-editor\" data-id=\"1888808\" data-element_type=\"widget\" data-widget_type=\"text-editor.default\">\n\t\t\t\t<div class=\"elementor-widget-container\">\n\t\t\t\t\t\t\t\t<div class=\"elementor-text-editor elementor-clearfix\">\n\t\t\t\t<h3>Bourses d\u2019excellence \u2013 Exploit sportif (Fondation Andurand)<\/h3>\t\t\t\t\t<\/div>\n\t\t\t\t\t\t<\/div>\n\t\t\t\t<\/div>\n\t\t\t\t\t\t<\/div>\n\t\t\t\t\t<\/div>\n\t\t<\/div>\n\t\t\t\t\t\t\t\t<\/div>\n\t\t\t\t\t<\/div>\n\t\t<\/section>\n\t\t\t\t<section class=\"elementor-section elementor-top-section elementor-element elementor-element-27b3a8c elementor-section-boxed elementor-section-height-default elementor-section-height-default\" data-id=\"27b3a8c\" data-element_type=\"section\">\n\t\t\t\t\t\t<div class=\"elementor-container elementor-column-gap-default\">\n\t\t\t\t\t\t\t<div class=\"elementor-row\">\n\t\t\t\t\t<div class=\"elementor-column elementor-col-100 elementor-top-column elementor-element elementor-element-20f865d\" data-id=\"20f865d\" data-element_type=\"column\">\n\t\t\t<div class=\"elementor-column-wrap\">\n\t\t\t\t\t\t\t<div class=\"elementor-widget-wrap\">\n\t\t\t\t\t\t\t\t<\/div>\n\t\t\t\t\t<\/div>\n\t\t<\/div>\n\t\t\t\t\t\t\t\t<\/div>\n\t\t\t\t\t<\/div>\n\t\t<\/section>\n\t\t\t\t<section class=\"elementor-section elementor-top-section elementor-element elementor-element-764164e elementor-section-boxed elementor-section-height-default elementor-section-height-default\" data-id=\"764164e\" data-element_type=\"section\">\n\t\t\t\t\t\t<div class=\"elementor-container elementor-column-gap-default\">\n\t\t\t\t\t\t\t<div class=\"elementor-row\">\n\t\t\t\t\t<div class=\"elementor-column elementor-col-100 elementor-top-column elementor-element elementor-element-8f35fed\" data-id=\"8f35fed\" data-element_type=\"column\">\n\t\t\t<div class=\"elementor-column-wrap elementor-element-populated\">\n\t\t\t\t\t\t\t<div class=\"elementor-widget-wrap\">\n\t\t\t\t\t\t<div class=\"elementor-element elementor-element-0838bf8 elementor-widget elementor-widget-text-editor\" data-id=\"0838bf8\" data-element_type=\"widget\" data-widget_type=\"text-editor.default\">\n\t\t\t\t<div class=\"elementor-widget-container\">\n\t\t\t\t\t\t\t\t<div class=\"elementor-text-editor elementor-clearfix\">\n\t\t\t\t<h2>Lise Bellet (raid et trail)<\/h2>\t\t\t\t\t<\/div>\n\t\t\t\t\t\t<\/div>\n\t\t\t\t<\/div>\n\t\t\t\t<div class=\"elementor-element elementor-element-2fd254f elementor-widget elementor-widget-text-editor\" data-id=\"2fd254f\" data-element_type=\"widget\" data-widget_type=\"text-editor.default\">\n\t\t\t\t<div class=\"elementor-widget-container\">\n\t\t\t\t\t\t\t\t<div class=\"elementor-text-editor elementor-clearfix\">\n\t\t\t\t<p>\u00c9tudiante \u00e0 <strong><a href=\"https:\/\/ense3.grenoble-inp.fr\/\" target=\"_blank\" rel=\"noopener\">Grenoble INP &#8211; Ense\u00b3, UGA<\/a><\/strong>, <strong><a href=\"https:\/\/www.linkedin.com\/in\/lise-bellet-5592b3291\/\" target=\"_blank\" rel=\"noopener\">Lise<\/a><\/strong> a a d\u00e9but\u00e9 la pratique du raid en 2016 avec l\u2019association sportive de son coll\u00e8ge. Aujourd\u2019hui, elle prend part \u00e0 des comp\u00e9titions nationales de trail et de course d\u2019orientation. En d\u00e9but d\u2019ann\u00e9e 2023, elle a int\u00e9gr\u00e9 le \u00ab Nike Trail Team Espoir \u00bb, une exp\u00e9rience enrichissante qui lui a permis de progresser davantage en trail.<\/p>\t\t\t\t\t<\/div>\n\t\t\t\t\t\t<\/div>\n\t\t\t\t<\/div>\n\t\t\t\t\t\t<\/div>\n\t\t\t\t\t<\/div>\n\t\t<\/div>\n\t\t\t\t\t\t\t\t<\/div>\n\t\t\t\t\t<\/div>\n\t\t<\/section>\n\t\t\t\t<section class=\"elementor-section elementor-top-section elementor-element elementor-element-09e428f elementor-section-boxed elementor-section-height-default elementor-section-height-default\" data-id=\"09e428f\" data-element_type=\"section\">\n\t\t\t\t\t\t<div class=\"elementor-container elementor-column-gap-default\">\n\t\t\t\t\t\t\t<div class=\"elementor-row\">\n\t\t\t\t\t<div class=\"elementor-column elementor-col-66 elementor-top-column elementor-element elementor-element-d9a8cfc\" data-id=\"d9a8cfc\" data-element_type=\"column\">\n\t\t\t<div class=\"elementor-column-wrap elementor-element-populated\">\n\t\t\t\t\t\t\t<div class=\"elementor-widget-wrap\">\n\t\t\t\t\t\t<div class=\"elementor-element elementor-element-2994afc elementor-widget elementor-widget-text-editor\" data-id=\"2994afc\" data-element_type=\"widget\" data-widget_type=\"text-editor.default\">\n\t\t\t\t<div class=\"elementor-widget-container\">\n\t\t\t\t\t\t\t\t<div class=\"elementor-text-editor elementor-clearfix\">\n\t\t\t\t<p><strong>Ses principaux r\u00e9sultats :<\/strong><\/p><p>\u2022 Championnat de France raid senior : 1<sup>\u00e8re<\/sup>\u00a0\u00a0<\/p><p>\u2022 Championnat de France universitaire de raid : 1<sup>\u00e8re<\/sup><\/p><p>\u2022 Championnat de France universitaire de VTT : 2<sup>th<\/sup> en individuel \/ 1<sup>er<\/sup> au relais<\/p>\t\t\t\t\t<\/div>\n\t\t\t\t\t\t<\/div>\n\t\t\t\t<\/div>\n\t\t\t\t\t\t<\/div>\n\t\t\t\t\t<\/div>\n\t\t<\/div>\n\t\t\t\t<div class=\"elementor-column elementor-col-33 elementor-top-column elementor-element elementor-element-e716b05\" data-id=\"e716b05\" data-element_type=\"column\">\n\t\t\t<div class=\"elementor-column-wrap elementor-element-populated\">\n\t\t\t\t\t\t\t<div class=\"elementor-widget-wrap\">\n\t\t\t\t\t\t<div class=\"elementor-element elementor-element-72416e2 dce_masking-none elementor-widget elementor-widget-image\" data-id=\"72416e2\" data-element_type=\"widget\" data-widget_type=\"image.default\">\n\t\t\t\t<div class=\"elementor-widget-container\">\n\t\t\t\t\t\t\t\t<div class=\"elementor-image\">\n\t\t\t\t\t\t\t\t\t\t\t\t<img width=\"1024\" height=\"1024\" src=\"https:\/\/fondation-grenoble-inp.fr\/wp-content\/uploads\/2024\/02\/IMG_1629-Copie-1024x1024.jpg\" class=\"attachment-large size-large\" alt=\"\" loading=\"lazy\" srcset=\"https:\/\/fondation-grenoble-inp.fr\/wp-content\/uploads\/2024\/02\/IMG_1629-Copie-1024x1024.jpg 1024w, https:\/\/fondation-grenoble-inp.fr\/wp-content\/uploads\/2024\/02\/IMG_1629-Copie-300x300.jpg 300w, https:\/\/fondation-grenoble-inp.fr\/wp-content\/uploads\/2024\/02\/IMG_1629-Copie-150x150.jpg 150w, https:\/\/fondation-grenoble-inp.fr\/wp-content\/uploads\/2024\/02\/IMG_1629-Copie-768x767.jpg 768w, https:\/\/fondation-grenoble-inp.fr\/wp-content\/uploads\/2024\/02\/IMG_1629-Copie-1536x1536.jpg 1536w, https:\/\/fondation-grenoble-inp.fr\/wp-content\/uploads\/2024\/02\/IMG_1629-Copie-2048x2046.jpg 2048w, https:\/\/fondation-grenoble-inp.fr\/wp-content\/uploads\/2024\/02\/IMG_1629-Copie-12x12.jpg 12w\" sizes=\"(max-width: 1024px) 100vw, 1024px\" \/>\t\t\t\t\t\t\t\t\t\t\t\t\t\t<\/div>\n\t\t\t\t\t\t<\/div>\n\t\t\t\t<\/div>\n\t\t\t\t\t\t<\/div>\n\t\t\t\t\t<\/div>\n\t\t<\/div>\n\t\t\t\t\t\t\t\t<\/div>\n\t\t\t\t\t<\/div>\n\t\t<\/section>\n\t\t\t\t<section class=\"elementor-section elementor-top-section elementor-element elementor-element-59a0854 elementor-section-boxed elementor-section-height-default elementor-section-height-default\" data-id=\"59a0854\" data-element_type=\"section\">\n\t\t\t\t\t\t<div class=\"elementor-container elementor-column-gap-default\">\n\t\t\t\t\t\t\t<div class=\"elementor-row\">\n\t\t\t\t\t<div class=\"elementor-column elementor-col-100 elementor-top-column elementor-element elementor-element-323d4fc\" data-id=\"323d4fc\" data-element_type=\"column\">\n\t\t\t<div class=\"elementor-column-wrap elementor-element-populated\">\n\t\t\t\t\t\t\t<div class=\"elementor-widget-wrap\">\n\t\t\t\t\t\t<div class=\"elementor-element elementor-element-f64ec5b elementor-widget elementor-widget-text-editor\" data-id=\"f64ec5b\" data-element_type=\"widget\" data-widget_type=\"text-editor.default\">\n\t\t\t\t<div class=\"elementor-widget-container\">\n\t\t\t\t\t\t\t\t<div class=\"elementor-text-editor elementor-clearfix\">\n\t\t\t\t<p><em>\u00ab\u00a0Premi\u00e8re saison en senior r\u00e9ussie, entre comp\u00e9titions exigeantes et \u00e9quilibre avec les \u00e9tudes.\u00a0\u00bb<\/em><\/p>\t\t\t\t\t<\/div>\n\t\t\t\t\t\t<\/div>\n\t\t\t\t<\/div>\n\t\t\t\t\t\t<\/div>\n\t\t\t\t\t<\/div>\n\t\t<\/div>\n\t\t\t\t\t\t\t\t<\/div>\n\t\t\t\t\t<\/div>\n\t\t<\/section>\n\t\t\t\t<section class=\"elementor-section elementor-top-section elementor-element elementor-element-d3b2240 elementor-section-boxed elementor-section-height-default elementor-section-height-default\" data-id=\"d3b2240\" data-element_type=\"section\">\n\t\t\t\t\t\t<div class=\"elementor-container elementor-column-gap-default\">\n\t\t\t\t\t\t\t<div class=\"elementor-row\">\n\t\t\t\t\t<div class=\"elementor-column elementor-col-100 elementor-top-column elementor-element elementor-element-eb5fecb\" data-id=\"eb5fecb\" data-element_type=\"column\">\n\t\t\t<div class=\"elementor-column-wrap elementor-element-populated\">\n\t\t\t\t\t\t\t<div class=\"elementor-widget-wrap\">\n\t\t\t\t\t\t<div class=\"elementor-element elementor-element-2f4f4e2 elementor-widget elementor-widget-text-editor\" data-id=\"2f4f4e2\" data-element_type=\"widget\" data-widget_type=\"text-editor.default\">\n\t\t\t\t<div class=\"elementor-widget-container\">\n\t\t\t\t\t\t\t\t<div class=\"elementor-text-editor elementor-clearfix\">\n\t\t\t\t<h2>Khaled Benbachir (force athl\u00e9tique)<\/h2>\t\t\t\t\t<\/div>\n\t\t\t\t\t\t<\/div>\n\t\t\t\t<\/div>\n\t\t\t\t<div class=\"elementor-element elementor-element-33de642 elementor-widget elementor-widget-text-editor\" data-id=\"33de642\" data-element_type=\"widget\" data-widget_type=\"text-editor.default\">\n\t\t\t\t<div class=\"elementor-widget-container\">\n\t\t\t\t\t\t\t\t<div class=\"elementor-text-editor elementor-clearfix\">\n\t\t\t\t<p>\u00c9tudiant \u00e0 <strong><a href=\"https:\/\/genie-industriel.grenoble-inp.fr\/\" target=\"_blank\" rel=\"noopener\">Grenoble INP \u2013 G\u00e9nie industriel, UGA<\/a><\/strong>, <strong><a href=\"https:\/\/www.linkedin.com\/in\/khaled-benbachir-industrial-optimization\/\" target=\"_blank\" rel=\"noopener\">Khaled<\/a><\/strong> pratique la force athl\u00e9tique depuis 2016. En 2019, il a remport\u00e9 le titre de champion du monde avant de devenir vice-champion d\u2019Europe dans une cat\u00e9gorie sup\u00e9rieure.\u00a0<\/p>\t\t\t\t\t<\/div>\n\t\t\t\t\t\t<\/div>\n\t\t\t\t<\/div>\n\t\t\t\t\t\t<\/div>\n\t\t\t\t\t<\/div>\n\t\t<\/div>\n\t\t\t\t\t\t\t\t<\/div>\n\t\t\t\t\t<\/div>\n\t\t<\/section>\n\t\t\t\t<section class=\"elementor-section elementor-top-section elementor-element elementor-element-019cbe2 elementor-section-boxed elementor-section-height-default elementor-section-height-default\" data-id=\"019cbe2\" data-element_type=\"section\">\n\t\t\t\t\t\t<div class=\"elementor-container elementor-column-gap-default\">\n\t\t\t\t\t\t\t<div class=\"elementor-row\">\n\t\t\t\t\t<div class=\"elementor-column elementor-col-33 elementor-top-column elementor-element elementor-element-da63f47\" data-id=\"da63f47\" data-element_type=\"column\">\n\t\t\t<div class=\"elementor-column-wrap elementor-element-populated\">\n\t\t\t\t\t\t\t<div class=\"elementor-widget-wrap\">\n\t\t\t\t\t\t<div class=\"elementor-element elementor-element-5dd592a dce_masking-none elementor-widget elementor-widget-image\" data-id=\"5dd592a\" data-element_type=\"widget\" data-widget_type=\"image.default\">\n\t\t\t\t<div class=\"elementor-widget-container\">\n\t\t\t\t\t\t\t\t<div class=\"elementor-image\">\n\t\t\t\t\t\t\t\t\t\t\t\t<img width=\"1024\" height=\"1024\" src=\"https:\/\/fondation-grenoble-inp.fr\/wp-content\/uploads\/2025\/10\/Benbachir-Khaled-Credit-Total-Focus-1024x1024.jpg\" class=\"attachment-large size-large\" alt=\"\" loading=\"lazy\" srcset=\"https:\/\/fondation-grenoble-inp.fr\/wp-content\/uploads\/2025\/10\/Benbachir-Khaled-Credit-Total-Focus-1024x1024.jpg 1024w, https:\/\/fondation-grenoble-inp.fr\/wp-content\/uploads\/2025\/10\/Benbachir-Khaled-Credit-Total-Focus-300x300.jpg 300w, https:\/\/fondation-grenoble-inp.fr\/wp-content\/uploads\/2025\/10\/Benbachir-Khaled-Credit-Total-Focus-150x150.jpg 150w, https:\/\/fondation-grenoble-inp.fr\/wp-content\/uploads\/2025\/10\/Benbachir-Khaled-Credit-Total-Focus-768x768.jpg 768w, https:\/\/fondation-grenoble-inp.fr\/wp-content\/uploads\/2025\/10\/Benbachir-Khaled-Credit-Total-Focus-1536x1536.jpg 1536w, https:\/\/fondation-grenoble-inp.fr\/wp-content\/uploads\/2025\/10\/Benbachir-Khaled-Credit-Total-Focus-12x12.jpg 12w, https:\/\/fondation-grenoble-inp.fr\/wp-content\/uploads\/2025\/10\/Benbachir-Khaled-Credit-Total-Focus.jpg 1638w\" sizes=\"(max-width: 1024px) 100vw, 1024px\" \/>\t\t\t\t\t\t\t\t\t\t\t\t\t\t<\/div>\n\t\t\t\t\t\t<\/div>\n\t\t\t\t<\/div>\n\t\t\t\t\t\t<\/div>\n\t\t\t\t\t<\/div>\n\t\t<\/div>\n\t\t\t\t<div class=\"elementor-column elementor-col-66 elementor-top-column elementor-element elementor-element-ce67090\" data-id=\"ce67090\" data-element_type=\"column\">\n\t\t\t<div class=\"elementor-column-wrap elementor-element-populated\">\n\t\t\t\t\t\t\t<div class=\"elementor-widget-wrap\">\n\t\t\t\t\t\t<div class=\"elementor-element elementor-element-986e4eb elementor-widget elementor-widget-text-editor\" data-id=\"986e4eb\" data-element_type=\"widget\" data-widget_type=\"text-editor.default\">\n\t\t\t\t<div class=\"elementor-widget-container\">\n\t\t\t\t\t\t\t\t<div class=\"elementor-text-editor elementor-clearfix\">\n\t\t\t\t<p><strong>Ses principaux r\u00e9sultats :<\/strong><\/p><p>\u2022 7e au Championnat d&rsquo;Europe Universitaire<\/p><p>\u2022\u00a0Champion r\u00e9gional de d\u00e9velopp\u00e9 couch\u00e9\u00a0<\/p><p>\u2022\u00a0Champion r\u00e9gional de Force Athl\u00e9tique\u00a0<\/p>\t\t\t\t\t<\/div>\n\t\t\t\t\t\t<\/div>\n\t\t\t\t<\/div>\n\t\t\t\t\t\t<\/div>\n\t\t\t\t\t<\/div>\n\t\t<\/div>\n\t\t\t\t\t\t\t\t<\/div>\n\t\t\t\t\t<\/div>\n\t\t<\/section>\n\t\t\t\t<section class=\"elementor-section elementor-top-section elementor-element elementor-element-7b1d8f8 elementor-section-boxed elementor-section-height-default elementor-section-height-default\" data-id=\"7b1d8f8\" data-element_type=\"section\">\n\t\t\t\t\t\t<div class=\"elementor-container elementor-column-gap-default\">\n\t\t\t\t\t\t\t<div class=\"elementor-row\">\n\t\t\t\t\t<div class=\"elementor-column elementor-col-100 elementor-top-column elementor-element elementor-element-ff75fdb\" data-id=\"ff75fdb\" data-element_type=\"column\">\n\t\t\t<div class=\"elementor-column-wrap elementor-element-populated\">\n\t\t\t\t\t\t\t<div class=\"elementor-widget-wrap\">\n\t\t\t\t\t\t<div class=\"elementor-element elementor-element-af6b5d9 elementor-widget elementor-widget-text-editor\" data-id=\"af6b5d9\" data-element_type=\"widget\" data-widget_type=\"text-editor.default\">\n\t\t\t\t<div class=\"elementor-widget-container\">\n\t\t\t\t\t\t\t\t<div class=\"elementor-text-editor elementor-clearfix\">\n\t\t\t\t<p><em>\u00ab\u00a0Une saison complexe entre blessures et d\u00e9parts internationaux, mais marqu\u00e9e par une forte r\u00e9silience.\u00a0\u00bb<\/em><\/p>\t\t\t\t\t<\/div>\n\t\t\t\t\t\t<\/div>\n\t\t\t\t<\/div>\n\t\t\t\t\t\t<\/div>\n\t\t\t\t\t<\/div>\n\t\t<\/div>\n\t\t\t\t\t\t\t\t<\/div>\n\t\t\t\t\t<\/div>\n\t\t<\/section>\n\t\t\t\t<section class=\"elementor-section elementor-top-section elementor-element elementor-element-15007ee elementor-section-boxed elementor-section-height-default elementor-section-height-default\" data-id=\"15007ee\" data-element_type=\"section\">\n\t\t\t\t\t\t<div class=\"elementor-container elementor-column-gap-default\">\n\t\t\t\t\t\t\t<div class=\"elementor-row\">\n\t\t\t\t\t<div class=\"elementor-column elementor-col-100 elementor-top-column elementor-element elementor-element-0cde5a6\" data-id=\"0cde5a6\" data-element_type=\"column\">\n\t\t\t<div class=\"elementor-column-wrap elementor-element-populated\">\n\t\t\t\t\t\t\t<div class=\"elementor-widget-wrap\">\n\t\t\t\t\t\t<div class=\"elementor-element elementor-element-705cd0a elementor-widget elementor-widget-text-editor\" data-id=\"705cd0a\" data-element_type=\"widget\" data-widget_type=\"text-editor.default\">\n\t\t\t\t<div class=\"elementor-widget-container\">\n\t\t\t\t\t\t\t\t<div class=\"elementor-text-editor elementor-clearfix\">\n\t\t\t\t<h2>S\u00e9bastien Burnet (VTT XCM)<\/h2>\t\t\t\t\t<\/div>\n\t\t\t\t\t\t<\/div>\n\t\t\t\t<\/div>\n\t\t\t\t<div class=\"elementor-element elementor-element-b060d0b elementor-widget elementor-widget-text-editor\" data-id=\"b060d0b\" data-element_type=\"widget\" data-widget_type=\"text-editor.default\">\n\t\t\t\t<div class=\"elementor-widget-container\">\n\t\t\t\t\t\t\t\t<div class=\"elementor-text-editor elementor-clearfix\">\n\t\t\t\t<p>\u00c9tudiant \u00e0 <strong><a href=\"https:\/\/polytech.grenoble-inp.fr\/\" target=\"_blank\" rel=\"noopener\">Polytech Grenoble &#8211; INP, UGA<\/a><\/strong>, <strong><a href=\"https:\/\/www.linkedin.com\/in\/s%C3%A9bastien-burnet-60a58a232\/\" target=\"_blank\" rel=\"noopener\">S\u00e9bastien<\/a><\/strong> a d\u00e9but\u00e9 le VTT \u00e0 13 ans en cat\u00e9gorie minime et s\u2019est rapidement lanc\u00e9 dans la comp\u00e9tition. Apr\u00e8s plusieurs saisons consacr\u00e9es au format XCO, il a choisi de se concentrer exclusivement sur les \u00e9preuves longue distance du VTT XCM et continue \u00e0 \u00e9voluer sur la sc\u00e8ne internationale.<\/p>\t\t\t\t\t<\/div>\n\t\t\t\t\t\t<\/div>\n\t\t\t\t<\/div>\n\t\t\t\t\t\t<\/div>\n\t\t\t\t\t<\/div>\n\t\t<\/div>\n\t\t\t\t\t\t\t\t<\/div>\n\t\t\t\t\t<\/div>\n\t\t<\/section>\n\t\t\t\t<section class=\"elementor-section elementor-top-section elementor-element elementor-element-bf131b5 elementor-section-boxed elementor-section-height-default elementor-section-height-default\" data-id=\"bf131b5\" data-element_type=\"section\">\n\t\t\t\t\t\t<div class=\"elementor-container elementor-column-gap-default\">\n\t\t\t\t\t\t\t<div class=\"elementor-row\">\n\t\t\t\t\t<div class=\"elementor-column elementor-col-66 elementor-top-column elementor-element elementor-element-5ac05de\" data-id=\"5ac05de\" data-element_type=\"column\">\n\t\t\t<div class=\"elementor-column-wrap elementor-element-populated\">\n\t\t\t\t\t\t\t<div class=\"elementor-widget-wrap\">\n\t\t\t\t\t\t<div class=\"elementor-element elementor-element-37f2b30 elementor-widget elementor-widget-text-editor\" data-id=\"37f2b30\" data-element_type=\"widget\" data-widget_type=\"text-editor.default\">\n\t\t\t\t<div class=\"elementor-widget-container\">\n\t\t\t\t\t\t\t\t<div class=\"elementor-text-editor elementor-clearfix\">\n\t\t\t\t<p><strong>Ses principaux r\u00e9sultats :<\/strong><\/p><p>\u2022 Champion de France Universitaire individuel et par \u00e9quipe de VTT<\/p><p>\u2022 5e Elite Roc Laissagais UCI HC<\/p><p>\u2022 5e Elite Championnat de France VTT XCM<\/p><p>\u2022 59e Elite Championnat d\u2019Europe VTT XCM<\/p>\t\t\t\t\t<\/div>\n\t\t\t\t\t\t<\/div>\n\t\t\t\t<\/div>\n\t\t\t\t\t\t<\/div>\n\t\t\t\t\t<\/div>\n\t\t<\/div>\n\t\t\t\t<div class=\"elementor-column elementor-col-33 elementor-top-column elementor-element elementor-element-a785a8f\" data-id=\"a785a8f\" data-element_type=\"column\">\n\t\t\t<div class=\"elementor-column-wrap elementor-element-populated\">\n\t\t\t\t\t\t\t<div class=\"elementor-widget-wrap\">\n\t\t\t\t\t\t<div class=\"elementor-element elementor-element-17fa703 dce_masking-none elementor-widget elementor-widget-image\" data-id=\"17fa703\" data-element_type=\"widget\" data-widget_type=\"image.default\">\n\t\t\t\t<div class=\"elementor-widget-container\">\n\t\t\t\t\t\t\t\t<div class=\"elementor-image\">\n\t\t\t\t\t\t\t\t\t\t\t\t<img width=\"1024\" height=\"1024\" src=\"https:\/\/fondation-grenoble-inp.fr\/wp-content\/uploads\/2025\/10\/Burnet-Sebastien-1024x1024.jpg\" class=\"attachment-large size-large\" alt=\"\" loading=\"lazy\" srcset=\"https:\/\/fondation-grenoble-inp.fr\/wp-content\/uploads\/2025\/10\/Burnet-Sebastien-1024x1024.jpg 1024w, https:\/\/fondation-grenoble-inp.fr\/wp-content\/uploads\/2025\/10\/Burnet-Sebastien-300x300.jpg 300w, https:\/\/fondation-grenoble-inp.fr\/wp-content\/uploads\/2025\/10\/Burnet-Sebastien-150x150.jpg 150w, https:\/\/fondation-grenoble-inp.fr\/wp-content\/uploads\/2025\/10\/Burnet-Sebastien-768x768.jpg 768w, https:\/\/fondation-grenoble-inp.fr\/wp-content\/uploads\/2025\/10\/Burnet-Sebastien-1536x1536.jpg 1536w, https:\/\/fondation-grenoble-inp.fr\/wp-content\/uploads\/2025\/10\/Burnet-Sebastien-2048x2048.jpg 2048w, https:\/\/fondation-grenoble-inp.fr\/wp-content\/uploads\/2025\/10\/Burnet-Sebastien-12x12.jpg 12w\" sizes=\"(max-width: 1024px) 100vw, 1024px\" \/>\t\t\t\t\t\t\t\t\t\t\t\t\t\t<\/div>\n\t\t\t\t\t\t<\/div>\n\t\t\t\t<\/div>\n\t\t\t\t\t\t<\/div>\n\t\t\t\t\t<\/div>\n\t\t<\/div>\n\t\t\t\t\t\t\t\t<\/div>\n\t\t\t\t\t<\/div>\n\t\t<\/section>\n\t\t\t\t<section class=\"elementor-section elementor-top-section elementor-element elementor-element-9fdfc54 elementor-section-boxed elementor-section-height-default elementor-section-height-default\" data-id=\"9fdfc54\" data-element_type=\"section\">\n\t\t\t\t\t\t<div class=\"elementor-container elementor-column-gap-default\">\n\t\t\t\t\t\t\t<div class=\"elementor-row\">\n\t\t\t\t\t<div class=\"elementor-column elementor-col-100 elementor-top-column elementor-element elementor-element-70afb49\" data-id=\"70afb49\" data-element_type=\"column\">\n\t\t\t<div class=\"elementor-column-wrap elementor-element-populated\">\n\t\t\t\t\t\t\t<div class=\"elementor-widget-wrap\">\n\t\t\t\t\t\t<div class=\"elementor-element elementor-element-a4a312b elementor-widget elementor-widget-text-editor\" data-id=\"a4a312b\" data-element_type=\"widget\" data-widget_type=\"text-editor.default\">\n\t\t\t\t<div class=\"elementor-widget-container\">\n\t\t\t\t\t\t\t\t<div class=\"elementor-text-editor elementor-clearfix\">\n\t\t\t\t<p><em>\u00ab\u00a0Champion de France universitaire en individuel et en \u00e9quipe, avec une belle progression sur les comp\u00e9titions \u00e9lite.\u00a0\u00bb<\/em><\/p>\t\t\t\t\t<\/div>\n\t\t\t\t\t\t<\/div>\n\t\t\t\t<\/div>\n\t\t\t\t\t\t<\/div>\n\t\t\t\t\t<\/div>\n\t\t<\/div>\n\t\t\t\t\t\t\t\t<\/div>\n\t\t\t\t\t<\/div>\n\t\t<\/section>\n\t\t\t\t<section class=\"elementor-section elementor-top-section elementor-element elementor-element-97d3430 elementor-section-boxed elementor-section-height-default elementor-section-height-default\" data-id=\"97d3430\" data-element_type=\"section\">\n\t\t\t\t\t\t<div class=\"elementor-container elementor-column-gap-default\">\n\t\t\t\t\t\t\t<div class=\"elementor-row\">\n\t\t\t\t\t<div class=\"elementor-column elementor-col-100 elementor-top-column elementor-element elementor-element-0d22688\" data-id=\"0d22688\" data-element_type=\"column\">\n\t\t\t<div class=\"elementor-column-wrap elementor-element-populated\">\n\t\t\t\t\t\t\t<div class=\"elementor-widget-wrap\">\n\t\t\t\t\t\t<div class=\"elementor-element elementor-element-4320281 elementor-widget elementor-widget-text-editor\" data-id=\"4320281\" data-element_type=\"widget\" data-widget_type=\"text-editor.default\">\n\t\t\t\t<div class=\"elementor-widget-container\">\n\t\t\t\t\t\t\t\t<div class=\"elementor-text-editor elementor-clearfix\">\n\t\t\t\t<h2>Nathan Bruy\u00e8re (athl\u00e9tisme)<\/h2>\t\t\t\t\t<\/div>\n\t\t\t\t\t\t<\/div>\n\t\t\t\t<\/div>\n\t\t\t\t<div class=\"elementor-element elementor-element-04eb3bb elementor-widget elementor-widget-text-editor\" data-id=\"04eb3bb\" data-element_type=\"widget\" data-widget_type=\"text-editor.default\">\n\t\t\t\t<div class=\"elementor-widget-container\">\n\t\t\t\t\t\t\t\t<div class=\"elementor-text-editor elementor-clearfix\">\n\t\t\t\t<p>\u00c9tudiant \u00e0 <strong><a href=\"https:\/\/genie-industriel.grenoble-inp.fr\/\" target=\"_blank\" rel=\"noopener\">Grenoble INP \u2013 G\u00e9nie industriel, UGA<\/a><\/strong>, <strong><a href=\"https:\/\/www.linkedin.com\/in\/nathan-bruyere-6066091a2\/\" target=\"_blank\" rel=\"noopener\">Nathan<\/a><\/strong> a d\u00e9couvert l\u2019athl\u00e9tisme au coll\u00e8ge. Sa d\u00e9termination \u00e0 progresser et \u00e0 repousser ses limites l\u2019a conduit \u00e0 s\u2019entra\u00eener chaque jour avec l\u2019objectif d\u2019atteindre le plus haut niveau mondial.\u00a0<\/p>\t\t\t\t\t<\/div>\n\t\t\t\t\t\t<\/div>\n\t\t\t\t<\/div>\n\t\t\t\t\t\t<\/div>\n\t\t\t\t\t<\/div>\n\t\t<\/div>\n\t\t\t\t\t\t\t\t<\/div>\n\t\t\t\t\t<\/div>\n\t\t<\/section>\n\t\t\t\t<section class=\"elementor-section elementor-top-section elementor-element elementor-element-9872f14 elementor-section-boxed elementor-section-height-default elementor-section-height-default\" data-id=\"9872f14\" data-element_type=\"section\">\n\t\t\t\t\t\t<div class=\"elementor-container elementor-column-gap-default\">\n\t\t\t\t\t\t\t<div class=\"elementor-row\">\n\t\t\t\t\t<div class=\"elementor-column elementor-col-33 elementor-top-column elementor-element elementor-element-10a325a\" data-id=\"10a325a\" data-element_type=\"column\">\n\t\t\t<div class=\"elementor-column-wrap elementor-element-populated\">\n\t\t\t\t\t\t\t<div class=\"elementor-widget-wrap\">\n\t\t\t\t\t\t<div class=\"elementor-element elementor-element-4e2c65e dce_masking-none elementor-widget elementor-widget-image\" data-id=\"4e2c65e\" data-element_type=\"widget\" data-widget_type=\"image.default\">\n\t\t\t\t<div class=\"elementor-widget-container\">\n\t\t\t\t\t\t\t\t<div class=\"elementor-image\">\n\t\t\t\t\t\t\t\t\t\t\t\t<img width=\"1024\" height=\"1024\" src=\"https:\/\/fondation-grenoble-inp.fr\/wp-content\/uploads\/2025\/03\/Nathan-Bruyere-Copie-1024x1024.jpg\" class=\"attachment-large size-large\" alt=\"\" loading=\"lazy\" srcset=\"https:\/\/fondation-grenoble-inp.fr\/wp-content\/uploads\/2025\/03\/Nathan-Bruyere-Copie-1024x1024.jpg 1024w, https:\/\/fondation-grenoble-inp.fr\/wp-content\/uploads\/2025\/03\/Nathan-Bruyere-Copie-300x300.jpg 300w, https:\/\/fondation-grenoble-inp.fr\/wp-content\/uploads\/2025\/03\/Nathan-Bruyere-Copie-150x150.jpg 150w, https:\/\/fondation-grenoble-inp.fr\/wp-content\/uploads\/2025\/03\/Nathan-Bruyere-Copie-768x769.jpg 768w, https:\/\/fondation-grenoble-inp.fr\/wp-content\/uploads\/2025\/03\/Nathan-Bruyere-Copie-12x12.jpg 12w, https:\/\/fondation-grenoble-inp.fr\/wp-content\/uploads\/2025\/03\/Nathan-Bruyere-Copie.jpg 1493w\" sizes=\"(max-width: 1024px) 100vw, 1024px\" \/>\t\t\t\t\t\t\t\t\t\t\t\t\t\t<\/div>\n\t\t\t\t\t\t<\/div>\n\t\t\t\t<\/div>\n\t\t\t\t\t\t<\/div>\n\t\t\t\t\t<\/div>\n\t\t<\/div>\n\t\t\t\t<div class=\"elementor-column elementor-col-66 elementor-top-column elementor-element elementor-element-034cee9\" data-id=\"034cee9\" data-element_type=\"column\">\n\t\t\t<div class=\"elementor-column-wrap elementor-element-populated\">\n\t\t\t\t\t\t\t<div class=\"elementor-widget-wrap\">\n\t\t\t\t\t\t<div class=\"elementor-element elementor-element-090cd5a elementor-widget elementor-widget-text-editor\" data-id=\"090cd5a\" data-element_type=\"widget\" data-widget_type=\"text-editor.default\">\n\t\t\t\t<div class=\"elementor-widget-container\">\n\t\t\t\t\t\t\t\t<div class=\"elementor-text-editor elementor-clearfix\">\n\t\t\t\t<p><strong>Ses principaux r\u00e9sultats :<\/strong><\/p><p>\u2022 Record personnel sur 800m : 1\u201948&Prime;03<\/p><p>\u2022 M\u00e9daille de bronze aux Championnats de France U23 sur 800m (top 3 FR -23 ans)<\/p><p>\u2022 Qualification aux Championnats de France \u00c9lite sur 800m (top 20 FR toute cat\u00e9gorie confondus)<\/p>\t\t\t\t\t<\/div>\n\t\t\t\t\t\t<\/div>\n\t\t\t\t<\/div>\n\t\t\t\t\t\t<\/div>\n\t\t\t\t\t<\/div>\n\t\t<\/div>\n\t\t\t\t\t\t\t\t<\/div>\n\t\t\t\t\t<\/div>\n\t\t<\/section>\n\t\t\t\t<section class=\"elementor-section elementor-top-section elementor-element elementor-element-3312a41 elementor-section-boxed elementor-section-height-default elementor-section-height-default\" data-id=\"3312a41\" data-element_type=\"section\">\n\t\t\t\t\t\t<div class=\"elementor-container elementor-column-gap-default\">\n\t\t\t\t\t\t\t<div class=\"elementor-row\">\n\t\t\t\t\t<div class=\"elementor-column elementor-col-100 elementor-top-column elementor-element elementor-element-25ce7dd\" data-id=\"25ce7dd\" data-element_type=\"column\">\n\t\t\t<div class=\"elementor-column-wrap elementor-element-populated\">\n\t\t\t\t\t\t\t<div class=\"elementor-widget-wrap\">\n\t\t\t\t\t\t<div class=\"elementor-element elementor-element-25470fe elementor-widget elementor-widget-text-editor\" data-id=\"25470fe\" data-element_type=\"widget\" data-widget_type=\"text-editor.default\">\n\t\t\t\t<div class=\"elementor-widget-container\">\n\t\t\t\t\t\t\t\t<div class=\"elementor-text-editor elementor-clearfix\">\n\t\t\t\t<p><em>\u00ab\u00a0Une saison record avec une 5\u1d49 m\u00e9daille nationale, une participation \u00e0 la Diamond League et un stage en altitude d\u00e9cisif.\u00a0\u00bb<\/em><\/p>\t\t\t\t\t<\/div>\n\t\t\t\t\t\t<\/div>\n\t\t\t\t<\/div>\n\t\t\t\t\t\t<\/div>\n\t\t\t\t\t<\/div>\n\t\t<\/div>\n\t\t\t\t\t\t\t\t<\/div>\n\t\t\t\t\t<\/div>\n\t\t<\/section>\n\t\t\t\t<section class=\"elementor-section elementor-top-section elementor-element elementor-element-bdadb45 elementor-section-boxed elementor-section-height-default elementor-section-height-default\" data-id=\"bdadb45\" data-element_type=\"section\">\n\t\t\t\t\t\t<div class=\"elementor-container elementor-column-gap-default\">\n\t\t\t\t\t\t\t<div class=\"elementor-row\">\n\t\t\t\t\t<div class=\"elementor-column elementor-col-100 elementor-top-column elementor-element elementor-element-5bc83ac\" data-id=\"5bc83ac\" data-element_type=\"column\">\n\t\t\t<div class=\"elementor-column-wrap elementor-element-populated\">\n\t\t\t\t\t\t\t<div class=\"elementor-widget-wrap\">\n\t\t\t\t\t\t<div class=\"elementor-element elementor-element-6858ae1 elementor-widget elementor-widget-text-editor\" data-id=\"6858ae1\" data-element_type=\"widget\" data-widget_type=\"text-editor.default\">\n\t\t\t\t<div class=\"elementor-widget-container\">\n\t\t\t\t\t\t\t\t<div class=\"elementor-text-editor elementor-clearfix\">\n\t\t\t\t<h2>Albin Demaret-Joly (course d&rsquo;orientation \u00e0 VTT)<\/h2>\t\t\t\t\t<\/div>\n\t\t\t\t\t\t<\/div>\n\t\t\t\t<\/div>\n\t\t\t\t<div class=\"elementor-element elementor-element-45c530b elementor-widget elementor-widget-text-editor\" data-id=\"45c530b\" data-element_type=\"widget\" data-widget_type=\"text-editor.default\">\n\t\t\t\t<div class=\"elementor-widget-container\">\n\t\t\t\t\t\t\t\t<div class=\"elementor-text-editor elementor-clearfix\">\n\t\t\t\t<p>Dipl\u00f4m\u00e9 de <strong><a href=\"https:\/\/pagora.grenoble-inp.fr\/\" target=\"_blank\" rel=\"noopener\">Grenoble INP &#8211; Pagora, UGA<\/a><\/strong>, et <strong><a href=\"https:\/\/iae.grenoble-inp.fr\/\" target=\"_blank\" rel=\"noopener\">\u00e9tudiant \u00e0 Grenoble IAE &#8211; INP, UGA<\/a><\/strong>, <strong><a href=\"https:\/\/www.linkedin.com\/in\/albindemaretjoly\/\" target=\"_blank\" rel=\"noopener\">Albin<\/a><\/strong> s\u2019est lanc\u00e9 dans la course d\u2019orientation \u00e0 VTT en 2018.\u00a0 Le point culminant de sa carri\u00e8re sportive a \u00e9t\u00e9 de devenir vice-champion du monde de mass start en cat\u00e9gorie Junior, en Finlande, en 2021.\u00a0<\/p>\t\t\t\t\t<\/div>\n\t\t\t\t\t\t<\/div>\n\t\t\t\t<\/div>\n\t\t\t\t\t\t<\/div>\n\t\t\t\t\t<\/div>\n\t\t<\/div>\n\t\t\t\t\t\t\t\t<\/div>\n\t\t\t\t\t<\/div>\n\t\t<\/section>\n\t\t\t\t<section class=\"elementor-section elementor-top-section elementor-element elementor-element-03a1ebb elementor-section-boxed elementor-section-height-default elementor-section-height-default\" data-id=\"03a1ebb\" data-element_type=\"section\">\n\t\t\t\t\t\t<div class=\"elementor-container elementor-column-gap-default\">\n\t\t\t\t\t\t\t<div class=\"elementor-row\">\n\t\t\t\t\t<div class=\"elementor-column elementor-col-66 elementor-top-column elementor-element elementor-element-256abae\" data-id=\"256abae\" data-element_type=\"column\">\n\t\t\t<div class=\"elementor-column-wrap elementor-element-populated\">\n\t\t\t\t\t\t\t<div class=\"elementor-widget-wrap\">\n\t\t\t\t\t\t<div class=\"elementor-element elementor-element-8777747 elementor-widget elementor-widget-text-editor\" data-id=\"8777747\" data-element_type=\"widget\" data-widget_type=\"text-editor.default\">\n\t\t\t\t<div class=\"elementor-widget-container\">\n\t\t\t\t\t\t\t\t<div class=\"elementor-text-editor elementor-clearfix\">\n\t\t\t\t<p><strong>Ses principaux r\u00e9sultats :<\/strong><\/p><p>\u2022 International :\u00a0<\/p><p>-Top 8 au championnat d\u2019Europe de sprint<\/p><p>-Top 20 mondial de sprint<\/p><p>\u2022\u00a0National :\u00a0<\/p><p>-Champion de France de moyenne distance<\/p><p>-Vice-champion de France de sprint<\/p>\t\t\t\t\t<\/div>\n\t\t\t\t\t\t<\/div>\n\t\t\t\t<\/div>\n\t\t\t\t\t\t<\/div>\n\t\t\t\t\t<\/div>\n\t\t<\/div>\n\t\t\t\t<div class=\"elementor-column elementor-col-33 elementor-top-column elementor-element elementor-element-dc549ad\" data-id=\"dc549ad\" data-element_type=\"column\">\n\t\t\t<div class=\"elementor-column-wrap elementor-element-populated\">\n\t\t\t\t\t\t\t<div class=\"elementor-widget-wrap\">\n\t\t\t\t\t\t<div class=\"elementor-element elementor-element-f0a2184 dce_masking-none elementor-widget elementor-widget-image\" data-id=\"f0a2184\" data-element_type=\"widget\" data-widget_type=\"image.default\">\n\t\t\t\t<div class=\"elementor-widget-container\">\n\t\t\t\t\t\t\t\t<div class=\"elementor-image\">\n\t\t\t\t\t\t\t\t\t\t\t\t<img width=\"1024\" height=\"1024\" src=\"https:\/\/fondation-grenoble-inp.fr\/wp-content\/uploads\/2025\/10\/Demaret-Joly-Albin-1024x1024.jpg\" class=\"attachment-large size-large\" alt=\"\" loading=\"lazy\" srcset=\"https:\/\/fondation-grenoble-inp.fr\/wp-content\/uploads\/2025\/10\/Demaret-Joly-Albin-1024x1024.jpg 1024w, https:\/\/fondation-grenoble-inp.fr\/wp-content\/uploads\/2025\/10\/Demaret-Joly-Albin-300x300.jpg 300w, https:\/\/fondation-grenoble-inp.fr\/wp-content\/uploads\/2025\/10\/Demaret-Joly-Albin-150x150.jpg 150w, https:\/\/fondation-grenoble-inp.fr\/wp-content\/uploads\/2025\/10\/Demaret-Joly-Albin-768x768.jpg 768w, https:\/\/fondation-grenoble-inp.fr\/wp-content\/uploads\/2025\/10\/Demaret-Joly-Albin-12x12.jpg 12w, https:\/\/fondation-grenoble-inp.fr\/wp-content\/uploads\/2025\/10\/Demaret-Joly-Albin.jpg 1365w\" sizes=\"(max-width: 1024px) 100vw, 1024px\" \/>\t\t\t\t\t\t\t\t\t\t\t\t\t\t<\/div>\n\t\t\t\t\t\t<\/div>\n\t\t\t\t<\/div>\n\t\t\t\t\t\t<\/div>\n\t\t\t\t\t<\/div>\n\t\t<\/div>\n\t\t\t\t\t\t\t\t<\/div>\n\t\t\t\t\t<\/div>\n\t\t<\/section>\n\t\t\t\t<section class=\"elementor-section elementor-top-section elementor-element elementor-element-1f4426b elementor-section-boxed elementor-section-height-default elementor-section-height-default\" data-id=\"1f4426b\" data-element_type=\"section\">\n\t\t\t\t\t\t<div class=\"elementor-container elementor-column-gap-default\">\n\t\t\t\t\t\t\t<div class=\"elementor-row\">\n\t\t\t\t\t<div class=\"elementor-column elementor-col-100 elementor-top-column elementor-element elementor-element-166074d\" data-id=\"166074d\" data-element_type=\"column\">\n\t\t\t<div class=\"elementor-column-wrap elementor-element-populated\">\n\t\t\t\t\t\t\t<div class=\"elementor-widget-wrap\">\n\t\t\t\t\t\t<div class=\"elementor-element elementor-element-08f9ae0 elementor-widget elementor-widget-text-editor\" data-id=\"08f9ae0\" data-element_type=\"widget\" data-widget_type=\"text-editor.default\">\n\t\t\t\t<div class=\"elementor-widget-container\">\n\t\t\t\t\t\t\t\t<div class=\"elementor-text-editor elementor-clearfix\">\n\t\t\t\t<p><em>\u00ab\u00a0Podium mondial en U23, top 10 europ\u00e9en en \u00e9lite et d\u00e9but d\u2019un master double comp\u00e9tence \u00e0 l\u2019IAE Grenoble.\u00a0\u00bb<\/em><\/p>\t\t\t\t\t<\/div>\n\t\t\t\t\t\t<\/div>\n\t\t\t\t<\/div>\n\t\t\t\t\t\t<\/div>\n\t\t\t\t\t<\/div>\n\t\t<\/div>\n\t\t\t\t\t\t\t\t<\/div>\n\t\t\t\t\t<\/div>\n\t\t<\/section>\n\t\t\t\t<section class=\"elementor-section elementor-top-section elementor-element elementor-element-018eeb6 elementor-section-boxed elementor-section-height-default elementor-section-height-default\" data-id=\"018eeb6\" data-element_type=\"section\">\n\t\t\t\t\t\t<div class=\"elementor-container elementor-column-gap-default\">\n\t\t\t\t\t\t\t<div class=\"elementor-row\">\n\t\t\t\t\t<div class=\"elementor-column elementor-col-100 elementor-top-column elementor-element elementor-element-da58192\" data-id=\"da58192\" data-element_type=\"column\">\n\t\t\t<div class=\"elementor-column-wrap elementor-element-populated\">\n\t\t\t\t\t\t\t<div class=\"elementor-widget-wrap\">\n\t\t\t\t\t\t<div class=\"elementor-element elementor-element-cf3cba3 elementor-widget elementor-widget-text-editor\" data-id=\"cf3cba3\" data-element_type=\"widget\" data-widget_type=\"text-editor.default\">\n\t\t\t\t<div class=\"elementor-widget-container\">\n\t\t\t\t\t\t\t\t<div class=\"elementor-text-editor elementor-clearfix\">\n\t\t\t\t<h2>Antoine Girard (escalade)<\/h2>\t\t\t\t\t<\/div>\n\t\t\t\t\t\t<\/div>\n\t\t\t\t<\/div>\n\t\t\t\t<div class=\"elementor-element elementor-element-7521f19 elementor-widget elementor-widget-text-editor\" data-id=\"7521f19\" data-element_type=\"widget\" data-widget_type=\"text-editor.default\">\n\t\t\t\t<div class=\"elementor-widget-container\">\n\t\t\t\t\t\t\t\t<div class=\"elementor-text-editor elementor-clearfix\">\n\t\t\t\t<p>\u00c9tudiant \u00e0 <strong><a href=\"https:\/\/ense3.grenoble-inp.fr\/\" target=\"_blank\" rel=\"noopener\">Grenoble INP &#8211; Ense\u00b3, UGA<\/a><\/strong>, <strong><a href=\"https:\/\/www.linkedin.com\/in\/antoine-girard-b60589230\/\" target=\"_blank\" rel=\"noopener\">Antoine<\/a><\/strong> a \u00a0commenc\u00e9 l\u2019escalade \u00e0 l\u2019\u00e2ge de 7 ans et il n\u2019a jamais abandonn\u00e9 cette activit\u00e9 depuis. Anim\u00e9 par le d\u00e9sir de s\u2019am\u00e9liorer, il a construit son propre mur d\u2019escalade dans la grange familiale pour d\u00e9passer ses limites.<\/p>\t\t\t\t\t<\/div>\n\t\t\t\t\t\t<\/div>\n\t\t\t\t<\/div>\n\t\t\t\t\t\t<\/div>\n\t\t\t\t\t<\/div>\n\t\t<\/div>\n\t\t\t\t\t\t\t\t<\/div>\n\t\t\t\t\t<\/div>\n\t\t<\/section>\n\t\t\t\t<section class=\"elementor-section elementor-top-section elementor-element elementor-element-3ad7f10 elementor-section-boxed elementor-section-height-default elementor-section-height-default\" data-id=\"3ad7f10\" data-element_type=\"section\">\n\t\t\t\t\t\t<div class=\"elementor-container elementor-column-gap-default\">\n\t\t\t\t\t\t\t<div class=\"elementor-row\">\n\t\t\t\t\t<div class=\"elementor-column elementor-col-33 elementor-top-column elementor-element elementor-element-f994c6b\" data-id=\"f994c6b\" data-element_type=\"column\">\n\t\t\t<div class=\"elementor-column-wrap elementor-element-populated\">\n\t\t\t\t\t\t\t<div class=\"elementor-widget-wrap\">\n\t\t\t\t\t\t<div class=\"elementor-element elementor-element-2b7f3ef dce_masking-none elementor-widget elementor-widget-image\" data-id=\"2b7f3ef\" data-element_type=\"widget\" data-widget_type=\"image.default\">\n\t\t\t\t<div class=\"elementor-widget-container\">\n\t\t\t\t\t\t\t\t<div class=\"elementor-image\">\n\t\t\t\t\t\t\t\t\t\t\t\t<img width=\"1024\" height=\"1024\" src=\"https:\/\/fondation-grenoble-inp.fr\/wp-content\/uploads\/2025\/03\/2025-Antoine-Girard-Copie-1024x1024.jpg\" class=\"attachment-large size-large\" alt=\"Antoine Girard\" loading=\"lazy\" srcset=\"https:\/\/fondation-grenoble-inp.fr\/wp-content\/uploads\/2025\/03\/2025-Antoine-Girard-Copie-1024x1024.jpg 1024w, https:\/\/fondation-grenoble-inp.fr\/wp-content\/uploads\/2025\/03\/2025-Antoine-Girard-Copie-300x300.jpg 300w, https:\/\/fondation-grenoble-inp.fr\/wp-content\/uploads\/2025\/03\/2025-Antoine-Girard-Copie-150x150.jpg 150w, https:\/\/fondation-grenoble-inp.fr\/wp-content\/uploads\/2025\/03\/2025-Antoine-Girard-Copie-768x768.jpg 768w, https:\/\/fondation-grenoble-inp.fr\/wp-content\/uploads\/2025\/03\/2025-Antoine-Girard-Copie-1536x1536.jpg 1536w, https:\/\/fondation-grenoble-inp.fr\/wp-content\/uploads\/2025\/03\/2025-Antoine-Girard-Copie-2048x2048.jpg 2048w, https:\/\/fondation-grenoble-inp.fr\/wp-content\/uploads\/2025\/03\/2025-Antoine-Girard-Copie-12x12.jpg 12w\" sizes=\"(max-width: 1024px) 100vw, 1024px\" \/>\t\t\t\t\t\t\t\t\t\t\t\t\t\t<\/div>\n\t\t\t\t\t\t<\/div>\n\t\t\t\t<\/div>\n\t\t\t\t\t\t<\/div>\n\t\t\t\t\t<\/div>\n\t\t<\/div>\n\t\t\t\t<div class=\"elementor-column elementor-col-66 elementor-top-column elementor-element elementor-element-39b066a\" data-id=\"39b066a\" data-element_type=\"column\">\n\t\t\t<div class=\"elementor-column-wrap elementor-element-populated\">\n\t\t\t\t\t\t\t<div class=\"elementor-widget-wrap\">\n\t\t\t\t\t\t<div class=\"elementor-element elementor-element-ba77f8b elementor-widget elementor-widget-text-editor\" data-id=\"ba77f8b\" data-element_type=\"widget\" data-widget_type=\"text-editor.default\">\n\t\t\t\t<div class=\"elementor-widget-container\">\n\t\t\t\t\t\t\t\t<div class=\"elementor-text-editor elementor-clearfix\">\n\t\t\t\t<p><strong>Ses principaux r\u00e9sultats :<\/strong><\/p><p>\u2022 10e Coupe du monde de Pragues\u00a0<\/p><p>\u2022 2e Coupe d\u2019Europe de Rome\u00a0<\/p><p>\u2022 4e \u00e0 la Coupe d\u2019Europe de Munich\u00a0<\/p><p>\u2022 6e au Championnat de France\u00a0<\/p>\t\t\t\t\t<\/div>\n\t\t\t\t\t\t<\/div>\n\t\t\t\t<\/div>\n\t\t\t\t\t\t<\/div>\n\t\t\t\t\t<\/div>\n\t\t<\/div>\n\t\t\t\t\t\t\t\t<\/div>\n\t\t\t\t\t<\/div>\n\t\t<\/section>\n\t\t\t\t<section class=\"elementor-section elementor-top-section elementor-element elementor-element-f710297 elementor-section-boxed elementor-section-height-default elementor-section-height-default\" data-id=\"f710297\" data-element_type=\"section\">\n\t\t\t\t\t\t<div class=\"elementor-container elementor-column-gap-default\">\n\t\t\t\t\t\t\t<div class=\"elementor-row\">\n\t\t\t\t\t<div class=\"elementor-column elementor-col-100 elementor-top-column elementor-element elementor-element-0f08fff\" data-id=\"0f08fff\" data-element_type=\"column\">\n\t\t\t<div class=\"elementor-column-wrap elementor-element-populated\">\n\t\t\t\t\t\t\t<div class=\"elementor-widget-wrap\">\n\t\t\t\t\t\t<div class=\"elementor-element elementor-element-afff278 elementor-widget elementor-widget-text-editor\" data-id=\"afff278\" data-element_type=\"widget\" data-widget_type=\"text-editor.default\">\n\t\t\t\t<div class=\"elementor-widget-container\">\n\t\t\t\t\t\t\t\t<div class=\"elementor-text-editor elementor-clearfix\">\n\t\t\t\t<p><em>\u00ab\u00a0Premiers top 10 en Coupe du Monde et Championnat de France, port\u00e9s par un \u00e9quilibre sport-\u00e9tudes bien ma\u00eetris\u00e9.\u00a0\u00bb<\/em><\/p>\t\t\t\t\t<\/div>\n\t\t\t\t\t\t<\/div>\n\t\t\t\t<\/div>\n\t\t\t\t\t\t<\/div>\n\t\t\t\t\t<\/div>\n\t\t<\/div>\n\t\t\t\t\t\t\t\t<\/div>\n\t\t\t\t\t<\/div>\n\t\t<\/section>\n\t\t\t\t<section class=\"elementor-section elementor-top-section elementor-element elementor-element-f3338a0 elementor-section-boxed elementor-section-height-default elementor-section-height-default\" data-id=\"f3338a0\" data-element_type=\"section\">\n\t\t\t\t\t\t<div class=\"elementor-container elementor-column-gap-default\">\n\t\t\t\t\t\t\t<div class=\"elementor-row\">\n\t\t\t\t\t<div class=\"elementor-column elementor-col-100 elementor-top-column elementor-element elementor-element-6972fdb\" data-id=\"6972fdb\" data-element_type=\"column\">\n\t\t\t<div class=\"elementor-column-wrap elementor-element-populated\">\n\t\t\t\t\t\t\t<div class=\"elementor-widget-wrap\">\n\t\t\t\t\t\t<div class=\"elementor-element elementor-element-1de8a80 elementor-widget elementor-widget-text-editor\" data-id=\"1de8a80\" data-element_type=\"widget\" data-widget_type=\"text-editor.default\">\n\t\t\t\t<div class=\"elementor-widget-container\">\n\t\t\t\t\t\t\t\t<div class=\"elementor-text-editor elementor-clearfix\">\n\t\t\t\t<h2>Basile Johsua (escrime)<\/h2>\t\t\t\t\t<\/div>\n\t\t\t\t\t\t<\/div>\n\t\t\t\t<\/div>\n\t\t\t\t<div class=\"elementor-element elementor-element-92d506f elementor-widget elementor-widget-text-editor\" data-id=\"92d506f\" data-element_type=\"widget\" data-widget_type=\"text-editor.default\">\n\t\t\t\t<div class=\"elementor-widget-container\">\n\t\t\t\t\t\t\t\t<div class=\"elementor-text-editor elementor-clearfix\">\n\t\t\t\t<p>\u00c9tudiant \u00e0 <strong><a href=\"https:\/\/ense3.grenoble-inp.fr\/\" target=\"_blank\" rel=\"noopener\">Grenoble INP &#8211; Ense\u00b3, UGA<\/a><\/strong>, <b><a href=\"https:\/\/www.linkedin.com\/in\/basile-johsua-12aa7429a\/\" target=\"_blank\" rel=\"noopener\">Basile<\/a> <\/b>a d\u00e9couvert l\u2019escrime d\u00e8s l\u2019\u00e2ge de 4 ans et a d\u00e9but\u00e9 la comp\u00e9tition \u00e0 8 ans. Sa victoire aux championnats de France U23 par \u00e9quipe est parmi ses souvenirs les plus marquants.<\/p>\t\t\t\t\t<\/div>\n\t\t\t\t\t\t<\/div>\n\t\t\t\t<\/div>\n\t\t\t\t\t\t<\/div>\n\t\t\t\t\t<\/div>\n\t\t<\/div>\n\t\t\t\t\t\t\t\t<\/div>\n\t\t\t\t\t<\/div>\n\t\t<\/section>\n\t\t\t\t<section class=\"elementor-section elementor-top-section elementor-element elementor-element-c9a6099 elementor-section-boxed elementor-section-height-default elementor-section-height-default\" data-id=\"c9a6099\" data-element_type=\"section\">\n\t\t\t\t\t\t<div class=\"elementor-container elementor-column-gap-default\">\n\t\t\t\t\t\t\t<div class=\"elementor-row\">\n\t\t\t\t\t<div class=\"elementor-column elementor-col-66 elementor-top-column elementor-element elementor-element-9c4706c\" data-id=\"9c4706c\" data-element_type=\"column\">\n\t\t\t<div class=\"elementor-column-wrap elementor-element-populated\">\n\t\t\t\t\t\t\t<div class=\"elementor-widget-wrap\">\n\t\t\t\t\t\t<div class=\"elementor-element elementor-element-18b9cab elementor-widget elementor-widget-text-editor\" data-id=\"18b9cab\" data-element_type=\"widget\" data-widget_type=\"text-editor.default\">\n\t\t\t\t<div class=\"elementor-widget-container\">\n\t\t\t\t\t\t\t\t<div class=\"elementor-text-editor elementor-clearfix\">\n\t\t\t\t<p><strong>Ses principaux r\u00e9sultats :<\/strong><\/p><p>\u2022 Championnats de France universitaire : 5e<br \/>\u2022 Championnats de France N2 : 5e<br \/>\u2022 Classement national senior : 36e<\/p>\t\t\t\t\t<\/div>\n\t\t\t\t\t\t<\/div>\n\t\t\t\t<\/div>\n\t\t\t\t\t\t<\/div>\n\t\t\t\t\t<\/div>\n\t\t<\/div>\n\t\t\t\t<div class=\"elementor-column elementor-col-33 elementor-top-column elementor-element elementor-element-83e9c45\" data-id=\"83e9c45\" data-element_type=\"column\">\n\t\t\t<div class=\"elementor-column-wrap elementor-element-populated\">\n\t\t\t\t\t\t\t<div class=\"elementor-widget-wrap\">\n\t\t\t\t\t\t<div class=\"elementor-element elementor-element-d62c9b6 dce_masking-none elementor-widget elementor-widget-image\" data-id=\"d62c9b6\" data-element_type=\"widget\" data-widget_type=\"image.default\">\n\t\t\t\t<div class=\"elementor-widget-container\">\n\t\t\t\t\t\t\t\t<div class=\"elementor-image\">\n\t\t\t\t\t\t\t\t\t\t\t\t<img width=\"720\" height=\"720\" src=\"https:\/\/fondation-grenoble-inp.fr\/wp-content\/uploads\/2025\/10\/Johsua-Basile.jpg\" class=\"attachment-large size-large\" alt=\"\" loading=\"lazy\" srcset=\"https:\/\/fondation-grenoble-inp.fr\/wp-content\/uploads\/2025\/10\/Johsua-Basile.jpg 720w, https:\/\/fondation-grenoble-inp.fr\/wp-content\/uploads\/2025\/10\/Johsua-Basile-300x300.jpg 300w, https:\/\/fondation-grenoble-inp.fr\/wp-content\/uploads\/2025\/10\/Johsua-Basile-150x150.jpg 150w, https:\/\/fondation-grenoble-inp.fr\/wp-content\/uploads\/2025\/10\/Johsua-Basile-12x12.jpg 12w\" sizes=\"(max-width: 720px) 100vw, 720px\" \/>\t\t\t\t\t\t\t\t\t\t\t\t\t\t<\/div>\n\t\t\t\t\t\t<\/div>\n\t\t\t\t<\/div>\n\t\t\t\t\t\t<\/div>\n\t\t\t\t\t<\/div>\n\t\t<\/div>\n\t\t\t\t\t\t\t\t<\/div>\n\t\t\t\t\t<\/div>\n\t\t<\/section>\n\t\t\t\t<section class=\"elementor-section elementor-top-section elementor-element elementor-element-f7c64b0 elementor-section-boxed elementor-section-height-default elementor-section-height-default\" data-id=\"f7c64b0\" data-element_type=\"section\">\n\t\t\t\t\t\t<div class=\"elementor-container elementor-column-gap-default\">\n\t\t\t\t\t\t\t<div class=\"elementor-row\">\n\t\t\t\t\t<div class=\"elementor-column elementor-col-100 elementor-top-column elementor-element elementor-element-5538882\" data-id=\"5538882\" data-element_type=\"column\">\n\t\t\t<div class=\"elementor-column-wrap elementor-element-populated\">\n\t\t\t\t\t\t\t<div class=\"elementor-widget-wrap\">\n\t\t\t\t\t\t<div class=\"elementor-element elementor-element-fdcbd36 elementor-widget elementor-widget-text-editor\" data-id=\"fdcbd36\" data-element_type=\"widget\" data-widget_type=\"text-editor.default\">\n\t\t\t\t<div class=\"elementor-widget-container\">\n\t\t\t\t\t\t\t\t<div class=\"elementor-text-editor elementor-clearfix\">\n\t\t\t\t<p><em>\u00ab\u00a0Une saison perturb\u00e9e par les blessures mais conclue sur une belle remont\u00e9e et des objectifs clairs pour la reprise.\u00a0\u00bb<\/em><\/p>\t\t\t\t\t<\/div>\n\t\t\t\t\t\t<\/div>\n\t\t\t\t<\/div>\n\t\t\t\t\t\t<\/div>\n\t\t\t\t\t<\/div>\n\t\t<\/div>\n\t\t\t\t\t\t\t\t<\/div>\n\t\t\t\t\t<\/div>\n\t\t<\/section>\n\t\t\t\t<section class=\"elementor-section elementor-top-section elementor-element elementor-element-437b733 elementor-section-boxed elementor-section-height-default elementor-section-height-default\" data-id=\"437b733\" data-element_type=\"section\">\n\t\t\t\t\t\t<div class=\"elementor-container elementor-column-gap-default\">\n\t\t\t\t\t\t\t<div class=\"elementor-row\">\n\t\t\t\t\t<div class=\"elementor-column elementor-col-100 elementor-top-column elementor-element elementor-element-87cbad8\" data-id=\"87cbad8\" data-element_type=\"column\">\n\t\t\t<div class=\"elementor-column-wrap elementor-element-populated\">\n\t\t\t\t\t\t\t<div class=\"elementor-widget-wrap\">\n\t\t\t\t\t\t<div class=\"elementor-element elementor-element-c15473a elementor-widget elementor-widget-text-editor\" data-id=\"c15473a\" data-element_type=\"widget\" data-widget_type=\"text-editor.default\">\n\t\t\t\t<div class=\"elementor-widget-container\">\n\t\t\t\t\t\t\t\t<div class=\"elementor-text-editor elementor-clearfix\">\n\t\t\t\t<h2>Matthieu Lavignac (cyclisme sur route et cyclo-cross)<\/h2>\t\t\t\t\t<\/div>\n\t\t\t\t\t\t<\/div>\n\t\t\t\t<\/div>\n\t\t\t\t<div class=\"elementor-element elementor-element-056c652 elementor-widget elementor-widget-text-editor\" data-id=\"056c652\" data-element_type=\"widget\" data-widget_type=\"text-editor.default\">\n\t\t\t\t<div class=\"elementor-widget-container\">\n\t\t\t\t\t\t\t\t<div class=\"elementor-text-editor elementor-clearfix\">\n\t\t\t\t<p>\u00c9tudiant \u00e0 <strong><a href=\"https:\/\/ense3.grenoble-inp.fr\/\" target=\"_blank\" rel=\"noopener\">Grenoble INP &#8211; Ense\u00b3, UGA<\/a><\/strong>, <strong><a href=\"https:\/\/www.linkedin.com\/in\/matthieu-lavignac-2b7542232\/\" target=\"_blank\" rel=\"noopener\">Matthieu<\/a><\/strong> s\u2019est tourn\u00e9 vers le v\u00e9lo \u00e0 l\u2019\u00e2ge de 12 ans, et a d\u00e9but\u00e9 par la route avant de d\u00e9couvrir le cyclo-cross, une sp\u00e9cialit\u00e9 dans laquelle il s\u2019est pleinement investi. En 2021, il a int\u00e9gr\u00e9 une \u00e9quipe de division nationale 1 sur route, un moment marquant de son parcours.\u00a0<\/p>\t\t\t\t\t<\/div>\n\t\t\t\t\t\t<\/div>\n\t\t\t\t<\/div>\n\t\t\t\t\t\t<\/div>\n\t\t\t\t\t<\/div>\n\t\t<\/div>\n\t\t\t\t\t\t\t\t<\/div>\n\t\t\t\t\t<\/div>\n\t\t<\/section>\n\t\t\t\t<section class=\"elementor-section elementor-top-section elementor-element elementor-element-9135a3b elementor-section-boxed elementor-section-height-default elementor-section-height-default\" data-id=\"9135a3b\" data-element_type=\"section\">\n\t\t\t\t\t\t<div class=\"elementor-container elementor-column-gap-default\">\n\t\t\t\t\t\t\t<div class=\"elementor-row\">\n\t\t\t\t\t<div class=\"elementor-column elementor-col-33 elementor-top-column elementor-element elementor-element-5ad0fa5\" data-id=\"5ad0fa5\" data-element_type=\"column\">\n\t\t\t<div class=\"elementor-column-wrap elementor-element-populated\">\n\t\t\t\t\t\t\t<div class=\"elementor-widget-wrap\">\n\t\t\t\t\t\t<div class=\"elementor-element elementor-element-e3a8d62 dce_masking-none elementor-widget elementor-widget-image\" data-id=\"e3a8d62\" data-element_type=\"widget\" data-widget_type=\"image.default\">\n\t\t\t\t<div class=\"elementor-widget-container\">\n\t\t\t\t\t\t\t\t<div class=\"elementor-image\">\n\t\t\t\t\t\t\t\t\t\t\t\t<img width=\"1024\" height=\"1024\" src=\"https:\/\/fondation-grenoble-inp.fr\/wp-content\/uploads\/2025\/10\/Lavignac-Mathhieu-Credit-Philippe-Pradier-1024x1024.png\" class=\"attachment-large size-large\" alt=\"\" loading=\"lazy\" srcset=\"https:\/\/fondation-grenoble-inp.fr\/wp-content\/uploads\/2025\/10\/Lavignac-Mathhieu-Credit-Philippe-Pradier-1024x1024.png 1024w, https:\/\/fondation-grenoble-inp.fr\/wp-content\/uploads\/2025\/10\/Lavignac-Mathhieu-Credit-Philippe-Pradier-300x300.png 300w, https:\/\/fondation-grenoble-inp.fr\/wp-content\/uploads\/2025\/10\/Lavignac-Mathhieu-Credit-Philippe-Pradier-150x150.png 150w, https:\/\/fondation-grenoble-inp.fr\/wp-content\/uploads\/2025\/10\/Lavignac-Mathhieu-Credit-Philippe-Pradier-768x768.png 768w, https:\/\/fondation-grenoble-inp.fr\/wp-content\/uploads\/2025\/10\/Lavignac-Mathhieu-Credit-Philippe-Pradier-1536x1536.png 1536w, https:\/\/fondation-grenoble-inp.fr\/wp-content\/uploads\/2025\/10\/Lavignac-Mathhieu-Credit-Philippe-Pradier-12x12.png 12w, https:\/\/fondation-grenoble-inp.fr\/wp-content\/uploads\/2025\/10\/Lavignac-Mathhieu-Credit-Philippe-Pradier.png 1543w\" sizes=\"(max-width: 1024px) 100vw, 1024px\" \/>\t\t\t\t\t\t\t\t\t\t\t\t\t\t<\/div>\n\t\t\t\t\t\t<\/div>\n\t\t\t\t<\/div>\n\t\t\t\t\t\t<\/div>\n\t\t\t\t\t<\/div>\n\t\t<\/div>\n\t\t\t\t<div class=\"elementor-column elementor-col-66 elementor-top-column elementor-element elementor-element-70a6f1a\" data-id=\"70a6f1a\" data-element_type=\"column\">\n\t\t\t<div class=\"elementor-column-wrap elementor-element-populated\">\n\t\t\t\t\t\t\t<div class=\"elementor-widget-wrap\">\n\t\t\t\t\t\t<div class=\"elementor-element elementor-element-7c079e2 elementor-widget elementor-widget-text-editor\" data-id=\"7c079e2\" data-element_type=\"widget\" data-widget_type=\"text-editor.default\">\n\t\t\t\t<div class=\"elementor-widget-container\">\n\t\t\t\t\t\t\t\t<div class=\"elementor-text-editor elementor-clearfix\">\n\t\t\t\t<p><strong>Ses principaux r\u00e9sultats :<\/strong><\/p><p>\u2022 Cyclo-cross :<br \/>-15e en coupe de France (manche 3)<br \/>-18e au championnat de France<br \/>-16e du classement g\u00e9n\u00e9ral de la Coupe de France<br \/>-10e \u00e0 Gij\u00f3n (Coupe d\u2019Espagne)<\/p><p>\u2022 Route :<br \/>-Champion de France universitaire du contre-la-montre<br \/>-3e au Tour du Nivernais Morvan, \u00e9tape 3 (Elite nationale)<\/p>\t\t\t\t\t<\/div>\n\t\t\t\t\t\t<\/div>\n\t\t\t\t<\/div>\n\t\t\t\t\t\t<\/div>\n\t\t\t\t\t<\/div>\n\t\t<\/div>\n\t\t\t\t\t\t\t\t<\/div>\n\t\t\t\t\t<\/div>\n\t\t<\/section>\n\t\t\t\t<section class=\"elementor-section elementor-top-section elementor-element elementor-element-fe781c8 elementor-section-boxed elementor-section-height-default elementor-section-height-default\" data-id=\"fe781c8\" data-element_type=\"section\">\n\t\t\t\t\t\t<div class=\"elementor-container elementor-column-gap-default\">\n\t\t\t\t\t\t\t<div class=\"elementor-row\">\n\t\t\t\t\t<div class=\"elementor-column elementor-col-100 elementor-top-column elementor-element elementor-element-4cfdfd8\" data-id=\"4cfdfd8\" data-element_type=\"column\">\n\t\t\t<div class=\"elementor-column-wrap elementor-element-populated\">\n\t\t\t\t\t\t\t<div class=\"elementor-widget-wrap\">\n\t\t\t\t\t\t<div class=\"elementor-element elementor-element-82fb72e elementor-widget elementor-widget-text-editor\" data-id=\"82fb72e\" data-element_type=\"widget\" data-widget_type=\"text-editor.default\">\n\t\t\t\t<div class=\"elementor-widget-container\">\n\t\t\t\t\t\t\t\t<div class=\"elementor-text-editor elementor-clearfix\">\n\t\t\t\t<p><em>\u00ab\u00a0Une saison constante en cyclo-cross et sur route, men\u00e9e en parall\u00e8le d\u2019un stage et d\u2019une ann\u00e9e acad\u00e9mique exigeante.\u00a0\u00bb<\/em><\/p>\t\t\t\t\t<\/div>\n\t\t\t\t\t\t<\/div>\n\t\t\t\t<\/div>\n\t\t\t\t\t\t<\/div>\n\t\t\t\t\t<\/div>\n\t\t<\/div>\n\t\t\t\t\t\t\t\t<\/div>\n\t\t\t\t\t<\/div>\n\t\t<\/section>\n\t\t\t\t<section class=\"elementor-section elementor-top-section elementor-element elementor-element-14e742d elementor-section-boxed elementor-section-height-default elementor-section-height-default\" data-id=\"14e742d\" data-element_type=\"section\">\n\t\t\t\t\t\t<div class=\"elementor-container elementor-column-gap-default\">\n\t\t\t\t\t\t\t<div class=\"elementor-row\">\n\t\t\t\t\t<div class=\"elementor-column elementor-col-100 elementor-top-column elementor-element elementor-element-ec24508\" data-id=\"ec24508\" data-element_type=\"column\">\n\t\t\t<div class=\"elementor-column-wrap elementor-element-populated\">\n\t\t\t\t\t\t\t<div class=\"elementor-widget-wrap\">\n\t\t\t\t\t\t<div class=\"elementor-element elementor-element-bd3fb7b elementor-widget elementor-widget-text-editor\" data-id=\"bd3fb7b\" data-element_type=\"widget\" data-widget_type=\"text-editor.default\">\n\t\t\t\t<div class=\"elementor-widget-container\">\n\t\t\t\t\t\t\t\t<div class=\"elementor-text-editor elementor-clearfix\">\n\t\t\t\t<h2>Clotilde Pfister (escalade)<\/h2>\t\t\t\t\t<\/div>\n\t\t\t\t\t\t<\/div>\n\t\t\t\t<\/div>\n\t\t\t\t<div class=\"elementor-element elementor-element-136e382 elementor-widget elementor-widget-text-editor\" data-id=\"136e382\" data-element_type=\"widget\" data-widget_type=\"text-editor.default\">\n\t\t\t\t<div class=\"elementor-widget-container\">\n\t\t\t\t\t\t\t\t<div class=\"elementor-text-editor elementor-clearfix\">\n\t\t\t\t<p>\u00c9tudiante \u00e0 <strong><a href=\"https:\/\/iae.grenoble-inp.fr\/\" target=\"_blank\" rel=\"noopener\">Grenoble IAE &#8211; INP, UGA<\/a><\/strong>, <strong><a href=\"https:\/\/www.linkedin.com\/in\/clotilde-pfister-a53322123\/\" target=\"_blank\" rel=\"noopener\">Clotilde<\/a><\/strong> a d\u00e9but\u00e9 l&rsquo;escalade \u00e0 l\u2019\u00e2ge de 6 ans et a particip\u00e9 \u00e0 ses premi\u00e8res comp\u00e9titions au coll\u00e8ge.\u00a0Son premier podium national en cat\u00e9gorie senior en 2021, reste un moment cl\u00e9 de son parcours.\u00a0<\/p>\t\t\t\t\t<\/div>\n\t\t\t\t\t\t<\/div>\n\t\t\t\t<\/div>\n\t\t\t\t\t\t<\/div>\n\t\t\t\t\t<\/div>\n\t\t<\/div>\n\t\t\t\t\t\t\t\t<\/div>\n\t\t\t\t\t<\/div>\n\t\t<\/section>\n\t\t\t\t<section class=\"elementor-section elementor-top-section elementor-element elementor-element-be85311 elementor-section-boxed elementor-section-height-default elementor-section-height-default\" data-id=\"be85311\" data-element_type=\"section\">\n\t\t\t\t\t\t<div class=\"elementor-container elementor-column-gap-default\">\n\t\t\t\t\t\t\t<div class=\"elementor-row\">\n\t\t\t\t\t<div class=\"elementor-column elementor-col-66 elementor-top-column elementor-element elementor-element-82b0786\" data-id=\"82b0786\" data-element_type=\"column\">\n\t\t\t<div class=\"elementor-column-wrap elementor-element-populated\">\n\t\t\t\t\t\t\t<div class=\"elementor-widget-wrap\">\n\t\t\t\t\t\t<div class=\"elementor-element elementor-element-4674c23 elementor-widget elementor-widget-text-editor\" data-id=\"4674c23\" data-element_type=\"widget\" data-widget_type=\"text-editor.default\">\n\t\t\t\t<div class=\"elementor-widget-container\">\n\t\t\t\t\t\t\t\t<div class=\"elementor-text-editor elementor-clearfix\">\n\t\t\t\t<p><strong>Ses principaux r\u00e9sultats :<\/strong><\/p><p>\u2022 Finaliste en Coupe d\u2019Europe de difficult\u00e9 \u00e0 Ostermundigen (Suisse) \u2013 7\u1d49 place<\/p><p>\u2022 S\u00e9lectionn\u00e9e \u00e0 la Coupe du Monde de Chamonix \u2013 44\u1d49 place<\/p><p>\u2022 19\u1d49 \u00e0 la Coupe d\u2019Europe de Campitello (Italie)<\/p>\t\t\t\t\t<\/div>\n\t\t\t\t\t\t<\/div>\n\t\t\t\t<\/div>\n\t\t\t\t\t\t<\/div>\n\t\t\t\t\t<\/div>\n\t\t<\/div>\n\t\t\t\t<div class=\"elementor-column elementor-col-33 elementor-top-column elementor-element elementor-element-2484d04\" data-id=\"2484d04\" data-element_type=\"column\">\n\t\t\t<div class=\"elementor-column-wrap elementor-element-populated\">\n\t\t\t\t\t\t\t<div class=\"elementor-widget-wrap\">\n\t\t\t\t\t\t<div class=\"elementor-element elementor-element-d8c1d99 dce_masking-none elementor-widget elementor-widget-image\" data-id=\"d8c1d99\" data-element_type=\"widget\" data-widget_type=\"image.default\">\n\t\t\t\t<div class=\"elementor-widget-container\">\n\t\t\t\t\t\t\t\t<div class=\"elementor-image\">\n\t\t\t\t\t\t\t\t\t\t\t\t<img width=\"887\" height=\"891\" src=\"https:\/\/fondation-grenoble-inp.fr\/wp-content\/uploads\/2025\/10\/Pfister-Clotilde-Credit-Vladek-Zumr.png\" class=\"attachment-large size-large\" alt=\"\" loading=\"lazy\" srcset=\"https:\/\/fondation-grenoble-inp.fr\/wp-content\/uploads\/2025\/10\/Pfister-Clotilde-Credit-Vladek-Zumr.png 887w, https:\/\/fondation-grenoble-inp.fr\/wp-content\/uploads\/2025\/10\/Pfister-Clotilde-Credit-Vladek-Zumr-300x300.png 300w, https:\/\/fondation-grenoble-inp.fr\/wp-content\/uploads\/2025\/10\/Pfister-Clotilde-Credit-Vladek-Zumr-150x150.png 150w, https:\/\/fondation-grenoble-inp.fr\/wp-content\/uploads\/2025\/10\/Pfister-Clotilde-Credit-Vladek-Zumr-768x771.png 768w, https:\/\/fondation-grenoble-inp.fr\/wp-content\/uploads\/2025\/10\/Pfister-Clotilde-Credit-Vladek-Zumr-12x12.png 12w\" sizes=\"(max-width: 887px) 100vw, 887px\" \/>\t\t\t\t\t\t\t\t\t\t\t\t\t\t<\/div>\n\t\t\t\t\t\t<\/div>\n\t\t\t\t<\/div>\n\t\t\t\t\t\t<\/div>\n\t\t\t\t\t<\/div>\n\t\t<\/div>\n\t\t\t\t\t\t\t\t<\/div>\n\t\t\t\t\t<\/div>\n\t\t<\/section>\n\t\t\t\t<section class=\"elementor-section elementor-top-section elementor-element elementor-element-683d3c1 elementor-section-boxed elementor-section-height-default elementor-section-height-default\" data-id=\"683d3c1\" data-element_type=\"section\">\n\t\t\t\t\t\t<div class=\"elementor-container elementor-column-gap-default\">\n\t\t\t\t\t\t\t<div class=\"elementor-row\">\n\t\t\t\t\t<div class=\"elementor-column elementor-col-100 elementor-top-column elementor-element elementor-element-48c6820\" data-id=\"48c6820\" data-element_type=\"column\">\n\t\t\t<div class=\"elementor-column-wrap elementor-element-populated\">\n\t\t\t\t\t\t\t<div class=\"elementor-widget-wrap\">\n\t\t\t\t\t\t<div class=\"elementor-element elementor-element-6ea98f7 elementor-widget elementor-widget-text-editor\" data-id=\"6ea98f7\" data-element_type=\"widget\" data-widget_type=\"text-editor.default\">\n\t\t\t\t<div class=\"elementor-widget-container\">\n\t\t\t\t\t\t\t\t<div class=\"elementor-text-editor elementor-clearfix\">\n\t\t\t\t<p><em>\u00ab\u00a0Trois comp\u00e9titions internationales et une finale en Coupe d\u2019Europe, son meilleur r\u00e9sultat \u00e0 ce jour.\u00a0\u00bb<\/em><\/p>\t\t\t\t\t<\/div>\n\t\t\t\t\t\t<\/div>\n\t\t\t\t<\/div>\n\t\t\t\t\t\t<\/div>\n\t\t\t\t\t<\/div>\n\t\t<\/div>\n\t\t\t\t\t\t\t\t<\/div>\n\t\t\t\t\t<\/div>\n\t\t<\/section>\n\t\t\t\t<section class=\"elementor-section elementor-top-section elementor-element elementor-element-60bb88a elementor-section-boxed elementor-section-height-default elementor-section-height-default\" data-id=\"60bb88a\" data-element_type=\"section\">\n\t\t\t\t\t\t<div class=\"elementor-container elementor-column-gap-default\">\n\t\t\t\t\t\t\t<div class=\"elementor-row\">\n\t\t\t\t\t<div class=\"elementor-column elementor-col-100 elementor-top-column elementor-element elementor-element-4394314\" data-id=\"4394314\" data-element_type=\"column\">\n\t\t\t<div class=\"elementor-column-wrap elementor-element-populated\">\n\t\t\t\t\t\t\t<div class=\"elementor-widget-wrap\">\n\t\t\t\t\t\t<div class=\"elementor-element elementor-element-9ec9c93 elementor-widget elementor-widget-spacer\" data-id=\"9ec9c93\" data-element_type=\"widget\" data-widget_type=\"spacer.default\">\n\t\t\t\t<div class=\"elementor-widget-container\">\n\t\t\t\t\t<div class=\"elementor-spacer\">\n\t\t\t<div class=\"elementor-spacer-inner\"><\/div>\n\t\t<\/div>\n\t\t\t\t<\/div>\n\t\t\t\t<\/div>\n\t\t\t\t<div class=\"elementor-element elementor-element-36f71d3 elementor-widget elementor-widget-text-editor\" data-id=\"36f71d3\" data-element_type=\"widget\" data-widget_type=\"text-editor.default\">\n\t\t\t\t<div class=\"elementor-widget-container\">\n\t\t\t\t\t\t\t\t<div class=\"elementor-text-editor elementor-clearfix\">\n\t\t\t\t<p>F\u00e9licitations \u00e0 toutes et tous pour cette saison estivale remarquable ! Les r\u00e9sultats obtenus t\u00e9moignent d\u2019une capacit\u00e9 \u00e0 concilier performance sportive et rigueur acad\u00e9mique. Ce double parcours est rendu possible gr\u00e2ce aux am\u00e9nagements sp\u00e9cifiques mis en place par <a href=\"https:\/\/www.grenoble-inp.fr\/\" target=\"_blank\" rel=\"noopener\"><strong>Grenoble INP \u2013 UGA<\/strong><\/a>, qui permettent aux athl\u00e8tes de poursuivre leurs \u00e9tudes tout en s\u2019entra\u00eenant et en participant aux comp\u00e9titions. La Fondation Grenoble INP est fi\u00e8re de les accompagner dans cette aventure, notamment \u00e0 travers l\u2019attribution de bourses, rendues possibles gr\u00e2ce au soutien de ses m\u00e9c\u00e8nes et donateurs, que nous remercions chaleureusement.\u00a0<\/p>\t\t\t\t\t<\/div>\n\t\t\t\t\t\t<\/div>\n\t\t\t\t<\/div>\n\t\t\t\t\t\t<\/div>\n\t\t\t\t\t<\/div>\n\t\t<\/div>\n\t\t\t\t\t\t\t\t<\/div>\n\t\t\t\t\t<\/div>\n\t\t<\/section>\n\t\t\t\t<section class=\"elementor-section elementor-top-section elementor-element elementor-element-177f67d elementor-section-boxed elementor-section-height-default elementor-section-height-default\" data-id=\"177f67d\" data-element_type=\"section\">\n\t\t\t\t\t\t<div class=\"elementor-container elementor-column-gap-default\">\n\t\t\t\t\t\t\t<div class=\"elementor-row\">\n\t\t\t\t\t<div class=\"elementor-column elementor-col-100 elementor-top-column elementor-element elementor-element-826ab05\" data-id=\"826ab05\" data-element_type=\"column\">\n\t\t\t<div class=\"elementor-column-wrap elementor-element-populated\">\n\t\t\t\t\t\t\t<div class=\"elementor-widget-wrap\">\n\t\t\t\t\t\t<div class=\"elementor-element elementor-element-1ab3e0c elementor-widget elementor-widget-text-editor\" data-id=\"1ab3e0c\" data-element_type=\"widget\" data-widget_type=\"text-editor.default\">\n\t\t\t\t<div class=\"elementor-widget-container\">\n\t\t\t\t\t\t\t\t<div class=\"elementor-text-editor elementor-clearfix\">\n\t\t\t\t<p><em><a href=\"https:\/\/fondation-grenoble-inp.fr\/en\/bourses-dexcellence\/\" target=\"_blank\" rel=\"noopener\"><strong>En savoir plus sur la bourse d\u2019excellence<\/strong><\/a><\/em><\/p>\t\t\t\t\t<\/div>\n\t\t\t\t\t\t<\/div>\n\t\t\t\t<\/div>\n\t\t\t\t\t\t<\/div>\n\t\t\t\t\t<\/div>\n\t\t<\/div>\n\t\t\t\t\t\t\t\t<\/div>\n\t\t\t\t\t<\/div>\n\t\t<\/section>\n\t\t\t\t\t\t<\/div>\n\t\t\t\t\t\t<\/div>\n\t\t\t\t\t<\/div>","protected":false},"excerpt":{"rendered":"<p>Gr\u00e2ce \u00e0 la bourse d\u2019excellence, la Fondation Grenoble INP accompagne les sportives et sportifs de haut niveau de Grenoble INP \u2013 UGA en  leur offrant l\u2019opportunit\u00e9 de concilier efficacement leurs \u00e9tudes avec leur engagement sportif \u00e0 un niveau de comp\u00e9tition \u00e9lev\u00e9.<\/p>","protected":false},"author":7,"featured_media":21959,"comment_status":"closed","ping_status":"open","sticky":false,"template":"","format":"standard","meta":[],"categories":[477],"tags":[],"acf":[],"yoast_head":"<!-- This site is optimized with the Yoast SEO plugin v18.0 - https:\/\/yoast.com\/wordpress\/plugins\/seo\/ -->\n<title>Un \u00e9t\u00e9 remarquable pour les sportives et sportifs de haut niveau soutenus par la Fondation - Fondation Grenoble INP<\/title>\n<meta name=\"description\" content=\"Gr\u00e2ce \u00e0 la bourse d\u2019excellence, la Fondation Grenoble INP accompagne les sportives et sportifs de haut niveau de Grenoble INP \u2013 UGA ...\" \/>\n<meta name=\"robots\" content=\"index, follow, max-snippet:-1, max-image-preview:large, max-video-preview:-1\" \/>\n<link rel=\"canonical\" href=\"https:\/\/fondation-grenoble-inp.fr\/en\/un-ete-remarquable-pour-les-sportives-et-sportifs-de-haut-niveau-soutenus-par-la-fondation\/\" \/>\n<meta property=\"og:locale\" content=\"en_US\" \/>\n<meta property=\"og:type\" content=\"article\" \/>\n<meta property=\"og:title\" content=\"Un \u00e9t\u00e9 remarquable pour les sportives et sportifs de haut niveau soutenus par la Fondation - Fondation Grenoble INP\" \/>\n<meta property=\"og:description\" content=\"Gr\u00e2ce \u00e0 la bourse d\u2019excellence, la Fondation Grenoble INP accompagne les sportives et sportifs de haut niveau de Grenoble INP \u2013 UGA ...\" \/>\n<meta property=\"og:url\" content=\"https:\/\/fondation-grenoble-inp.fr\/en\/un-ete-remarquable-pour-les-sportives-et-sportifs-de-haut-niveau-soutenus-par-la-fondation\/\" \/>\n<meta property=\"og:site_name\" content=\"Fondation Grenoble INP\" \/>\n<meta property=\"article:published_time\" content=\"2025-10-13T16:00:00+00:00\" \/>\n<meta property=\"article:modified_time\" content=\"2025-10-16T14:27:52+00:00\" \/>\n<meta property=\"og:image\" content=\"https:\/\/fondation-grenoble-inp.fr\/wp-content\/uploads\/2025\/10\/2025-09-23-Sebastien-Burnet-2-scaled.jpg\" \/>\n\t<meta property=\"og:image:width\" content=\"2560\" \/>\n\t<meta property=\"og:image:height\" content=\"1709\" \/>\n\t<meta property=\"og:image:type\" content=\"image\/jpeg\" \/>\n<meta name=\"twitter:card\" content=\"summary_large_image\" \/>\n<meta name=\"twitter:label1\" content=\"Written by\" \/>\n\t<meta name=\"twitter:data1\" content=\"Marie Dubreuil\" \/>\n\t<meta name=\"twitter:label2\" content=\"Est. reading time\" \/>\n\t<meta name=\"twitter:data2\" content=\"10 minutes\" \/>\n<script type=\"application\/ld+json\" class=\"yoast-schema-graph\">{\"@context\":\"https:\/\/schema.org\",\"@graph\":[{\"@type\":\"Organization\",\"@id\":\"https:\/\/fondation-grenoble-inp.fr\/#organization\",\"name\":\"Fondation INP Grenoble\",\"url\":\"https:\/\/fondation-grenoble-inp.fr\/\",\"sameAs\":[],\"logo\":{\"@type\":\"ImageObject\",\"@id\":\"https:\/\/fondation-grenoble-inp.fr\/#logo\",\"inLanguage\":\"en-US\",\"url\":\"https:\/\/fondation-grenoble-inp.fr\/wp-content\/uploads\/2021\/03\/cropped-favicon-fondation-inp-grenoble.png\",\"contentUrl\":\"https:\/\/fondation-grenoble-inp.fr\/wp-content\/uploads\/2021\/03\/cropped-favicon-fondation-inp-grenoble.png\",\"width\":512,\"height\":512,\"caption\":\"Fondation INP Grenoble\"},\"image\":{\"@id\":\"https:\/\/fondation-grenoble-inp.fr\/#logo\"}},{\"@type\":\"WebSite\",\"@id\":\"https:\/\/fondation-grenoble-inp.fr\/#website\",\"url\":\"https:\/\/fondation-grenoble-inp.fr\/\",\"name\":\"Fondation Grenoble INP\",\"description\":\"#OsezlAvenir\",\"publisher\":{\"@id\":\"https:\/\/fondation-grenoble-inp.fr\/#organization\"},\"potentialAction\":[{\"@type\":\"SearchAction\",\"target\":{\"@type\":\"EntryPoint\",\"urlTemplate\":\"https:\/\/fondation-grenoble-inp.fr\/?s={search_term_string}\"},\"query-input\":\"required name=search_term_string\"}],\"inLanguage\":\"en-US\"},{\"@type\":\"ImageObject\",\"@id\":\"https:\/\/fondation-grenoble-inp.fr\/un-ete-remarquable-pour-les-sportives-et-sportifs-de-haut-niveau-soutenus-par-la-fondation\/#primaryimage\",\"inLanguage\":\"en-US\",\"url\":\"https:\/\/fondation-grenoble-inp.fr\/wp-content\/uploads\/2025\/10\/2025-09-23-Sebastien-Burnet-2-scaled.jpg\",\"contentUrl\":\"https:\/\/fondation-grenoble-inp.fr\/wp-content\/uploads\/2025\/10\/2025-09-23-Sebastien-Burnet-2-scaled.jpg\",\"width\":\"2560\",\"height\":\"1709\"},{\"@type\":\"WebPage\",\"@id\":\"https:\/\/fondation-grenoble-inp.fr\/un-ete-remarquable-pour-les-sportives-et-sportifs-de-haut-niveau-soutenus-par-la-fondation\/#webpage\",\"url\":\"https:\/\/fondation-grenoble-inp.fr\/un-ete-remarquable-pour-les-sportives-et-sportifs-de-haut-niveau-soutenus-par-la-fondation\/\",\"name\":\"Un \u00e9t\u00e9 remarquable pour les sportives et sportifs de haut niveau soutenus par la Fondation - Fondation Grenoble INP\",\"isPartOf\":{\"@id\":\"https:\/\/fondation-grenoble-inp.fr\/#website\"},\"primaryImageOfPage\":{\"@id\":\"https:\/\/fondation-grenoble-inp.fr\/un-ete-remarquable-pour-les-sportives-et-sportifs-de-haut-niveau-soutenus-par-la-fondation\/#primaryimage\"},\"datePublished\":\"2025-10-13T16:00:00+00:00\",\"dateModified\":\"2025-10-16T14:27:52+00:00\",\"description\":\"Gr\u00e2ce \u00e0 la bourse d\u2019excellence, la Fondation Grenoble INP accompagne les sportives et sportifs de haut niveau de Grenoble INP \u2013 UGA ...\",\"breadcrumb\":{\"@id\":\"https:\/\/fondation-grenoble-inp.fr\/un-ete-remarquable-pour-les-sportives-et-sportifs-de-haut-niveau-soutenus-par-la-fondation\/#breadcrumb\"},\"inLanguage\":\"en-US\",\"potentialAction\":[{\"@type\":\"ReadAction\",\"target\":[\"https:\/\/fondation-grenoble-inp.fr\/un-ete-remarquable-pour-les-sportives-et-sportifs-de-haut-niveau-soutenus-par-la-fondation\/\"]}]},{\"@type\":\"BreadcrumbList\",\"@id\":\"https:\/\/fondation-grenoble-inp.fr\/un-ete-remarquable-pour-les-sportives-et-sportifs-de-haut-niveau-soutenus-par-la-fondation\/#breadcrumb\",\"itemListElement\":[{\"@type\":\"ListItem\",\"position\":1,\"name\":\"Accueil\",\"item\":\"https:\/\/fondation-grenoble-inp.fr\/\"},{\"@type\":\"ListItem\",\"position\":2,\"name\":\"Un \u00e9t\u00e9 remarquable pour les sportives et sportifs de haut niveau soutenus par la Fondation\"}]},{\"@type\":\"Article\",\"@id\":\"https:\/\/fondation-grenoble-inp.fr\/un-ete-remarquable-pour-les-sportives-et-sportifs-de-haut-niveau-soutenus-par-la-fondation\/#article\",\"isPartOf\":{\"@id\":\"https:\/\/fondation-grenoble-inp.fr\/un-ete-remarquable-pour-les-sportives-et-sportifs-de-haut-niveau-soutenus-par-la-fondation\/#webpage\"},\"author\":{\"@id\":\"https:\/\/fondation-grenoble-inp.fr\/#\/schema\/person\/7c36548ebaddf05ba7a055d161ebff94\"},\"headline\":\"Un \u00e9t\u00e9 remarquable pour les sportives et sportifs de haut niveau soutenus par la Fondation\",\"datePublished\":\"2025-10-13T16:00:00+00:00\",\"dateModified\":\"2025-10-16T14:27:52+00:00\",\"mainEntityOfPage\":{\"@id\":\"https:\/\/fondation-grenoble-inp.fr\/un-ete-remarquable-pour-les-sportives-et-sportifs-de-haut-niveau-soutenus-par-la-fondation\/#webpage\"},\"wordCount\":1533,\"publisher\":{\"@id\":\"https:\/\/fondation-grenoble-inp.fr\/#organization\"},\"image\":{\"@id\":\"https:\/\/fondation-grenoble-inp.fr\/un-ete-remarquable-pour-les-sportives-et-sportifs-de-haut-niveau-soutenus-par-la-fondation\/#primaryimage\"},\"thumbnailUrl\":\"https:\/\/fondation-grenoble-inp.fr\/wp-content\/uploads\/2025\/10\/2025-09-23-Sebastien-Burnet-2-scaled.jpg\",\"articleSection\":[\"Les Bourses\"],\"inLanguage\":\"en-US\"},{\"@type\":\"Person\",\"@id\":\"https:\/\/fondation-grenoble-inp.fr\/#\/schema\/person\/7c36548ebaddf05ba7a055d161ebff94\",\"name\":\"Marie Dubreuil\",\"image\":{\"@type\":\"ImageObject\",\"@id\":\"https:\/\/fondation-grenoble-inp.fr\/#personlogo\",\"inLanguage\":\"en-US\",\"url\":\"https:\/\/secure.gravatar.com\/avatar\/358eb0ab274d9479ce7c23b8a3f0a360?s=96&d=mm&r=g\",\"contentUrl\":\"https:\/\/secure.gravatar.com\/avatar\/358eb0ab274d9479ce7c23b8a3f0a360?s=96&d=mm&r=g\",\"caption\":\"Marie Dubreuil\"}}]}<\/script>\n<!-- \/ Yoast SEO plugin. -->","yoast_head_json":{"title":"Un \u00e9t\u00e9 remarquable pour les sportives et sportifs de haut niveau soutenus par la Fondation - Fondation Grenoble INP","description":"Gr\u00e2ce \u00e0 la bourse d\u2019excellence, la Fondation Grenoble INP accompagne les sportives et sportifs de haut niveau de Grenoble INP \u2013 UGA ...","robots":{"index":"index","follow":"follow","max-snippet":"max-snippet:-1","max-image-preview":"max-image-preview:large","max-video-preview":"max-video-preview:-1"},"canonical":"https:\/\/fondation-grenoble-inp.fr\/en\/un-ete-remarquable-pour-les-sportives-et-sportifs-de-haut-niveau-soutenus-par-la-fondation\/","og_locale":"en_US","og_type":"article","og_title":"Un \u00e9t\u00e9 remarquable pour les sportives et sportifs de haut niveau soutenus par la Fondation - Fondation Grenoble INP","og_description":"Gr\u00e2ce \u00e0 la bourse d\u2019excellence, la Fondation Grenoble INP accompagne les sportives et sportifs de haut niveau de Grenoble INP \u2013 UGA ...","og_url":"https:\/\/fondation-grenoble-inp.fr\/en\/un-ete-remarquable-pour-les-sportives-et-sportifs-de-haut-niveau-soutenus-par-la-fondation\/","og_site_name":"Fondation Grenoble INP","article_published_time":"2025-10-13T16:00:00+00:00","article_modified_time":"2025-10-16T14:27:52+00:00","og_image":[{"width":"2560","height":"1709","url":"https:\/\/fondation-grenoble-inp.fr\/wp-content\/uploads\/2025\/10\/2025-09-23-Sebastien-Burnet-2-scaled.jpg","type":"image\/jpeg"}],"twitter_card":"summary_large_image","twitter_misc":{"Written by":"Marie Dubreuil","Est. reading time":"10 minutes"},"schema":{"@context":"https:\/\/schema.org","@graph":[{"@type":"Organization","@id":"https:\/\/fondation-grenoble-inp.fr\/#organization","name":"Fondation INP Grenoble","url":"https:\/\/fondation-grenoble-inp.fr\/","sameAs":[],"logo":{"@type":"ImageObject","@id":"https:\/\/fondation-grenoble-inp.fr\/#logo","inLanguage":"en-US","url":"https:\/\/fondation-grenoble-inp.fr\/wp-content\/uploads\/2021\/03\/cropped-favicon-fondation-inp-grenoble.png","contentUrl":"https:\/\/fondation-grenoble-inp.fr\/wp-content\/uploads\/2021\/03\/cropped-favicon-fondation-inp-grenoble.png","width":512,"height":512,"caption":"Fondation INP Grenoble"},"image":{"@id":"https:\/\/fondation-grenoble-inp.fr\/#logo"}},{"@type":"WebSite","@id":"https:\/\/fondation-grenoble-inp.fr\/#website","url":"https:\/\/fondation-grenoble-inp.fr\/","name":"Fondation Grenoble INP","description":"#OsezlAvenir","publisher":{"@id":"https:\/\/fondation-grenoble-inp.fr\/#organization"},"potentialAction":[{"@type":"SearchAction","target":{"@type":"EntryPoint","urlTemplate":"https:\/\/fondation-grenoble-inp.fr\/?s={search_term_string}"},"query-input":"required name=search_term_string"}],"inLanguage":"en-US"},{"@type":"ImageObject","@id":"https:\/\/fondation-grenoble-inp.fr\/un-ete-remarquable-pour-les-sportives-et-sportifs-de-haut-niveau-soutenus-par-la-fondation\/#primaryimage","inLanguage":"en-US","url":"https:\/\/fondation-grenoble-inp.fr\/wp-content\/uploads\/2025\/10\/2025-09-23-Sebastien-Burnet-2-scaled.jpg","contentUrl":"https:\/\/fondation-grenoble-inp.fr\/wp-content\/uploads\/2025\/10\/2025-09-23-Sebastien-Burnet-2-scaled.jpg","width":"2560","height":"1709"},{"@type":"WebPage","@id":"https:\/\/fondation-grenoble-inp.fr\/un-ete-remarquable-pour-les-sportives-et-sportifs-de-haut-niveau-soutenus-par-la-fondation\/#webpage","url":"https:\/\/fondation-grenoble-inp.fr\/un-ete-remarquable-pour-les-sportives-et-sportifs-de-haut-niveau-soutenus-par-la-fondation\/","name":"Un \u00e9t\u00e9 remarquable pour les sportives et sportifs de haut niveau soutenus par la Fondation - Fondation Grenoble INP","isPartOf":{"@id":"https:\/\/fondation-grenoble-inp.fr\/#website"},"primaryImageOfPage":{"@id":"https:\/\/fondation-grenoble-inp.fr\/un-ete-remarquable-pour-les-sportives-et-sportifs-de-haut-niveau-soutenus-par-la-fondation\/#primaryimage"},"datePublished":"2025-10-13T16:00:00+00:00","dateModified":"2025-10-16T14:27:52+00:00","description":"Gr\u00e2ce \u00e0 la bourse d\u2019excellence, la Fondation Grenoble INP accompagne les sportives et sportifs de haut niveau de Grenoble INP \u2013 UGA ...","breadcrumb":{"@id":"https:\/\/fondation-grenoble-inp.fr\/un-ete-remarquable-pour-les-sportives-et-sportifs-de-haut-niveau-soutenus-par-la-fondation\/#breadcrumb"},"inLanguage":"en-US","potentialAction":[{"@type":"ReadAction","target":["https:\/\/fondation-grenoble-inp.fr\/un-ete-remarquable-pour-les-sportives-et-sportifs-de-haut-niveau-soutenus-par-la-fondation\/"]}]},{"@type":"BreadcrumbList","@id":"https:\/\/fondation-grenoble-inp.fr\/un-ete-remarquable-pour-les-sportives-et-sportifs-de-haut-niveau-soutenus-par-la-fondation\/#breadcrumb","itemListElement":[{"@type":"ListItem","position":1,"name":"Accueil","item":"https:\/\/fondation-grenoble-inp.fr\/"},{"@type":"ListItem","position":2,"name":"Un \u00e9t\u00e9 remarquable pour les sportives et sportifs de haut niveau soutenus par la Fondation"}]},{"@type":"Article","@id":"https:\/\/fondation-grenoble-inp.fr\/un-ete-remarquable-pour-les-sportives-et-sportifs-de-haut-niveau-soutenus-par-la-fondation\/#article","isPartOf":{"@id":"https:\/\/fondation-grenoble-inp.fr\/un-ete-remarquable-pour-les-sportives-et-sportifs-de-haut-niveau-soutenus-par-la-fondation\/#webpage"},"author":{"@id":"https:\/\/fondation-grenoble-inp.fr\/#\/schema\/person\/7c36548ebaddf05ba7a055d161ebff94"},"headline":"Un \u00e9t\u00e9 remarquable pour les sportives et sportifs de haut niveau soutenus par la Fondation","datePublished":"2025-10-13T16:00:00+00:00","dateModified":"2025-10-16T14:27:52+00:00","mainEntityOfPage":{"@id":"https:\/\/fondation-grenoble-inp.fr\/un-ete-remarquable-pour-les-sportives-et-sportifs-de-haut-niveau-soutenus-par-la-fondation\/#webpage"},"wordCount":1533,"publisher":{"@id":"https:\/\/fondation-grenoble-inp.fr\/#organization"},"image":{"@id":"https:\/\/fondation-grenoble-inp.fr\/un-ete-remarquable-pour-les-sportives-et-sportifs-de-haut-niveau-soutenus-par-la-fondation\/#primaryimage"},"thumbnailUrl":"https:\/\/fondation-grenoble-inp.fr\/wp-content\/uploads\/2025\/10\/2025-09-23-Sebastien-Burnet-2-scaled.jpg","articleSection":["Les Bourses"],"inLanguage":"en-US"},{"@type":"Person","@id":"https:\/\/fondation-grenoble-inp.fr\/#\/schema\/person\/7c36548ebaddf05ba7a055d161ebff94","name":"Marie Dubreuil","image":{"@type":"ImageObject","@id":"https:\/\/fondation-grenoble-inp.fr\/#personlogo","inLanguage":"en-US","url":"https:\/\/secure.gravatar.com\/avatar\/358eb0ab274d9479ce7c23b8a3f0a360?s=96&d=mm&r=g","contentUrl":"https:\/\/secure.gravatar.com\/avatar\/358eb0ab274d9479ce7c23b8a3f0a360?s=96&d=mm&r=g","caption":"Marie Dubreuil"}}]}},"_links":{"self":[{"href":"https:\/\/fondation-grenoble-inp.fr\/en\/wp-json\/wp\/v2\/posts\/21823"}],"collection":[{"href":"https:\/\/fondation-grenoble-inp.fr\/en\/wp-json\/wp\/v2\/posts"}],"about":[{"href":"https:\/\/fondation-grenoble-inp.fr\/en\/wp-json\/wp\/v2\/types\/post"}],"author":[{"embeddable":true,"href":"https:\/\/fondation-grenoble-inp.fr\/en\/wp-json\/wp\/v2\/users\/7"}],"replies":[{"embeddable":true,"href":"https:\/\/fondation-grenoble-inp.fr\/en\/wp-json\/wp\/v2\/comments?post=21823"}],"version-history":[{"count":87,"href":"https:\/\/fondation-grenoble-inp.fr\/en\/wp-json\/wp\/v2\/posts\/21823\/revisions"}],"predecessor-version":[{"id":22017,"href":"https:\/\/fondation-grenoble-inp.fr\/en\/wp-json\/wp\/v2\/posts\/21823\/revisions\/22017"}],"wp:featuredmedia":[{"embeddable":true,"href":"https:\/\/fondation-grenoble-inp.fr\/en\/wp-json\/wp\/v2\/media\/21959"}],"wp:attachment":[{"href":"https:\/\/fondation-grenoble-inp.fr\/en\/wp-json\/wp\/v2\/media?parent=21823"}],"wp:term":[{"taxonomy":"category","embeddable":true,"href":"https:\/\/fondation-grenoble-inp.fr\/en\/wp-json\/wp\/v2\/categories?post=21823"},{"taxonomy":"post_tag","embeddable":true,"href":"https:\/\/fondation-grenoble-inp.fr\/en\/wp-json\/wp\/v2\/tags?post=21823"}],"curies":[{"name":"wp","href":"https:\/\/api.w.org\/{rel}","templated":true}]}}