{"id":22092,"date":"2025-11-05T17:37:47","date_gmt":"2025-11-05T16:37:47","guid":{"rendered":"https:\/\/fondation-grenoble-inp.fr\/?p=22092"},"modified":"2026-02-19T15:59:15","modified_gmt":"2026-02-19T14:59:15","slug":"un-certificat-pour-transformer-les-modeles-economiques-face-aux-defis-de-lanthropocene","status":"publish","type":"post","link":"https:\/\/fondation-grenoble-inp.fr\/en\/un-certificat-pour-transformer-les-modeles-economiques-face-aux-defis-de-lanthropocene\/","title":{"rendered":"Un certificat pour transformer les mod\u00e8les \u00e9conomiques face aux d\u00e9fis de l\u2019Anthropoc\u00e8ne"},"content":{"rendered":"<div data-elementor-type=\"wp-post\" data-elementor-id=\"22092\" data-post-id=\"22092\" data-obj-id=\"22092\" class=\"elementor elementor-22092 dce-elementor-post-22092\" data-elementor-settings=\"[]\">\n\t\t\t\t\t\t<div class=\"elementor-inner\">\n\t\t\t\t\t\t\t<div class=\"elementor-section-wrap\">\n\t\t\t\t\t\t\t<section class=\"elementor-section elementor-top-section elementor-element elementor-element-20e6a30 elementor-section-boxed elementor-section-height-default elementor-section-height-default\" data-id=\"20e6a30\" data-element_type=\"section\">\n\t\t\t\t\t\t<div class=\"elementor-container elementor-column-gap-default\">\n\t\t\t\t\t\t\t<div class=\"elementor-row\">\n\t\t\t\t\t<div class=\"elementor-column elementor-col-100 elementor-top-column elementor-element elementor-element-5f75fcf\" data-id=\"5f75fcf\" data-element_type=\"column\">\n\t\t\t<div class=\"elementor-column-wrap elementor-element-populated\">\n\t\t\t\t\t\t\t<div class=\"elementor-widget-wrap\">\n\t\t\t\t\t\t<div class=\"elementor-element elementor-element-f82cde3 elementor-widget elementor-widget-text-editor\" data-id=\"f82cde3\" data-element_type=\"widget\" data-widget_type=\"text-editor.default\">\n\t\t\t\t<div class=\"elementor-widget-container\">\n\t\t\t\t\t\t\t\t<div class=\"elementor-text-editor elementor-clearfix\">\n\t\t\t\t<p><strong>En janvier 2026, <a href=\"https:\/\/iae.grenoble-inp.fr\/\" target=\"_blank\" rel=\"noopener\">Grenoble IAE &#8211; INP, UGA<\/a> proposera un nouveau certificat Executive intitul\u00e9 \u00ab\u202f<a href=\"https:\/\/iae.grenoble-inp.fr\/fr\/exed\/certificat-elaborer-des-modeles-economiques-robustes-soutenables\" target=\"_blank\" rel=\"noopener\">\u00c9laborer des mod\u00e8les \u00e9conomiques robustes et soutenables<\/a>\u202f\u00bb. Con\u00e7u pour r\u00e9pondre aux enjeux de soutenabilit\u00e9 forte, ce programme est en partenariat avec les Chaires <a href=\"https:\/\/fondation-grenoble-inp.fr\/en\/nos-actions\/chaire-for-libra\/\" target=\"_blank\" rel=\"noopener\">For Libra<\/a> and <a href=\"https:\/\/fondation-grenoble-inp.fr\/en\/nos-actions\/chaire-regen-lab\/\" target=\"_blank\" rel=\"noopener\">Regen Lab<\/a>, port\u00e9es par la <a href=\"https:\/\/fondation-grenoble-inp.fr\/en\/\" target=\"_blank\" rel=\"noopener\">Grenoble INP Foundation<\/a>. Il s\u2019appuie \u00e9galement sur les travaux p\u00e9dagogiques de la <a href=\"https:\/\/iae.grenoble-inp.fr\/fr\/nos-activites-de-recherche\/transitions-en-action\" target=\"_blank\" rel=\"noopener\">Chaire Transitions en action<\/a> de Grenoble IAE &#8211; INP, UGA.<\/strong><\/p>\t\t\t\t\t<\/div>\n\t\t\t\t\t\t<\/div>\n\t\t\t\t<\/div>\n\t\t\t\t\t\t<\/div>\n\t\t\t\t\t<\/div>\n\t\t<\/div>\n\t\t\t\t\t\t\t\t<\/div>\n\t\t\t\t\t<\/div>\n\t\t<\/section>\n\t\t\t\t<section class=\"elementor-section elementor-top-section elementor-element elementor-element-b2722c2 elementor-section-boxed elementor-section-height-default elementor-section-height-default\" data-id=\"b2722c2\" data-element_type=\"section\">\n\t\t\t\t\t\t<div class=\"elementor-container elementor-column-gap-default\">\n\t\t\t\t\t\t\t<div class=\"elementor-row\">\n\t\t\t\t\t<div class=\"elementor-column elementor-col-100 elementor-top-column elementor-element elementor-element-d324448\" data-id=\"d324448\" data-element_type=\"column\">\n\t\t\t<div class=\"elementor-column-wrap elementor-element-populated\">\n\t\t\t\t\t\t\t<div class=\"elementor-widget-wrap\">\n\t\t\t\t\t\t<div class=\"elementor-element elementor-element-933a8d2 elementor-widget elementor-widget-text-editor\" data-id=\"933a8d2\" data-element_type=\"widget\" data-widget_type=\"text-editor.default\">\n\t\t\t\t<div class=\"elementor-widget-container\">\n\t\t\t\t\t\t\t\t<div class=\"elementor-text-editor elementor-clearfix\">\n\t\t\t\t<h2>Accompagner les entreprises dans leurs transitions r\u00e9g\u00e9n\u00e9ratives<\/h2>\t\t\t\t\t<\/div>\n\t\t\t\t\t\t<\/div>\n\t\t\t\t<\/div>\n\t\t\t\t<div class=\"elementor-element elementor-element-ee6f548 elementor-widget elementor-widget-text-editor\" data-id=\"ee6f548\" data-element_type=\"widget\" data-widget_type=\"text-editor.default\">\n\t\t\t\t<div class=\"elementor-widget-container\">\n\t\t\t\t\t\t\t\t<div class=\"elementor-text-editor elementor-clearfix\">\n\t\t\t\t<p>Face \u00e0 l\u2019acc\u00e9l\u00e9ration des crises \u2013 environnementales, sociales, \u00e9conomiques, g\u00e9opolitiques \u2013 les organisations doivent repenser leurs mod\u00e8les pour gagner en robustesse et garantir leur p\u00e9rennit\u00e9. Le certificat vise \u00e0 \u00e9quiper les professionnels avec des m\u00e9thodes d\u2019innovation qui placent la soutenabilit\u00e9 sociale et environnementale au c\u0153ur de leurs pr\u00e9occupations.<br \/>Inspir\u00e9 par les recherches de la chaire Regen Lab. Ce programme invite \u00e0 sortir des logiques extractivistes pour explorer des mod\u00e8les r\u00e9g\u00e9n\u00e9ratifs, capables de g\u00e9n\u00e9rer des impacts positifs nets sur le vivant humain et non humain.<\/p>\t\t\t\t\t<\/div>\n\t\t\t\t\t\t<\/div>\n\t\t\t\t<\/div>\n\t\t\t\t\t\t<\/div>\n\t\t\t\t\t<\/div>\n\t\t<\/div>\n\t\t\t\t\t\t\t\t<\/div>\n\t\t\t\t\t<\/div>\n\t\t<\/section>\n\t\t\t\t<section class=\"elementor-section elementor-top-section elementor-element elementor-element-f023fb4 elementor-section-boxed elementor-section-height-default elementor-section-height-default\" data-id=\"f023fb4\" data-element_type=\"section\">\n\t\t\t\t\t\t<div class=\"elementor-container elementor-column-gap-default\">\n\t\t\t\t\t\t\t<div class=\"elementor-row\">\n\t\t\t\t\t<div class=\"elementor-column elementor-col-100 elementor-top-column elementor-element elementor-element-6426b05\" data-id=\"6426b05\" data-element_type=\"column\">\n\t\t\t<div class=\"elementor-column-wrap elementor-element-populated\">\n\t\t\t\t\t\t\t<div class=\"elementor-widget-wrap\">\n\t\t\t\t\t\t<div class=\"elementor-element elementor-element-a7200fd elementor-widget elementor-widget-text-editor\" data-id=\"a7200fd\" data-element_type=\"widget\" data-widget_type=\"text-editor.default\">\n\t\t\t\t<div class=\"elementor-widget-container\">\n\t\t\t\t\t\t\t\t<div class=\"elementor-text-editor elementor-clearfix\">\n\t\t\t\t<h2><strong>Un parcours structur\u00e9 entre exploration et exp\u00e9rimentation<\/strong><\/h2>\t\t\t\t\t<\/div>\n\t\t\t\t\t\t<\/div>\n\t\t\t\t<\/div>\n\t\t\t\t<div class=\"elementor-element elementor-element-82ad66c elementor-widget elementor-widget-text-editor\" data-id=\"82ad66c\" data-element_type=\"widget\" data-widget_type=\"text-editor.default\">\n\t\t\t\t<div class=\"elementor-widget-container\">\n\t\t\t\t\t\t\t\t<div class=\"elementor-text-editor elementor-clearfix\">\n\t\t\t\t<p>Le certificat propose 10 jours de formation, articul\u00e9s autour de deux temps forts :<\/p><ul><li>Explorer les concepts de strat\u00e9gie de robustesse, d\u2019innovation circulaire et de mod\u00e8les \u00e9conomiques r\u00e9g\u00e9n\u00e9ratifs<\/li><li>Concevoir et exp\u00e9rimenter ses propres strat\u00e9gies \u00e0 travers des ateliers, \u00e9tudes de cas et jeux s\u00e9rieux<\/li><\/ul><p>Chaque session est anim\u00e9e par des experts des transitions et s\u2019appuie sur une p\u00e9dagogie active, favorisant les \u00e9changes entre participants et une compr\u00e9hension syst\u00e9mique des enjeux.<\/p><p>Ce certificat contribue \u00e0 faire \u00e9merger des mod\u00e8les \u00e9conomiques compatibles avec les limites plan\u00e9taires et les besoins sociaux. Une formation strat\u00e9gique pour celles et ceux qui souhaitent impulser un changement profond dans leur organisation.<\/p>\t\t\t\t\t<\/div>\n\t\t\t\t\t\t<\/div>\n\t\t\t\t<\/div>\n\t\t\t\t<div class=\"elementor-element elementor-element-7ff2e9c elementor-widget elementor-widget-spacer\" data-id=\"7ff2e9c\" data-element_type=\"widget\" data-widget_type=\"spacer.default\">\n\t\t\t\t<div class=\"elementor-widget-container\">\n\t\t\t\t\t<div class=\"elementor-spacer\">\n\t\t\t<div class=\"elementor-spacer-inner\"><\/div>\n\t\t<\/div>\n\t\t\t\t<\/div>\n\t\t\t\t<\/div>\n\t\t\t\t\t\t<\/div>\n\t\t\t\t\t<\/div>\n\t\t<\/div>\n\t\t\t\t\t\t\t\t<\/div>\n\t\t\t\t\t<\/div>\n\t\t<\/section>\n\t\t\t\t<section class=\"elementor-section elementor-top-section elementor-element elementor-element-62ad7a0 elementor-section-boxed elementor-section-height-default elementor-section-height-default\" data-id=\"62ad7a0\" data-element_type=\"section\">\n\t\t\t\t\t\t<div class=\"elementor-container elementor-column-gap-default\">\n\t\t\t\t\t\t\t<div class=\"elementor-row\">\n\t\t\t\t\t<div class=\"elementor-column elementor-col-100 elementor-top-column elementor-element elementor-element-89db20b\" data-id=\"89db20b\" data-element_type=\"column\">\n\t\t\t<div class=\"elementor-column-wrap elementor-element-populated\">\n\t\t\t\t\t\t\t<div class=\"elementor-widget-wrap\">\n\t\t\t\t\t\t<div class=\"elementor-element elementor-element-65a4da4 elementor-widget elementor-widget-text-editor\" data-id=\"65a4da4\" data-element_type=\"widget\" data-widget_type=\"text-editor.default\">\n\t\t\t\t<div class=\"elementor-widget-container\">\n\t\t\t\t\t\t\t\t<div class=\"elementor-text-editor elementor-clearfix\">\n\t\t\t\t<p><em><strong><a href=\"https:\/\/fondation-grenoble-inp.fr\/en\/nos-actions\/chaire-for-libra\/\" target=\"_blank\" rel=\"noopener\">En savoir plus sur la Chaire For Libra<\/a><\/strong><\/em><\/p>\t\t\t\t\t<\/div>\n\t\t\t\t\t\t<\/div>\n\t\t\t\t<\/div>\n\t\t\t\t<div class=\"elementor-element elementor-element-dd6470c elementor-widget elementor-widget-text-editor\" data-id=\"dd6470c\" data-element_type=\"widget\" data-widget_type=\"text-editor.default\">\n\t\t\t\t<div class=\"elementor-widget-container\">\n\t\t\t\t\t\t\t\t<div class=\"elementor-text-editor elementor-clearfix\">\n\t\t\t\t<p><em><strong><a href=\"https:\/\/fondation-grenoble-inp.fr\/en\/nos-actions\/chaire-regen-lab\/\" target=\"_blank\" rel=\"noopener\">En savoir plus sur la Chaire Regen Lab<\/a><\/strong><\/em><\/p>\t\t\t\t\t<\/div>\n\t\t\t\t\t\t<\/div>\n\t\t\t\t<\/div>\n\t\t\t\t\t\t<\/div>\n\t\t\t\t\t<\/div>\n\t\t<\/div>\n\t\t\t\t\t\t\t\t<\/div>\n\t\t\t\t\t<\/div>\n\t\t<\/section>\n\t\t\t\t\t\t<\/div>\n\t\t\t\t\t\t<\/div>\n\t\t\t\t\t<\/div>","protected":false},"excerpt":{"rendered":"<p>En janvier 2026, Grenoble INP &#8211; UGA proposera un nouveau certificat Executive intitul\u00e9 \u00ab\u202f\u00c9laborer des mod\u00e8les \u00e9conomiques robustes et soutenables\u202f\u00bb. <\/p>","protected":false},"author":7,"featured_media":22093,"comment_status":"closed","ping_status":"open","sticky":false,"template":"","format":"standard","meta":[],"categories":[476],"tags":[],"acf":[],"yoast_head":"<!-- This site is optimized with the Yoast SEO plugin v18.0 - https:\/\/yoast.com\/wordpress\/plugins\/seo\/ -->\n<title>Un certificat pour transformer les mod\u00e8les \u00e9conomiques face aux d\u00e9fis de l\u2019Anthropoc\u00e8ne - Fondation Grenoble INP<\/title>\n<meta name=\"description\" content=\"En janvier 2026, Grenoble INP - UGA proposera un nouveau certificat Executive intitul\u00e9 \u00ab\u202f\u00c9laborer des mod\u00e8les \u00e9conomiques robustes et sout...\" \/>\n<meta name=\"robots\" content=\"index, follow, max-snippet:-1, max-image-preview:large, max-video-preview:-1\" \/>\n<link rel=\"canonical\" href=\"https:\/\/fondation-grenoble-inp.fr\/en\/un-certificat-pour-transformer-les-modeles-economiques-face-aux-defis-de-lanthropocene\/\" \/>\n<meta property=\"og:locale\" content=\"en_US\" \/>\n<meta property=\"og:type\" content=\"article\" \/>\n<meta property=\"og:title\" content=\"Un certificat pour transformer les mod\u00e8les \u00e9conomiques face aux d\u00e9fis de l\u2019Anthropoc\u00e8ne - Fondation Grenoble INP\" \/>\n<meta property=\"og:description\" content=\"En janvier 2026, Grenoble INP - UGA proposera un nouveau certificat Executive intitul\u00e9 \u00ab\u202f\u00c9laborer des mod\u00e8les \u00e9conomiques robustes et sout...\" \/>\n<meta property=\"og:url\" content=\"https:\/\/fondation-grenoble-inp.fr\/en\/un-certificat-pour-transformer-les-modeles-economiques-face-aux-defis-de-lanthropocene\/\" \/>\n<meta property=\"og:site_name\" content=\"Fondation Grenoble INP\" \/>\n<meta property=\"article:published_time\" content=\"2025-11-05T16:37:47+00:00\" \/>\n<meta property=\"article:modified_time\" content=\"2026-02-19T14:59:15+00:00\" \/>\n<meta property=\"og:image\" content=\"https:\/\/fondation-grenoble-inp.fr\/wp-content\/uploads\/2025\/11\/certificat-exec-Elaborer-des-modeles-economiques-robustes-et-soutenables-scaled.jpg\" \/>\n\t<meta property=\"og:image:width\" content=\"2560\" \/>\n\t<meta property=\"og:image:height\" content=\"1440\" \/>\n\t<meta property=\"og:image:type\" content=\"image\/jpeg\" \/>\n<meta name=\"twitter:card\" content=\"summary_large_image\" \/>\n<meta name=\"twitter:label1\" content=\"Written by\" \/>\n\t<meta name=\"twitter:data1\" content=\"Marie Dubreuil\" \/>\n\t<meta name=\"twitter:label2\" content=\"Est. reading time\" \/>\n\t<meta name=\"twitter:data2\" content=\"2 minutes\" \/>\n<script type=\"application\/ld+json\" class=\"yoast-schema-graph\">{\"@context\":\"https:\/\/schema.org\",\"@graph\":[{\"@type\":\"Organization\",\"@id\":\"https:\/\/fondation-grenoble-inp.fr\/#organization\",\"name\":\"Fondation INP Grenoble\",\"url\":\"https:\/\/fondation-grenoble-inp.fr\/\",\"sameAs\":[],\"logo\":{\"@type\":\"ImageObject\",\"@id\":\"https:\/\/fondation-grenoble-inp.fr\/#logo\",\"inLanguage\":\"en-US\",\"url\":\"https:\/\/fondation-grenoble-inp.fr\/wp-content\/uploads\/2021\/03\/cropped-favicon-fondation-inp-grenoble.png\",\"contentUrl\":\"https:\/\/fondation-grenoble-inp.fr\/wp-content\/uploads\/2021\/03\/cropped-favicon-fondation-inp-grenoble.png\",\"width\":512,\"height\":512,\"caption\":\"Fondation INP Grenoble\"},\"image\":{\"@id\":\"https:\/\/fondation-grenoble-inp.fr\/#logo\"}},{\"@type\":\"WebSite\",\"@id\":\"https:\/\/fondation-grenoble-inp.fr\/#website\",\"url\":\"https:\/\/fondation-grenoble-inp.fr\/\",\"name\":\"Fondation Grenoble INP\",\"description\":\"#OsezlAvenir\",\"publisher\":{\"@id\":\"https:\/\/fondation-grenoble-inp.fr\/#organization\"},\"potentialAction\":[{\"@type\":\"SearchAction\",\"target\":{\"@type\":\"EntryPoint\",\"urlTemplate\":\"https:\/\/fondation-grenoble-inp.fr\/?s={search_term_string}\"},\"query-input\":\"required name=search_term_string\"}],\"inLanguage\":\"en-US\"},{\"@type\":\"ImageObject\",\"@id\":\"https:\/\/fondation-grenoble-inp.fr\/un-certificat-pour-transformer-les-modeles-economiques-face-aux-defis-de-lanthropocene\/#primaryimage\",\"inLanguage\":\"en-US\",\"url\":\"https:\/\/fondation-grenoble-inp.fr\/wp-content\/uploads\/2025\/11\/certificat-exec-Elaborer-des-modeles-economiques-robustes-et-soutenables-scaled.jpg\",\"contentUrl\":\"https:\/\/fondation-grenoble-inp.fr\/wp-content\/uploads\/2025\/11\/certificat-exec-Elaborer-des-modeles-economiques-robustes-et-soutenables-scaled.jpg\",\"width\":\"2560\",\"height\":\"1440\"},{\"@type\":\"WebPage\",\"@id\":\"https:\/\/fondation-grenoble-inp.fr\/un-certificat-pour-transformer-les-modeles-economiques-face-aux-defis-de-lanthropocene\/#webpage\",\"url\":\"https:\/\/fondation-grenoble-inp.fr\/un-certificat-pour-transformer-les-modeles-economiques-face-aux-defis-de-lanthropocene\/\",\"name\":\"Un certificat pour transformer les mod\u00e8les \u00e9conomiques face aux d\u00e9fis de l\u2019Anthropoc\u00e8ne - Fondation Grenoble INP\",\"isPartOf\":{\"@id\":\"https:\/\/fondation-grenoble-inp.fr\/#website\"},\"primaryImageOfPage\":{\"@id\":\"https:\/\/fondation-grenoble-inp.fr\/un-certificat-pour-transformer-les-modeles-economiques-face-aux-defis-de-lanthropocene\/#primaryimage\"},\"datePublished\":\"2025-11-05T16:37:47+00:00\",\"dateModified\":\"2026-02-19T14:59:15+00:00\",\"description\":\"En janvier 2026, Grenoble INP - UGA proposera un nouveau certificat Executive intitul\u00e9 \u00ab\u202f\u00c9laborer des mod\u00e8les \u00e9conomiques robustes et sout...\",\"breadcrumb\":{\"@id\":\"https:\/\/fondation-grenoble-inp.fr\/un-certificat-pour-transformer-les-modeles-economiques-face-aux-defis-de-lanthropocene\/#breadcrumb\"},\"inLanguage\":\"en-US\",\"potentialAction\":[{\"@type\":\"ReadAction\",\"target\":[\"https:\/\/fondation-grenoble-inp.fr\/un-certificat-pour-transformer-les-modeles-economiques-face-aux-defis-de-lanthropocene\/\"]}]},{\"@type\":\"BreadcrumbList\",\"@id\":\"https:\/\/fondation-grenoble-inp.fr\/un-certificat-pour-transformer-les-modeles-economiques-face-aux-defis-de-lanthropocene\/#breadcrumb\",\"itemListElement\":[{\"@type\":\"ListItem\",\"position\":1,\"name\":\"Accueil\",\"item\":\"https:\/\/fondation-grenoble-inp.fr\/\"},{\"@type\":\"ListItem\",\"position\":2,\"name\":\"Un certificat pour transformer les mod\u00e8les \u00e9conomiques face aux d\u00e9fis de l\u2019Anthropoc\u00e8ne\"}]},{\"@type\":\"Article\",\"@id\":\"https:\/\/fondation-grenoble-inp.fr\/un-certificat-pour-transformer-les-modeles-economiques-face-aux-defis-de-lanthropocene\/#article\",\"isPartOf\":{\"@id\":\"https:\/\/fondation-grenoble-inp.fr\/un-certificat-pour-transformer-les-modeles-economiques-face-aux-defis-de-lanthropocene\/#webpage\"},\"author\":{\"@id\":\"https:\/\/fondation-grenoble-inp.fr\/#\/schema\/person\/7c36548ebaddf05ba7a055d161ebff94\"},\"headline\":\"Un certificat pour transformer les mod\u00e8les \u00e9conomiques face aux d\u00e9fis de l\u2019Anthropoc\u00e8ne\",\"datePublished\":\"2025-11-05T16:37:47+00:00\",\"dateModified\":\"2026-02-19T14:59:15+00:00\",\"mainEntityOfPage\":{\"@id\":\"https:\/\/fondation-grenoble-inp.fr\/un-certificat-pour-transformer-les-modeles-economiques-face-aux-defis-de-lanthropocene\/#webpage\"},\"wordCount\":335,\"publisher\":{\"@id\":\"https:\/\/fondation-grenoble-inp.fr\/#organization\"},\"image\":{\"@id\":\"https:\/\/fondation-grenoble-inp.fr\/un-certificat-pour-transformer-les-modeles-economiques-face-aux-defis-de-lanthropocene\/#primaryimage\"},\"thumbnailUrl\":\"https:\/\/fondation-grenoble-inp.fr\/wp-content\/uploads\/2025\/11\/certificat-exec-Elaborer-des-modeles-economiques-robustes-et-soutenables-scaled.jpg\",\"articleSection\":[\"Les Chaires\"],\"inLanguage\":\"en-US\"},{\"@type\":\"Person\",\"@id\":\"https:\/\/fondation-grenoble-inp.fr\/#\/schema\/person\/7c36548ebaddf05ba7a055d161ebff94\",\"name\":\"Marie Dubreuil\",\"image\":{\"@type\":\"ImageObject\",\"@id\":\"https:\/\/fondation-grenoble-inp.fr\/#personlogo\",\"inLanguage\":\"en-US\",\"url\":\"https:\/\/secure.gravatar.com\/avatar\/358eb0ab274d9479ce7c23b8a3f0a360?s=96&d=mm&r=g\",\"contentUrl\":\"https:\/\/secure.gravatar.com\/avatar\/358eb0ab274d9479ce7c23b8a3f0a360?s=96&d=mm&r=g\",\"caption\":\"Marie Dubreuil\"}}]}<\/script>\n<!-- \/ Yoast SEO plugin. -->","yoast_head_json":{"title":"Un certificat pour transformer les mod\u00e8les \u00e9conomiques face aux d\u00e9fis de l\u2019Anthropoc\u00e8ne - Fondation Grenoble INP","description":"En janvier 2026, Grenoble INP - UGA proposera un nouveau certificat Executive intitul\u00e9 \u00ab\u202f\u00c9laborer des mod\u00e8les \u00e9conomiques robustes et sout...","robots":{"index":"index","follow":"follow","max-snippet":"max-snippet:-1","max-image-preview":"max-image-preview:large","max-video-preview":"max-video-preview:-1"},"canonical":"https:\/\/fondation-grenoble-inp.fr\/en\/un-certificat-pour-transformer-les-modeles-economiques-face-aux-defis-de-lanthropocene\/","og_locale":"en_US","og_type":"article","og_title":"Un certificat pour transformer les mod\u00e8les \u00e9conomiques face aux d\u00e9fis de l\u2019Anthropoc\u00e8ne - Fondation Grenoble INP","og_description":"En janvier 2026, Grenoble INP - UGA proposera un nouveau certificat Executive intitul\u00e9 \u00ab\u202f\u00c9laborer des mod\u00e8les \u00e9conomiques robustes et sout...","og_url":"https:\/\/fondation-grenoble-inp.fr\/en\/un-certificat-pour-transformer-les-modeles-economiques-face-aux-defis-de-lanthropocene\/","og_site_name":"Fondation Grenoble INP","article_published_time":"2025-11-05T16:37:47+00:00","article_modified_time":"2026-02-19T14:59:15+00:00","og_image":[{"width":"2560","height":"1440","url":"https:\/\/fondation-grenoble-inp.fr\/wp-content\/uploads\/2025\/11\/certificat-exec-Elaborer-des-modeles-economiques-robustes-et-soutenables-scaled.jpg","type":"image\/jpeg"}],"twitter_card":"summary_large_image","twitter_misc":{"Written by":"Marie Dubreuil","Est. reading time":"2 minutes"},"schema":{"@context":"https:\/\/schema.org","@graph":[{"@type":"Organization","@id":"https:\/\/fondation-grenoble-inp.fr\/#organization","name":"Fondation INP Grenoble","url":"https:\/\/fondation-grenoble-inp.fr\/","sameAs":[],"logo":{"@type":"ImageObject","@id":"https:\/\/fondation-grenoble-inp.fr\/#logo","inLanguage":"en-US","url":"https:\/\/fondation-grenoble-inp.fr\/wp-content\/uploads\/2021\/03\/cropped-favicon-fondation-inp-grenoble.png","contentUrl":"https:\/\/fondation-grenoble-inp.fr\/wp-content\/uploads\/2021\/03\/cropped-favicon-fondation-inp-grenoble.png","width":512,"height":512,"caption":"Fondation INP Grenoble"},"image":{"@id":"https:\/\/fondation-grenoble-inp.fr\/#logo"}},{"@type":"WebSite","@id":"https:\/\/fondation-grenoble-inp.fr\/#website","url":"https:\/\/fondation-grenoble-inp.fr\/","name":"Fondation Grenoble INP","description":"#OsezlAvenir","publisher":{"@id":"https:\/\/fondation-grenoble-inp.fr\/#organization"},"potentialAction":[{"@type":"SearchAction","target":{"@type":"EntryPoint","urlTemplate":"https:\/\/fondation-grenoble-inp.fr\/?s={search_term_string}"},"query-input":"required name=search_term_string"}],"inLanguage":"en-US"},{"@type":"ImageObject","@id":"https:\/\/fondation-grenoble-inp.fr\/un-certificat-pour-transformer-les-modeles-economiques-face-aux-defis-de-lanthropocene\/#primaryimage","inLanguage":"en-US","url":"https:\/\/fondation-grenoble-inp.fr\/wp-content\/uploads\/2025\/11\/certificat-exec-Elaborer-des-modeles-economiques-robustes-et-soutenables-scaled.jpg","contentUrl":"https:\/\/fondation-grenoble-inp.fr\/wp-content\/uploads\/2025\/11\/certificat-exec-Elaborer-des-modeles-economiques-robustes-et-soutenables-scaled.jpg","width":"2560","height":"1440"},{"@type":"WebPage","@id":"https:\/\/fondation-grenoble-inp.fr\/un-certificat-pour-transformer-les-modeles-economiques-face-aux-defis-de-lanthropocene\/#webpage","url":"https:\/\/fondation-grenoble-inp.fr\/un-certificat-pour-transformer-les-modeles-economiques-face-aux-defis-de-lanthropocene\/","name":"Un certificat pour transformer les mod\u00e8les \u00e9conomiques face aux d\u00e9fis de l\u2019Anthropoc\u00e8ne - Fondation Grenoble INP","isPartOf":{"@id":"https:\/\/fondation-grenoble-inp.fr\/#website"},"primaryImageOfPage":{"@id":"https:\/\/fondation-grenoble-inp.fr\/un-certificat-pour-transformer-les-modeles-economiques-face-aux-defis-de-lanthropocene\/#primaryimage"},"datePublished":"2025-11-05T16:37:47+00:00","dateModified":"2026-02-19T14:59:15+00:00","description":"En janvier 2026, Grenoble INP - UGA proposera un nouveau certificat Executive intitul\u00e9 \u00ab\u202f\u00c9laborer des mod\u00e8les \u00e9conomiques robustes et sout...","breadcrumb":{"@id":"https:\/\/fondation-grenoble-inp.fr\/un-certificat-pour-transformer-les-modeles-economiques-face-aux-defis-de-lanthropocene\/#breadcrumb"},"inLanguage":"en-US","potentialAction":[{"@type":"ReadAction","target":["https:\/\/fondation-grenoble-inp.fr\/un-certificat-pour-transformer-les-modeles-economiques-face-aux-defis-de-lanthropocene\/"]}]},{"@type":"BreadcrumbList","@id":"https:\/\/fondation-grenoble-inp.fr\/un-certificat-pour-transformer-les-modeles-economiques-face-aux-defis-de-lanthropocene\/#breadcrumb","itemListElement":[{"@type":"ListItem","position":1,"name":"Accueil","item":"https:\/\/fondation-grenoble-inp.fr\/"},{"@type":"ListItem","position":2,"name":"Un certificat pour transformer les mod\u00e8les \u00e9conomiques face aux d\u00e9fis de l\u2019Anthropoc\u00e8ne"}]},{"@type":"Article","@id":"https:\/\/fondation-grenoble-inp.fr\/un-certificat-pour-transformer-les-modeles-economiques-face-aux-defis-de-lanthropocene\/#article","isPartOf":{"@id":"https:\/\/fondation-grenoble-inp.fr\/un-certificat-pour-transformer-les-modeles-economiques-face-aux-defis-de-lanthropocene\/#webpage"},"author":{"@id":"https:\/\/fondation-grenoble-inp.fr\/#\/schema\/person\/7c36548ebaddf05ba7a055d161ebff94"},"headline":"Un certificat pour transformer les mod\u00e8les \u00e9conomiques face aux d\u00e9fis de l\u2019Anthropoc\u00e8ne","datePublished":"2025-11-05T16:37:47+00:00","dateModified":"2026-02-19T14:59:15+00:00","mainEntityOfPage":{"@id":"https:\/\/fondation-grenoble-inp.fr\/un-certificat-pour-transformer-les-modeles-economiques-face-aux-defis-de-lanthropocene\/#webpage"},"wordCount":335,"publisher":{"@id":"https:\/\/fondation-grenoble-inp.fr\/#organization"},"image":{"@id":"https:\/\/fondation-grenoble-inp.fr\/un-certificat-pour-transformer-les-modeles-economiques-face-aux-defis-de-lanthropocene\/#primaryimage"},"thumbnailUrl":"https:\/\/fondation-grenoble-inp.fr\/wp-content\/uploads\/2025\/11\/certificat-exec-Elaborer-des-modeles-economiques-robustes-et-soutenables-scaled.jpg","articleSection":["Les Chaires"],"inLanguage":"en-US"},{"@type":"Person","@id":"https:\/\/fondation-grenoble-inp.fr\/#\/schema\/person\/7c36548ebaddf05ba7a055d161ebff94","name":"Marie Dubreuil","image":{"@type":"ImageObject","@id":"https:\/\/fondation-grenoble-inp.fr\/#personlogo","inLanguage":"en-US","url":"https:\/\/secure.gravatar.com\/avatar\/358eb0ab274d9479ce7c23b8a3f0a360?s=96&d=mm&r=g","contentUrl":"https:\/\/secure.gravatar.com\/avatar\/358eb0ab274d9479ce7c23b8a3f0a360?s=96&d=mm&r=g","caption":"Marie Dubreuil"}}]}},"_links":{"self":[{"href":"https:\/\/fondation-grenoble-inp.fr\/en\/wp-json\/wp\/v2\/posts\/22092"}],"collection":[{"href":"https:\/\/fondation-grenoble-inp.fr\/en\/wp-json\/wp\/v2\/posts"}],"about":[{"href":"https:\/\/fondation-grenoble-inp.fr\/en\/wp-json\/wp\/v2\/types\/post"}],"author":[{"embeddable":true,"href":"https:\/\/fondation-grenoble-inp.fr\/en\/wp-json\/wp\/v2\/users\/7"}],"replies":[{"embeddable":true,"href":"https:\/\/fondation-grenoble-inp.fr\/en\/wp-json\/wp\/v2\/comments?post=22092"}],"version-history":[{"count":10,"href":"https:\/\/fondation-grenoble-inp.fr\/en\/wp-json\/wp\/v2\/posts\/22092\/revisions"}],"predecessor-version":[{"id":22107,"href":"https:\/\/fondation-grenoble-inp.fr\/en\/wp-json\/wp\/v2\/posts\/22092\/revisions\/22107"}],"wp:featuredmedia":[{"embeddable":true,"href":"https:\/\/fondation-grenoble-inp.fr\/en\/wp-json\/wp\/v2\/media\/22093"}],"wp:attachment":[{"href":"https:\/\/fondation-grenoble-inp.fr\/en\/wp-json\/wp\/v2\/media?parent=22092"}],"wp:term":[{"taxonomy":"category","embeddable":true,"href":"https:\/\/fondation-grenoble-inp.fr\/en\/wp-json\/wp\/v2\/categories?post=22092"},{"taxonomy":"post_tag","embeddable":true,"href":"https:\/\/fondation-grenoble-inp.fr\/en\/wp-json\/wp\/v2\/tags?post=22092"}],"curies":[{"name":"wp","href":"https:\/\/api.w.org\/{rel}","templated":true}]}}