{"id":22396,"date":"2025-12-01T15:30:00","date_gmt":"2025-12-01T14:30:00","guid":{"rendered":"https:\/\/fondation-grenoble-inp.fr\/?p=22396"},"modified":"2025-12-01T15:31:51","modified_gmt":"2025-12-01T14:31:51","slug":"lancement-de-la-chaire-regen-lab-faire-de-la-regeneration-un-levier-concret-pour-les-entreprises-et-les-territoires","status":"publish","type":"post","link":"https:\/\/fondation-grenoble-inp.fr\/en\/lancement-de-la-chaire-regen-lab-faire-de-la-regeneration-un-levier-concret-pour-les-entreprises-et-les-territoires\/","title":{"rendered":"Lancement de la Chaire Regen Lab : faire de la r\u00e9g\u00e9n\u00e9ration un levier concret pour les entreprises et les territoires"},"content":{"rendered":"<div data-elementor-type=\"wp-post\" data-elementor-id=\"22396\" data-post-id=\"22396\" data-obj-id=\"22396\" class=\"elementor elementor-22396 dce-elementor-post-22396\" data-elementor-settings=\"[]\">\n\t\t\t\t\t\t<div class=\"elementor-inner\">\n\t\t\t\t\t\t\t<div class=\"elementor-section-wrap\">\n\t\t\t\t\t\t\t<section class=\"elementor-section elementor-top-section elementor-element elementor-element-510a6ec elementor-section-boxed elementor-section-height-default elementor-section-height-default\" data-id=\"510a6ec\" data-element_type=\"section\">\n\t\t\t\t\t\t<div class=\"elementor-container elementor-column-gap-default\">\n\t\t\t\t\t\t\t<div class=\"elementor-row\">\n\t\t\t\t\t<div class=\"elementor-column elementor-col-100 elementor-top-column elementor-element elementor-element-178decf\" data-id=\"178decf\" data-element_type=\"column\">\n\t\t\t<div class=\"elementor-column-wrap elementor-element-populated\">\n\t\t\t\t\t\t\t<div class=\"elementor-widget-wrap\">\n\t\t\t\t\t\t<div class=\"elementor-element elementor-element-68f9c98 elementor-widget elementor-widget-text-editor\" data-id=\"68f9c98\" data-element_type=\"widget\" data-widget_type=\"text-editor.default\">\n\t\t\t\t<div class=\"elementor-widget-container\">\n\t\t\t\t\t\t\t\t<div class=\"elementor-text-editor elementor-clearfix\">\n\t\t\t\t<p><strong>Port\u00e9e par la <a href=\"https:\/\/fondation-grenoble-inp.fr\/en\/\" target=\"_blank\" rel=\"noopener\">Grenoble INP Foundation<\/a> et h\u00e9berg\u00e9e \u00e0 <a href=\"https:\/\/iae.grenoble-inp.fr\/\" target=\"_blank\" rel=\"noopener\">Grenoble IAE \u2013 INP, UGA<\/a>, la <a href=\"https:\/\/fondation-grenoble-inp.fr\/en\/nos-actions\/chaire-regen-lab\/\" target=\"_blank\" rel=\"noopener\">Regen Lab Chair<\/a> est officiellement lanc\u00e9e en novembre 2025. Son ambition : rendre la soutenabilit\u00e9 forte et les mod\u00e8les \u00e0 vis\u00e9e r\u00e9g\u00e9n\u00e9rative concrets, op\u00e9rationnels et diffusables \u00e0 grande \u00e9chelle, aupr\u00e8s des entreprises comme des territoires.<\/strong><\/p>\t\t\t\t\t<\/div>\n\t\t\t\t\t\t<\/div>\n\t\t\t\t<\/div>\n\t\t\t\t\t\t<\/div>\n\t\t\t\t\t<\/div>\n\t\t<\/div>\n\t\t\t\t\t\t\t\t<\/div>\n\t\t\t\t\t<\/div>\n\t\t<\/section>\n\t\t\t\t<section class=\"elementor-section elementor-top-section elementor-element elementor-element-94fc10e elementor-section-boxed elementor-section-height-default elementor-section-height-default\" data-id=\"94fc10e\" data-element_type=\"section\">\n\t\t\t\t\t\t<div class=\"elementor-container elementor-column-gap-default\">\n\t\t\t\t\t\t\t<div class=\"elementor-row\">\n\t\t\t\t\t<div class=\"elementor-column elementor-col-100 elementor-top-column elementor-element elementor-element-9aaed35\" data-id=\"9aaed35\" data-element_type=\"column\">\n\t\t\t<div class=\"elementor-column-wrap elementor-element-populated\">\n\t\t\t\t\t\t\t<div class=\"elementor-widget-wrap\">\n\t\t\t\t\t\t<div class=\"elementor-element elementor-element-4b99960 elementor-widget elementor-widget-text-editor\" data-id=\"4b99960\" data-element_type=\"widget\" data-widget_type=\"text-editor.default\">\n\t\t\t\t<div class=\"elementor-widget-container\">\n\t\t\t\t\t\t\t\t<div class=\"elementor-text-editor elementor-clearfix\">\n\t\t\t\t<h2>Une chaire pour passer de l\u2019exploration \u00e0 l\u2019action<\/h2>\t\t\t\t\t<\/div>\n\t\t\t\t\t\t<\/div>\n\t\t\t\t<\/div>\n\t\t\t\t<div class=\"elementor-element elementor-element-a443df1 elementor-widget elementor-widget-text-editor\" data-id=\"a443df1\" data-element_type=\"widget\" data-widget_type=\"text-editor.default\">\n\t\t\t\t<div class=\"elementor-widget-container\">\n\t\t\t\t\t\t\t\t<div class=\"elementor-text-editor elementor-clearfix\">\n\t\t\t\t<p>Face aux limites plan\u00e9taires et \u00e0 la mont\u00e9e des vuln\u00e9rabilit\u00e9s, de plus en plus d\u2019organisations souhaitent aller au-del\u00e0 de la simple r\u00e9duction d\u2019impact. La <strong><a href=\"https:\/\/fondation-grenoble-inp.fr\/en\/nos-actions\/chaire-regen-lab\/\" target=\"_blank\" rel=\"noopener\">Regen Lab Chair<\/a><\/strong> se donne pour objectif d\u2019<strong>accompagner la transformation vers des organisations \u00e0 vis\u00e9e r\u00e9g\u00e9n\u00e9rative<\/strong>, capables de contribuer positivement aux \u00e9cosyst\u00e8mes sociaux et environnementaux dont elles d\u00e9pendent.<\/p><p>Pour cela, elle s\u2019appuie sur plusieurs axes de recherche compl\u00e9mentaires :<\/p><ul><li><strong>Mod\u00e8les \u00e9conomiques de servicisation soutenable<\/strong>, notamment dans le cadre de l\u2019<strong>\u00c9conomie de la Fonctionnalit\u00e9 et de la Coop\u00e9ration (EFC)<\/strong><\/li><li><strong>M\u00e9thodes de conception \u00e0 vis\u00e9e r\u00e9g\u00e9n\u00e9rative<\/strong> (Regen By Design) int\u00e9grant la complexit\u00e9 des enjeux sociaux et environnementaux<\/li><li><strong>Pilotage syst\u00e9mique des organisations<\/strong> : analyse des vuln\u00e9rabilit\u00e9s, indicateurs adapt\u00e9s, nouvelles postures de gouvernance<\/li><\/ul><p>Ces travaux mobilisent conjointement les <strong>sciences de gestion, l\u2019ing\u00e9nierie et les sciences de l\u2019environnement<\/strong>, en s\u2019appuyant sur une alliance scientifique in\u00e9dite : <a href=\"https:\/\/cerag.univ-grenoble-alpes.fr\/fr\" target=\"_blank\" rel=\"noopener\"><strong>CERAG<\/strong><\/a>, <a href=\"https:\/\/g-scop.grenoble-inp.fr\/\" target=\"_blank\" rel=\"noopener\"><strong>' G-SCOP laboratory<\/strong><\/a>, <a href=\"https:\/\/lessem.lyon-grenoble.hub.inrae.fr\/\" target=\"_blank\" rel=\"noopener\"><strong>INRAE LESSEM<\/strong><\/a> and <a href=\"https:\/\/lumia-edu.fr\/\" target=\"_blank\" rel=\"noopener\"><strong>Lumia<\/strong><\/a>.<\/p><p><em>\u00ab Nous cherchons \u00e0 explorer et exp\u00e9rimenter des mod\u00e8les \u00e0 vis\u00e9e r\u00e9g\u00e9n\u00e9rative afin de les rendre concrets, op\u00e9rationnels et mobilisables par l\u2019\u00e9cosyst\u00e8me des organisations en transition \u00bb<\/em>, explique <a href=\"https:\/\/www.linkedin.com\/in\/valery-merminod\/\" target=\"_blank\" rel=\"noopener\"><strong>Val\u00e9ry Merminod<\/strong><\/a>, titulaire de la Chaire et professeur \u00e0 <strong><a href=\"https:\/\/iae.grenoble-inp.fr\/\" target=\"_blank\" rel=\"noopener\">Grenoble IAE \u2013 INP, UGA<\/a><\/strong> (<strong><a href=\"https:\/\/cerag.univ-grenoble-alpes.fr\/fr\" target=\"_blank\" rel=\"noopener\">laboratoire CERAG<\/a><\/strong>).<\/p>\t\t\t\t\t<\/div>\n\t\t\t\t\t\t<\/div>\n\t\t\t\t<\/div>\n\t\t\t\t\t\t<\/div>\n\t\t\t\t\t<\/div>\n\t\t<\/div>\n\t\t\t\t\t\t\t\t<\/div>\n\t\t\t\t\t<\/div>\n\t\t<\/section>\n\t\t\t\t<section class=\"elementor-section elementor-top-section elementor-element elementor-element-d455a47 elementor-section-boxed elementor-section-height-default elementor-section-height-default\" data-id=\"d455a47\" data-element_type=\"section\">\n\t\t\t\t\t\t<div class=\"elementor-container elementor-column-gap-default\">\n\t\t\t\t\t\t\t<div class=\"elementor-row\">\n\t\t\t\t\t<div class=\"elementor-column elementor-col-100 elementor-top-column elementor-element elementor-element-8d7064d\" data-id=\"8d7064d\" data-element_type=\"column\">\n\t\t\t<div class=\"elementor-column-wrap elementor-element-populated\">\n\t\t\t\t\t\t\t<div class=\"elementor-widget-wrap\">\n\t\t\t\t\t\t<div class=\"elementor-element elementor-element-e6d9482 elementor-widget elementor-widget-text-editor\" data-id=\"e6d9482\" data-element_type=\"widget\" data-widget_type=\"text-editor.default\">\n\t\t\t\t<div class=\"elementor-widget-container\">\n\t\t\t\t\t\t\t\t<div class=\"elementor-text-editor elementor-clearfix\">\n\t\t\t\t<h2>Des m\u00e9c\u00e8nes fondateurs engag\u00e9s aux c\u00f4t\u00e9s de la Chaire<\/h2>\t\t\t\t\t<\/div>\n\t\t\t\t\t\t<\/div>\n\t\t\t\t<\/div>\n\t\t\t\t<div class=\"elementor-element elementor-element-e5267b9 elementor-widget elementor-widget-text-editor\" data-id=\"e5267b9\" data-element_type=\"widget\" data-widget_type=\"text-editor.default\">\n\t\t\t\t<div class=\"elementor-widget-container\">\n\t\t\t\t\t\t\t\t<div class=\"elementor-text-editor elementor-clearfix\">\n\t\t\t\t<p>La Chaire Regen Lab repose sur un socle de <strong>m\u00e9c\u00e8nes fondateurs<\/strong> particuli\u00e8rement impliqu\u00e9s dans les transitions : <strong><a href=\"https:\/\/www.eaton.com\/fr\/fr-fr.html\" target=\"_blank\" rel=\"noopener\">Eaton<\/a>, <a href=\"https:\/\/www.geg.fr\/\" target=\"_blank\" rel=\"noopener\">GEG<\/a>, <a href=\"https:\/\/www.michelin.fr\/\" target=\"_blank\" rel=\"noopener\">Michelin<\/a>, <a href=\"https:\/\/www.radiall.com\/fr\/\" target=\"_blank\" rel=\"noopener\">Radiall<\/a> and <a href=\"https:\/\/www.bikesolutions.fr\/\" target=\"_blank\" rel=\"noopener\">Bike Solutions<\/a><\/strong>.<\/p><p>Leur contribution va bien au-del\u00e0 du financement :<\/p><ul><li>ouverture de <strong>terrains d\u2019exp\u00e9rimentation<\/strong> ;<\/li><li><strong>co-construction de cas d\u2019usage<\/strong> directement connect\u00e9s \u00e0 leurs enjeux ;<\/li><li><strong>partage de donn\u00e9es et d\u2019expertises<\/strong> ;<\/li><li>mobilisation de leurs \u00e9quipes pour <strong>tester les m\u00e9thodes et outils<\/strong> d\u00e9velopp\u00e9s.<\/li><\/ul><p>Cette collaboration \u00e9troite permet de <strong>relier la recherche et le terrain<\/strong>, d\u2019ancrer les mod\u00e8les \u00e0 vis\u00e9e r\u00e9g\u00e9n\u00e9rative dans la r\u00e9alit\u00e9 op\u00e9rationnelle et d\u2019acc\u00e9l\u00e9rer leur diffusion au sein des organisations et des territoires.<\/p>\t\t\t\t\t<\/div>\n\t\t\t\t\t\t<\/div>\n\t\t\t\t<\/div>\n\t\t\t\t\t\t<\/div>\n\t\t\t\t\t<\/div>\n\t\t<\/div>\n\t\t\t\t\t\t\t\t<\/div>\n\t\t\t\t\t<\/div>\n\t\t<\/section>\n\t\t\t\t<section class=\"elementor-section elementor-top-section elementor-element elementor-element-f72f257 elementor-section-boxed elementor-section-height-default elementor-section-height-default\" data-id=\"f72f257\" data-element_type=\"section\">\n\t\t\t\t\t\t<div class=\"elementor-container elementor-column-gap-default\">\n\t\t\t\t\t\t\t<div class=\"elementor-row\">\n\t\t\t\t\t<div class=\"elementor-column elementor-col-100 elementor-top-column elementor-element elementor-element-db394ab\" data-id=\"db394ab\" data-element_type=\"column\">\n\t\t\t<div class=\"elementor-column-wrap elementor-element-populated\">\n\t\t\t\t\t\t\t<div class=\"elementor-widget-wrap\">\n\t\t\t\t\t\t<div class=\"elementor-element elementor-element-13b153c elementor-widget elementor-widget-text-editor\" data-id=\"13b153c\" data-element_type=\"widget\" data-widget_type=\"text-editor.default\">\n\t\t\t\t<div class=\"elementor-widget-container\">\n\t\t\t\t\t\t\t\t<div class=\"elementor-text-editor elementor-clearfix\">\n\t\t\t\t<h2>Deux terrains d\u2019exp\u00e9rimentation prioritaires<\/h2>\t\t\t\t\t<\/div>\n\t\t\t\t\t\t<\/div>\n\t\t\t\t<\/div>\n\t\t\t\t<div class=\"elementor-element elementor-element-cf82b20 elementor-widget elementor-widget-text-editor\" data-id=\"cf82b20\" data-element_type=\"widget\" data-widget_type=\"text-editor.default\">\n\t\t\t\t<div class=\"elementor-widget-container\">\n\t\t\t\t\t\t\t\t<div class=\"elementor-text-editor elementor-clearfix\">\n\t\t\t\t<p>D\u00e8s son lancement, la Chaire structure ses travaux autour de deux verticales :<\/p><ol><li><strong> Verticale industrielle<\/strong><\/li><\/ol><p>Objectif : inventer et \u00e9prouver des <strong>mod\u00e8les industriels soutenables et robustes<\/strong>, en int\u00e9grant la r\u00e9g\u00e9n\u00e9ration au c\u0153ur de la strat\u00e9gie.<\/p><p>Les travaux portent notamment sur :<\/p><ul><li>l\u2019<strong>innovation de mod\u00e8les \u00e9conomiques soutenables<\/strong> (EFC, servicisation, coop\u00e9ration dans les cha\u00eenes de valeur) ;<\/li><li>la <strong>conception innovante<\/strong> int\u00e9grant la syst\u00e9mie des enjeux environnementaux et sociaux ;<\/li><li>le <strong>pilotage des organisations dans un contexte d\u2019incertitudes et de vuln\u00e9rabilit\u00e9s croissantes<\/strong>.<\/li><\/ul><ol start=\"2\"><li><strong> Verticale \u00ab destination \u00e0 vis\u00e9e r\u00e9g\u00e9n\u00e9rative \u00bb<\/strong><\/li><\/ol><p>La Chaire accompagne \u00e9galement des <strong>territoires touristiques<\/strong> d\u00e9sireux de d\u00e9passer la logique de simple attractivit\u00e9 pour devenir de v\u00e9ritables <strong>destinations r\u00e9g\u00e9n\u00e9ratives<\/strong>.<\/p><p>Les travaux explorent notamment :<\/p><ul><li>la <strong>sobri\u00e9t\u00e9 des infrastructures et des mobilit\u00e9s<\/strong> ;<\/li><li>la <strong>pr\u00e9servation et la r\u00e9g\u00e9n\u00e9ration des ressources<\/strong> (eau, sols, biodiversit\u00e9\u2026) ;<\/li><li>la <strong>prise en compte des \u00e9cosyst\u00e8mes vivants humains et non humains<\/strong> ;<\/li><li>le <strong>renforcement de la robustesse et de la r\u00e9silience<\/strong> de ces destinations face aux chocs et aux crises.<\/li><\/ul>\t\t\t\t\t<\/div>\n\t\t\t\t\t\t<\/div>\n\t\t\t\t<\/div>\n\t\t\t\t\t\t<\/div>\n\t\t\t\t\t<\/div>\n\t\t<\/div>\n\t\t\t\t\t\t\t\t<\/div>\n\t\t\t\t\t<\/div>\n\t\t<\/section>\n\t\t\t\t<section class=\"elementor-section elementor-top-section elementor-element elementor-element-ce392aa elementor-section-boxed elementor-section-height-default elementor-section-height-default\" data-id=\"ce392aa\" data-element_type=\"section\">\n\t\t\t\t\t\t<div class=\"elementor-container elementor-column-gap-default\">\n\t\t\t\t\t\t\t<div class=\"elementor-row\">\n\t\t\t\t\t<div class=\"elementor-column elementor-col-100 elementor-top-column elementor-element elementor-element-c228027\" data-id=\"c228027\" data-element_type=\"column\">\n\t\t\t<div class=\"elementor-column-wrap elementor-element-populated\">\n\t\t\t\t\t\t\t<div class=\"elementor-widget-wrap\">\n\t\t\t\t\t\t<div class=\"elementor-element elementor-element-90014e7 elementor-widget elementor-widget-text-editor\" data-id=\"90014e7\" data-element_type=\"widget\" data-widget_type=\"text-editor.default\">\n\t\t\t\t<div class=\"elementor-widget-container\">\n\t\t\t\t\t\t\t\t<div class=\"elementor-text-editor elementor-clearfix\">\n\t\t\t\t<h2>Une bo\u00eete \u00e0 outils pour accompagner les trajectoires de transformation<\/h2>\t\t\t\t\t<\/div>\n\t\t\t\t\t\t<\/div>\n\t\t\t\t<\/div>\n\t\t\t\t<div class=\"elementor-element elementor-element-24c7487 elementor-widget elementor-widget-text-editor\" data-id=\"24c7487\" data-element_type=\"widget\" data-widget_type=\"text-editor.default\">\n\t\t\t\t<div class=\"elementor-widget-container\">\n\t\t\t\t\t\t\t\t<div class=\"elementor-text-editor elementor-clearfix\">\n\t\t\t\t<p>Fond\u00e9e sur un mode de <strong>recherche-action<\/strong>, la <strong><a href=\"https:\/\/fondation-grenoble-inp.fr\/en\/nos-actions\/chaire-regen-lab\/\" target=\"_blank\" rel=\"noopener\">Regen Lab Chair<\/a><\/strong> ne se limite pas \u00e0 produire des connaissances : elle d\u00e9veloppe une <strong>bo\u00eete \u00e0 outils op\u00e9rationnelle<\/strong> au service des organisations en transition.<\/p><p>Cette bo\u00eete \u00e0 outils comprend :<\/p><ul><li>des <strong>diagnostics<\/strong> pour \u00e9valuer la robustesse et la soutenabilit\u00e9 forte des mod\u00e8les existants ;<\/li><li>des <strong>indicateurs<\/strong> adapt\u00e9s aux trajectoires r\u00e9g\u00e9n\u00e9ratives ;<\/li><li>des <strong>m\u00e9thodes d\u2019accompagnement<\/strong> (ateliers, d\u00e9marches participatives, design fiction\u2026) ;<\/li><li>des <strong>feuilles de route<\/strong> pour guider le passage de l\u2019exploration \u00e0 l\u2019exp\u00e9rimentation, puis au d\u00e9ploiement.<\/li><\/ul><p>L\u2019\u00e9quipe interdisciplinaire est pilot\u00e9e par <a href=\"https:\/\/www.linkedin.com\/in\/valery-merminod\/\" target=\"_blank\" rel=\"noopener\"><strong>Val\u00e9ry Merminod<\/strong><\/a> et r\u00e9unit des expert\u00b7es de <a href=\"https:\/\/www.grenoble-inp.fr\/\" target=\"_blank\" rel=\"noopener\"><strong>Grenoble INP \u2013 UGA<\/strong><\/a>, du <a href=\"https:\/\/cerag.univ-grenoble-alpes.fr\/fr\" target=\"_blank\" rel=\"noopener\"><strong>CERAG<\/strong><\/a>, de <a href=\"https:\/\/g-scop.grenoble-inp.fr\/\" target=\"_blank\" rel=\"noopener\"><strong>' G-SCOP laboratory<\/strong><\/a>, d\u2019<a href=\"https:\/\/lessem.lyon-grenoble.hub.inrae.fr\/\" target=\"_blank\" rel=\"noopener\"><strong>INRAE LESSEM<\/strong><\/a> et de <a href=\"https:\/\/lumia-edu.fr\/\" target=\"_blank\" rel=\"noopener\"><strong>Lumia<\/strong><\/a>.<\/p>\t\t\t\t\t<\/div>\n\t\t\t\t\t\t<\/div>\n\t\t\t\t<\/div>\n\t\t\t\t\t\t<\/div>\n\t\t\t\t\t<\/div>\n\t\t<\/div>\n\t\t\t\t\t\t\t\t<\/div>\n\t\t\t\t\t<\/div>\n\t\t<\/section>\n\t\t\t\t<section class=\"elementor-section elementor-top-section elementor-element elementor-element-3365ebb elementor-section-boxed elementor-section-height-default elementor-section-height-default\" data-id=\"3365ebb\" data-element_type=\"section\">\n\t\t\t\t\t\t<div class=\"elementor-container elementor-column-gap-default\">\n\t\t\t\t\t\t\t<div class=\"elementor-row\">\n\t\t\t\t\t<div class=\"elementor-column elementor-col-100 elementor-top-column elementor-element elementor-element-cf19810\" data-id=\"cf19810\" data-element_type=\"column\">\n\t\t\t<div class=\"elementor-column-wrap elementor-element-populated\">\n\t\t\t\t\t\t\t<div class=\"elementor-widget-wrap\">\n\t\t\t\t\t\t<div class=\"elementor-element elementor-element-61955cf elementor-widget elementor-widget-text-editor\" data-id=\"61955cf\" data-element_type=\"widget\" data-widget_type=\"text-editor.default\">\n\t\t\t\t<div class=\"elementor-widget-container\">\n\t\t\t\t\t\t\t\t<div class=\"elementor-text-editor elementor-clearfix\">\n\t\t\t\t<h2>Former les managers et d\u00e9cideurs de la r\u00e9g\u00e9n\u00e9ration<\/h2>\t\t\t\t\t<\/div>\n\t\t\t\t\t\t<\/div>\n\t\t\t\t<\/div>\n\t\t\t\t<div class=\"elementor-element elementor-element-f3209d7 elementor-widget elementor-widget-text-editor\" data-id=\"f3209d7\" data-element_type=\"widget\" data-widget_type=\"text-editor.default\">\n\t\t\t\t<div class=\"elementor-widget-container\">\n\t\t\t\t\t\t\t\t<div class=\"elementor-text-editor elementor-clearfix\">\n\t\t\t\t<p>La Chaire articule \u00e9troitement <strong>recherche, action et formation<\/strong>. Elle irrigue plusieurs dispositifs p\u00e9dagogiques de <strong><a href=\"https:\/\/iae.grenoble-inp.fr\/\" target=\"_blank\" rel=\"noopener\">Grenoble IAE \u2013 INP, UGA<\/a><\/strong> et de <strong><a href=\"https:\/\/www.grenoble-inp.fr\/\" target=\"_blank\" rel=\"noopener\">Grenoble INP<\/a><\/strong> :<\/p><ul><li>le <strong>Master 2 \u201cInnovation \u00e0 vis\u00e9e r\u00e9g\u00e9n\u00e9rative\u201d<\/strong>, ouvert \u00e0 la rentr\u00e9e de septembre 2025 ;<\/li><li>un certificat de <strong>formation continue<\/strong> : \u00ab \u00c9laborer des mod\u00e8les \u00e9conomiques robustes et soutenables \u00bb ;<\/li><li>des <strong>innovations p\u00e9dagogiques<\/strong> : ateliers de <strong>design fiction Regen<\/strong>, <strong>jeux s\u00e9rieux<\/strong> autour de la soutenabilit\u00e9 et de la r\u00e9g\u00e9n\u00e9ration, projets \u00e9tudiants en lien direct avec les terrains d\u2019exp\u00e9rimentation.<\/li><\/ul><p>Ces formations visent \u00e0 outiller les <strong>futurs managers, ing\u00e9nieurs et d\u00e9cideurs<\/strong> pour qu\u2019ils puissent concevoir, piloter et diffuser des mod\u00e8les \u00e0 vis\u00e9e r\u00e9g\u00e9n\u00e9rative dans leurs organisations.<\/p>\t\t\t\t\t<\/div>\n\t\t\t\t\t\t<\/div>\n\t\t\t\t<\/div>\n\t\t\t\t\t\t<\/div>\n\t\t\t\t\t<\/div>\n\t\t<\/div>\n\t\t\t\t\t\t\t\t<\/div>\n\t\t\t\t\t<\/div>\n\t\t<\/section>\n\t\t\t\t<section class=\"elementor-section elementor-top-section elementor-element elementor-element-4ee2d74 elementor-section-boxed elementor-section-height-default elementor-section-height-default\" data-id=\"4ee2d74\" data-element_type=\"section\">\n\t\t\t\t\t\t<div class=\"elementor-container elementor-column-gap-default\">\n\t\t\t\t\t\t\t<div class=\"elementor-row\">\n\t\t\t\t\t<div class=\"elementor-column elementor-col-100 elementor-top-column elementor-element elementor-element-26f3230\" data-id=\"26f3230\" data-element_type=\"column\">\n\t\t\t<div class=\"elementor-column-wrap elementor-element-populated\">\n\t\t\t\t\t\t\t<div class=\"elementor-widget-wrap\">\n\t\t\t\t\t\t<div class=\"elementor-element elementor-element-c2c0a48 elementor-widget elementor-widget-text-editor\" data-id=\"c2c0a48\" data-element_type=\"widget\" data-widget_type=\"text-editor.default\">\n\t\t\t\t<div class=\"elementor-widget-container\">\n\t\t\t\t\t\t\t\t<div class=\"elementor-text-editor elementor-clearfix\">\n\t\t\t\t<h2>Des perspectives ouvertes pour les entreprises et les territoires<\/h2>\t\t\t\t\t<\/div>\n\t\t\t\t\t\t<\/div>\n\t\t\t\t<\/div>\n\t\t\t\t<div class=\"elementor-element elementor-element-fd4bbed elementor-widget elementor-widget-text-editor\" data-id=\"fd4bbed\" data-element_type=\"widget\" data-widget_type=\"text-editor.default\">\n\t\t\t\t<div class=\"elementor-widget-container\">\n\t\t\t\t\t\t\t\t<div class=\"elementor-text-editor elementor-clearfix\">\n\t\t\t\t<p>En s\u2019appuyant sur la <a href=\"https:\/\/fondation-grenoble-inp.fr\/en\/\" target=\"_blank\" rel=\"noopener\"><strong>Grenoble INP Foundation<\/strong><\/a> et un r\u00e9seau de partenaires acad\u00e9miques et \u00e9conomiques, la <strong><a href=\"https:\/\/fondation-grenoble-inp.fr\/en\/nos-actions\/chaire-regen-lab\/\" target=\"_blank\" rel=\"noopener\">Regen Lab Chair<\/a><\/strong> ambitionne de devenir un <strong>acteur structurant des transitions r\u00e9g\u00e9n\u00e9ratives<\/strong>, en France et au-del\u00e0.<\/p><p>The <strong><a href=\"https:\/\/fondation-grenoble-inp.fr\/en\/\" target=\"_blank\" rel=\"noopener\">Grenoble INP Foundation<\/a><\/strong> souligne \u00ab l\u2019importance de co-construire avec les entreprises des trajectoires compatibles avec les limites plan\u00e9taires et ancr\u00e9es dans les r\u00e9alit\u00e9s territoriales \u00bb. De nouvelles conventions de partenariat viendront renforcer la dynamique dans les prochains mois, en particulier sur le volet <strong>destinations \u00e0 vis\u00e9e r\u00e9g\u00e9n\u00e9rative<\/strong>.<\/p>\t\t\t\t\t<\/div>\n\t\t\t\t\t\t<\/div>\n\t\t\t\t<\/div>\n\t\t\t\t<div class=\"elementor-element elementor-element-f2ed704 elementor-widget elementor-widget-spacer\" data-id=\"f2ed704\" data-element_type=\"widget\" data-widget_type=\"spacer.default\">\n\t\t\t\t<div class=\"elementor-widget-container\">\n\t\t\t\t\t<div class=\"elementor-spacer\">\n\t\t\t<div class=\"elementor-spacer-inner\"><\/div>\n\t\t<\/div>\n\t\t\t\t<\/div>\n\t\t\t\t<\/div>\n\t\t\t\t\t\t<\/div>\n\t\t\t\t\t<\/div>\n\t\t<\/div>\n\t\t\t\t\t\t\t\t<\/div>\n\t\t\t\t\t<\/div>\n\t\t<\/section>\n\t\t\t\t<section class=\"elementor-section elementor-top-section elementor-element elementor-element-3ff325f elementor-section-boxed elementor-section-height-default elementor-section-height-default\" data-id=\"3ff325f\" data-element_type=\"section\">\n\t\t\t\t\t\t<div class=\"elementor-container elementor-column-gap-default\">\n\t\t\t\t\t\t\t<div class=\"elementor-row\">\n\t\t\t\t\t<div class=\"elementor-column elementor-col-100 elementor-top-column elementor-element elementor-element-12a1e42\" data-id=\"12a1e42\" data-element_type=\"column\">\n\t\t\t<div class=\"elementor-column-wrap elementor-element-populated\">\n\t\t\t\t\t\t\t<div class=\"elementor-widget-wrap\">\n\t\t\t\t\t\t<div class=\"elementor-element elementor-element-9d44285 elementor-widget elementor-widget-text-editor\" data-id=\"9d44285\" data-element_type=\"widget\" data-widget_type=\"text-editor.default\">\n\t\t\t\t<div class=\"elementor-widget-container\">\n\t\t\t\t\t\t\t\t<div class=\"elementor-text-editor elementor-clearfix\">\n\t\t\t\t<p><em><strong><a href=\"https:\/\/fondation-grenoble-inp.fr\/en\/nos-actions\/chaire-regen-lab\/\" target=\"_blank\" rel=\"noopener\">En savoir plus sur la Chaire Regen Lab<\/a><\/strong><\/em><\/p>\t\t\t\t\t<\/div>\n\t\t\t\t\t\t<\/div>\n\t\t\t\t<\/div>\n\t\t\t\t\t\t<\/div>\n\t\t\t\t\t<\/div>\n\t\t<\/div>\n\t\t\t\t\t\t\t\t<\/div>\n\t\t\t\t\t<\/div>\n\t\t<\/section>\n\t\t\t\t\t\t<\/div>\n\t\t\t\t\t\t<\/div>\n\t\t\t\t\t<\/div>","protected":false},"excerpt":{"rendered":"<p>La Chaire Regen Lab est officiellement lanc\u00e9e en novembre 2025. Son ambition : rendre la soutenabilit\u00e9 forte et les mod\u00e8les \u00e0 vis\u00e9e r\u00e9g\u00e9n\u00e9rative concrets, op\u00e9rationnels et diffusables \u00e0 grande \u00e9chelle, aupr\u00e8s des entreprises comme des territoires.<\/p>","protected":false},"author":7,"featured_media":22399,"comment_status":"closed","ping_status":"open","sticky":false,"template":"","format":"standard","meta":[],"categories":[476],"tags":[],"acf":[],"yoast_head":"<!-- This site is optimized with the Yoast SEO plugin v18.0 - https:\/\/yoast.com\/wordpress\/plugins\/seo\/ -->\n<title>Lancement de la Chaire Regen Lab : faire de la r\u00e9g\u00e9n\u00e9ration un levier concret pour les entreprises et les territoires - Fondation Grenoble INP<\/title>\n<meta name=\"description\" content=\"La Chaire Regen Lab est officiellement lanc\u00e9e en novembre 2025. Son ambition : rendre la soutenabilit\u00e9 forte et les mod\u00e8les \u00e0 vis\u00e9e r\u00e9g\u00e9n\u00e9...\" \/>\n<meta name=\"robots\" content=\"index, follow, max-snippet:-1, max-image-preview:large, max-video-preview:-1\" \/>\n<link rel=\"canonical\" href=\"https:\/\/fondation-grenoble-inp.fr\/en\/lancement-de-la-chaire-regen-lab-faire-de-la-regeneration-un-levier-concret-pour-les-entreprises-et-les-territoires\/\" \/>\n<meta property=\"og:locale\" content=\"en_US\" \/>\n<meta property=\"og:type\" content=\"article\" \/>\n<meta property=\"og:title\" content=\"Lancement de la Chaire Regen Lab : faire de la r\u00e9g\u00e9n\u00e9ration un levier concret pour les entreprises et les territoires - Fondation Grenoble INP\" \/>\n<meta property=\"og:description\" content=\"La Chaire Regen Lab est officiellement lanc\u00e9e en novembre 2025. Son ambition : rendre la soutenabilit\u00e9 forte et les mod\u00e8les \u00e0 vis\u00e9e r\u00e9g\u00e9n\u00e9...\" \/>\n<meta property=\"og:url\" content=\"https:\/\/fondation-grenoble-inp.fr\/en\/lancement-de-la-chaire-regen-lab-faire-de-la-regeneration-un-levier-concret-pour-les-entreprises-et-les-territoires\/\" \/>\n<meta property=\"og:site_name\" content=\"Fondation Grenoble INP\" \/>\n<meta property=\"article:published_time\" content=\"2025-12-01T14:30:00+00:00\" \/>\n<meta property=\"article:modified_time\" content=\"2025-12-01T14:31:51+00:00\" \/>\n<meta property=\"og:image\" content=\"https:\/\/fondation-grenoble-inp.fr\/wp-content\/uploads\/2025\/11\/GREENOBLE_PIERRE_JAYET204-scaled.jpg\" \/>\n\t<meta property=\"og:image:width\" content=\"2560\" \/>\n\t<meta property=\"og:image:height\" content=\"1192\" \/>\n\t<meta property=\"og:image:type\" content=\"image\/jpeg\" \/>\n<meta name=\"twitter:card\" content=\"summary_large_image\" \/>\n<meta name=\"twitter:label1\" content=\"Written by\" \/>\n\t<meta name=\"twitter:data1\" content=\"Marie Dubreuil\" \/>\n\t<meta name=\"twitter:label2\" content=\"Est. reading time\" \/>\n\t<meta name=\"twitter:data2\" content=\"5 minutes\" \/>\n<script type=\"application\/ld+json\" class=\"yoast-schema-graph\">{\"@context\":\"https:\/\/schema.org\",\"@graph\":[{\"@type\":\"Organization\",\"@id\":\"https:\/\/fondation-grenoble-inp.fr\/#organization\",\"name\":\"Fondation INP Grenoble\",\"url\":\"https:\/\/fondation-grenoble-inp.fr\/\",\"sameAs\":[],\"logo\":{\"@type\":\"ImageObject\",\"@id\":\"https:\/\/fondation-grenoble-inp.fr\/#logo\",\"inLanguage\":\"en-US\",\"url\":\"https:\/\/fondation-grenoble-inp.fr\/wp-content\/uploads\/2021\/03\/cropped-favicon-fondation-inp-grenoble.png\",\"contentUrl\":\"https:\/\/fondation-grenoble-inp.fr\/wp-content\/uploads\/2021\/03\/cropped-favicon-fondation-inp-grenoble.png\",\"width\":512,\"height\":512,\"caption\":\"Fondation INP Grenoble\"},\"image\":{\"@id\":\"https:\/\/fondation-grenoble-inp.fr\/#logo\"}},{\"@type\":\"WebSite\",\"@id\":\"https:\/\/fondation-grenoble-inp.fr\/#website\",\"url\":\"https:\/\/fondation-grenoble-inp.fr\/\",\"name\":\"Fondation Grenoble INP\",\"description\":\"#OsezlAvenir\",\"publisher\":{\"@id\":\"https:\/\/fondation-grenoble-inp.fr\/#organization\"},\"potentialAction\":[{\"@type\":\"SearchAction\",\"target\":{\"@type\":\"EntryPoint\",\"urlTemplate\":\"https:\/\/fondation-grenoble-inp.fr\/?s={search_term_string}\"},\"query-input\":\"required name=search_term_string\"}],\"inLanguage\":\"en-US\"},{\"@type\":\"ImageObject\",\"@id\":\"https:\/\/fondation-grenoble-inp.fr\/lancement-de-la-chaire-regen-lab-faire-de-la-regeneration-un-levier-concret-pour-les-entreprises-et-les-territoires\/#primaryimage\",\"inLanguage\":\"en-US\",\"url\":\"https:\/\/fondation-grenoble-inp.fr\/wp-content\/uploads\/2025\/11\/GREENOBLE_PIERRE_JAYET204-scaled.jpg\",\"contentUrl\":\"https:\/\/fondation-grenoble-inp.fr\/wp-content\/uploads\/2025\/11\/GREENOBLE_PIERRE_JAYET204-scaled.jpg\",\"width\":\"2560\",\"height\":\"1192\"},{\"@type\":\"WebPage\",\"@id\":\"https:\/\/fondation-grenoble-inp.fr\/lancement-de-la-chaire-regen-lab-faire-de-la-regeneration-un-levier-concret-pour-les-entreprises-et-les-territoires\/#webpage\",\"url\":\"https:\/\/fondation-grenoble-inp.fr\/lancement-de-la-chaire-regen-lab-faire-de-la-regeneration-un-levier-concret-pour-les-entreprises-et-les-territoires\/\",\"name\":\"Lancement de la Chaire Regen Lab : faire de la r\u00e9g\u00e9n\u00e9ration un levier concret pour les entreprises et les territoires - Fondation Grenoble INP\",\"isPartOf\":{\"@id\":\"https:\/\/fondation-grenoble-inp.fr\/#website\"},\"primaryImageOfPage\":{\"@id\":\"https:\/\/fondation-grenoble-inp.fr\/lancement-de-la-chaire-regen-lab-faire-de-la-regeneration-un-levier-concret-pour-les-entreprises-et-les-territoires\/#primaryimage\"},\"datePublished\":\"2025-12-01T14:30:00+00:00\",\"dateModified\":\"2025-12-01T14:31:51+00:00\",\"description\":\"La Chaire Regen Lab est officiellement lanc\u00e9e en novembre 2025. Son ambition : rendre la soutenabilit\u00e9 forte et les mod\u00e8les \u00e0 vis\u00e9e r\u00e9g\u00e9n\u00e9...\",\"breadcrumb\":{\"@id\":\"https:\/\/fondation-grenoble-inp.fr\/lancement-de-la-chaire-regen-lab-faire-de-la-regeneration-un-levier-concret-pour-les-entreprises-et-les-territoires\/#breadcrumb\"},\"inLanguage\":\"en-US\",\"potentialAction\":[{\"@type\":\"ReadAction\",\"target\":[\"https:\/\/fondation-grenoble-inp.fr\/lancement-de-la-chaire-regen-lab-faire-de-la-regeneration-un-levier-concret-pour-les-entreprises-et-les-territoires\/\"]}]},{\"@type\":\"BreadcrumbList\",\"@id\":\"https:\/\/fondation-grenoble-inp.fr\/lancement-de-la-chaire-regen-lab-faire-de-la-regeneration-un-levier-concret-pour-les-entreprises-et-les-territoires\/#breadcrumb\",\"itemListElement\":[{\"@type\":\"ListItem\",\"position\":1,\"name\":\"Accueil\",\"item\":\"https:\/\/fondation-grenoble-inp.fr\/\"},{\"@type\":\"ListItem\",\"position\":2,\"name\":\"Lancement de la Chaire Regen Lab : faire de la r\u00e9g\u00e9n\u00e9ration un levier concret pour les entreprises et les territoires\"}]},{\"@type\":\"Article\",\"@id\":\"https:\/\/fondation-grenoble-inp.fr\/lancement-de-la-chaire-regen-lab-faire-de-la-regeneration-un-levier-concret-pour-les-entreprises-et-les-territoires\/#article\",\"isPartOf\":{\"@id\":\"https:\/\/fondation-grenoble-inp.fr\/lancement-de-la-chaire-regen-lab-faire-de-la-regeneration-un-levier-concret-pour-les-entreprises-et-les-territoires\/#webpage\"},\"author\":{\"@id\":\"https:\/\/fondation-grenoble-inp.fr\/#\/schema\/person\/7c36548ebaddf05ba7a055d161ebff94\"},\"headline\":\"Lancement de la Chaire Regen Lab : faire de la r\u00e9g\u00e9n\u00e9ration un levier concret pour les entreprises et les territoires\",\"datePublished\":\"2025-12-01T14:30:00+00:00\",\"dateModified\":\"2025-12-01T14:31:51+00:00\",\"mainEntityOfPage\":{\"@id\":\"https:\/\/fondation-grenoble-inp.fr\/lancement-de-la-chaire-regen-lab-faire-de-la-regeneration-un-levier-concret-pour-les-entreprises-et-les-territoires\/#webpage\"},\"wordCount\":989,\"publisher\":{\"@id\":\"https:\/\/fondation-grenoble-inp.fr\/#organization\"},\"image\":{\"@id\":\"https:\/\/fondation-grenoble-inp.fr\/lancement-de-la-chaire-regen-lab-faire-de-la-regeneration-un-levier-concret-pour-les-entreprises-et-les-territoires\/#primaryimage\"},\"thumbnailUrl\":\"https:\/\/fondation-grenoble-inp.fr\/wp-content\/uploads\/2025\/11\/GREENOBLE_PIERRE_JAYET204-scaled.jpg\",\"articleSection\":[\"Les Chaires\"],\"inLanguage\":\"en-US\"},{\"@type\":\"Person\",\"@id\":\"https:\/\/fondation-grenoble-inp.fr\/#\/schema\/person\/7c36548ebaddf05ba7a055d161ebff94\",\"name\":\"Marie Dubreuil\",\"image\":{\"@type\":\"ImageObject\",\"@id\":\"https:\/\/fondation-grenoble-inp.fr\/#personlogo\",\"inLanguage\":\"en-US\",\"url\":\"https:\/\/secure.gravatar.com\/avatar\/358eb0ab274d9479ce7c23b8a3f0a360?s=96&d=mm&r=g\",\"contentUrl\":\"https:\/\/secure.gravatar.com\/avatar\/358eb0ab274d9479ce7c23b8a3f0a360?s=96&d=mm&r=g\",\"caption\":\"Marie Dubreuil\"}}]}<\/script>\n<!-- \/ Yoast SEO plugin. -->","yoast_head_json":{"title":"Lancement de la Chaire Regen Lab : faire de la r\u00e9g\u00e9n\u00e9ration un levier concret pour les entreprises et les territoires - Fondation Grenoble INP","description":"La Chaire Regen Lab est officiellement lanc\u00e9e en novembre 2025. Son ambition : rendre la soutenabilit\u00e9 forte et les mod\u00e8les \u00e0 vis\u00e9e r\u00e9g\u00e9n\u00e9...","robots":{"index":"index","follow":"follow","max-snippet":"max-snippet:-1","max-image-preview":"max-image-preview:large","max-video-preview":"max-video-preview:-1"},"canonical":"https:\/\/fondation-grenoble-inp.fr\/en\/lancement-de-la-chaire-regen-lab-faire-de-la-regeneration-un-levier-concret-pour-les-entreprises-et-les-territoires\/","og_locale":"en_US","og_type":"article","og_title":"Lancement de la Chaire Regen Lab : faire de la r\u00e9g\u00e9n\u00e9ration un levier concret pour les entreprises et les territoires - Fondation Grenoble INP","og_description":"La Chaire Regen Lab est officiellement lanc\u00e9e en novembre 2025. Son ambition : rendre la soutenabilit\u00e9 forte et les mod\u00e8les \u00e0 vis\u00e9e r\u00e9g\u00e9n\u00e9...","og_url":"https:\/\/fondation-grenoble-inp.fr\/en\/lancement-de-la-chaire-regen-lab-faire-de-la-regeneration-un-levier-concret-pour-les-entreprises-et-les-territoires\/","og_site_name":"Fondation Grenoble INP","article_published_time":"2025-12-01T14:30:00+00:00","article_modified_time":"2025-12-01T14:31:51+00:00","og_image":[{"width":"2560","height":"1192","url":"https:\/\/fondation-grenoble-inp.fr\/wp-content\/uploads\/2025\/11\/GREENOBLE_PIERRE_JAYET204-scaled.jpg","type":"image\/jpeg"}],"twitter_card":"summary_large_image","twitter_misc":{"Written by":"Marie Dubreuil","Est. reading time":"5 minutes"},"schema":{"@context":"https:\/\/schema.org","@graph":[{"@type":"Organization","@id":"https:\/\/fondation-grenoble-inp.fr\/#organization","name":"Fondation INP Grenoble","url":"https:\/\/fondation-grenoble-inp.fr\/","sameAs":[],"logo":{"@type":"ImageObject","@id":"https:\/\/fondation-grenoble-inp.fr\/#logo","inLanguage":"en-US","url":"https:\/\/fondation-grenoble-inp.fr\/wp-content\/uploads\/2021\/03\/cropped-favicon-fondation-inp-grenoble.png","contentUrl":"https:\/\/fondation-grenoble-inp.fr\/wp-content\/uploads\/2021\/03\/cropped-favicon-fondation-inp-grenoble.png","width":512,"height":512,"caption":"Fondation INP Grenoble"},"image":{"@id":"https:\/\/fondation-grenoble-inp.fr\/#logo"}},{"@type":"WebSite","@id":"https:\/\/fondation-grenoble-inp.fr\/#website","url":"https:\/\/fondation-grenoble-inp.fr\/","name":"Fondation Grenoble INP","description":"#OsezlAvenir","publisher":{"@id":"https:\/\/fondation-grenoble-inp.fr\/#organization"},"potentialAction":[{"@type":"SearchAction","target":{"@type":"EntryPoint","urlTemplate":"https:\/\/fondation-grenoble-inp.fr\/?s={search_term_string}"},"query-input":"required name=search_term_string"}],"inLanguage":"en-US"},{"@type":"ImageObject","@id":"https:\/\/fondation-grenoble-inp.fr\/lancement-de-la-chaire-regen-lab-faire-de-la-regeneration-un-levier-concret-pour-les-entreprises-et-les-territoires\/#primaryimage","inLanguage":"en-US","url":"https:\/\/fondation-grenoble-inp.fr\/wp-content\/uploads\/2025\/11\/GREENOBLE_PIERRE_JAYET204-scaled.jpg","contentUrl":"https:\/\/fondation-grenoble-inp.fr\/wp-content\/uploads\/2025\/11\/GREENOBLE_PIERRE_JAYET204-scaled.jpg","width":"2560","height":"1192"},{"@type":"WebPage","@id":"https:\/\/fondation-grenoble-inp.fr\/lancement-de-la-chaire-regen-lab-faire-de-la-regeneration-un-levier-concret-pour-les-entreprises-et-les-territoires\/#webpage","url":"https:\/\/fondation-grenoble-inp.fr\/lancement-de-la-chaire-regen-lab-faire-de-la-regeneration-un-levier-concret-pour-les-entreprises-et-les-territoires\/","name":"Lancement de la Chaire Regen Lab : faire de la r\u00e9g\u00e9n\u00e9ration un levier concret pour les entreprises et les territoires - Fondation Grenoble INP","isPartOf":{"@id":"https:\/\/fondation-grenoble-inp.fr\/#website"},"primaryImageOfPage":{"@id":"https:\/\/fondation-grenoble-inp.fr\/lancement-de-la-chaire-regen-lab-faire-de-la-regeneration-un-levier-concret-pour-les-entreprises-et-les-territoires\/#primaryimage"},"datePublished":"2025-12-01T14:30:00+00:00","dateModified":"2025-12-01T14:31:51+00:00","description":"La Chaire Regen Lab est officiellement lanc\u00e9e en novembre 2025. Son ambition : rendre la soutenabilit\u00e9 forte et les mod\u00e8les \u00e0 vis\u00e9e r\u00e9g\u00e9n\u00e9...","breadcrumb":{"@id":"https:\/\/fondation-grenoble-inp.fr\/lancement-de-la-chaire-regen-lab-faire-de-la-regeneration-un-levier-concret-pour-les-entreprises-et-les-territoires\/#breadcrumb"},"inLanguage":"en-US","potentialAction":[{"@type":"ReadAction","target":["https:\/\/fondation-grenoble-inp.fr\/lancement-de-la-chaire-regen-lab-faire-de-la-regeneration-un-levier-concret-pour-les-entreprises-et-les-territoires\/"]}]},{"@type":"BreadcrumbList","@id":"https:\/\/fondation-grenoble-inp.fr\/lancement-de-la-chaire-regen-lab-faire-de-la-regeneration-un-levier-concret-pour-les-entreprises-et-les-territoires\/#breadcrumb","itemListElement":[{"@type":"ListItem","position":1,"name":"Accueil","item":"https:\/\/fondation-grenoble-inp.fr\/"},{"@type":"ListItem","position":2,"name":"Lancement de la Chaire Regen Lab : faire de la r\u00e9g\u00e9n\u00e9ration un levier concret pour les entreprises et les territoires"}]},{"@type":"Article","@id":"https:\/\/fondation-grenoble-inp.fr\/lancement-de-la-chaire-regen-lab-faire-de-la-regeneration-un-levier-concret-pour-les-entreprises-et-les-territoires\/#article","isPartOf":{"@id":"https:\/\/fondation-grenoble-inp.fr\/lancement-de-la-chaire-regen-lab-faire-de-la-regeneration-un-levier-concret-pour-les-entreprises-et-les-territoires\/#webpage"},"author":{"@id":"https:\/\/fondation-grenoble-inp.fr\/#\/schema\/person\/7c36548ebaddf05ba7a055d161ebff94"},"headline":"Lancement de la Chaire Regen Lab : faire de la r\u00e9g\u00e9n\u00e9ration un levier concret pour les entreprises et les territoires","datePublished":"2025-12-01T14:30:00+00:00","dateModified":"2025-12-01T14:31:51+00:00","mainEntityOfPage":{"@id":"https:\/\/fondation-grenoble-inp.fr\/lancement-de-la-chaire-regen-lab-faire-de-la-regeneration-un-levier-concret-pour-les-entreprises-et-les-territoires\/#webpage"},"wordCount":989,"publisher":{"@id":"https:\/\/fondation-grenoble-inp.fr\/#organization"},"image":{"@id":"https:\/\/fondation-grenoble-inp.fr\/lancement-de-la-chaire-regen-lab-faire-de-la-regeneration-un-levier-concret-pour-les-entreprises-et-les-territoires\/#primaryimage"},"thumbnailUrl":"https:\/\/fondation-grenoble-inp.fr\/wp-content\/uploads\/2025\/11\/GREENOBLE_PIERRE_JAYET204-scaled.jpg","articleSection":["Les Chaires"],"inLanguage":"en-US"},{"@type":"Person","@id":"https:\/\/fondation-grenoble-inp.fr\/#\/schema\/person\/7c36548ebaddf05ba7a055d161ebff94","name":"Marie Dubreuil","image":{"@type":"ImageObject","@id":"https:\/\/fondation-grenoble-inp.fr\/#personlogo","inLanguage":"en-US","url":"https:\/\/secure.gravatar.com\/avatar\/358eb0ab274d9479ce7c23b8a3f0a360?s=96&d=mm&r=g","contentUrl":"https:\/\/secure.gravatar.com\/avatar\/358eb0ab274d9479ce7c23b8a3f0a360?s=96&d=mm&r=g","caption":"Marie Dubreuil"}}]}},"_links":{"self":[{"href":"https:\/\/fondation-grenoble-inp.fr\/en\/wp-json\/wp\/v2\/posts\/22396"}],"collection":[{"href":"https:\/\/fondation-grenoble-inp.fr\/en\/wp-json\/wp\/v2\/posts"}],"about":[{"href":"https:\/\/fondation-grenoble-inp.fr\/en\/wp-json\/wp\/v2\/types\/post"}],"author":[{"embeddable":true,"href":"https:\/\/fondation-grenoble-inp.fr\/en\/wp-json\/wp\/v2\/users\/7"}],"replies":[{"embeddable":true,"href":"https:\/\/fondation-grenoble-inp.fr\/en\/wp-json\/wp\/v2\/comments?post=22396"}],"version-history":[{"count":16,"href":"https:\/\/fondation-grenoble-inp.fr\/en\/wp-json\/wp\/v2\/posts\/22396\/revisions"}],"predecessor-version":[{"id":22450,"href":"https:\/\/fondation-grenoble-inp.fr\/en\/wp-json\/wp\/v2\/posts\/22396\/revisions\/22450"}],"wp:featuredmedia":[{"embeddable":true,"href":"https:\/\/fondation-grenoble-inp.fr\/en\/wp-json\/wp\/v2\/media\/22399"}],"wp:attachment":[{"href":"https:\/\/fondation-grenoble-inp.fr\/en\/wp-json\/wp\/v2\/media?parent=22396"}],"wp:term":[{"taxonomy":"category","embeddable":true,"href":"https:\/\/fondation-grenoble-inp.fr\/en\/wp-json\/wp\/v2\/categories?post=22396"},{"taxonomy":"post_tag","embeddable":true,"href":"https:\/\/fondation-grenoble-inp.fr\/en\/wp-json\/wp\/v2\/tags?post=22396"}],"curies":[{"name":"wp","href":"https:\/\/api.w.org\/{rel}","templated":true}]}}