{"id":22451,"date":"2025-12-03T15:33:22","date_gmt":"2025-12-03T14:33:22","guid":{"rendered":"https:\/\/fondation-grenoble-inp.fr\/?p=22451"},"modified":"2025-12-08T15:01:59","modified_gmt":"2025-12-08T14:01:59","slug":"breath-un-sommet-pour-octobre-rose-retour-sur-un-projet-solidaire-et-engage","status":"publish","type":"post","link":"https:\/\/fondation-grenoble-inp.fr\/en\/breath-un-sommet-pour-octobre-rose-retour-sur-un-projet-solidaire-et-engage\/","title":{"rendered":"BREATH : un sommet pour Octobre Rose \u2013 Retour sur un projet solidaire et engag\u00e9"},"content":{"rendered":"<div data-elementor-type=\"wp-post\" data-elementor-id=\"22451\" data-post-id=\"22451\" data-obj-id=\"22451\" class=\"elementor elementor-22451 dce-elementor-post-22451\" data-elementor-settings=\"[]\">\n\t\t\t\t\t\t<div class=\"elementor-inner\">\n\t\t\t\t\t\t\t<div class=\"elementor-section-wrap\">\n\t\t\t\t\t\t\t<section class=\"elementor-section elementor-top-section elementor-element elementor-element-df1f6a5 elementor-section-boxed elementor-section-height-default elementor-section-height-default\" data-id=\"df1f6a5\" data-element_type=\"section\">\n\t\t\t\t\t\t<div class=\"elementor-container elementor-column-gap-default\">\n\t\t\t\t\t\t\t<div class=\"elementor-row\">\n\t\t\t\t\t<div class=\"elementor-column elementor-col-100 elementor-top-column elementor-element elementor-element-8b1cd94\" data-id=\"8b1cd94\" data-element_type=\"column\">\n\t\t\t<div class=\"elementor-column-wrap elementor-element-populated\">\n\t\t\t\t\t\t\t<div class=\"elementor-widget-wrap\">\n\t\t\t\t\t\t<div class=\"elementor-element elementor-element-e4de7b3 elementor-widget elementor-widget-text-editor\" data-id=\"e4de7b3\" data-element_type=\"widget\" data-widget_type=\"text-editor.default\">\n\t\t\t\t<div class=\"elementor-widget-container\">\n\t\t\t\t\t\t\t\t<div class=\"elementor-text-editor elementor-clearfix\">\n\t\t\t\t<p><strong>\u00c0 l&rsquo;occasion de la campagne Octobre Rose 2025, six \u00e9tudiants de\u00a0<a href=\"https:\/\/iae.grenoble-inp.fr\/\" target=\"_blank\" rel=\"noopener\">Grenoble IAE \u2013 INP, UGA <\/a>ont relev\u00e9 un d\u00e9fi hors du commun : gravir la Pyramide Vincent (4 215 m) dans le massif du Mont Rose, pour soutenir la lutte contre le cancer du sein. Ce projet, baptis\u00e9 <a href=\"https:\/\/www.instagram.com\/breath_mont_rose\/\" target=\"_blank\" rel=\"noopener\">BREATH<\/a> (Be Resilient Embrace All Tomorrow\u2019s Hope), a permis de r\u00e9colter des fonds pour l&rsquo;<a href=\"https:\/\/www.rose-up.fr\/\" target=\"_blank\" rel=\"noopener\">Association Rose Up<\/a> tout en incarnant un message fort : <em>\u00ab\u00a0Gravissons les sommets pour celles qui m\u00e8nent un combat bien plus grand.\u00a0\u00bb<\/em><\/strong><\/p>\t\t\t\t\t<\/div>\n\t\t\t\t\t\t<\/div>\n\t\t\t\t<\/div>\n\t\t\t\t<div class=\"elementor-element elementor-element-5a8cb99 dce_masking-none elementor-widget elementor-widget-image\" data-id=\"5a8cb99\" data-element_type=\"widget\" data-widget_type=\"image.default\">\n\t\t\t\t<div class=\"elementor-widget-container\">\n\t\t\t\t\t\t\t\t<div class=\"elementor-image\">\n\t\t\t\t\t\t\t\t\t\t\t\t<img width=\"768\" height=\"576\" src=\"https:\/\/fondation-grenoble-inp.fr\/wp-content\/uploads\/2025\/12\/IMG_2441-768x576.jpeg\" class=\"attachment-medium_large size-medium_large\" alt=\"Equipe Breath\" loading=\"lazy\" srcset=\"https:\/\/fondation-grenoble-inp.fr\/wp-content\/uploads\/2025\/12\/IMG_2441-768x576.jpeg 768w, https:\/\/fondation-grenoble-inp.fr\/wp-content\/uploads\/2025\/12\/IMG_2441-300x225.jpeg 300w, https:\/\/fondation-grenoble-inp.fr\/wp-content\/uploads\/2025\/12\/IMG_2441-1024x768.jpeg 1024w, https:\/\/fondation-grenoble-inp.fr\/wp-content\/uploads\/2025\/12\/IMG_2441-1536x1152.jpeg 1536w, https:\/\/fondation-grenoble-inp.fr\/wp-content\/uploads\/2025\/12\/IMG_2441-2048x1536.jpeg 2048w, https:\/\/fondation-grenoble-inp.fr\/wp-content\/uploads\/2025\/12\/IMG_2441-16x12.jpeg 16w\" sizes=\"(max-width: 768px) 100vw, 768px\" \/>\t\t\t\t\t\t\t\t\t\t\t\t\t\t<\/div>\n\t\t\t\t\t\t<\/div>\n\t\t\t\t<\/div>\n\t\t\t\t\t\t<\/div>\n\t\t\t\t\t<\/div>\n\t\t<\/div>\n\t\t\t\t\t\t\t\t<\/div>\n\t\t\t\t\t<\/div>\n\t\t<\/section>\n\t\t\t\t<section class=\"elementor-section elementor-top-section elementor-element elementor-element-9b49445 elementor-section-boxed elementor-section-height-default elementor-section-height-default\" data-id=\"9b49445\" data-element_type=\"section\">\n\t\t\t\t\t\t<div class=\"elementor-container elementor-column-gap-default\">\n\t\t\t\t\t\t\t<div class=\"elementor-row\">\n\t\t\t\t\t<div class=\"elementor-column elementor-col-100 elementor-top-column elementor-element elementor-element-8e2729a\" data-id=\"8e2729a\" data-element_type=\"column\">\n\t\t\t<div class=\"elementor-column-wrap elementor-element-populated\">\n\t\t\t\t\t\t\t<div class=\"elementor-widget-wrap\">\n\t\t\t\t\t\t<div class=\"elementor-element elementor-element-2cd52e4 elementor-widget elementor-widget-text-editor\" data-id=\"2cd52e4\" data-element_type=\"widget\" data-widget_type=\"text-editor.default\">\n\t\t\t\t<div class=\"elementor-widget-container\">\n\t\t\t\t\t\t\t\t<div class=\"elementor-text-editor elementor-clearfix\">\n\t\t\t\t<h2>Un d\u00e9fi sportif au service d\u2019une cause essentielle<\/h2>\t\t\t\t\t<\/div>\n\t\t\t\t\t\t<\/div>\n\t\t\t\t<\/div>\n\t\t\t\t<div class=\"elementor-element elementor-element-f10998d elementor-widget elementor-widget-text-editor\" data-id=\"f10998d\" data-element_type=\"widget\" data-widget_type=\"text-editor.default\">\n\t\t\t\t<div class=\"elementor-widget-container\">\n\t\t\t\t\t\t\t\t<div class=\"elementor-text-editor elementor-clearfix\">\n\t\t\t\t<p>Le Mont Rose, deuxi\u00e8me plus haut massif des Alpes apr\u00e8s le Mont Blanc, se situe \u00e0 la fronti\u00e8re entre la Suisse et l\u2019Italie. Il abrite une dizaine de sommets \u00e0 plus de 4 000 m, offrant un d\u00e9cor spectaculaire pour ce projet solidaire.<br \/>La Pyramide Vincent, choisie par l\u2019\u00e9quipe, est un sommet mythique \u00e0 4 215 m, accessible mais engag\u00e9, souvent consid\u00e9r\u00e9 comme \u00ab\u00a0le premier\u00a0 4000 des alpinistes\u00a0\u00bb.<\/p><p>Apr\u00e8s 10 mois de pr\u00e9paration,<strong><a href=\"https:\/\/www.linkedin.com\/in\/s%C3%A9bastien-chehbouni-893862238\/\" target=\"_blank\" rel=\"noopener\">S\u00e9bastien Chehbouni<\/a>,\u00a0<a href=\"https:\/\/www.linkedin.com\/in\/pascal-kauffmann-153297195\/\" target=\"_blank\" rel=\"noopener\">Pascal Kauffmann<\/a>,\u00a0<a href=\"https:\/\/www.linkedin.com\/in\/thomas-l-9b6b4122a\/\" target=\"_blank\" rel=\"noopener\">Thomas Le Thiec<\/a>,\u00a0<a href=\"https:\/\/www.linkedin.com\/in\/alban-masson\/\" target=\"_blank\" rel=\"noopener\">Alban Masson<\/a>,\u00a0<a href=\"https:\/\/www.linkedin.com\/in\/ludovic-moins-48457a20a\/\" target=\"_blank\" rel=\"noopener\">Ludovic Moins <\/a><\/strong>and<strong> <a href=\"https:\/\/www.linkedin.com\/in\/titouan-poivret\/\" target=\"_blank\" rel=\"noopener\">Titouan Poivret<\/a><\/strong>, ont chauss\u00e9 les crampons, accompagn\u00e9s de deux guides exp\u00e9riment\u00e9s, L\u00e9o et Justin, dont la patience et la bienveillance ont \u00e9t\u00e9 salu\u00e9es par l\u2019\u00e9quipe. Sous la lumi\u00e8re des frontales et des \u00e9toiles, ils ont affront\u00e9 le froid, la neige et la fatigue pour atteindre le sommet.<\/p>\t\t\t\t\t<\/div>\n\t\t\t\t\t\t<\/div>\n\t\t\t\t<\/div>\n\t\t\t\t\t\t<\/div>\n\t\t\t\t\t<\/div>\n\t\t<\/div>\n\t\t\t\t\t\t\t\t<\/div>\n\t\t\t\t\t<\/div>\n\t\t<\/section>\n\t\t\t\t<section class=\"elementor-section elementor-top-section elementor-element elementor-element-77e4701 elementor-section-boxed elementor-section-height-default elementor-section-height-default\" data-id=\"77e4701\" data-element_type=\"section\">\n\t\t\t\t\t\t<div class=\"elementor-container elementor-column-gap-default\">\n\t\t\t\t\t\t\t<div class=\"elementor-row\">\n\t\t\t\t\t<div class=\"elementor-column elementor-col-100 elementor-top-column elementor-element elementor-element-9418bb4\" data-id=\"9418bb4\" data-element_type=\"column\">\n\t\t\t<div class=\"elementor-column-wrap elementor-element-populated\">\n\t\t\t\t\t\t\t<div class=\"elementor-widget-wrap\">\n\t\t\t\t\t\t<div class=\"elementor-element elementor-element-444cfcc elementor-widget elementor-widget-text-editor\" data-id=\"444cfcc\" data-element_type=\"widget\" data-widget_type=\"text-editor.default\">\n\t\t\t\t<div class=\"elementor-widget-container\">\n\t\t\t\t\t\t\t\t<div class=\"elementor-text-editor elementor-clearfix\">\n\t\t\t\t<h2>Un projet solidaire qui d\u00e9passe la montagne<\/h2>\t\t\t\t\t<\/div>\n\t\t\t\t\t\t<\/div>\n\t\t\t\t<\/div>\n\t\t\t\t<div class=\"elementor-element elementor-element-aa96b42 elementor-widget elementor-widget-text-editor\" data-id=\"aa96b42\" data-element_type=\"widget\" data-widget_type=\"text-editor.default\">\n\t\t\t\t<div class=\"elementor-widget-container\">\n\t\t\t\t\t\t\t\t<div class=\"elementor-text-editor elementor-clearfix\">\n\t\t\t\t<p>Au-del\u00e0 du d\u00e9fi sportif, le projet <strong><a href=\"https:\/\/www.instagram.com\/breath_mont_rose\/\" target=\"_blank\" rel=\"noopener\">BREATH<\/a><\/strong> avait pour objectif de soutenir l\u2019<strong><a href=\"https:\/\/www.rose-up.fr\/\" target=\"_blank\" rel=\"noopener\">Association RoseUp<\/a><\/strong>, qui accompagne les femmes touch\u00e9es par le cancer du sein, notamment le cancer triple n\u00e9gatif, une forme agressive encore peu connue.\u00a0<\/p><div>Ce projet a \u00e9t\u00e9 soutenu par la <strong><a href=\"https:\/\/fondation-grenoble-inp.fr\/en\/\" target=\"_blank\" rel=\"noopener\">Grenoble INP Foundation<\/a><\/strong> \u00e0 travers une subvention, qui a \u00e9galement permis l\u2019ouverture d\u2019une cagnotte de crowdfunding d\u00e9fiscalis\u00e9e.<\/div><div><br \/>R\u00e9sultats :<\/div><ul><li>Plus de 90 contributeurs mobilis\u00e9s<\/li><li>Plus de 3 000 \u20ac collect\u00e9s, dont 300 \u20ac gr\u00e2ce au partenariat avec le <strong><a href=\"https:\/\/linktr.ee\/jaunesetnoirs?utm_source=ig&amp;utm_medium=social&amp;utm_content=link_in_bio&amp;fbclid=PAZXh0bgNhZW0CMTEAc3J0YwZhcHBfaWQMMjU2MjgxMDQwNTU4AAGnBcFwYYfX_GFF795yv2WW3Fz3r4On1Jy-sXAzs59MhvEYKNPmqTnKXK2aXWw_aem_Kl6SwRDnQADiqEdj8XYDZA\" target=\"_blank\" rel=\"noopener\">Club de football AJSF<\/a><\/strong>, qui a revers\u00e9 les b\u00e9n\u00e9fices d\u2019une buvette lors d\u2019un match.<\/li><li>100 % des fonds ont \u00e9t\u00e9 revers\u00e9s \u00e0 <strong><a href=\"https:\/\/www.rose-up.fr\/?https%3A%2F%2Fwww_rose-up_fr%2F&amp;gad_source=1&amp;gad_campaignid=243116072&amp;gbraid=0AAAAADkrV4idgVfPIwRYj0EBcNP-2AEJr&amp;gclid=Cj0KCQiA_8TJBhDNARIsAPX5qxTygBn-XquzDfMtmP14_56ddUo4zXxir6JBlM9XlUf53LGedEsYMpkaAqM1EALw_wcB\" target=\"_blank\" rel=\"noopener\">RoseUp<\/a><\/strong>, pour financer la recherche, la sensibilisation et l\u2019accompagnement des femmes dans leur parcours de soin.<\/li><\/ul><p>Le projet ne s\u2019est pas limit\u00e9 \u00e0 l\u2019ascension : des interviews de femmes actuellement ou anciennement touch\u00e9es par un cancer du sein ont \u00e9t\u00e9 r\u00e9alis\u00e9es pour partager leurs t\u00e9moignages et renforcer la visibilit\u00e9 de leur combat. Une mani\u00e8re de rappeler que derri\u00e8re chaque chiffre, il y a des vies, des histoires et des espoirs.<\/p>\t\t\t\t\t<\/div>\n\t\t\t\t\t\t<\/div>\n\t\t\t\t<\/div>\n\t\t\t\t\t\t<\/div>\n\t\t\t\t\t<\/div>\n\t\t<\/div>\n\t\t\t\t\t\t\t\t<\/div>\n\t\t\t\t\t<\/div>\n\t\t<\/section>\n\t\t\t\t<section class=\"elementor-section elementor-top-section elementor-element elementor-element-e369f36 elementor-section-boxed elementor-section-height-default elementor-section-height-default\" data-id=\"e369f36\" data-element_type=\"section\">\n\t\t\t\t\t\t<div class=\"elementor-container elementor-column-gap-default\">\n\t\t\t\t\t\t\t<div class=\"elementor-row\">\n\t\t\t\t\t<div class=\"elementor-column elementor-col-100 elementor-top-column elementor-element elementor-element-185117a\" data-id=\"185117a\" data-element_type=\"column\">\n\t\t\t<div class=\"elementor-column-wrap elementor-element-populated\">\n\t\t\t\t\t\t\t<div class=\"elementor-widget-wrap\">\n\t\t\t\t\t\t<div class=\"elementor-element elementor-element-86dc41c elementor-widget elementor-widget-text-editor\" data-id=\"86dc41c\" data-element_type=\"widget\" data-widget_type=\"text-editor.default\">\n\t\t\t\t<div class=\"elementor-widget-container\">\n\t\t\t\t\t\t\t\t<div class=\"elementor-text-editor elementor-clearfix\">\n\t\t\t\t<p>The <strong><a href=\"https:\/\/fondation-grenoble-inp.fr\/en\/\" target=\"_blank\" rel=\"noopener\">Grenoble INP Foundation<\/a><\/strong> est fi\u00e8re d\u2019avoir accompagn\u00e9 cette initiative et f\u00e9licite chaleureusement l&rsquo;\u00e9quipe pour son engagement exemplaire !<\/p>\t\t\t\t\t<\/div>\n\t\t\t\t\t\t<\/div>\n\t\t\t\t<\/div>\n\t\t\t\t\t\t<\/div>\n\t\t\t\t\t<\/div>\n\t\t<\/div>\n\t\t\t\t\t\t\t\t<\/div>\n\t\t\t\t\t<\/div>\n\t\t<\/section>\n\t\t\t\t<section class=\"elementor-section elementor-top-section elementor-element elementor-element-dc2e5a5 elementor-section-boxed elementor-section-height-default elementor-section-height-default\" data-id=\"dc2e5a5\" data-element_type=\"section\">\n\t\t\t\t\t\t<div class=\"elementor-container elementor-column-gap-default\">\n\t\t\t\t\t\t\t<div class=\"elementor-row\">\n\t\t\t\t\t<div class=\"elementor-column elementor-col-100 elementor-top-column elementor-element elementor-element-dcd3825\" data-id=\"dcd3825\" data-element_type=\"column\">\n\t\t\t<div class=\"elementor-column-wrap elementor-element-populated\">\n\t\t\t\t\t\t\t<div class=\"elementor-widget-wrap\">\n\t\t\t\t\t\t<div class=\"elementor-element elementor-element-1af4127 elementor-widget elementor-widget-text-editor\" data-id=\"1af4127\" data-element_type=\"widget\" data-widget_type=\"text-editor.default\">\n\t\t\t\t<div class=\"elementor-widget-container\">\n\t\t\t\t\t\t\t\t<div class=\"elementor-text-editor elementor-clearfix\">\n\t\t\t\t<p><strong><em><a href=\"https:\/\/fondation-grenoble-inp.fr\/en\/les-subventions\/\" target=\"_blank\" rel=\"noopener\">En savoir plus sur les subventions<\/a><\/em><\/strong><\/p>\t\t\t\t\t<\/div>\n\t\t\t\t\t\t<\/div>\n\t\t\t\t<\/div>\n\t\t\t\t\t\t<\/div>\n\t\t\t\t\t<\/div>\n\t\t<\/div>\n\t\t\t\t\t\t\t\t<\/div>\n\t\t\t\t\t<\/div>\n\t\t<\/section>\n\t\t\t\t\t\t<\/div>\n\t\t\t\t\t\t<\/div>\n\t\t\t\t\t<\/div>","protected":false},"excerpt":{"rendered":"<p>Six \u00e9tudiants de Grenoble IAE \u2013 INP ont gravi la Pyramide Vincent dans le massif du Mont Rose pour soutenir la lutte contre le cancer du sein.<\/p>","protected":false},"author":7,"featured_media":22452,"comment_status":"closed","ping_status":"open","sticky":false,"template":"","format":"standard","meta":[],"categories":[478],"tags":[],"acf":[],"yoast_head":"<!-- This site is optimized with the Yoast SEO plugin v18.0 - https:\/\/yoast.com\/wordpress\/plugins\/seo\/ -->\n<title>BREATH : un sommet pour Octobre Rose \u2013 Retour sur un projet solidaire et engag\u00e9 - Fondation Grenoble INP<\/title>\n<meta name=\"description\" content=\"Six \u00e9tudiants de Grenoble IAE \u2013 INP ont gravi la Pyramide Vincent dans le massif du Mont Rose pour soutenir la lutte contre le cancer du sein.\" \/>\n<meta name=\"robots\" content=\"index, follow, max-snippet:-1, max-image-preview:large, max-video-preview:-1\" \/>\n<link rel=\"canonical\" href=\"https:\/\/fondation-grenoble-inp.fr\/en\/breath-un-sommet-pour-octobre-rose-retour-sur-un-projet-solidaire-et-engage\/\" \/>\n<meta property=\"og:locale\" content=\"en_US\" \/>\n<meta property=\"og:type\" content=\"article\" \/>\n<meta property=\"og:title\" content=\"BREATH : un sommet pour Octobre Rose \u2013 Retour sur un projet solidaire et engag\u00e9 - Fondation Grenoble INP\" \/>\n<meta property=\"og:description\" content=\"Six \u00e9tudiants de Grenoble IAE \u2013 INP ont gravi la Pyramide Vincent dans le massif du Mont Rose pour soutenir la lutte contre le cancer du sein.\" \/>\n<meta property=\"og:url\" content=\"https:\/\/fondation-grenoble-inp.fr\/en\/breath-un-sommet-pour-octobre-rose-retour-sur-un-projet-solidaire-et-engage\/\" \/>\n<meta property=\"og:site_name\" content=\"Fondation Grenoble INP\" \/>\n<meta property=\"article:published_time\" content=\"2025-12-03T14:33:22+00:00\" \/>\n<meta property=\"article:modified_time\" content=\"2025-12-08T14:01:59+00:00\" \/>\n<meta property=\"og:image\" content=\"https:\/\/fondation-grenoble-inp.fr\/wp-content\/uploads\/2025\/12\/Photo-article-Breath-1024x789.png\" \/>\n\t<meta property=\"og:image:width\" content=\"1024\" \/>\n\t<meta property=\"og:image:height\" content=\"789\" \/>\n\t<meta property=\"og:image:type\" content=\"image\/png\" \/>\n<meta name=\"twitter:card\" content=\"summary_large_image\" \/>\n<meta name=\"twitter:label1\" content=\"Written by\" \/>\n\t<meta name=\"twitter:data1\" content=\"Marie Dubreuil\" \/>\n\t<meta name=\"twitter:label2\" content=\"Est. reading time\" \/>\n\t<meta name=\"twitter:data2\" content=\"3 minutes\" \/>\n<script type=\"application\/ld+json\" class=\"yoast-schema-graph\">{\"@context\":\"https:\/\/schema.org\",\"@graph\":[{\"@type\":\"Organization\",\"@id\":\"https:\/\/fondation-grenoble-inp.fr\/#organization\",\"name\":\"Fondation INP Grenoble\",\"url\":\"https:\/\/fondation-grenoble-inp.fr\/\",\"sameAs\":[],\"logo\":{\"@type\":\"ImageObject\",\"@id\":\"https:\/\/fondation-grenoble-inp.fr\/#logo\",\"inLanguage\":\"en-US\",\"url\":\"https:\/\/fondation-grenoble-inp.fr\/wp-content\/uploads\/2021\/03\/cropped-favicon-fondation-inp-grenoble.png\",\"contentUrl\":\"https:\/\/fondation-grenoble-inp.fr\/wp-content\/uploads\/2021\/03\/cropped-favicon-fondation-inp-grenoble.png\",\"width\":512,\"height\":512,\"caption\":\"Fondation INP Grenoble\"},\"image\":{\"@id\":\"https:\/\/fondation-grenoble-inp.fr\/#logo\"}},{\"@type\":\"WebSite\",\"@id\":\"https:\/\/fondation-grenoble-inp.fr\/#website\",\"url\":\"https:\/\/fondation-grenoble-inp.fr\/\",\"name\":\"Fondation Grenoble INP\",\"description\":\"#OsezlAvenir\",\"publisher\":{\"@id\":\"https:\/\/fondation-grenoble-inp.fr\/#organization\"},\"potentialAction\":[{\"@type\":\"SearchAction\",\"target\":{\"@type\":\"EntryPoint\",\"urlTemplate\":\"https:\/\/fondation-grenoble-inp.fr\/?s={search_term_string}\"},\"query-input\":\"required name=search_term_string\"}],\"inLanguage\":\"en-US\"},{\"@type\":\"ImageObject\",\"@id\":\"https:\/\/fondation-grenoble-inp.fr\/breath-un-sommet-pour-octobre-rose-retour-sur-un-projet-solidaire-et-engage\/#primaryimage\",\"inLanguage\":\"en-US\",\"url\":\"https:\/\/fondation-grenoble-inp.fr\/wp-content\/uploads\/2025\/12\/Photo-article-Breath.png\",\"contentUrl\":\"https:\/\/fondation-grenoble-inp.fr\/wp-content\/uploads\/2025\/12\/Photo-article-Breath.png\",\"width\":\"3024\",\"height\":\"2330\"},{\"@type\":\"WebPage\",\"@id\":\"https:\/\/fondation-grenoble-inp.fr\/breath-un-sommet-pour-octobre-rose-retour-sur-un-projet-solidaire-et-engage\/#webpage\",\"url\":\"https:\/\/fondation-grenoble-inp.fr\/breath-un-sommet-pour-octobre-rose-retour-sur-un-projet-solidaire-et-engage\/\",\"name\":\"BREATH : un sommet pour Octobre Rose \u2013 Retour sur un projet solidaire et engag\u00e9 - Fondation Grenoble INP\",\"isPartOf\":{\"@id\":\"https:\/\/fondation-grenoble-inp.fr\/#website\"},\"primaryImageOfPage\":{\"@id\":\"https:\/\/fondation-grenoble-inp.fr\/breath-un-sommet-pour-octobre-rose-retour-sur-un-projet-solidaire-et-engage\/#primaryimage\"},\"datePublished\":\"2025-12-03T14:33:22+00:00\",\"dateModified\":\"2025-12-08T14:01:59+00:00\",\"description\":\"Six \u00e9tudiants de Grenoble IAE \u2013 INP ont gravi la Pyramide Vincent dans le massif du Mont Rose pour soutenir la lutte contre le cancer du sein.\",\"breadcrumb\":{\"@id\":\"https:\/\/fondation-grenoble-inp.fr\/breath-un-sommet-pour-octobre-rose-retour-sur-un-projet-solidaire-et-engage\/#breadcrumb\"},\"inLanguage\":\"en-US\",\"potentialAction\":[{\"@type\":\"ReadAction\",\"target\":[\"https:\/\/fondation-grenoble-inp.fr\/breath-un-sommet-pour-octobre-rose-retour-sur-un-projet-solidaire-et-engage\/\"]}]},{\"@type\":\"BreadcrumbList\",\"@id\":\"https:\/\/fondation-grenoble-inp.fr\/breath-un-sommet-pour-octobre-rose-retour-sur-un-projet-solidaire-et-engage\/#breadcrumb\",\"itemListElement\":[{\"@type\":\"ListItem\",\"position\":1,\"name\":\"Accueil\",\"item\":\"https:\/\/fondation-grenoble-inp.fr\/\"},{\"@type\":\"ListItem\",\"position\":2,\"name\":\"BREATH : un sommet pour Octobre Rose \u2013 Retour sur un projet solidaire et engag\u00e9\"}]},{\"@type\":\"Article\",\"@id\":\"https:\/\/fondation-grenoble-inp.fr\/breath-un-sommet-pour-octobre-rose-retour-sur-un-projet-solidaire-et-engage\/#article\",\"isPartOf\":{\"@id\":\"https:\/\/fondation-grenoble-inp.fr\/breath-un-sommet-pour-octobre-rose-retour-sur-un-projet-solidaire-et-engage\/#webpage\"},\"author\":{\"@id\":\"https:\/\/fondation-grenoble-inp.fr\/#\/schema\/person\/7c36548ebaddf05ba7a055d161ebff94\"},\"headline\":\"BREATH : un sommet pour Octobre Rose \u2013 Retour sur un projet solidaire et engag\u00e9\",\"datePublished\":\"2025-12-03T14:33:22+00:00\",\"dateModified\":\"2025-12-08T14:01:59+00:00\",\"mainEntityOfPage\":{\"@id\":\"https:\/\/fondation-grenoble-inp.fr\/breath-un-sommet-pour-octobre-rose-retour-sur-un-projet-solidaire-et-engage\/#webpage\"},\"wordCount\":473,\"publisher\":{\"@id\":\"https:\/\/fondation-grenoble-inp.fr\/#organization\"},\"image\":{\"@id\":\"https:\/\/fondation-grenoble-inp.fr\/breath-un-sommet-pour-octobre-rose-retour-sur-un-projet-solidaire-et-engage\/#primaryimage\"},\"thumbnailUrl\":\"https:\/\/fondation-grenoble-inp.fr\/wp-content\/uploads\/2025\/12\/Photo-article-Breath.png\",\"articleSection\":[\"Nous soutenons\"],\"inLanguage\":\"en-US\"},{\"@type\":\"Person\",\"@id\":\"https:\/\/fondation-grenoble-inp.fr\/#\/schema\/person\/7c36548ebaddf05ba7a055d161ebff94\",\"name\":\"Marie Dubreuil\",\"image\":{\"@type\":\"ImageObject\",\"@id\":\"https:\/\/fondation-grenoble-inp.fr\/#personlogo\",\"inLanguage\":\"en-US\",\"url\":\"https:\/\/secure.gravatar.com\/avatar\/358eb0ab274d9479ce7c23b8a3f0a360?s=96&d=mm&r=g\",\"contentUrl\":\"https:\/\/secure.gravatar.com\/avatar\/358eb0ab274d9479ce7c23b8a3f0a360?s=96&d=mm&r=g\",\"caption\":\"Marie Dubreuil\"}}]}<\/script>\n<!-- \/ Yoast SEO plugin. -->","yoast_head_json":{"title":"BREATH : un sommet pour Octobre Rose \u2013 Retour sur un projet solidaire et engag\u00e9 - Fondation Grenoble INP","description":"Six \u00e9tudiants de Grenoble IAE \u2013 INP ont gravi la Pyramide Vincent dans le massif du Mont Rose pour soutenir la lutte contre le cancer du sein.","robots":{"index":"index","follow":"follow","max-snippet":"max-snippet:-1","max-image-preview":"max-image-preview:large","max-video-preview":"max-video-preview:-1"},"canonical":"https:\/\/fondation-grenoble-inp.fr\/en\/breath-un-sommet-pour-octobre-rose-retour-sur-un-projet-solidaire-et-engage\/","og_locale":"en_US","og_type":"article","og_title":"BREATH : un sommet pour Octobre Rose \u2013 Retour sur un projet solidaire et engag\u00e9 - Fondation Grenoble INP","og_description":"Six \u00e9tudiants de Grenoble IAE \u2013 INP ont gravi la Pyramide Vincent dans le massif du Mont Rose pour soutenir la lutte contre le cancer du sein.","og_url":"https:\/\/fondation-grenoble-inp.fr\/en\/breath-un-sommet-pour-octobre-rose-retour-sur-un-projet-solidaire-et-engage\/","og_site_name":"Fondation Grenoble INP","article_published_time":"2025-12-03T14:33:22+00:00","article_modified_time":"2025-12-08T14:01:59+00:00","og_image":[{"width":"1024","height":"789","url":"https:\/\/fondation-grenoble-inp.fr\/wp-content\/uploads\/2025\/12\/Photo-article-Breath-1024x789.png","type":"image\/png"}],"twitter_card":"summary_large_image","twitter_misc":{"Written by":"Marie Dubreuil","Est. reading time":"3 minutes"},"schema":{"@context":"https:\/\/schema.org","@graph":[{"@type":"Organization","@id":"https:\/\/fondation-grenoble-inp.fr\/#organization","name":"Fondation INP Grenoble","url":"https:\/\/fondation-grenoble-inp.fr\/","sameAs":[],"logo":{"@type":"ImageObject","@id":"https:\/\/fondation-grenoble-inp.fr\/#logo","inLanguage":"en-US","url":"https:\/\/fondation-grenoble-inp.fr\/wp-content\/uploads\/2021\/03\/cropped-favicon-fondation-inp-grenoble.png","contentUrl":"https:\/\/fondation-grenoble-inp.fr\/wp-content\/uploads\/2021\/03\/cropped-favicon-fondation-inp-grenoble.png","width":512,"height":512,"caption":"Fondation INP Grenoble"},"image":{"@id":"https:\/\/fondation-grenoble-inp.fr\/#logo"}},{"@type":"WebSite","@id":"https:\/\/fondation-grenoble-inp.fr\/#website","url":"https:\/\/fondation-grenoble-inp.fr\/","name":"Fondation Grenoble INP","description":"#OsezlAvenir","publisher":{"@id":"https:\/\/fondation-grenoble-inp.fr\/#organization"},"potentialAction":[{"@type":"SearchAction","target":{"@type":"EntryPoint","urlTemplate":"https:\/\/fondation-grenoble-inp.fr\/?s={search_term_string}"},"query-input":"required name=search_term_string"}],"inLanguage":"en-US"},{"@type":"ImageObject","@id":"https:\/\/fondation-grenoble-inp.fr\/breath-un-sommet-pour-octobre-rose-retour-sur-un-projet-solidaire-et-engage\/#primaryimage","inLanguage":"en-US","url":"https:\/\/fondation-grenoble-inp.fr\/wp-content\/uploads\/2025\/12\/Photo-article-Breath.png","contentUrl":"https:\/\/fondation-grenoble-inp.fr\/wp-content\/uploads\/2025\/12\/Photo-article-Breath.png","width":"3024","height":"2330"},{"@type":"WebPage","@id":"https:\/\/fondation-grenoble-inp.fr\/breath-un-sommet-pour-octobre-rose-retour-sur-un-projet-solidaire-et-engage\/#webpage","url":"https:\/\/fondation-grenoble-inp.fr\/breath-un-sommet-pour-octobre-rose-retour-sur-un-projet-solidaire-et-engage\/","name":"BREATH : un sommet pour Octobre Rose \u2013 Retour sur un projet solidaire et engag\u00e9 - Fondation Grenoble INP","isPartOf":{"@id":"https:\/\/fondation-grenoble-inp.fr\/#website"},"primaryImageOfPage":{"@id":"https:\/\/fondation-grenoble-inp.fr\/breath-un-sommet-pour-octobre-rose-retour-sur-un-projet-solidaire-et-engage\/#primaryimage"},"datePublished":"2025-12-03T14:33:22+00:00","dateModified":"2025-12-08T14:01:59+00:00","description":"Six \u00e9tudiants de Grenoble IAE \u2013 INP ont gravi la Pyramide Vincent dans le massif du Mont Rose pour soutenir la lutte contre le cancer du sein.","breadcrumb":{"@id":"https:\/\/fondation-grenoble-inp.fr\/breath-un-sommet-pour-octobre-rose-retour-sur-un-projet-solidaire-et-engage\/#breadcrumb"},"inLanguage":"en-US","potentialAction":[{"@type":"ReadAction","target":["https:\/\/fondation-grenoble-inp.fr\/breath-un-sommet-pour-octobre-rose-retour-sur-un-projet-solidaire-et-engage\/"]}]},{"@type":"BreadcrumbList","@id":"https:\/\/fondation-grenoble-inp.fr\/breath-un-sommet-pour-octobre-rose-retour-sur-un-projet-solidaire-et-engage\/#breadcrumb","itemListElement":[{"@type":"ListItem","position":1,"name":"Accueil","item":"https:\/\/fondation-grenoble-inp.fr\/"},{"@type":"ListItem","position":2,"name":"BREATH : un sommet pour Octobre Rose \u2013 Retour sur un projet solidaire et engag\u00e9"}]},{"@type":"Article","@id":"https:\/\/fondation-grenoble-inp.fr\/breath-un-sommet-pour-octobre-rose-retour-sur-un-projet-solidaire-et-engage\/#article","isPartOf":{"@id":"https:\/\/fondation-grenoble-inp.fr\/breath-un-sommet-pour-octobre-rose-retour-sur-un-projet-solidaire-et-engage\/#webpage"},"author":{"@id":"https:\/\/fondation-grenoble-inp.fr\/#\/schema\/person\/7c36548ebaddf05ba7a055d161ebff94"},"headline":"BREATH : un sommet pour Octobre Rose \u2013 Retour sur un projet solidaire et engag\u00e9","datePublished":"2025-12-03T14:33:22+00:00","dateModified":"2025-12-08T14:01:59+00:00","mainEntityOfPage":{"@id":"https:\/\/fondation-grenoble-inp.fr\/breath-un-sommet-pour-octobre-rose-retour-sur-un-projet-solidaire-et-engage\/#webpage"},"wordCount":473,"publisher":{"@id":"https:\/\/fondation-grenoble-inp.fr\/#organization"},"image":{"@id":"https:\/\/fondation-grenoble-inp.fr\/breath-un-sommet-pour-octobre-rose-retour-sur-un-projet-solidaire-et-engage\/#primaryimage"},"thumbnailUrl":"https:\/\/fondation-grenoble-inp.fr\/wp-content\/uploads\/2025\/12\/Photo-article-Breath.png","articleSection":["Nous soutenons"],"inLanguage":"en-US"},{"@type":"Person","@id":"https:\/\/fondation-grenoble-inp.fr\/#\/schema\/person\/7c36548ebaddf05ba7a055d161ebff94","name":"Marie Dubreuil","image":{"@type":"ImageObject","@id":"https:\/\/fondation-grenoble-inp.fr\/#personlogo","inLanguage":"en-US","url":"https:\/\/secure.gravatar.com\/avatar\/358eb0ab274d9479ce7c23b8a3f0a360?s=96&d=mm&r=g","contentUrl":"https:\/\/secure.gravatar.com\/avatar\/358eb0ab274d9479ce7c23b8a3f0a360?s=96&d=mm&r=g","caption":"Marie Dubreuil"}}]}},"_links":{"self":[{"href":"https:\/\/fondation-grenoble-inp.fr\/en\/wp-json\/wp\/v2\/posts\/22451"}],"collection":[{"href":"https:\/\/fondation-grenoble-inp.fr\/en\/wp-json\/wp\/v2\/posts"}],"about":[{"href":"https:\/\/fondation-grenoble-inp.fr\/en\/wp-json\/wp\/v2\/types\/post"}],"author":[{"embeddable":true,"href":"https:\/\/fondation-grenoble-inp.fr\/en\/wp-json\/wp\/v2\/users\/7"}],"replies":[{"embeddable":true,"href":"https:\/\/fondation-grenoble-inp.fr\/en\/wp-json\/wp\/v2\/comments?post=22451"}],"version-history":[{"count":21,"href":"https:\/\/fondation-grenoble-inp.fr\/en\/wp-json\/wp\/v2\/posts\/22451\/revisions"}],"predecessor-version":[{"id":22478,"href":"https:\/\/fondation-grenoble-inp.fr\/en\/wp-json\/wp\/v2\/posts\/22451\/revisions\/22478"}],"wp:featuredmedia":[{"embeddable":true,"href":"https:\/\/fondation-grenoble-inp.fr\/en\/wp-json\/wp\/v2\/media\/22452"}],"wp:attachment":[{"href":"https:\/\/fondation-grenoble-inp.fr\/en\/wp-json\/wp\/v2\/media?parent=22451"}],"wp:term":[{"taxonomy":"category","embeddable":true,"href":"https:\/\/fondation-grenoble-inp.fr\/en\/wp-json\/wp\/v2\/categories?post=22451"},{"taxonomy":"post_tag","embeddable":true,"href":"https:\/\/fondation-grenoble-inp.fr\/en\/wp-json\/wp\/v2\/tags?post=22451"}],"curies":[{"name":"wp","href":"https:\/\/api.w.org\/{rel}","templated":true}]}}