{"id":22559,"date":"2026-01-13T12:01:32","date_gmt":"2026-01-13T11:01:32","guid":{"rendered":"https:\/\/fondation-grenoble-inp.fr\/?p=22559"},"modified":"2026-01-27T12:35:15","modified_gmt":"2026-01-27T11:35:15","slug":"inauguration-de-la-chaire-electronique-durable-sur-le-techfest-un-rendez-vous-a-ne-pas-manquer","status":"publish","type":"post","link":"https:\/\/fondation-grenoble-inp.fr\/en\/inauguration-de-la-chaire-electronique-durable-sur-le-techfest-un-rendez-vous-a-ne-pas-manquer\/","title":{"rendered":"Inauguration de la Chaire \u00c9lectronique Durable sur le Tech&#038;Fest : un rendez-vous \u00e0 ne pas manquer"},"content":{"rendered":"<div data-elementor-type=\"wp-post\" data-elementor-id=\"22559\" data-post-id=\"22559\" data-obj-id=\"22559\" class=\"elementor elementor-22559 dce-elementor-post-22559\" data-elementor-settings=\"[]\">\n\t\t\t\t\t\t<div class=\"elementor-inner\">\n\t\t\t\t\t\t\t<div class=\"elementor-section-wrap\">\n\t\t\t\t\t\t\t<section class=\"elementor-section elementor-top-section elementor-element elementor-element-821ec01 elementor-section-boxed elementor-section-height-default elementor-section-height-default\" data-id=\"821ec01\" data-element_type=\"section\">\n\t\t\t\t\t\t<div class=\"elementor-container elementor-column-gap-default\">\n\t\t\t\t\t\t\t<div class=\"elementor-row\">\n\t\t\t\t\t<div class=\"elementor-column elementor-col-100 elementor-top-column elementor-element elementor-element-5d53574\" data-id=\"5d53574\" data-element_type=\"column\">\n\t\t\t<div class=\"elementor-column-wrap elementor-element-populated\">\n\t\t\t\t\t\t\t<div class=\"elementor-widget-wrap\">\n\t\t\t\t\t\t<div class=\"elementor-element elementor-element-a8ee791 elementor-widget elementor-widget-text-editor\" data-id=\"a8ee791\" data-element_type=\"widget\" data-widget_type=\"text-editor.default\">\n\t\t\t\t<div class=\"elementor-widget-container\">\n\t\t\t\t\t\t\t\t<div class=\"elementor-text-editor elementor-clearfix\">\n\t\t\t\t<p><strong>Le jeudi 5 f\u00e9vrier 2026 \u00e0 11h, la Chaire d\u2019enseignement <a href=\"https:\/\/fondation-grenoble-inp.fr\/en\/nos-actions\/chaire-electronique-durable\/\" target=\"_blank\" rel=\"noopener\">\u00c9lectronique Durable<\/a> sera officiellement inaugur\u00e9e sur le <a href=\"https:\/\/www.tech-fest.fr\/fr\" target=\"_blank\" rel=\"noopener\">Tech&amp;Fest<\/a>, \u00e0 Alpexpo Grenoble. Cette Chaire est port\u00e9e par la <a href=\"https:\/\/fondation-grenoble-inp.fr\/en\/\" target=\"_blank\" rel=\"noopener\">Grenoble INP Foundation<\/a> gr\u00e2ce au m\u00e9c\u00e9nat de plusieurs entreprises majeures du secteur : <a href=\"https:\/\/www.elsys-design.com\/fr\/\" target=\"_blank\" rel=\"noopener\">Elsys Design<\/a> (Une soci\u00e9t\u00e9 d&rsquo;<a href=\"https:\/\/www.advans-group.com\/fr\/\" target=\"_blank\" rel=\"noopener\">ADVANS Group<\/a>), <a href=\"https:\/\/www.lynred.com\/fr\" target=\"_blank\" rel=\"noopener\">LYNRED<\/a> (skills sponsorship), <a href=\"https:\/\/www.st.com\/content\/st_com\/en.html\" target=\"_blank\" rel=\"noopener\">STMicroelectronics<\/a> and <a href=\"https:\/\/www.thalesgroup.com\/fr\" target=\"_blank\" rel=\"noopener\">Thales<\/a>. Adoss\u00e9e \u00e0 <a href=\"https:\/\/phelma.grenoble-inp.fr\/\" target=\"_blank\" rel=\"noopener\">Grenoble INP \u2013 Phelma, UGA<\/a>, elle vise \u00e0 pr\u00e9parer les futurs ing\u00e9nieur.es aux d\u00e9fis de la transition \u00e9cologique et soci\u00e9tale dans le domaine de l\u2019\u00e9lectronique.<\/strong><\/p>\t\t\t\t\t<\/div>\n\t\t\t\t\t\t<\/div>\n\t\t\t\t<\/div>\n\t\t\t\t\t\t<\/div>\n\t\t\t\t\t<\/div>\n\t\t<\/div>\n\t\t\t\t\t\t\t\t<\/div>\n\t\t\t\t\t<\/div>\n\t\t<\/section>\n\t\t\t\t<section class=\"elementor-section elementor-top-section elementor-element elementor-element-652372d elementor-section-boxed elementor-section-height-default elementor-section-height-default\" data-id=\"652372d\" data-element_type=\"section\">\n\t\t\t\t\t\t<div class=\"elementor-container elementor-column-gap-default\">\n\t\t\t\t\t\t\t<div class=\"elementor-row\">\n\t\t\t\t\t<div class=\"elementor-column elementor-col-100 elementor-top-column elementor-element elementor-element-5ce5748\" data-id=\"5ce5748\" data-element_type=\"column\">\n\t\t\t<div class=\"elementor-column-wrap elementor-element-populated\">\n\t\t\t\t\t\t\t<div class=\"elementor-widget-wrap\">\n\t\t\t\t\t\t<div class=\"elementor-element elementor-element-aad8a2c elementor-widget elementor-widget-text-editor\" data-id=\"aad8a2c\" data-element_type=\"widget\" data-widget_type=\"text-editor.default\">\n\t\t\t\t<div class=\"elementor-widget-container\">\n\t\t\t\t\t\t\t\t<div class=\"elementor-text-editor elementor-clearfix\">\n\t\t\t\t<h2><strong>Durabilit\u00e9 : du choix des mat\u00e9riaux \u00e0 la fin de vie des produits<\/strong><\/h2>\t\t\t\t\t<\/div>\n\t\t\t\t\t\t<\/div>\n\t\t\t\t<\/div>\n\t\t\t\t<div class=\"elementor-element elementor-element-79a2283 elementor-widget elementor-widget-text-editor\" data-id=\"79a2283\" data-element_type=\"widget\" data-widget_type=\"text-editor.default\">\n\t\t\t\t<div class=\"elementor-widget-container\">\n\t\t\t\t\t\t\t\t<div class=\"elementor-text-editor elementor-clearfix\">\n\t\t\t\t<p>Face \u00e0 la raret\u00e9 des mat\u00e9riaux, \u00e0 leur co\u00fbt \u00e9nerg\u00e9tique et \u00e0 l\u2019impact environnemental des proc\u00e9d\u00e9s, la Chaire <strong><a href=\"https:\/\/fondation-grenoble-inp.fr\/en\/nos-actions\/chaire-electronique-durable\/\" target=\"_blank\" rel=\"noopener\">\u00c9lectronique Durable<\/a><\/strong> propose de repenser la fili\u00e8re \u00e9lectronique :<\/p><ul><li>Utiliser la juste quantit\u00e9 de ressources<\/li><li>Concevoir des cartes r\u00e9parables, r\u00e9utilisables et recyclables<\/li><li>Interroger l\u2019utilit\u00e9 r\u00e9elle des objets \u00e9lectroniques pour \u00e9viter les productions superflues<\/li><\/ul><p>D\u00e9ploy\u00e9e sur trois ans, cette chaire apportera un parcours p\u00e9dagogique fait de modules de cours, conf\u00e9rences, hackathons et ressources destin\u00e9es \u00e0 \u00eatre diffus\u00e9s \u00e0 l\u2019\u00e9chelle acad\u00e9mique et industrielle. Les contenus couvriront l\u2019extraction et le choix des mat\u00e9riaux, l\u2019\u00e9co\u2011conception, la r\u00e9parabilit\u00e9 et le r\u00e9\u2011usage, la recyclabilit\u00e9 et la fin de vie, ainsi que le traitement des effluents industriels \u2014 autant de briques essentielles pour transformer les pratiques de la fili\u00e8re et outiller les futurs ing\u00e9nieurs et entreprises.<\/p>\t\t\t\t\t<\/div>\n\t\t\t\t\t\t<\/div>\n\t\t\t\t<\/div>\n\t\t\t\t\t\t<\/div>\n\t\t\t\t\t<\/div>\n\t\t<\/div>\n\t\t\t\t\t\t\t\t<\/div>\n\t\t\t\t\t<\/div>\n\t\t<\/section>\n\t\t\t\t<section class=\"elementor-section elementor-top-section elementor-element elementor-element-fe10808 elementor-section-boxed elementor-section-height-default elementor-section-height-default\" data-id=\"fe10808\" data-element_type=\"section\">\n\t\t\t\t\t\t<div class=\"elementor-container elementor-column-gap-default\">\n\t\t\t\t\t\t\t<div class=\"elementor-row\">\n\t\t\t\t\t<div class=\"elementor-column elementor-col-100 elementor-top-column elementor-element elementor-element-039a361\" data-id=\"039a361\" data-element_type=\"column\">\n\t\t\t<div class=\"elementor-column-wrap elementor-element-populated\">\n\t\t\t\t\t\t\t<div class=\"elementor-widget-wrap\">\n\t\t\t\t\t\t<div class=\"elementor-element elementor-element-1448a1e elementor-widget elementor-widget-text-editor\" data-id=\"1448a1e\" data-element_type=\"widget\" data-widget_type=\"text-editor.default\">\n\t\t\t\t<div class=\"elementor-widget-container\">\n\t\t\t\t\t\t\t\t<div class=\"elementor-text-editor elementor-clearfix\">\n\t\t\t\t<h2><strong>Au programme <\/strong><\/h2>\t\t\t\t\t<\/div>\n\t\t\t\t\t\t<\/div>\n\t\t\t\t<\/div>\n\t\t\t\t<div class=\"elementor-element elementor-element-6722908 elementor-widget elementor-widget-text-editor\" data-id=\"6722908\" data-element_type=\"widget\" data-widget_type=\"text-editor.default\">\n\t\t\t\t<div class=\"elementor-widget-container\">\n\t\t\t\t\t\t\t\t<div class=\"elementor-text-editor elementor-clearfix\">\n\t\t\t\t<p><strong><span style=\"text-decoration: underline;\">11h00 : Conf\u00e9rence \u00ab \u00c9lectronique durable : d\u00e9fis et solutions \u00bb, <br \/><\/span><\/strong>Lieu : <a href=\"https:\/\/www.tech-fest.fr\/fr\/session\/d6f5d85e-20f1-f011-8195-6045bd95462d\/electronique-durable-defis-et-solutions\" target=\"_blank\" rel=\"noopener\">Agora Explora<\/a><strong><br \/><\/strong>Comment rendre l\u2019\u00e9lectronique plus sobre, circulaire et responsable ? D\u00e9couvrez les cl\u00e9s pour concevoir, utiliser et recycler autrement.\u00a0<\/p><ul><li><strong> 11h00 : Introduction \u2013 Contexte et enjeux de l\u2019\u00e9lectronique durable\u00a0<\/strong><br \/>Pierre Benech, Titulaire de la Chaire et enseignant-chercheur \u00e0\u00a0<br \/>Grenoble INP \u2013 Phelma, UGA<\/li><li><strong> 11h05 : Table ronde\u00a0<\/strong><\/li><li>Conception sobre et \u00e9co-conception\u00a0\u2013 Olivier Kuntz, Directeur R\u00e9gional chez Advans Group\u00a0<\/li><li>Usage responsable et prolongation de la dur\u00e9e de vie\u00a0\u2013 Nicolas Bertin, Responsable du d\u00e9veloppement durable chez Thales\u00a0<\/li><li>Recyclage et circularit\u00e9 des mat\u00e9riaux\u00a0\u2013 Bertrand Le Gratiet, Expert Fellow dans le domaine de la lithographie chez STMicroelectronics<\/li><li><strong> 11h25 : Conclusion \u2013 Les apports de la Chaire pour une \u00e9lectronique plus responsable\u00a0<\/strong><\/li><\/ul><p>Pierre Benech, Titulaire de la Chaire et professeur \u00e0 Grenoble INP \u2013 Phelma, UGA<\/p><p><strong>\u00a0<\/strong><\/p><p><span style=\"text-decoration: underline;\"><strong>11h45 : Inauguration officielle et cocktail<\/strong><\/span><\/p><ul><li><strong> 11h45 : Mots d\u2019accueil\u00a0<\/strong><\/li><\/ul><p>&#8211; Beno\u00eet Giroud, Directeur de la Fondation Grenoble INP<\/p><p>&#8211; Vivien Qu\u00e9ma, Administrateur G\u00e9n\u00e9ral de Grenoble INP &#8211; UGA<\/p><p>&#8211; Alice Caplier, Directrice de Grenoble INP &#8211; Phelma, UGA\u00a0<\/p><ul><li><strong> 12h00 : Parole de m\u00e9c\u00e8nes :<\/strong><\/li><\/ul><p>&#8211; Olivier Kuntz, Directeur R\u00e9gional chez Advans Group- Nicolas Bertin, Responsable du d\u00e9veloppement durable chez Thales<\/p><p>&#8211; Jean-Philippe Landais, Directeur du site de Grenoble chez STMicroelectronics<\/p><p>&#8211; Herv\u00e9 Bouaziz, Pr\u00e9sident de LYNRED<\/p><ul><li><strong> 12h30 : Pr\u00e9sentation de la Chaire et de ses travaux pour une \u00e9lectronique plus<\/strong> <strong>responsable<\/strong><br \/>Pierre Benech, Titulaire de la Chaire et professeur \u00e0 Grenoble INP \u2013 Phelma, UGA<\/li><li><strong> 12h40 : Coupure du ruban inaugural et remise des plaques <\/strong><\/li><li><strong> 12h45 : Cocktail d\u00e9jeunatoire et \u00e9change convivial<\/strong><\/li><\/ul>\t\t\t\t\t<\/div>\n\t\t\t\t\t\t<\/div>\n\t\t\t\t<\/div>\n\t\t\t\t<div class=\"elementor-element elementor-element-c078668 elementor-widget elementor-widget-spacer\" data-id=\"c078668\" data-element_type=\"widget\" data-widget_type=\"spacer.default\">\n\t\t\t\t<div class=\"elementor-widget-container\">\n\t\t\t\t\t<div class=\"elementor-spacer\">\n\t\t\t<div class=\"elementor-spacer-inner\"><\/div>\n\t\t<\/div>\n\t\t\t\t<\/div>\n\t\t\t\t<\/div>\n\t\t\t\t\t\t<\/div>\n\t\t\t\t\t<\/div>\n\t\t<\/div>\n\t\t\t\t\t\t\t\t<\/div>\n\t\t\t\t\t<\/div>\n\t\t<\/section>\n\t\t\t\t<section class=\"elementor-section elementor-top-section elementor-element elementor-element-6d78a95 elementor-section-boxed elementor-section-height-default elementor-section-height-default\" data-id=\"6d78a95\" data-element_type=\"section\">\n\t\t\t\t\t\t<div class=\"elementor-container elementor-column-gap-default\">\n\t\t\t\t\t\t\t<div class=\"elementor-row\">\n\t\t\t\t\t<div class=\"elementor-column elementor-col-100 elementor-top-column elementor-element elementor-element-f5d9f13\" data-id=\"f5d9f13\" data-element_type=\"column\">\n\t\t\t<div class=\"elementor-column-wrap elementor-element-populated\">\n\t\t\t\t\t\t\t<div class=\"elementor-widget-wrap\">\n\t\t\t\t\t\t<div class=\"elementor-element elementor-element-a97a732 elementor-widget elementor-widget-text-editor\" data-id=\"a97a732\" data-element_type=\"widget\" data-widget_type=\"text-editor.default\">\n\t\t\t\t<div class=\"elementor-widget-container\">\n\t\t\t\t\t\t\t\t<div class=\"elementor-text-editor elementor-clearfix\">\n\t\t\t\t<h2><strong>Registration <\/strong><\/h2>\t\t\t\t\t<\/div>\n\t\t\t\t\t\t<\/div>\n\t\t\t\t<\/div>\n\t\t\t\t<div class=\"elementor-element elementor-element-07fec49 elementor-widget elementor-widget-text-editor\" data-id=\"07fec49\" data-element_type=\"widget\" data-widget_type=\"text-editor.default\">\n\t\t\t\t<div class=\"elementor-widget-container\">\n\t\t\t\t\t\t\t\t<div class=\"elementor-text-editor elementor-clearfix\">\n\t\t\t\t<p>Cet \u00e9v\u00e9nement offre l\u2019opportunit\u00e9 de comprendre les fondamentaux d\u2019une \u00e9lectronique sobre, circulaire et responsable, et rencontrer les \u00e9quipes acad\u00e9miques et les m\u00e9c\u00e8nes qui s\u2019engagent \u00e0 transformer la fili\u00e8re.<\/p><p>Rendez-vous ici pour vous inscrire*\u00a0:<\/p>\t\t\t\t\t<\/div>\n\t\t\t\t\t\t<\/div>\n\t\t\t\t<\/div>\n\t\t\t\t<div class=\"elementor-element elementor-element-c9bf39e elementor-align-center elementor-widget elementor-widget-button\" data-id=\"c9bf39e\" data-element_type=\"widget\" data-widget_type=\"button.default\">\n\t\t\t\t<div class=\"elementor-widget-container\">\n\t\t\t\t\t<div class=\"elementor-button-wrapper\">\n\t\t\t<a href=\"https:\/\/www.billetweb.fr\/inauguration-de-la-chaire-electronique-durable\" target=\"_blank\" class=\"elementor-button-link elementor-button elementor-size-sm\" role=\"button\">\n\t\t\t\t\t\t<span class=\"elementor-button-content-wrapper\">\n\t\t\t\t\t\t<span class=\"elementor-button-text\">Registration<\/span>\n\t\t<\/span>\n\t\t\t\t\t<\/a>\n\t\t<\/div>\n\t\t\t\t<\/div>\n\t\t\t\t<\/div>\n\t\t\t\t\t\t<\/div>\n\t\t\t\t\t<\/div>\n\t\t<\/div>\n\t\t\t\t\t\t\t\t<\/div>\n\t\t\t\t\t<\/div>\n\t\t<\/section>\n\t\t\t\t<section class=\"elementor-section elementor-top-section elementor-element elementor-element-92fc2bd elementor-section-boxed elementor-section-height-default elementor-section-height-default\" data-id=\"92fc2bd\" data-element_type=\"section\">\n\t\t\t\t\t\t<div class=\"elementor-container elementor-column-gap-default\">\n\t\t\t\t\t\t\t<div class=\"elementor-row\">\n\t\t\t\t\t<div class=\"elementor-column elementor-col-100 elementor-top-column elementor-element elementor-element-412c7f1\" data-id=\"412c7f1\" data-element_type=\"column\">\n\t\t\t<div class=\"elementor-column-wrap elementor-element-populated\">\n\t\t\t\t\t\t\t<div class=\"elementor-widget-wrap\">\n\t\t\t\t\t\t<div class=\"elementor-element elementor-element-ecd479c elementor-widget elementor-widget-text-editor\" data-id=\"ecd479c\" data-element_type=\"widget\" data-widget_type=\"text-editor.default\">\n\t\t\t\t<div class=\"elementor-widget-container\">\n\t\t\t\t\t\t\t\t<div class=\"elementor-text-editor elementor-clearfix\">\n\t\t\t\t<p>*Pour nous rejoindre sur l&rsquo;\u00e9v\u00e9nement, inscrivez-vous \u00a0gratuitement au Tech&amp;Fest\u00a0en cliquant sur ce lien\u00a0(Code 3FGIN)\u00a0:<\/p>\t\t\t\t\t<\/div>\n\t\t\t\t\t\t<\/div>\n\t\t\t\t<\/div>\n\t\t\t\t<div class=\"elementor-element elementor-element-058fbaa elementor-align-center elementor-widget elementor-widget-button\" data-id=\"058fbaa\" data-element_type=\"widget\" data-widget_type=\"button.default\">\n\t\t\t\t<div class=\"elementor-widget-container\">\n\t\t\t\t\t<div class=\"elementor-button-wrapper\">\n\t\t\t<a href=\"https:\/\/www.tech-fest.fr\/content\/inscription?discount=3FGIN&#038;purchasestep=0&#038;steptype=products\" target=\"_blank\" class=\"elementor-button-link elementor-button elementor-size-sm\" role=\"button\">\n\t\t\t\t\t\t<span class=\"elementor-button-content-wrapper\">\n\t\t\t\t\t\t<span class=\"elementor-button-text\">Tech&Fest<\/span>\n\t\t<\/span>\n\t\t\t\t\t<\/a>\n\t\t<\/div>\n\t\t\t\t<\/div>\n\t\t\t\t<\/div>\n\t\t\t\t<div class=\"elementor-element elementor-element-ea483b5 elementor-widget elementor-widget-spacer\" data-id=\"ea483b5\" data-element_type=\"widget\" data-widget_type=\"spacer.default\">\n\t\t\t\t<div class=\"elementor-widget-container\">\n\t\t\t\t\t<div class=\"elementor-spacer\">\n\t\t\t<div class=\"elementor-spacer-inner\"><\/div>\n\t\t<\/div>\n\t\t\t\t<\/div>\n\t\t\t\t<\/div>\n\t\t\t\t\t\t<\/div>\n\t\t\t\t\t<\/div>\n\t\t<\/div>\n\t\t\t\t\t\t\t\t<\/div>\n\t\t\t\t\t<\/div>\n\t\t<\/section>\n\t\t\t\t<section class=\"elementor-section elementor-top-section elementor-element elementor-element-7c3c802 elementor-section-boxed elementor-section-height-default elementor-section-height-default\" data-id=\"7c3c802\" data-element_type=\"section\">\n\t\t\t\t\t\t<div class=\"elementor-container elementor-column-gap-default\">\n\t\t\t\t\t\t\t<div class=\"elementor-row\">\n\t\t\t\t\t<div class=\"elementor-column elementor-col-100 elementor-top-column elementor-element elementor-element-94a68fe\" data-id=\"94a68fe\" data-element_type=\"column\">\n\t\t\t<div class=\"elementor-column-wrap elementor-element-populated\">\n\t\t\t\t\t\t\t<div class=\"elementor-widget-wrap\">\n\t\t\t\t\t\t<div class=\"elementor-element elementor-element-7878675 elementor-widget elementor-widget-text-editor\" data-id=\"7878675\" data-element_type=\"widget\" data-widget_type=\"text-editor.default\">\n\t\t\t\t<div class=\"elementor-widget-container\">\n\t\t\t\t\t\t\t\t<div class=\"elementor-text-editor elementor-clearfix\">\n\t\t\t\t<p><strong><a href=\"https:\/\/fondation-grenoble-inp.fr\/en\/nos-actions\/chaire-electronique-durable\/\"><em>En savoir plus sur la Chaire Electronique Durable<\/em><\/a><\/strong><\/p>\t\t\t\t\t<\/div>\n\t\t\t\t\t\t<\/div>\n\t\t\t\t<\/div>\n\t\t\t\t\t\t<\/div>\n\t\t\t\t\t<\/div>\n\t\t<\/div>\n\t\t\t\t\t\t\t\t<\/div>\n\t\t\t\t\t<\/div>\n\t\t<\/section>\n\t\t\t\t\t\t<\/div>\n\t\t\t\t\t\t<\/div>\n\t\t\t\t\t<\/div>","protected":false},"excerpt":{"rendered":"<p>Le jeudi 5 f\u00e9vrier 2026 \u00e0 11h, la Chaire d\u2019enseignement \u00c9lectronique Durable sera officiellement inaugur\u00e9e sur le Tech&#038;Fest, \u00e0 Alpexpo Grenoble. <\/p>","protected":false},"author":7,"featured_media":22562,"comment_status":"closed","ping_status":"open","sticky":false,"template":"","format":"standard","meta":[],"categories":[476],"tags":[],"acf":[],"yoast_head":"<!-- This site is optimized with the Yoast SEO plugin v18.0 - https:\/\/yoast.com\/wordpress\/plugins\/seo\/ -->\n<title>Inauguration de la Chaire \u00c9lectronique Durable sur le Tech&amp;Fest : un rendez-vous \u00e0 ne pas manquer - Fondation Grenoble INP<\/title>\n<meta name=\"description\" content=\"Le jeudi 5 f\u00e9vrier 2026 \u00e0 11h, la Chaire d\u2019enseignement \u00c9lectronique Durable sera officiellement inaugur\u00e9e sur le Tech&amp;Fest, \u00e0 Alpexpo.\" \/>\n<meta name=\"robots\" content=\"index, follow, max-snippet:-1, max-image-preview:large, max-video-preview:-1\" \/>\n<link rel=\"canonical\" href=\"https:\/\/fondation-grenoble-inp.fr\/en\/inauguration-de-la-chaire-electronique-durable-sur-le-techfest-un-rendez-vous-a-ne-pas-manquer\/\" \/>\n<meta property=\"og:locale\" content=\"en_US\" \/>\n<meta property=\"og:type\" content=\"article\" \/>\n<meta property=\"og:title\" content=\"Inauguration de la Chaire \u00c9lectronique Durable sur le Tech&amp;Fest : un rendez-vous \u00e0 ne pas manquer - Fondation Grenoble INP\" \/>\n<meta property=\"og:description\" content=\"Le jeudi 5 f\u00e9vrier 2026 \u00e0 11h, la Chaire d\u2019enseignement \u00c9lectronique Durable sera officiellement inaugur\u00e9e sur le Tech&amp;Fest, \u00e0 Alpexpo.\" \/>\n<meta property=\"og:url\" content=\"https:\/\/fondation-grenoble-inp.fr\/en\/inauguration-de-la-chaire-electronique-durable-sur-le-techfest-un-rendez-vous-a-ne-pas-manquer\/\" \/>\n<meta property=\"og:site_name\" content=\"Fondation Grenoble INP\" \/>\n<meta property=\"article:published_time\" content=\"2026-01-13T11:01:32+00:00\" \/>\n<meta property=\"article:modified_time\" content=\"2026-01-27T11:35:15+00:00\" \/>\n<meta property=\"og:image\" content=\"https:\/\/fondation-grenoble-inp.fr\/wp-content\/uploads\/2026\/01\/shutterstock_2265404703-scaled.jpg\" \/>\n\t<meta property=\"og:image:width\" content=\"2560\" \/>\n\t<meta property=\"og:image:height\" content=\"1707\" \/>\n\t<meta property=\"og:image:type\" content=\"image\/jpeg\" \/>\n<meta name=\"twitter:card\" content=\"summary_large_image\" \/>\n<meta name=\"twitter:label1\" content=\"Written by\" \/>\n\t<meta name=\"twitter:data1\" content=\"Marie Dubreuil\" \/>\n\t<meta name=\"twitter:label2\" content=\"Est. reading time\" \/>\n\t<meta name=\"twitter:data2\" content=\"3 minutes\" \/>\n<script type=\"application\/ld+json\" class=\"yoast-schema-graph\">{\"@context\":\"https:\/\/schema.org\",\"@graph\":[{\"@type\":\"Organization\",\"@id\":\"https:\/\/fondation-grenoble-inp.fr\/#organization\",\"name\":\"Fondation INP Grenoble\",\"url\":\"https:\/\/fondation-grenoble-inp.fr\/\",\"sameAs\":[],\"logo\":{\"@type\":\"ImageObject\",\"@id\":\"https:\/\/fondation-grenoble-inp.fr\/#logo\",\"inLanguage\":\"en-US\",\"url\":\"https:\/\/fondation-grenoble-inp.fr\/wp-content\/uploads\/2021\/03\/cropped-favicon-fondation-inp-grenoble.png\",\"contentUrl\":\"https:\/\/fondation-grenoble-inp.fr\/wp-content\/uploads\/2021\/03\/cropped-favicon-fondation-inp-grenoble.png\",\"width\":512,\"height\":512,\"caption\":\"Fondation INP Grenoble\"},\"image\":{\"@id\":\"https:\/\/fondation-grenoble-inp.fr\/#logo\"}},{\"@type\":\"WebSite\",\"@id\":\"https:\/\/fondation-grenoble-inp.fr\/#website\",\"url\":\"https:\/\/fondation-grenoble-inp.fr\/\",\"name\":\"Fondation Grenoble INP\",\"description\":\"#OsezlAvenir\",\"publisher\":{\"@id\":\"https:\/\/fondation-grenoble-inp.fr\/#organization\"},\"potentialAction\":[{\"@type\":\"SearchAction\",\"target\":{\"@type\":\"EntryPoint\",\"urlTemplate\":\"https:\/\/fondation-grenoble-inp.fr\/?s={search_term_string}\"},\"query-input\":\"required name=search_term_string\"}],\"inLanguage\":\"en-US\"},{\"@type\":\"ImageObject\",\"@id\":\"https:\/\/fondation-grenoble-inp.fr\/inauguration-de-la-chaire-electronique-durable-sur-le-techfest-un-rendez-vous-a-ne-pas-manquer\/#primaryimage\",\"inLanguage\":\"en-US\",\"url\":\"https:\/\/fondation-grenoble-inp.fr\/wp-content\/uploads\/2026\/01\/shutterstock_2265404703-scaled.jpg\",\"contentUrl\":\"https:\/\/fondation-grenoble-inp.fr\/wp-content\/uploads\/2026\/01\/shutterstock_2265404703-scaled.jpg\",\"width\":\"2560\",\"height\":\"1707\"},{\"@type\":\"WebPage\",\"@id\":\"https:\/\/fondation-grenoble-inp.fr\/inauguration-de-la-chaire-electronique-durable-sur-le-techfest-un-rendez-vous-a-ne-pas-manquer\/#webpage\",\"url\":\"https:\/\/fondation-grenoble-inp.fr\/inauguration-de-la-chaire-electronique-durable-sur-le-techfest-un-rendez-vous-a-ne-pas-manquer\/\",\"name\":\"Inauguration de la Chaire \u00c9lectronique Durable sur le Tech&Fest : un rendez-vous \u00e0 ne pas manquer - Fondation Grenoble INP\",\"isPartOf\":{\"@id\":\"https:\/\/fondation-grenoble-inp.fr\/#website\"},\"primaryImageOfPage\":{\"@id\":\"https:\/\/fondation-grenoble-inp.fr\/inauguration-de-la-chaire-electronique-durable-sur-le-techfest-un-rendez-vous-a-ne-pas-manquer\/#primaryimage\"},\"datePublished\":\"2026-01-13T11:01:32+00:00\",\"dateModified\":\"2026-01-27T11:35:15+00:00\",\"description\":\"Le jeudi 5 f\u00e9vrier 2026 \u00e0 11h, la Chaire d\u2019enseignement \u00c9lectronique Durable sera officiellement inaugur\u00e9e sur le Tech&Fest, \u00e0 Alpexpo.\",\"breadcrumb\":{\"@id\":\"https:\/\/fondation-grenoble-inp.fr\/inauguration-de-la-chaire-electronique-durable-sur-le-techfest-un-rendez-vous-a-ne-pas-manquer\/#breadcrumb\"},\"inLanguage\":\"en-US\",\"potentialAction\":[{\"@type\":\"ReadAction\",\"target\":[\"https:\/\/fondation-grenoble-inp.fr\/inauguration-de-la-chaire-electronique-durable-sur-le-techfest-un-rendez-vous-a-ne-pas-manquer\/\"]}]},{\"@type\":\"BreadcrumbList\",\"@id\":\"https:\/\/fondation-grenoble-inp.fr\/inauguration-de-la-chaire-electronique-durable-sur-le-techfest-un-rendez-vous-a-ne-pas-manquer\/#breadcrumb\",\"itemListElement\":[{\"@type\":\"ListItem\",\"position\":1,\"name\":\"Accueil\",\"item\":\"https:\/\/fondation-grenoble-inp.fr\/\"},{\"@type\":\"ListItem\",\"position\":2,\"name\":\"Inauguration de la Chaire \u00c9lectronique Durable sur le Tech&#038;Fest : un rendez-vous \u00e0 ne pas manquer\"}]},{\"@type\":\"Article\",\"@id\":\"https:\/\/fondation-grenoble-inp.fr\/inauguration-de-la-chaire-electronique-durable-sur-le-techfest-un-rendez-vous-a-ne-pas-manquer\/#article\",\"isPartOf\":{\"@id\":\"https:\/\/fondation-grenoble-inp.fr\/inauguration-de-la-chaire-electronique-durable-sur-le-techfest-un-rendez-vous-a-ne-pas-manquer\/#webpage\"},\"author\":{\"@id\":\"https:\/\/fondation-grenoble-inp.fr\/#\/schema\/person\/7c36548ebaddf05ba7a055d161ebff94\"},\"headline\":\"Inauguration de la Chaire \u00c9lectronique Durable sur le Tech&#038;Fest : un rendez-vous \u00e0 ne pas manquer\",\"datePublished\":\"2026-01-13T11:01:32+00:00\",\"dateModified\":\"2026-01-27T11:35:15+00:00\",\"mainEntityOfPage\":{\"@id\":\"https:\/\/fondation-grenoble-inp.fr\/inauguration-de-la-chaire-electronique-durable-sur-le-techfest-un-rendez-vous-a-ne-pas-manquer\/#webpage\"},\"wordCount\":586,\"publisher\":{\"@id\":\"https:\/\/fondation-grenoble-inp.fr\/#organization\"},\"image\":{\"@id\":\"https:\/\/fondation-grenoble-inp.fr\/inauguration-de-la-chaire-electronique-durable-sur-le-techfest-un-rendez-vous-a-ne-pas-manquer\/#primaryimage\"},\"thumbnailUrl\":\"https:\/\/fondation-grenoble-inp.fr\/wp-content\/uploads\/2026\/01\/shutterstock_2265404703-scaled.jpg\",\"articleSection\":[\"Les Chaires\"],\"inLanguage\":\"en-US\"},{\"@type\":\"Person\",\"@id\":\"https:\/\/fondation-grenoble-inp.fr\/#\/schema\/person\/7c36548ebaddf05ba7a055d161ebff94\",\"name\":\"Marie Dubreuil\",\"image\":{\"@type\":\"ImageObject\",\"@id\":\"https:\/\/fondation-grenoble-inp.fr\/#personlogo\",\"inLanguage\":\"en-US\",\"url\":\"https:\/\/secure.gravatar.com\/avatar\/358eb0ab274d9479ce7c23b8a3f0a360?s=96&d=mm&r=g\",\"contentUrl\":\"https:\/\/secure.gravatar.com\/avatar\/358eb0ab274d9479ce7c23b8a3f0a360?s=96&d=mm&r=g\",\"caption\":\"Marie Dubreuil\"}}]}<\/script>\n<!-- \/ Yoast SEO plugin. -->","yoast_head_json":{"title":"Inauguration de la Chaire \u00c9lectronique Durable sur le Tech&Fest : un rendez-vous \u00e0 ne pas manquer - Fondation Grenoble INP","description":"Le jeudi 5 f\u00e9vrier 2026 \u00e0 11h, la Chaire d\u2019enseignement \u00c9lectronique Durable sera officiellement inaugur\u00e9e sur le Tech&Fest, \u00e0 Alpexpo.","robots":{"index":"index","follow":"follow","max-snippet":"max-snippet:-1","max-image-preview":"max-image-preview:large","max-video-preview":"max-video-preview:-1"},"canonical":"https:\/\/fondation-grenoble-inp.fr\/en\/inauguration-de-la-chaire-electronique-durable-sur-le-techfest-un-rendez-vous-a-ne-pas-manquer\/","og_locale":"en_US","og_type":"article","og_title":"Inauguration de la Chaire \u00c9lectronique Durable sur le Tech&Fest : un rendez-vous \u00e0 ne pas manquer - Fondation Grenoble INP","og_description":"Le jeudi 5 f\u00e9vrier 2026 \u00e0 11h, la Chaire d\u2019enseignement \u00c9lectronique Durable sera officiellement inaugur\u00e9e sur le Tech&Fest, \u00e0 Alpexpo.","og_url":"https:\/\/fondation-grenoble-inp.fr\/en\/inauguration-de-la-chaire-electronique-durable-sur-le-techfest-un-rendez-vous-a-ne-pas-manquer\/","og_site_name":"Fondation Grenoble INP","article_published_time":"2026-01-13T11:01:32+00:00","article_modified_time":"2026-01-27T11:35:15+00:00","og_image":[{"width":"2560","height":"1707","url":"https:\/\/fondation-grenoble-inp.fr\/wp-content\/uploads\/2026\/01\/shutterstock_2265404703-scaled.jpg","type":"image\/jpeg"}],"twitter_card":"summary_large_image","twitter_misc":{"Written by":"Marie Dubreuil","Est. reading time":"3 minutes"},"schema":{"@context":"https:\/\/schema.org","@graph":[{"@type":"Organization","@id":"https:\/\/fondation-grenoble-inp.fr\/#organization","name":"Fondation INP Grenoble","url":"https:\/\/fondation-grenoble-inp.fr\/","sameAs":[],"logo":{"@type":"ImageObject","@id":"https:\/\/fondation-grenoble-inp.fr\/#logo","inLanguage":"en-US","url":"https:\/\/fondation-grenoble-inp.fr\/wp-content\/uploads\/2021\/03\/cropped-favicon-fondation-inp-grenoble.png","contentUrl":"https:\/\/fondation-grenoble-inp.fr\/wp-content\/uploads\/2021\/03\/cropped-favicon-fondation-inp-grenoble.png","width":512,"height":512,"caption":"Fondation INP Grenoble"},"image":{"@id":"https:\/\/fondation-grenoble-inp.fr\/#logo"}},{"@type":"WebSite","@id":"https:\/\/fondation-grenoble-inp.fr\/#website","url":"https:\/\/fondation-grenoble-inp.fr\/","name":"Fondation Grenoble INP","description":"#OsezlAvenir","publisher":{"@id":"https:\/\/fondation-grenoble-inp.fr\/#organization"},"potentialAction":[{"@type":"SearchAction","target":{"@type":"EntryPoint","urlTemplate":"https:\/\/fondation-grenoble-inp.fr\/?s={search_term_string}"},"query-input":"required name=search_term_string"}],"inLanguage":"en-US"},{"@type":"ImageObject","@id":"https:\/\/fondation-grenoble-inp.fr\/inauguration-de-la-chaire-electronique-durable-sur-le-techfest-un-rendez-vous-a-ne-pas-manquer\/#primaryimage","inLanguage":"en-US","url":"https:\/\/fondation-grenoble-inp.fr\/wp-content\/uploads\/2026\/01\/shutterstock_2265404703-scaled.jpg","contentUrl":"https:\/\/fondation-grenoble-inp.fr\/wp-content\/uploads\/2026\/01\/shutterstock_2265404703-scaled.jpg","width":"2560","height":"1707"},{"@type":"WebPage","@id":"https:\/\/fondation-grenoble-inp.fr\/inauguration-de-la-chaire-electronique-durable-sur-le-techfest-un-rendez-vous-a-ne-pas-manquer\/#webpage","url":"https:\/\/fondation-grenoble-inp.fr\/inauguration-de-la-chaire-electronique-durable-sur-le-techfest-un-rendez-vous-a-ne-pas-manquer\/","name":"Inauguration de la Chaire \u00c9lectronique Durable sur le Tech&Fest : un rendez-vous \u00e0 ne pas manquer - Fondation Grenoble INP","isPartOf":{"@id":"https:\/\/fondation-grenoble-inp.fr\/#website"},"primaryImageOfPage":{"@id":"https:\/\/fondation-grenoble-inp.fr\/inauguration-de-la-chaire-electronique-durable-sur-le-techfest-un-rendez-vous-a-ne-pas-manquer\/#primaryimage"},"datePublished":"2026-01-13T11:01:32+00:00","dateModified":"2026-01-27T11:35:15+00:00","description":"Le jeudi 5 f\u00e9vrier 2026 \u00e0 11h, la Chaire d\u2019enseignement \u00c9lectronique Durable sera officiellement inaugur\u00e9e sur le Tech&Fest, \u00e0 Alpexpo.","breadcrumb":{"@id":"https:\/\/fondation-grenoble-inp.fr\/inauguration-de-la-chaire-electronique-durable-sur-le-techfest-un-rendez-vous-a-ne-pas-manquer\/#breadcrumb"},"inLanguage":"en-US","potentialAction":[{"@type":"ReadAction","target":["https:\/\/fondation-grenoble-inp.fr\/inauguration-de-la-chaire-electronique-durable-sur-le-techfest-un-rendez-vous-a-ne-pas-manquer\/"]}]},{"@type":"BreadcrumbList","@id":"https:\/\/fondation-grenoble-inp.fr\/inauguration-de-la-chaire-electronique-durable-sur-le-techfest-un-rendez-vous-a-ne-pas-manquer\/#breadcrumb","itemListElement":[{"@type":"ListItem","position":1,"name":"Accueil","item":"https:\/\/fondation-grenoble-inp.fr\/"},{"@type":"ListItem","position":2,"name":"Inauguration de la Chaire \u00c9lectronique Durable sur le Tech&#038;Fest : un rendez-vous \u00e0 ne pas manquer"}]},{"@type":"Article","@id":"https:\/\/fondation-grenoble-inp.fr\/inauguration-de-la-chaire-electronique-durable-sur-le-techfest-un-rendez-vous-a-ne-pas-manquer\/#article","isPartOf":{"@id":"https:\/\/fondation-grenoble-inp.fr\/inauguration-de-la-chaire-electronique-durable-sur-le-techfest-un-rendez-vous-a-ne-pas-manquer\/#webpage"},"author":{"@id":"https:\/\/fondation-grenoble-inp.fr\/#\/schema\/person\/7c36548ebaddf05ba7a055d161ebff94"},"headline":"Inauguration de la Chaire \u00c9lectronique Durable sur le Tech&#038;Fest : un rendez-vous \u00e0 ne pas manquer","datePublished":"2026-01-13T11:01:32+00:00","dateModified":"2026-01-27T11:35:15+00:00","mainEntityOfPage":{"@id":"https:\/\/fondation-grenoble-inp.fr\/inauguration-de-la-chaire-electronique-durable-sur-le-techfest-un-rendez-vous-a-ne-pas-manquer\/#webpage"},"wordCount":586,"publisher":{"@id":"https:\/\/fondation-grenoble-inp.fr\/#organization"},"image":{"@id":"https:\/\/fondation-grenoble-inp.fr\/inauguration-de-la-chaire-electronique-durable-sur-le-techfest-un-rendez-vous-a-ne-pas-manquer\/#primaryimage"},"thumbnailUrl":"https:\/\/fondation-grenoble-inp.fr\/wp-content\/uploads\/2026\/01\/shutterstock_2265404703-scaled.jpg","articleSection":["Les Chaires"],"inLanguage":"en-US"},{"@type":"Person","@id":"https:\/\/fondation-grenoble-inp.fr\/#\/schema\/person\/7c36548ebaddf05ba7a055d161ebff94","name":"Marie Dubreuil","image":{"@type":"ImageObject","@id":"https:\/\/fondation-grenoble-inp.fr\/#personlogo","inLanguage":"en-US","url":"https:\/\/secure.gravatar.com\/avatar\/358eb0ab274d9479ce7c23b8a3f0a360?s=96&d=mm&r=g","contentUrl":"https:\/\/secure.gravatar.com\/avatar\/358eb0ab274d9479ce7c23b8a3f0a360?s=96&d=mm&r=g","caption":"Marie Dubreuil"}}]}},"_links":{"self":[{"href":"https:\/\/fondation-grenoble-inp.fr\/en\/wp-json\/wp\/v2\/posts\/22559"}],"collection":[{"href":"https:\/\/fondation-grenoble-inp.fr\/en\/wp-json\/wp\/v2\/posts"}],"about":[{"href":"https:\/\/fondation-grenoble-inp.fr\/en\/wp-json\/wp\/v2\/types\/post"}],"author":[{"embeddable":true,"href":"https:\/\/fondation-grenoble-inp.fr\/en\/wp-json\/wp\/v2\/users\/7"}],"replies":[{"embeddable":true,"href":"https:\/\/fondation-grenoble-inp.fr\/en\/wp-json\/wp\/v2\/comments?post=22559"}],"version-history":[{"count":26,"href":"https:\/\/fondation-grenoble-inp.fr\/en\/wp-json\/wp\/v2\/posts\/22559\/revisions"}],"predecessor-version":[{"id":22712,"href":"https:\/\/fondation-grenoble-inp.fr\/en\/wp-json\/wp\/v2\/posts\/22559\/revisions\/22712"}],"wp:featuredmedia":[{"embeddable":true,"href":"https:\/\/fondation-grenoble-inp.fr\/en\/wp-json\/wp\/v2\/media\/22562"}],"wp:attachment":[{"href":"https:\/\/fondation-grenoble-inp.fr\/en\/wp-json\/wp\/v2\/media?parent=22559"}],"wp:term":[{"taxonomy":"category","embeddable":true,"href":"https:\/\/fondation-grenoble-inp.fr\/en\/wp-json\/wp\/v2\/categories?post=22559"},{"taxonomy":"post_tag","embeddable":true,"href":"https:\/\/fondation-grenoble-inp.fr\/en\/wp-json\/wp\/v2\/tags?post=22559"}],"curies":[{"name":"wp","href":"https:\/\/api.w.org\/{rel}","templated":true}]}}