{"id":22835,"date":"2026-02-10T15:42:48","date_gmt":"2026-02-10T14:42:48","guid":{"rendered":"https:\/\/fondation-grenoble-inp.fr\/?p=22835"},"modified":"2026-04-03T12:03:43","modified_gmt":"2026-04-03T10:03:43","slug":"chaire-electronique-durable-former-les-futurs-ingenieurs-a-lelectronique-de-demain","status":"publish","type":"post","link":"https:\/\/fondation-grenoble-inp.fr\/en\/chaire-electronique-durable-former-les-futurs-ingenieurs-a-lelectronique-de-demain\/","title":{"rendered":"Chaire Electronique durable\u00a0: former les futurs ing\u00e9nieurs \u00e0 l\u2019\u00e9lectronique de demain"},"content":{"rendered":"<div data-elementor-type=\"wp-post\" data-elementor-id=\"22835\" data-post-id=\"22835\" data-obj-id=\"22835\" class=\"elementor elementor-22835 dce-elementor-post-22835\" data-elementor-settings=\"[]\">\n\t\t\t\t\t\t<div class=\"elementor-inner\">\n\t\t\t\t\t\t\t<div class=\"elementor-section-wrap\">\n\t\t\t\t\t\t\t<section class=\"elementor-section elementor-top-section elementor-element elementor-element-a6b778f elementor-section-boxed elementor-section-height-default elementor-section-height-default\" data-id=\"a6b778f\" data-element_type=\"section\">\n\t\t\t\t\t\t<div class=\"elementor-container elementor-column-gap-default\">\n\t\t\t\t\t\t\t<div class=\"elementor-row\">\n\t\t\t\t\t<div class=\"elementor-column elementor-col-100 elementor-top-column elementor-element elementor-element-ea286de\" data-id=\"ea286de\" data-element_type=\"column\">\n\t\t\t<div class=\"elementor-column-wrap elementor-element-populated\">\n\t\t\t\t\t\t\t<div class=\"elementor-widget-wrap\">\n\t\t\t\t\t\t<div class=\"elementor-element elementor-element-4b3848d elementor-widget elementor-widget-text-editor\" data-id=\"4b3848d\" data-element_type=\"widget\" data-widget_type=\"text-editor.default\">\n\t\t\t\t<div class=\"elementor-widget-container\">\n\t\t\t\t\t\t\t\t<div class=\"elementor-text-editor elementor-clearfix\">\n\t\t\t\t<p><strong>Inaugur\u00e9e dans le cadre de <a href=\"https:\/\/www.tech-fest.fr\/fr\" target=\"_blank\" rel=\"noopener\">Tech&amp;Fest<\/a>, la Chaire d\u2019excellence industrielle <a href=\"https:\/\/fondation-grenoble-inp.fr\/en\/nos-actions\/chaire-electronique-durable\/\" target=\"_blank\" rel=\"noopener\">\u00c9lectronique durable<\/a>, port\u00e9e par la <a href=\"https:\/\/fondation-grenoble-inp.fr\/en\/\" target=\"_blank\" rel=\"noopener\">Grenoble INP Foundation<\/a> gr\u00e2ce au m\u00e9c\u00e9nat d\u2019<a href=\"https:\/\/www.elsys-design.com\/fr\/\" target=\"_blank\" rel=\"noopener\">Elsys Design<\/a>, <a href=\"https:\/\/www.st.com\/content\/st_com\/en.html\" target=\"_blank\" rel=\"noopener\">STMicroelectronics<\/a>, <a href=\"https:\/\/www.thalesgroup.com\/fr\" target=\"_blank\" rel=\"noopener\">Thales<\/a> and <a href=\"https:\/\/www.lynred.com\/\" target=\"_blank\" rel=\"noopener\">LYNRED<\/a>, s\u2019est donn\u00e9e pour objectif de former les ing\u00e9nieurs de demain \u00e0 la probl\u00e9matique cruciale de la durabilit\u00e9 et de la sobri\u00e9t\u00e9. La Chaire est \u00e9galement en partenariat avec l\u2019<a href=\"https:\/\/irtnanoelec.fr\/\" target=\"_blank\" rel=\"noopener\">IRT Nanonelec<\/a>.\u00a0<\/strong><\/p>\t\t\t\t\t<\/div>\n\t\t\t\t\t\t<\/div>\n\t\t\t\t<\/div>\n\t\t\t\t<div class=\"elementor-element elementor-element-72be3d3 dce_masking-none elementor-widget elementor-widget-image\" data-id=\"72be3d3\" data-element_type=\"widget\" data-widget_type=\"image.default\">\n\t\t\t\t<div class=\"elementor-widget-container\">\n\t\t\t\t\t\t\t\t<div class=\"elementor-image\">\n\t\t\t\t\t\t\t\t\t\t\t\t<img width=\"768\" height=\"512\" src=\"https:\/\/fondation-grenoble-inp.fr\/wp-content\/uploads\/2026\/02\/I2A1248-768x512.jpg\" class=\"attachment-medium_large size-medium_large\" alt=\"\" loading=\"lazy\" srcset=\"https:\/\/fondation-grenoble-inp.fr\/wp-content\/uploads\/2026\/02\/I2A1248-768x512.jpg 768w, https:\/\/fondation-grenoble-inp.fr\/wp-content\/uploads\/2026\/02\/I2A1248-300x200.jpg 300w, https:\/\/fondation-grenoble-inp.fr\/wp-content\/uploads\/2026\/02\/I2A1248-1024x682.jpg 1024w, https:\/\/fondation-grenoble-inp.fr\/wp-content\/uploads\/2026\/02\/I2A1248-18x12.jpg 18w, https:\/\/fondation-grenoble-inp.fr\/wp-content\/uploads\/2026\/02\/I2A1248.jpg 1280w\" sizes=\"(max-width: 768px) 100vw, 768px\" \/>\t\t\t\t\t\t\t\t\t\t\t\t\t\t<\/div>\n\t\t\t\t\t\t<\/div>\n\t\t\t\t<\/div>\n\t\t\t\t\t\t<\/div>\n\t\t\t\t\t<\/div>\n\t\t<\/div>\n\t\t\t\t\t\t\t\t<\/div>\n\t\t\t\t\t<\/div>\n\t\t<\/section>\n\t\t\t\t<section class=\"elementor-section elementor-top-section elementor-element elementor-element-3b0372e elementor-section-boxed elementor-section-height-default elementor-section-height-default\" data-id=\"3b0372e\" data-element_type=\"section\">\n\t\t\t\t\t\t<div class=\"elementor-container elementor-column-gap-default\">\n\t\t\t\t\t\t\t<div class=\"elementor-row\">\n\t\t\t\t\t<div class=\"elementor-column elementor-col-100 elementor-top-column elementor-element elementor-element-7a8f1ff\" data-id=\"7a8f1ff\" data-element_type=\"column\">\n\t\t\t<div class=\"elementor-column-wrap elementor-element-populated\">\n\t\t\t\t\t\t\t<div class=\"elementor-widget-wrap\">\n\t\t\t\t\t\t<div class=\"elementor-element elementor-element-5028739 elementor-widget elementor-widget-text-editor\" data-id=\"5028739\" data-element_type=\"widget\" data-widget_type=\"text-editor.default\">\n\t\t\t\t<div class=\"elementor-widget-container\">\n\t\t\t\t\t\t\t\t<div class=\"elementor-text-editor elementor-clearfix\">\n\t\t\t\t<p>Une chaire d\u2019excellence industrielle, ax\u00e9e \u00e0 100% sur l\u2019enseignement. Voil\u00e0 la particularit\u00e9 de la <strong><a href=\"https:\/\/fondation-grenoble-inp.fr\/en\/nos-actions\/chaire-electronique-durable\/\" target=\"_blank\" rel=\"noopener\">Chaire \u00c9lectronique Durable<\/a><\/strong>, inaugur\u00e9e r\u00e9cemment par la <strong><a href=\"https:\/\/fondation-grenoble-inp.fr\/en\/\" target=\"_blank\" rel=\"noopener\">Grenoble INP Foundation<\/a><\/strong>, dans le cadre de <strong><a href=\"https:\/\/www.tech-fest.fr\/fr\" target=\"_blank\" rel=\"noopener\">Tech&amp;Fest<\/a><\/strong>, le rendez-vous annuel d\u00e9di\u00e9 \u00e0 l\u2019innovation. Cette premi\u00e8re pour la Fondation illustre une volont\u00e9 bien ancr\u00e9e d\u2019aller vers une p\u00e9dagogie innovante, au plus pr\u00e8s des besoins des industriels et du terrain. <em>\u00ab Nous voulons former des ing\u00e9nieurs susceptibles de mener les transitions de demain et cette chaire permettra un partage entre nos \u00e9tudiants et les industriels, qui vont pouvoir nous faire remonter les probl\u00e9matiques qu\u2019ils rencontrent, pour enrichir nos formations \u00bb<\/em>, se r\u00e9jouit Pierre Benech, enseignant-chercheur au sein de <strong><a href=\"https:\/\/phelma.grenoble-inp.fr\/\" target=\"_blank\" rel=\"noopener\">Grenoble INP \u2013 Phelma UGA<\/a><\/strong> et titulaire de la chaire.<\/p>\t\t\t\t\t<\/div>\n\t\t\t\t\t\t<\/div>\n\t\t\t\t<\/div>\n\t\t\t\t<div class=\"elementor-element elementor-element-354d670 dce_masking-none elementor-widget elementor-widget-image\" data-id=\"354d670\" data-element_type=\"widget\" data-widget_type=\"image.default\">\n\t\t\t\t<div class=\"elementor-widget-container\">\n\t\t\t\t\t\t\t\t<div class=\"elementor-image\">\n\t\t\t\t\t\t\t\t\t\t\t\t<img width=\"768\" height=\"512\" src=\"https:\/\/fondation-grenoble-inp.fr\/wp-content\/uploads\/2026\/02\/I2A1538-768x512.jpg\" class=\"attachment-medium_large size-medium_large\" alt=\"\" loading=\"lazy\" srcset=\"https:\/\/fondation-grenoble-inp.fr\/wp-content\/uploads\/2026\/02\/I2A1538-768x512.jpg 768w, https:\/\/fondation-grenoble-inp.fr\/wp-content\/uploads\/2026\/02\/I2A1538-300x200.jpg 300w, https:\/\/fondation-grenoble-inp.fr\/wp-content\/uploads\/2026\/02\/I2A1538-1024x682.jpg 1024w, https:\/\/fondation-grenoble-inp.fr\/wp-content\/uploads\/2026\/02\/I2A1538-18x12.jpg 18w, https:\/\/fondation-grenoble-inp.fr\/wp-content\/uploads\/2026\/02\/I2A1538.jpg 1280w\" sizes=\"(max-width: 768px) 100vw, 768px\" \/>\t\t\t\t\t\t\t\t\t\t\t\t\t\t<\/div>\n\t\t\t\t\t\t<\/div>\n\t\t\t\t<\/div>\n\t\t\t\t<div class=\"elementor-element elementor-element-d85a6a7 elementor-widget elementor-widget-text-editor\" data-id=\"d85a6a7\" data-element_type=\"widget\" data-widget_type=\"text-editor.default\">\n\t\t\t\t<div class=\"elementor-widget-container\">\n\t\t\t\t\t\t\t\t<div class=\"elementor-text-editor elementor-clearfix\">\n\t\t\t\t<p>Au travers de cette chaire, qui se positionne sur un enjeu soci\u00e9tal et avec une nouvelle approche de la p\u00e9dagogie, l\u2019objectif est \u00e9galement de pouvoir am\u00e9liorer l\u2019attractivit\u00e9 de la fili\u00e8re de l\u2019\u00e9lectronique\u00a0: \u00ab\u00a0<em>Cette fili\u00e8re est parfois entour\u00e9e de perceptions li\u00e9es \u00e0 son impact sur l\u2019environnement et les ressources. Avec cette chaire, nous souhaitons montrer une autre r\u00e9alit\u00e9<\/em><em>\u202f: celle d<\/em><em>\u2019une fili<\/em><em>\u00e8re innovante, engag<\/em><em>\u00e9e et responsable.\u00a0<\/em>\u00bb, a salu\u00e9 <strong><a href=\"https:\/\/www.linkedin.com\/in\/alice-caplier-06961018\/\" target=\"_blank\" rel=\"noopener\">Alice Caplier<\/a><\/strong>, directrice de <strong><a href=\"https:\/\/phelma.grenoble-inp.fr\/\" target=\"_blank\" rel=\"noopener\">Grenoble INP \u2013 Phelma, UGA<\/a><\/strong>, dans le cadre de laquelle se d\u00e9ploieront les enseignements<\/p>\t\t\t\t\t<\/div>\n\t\t\t\t\t\t<\/div>\n\t\t\t\t<\/div>\n\t\t\t\t\t\t<\/div>\n\t\t\t\t\t<\/div>\n\t\t<\/div>\n\t\t\t\t\t\t\t\t<\/div>\n\t\t\t\t\t<\/div>\n\t\t<\/section>\n\t\t\t\t<section class=\"elementor-section elementor-top-section elementor-element elementor-element-525317f elementor-section-boxed elementor-section-height-default elementor-section-height-default\" data-id=\"525317f\" data-element_type=\"section\">\n\t\t\t\t\t\t<div class=\"elementor-container elementor-column-gap-default\">\n\t\t\t\t\t\t\t<div class=\"elementor-row\">\n\t\t\t\t\t<div class=\"elementor-column elementor-col-100 elementor-top-column elementor-element elementor-element-c93ba32\" data-id=\"c93ba32\" data-element_type=\"column\">\n\t\t\t<div class=\"elementor-column-wrap elementor-element-populated\">\n\t\t\t\t\t\t\t<div class=\"elementor-widget-wrap\">\n\t\t\t\t\t\t<div class=\"elementor-element elementor-element-bb507ef elementor-widget elementor-widget-text-editor\" data-id=\"bb507ef\" data-element_type=\"widget\" data-widget_type=\"text-editor.default\">\n\t\t\t\t<div class=\"elementor-widget-container\">\n\t\t\t\t\t\t\t\t<div class=\"elementor-text-editor elementor-clearfix\">\n\t\t\t\t<h2><strong>Eco-conception et recyclage<\/strong><\/h2>\t\t\t\t\t<\/div>\n\t\t\t\t\t\t<\/div>\n\t\t\t\t<\/div>\n\t\t\t\t<div class=\"elementor-element elementor-element-d4780aa dce_masking-none elementor-widget elementor-widget-image\" data-id=\"d4780aa\" data-element_type=\"widget\" data-widget_type=\"image.default\">\n\t\t\t\t<div class=\"elementor-widget-container\">\n\t\t\t\t\t\t\t\t<div class=\"elementor-image\">\n\t\t\t\t\t\t\t\t\t\t\t\t<img width=\"768\" height=\"512\" src=\"https:\/\/fondation-grenoble-inp.fr\/wp-content\/uploads\/2026\/02\/I2A1501-768x512.jpg\" class=\"attachment-medium_large size-medium_large\" alt=\"\" loading=\"lazy\" srcset=\"https:\/\/fondation-grenoble-inp.fr\/wp-content\/uploads\/2026\/02\/I2A1501-768x512.jpg 768w, https:\/\/fondation-grenoble-inp.fr\/wp-content\/uploads\/2026\/02\/I2A1501-300x200.jpg 300w, https:\/\/fondation-grenoble-inp.fr\/wp-content\/uploads\/2026\/02\/I2A1501-1024x682.jpg 1024w, https:\/\/fondation-grenoble-inp.fr\/wp-content\/uploads\/2026\/02\/I2A1501-18x12.jpg 18w, https:\/\/fondation-grenoble-inp.fr\/wp-content\/uploads\/2026\/02\/I2A1501.jpg 1280w\" sizes=\"(max-width: 768px) 100vw, 768px\" \/>\t\t\t\t\t\t\t\t\t\t\t\t\t\t<\/div>\n\t\t\t\t\t\t<\/div>\n\t\t\t\t<\/div>\n\t\t\t\t<div class=\"elementor-element elementor-element-571e0e3 elementor-widget elementor-widget-text-editor\" data-id=\"571e0e3\" data-element_type=\"widget\" data-widget_type=\"text-editor.default\">\n\t\t\t\t<div class=\"elementor-widget-container\">\n\t\t\t\t\t\t\t\t<div class=\"elementor-text-editor elementor-clearfix\">\n\t\t\t\t<p>Dans les faits, cette chaire s\u2019int\u00e9ressera \u00e0 l\u2019\u00e9lectronique de demain, en explorant les questions de l\u2019\u00e9co-conception, de la sobri\u00e9t\u00e9 ou encore de l\u2019\u00e9conomie circulaire et du recyclage des mat\u00e9riaux. \u00ab\u00a0<em>Nous avons aujourd\u2019hui tous conscience du fait que l\u2019\u00e9lectronique ne peut pas \u00eatre pens\u00e9e autrement que de fa\u00e7on durable et cette d\u00e9marche s\u2019inscrit dans la direction prise par notre \u00e9tablissement\u00a0plus largement<\/em> \u00bb, souligne <strong><a href=\"https:\/\/www.linkedin.com\/in\/vivien-qu%C3%A9ma-1975692\/\" target=\"_blank\" rel=\"noopener\">Vivien Qu\u00e9ma<\/a><\/strong>, administrateur g\u00e9n\u00e9ral de <strong><a href=\"https:\/\/www.grenoble-inp.fr\/\" target=\"_blank\" rel=\"noopener\">Grenoble INP \u2013 UGA<\/a><\/strong>.<\/p>\t\t\t\t\t<\/div>\n\t\t\t\t\t\t<\/div>\n\t\t\t\t<\/div>\n\t\t\t\t<div class=\"elementor-element elementor-element-d574d8a dce_masking-none elementor-widget elementor-widget-image\" data-id=\"d574d8a\" data-element_type=\"widget\" data-widget_type=\"image.default\">\n\t\t\t\t<div class=\"elementor-widget-container\">\n\t\t\t\t\t\t\t\t<div class=\"elementor-image\">\n\t\t\t\t\t\t\t\t\t\t\t\t<img width=\"768\" height=\"512\" src=\"https:\/\/fondation-grenoble-inp.fr\/wp-content\/uploads\/2026\/02\/I2A1556-768x512.jpg\" class=\"attachment-medium_large size-medium_large\" alt=\"\" loading=\"lazy\" srcset=\"https:\/\/fondation-grenoble-inp.fr\/wp-content\/uploads\/2026\/02\/I2A1556-768x512.jpg 768w, https:\/\/fondation-grenoble-inp.fr\/wp-content\/uploads\/2026\/02\/I2A1556-300x200.jpg 300w, https:\/\/fondation-grenoble-inp.fr\/wp-content\/uploads\/2026\/02\/I2A1556-1024x682.jpg 1024w, https:\/\/fondation-grenoble-inp.fr\/wp-content\/uploads\/2026\/02\/I2A1556-18x12.jpg 18w, https:\/\/fondation-grenoble-inp.fr\/wp-content\/uploads\/2026\/02\/I2A1556.jpg 1280w\" sizes=\"(max-width: 768px) 100vw, 768px\" \/>\t\t\t\t\t\t\t\t\t\t\t\t\t\t<\/div>\n\t\t\t\t\t\t<\/div>\n\t\t\t\t<\/div>\n\t\t\t\t<div class=\"elementor-element elementor-element-6d7afd4 elementor-widget elementor-widget-text-editor\" data-id=\"6d7afd4\" data-element_type=\"widget\" data-widget_type=\"text-editor.default\">\n\t\t\t\t<div class=\"elementor-widget-container\">\n\t\t\t\t\t\t\t\t<div class=\"elementor-text-editor elementor-clearfix\">\n\t\t\t\t<p>The <strong><a href=\"https:\/\/fondation-grenoble-inp.fr\/en\/nos-actions\/chaire-electronique-durable\/\" target=\"_blank\" rel=\"noopener\">Chaire \u00c9lectronique Durable<\/a><\/strong> est port\u00e9e par le m\u00e9c\u00e9nat des entreprises <strong><a href=\"https:\/\/www.st.com\/content\/st_com\/en.html\" target=\"_blank\" rel=\"noopener\">STMicroelectronics<\/a><\/strong>, <strong><a href=\"https:\/\/www.thalesgroup.com\/fr\" target=\"_blank\" rel=\"noopener\">Thales<\/a><\/strong>, <strong><a href=\"https:\/\/www.elsys-design.com\/fr\/\" target=\"_blank\" rel=\"noopener\">Elsys Design<\/a><\/strong> and <strong><a href=\"https:\/\/www.lynred.com\/\" target=\"_blank\" rel=\"noopener\">LYNRED<\/a><\/strong>, anim\u00e9s par l\u2019envie et le besoin de former une future g\u00e9n\u00e9ration d\u2019ing\u00e9nieurs, qui soit pr\u00e9par\u00e9e \u00e0 ces enjeux de durabilit\u00e9, qui s\u2019imposent aujourd\u2019hui dans leur domaine d\u2019expertise. \u00ab <em>C\u2019est en \u00e9tant dans le mouvement qu\u2019on parviendra \u00e0 faire \u00e9voluer l\u2019\u00e9lectronique et \u00e0 aller vers plus de durabilit\u00e9<\/em>\u00a0\u00bb, a appuy\u00e9 <strong><a href=\"https:\/\/www.linkedin.com\/in\/olivierkuntz\/\" target=\"_blank\" rel=\"noopener\">Olivier Kuntz<\/a><\/strong>, directeur r\u00e9gional d\u2019<strong><a href=\"https:\/\/www.advans-group.com\/fr\/\" target=\"_blank\" rel=\"noopener\">Advans Group<\/a><\/strong>, dont la branche <strong><a href=\"https:\/\/www.elsys-design.com\/fr\/\" target=\"_blank\" rel=\"noopener\">Elsys Design<\/a><\/strong> est sp\u00e9cialis\u00e9e dans les syst\u00e8mes embarqu\u00e9s, lors de l\u2019inauguration de la chaire. \u00a0<\/p>\t\t\t\t\t<\/div>\n\t\t\t\t\t\t<\/div>\n\t\t\t\t<\/div>\n\t\t\t\t\t\t<\/div>\n\t\t\t\t\t<\/div>\n\t\t<\/div>\n\t\t\t\t\t\t\t\t<\/div>\n\t\t\t\t\t<\/div>\n\t\t<\/section>\n\t\t\t\t<section class=\"elementor-section elementor-top-section elementor-element elementor-element-dd9908b elementor-section-boxed elementor-section-height-default elementor-section-height-default\" data-id=\"dd9908b\" data-element_type=\"section\">\n\t\t\t\t\t\t<div class=\"elementor-container elementor-column-gap-default\">\n\t\t\t\t\t\t\t<div class=\"elementor-row\">\n\t\t\t\t\t<div class=\"elementor-column elementor-col-100 elementor-top-column elementor-element elementor-element-5f9e29b\" data-id=\"5f9e29b\" data-element_type=\"column\">\n\t\t\t<div class=\"elementor-column-wrap elementor-element-populated\">\n\t\t\t\t\t\t\t<div class=\"elementor-widget-wrap\">\n\t\t\t\t\t\t<div class=\"elementor-element elementor-element-503ec32 elementor-widget elementor-widget-text-editor\" data-id=\"503ec32\" data-element_type=\"widget\" data-widget_type=\"text-editor.default\">\n\t\t\t\t<div class=\"elementor-widget-container\">\n\t\t\t\t\t\t\t\t<div class=\"elementor-text-editor elementor-clearfix\">\n\t\t\t\t<h2><strong>\u00ab\u00a0Changer les choses\u00a0\u00bb<\/strong><\/h2>\t\t\t\t\t<\/div>\n\t\t\t\t\t\t<\/div>\n\t\t\t\t<\/div>\n\t\t\t\t<div class=\"elementor-element elementor-element-d257a9c dce_masking-none elementor-widget elementor-widget-image\" data-id=\"d257a9c\" data-element_type=\"widget\" data-widget_type=\"image.default\">\n\t\t\t\t<div class=\"elementor-widget-container\">\n\t\t\t\t\t\t\t\t<div class=\"elementor-image\">\n\t\t\t\t\t\t\t\t\t\t\t\t<img width=\"768\" height=\"491\" src=\"https:\/\/fondation-grenoble-inp.fr\/wp-content\/uploads\/2026\/02\/I2A1577-768x491.jpg\" class=\"attachment-medium_large size-medium_large\" alt=\"\" loading=\"lazy\" srcset=\"https:\/\/fondation-grenoble-inp.fr\/wp-content\/uploads\/2026\/02\/I2A1577-768x491.jpg 768w, https:\/\/fondation-grenoble-inp.fr\/wp-content\/uploads\/2026\/02\/I2A1577-300x192.jpg 300w, https:\/\/fondation-grenoble-inp.fr\/wp-content\/uploads\/2026\/02\/I2A1577-1024x654.jpg 1024w, https:\/\/fondation-grenoble-inp.fr\/wp-content\/uploads\/2026\/02\/I2A1577-18x12.jpg 18w, https:\/\/fondation-grenoble-inp.fr\/wp-content\/uploads\/2026\/02\/I2A1577.jpg 1280w\" sizes=\"(max-width: 768px) 100vw, 768px\" \/>\t\t\t\t\t\t\t\t\t\t\t\t\t\t<\/div>\n\t\t\t\t\t\t<\/div>\n\t\t\t\t<\/div>\n\t\t\t\t<div class=\"elementor-element elementor-element-070f687 elementor-widget elementor-widget-text-editor\" data-id=\"070f687\" data-element_type=\"widget\" data-widget_type=\"text-editor.default\">\n\t\t\t\t<div class=\"elementor-widget-container\">\n\t\t\t\t\t\t\t\t<div class=\"elementor-text-editor elementor-clearfix\">\n\t\t\t\t<p>Responsable d\u00e9veloppement durable chez <strong><a href=\"https:\/\/www.thalesgroup.com\/fr\" target=\"_blank\" rel=\"noopener\">Thales<\/a><\/strong>, <strong><a href=\"https:\/\/www.linkedin.com\/in\/bertinnicolas\/\" target=\"_blank\" rel=\"noopener\">Nicolas Bertin<\/a><\/strong> s\u2019est quant \u00e0 lui f\u00e9licit\u00e9 du lancement de cette chaire, qui permettra \u00ab\u00a0<em>d\u2019apporter des probl\u00e9matiques concr\u00e8tes aux \u00e9tudiants, pour qu\u2019ils soient en capacit\u00e9 de nous transformer<\/em>\u00a0\u00bb. Un message partag\u00e9 par <strong><a href=\"https:\/\/www.linkedin.com\/in\/jean-philippe-landais-464759102\/\" target=\"_blank\" rel=\"noopener\">Jean-Philippe Landais<\/a><\/strong>, directeur du site de Grenoble de <strong><a href=\"https:\/\/www.st.com\/content\/st_com\/en.html\" target=\"_blank\" rel=\"noopener\">STMicroelectronics<\/a><\/strong>, sp\u00e9cialiste des semi-conducteurs\u00a0: \u00ab\u00a0<em>Cette chaire contribuera \u00e0 porter et \u00e0 dynamiser cette transformation : nous avons besoin d\u2019ing\u00e9nieurs sp\u00e9cialis\u00e9s sur ces questions<\/em>\u00a0\u00bb. \u00a0<\/p>\t\t\t\t\t<\/div>\n\t\t\t\t\t\t<\/div>\n\t\t\t\t<\/div>\n\t\t\t\t\t\t<\/div>\n\t\t\t\t\t<\/div>\n\t\t<\/div>\n\t\t\t\t\t\t\t\t<\/div>\n\t\t\t\t\t<\/div>\n\t\t<\/section>\n\t\t\t\t<section class=\"elementor-section elementor-top-section elementor-element elementor-element-01968a5 elementor-section-boxed elementor-section-height-default elementor-section-height-default\" data-id=\"01968a5\" data-element_type=\"section\">\n\t\t\t\t\t\t<div class=\"elementor-container elementor-column-gap-default\">\n\t\t\t\t\t\t\t<div class=\"elementor-row\">\n\t\t\t\t\t<div class=\"elementor-column elementor-col-100 elementor-top-column elementor-element elementor-element-c828c67\" data-id=\"c828c67\" data-element_type=\"column\">\n\t\t\t<div class=\"elementor-column-wrap elementor-element-populated\">\n\t\t\t\t\t\t\t<div class=\"elementor-widget-wrap\">\n\t\t\t\t\t\t<div class=\"elementor-element elementor-element-e7b23d9 elementor-widget elementor-widget-text-editor\" data-id=\"e7b23d9\" data-element_type=\"widget\" data-widget_type=\"text-editor.default\">\n\t\t\t\t<div class=\"elementor-widget-container\">\n\t\t\t\t\t\t\t\t<div class=\"elementor-text-editor elementor-clearfix\">\n\t\t\t\t<h2><strong>Une nouvelle g\u00e9n\u00e9ration d\u2018ing\u00e9nieurs<\/strong><\/h2>\t\t\t\t\t<\/div>\n\t\t\t\t\t\t<\/div>\n\t\t\t\t<\/div>\n\t\t\t\t<div class=\"elementor-element elementor-element-f1396a0 dce_masking-none elementor-widget elementor-widget-image\" data-id=\"f1396a0\" data-element_type=\"widget\" data-widget_type=\"image.default\">\n\t\t\t\t<div class=\"elementor-widget-container\">\n\t\t\t\t\t\t\t\t<div class=\"elementor-image\">\n\t\t\t\t\t\t\t\t\t\t\t\t<img width=\"768\" height=\"512\" src=\"https:\/\/fondation-grenoble-inp.fr\/wp-content\/uploads\/2026\/02\/I2A1627-768x512.jpg\" class=\"attachment-medium_large size-medium_large\" alt=\"\" loading=\"lazy\" srcset=\"https:\/\/fondation-grenoble-inp.fr\/wp-content\/uploads\/2026\/02\/I2A1627-768x512.jpg 768w, https:\/\/fondation-grenoble-inp.fr\/wp-content\/uploads\/2026\/02\/I2A1627-300x200.jpg 300w, https:\/\/fondation-grenoble-inp.fr\/wp-content\/uploads\/2026\/02\/I2A1627-1024x682.jpg 1024w, https:\/\/fondation-grenoble-inp.fr\/wp-content\/uploads\/2026\/02\/I2A1627-18x12.jpg 18w, https:\/\/fondation-grenoble-inp.fr\/wp-content\/uploads\/2026\/02\/I2A1627.jpg 1280w\" sizes=\"(max-width: 768px) 100vw, 768px\" \/>\t\t\t\t\t\t\t\t\t\t\t\t\t\t<\/div>\n\t\t\t\t\t\t<\/div>\n\t\t\t\t<\/div>\n\t\t\t\t<div class=\"elementor-element elementor-element-83f20e2 elementor-widget elementor-widget-text-editor\" data-id=\"83f20e2\" data-element_type=\"widget\" data-widget_type=\"text-editor.default\">\n\t\t\t\t<div class=\"elementor-widget-container\">\n\t\t\t\t\t\t\t\t<div class=\"elementor-text-editor elementor-clearfix\">\n\t\t\t\t<p>Intervenant au sein de la chaire au travers d\u2019un m\u00e9c\u00e9nat de comp\u00e9tences, <strong><a href=\"https:\/\/www.lynred.com\/\" target=\"_blank\" rel=\"noopener\">LYNRED<\/a><\/strong>, entreprise sp\u00e9cialis\u00e9e dans le d\u00e9veloppement et la commercialisation de d\u00e9tecteurs infrarouges pour des applications civiles et de souverainet\u00e9, a \u00e9galement fait le choix de s\u2019investir pleinement dans ces enjeux du futur : \u00ab\u00a0<em>L&rsquo;\u00e9lectronique durable r\u00e9pond aujourd&rsquo;hui \u00e0 des enjeux soci\u00e9taux et environnementaux majeurs. Soutenir cette chaire, port\u00e9e par le dynamisme de Grenoble INP et de l\u2019\u00e9cosyst\u00e8me grenoblois, repr\u00e9sente une formidable opportunit\u00e9<\/em> \u00bb a r\u00e9agi <strong><a href=\"https:\/\/www.linkedin.com\/in\/herve-bouaziz-7879301a\/\" target=\"_blank\" rel=\"noopener\">Herv\u00e9 Bouaziz<\/a><\/strong>, Pr\u00e9sident de <strong><a href=\"https:\/\/www.lynred.com\/\" target=\"_blank\" rel=\"noopener\">LYNRED<\/a><\/strong>.<\/p>\t\t\t\t\t<\/div>\n\t\t\t\t\t\t<\/div>\n\t\t\t\t<\/div>\n\t\t\t\t<div class=\"elementor-element elementor-element-a57495d dce_masking-none elementor-widget elementor-widget-image\" data-id=\"a57495d\" data-element_type=\"widget\" data-widget_type=\"image.default\">\n\t\t\t\t<div class=\"elementor-widget-container\">\n\t\t\t\t\t\t\t\t<div class=\"elementor-image\">\n\t\t\t\t\t\t\t\t\t\t\t\t<img width=\"768\" height=\"512\" src=\"https:\/\/fondation-grenoble-inp.fr\/wp-content\/uploads\/2026\/02\/I2A1466-768x512.jpg\" class=\"attachment-medium_large size-medium_large\" alt=\"\" loading=\"lazy\" srcset=\"https:\/\/fondation-grenoble-inp.fr\/wp-content\/uploads\/2026\/02\/I2A1466-768x512.jpg 768w, https:\/\/fondation-grenoble-inp.fr\/wp-content\/uploads\/2026\/02\/I2A1466-300x200.jpg 300w, https:\/\/fondation-grenoble-inp.fr\/wp-content\/uploads\/2026\/02\/I2A1466-1024x682.jpg 1024w, https:\/\/fondation-grenoble-inp.fr\/wp-content\/uploads\/2026\/02\/I2A1466-18x12.jpg 18w, https:\/\/fondation-grenoble-inp.fr\/wp-content\/uploads\/2026\/02\/I2A1466.jpg 1280w\" sizes=\"(max-width: 768px) 100vw, 768px\" \/>\t\t\t\t\t\t\t\t\t\t\t\t\t\t<\/div>\n\t\t\t\t\t\t<\/div>\n\t\t\t\t<\/div>\n\t\t\t\t<div class=\"elementor-element elementor-element-53bbe16 elementor-widget elementor-widget-text-editor\" data-id=\"53bbe16\" data-element_type=\"widget\" data-widget_type=\"text-editor.default\">\n\t\t\t\t<div class=\"elementor-widget-container\">\n\t\t\t\t\t\t\t\t<div class=\"elementor-text-editor elementor-clearfix\">\n\t\t\t\t<p>En activit\u00e9 depuis septembre 2025, la chaire sera d\u00e9ploy\u00e9e sur trois ans et sera articul\u00e9e autour de diff\u00e9rents modules de cours et de conf\u00e9rences, sur lesquels seront associ\u00e9s les industriels partenaires. <em>\u00ab\u00a0Demain, la performance devra aller de pair avec la sobri\u00e9t\u00e9 et cette chaire participera \u00e0 pr\u00e9parer une nouvelle g\u00e9n\u00e9ration d\u2019ing\u00e9nieurs<\/em>, a appuy\u00e9 <strong><a href=\"https:\/\/www.linkedin.com\/in\/benoit-giroud-52b9555b\/\" target=\"_blank\" rel=\"noopener\">Beno\u00eet Giroud<\/a><\/strong>, directeur de la <strong><a href=\"https:\/\/fondation-grenoble-inp.fr\/en\/\" target=\"_blank\" rel=\"noopener\">Grenoble INP Foundation<\/a><\/strong>. <em>C\u2019est un signal fort.\u00a0\u00bb<\/em><\/p>\t\t\t\t\t<\/div>\n\t\t\t\t\t\t<\/div>\n\t\t\t\t<\/div>\n\t\t\t\t\t\t<\/div>\n\t\t\t\t\t<\/div>\n\t\t<\/div>\n\t\t\t\t\t\t\t\t<\/div>\n\t\t\t\t\t<\/div>\n\t\t<\/section>\n\t\t\t\t<section class=\"elementor-section elementor-top-section elementor-element elementor-element-3818129 elementor-section-boxed elementor-section-height-default elementor-section-height-default\" data-id=\"3818129\" data-element_type=\"section\">\n\t\t\t\t\t\t<div class=\"elementor-container elementor-column-gap-default\">\n\t\t\t\t\t\t\t<div class=\"elementor-row\">\n\t\t\t\t\t<div class=\"elementor-column elementor-col-100 elementor-top-column elementor-element elementor-element-3279f54\" data-id=\"3279f54\" data-element_type=\"column\">\n\t\t\t<div class=\"elementor-column-wrap elementor-element-populated\">\n\t\t\t\t\t\t\t<div class=\"elementor-widget-wrap\">\n\t\t\t\t\t\t<div class=\"elementor-element elementor-element-fe8f612 elementor-widget elementor-widget-text-editor\" data-id=\"fe8f612\" data-element_type=\"widget\" data-widget_type=\"text-editor.default\">\n\t\t\t\t<div class=\"elementor-widget-container\">\n\t\t\t\t\t\t\t\t<div class=\"elementor-text-editor elementor-clearfix\">\n\t\t\t\t<h2>Revivre l&rsquo;\u00e9v\u00e9nement<\/h2>\t\t\t\t\t<\/div>\n\t\t\t\t\t\t<\/div>\n\t\t\t\t<\/div>\n\t\t\t\t<div class=\"elementor-element elementor-element-f1cf6f4 elementor-widget elementor-widget-text-editor\" data-id=\"f1cf6f4\" data-element_type=\"widget\" data-widget_type=\"text-editor.default\">\n\t\t\t\t<div class=\"elementor-widget-container\">\n\t\t\t\t\t\t\t\t<div class=\"elementor-text-editor elementor-clearfix\">\n\t\t\t\t<p><strong>Photos<\/strong><\/p><p><b>\u00a9 <\/b>Fondation Grenoble INP &#8211; <strong><a href=\"https:\/\/pierrejayet.com\/\" target=\"_blank\" rel=\"noopener\">Pierre Jayet<\/a><\/strong><\/p>\t\t\t\t\t<\/div>\n\t\t\t\t\t\t<\/div>\n\t\t\t\t<\/div>\n\t\t\t\t<div class=\"elementor-element elementor-element-d07d0c2 elementor-widget elementor-widget-image-gallery\" data-id=\"d07d0c2\" data-element_type=\"widget\" data-widget_type=\"image-gallery.default\">\n\t\t\t\t<div class=\"elementor-widget-container\">\n\t\t\t\t\t<div class=\"elementor-image-gallery\">\n\t\t\t<div id='gallery-1' class='gallery galleryid-22835 gallery-columns-8 gallery-size-thumbnail'><figure class='gallery-item'>\n\t\t\t<div class='gallery-icon landscape'>\n\t\t\t\t<a data-elementor-open-lightbox=\"yes\" data-elementor-lightbox-slideshow=\"d07d0c2\" data-elementor-lightbox-title=\"I2A1235\" href='https:\/\/fondation-grenoble-inp.fr\/wp-content\/uploads\/2026\/02\/I2A1235.jpg'><img width=\"150\" height=\"150\" src=\"https:\/\/fondation-grenoble-inp.fr\/wp-content\/uploads\/2026\/02\/I2A1235-150x150.jpg\" class=\"attachment-thumbnail size-thumbnail\" alt=\"\" loading=\"lazy\" \/><\/a>\n\t\t\t<\/div><\/figure><figure class='gallery-item'>\n\t\t\t<div class='gallery-icon landscape'>\n\t\t\t\t<a data-elementor-open-lightbox=\"yes\" data-elementor-lightbox-slideshow=\"d07d0c2\" data-elementor-lightbox-title=\"I2A1237\" href='https:\/\/fondation-grenoble-inp.fr\/wp-content\/uploads\/2026\/02\/I2A1237.jpg'><img width=\"150\" height=\"150\" src=\"https:\/\/fondation-grenoble-inp.fr\/wp-content\/uploads\/2026\/02\/I2A1237-150x150.jpg\" class=\"attachment-thumbnail size-thumbnail\" alt=\"\" loading=\"lazy\" \/><\/a>\n\t\t\t<\/div><\/figure><figure class='gallery-item'>\n\t\t\t<div class='gallery-icon landscape'>\n\t\t\t\t<a data-elementor-open-lightbox=\"yes\" data-elementor-lightbox-slideshow=\"d07d0c2\" data-elementor-lightbox-title=\"I2A1243\" href='https:\/\/fondation-grenoble-inp.fr\/wp-content\/uploads\/2026\/02\/I2A1243.jpg'><img width=\"150\" height=\"150\" src=\"https:\/\/fondation-grenoble-inp.fr\/wp-content\/uploads\/2026\/02\/I2A1243-150x150.jpg\" class=\"attachment-thumbnail size-thumbnail\" alt=\"\" loading=\"lazy\" \/><\/a>\n\t\t\t<\/div><\/figure><figure class='gallery-item'>\n\t\t\t<div class='gallery-icon landscape'>\n\t\t\t\t<a data-elementor-open-lightbox=\"yes\" data-elementor-lightbox-slideshow=\"d07d0c2\" data-elementor-lightbox-title=\"I2A1248\" href='https:\/\/fondation-grenoble-inp.fr\/wp-content\/uploads\/2026\/02\/I2A1248.jpg'><img width=\"150\" height=\"150\" src=\"https:\/\/fondation-grenoble-inp.fr\/wp-content\/uploads\/2026\/02\/I2A1248-150x150.jpg\" class=\"attachment-thumbnail size-thumbnail\" alt=\"\" loading=\"lazy\" \/><\/a>\n\t\t\t<\/div><\/figure><figure class='gallery-item'>\n\t\t\t<div class='gallery-icon portrait'>\n\t\t\t\t<a data-elementor-open-lightbox=\"yes\" data-elementor-lightbox-slideshow=\"d07d0c2\" data-elementor-lightbox-title=\"I2A1267\" href='https:\/\/fondation-grenoble-inp.fr\/wp-content\/uploads\/2026\/02\/I2A1267.jpg'><img width=\"150\" height=\"150\" src=\"https:\/\/fondation-grenoble-inp.fr\/wp-content\/uploads\/2026\/02\/I2A1267-150x150.jpg\" class=\"attachment-thumbnail size-thumbnail\" alt=\"\" loading=\"lazy\" srcset=\"https:\/\/fondation-grenoble-inp.fr\/wp-content\/uploads\/2026\/02\/I2A1267-150x150.jpg 150w, https:\/\/fondation-grenoble-inp.fr\/wp-content\/uploads\/2026\/02\/I2A1267-11x12.jpg 11w\" sizes=\"(max-width: 150px) 100vw, 150px\" \/><\/a>\n\t\t\t<\/div><\/figure><figure class='gallery-item'>\n\t\t\t<div class='gallery-icon landscape'>\n\t\t\t\t<a data-elementor-open-lightbox=\"yes\" data-elementor-lightbox-slideshow=\"d07d0c2\" data-elementor-lightbox-title=\"I2A1275\" href='https:\/\/fondation-grenoble-inp.fr\/wp-content\/uploads\/2026\/02\/I2A1275.jpg'><img width=\"150\" height=\"150\" src=\"https:\/\/fondation-grenoble-inp.fr\/wp-content\/uploads\/2026\/02\/I2A1275-150x150.jpg\" class=\"attachment-thumbnail size-thumbnail\" alt=\"\" loading=\"lazy\" \/><\/a>\n\t\t\t<\/div><\/figure><figure class='gallery-item'>\n\t\t\t<div class='gallery-icon landscape'>\n\t\t\t\t<a data-elementor-open-lightbox=\"yes\" data-elementor-lightbox-slideshow=\"d07d0c2\" data-elementor-lightbox-title=\"I2A1280\" href='https:\/\/fondation-grenoble-inp.fr\/wp-content\/uploads\/2026\/02\/I2A1280.jpg'><img width=\"150\" height=\"150\" src=\"https:\/\/fondation-grenoble-inp.fr\/wp-content\/uploads\/2026\/02\/I2A1280-150x150.jpg\" class=\"attachment-thumbnail size-thumbnail\" alt=\"\" loading=\"lazy\" \/><\/a>\n\t\t\t<\/div><\/figure><figure class='gallery-item'>\n\t\t\t<div class='gallery-icon landscape'>\n\t\t\t\t<a data-elementor-open-lightbox=\"yes\" data-elementor-lightbox-slideshow=\"d07d0c2\" data-elementor-lightbox-title=\"I2A1286\" href='https:\/\/fondation-grenoble-inp.fr\/wp-content\/uploads\/2026\/02\/I2A1286.jpg'><img width=\"150\" height=\"150\" src=\"https:\/\/fondation-grenoble-inp.fr\/wp-content\/uploads\/2026\/02\/I2A1286-150x150.jpg\" class=\"attachment-thumbnail size-thumbnail\" alt=\"\" loading=\"lazy\" \/><\/a>\n\t\t\t<\/div><\/figure><figure class='gallery-item'>\n\t\t\t<div class='gallery-icon landscape'>\n\t\t\t\t<a data-elementor-open-lightbox=\"yes\" data-elementor-lightbox-slideshow=\"d07d0c2\" data-elementor-lightbox-title=\"I2A1287\" href='https:\/\/fondation-grenoble-inp.fr\/wp-content\/uploads\/2026\/02\/I2A1287.jpg'><img width=\"150\" height=\"150\" src=\"https:\/\/fondation-grenoble-inp.fr\/wp-content\/uploads\/2026\/02\/I2A1287-150x150.jpg\" class=\"attachment-thumbnail size-thumbnail\" alt=\"\" loading=\"lazy\" \/><\/a>\n\t\t\t<\/div><\/figure><figure class='gallery-item'>\n\t\t\t<div class='gallery-icon landscape'>\n\t\t\t\t<a data-elementor-open-lightbox=\"yes\" data-elementor-lightbox-slideshow=\"d07d0c2\" data-elementor-lightbox-title=\"I2A1289\" href='https:\/\/fondation-grenoble-inp.fr\/wp-content\/uploads\/2026\/02\/I2A1289.jpg'><img width=\"150\" height=\"150\" src=\"https:\/\/fondation-grenoble-inp.fr\/wp-content\/uploads\/2026\/02\/I2A1289-150x150.jpg\" class=\"attachment-thumbnail size-thumbnail\" alt=\"\" loading=\"lazy\" \/><\/a>\n\t\t\t<\/div><\/figure><figure class='gallery-item'>\n\t\t\t<div class='gallery-icon landscape'>\n\t\t\t\t<a data-elementor-open-lightbox=\"yes\" data-elementor-lightbox-slideshow=\"d07d0c2\" data-elementor-lightbox-title=\"I2A1292\" href='https:\/\/fondation-grenoble-inp.fr\/wp-content\/uploads\/2026\/02\/I2A1292.jpg'><img width=\"150\" height=\"150\" src=\"https:\/\/fondation-grenoble-inp.fr\/wp-content\/uploads\/2026\/02\/I2A1292-150x150.jpg\" class=\"attachment-thumbnail size-thumbnail\" alt=\"\" loading=\"lazy\" \/><\/a>\n\t\t\t<\/div><\/figure><figure class='gallery-item'>\n\t\t\t<div class='gallery-icon landscape'>\n\t\t\t\t<a data-elementor-open-lightbox=\"yes\" data-elementor-lightbox-slideshow=\"d07d0c2\" data-elementor-lightbox-title=\"I2A1296\" href='https:\/\/fondation-grenoble-inp.fr\/wp-content\/uploads\/2026\/02\/I2A1296.jpg'><img width=\"150\" height=\"150\" src=\"https:\/\/fondation-grenoble-inp.fr\/wp-content\/uploads\/2026\/02\/I2A1296-150x150.jpg\" class=\"attachment-thumbnail size-thumbnail\" alt=\"\" loading=\"lazy\" \/><\/a>\n\t\t\t<\/div><\/figure><figure class='gallery-item'>\n\t\t\t<div class='gallery-icon landscape'>\n\t\t\t\t<a data-elementor-open-lightbox=\"yes\" data-elementor-lightbox-slideshow=\"d07d0c2\" data-elementor-lightbox-title=\"I2A1303\" href='https:\/\/fondation-grenoble-inp.fr\/wp-content\/uploads\/2026\/02\/I2A1303.jpg'><img width=\"150\" height=\"150\" src=\"https:\/\/fondation-grenoble-inp.fr\/wp-content\/uploads\/2026\/02\/I2A1303-150x150.jpg\" class=\"attachment-thumbnail size-thumbnail\" alt=\"\" loading=\"lazy\" \/><\/a>\n\t\t\t<\/div><\/figure><figure class='gallery-item'>\n\t\t\t<div class='gallery-icon landscape'>\n\t\t\t\t<a data-elementor-open-lightbox=\"yes\" data-elementor-lightbox-slideshow=\"d07d0c2\" data-elementor-lightbox-title=\"I2A1349\" href='https:\/\/fondation-grenoble-inp.fr\/wp-content\/uploads\/2026\/02\/I2A1349.jpg'><img width=\"150\" height=\"150\" src=\"https:\/\/fondation-grenoble-inp.fr\/wp-content\/uploads\/2026\/02\/I2A1349-150x150.jpg\" class=\"attachment-thumbnail size-thumbnail\" alt=\"\" loading=\"lazy\" \/><\/a>\n\t\t\t<\/div><\/figure><figure class='gallery-item'>\n\t\t\t<div class='gallery-icon landscape'>\n\t\t\t\t<a data-elementor-open-lightbox=\"yes\" data-elementor-lightbox-slideshow=\"d07d0c2\" data-elementor-lightbox-title=\"I2A1397\" href='https:\/\/fondation-grenoble-inp.fr\/wp-content\/uploads\/2026\/02\/I2A1397.jpg'><img width=\"150\" height=\"150\" src=\"https:\/\/fondation-grenoble-inp.fr\/wp-content\/uploads\/2026\/02\/I2A1397-150x150.jpg\" class=\"attachment-thumbnail size-thumbnail\" alt=\"\" loading=\"lazy\" \/><\/a>\n\t\t\t<\/div><\/figure><figure class='gallery-item'>\n\t\t\t<div class='gallery-icon landscape'>\n\t\t\t\t<a data-elementor-open-lightbox=\"yes\" data-elementor-lightbox-slideshow=\"d07d0c2\" data-elementor-lightbox-title=\"I2A1432\" href='https:\/\/fondation-grenoble-inp.fr\/wp-content\/uploads\/2026\/02\/I2A1432.jpg'><img width=\"150\" height=\"150\" src=\"https:\/\/fondation-grenoble-inp.fr\/wp-content\/uploads\/2026\/02\/I2A1432-150x150.jpg\" class=\"attachment-thumbnail size-thumbnail\" alt=\"\" loading=\"lazy\" \/><\/a>\n\t\t\t<\/div><\/figure><figure class='gallery-item'>\n\t\t\t<div class='gallery-icon landscape'>\n\t\t\t\t<a data-elementor-open-lightbox=\"yes\" data-elementor-lightbox-slideshow=\"d07d0c2\" data-elementor-lightbox-title=\"I2A1440\" href='https:\/\/fondation-grenoble-inp.fr\/wp-content\/uploads\/2026\/02\/I2A1440.jpg'><img width=\"150\" height=\"150\" src=\"https:\/\/fondation-grenoble-inp.fr\/wp-content\/uploads\/2026\/02\/I2A1440-150x150.jpg\" class=\"attachment-thumbnail size-thumbnail\" alt=\"\" loading=\"lazy\" \/><\/a>\n\t\t\t<\/div><\/figure><figure class='gallery-item'>\n\t\t\t<div class='gallery-icon landscape'>\n\t\t\t\t<a data-elementor-open-lightbox=\"yes\" data-elementor-lightbox-slideshow=\"d07d0c2\" data-elementor-lightbox-title=\"I2A1453\" href='https:\/\/fondation-grenoble-inp.fr\/wp-content\/uploads\/2026\/02\/I2A1453.jpg'><img width=\"150\" height=\"150\" src=\"https:\/\/fondation-grenoble-inp.fr\/wp-content\/uploads\/2026\/02\/I2A1453-150x150.jpg\" class=\"attachment-thumbnail size-thumbnail\" alt=\"\" loading=\"lazy\" \/><\/a>\n\t\t\t<\/div><\/figure><figure class='gallery-item'>\n\t\t\t<div class='gallery-icon landscape'>\n\t\t\t\t<a data-elementor-open-lightbox=\"yes\" data-elementor-lightbox-slideshow=\"d07d0c2\" data-elementor-lightbox-title=\"I2A1455\" href='https:\/\/fondation-grenoble-inp.fr\/wp-content\/uploads\/2026\/02\/I2A1455.jpg'><img width=\"150\" height=\"150\" src=\"https:\/\/fondation-grenoble-inp.fr\/wp-content\/uploads\/2026\/02\/I2A1455-150x150.jpg\" class=\"attachment-thumbnail size-thumbnail\" alt=\"\" loading=\"lazy\" \/><\/a>\n\t\t\t<\/div><\/figure><figure class='gallery-item'>\n\t\t\t<div class='gallery-icon landscape'>\n\t\t\t\t<a data-elementor-open-lightbox=\"yes\" data-elementor-lightbox-slideshow=\"d07d0c2\" data-elementor-lightbox-title=\"I2A1466\" href='https:\/\/fondation-grenoble-inp.fr\/wp-content\/uploads\/2026\/02\/I2A1466.jpg'><img width=\"150\" height=\"150\" src=\"https:\/\/fondation-grenoble-inp.fr\/wp-content\/uploads\/2026\/02\/I2A1466-150x150.jpg\" class=\"attachment-thumbnail size-thumbnail\" alt=\"\" loading=\"lazy\" \/><\/a>\n\t\t\t<\/div><\/figure><figure class='gallery-item'>\n\t\t\t<div class='gallery-icon landscape'>\n\t\t\t\t<a data-elementor-open-lightbox=\"yes\" data-elementor-lightbox-slideshow=\"d07d0c2\" data-elementor-lightbox-title=\"I2A1501\" href='https:\/\/fondation-grenoble-inp.fr\/wp-content\/uploads\/2026\/02\/I2A1501.jpg'><img width=\"150\" height=\"150\" src=\"https:\/\/fondation-grenoble-inp.fr\/wp-content\/uploads\/2026\/02\/I2A1501-150x150.jpg\" class=\"attachment-thumbnail size-thumbnail\" alt=\"\" loading=\"lazy\" \/><\/a>\n\t\t\t<\/div><\/figure><figure class='gallery-item'>\n\t\t\t<div class='gallery-icon landscape'>\n\t\t\t\t<a data-elementor-open-lightbox=\"yes\" data-elementor-lightbox-slideshow=\"d07d0c2\" data-elementor-lightbox-title=\"I2A1503\" href='https:\/\/fondation-grenoble-inp.fr\/wp-content\/uploads\/2026\/02\/I2A1503.jpg'><img width=\"150\" height=\"150\" src=\"https:\/\/fondation-grenoble-inp.fr\/wp-content\/uploads\/2026\/02\/I2A1503-150x150.jpg\" class=\"attachment-thumbnail size-thumbnail\" alt=\"\" loading=\"lazy\" \/><\/a>\n\t\t\t<\/div><\/figure><figure class='gallery-item'>\n\t\t\t<div class='gallery-icon landscape'>\n\t\t\t\t<a data-elementor-open-lightbox=\"yes\" data-elementor-lightbox-slideshow=\"d07d0c2\" data-elementor-lightbox-title=\"I2A1520\" href='https:\/\/fondation-grenoble-inp.fr\/wp-content\/uploads\/2026\/02\/I2A1520.jpg'><img width=\"150\" height=\"150\" src=\"https:\/\/fondation-grenoble-inp.fr\/wp-content\/uploads\/2026\/02\/I2A1520-150x150.jpg\" class=\"attachment-thumbnail size-thumbnail\" alt=\"\" loading=\"lazy\" \/><\/a>\n\t\t\t<\/div><\/figure><figure class='gallery-item'>\n\t\t\t<div class='gallery-icon landscape'>\n\t\t\t\t<a data-elementor-open-lightbox=\"yes\" data-elementor-lightbox-slideshow=\"d07d0c2\" data-elementor-lightbox-title=\"I2A1526\" href='https:\/\/fondation-grenoble-inp.fr\/wp-content\/uploads\/2026\/02\/I2A1526.jpg'><img width=\"150\" height=\"150\" src=\"https:\/\/fondation-grenoble-inp.fr\/wp-content\/uploads\/2026\/02\/I2A1526-150x150.jpg\" class=\"attachment-thumbnail size-thumbnail\" alt=\"\" loading=\"lazy\" \/><\/a>\n\t\t\t<\/div><\/figure><figure class='gallery-item'>\n\t\t\t<div class='gallery-icon landscape'>\n\t\t\t\t<a data-elementor-open-lightbox=\"yes\" data-elementor-lightbox-slideshow=\"d07d0c2\" data-elementor-lightbox-title=\"I2A1538\" href='https:\/\/fondation-grenoble-inp.fr\/wp-content\/uploads\/2026\/02\/I2A1538.jpg'><img width=\"150\" height=\"150\" src=\"https:\/\/fondation-grenoble-inp.fr\/wp-content\/uploads\/2026\/02\/I2A1538-150x150.jpg\" class=\"attachment-thumbnail size-thumbnail\" alt=\"\" loading=\"lazy\" \/><\/a>\n\t\t\t<\/div><\/figure><figure class='gallery-item'>\n\t\t\t<div class='gallery-icon landscape'>\n\t\t\t\t<a data-elementor-open-lightbox=\"yes\" data-elementor-lightbox-slideshow=\"d07d0c2\" data-elementor-lightbox-title=\"I2A1553\" href='https:\/\/fondation-grenoble-inp.fr\/wp-content\/uploads\/2026\/02\/I2A1553.jpg'><img width=\"150\" height=\"150\" src=\"https:\/\/fondation-grenoble-inp.fr\/wp-content\/uploads\/2026\/02\/I2A1553-150x150.jpg\" class=\"attachment-thumbnail size-thumbnail\" alt=\"\" loading=\"lazy\" \/><\/a>\n\t\t\t<\/div><\/figure><figure class='gallery-item'>\n\t\t\t<div class='gallery-icon landscape'>\n\t\t\t\t<a data-elementor-open-lightbox=\"yes\" data-elementor-lightbox-slideshow=\"d07d0c2\" data-elementor-lightbox-title=\"I2A1556\" href='https:\/\/fondation-grenoble-inp.fr\/wp-content\/uploads\/2026\/02\/I2A1556.jpg'><img width=\"150\" height=\"150\" src=\"https:\/\/fondation-grenoble-inp.fr\/wp-content\/uploads\/2026\/02\/I2A1556-150x150.jpg\" class=\"attachment-thumbnail size-thumbnail\" alt=\"\" loading=\"lazy\" \/><\/a>\n\t\t\t<\/div><\/figure><figure class='gallery-item'>\n\t\t\t<div class='gallery-icon portrait'>\n\t\t\t\t<a data-elementor-open-lightbox=\"yes\" data-elementor-lightbox-slideshow=\"d07d0c2\" data-elementor-lightbox-title=\"I2A1564\" href='https:\/\/fondation-grenoble-inp.fr\/wp-content\/uploads\/2026\/02\/I2A1564.jpg'><img width=\"150\" height=\"150\" src=\"https:\/\/fondation-grenoble-inp.fr\/wp-content\/uploads\/2026\/02\/I2A1564-150x150.jpg\" class=\"attachment-thumbnail size-thumbnail\" alt=\"\" loading=\"lazy\" \/><\/a>\n\t\t\t<\/div><\/figure><figure class='gallery-item'>\n\t\t\t<div class='gallery-icon landscape'>\n\t\t\t\t<a data-elementor-open-lightbox=\"yes\" data-elementor-lightbox-slideshow=\"d07d0c2\" data-elementor-lightbox-title=\"I2A1568\" href='https:\/\/fondation-grenoble-inp.fr\/wp-content\/uploads\/2026\/02\/I2A1568.jpg'><img width=\"150\" height=\"150\" src=\"https:\/\/fondation-grenoble-inp.fr\/wp-content\/uploads\/2026\/02\/I2A1568-150x150.jpg\" class=\"attachment-thumbnail size-thumbnail\" alt=\"\" loading=\"lazy\" \/><\/a>\n\t\t\t<\/div><\/figure><figure class='gallery-item'>\n\t\t\t<div class='gallery-icon landscape'>\n\t\t\t\t<a data-elementor-open-lightbox=\"yes\" data-elementor-lightbox-slideshow=\"d07d0c2\" data-elementor-lightbox-title=\"I2A1570\" href='https:\/\/fondation-grenoble-inp.fr\/wp-content\/uploads\/2026\/02\/I2A1570.jpg'><img width=\"150\" height=\"150\" src=\"https:\/\/fondation-grenoble-inp.fr\/wp-content\/uploads\/2026\/02\/I2A1570-150x150.jpg\" class=\"attachment-thumbnail size-thumbnail\" alt=\"\" loading=\"lazy\" \/><\/a>\n\t\t\t<\/div><\/figure><figure class='gallery-item'>\n\t\t\t<div class='gallery-icon landscape'>\n\t\t\t\t<a data-elementor-open-lightbox=\"yes\" data-elementor-lightbox-slideshow=\"d07d0c2\" data-elementor-lightbox-title=\"I2A1574\" href='https:\/\/fondation-grenoble-inp.fr\/wp-content\/uploads\/2026\/02\/I2A1574.jpg'><img width=\"150\" height=\"150\" src=\"https:\/\/fondation-grenoble-inp.fr\/wp-content\/uploads\/2026\/02\/I2A1574-150x150.jpg\" class=\"attachment-thumbnail size-thumbnail\" alt=\"\" loading=\"lazy\" \/><\/a>\n\t\t\t<\/div><\/figure><figure class='gallery-item'>\n\t\t\t<div class='gallery-icon landscape'>\n\t\t\t\t<a data-elementor-open-lightbox=\"yes\" data-elementor-lightbox-slideshow=\"d07d0c2\" data-elementor-lightbox-title=\"I2A1577\" href='https:\/\/fondation-grenoble-inp.fr\/wp-content\/uploads\/2026\/02\/I2A1577.jpg'><img width=\"150\" height=\"150\" src=\"https:\/\/fondation-grenoble-inp.fr\/wp-content\/uploads\/2026\/02\/I2A1577-150x150.jpg\" class=\"attachment-thumbnail size-thumbnail\" alt=\"\" loading=\"lazy\" \/><\/a>\n\t\t\t<\/div><\/figure><figure class='gallery-item'>\n\t\t\t<div class='gallery-icon landscape'>\n\t\t\t\t<a data-elementor-open-lightbox=\"yes\" data-elementor-lightbox-slideshow=\"d07d0c2\" data-elementor-lightbox-title=\"I2A1583\" href='https:\/\/fondation-grenoble-inp.fr\/wp-content\/uploads\/2026\/02\/I2A1583.jpg'><img width=\"150\" height=\"150\" src=\"https:\/\/fondation-grenoble-inp.fr\/wp-content\/uploads\/2026\/02\/I2A1583-150x150.jpg\" class=\"attachment-thumbnail size-thumbnail\" alt=\"\" loading=\"lazy\" \/><\/a>\n\t\t\t<\/div><\/figure><figure class='gallery-item'>\n\t\t\t<div class='gallery-icon landscape'>\n\t\t\t\t<a data-elementor-open-lightbox=\"yes\" data-elementor-lightbox-slideshow=\"d07d0c2\" data-elementor-lightbox-title=\"I2A1592\" href='https:\/\/fondation-grenoble-inp.fr\/wp-content\/uploads\/2026\/02\/I2A1592.jpg'><img width=\"150\" height=\"150\" src=\"https:\/\/fondation-grenoble-inp.fr\/wp-content\/uploads\/2026\/02\/I2A1592-150x150.jpg\" class=\"attachment-thumbnail size-thumbnail\" alt=\"\" loading=\"lazy\" \/><\/a>\n\t\t\t<\/div><\/figure><figure class='gallery-item'>\n\t\t\t<div class='gallery-icon landscape'>\n\t\t\t\t<a data-elementor-open-lightbox=\"yes\" data-elementor-lightbox-slideshow=\"d07d0c2\" data-elementor-lightbox-title=\"I2A1602\" href='https:\/\/fondation-grenoble-inp.fr\/wp-content\/uploads\/2026\/02\/I2A1602.jpg'><img width=\"150\" height=\"150\" src=\"https:\/\/fondation-grenoble-inp.fr\/wp-content\/uploads\/2026\/02\/I2A1602-150x150.jpg\" class=\"attachment-thumbnail size-thumbnail\" alt=\"\" loading=\"lazy\" \/><\/a>\n\t\t\t<\/div><\/figure><figure class='gallery-item'>\n\t\t\t<div class='gallery-icon landscape'>\n\t\t\t\t<a data-elementor-open-lightbox=\"yes\" data-elementor-lightbox-slideshow=\"d07d0c2\" data-elementor-lightbox-title=\"I2A1607\" href='https:\/\/fondation-grenoble-inp.fr\/wp-content\/uploads\/2026\/02\/I2A1607.jpg'><img width=\"150\" height=\"150\" src=\"https:\/\/fondation-grenoble-inp.fr\/wp-content\/uploads\/2026\/02\/I2A1607-150x150.jpg\" class=\"attachment-thumbnail size-thumbnail\" alt=\"\" loading=\"lazy\" \/><\/a>\n\t\t\t<\/div><\/figure><figure class='gallery-item'>\n\t\t\t<div class='gallery-icon landscape'>\n\t\t\t\t<a data-elementor-open-lightbox=\"yes\" data-elementor-lightbox-slideshow=\"d07d0c2\" data-elementor-lightbox-title=\"I2A1618\" href='https:\/\/fondation-grenoble-inp.fr\/wp-content\/uploads\/2026\/02\/I2A1618.jpg'><img width=\"150\" height=\"150\" src=\"https:\/\/fondation-grenoble-inp.fr\/wp-content\/uploads\/2026\/02\/I2A1618-150x150.jpg\" class=\"attachment-thumbnail size-thumbnail\" alt=\"\" loading=\"lazy\" \/><\/a>\n\t\t\t<\/div><\/figure><figure class='gallery-item'>\n\t\t\t<div class='gallery-icon landscape'>\n\t\t\t\t<a data-elementor-open-lightbox=\"yes\" data-elementor-lightbox-slideshow=\"d07d0c2\" data-elementor-lightbox-title=\"I2A1627\" href='https:\/\/fondation-grenoble-inp.fr\/wp-content\/uploads\/2026\/02\/I2A1627.jpg'><img width=\"150\" height=\"150\" src=\"https:\/\/fondation-grenoble-inp.fr\/wp-content\/uploads\/2026\/02\/I2A1627-150x150.jpg\" class=\"attachment-thumbnail size-thumbnail\" alt=\"\" loading=\"lazy\" \/><\/a>\n\t\t\t<\/div><\/figure><figure class='gallery-item'>\n\t\t\t<div class='gallery-icon landscape'>\n\t\t\t\t<a data-elementor-open-lightbox=\"yes\" data-elementor-lightbox-slideshow=\"d07d0c2\" data-elementor-lightbox-title=\"I2A1661\" href='https:\/\/fondation-grenoble-inp.fr\/wp-content\/uploads\/2026\/02\/I2A1661.jpg'><img width=\"150\" height=\"150\" src=\"https:\/\/fondation-grenoble-inp.fr\/wp-content\/uploads\/2026\/02\/I2A1661-150x150.jpg\" class=\"attachment-thumbnail size-thumbnail\" alt=\"\" loading=\"lazy\" \/><\/a>\n\t\t\t<\/div><\/figure><figure class='gallery-item'>\n\t\t\t<div class='gallery-icon landscape'>\n\t\t\t\t<a data-elementor-open-lightbox=\"yes\" data-elementor-lightbox-slideshow=\"d07d0c2\" data-elementor-lightbox-title=\"I2A1679\" href='https:\/\/fondation-grenoble-inp.fr\/wp-content\/uploads\/2026\/02\/I2A1679.jpg'><img width=\"150\" height=\"150\" src=\"https:\/\/fondation-grenoble-inp.fr\/wp-content\/uploads\/2026\/02\/I2A1679-150x150.jpg\" class=\"attachment-thumbnail size-thumbnail\" alt=\"\" loading=\"lazy\" \/><\/a>\n\t\t\t<\/div><\/figure><figure class='gallery-item'>\n\t\t\t<div class='gallery-icon landscape'>\n\t\t\t\t<a data-elementor-open-lightbox=\"yes\" data-elementor-lightbox-slideshow=\"d07d0c2\" data-elementor-lightbox-title=\"I2A1704\" href='https:\/\/fondation-grenoble-inp.fr\/wp-content\/uploads\/2026\/02\/I2A1704.jpg'><img width=\"150\" height=\"150\" src=\"https:\/\/fondation-grenoble-inp.fr\/wp-content\/uploads\/2026\/02\/I2A1704-150x150.jpg\" class=\"attachment-thumbnail size-thumbnail\" alt=\"\" loading=\"lazy\" \/><\/a>\n\t\t\t<\/div><\/figure><figure class='gallery-item'>\n\t\t\t<div class='gallery-icon landscape'>\n\t\t\t\t<a data-elementor-open-lightbox=\"yes\" data-elementor-lightbox-slideshow=\"d07d0c2\" data-elementor-lightbox-title=\"I2A1711\" href='https:\/\/fondation-grenoble-inp.fr\/wp-content\/uploads\/2026\/02\/I2A1711.jpg'><img width=\"150\" height=\"150\" src=\"https:\/\/fondation-grenoble-inp.fr\/wp-content\/uploads\/2026\/02\/I2A1711-150x150.jpg\" class=\"attachment-thumbnail size-thumbnail\" alt=\"\" loading=\"lazy\" \/><\/a>\n\t\t\t<\/div><\/figure><figure class='gallery-item'>\n\t\t\t<div class='gallery-icon landscape'>\n\t\t\t\t<a data-elementor-open-lightbox=\"yes\" data-elementor-lightbox-slideshow=\"d07d0c2\" data-elementor-lightbox-title=\"I2A1720\" href='https:\/\/fondation-grenoble-inp.fr\/wp-content\/uploads\/2026\/02\/I2A1720.jpg'><img width=\"150\" height=\"150\" src=\"https:\/\/fondation-grenoble-inp.fr\/wp-content\/uploads\/2026\/02\/I2A1720-150x150.jpg\" class=\"attachment-thumbnail size-thumbnail\" alt=\"\" loading=\"lazy\" \/><\/a>\n\t\t\t<\/div><\/figure><figure class='gallery-item'>\n\t\t\t<div class='gallery-icon landscape'>\n\t\t\t\t<a data-elementor-open-lightbox=\"yes\" data-elementor-lightbox-slideshow=\"d07d0c2\" data-elementor-lightbox-title=\"I2A1724\" href='https:\/\/fondation-grenoble-inp.fr\/wp-content\/uploads\/2026\/02\/I2A1724.jpg'><img width=\"150\" height=\"150\" src=\"https:\/\/fondation-grenoble-inp.fr\/wp-content\/uploads\/2026\/02\/I2A1724-150x150.jpg\" class=\"attachment-thumbnail size-thumbnail\" alt=\"\" loading=\"lazy\" \/><\/a>\n\t\t\t<\/div><\/figure><figure class='gallery-item'>\n\t\t\t<div class='gallery-icon landscape'>\n\t\t\t\t<a data-elementor-open-lightbox=\"yes\" data-elementor-lightbox-slideshow=\"d07d0c2\" data-elementor-lightbox-title=\"I2A1728\" href='https:\/\/fondation-grenoble-inp.fr\/wp-content\/uploads\/2026\/02\/I2A1728.jpg'><img width=\"150\" height=\"150\" src=\"https:\/\/fondation-grenoble-inp.fr\/wp-content\/uploads\/2026\/02\/I2A1728-150x150.jpg\" class=\"attachment-thumbnail size-thumbnail\" alt=\"\" loading=\"lazy\" \/><\/a>\n\t\t\t<\/div><\/figure><figure class='gallery-item'>\n\t\t\t<div class='gallery-icon landscape'>\n\t\t\t\t<a data-elementor-open-lightbox=\"yes\" data-elementor-lightbox-slideshow=\"d07d0c2\" data-elementor-lightbox-title=\"I2A1747\" href='https:\/\/fondation-grenoble-inp.fr\/wp-content\/uploads\/2026\/02\/I2A1747.jpg'><img width=\"150\" height=\"150\" src=\"https:\/\/fondation-grenoble-inp.fr\/wp-content\/uploads\/2026\/02\/I2A1747-150x150.jpg\" class=\"attachment-thumbnail size-thumbnail\" alt=\"\" loading=\"lazy\" \/><\/a>\n\t\t\t<\/div><\/figure><figure class='gallery-item'>\n\t\t\t<div class='gallery-icon landscape'>\n\t\t\t\t<a data-elementor-open-lightbox=\"yes\" data-elementor-lightbox-slideshow=\"d07d0c2\" data-elementor-lightbox-title=\"I2A1772\" href='https:\/\/fondation-grenoble-inp.fr\/wp-content\/uploads\/2026\/02\/I2A1772-1.jpg'><img width=\"150\" height=\"150\" src=\"https:\/\/fondation-grenoble-inp.fr\/wp-content\/uploads\/2026\/02\/I2A1772-1-150x150.jpg\" class=\"attachment-thumbnail size-thumbnail\" alt=\"\" loading=\"lazy\" \/><\/a>\n\t\t\t<\/div><\/figure><figure class='gallery-item'>\n\t\t\t<div class='gallery-icon landscape'>\n\t\t\t\t<a data-elementor-open-lightbox=\"yes\" data-elementor-lightbox-slideshow=\"d07d0c2\" data-elementor-lightbox-title=\"I2A1803\" href='https:\/\/fondation-grenoble-inp.fr\/wp-content\/uploads\/2026\/02\/I2A1803.jpg'><img width=\"150\" height=\"150\" src=\"https:\/\/fondation-grenoble-inp.fr\/wp-content\/uploads\/2026\/02\/I2A1803-150x150.jpg\" class=\"attachment-thumbnail size-thumbnail\" alt=\"\" loading=\"lazy\" \/><\/a>\n\t\t\t<\/div><\/figure><figure class='gallery-item'>\n\t\t\t<div class='gallery-icon landscape'>\n\t\t\t\t<a data-elementor-open-lightbox=\"yes\" data-elementor-lightbox-slideshow=\"d07d0c2\" data-elementor-lightbox-title=\"I2A1810\" href='https:\/\/fondation-grenoble-inp.fr\/wp-content\/uploads\/2026\/02\/I2A1810.jpg'><img width=\"150\" height=\"150\" src=\"https:\/\/fondation-grenoble-inp.fr\/wp-content\/uploads\/2026\/02\/I2A1810-150x150.jpg\" class=\"attachment-thumbnail size-thumbnail\" alt=\"\" loading=\"lazy\" \/><\/a>\n\t\t\t<\/div><\/figure><figure class='gallery-item'>\n\t\t\t<div class='gallery-icon landscape'>\n\t\t\t\t<a data-elementor-open-lightbox=\"yes\" data-elementor-lightbox-slideshow=\"d07d0c2\" data-elementor-lightbox-title=\"I2A1825\" href='https:\/\/fondation-grenoble-inp.fr\/wp-content\/uploads\/2026\/02\/I2A1825.jpg'><img width=\"150\" height=\"150\" src=\"https:\/\/fondation-grenoble-inp.fr\/wp-content\/uploads\/2026\/02\/I2A1825-150x150.jpg\" class=\"attachment-thumbnail size-thumbnail\" alt=\"\" loading=\"lazy\" \/><\/a>\n\t\t\t<\/div><\/figure><figure class='gallery-item'>\n\t\t\t<div class='gallery-icon landscape'>\n\t\t\t\t<a data-elementor-open-lightbox=\"yes\" data-elementor-lightbox-slideshow=\"d07d0c2\" data-elementor-lightbox-title=\"I2A1834\" href='https:\/\/fondation-grenoble-inp.fr\/wp-content\/uploads\/2026\/02\/I2A1834.jpg'><img width=\"150\" height=\"150\" src=\"https:\/\/fondation-grenoble-inp.fr\/wp-content\/uploads\/2026\/02\/I2A1834-150x150.jpg\" class=\"attachment-thumbnail size-thumbnail\" alt=\"\" loading=\"lazy\" \/><\/a>\n\t\t\t<\/div><\/figure><figure class='gallery-item'>\n\t\t\t<div class='gallery-icon landscape'>\n\t\t\t\t<a data-elementor-open-lightbox=\"yes\" data-elementor-lightbox-slideshow=\"d07d0c2\" data-elementor-lightbox-title=\"I2A1840\" href='https:\/\/fondation-grenoble-inp.fr\/wp-content\/uploads\/2026\/02\/I2A1840.jpg'><img width=\"150\" height=\"150\" src=\"https:\/\/fondation-grenoble-inp.fr\/wp-content\/uploads\/2026\/02\/I2A1840-150x150.jpg\" class=\"attachment-thumbnail size-thumbnail\" alt=\"\" loading=\"lazy\" \/><\/a>\n\t\t\t<\/div><\/figure><figure class='gallery-item'>\n\t\t\t<div class='gallery-icon landscape'>\n\t\t\t\t<a data-elementor-open-lightbox=\"yes\" data-elementor-lightbox-slideshow=\"d07d0c2\" data-elementor-lightbox-title=\"I2A1856\" href='https:\/\/fondation-grenoble-inp.fr\/wp-content\/uploads\/2026\/02\/I2A1856.jpg'><img width=\"150\" height=\"150\" src=\"https:\/\/fondation-grenoble-inp.fr\/wp-content\/uploads\/2026\/02\/I2A1856-150x150.jpg\" class=\"attachment-thumbnail size-thumbnail\" alt=\"\" loading=\"lazy\" \/><\/a>\n\t\t\t<\/div><\/figure><figure class='gallery-item'>\n\t\t\t<div class='gallery-icon portrait'>\n\t\t\t\t<a data-elementor-open-lightbox=\"yes\" data-elementor-lightbox-slideshow=\"d07d0c2\" data-elementor-lightbox-title=\"I2A1868\" href='https:\/\/fondation-grenoble-inp.fr\/wp-content\/uploads\/2026\/02\/I2A1868.jpg'><img width=\"150\" height=\"150\" src=\"https:\/\/fondation-grenoble-inp.fr\/wp-content\/uploads\/2026\/02\/I2A1868-150x150.jpg\" class=\"attachment-thumbnail size-thumbnail\" alt=\"\" loading=\"lazy\" \/><\/a>\n\t\t\t<\/div><\/figure><figure class='gallery-item'>\n\t\t\t<div class='gallery-icon landscape'>\n\t\t\t\t<a data-elementor-open-lightbox=\"yes\" data-elementor-lightbox-slideshow=\"d07d0c2\" data-elementor-lightbox-title=\"I2A2031\" href='https:\/\/fondation-grenoble-inp.fr\/wp-content\/uploads\/2026\/02\/I2A2031.jpg'><img width=\"150\" height=\"150\" src=\"https:\/\/fondation-grenoble-inp.fr\/wp-content\/uploads\/2026\/02\/I2A2031-150x150.jpg\" class=\"attachment-thumbnail size-thumbnail\" alt=\"\" loading=\"lazy\" \/><\/a>\n\t\t\t<\/div><\/figure><figure class='gallery-item'>\n\t\t\t<div class='gallery-icon portrait'>\n\t\t\t\t<a data-elementor-open-lightbox=\"yes\" data-elementor-lightbox-slideshow=\"d07d0c2\" data-elementor-lightbox-title=\"I2A2055\" href='https:\/\/fondation-grenoble-inp.fr\/wp-content\/uploads\/2026\/02\/I2A2055.jpg'><img width=\"150\" height=\"150\" src=\"https:\/\/fondation-grenoble-inp.fr\/wp-content\/uploads\/2026\/02\/I2A2055-150x150.jpg\" class=\"attachment-thumbnail size-thumbnail\" alt=\"\" loading=\"lazy\" \/><\/a>\n\t\t\t<\/div><\/figure><figure class='gallery-item'>\n\t\t\t<div class='gallery-icon portrait'>\n\t\t\t\t<a data-elementor-open-lightbox=\"yes\" data-elementor-lightbox-slideshow=\"d07d0c2\" data-elementor-lightbox-title=\"I2A2057\" href='https:\/\/fondation-grenoble-inp.fr\/wp-content\/uploads\/2026\/02\/I2A2057.jpg'><img width=\"150\" height=\"150\" src=\"https:\/\/fondation-grenoble-inp.fr\/wp-content\/uploads\/2026\/02\/I2A2057-150x150.jpg\" class=\"attachment-thumbnail size-thumbnail\" alt=\"\" loading=\"lazy\" \/><\/a>\n\t\t\t<\/div><\/figure><figure class='gallery-item'>\n\t\t\t<div class='gallery-icon landscape'>\n\t\t\t\t<a data-elementor-open-lightbox=\"yes\" data-elementor-lightbox-slideshow=\"d07d0c2\" data-elementor-lightbox-title=\"I2A2099\" href='https:\/\/fondation-grenoble-inp.fr\/wp-content\/uploads\/2026\/02\/I2A2099.jpg'><img width=\"150\" height=\"150\" src=\"https:\/\/fondation-grenoble-inp.fr\/wp-content\/uploads\/2026\/02\/I2A2099-150x150.jpg\" class=\"attachment-thumbnail size-thumbnail\" alt=\"\" loading=\"lazy\" \/><\/a>\n\t\t\t<\/div><\/figure><figure class='gallery-item'>\n\t\t\t<div class='gallery-icon landscape'>\n\t\t\t\t<a data-elementor-open-lightbox=\"yes\" data-elementor-lightbox-slideshow=\"d07d0c2\" data-elementor-lightbox-title=\"I2A2184\" href='https:\/\/fondation-grenoble-inp.fr\/wp-content\/uploads\/2026\/02\/I2A2184.jpg'><img width=\"150\" height=\"150\" src=\"https:\/\/fondation-grenoble-inp.fr\/wp-content\/uploads\/2026\/02\/I2A2184-150x150.jpg\" class=\"attachment-thumbnail size-thumbnail\" alt=\"\" loading=\"lazy\" \/><\/a>\n\t\t\t<\/div><\/figure><figure class='gallery-item'>\n\t\t\t<div class='gallery-icon landscape'>\n\t\t\t\t<a data-elementor-open-lightbox=\"yes\" data-elementor-lightbox-slideshow=\"d07d0c2\" data-elementor-lightbox-title=\"I2A2198\" href='https:\/\/fondation-grenoble-inp.fr\/wp-content\/uploads\/2026\/02\/I2A2198.jpg'><img width=\"150\" height=\"150\" src=\"https:\/\/fondation-grenoble-inp.fr\/wp-content\/uploads\/2026\/02\/I2A2198-150x150.jpg\" class=\"attachment-thumbnail size-thumbnail\" alt=\"\" loading=\"lazy\" \/><\/a>\n\t\t\t<\/div><\/figure>\n\t\t<\/div>\n\t\t<\/div>\n\t\t\t\t<\/div>\n\t\t\t\t<\/div>\n\t\t\t\t\t\t<\/div>\n\t\t\t\t\t<\/div>\n\t\t<\/div>\n\t\t\t\t\t\t\t\t<\/div>\n\t\t\t\t\t<\/div>\n\t\t<\/section>\n\t\t\t\t<section class=\"elementor-section elementor-top-section elementor-element elementor-element-3ce8d21 elementor-section-boxed elementor-section-height-default elementor-section-height-default\" data-id=\"3ce8d21\" data-element_type=\"section\">\n\t\t\t\t\t\t<div class=\"elementor-container elementor-column-gap-default\">\n\t\t\t\t\t\t\t<div class=\"elementor-row\">\n\t\t\t\t\t<div class=\"elementor-column elementor-col-100 elementor-top-column elementor-element elementor-element-09fa56e\" data-id=\"09fa56e\" data-element_type=\"column\">\n\t\t\t<div class=\"elementor-column-wrap elementor-element-populated\">\n\t\t\t\t\t\t\t<div class=\"elementor-widget-wrap\">\n\t\t\t\t\t\t<div class=\"elementor-element elementor-element-ee5ed42 elementor-widget elementor-widget-spacer\" data-id=\"ee5ed42\" data-element_type=\"widget\" data-widget_type=\"spacer.default\">\n\t\t\t\t<div class=\"elementor-widget-container\">\n\t\t\t\t\t<div class=\"elementor-spacer\">\n\t\t\t<div class=\"elementor-spacer-inner\"><\/div>\n\t\t<\/div>\n\t\t\t\t<\/div>\n\t\t\t\t<\/div>\n\t\t\t\t<div class=\"elementor-element elementor-element-94fef8a elementor-widget elementor-widget-text-editor\" data-id=\"94fef8a\" data-element_type=\"widget\" data-widget_type=\"text-editor.default\">\n\t\t\t\t<div class=\"elementor-widget-container\">\n\t\t\t\t\t\t\t\t<div class=\"elementor-text-editor elementor-clearfix\">\n\t\t\t\t<p>En savoir plus sur la <strong><a href=\"https:\/\/fondation-grenoble-inp.fr\/en\/nos-actions\/chaire-electronique-durable\/\" target=\"_blank\" rel=\"noopener\">Chaire d\u2019excellence industrielle Electronique Durable d\u00e9di\u00e9e \u00e0 l\u2019enseignement<\/a><\/strong><\/p>\t\t\t\t\t<\/div>\n\t\t\t\t\t\t<\/div>\n\t\t\t\t<\/div>\n\t\t\t\t\t\t<\/div>\n\t\t\t\t\t<\/div>\n\t\t<\/div>\n\t\t\t\t\t\t\t\t<\/div>\n\t\t\t\t\t<\/div>\n\t\t<\/section>\n\t\t\t\t<section class=\"elementor-section elementor-top-section elementor-element elementor-element-89881d1 elementor-section-boxed elementor-section-height-default elementor-section-height-default\" data-id=\"89881d1\" data-element_type=\"section\">\n\t\t\t\t\t\t<div class=\"elementor-container elementor-column-gap-default\">\n\t\t\t\t\t\t\t<div class=\"elementor-row\">\n\t\t\t\t\t<div class=\"elementor-column elementor-col-100 elementor-top-column elementor-element elementor-element-b85e725\" data-id=\"b85e725\" data-element_type=\"column\">\n\t\t\t<div class=\"elementor-column-wrap elementor-element-populated\">\n\t\t\t\t\t\t\t<div class=\"elementor-widget-wrap\">\n\t\t\t\t\t\t<div class=\"elementor-element elementor-element-2f090e3 elementor-widget elementor-widget-text-editor\" data-id=\"2f090e3\" data-element_type=\"widget\" data-widget_type=\"text-editor.default\">\n\t\t\t\t<div class=\"elementor-widget-container\">\n\t\t\t\t\t\t\t\t<div class=\"elementor-text-editor elementor-clearfix\">\n\t\t\t\t<p><strong>After Movie<\/strong><\/p><p><b>\u00a9 <a href=\"https:\/\/www.artistedeveloppement.com\/\" target=\"_blank\" rel=\"noopener\">Artiste Developpement<\/a><\/b><\/p>\t\t\t\t\t<\/div>\n\t\t\t\t\t\t<\/div>\n\t\t\t\t<\/div>\n\t\t\t\t<div class=\"elementor-element elementor-element-b89f025 dce_masking-none elementor-aspect-ratio-169 elementor-widget elementor-widget-video\" data-id=\"b89f025\" data-element_type=\"widget\" data-settings=\"{&quot;youtube_url&quot;:&quot;https:\\\/\\\/www.youtube.com\\\/watch?v=NRsJgxLi8Z8&amp;list=PLrNB1sZV7ngNR4EIpmp_3zJX-ddSq-n_I&amp;index=61&quot;,&quot;video_type&quot;:&quot;youtube&quot;,&quot;controls&quot;:&quot;yes&quot;,&quot;aspect_ratio&quot;:&quot;169&quot;}\" data-widget_type=\"video.default\">\n\t\t\t\t<div class=\"elementor-widget-container\">\n\t\t\t\t\t<div class=\"elementor-wrapper elementor-fit-aspect-ratio elementor-open-inline\">\n\t\t\t<div class=\"elementor-video\"><\/div>\t\t<\/div>\n\t\t\t\t<\/div>\n\t\t\t\t<\/div>\n\t\t\t\t\t\t<\/div>\n\t\t\t\t\t<\/div>\n\t\t<\/div>\n\t\t\t\t\t\t\t\t<\/div>\n\t\t\t\t\t<\/div>\n\t\t<\/section>\n\t\t\t\t<section class=\"elementor-section elementor-top-section elementor-element elementor-element-af558f7 elementor-section-boxed elementor-section-height-default elementor-section-height-default\" data-id=\"af558f7\" data-element_type=\"section\">\n\t\t\t\t\t\t<div class=\"elementor-container elementor-column-gap-default\">\n\t\t\t\t\t\t\t<div class=\"elementor-row\">\n\t\t\t\t\t<div class=\"elementor-column elementor-col-100 elementor-top-column elementor-element elementor-element-7859958\" data-id=\"7859958\" data-element_type=\"column\">\n\t\t\t<div class=\"elementor-column-wrap elementor-element-populated\">\n\t\t\t\t\t\t\t<div class=\"elementor-widget-wrap\">\n\t\t\t\t\t\t<div class=\"elementor-element elementor-element-f622afa elementor-widget elementor-widget-text-editor\" data-id=\"f622afa\" data-element_type=\"widget\" data-widget_type=\"text-editor.default\">\n\t\t\t\t<div class=\"elementor-widget-container\">\n\t\t\t\t\t\t\t\t<div class=\"elementor-text-editor elementor-clearfix\">\n\t\t\t\t<p><strong>T\u00e9moignages<\/strong><\/p><p><b>\u00a9 <a href=\"https:\/\/www.artistedeveloppement.com\/\" target=\"_blank\" rel=\"noopener\">Artiste Developpement<\/a><\/b><\/p>\t\t\t\t\t<\/div>\n\t\t\t\t\t\t<\/div>\n\t\t\t\t<\/div>\n\t\t\t\t\t\t<\/div>\n\t\t\t\t\t<\/div>\n\t\t<\/div>\n\t\t\t\t\t\t\t\t<\/div>\n\t\t\t\t\t<\/div>\n\t\t<\/section>\n\t\t\t\t<section class=\"elementor-section elementor-top-section elementor-element elementor-element-1d2bdfe elementor-section-boxed elementor-section-height-default elementor-section-height-default\" data-id=\"1d2bdfe\" data-element_type=\"section\">\n\t\t\t\t\t\t<div class=\"elementor-container elementor-column-gap-default\">\n\t\t\t\t\t\t\t<div class=\"elementor-row\">\n\t\t\t\t\t<div class=\"elementor-column elementor-col-50 elementor-top-column elementor-element elementor-element-d7299bd\" data-id=\"d7299bd\" data-element_type=\"column\">\n\t\t\t<div class=\"elementor-column-wrap elementor-element-populated\">\n\t\t\t\t\t\t\t<div class=\"elementor-widget-wrap\">\n\t\t\t\t\t\t<div class=\"elementor-element elementor-element-0eab4b4 elementor-widget elementor-widget-text-editor\" data-id=\"0eab4b4\" data-element_type=\"widget\" data-widget_type=\"text-editor.default\">\n\t\t\t\t<div class=\"elementor-widget-container\">\n\t\t\t\t\t\t\t\t<div class=\"elementor-text-editor elementor-clearfix\">\n\t\t\t\t<p><strong>Alice Caplier, Directrice de Grenoble INP &#8211; Phelma, UGA<br \/><br \/><\/strong><\/p>\t\t\t\t\t<\/div>\n\t\t\t\t\t\t<\/div>\n\t\t\t\t<\/div>\n\t\t\t\t<div class=\"elementor-element elementor-element-28839b5 dce_masking-none elementor-aspect-ratio-169 elementor-widget elementor-widget-video\" data-id=\"28839b5\" data-element_type=\"widget\" data-settings=\"{&quot;youtube_url&quot;:&quot;https:\\\/\\\/www.youtube.com\\\/watch?v=4yB4plovjt0&amp;list=PLrNB1sZV7ngNR4EIpmp_3zJX-ddSq-n_I&amp;index=3&quot;,&quot;video_type&quot;:&quot;youtube&quot;,&quot;controls&quot;:&quot;yes&quot;,&quot;aspect_ratio&quot;:&quot;169&quot;}\" data-widget_type=\"video.default\">\n\t\t\t\t<div class=\"elementor-widget-container\">\n\t\t\t\t\t<div class=\"elementor-wrapper elementor-fit-aspect-ratio elementor-open-inline\">\n\t\t\t<div class=\"elementor-video\"><\/div>\t\t<\/div>\n\t\t\t\t<\/div>\n\t\t\t\t<\/div>\n\t\t\t\t\t\t<\/div>\n\t\t\t\t\t<\/div>\n\t\t<\/div>\n\t\t\t\t<div class=\"elementor-column elementor-col-50 elementor-top-column elementor-element elementor-element-a971f22\" data-id=\"a971f22\" data-element_type=\"column\">\n\t\t\t<div class=\"elementor-column-wrap elementor-element-populated\">\n\t\t\t\t\t\t\t<div class=\"elementor-widget-wrap\">\n\t\t\t\t\t\t<div class=\"elementor-element elementor-element-d93ece1 elementor-widget elementor-widget-text-editor\" data-id=\"d93ece1\" data-element_type=\"widget\" data-widget_type=\"text-editor.default\">\n\t\t\t\t<div class=\"elementor-widget-container\">\n\t\t\t\t\t\t\t\t<div class=\"elementor-text-editor elementor-clearfix\">\n\t\t\t\t<p><strong>Marion F\u00e9lix, Responsable Relations \u00c9coles &amp; Attractivit\u00e9, et David Hotte, Ing\u00e9nieur \u00e9lectronique analogique RF chez Thales<\/strong><\/p>\t\t\t\t\t<\/div>\n\t\t\t\t\t\t<\/div>\n\t\t\t\t<\/div>\n\t\t\t\t<div class=\"elementor-element elementor-element-aecc553 dce_masking-none elementor-aspect-ratio-169 elementor-widget elementor-widget-video\" data-id=\"aecc553\" data-element_type=\"widget\" data-settings=\"{&quot;youtube_url&quot;:&quot;https:\\\/\\\/www.youtube.com\\\/watch?v=EpOfvQ5YXSs&amp;list=PLrNB1sZV7ngNR4EIpmp_3zJX-ddSq-n_I&amp;index=6&quot;,&quot;video_type&quot;:&quot;youtube&quot;,&quot;controls&quot;:&quot;yes&quot;,&quot;aspect_ratio&quot;:&quot;169&quot;}\" data-widget_type=\"video.default\">\n\t\t\t\t<div class=\"elementor-widget-container\">\n\t\t\t\t\t<div class=\"elementor-wrapper elementor-fit-aspect-ratio elementor-open-inline\">\n\t\t\t<div class=\"elementor-video\"><\/div>\t\t<\/div>\n\t\t\t\t<\/div>\n\t\t\t\t<\/div>\n\t\t\t\t\t\t<\/div>\n\t\t\t\t\t<\/div>\n\t\t<\/div>\n\t\t\t\t\t\t\t\t<\/div>\n\t\t\t\t\t<\/div>\n\t\t<\/section>\n\t\t\t\t<section class=\"elementor-section elementor-top-section elementor-element elementor-element-58fd93d elementor-section-boxed elementor-section-height-default elementor-section-height-default\" data-id=\"58fd93d\" data-element_type=\"section\">\n\t\t\t\t\t\t<div class=\"elementor-container elementor-column-gap-default\">\n\t\t\t\t\t\t\t<div class=\"elementor-row\">\n\t\t\t\t\t<div class=\"elementor-column elementor-col-50 elementor-top-column elementor-element elementor-element-b437ed5\" data-id=\"b437ed5\" data-element_type=\"column\">\n\t\t\t<div class=\"elementor-column-wrap elementor-element-populated\">\n\t\t\t\t\t\t\t<div class=\"elementor-widget-wrap\">\n\t\t\t\t\t\t<div class=\"elementor-element elementor-element-ebb77f6 elementor-widget elementor-widget-text-editor\" data-id=\"ebb77f6\" data-element_type=\"widget\" data-widget_type=\"text-editor.default\">\n\t\t\t\t<div class=\"elementor-widget-container\">\n\t\t\t\t\t\t\t\t<div class=\"elementor-text-editor elementor-clearfix\">\n\t\t\t\t<p><strong>Olivier Kuntz, Directeur R\u00e9gional chez Advans Group<\/strong><\/p>\t\t\t\t\t<\/div>\n\t\t\t\t\t\t<\/div>\n\t\t\t\t<\/div>\n\t\t\t\t<div class=\"elementor-element elementor-element-bbaa601 dce_masking-none elementor-aspect-ratio-169 elementor-widget elementor-widget-video\" data-id=\"bbaa601\" data-element_type=\"widget\" data-settings=\"{&quot;youtube_url&quot;:&quot;https:\\\/\\\/www.youtube.com\\\/watch?v=NOcS9SlbvaM&amp;list=PLrNB1sZV7ngNR4EIpmp_3zJX-ddSq-n_I&amp;index=9&quot;,&quot;video_type&quot;:&quot;youtube&quot;,&quot;controls&quot;:&quot;yes&quot;,&quot;aspect_ratio&quot;:&quot;169&quot;}\" data-widget_type=\"video.default\">\n\t\t\t\t<div class=\"elementor-widget-container\">\n\t\t\t\t\t<div class=\"elementor-wrapper elementor-fit-aspect-ratio elementor-open-inline\">\n\t\t\t<div class=\"elementor-video\"><\/div>\t\t<\/div>\n\t\t\t\t<\/div>\n\t\t\t\t<\/div>\n\t\t\t\t\t\t<\/div>\n\t\t\t\t\t<\/div>\n\t\t<\/div>\n\t\t\t\t<div class=\"elementor-column elementor-col-50 elementor-top-column elementor-element elementor-element-63da72b\" data-id=\"63da72b\" data-element_type=\"column\">\n\t\t\t<div class=\"elementor-column-wrap elementor-element-populated\">\n\t\t\t\t\t\t\t<div class=\"elementor-widget-wrap\">\n\t\t\t\t\t\t<div class=\"elementor-element elementor-element-355ba25 elementor-widget elementor-widget-text-editor\" data-id=\"355ba25\" data-element_type=\"widget\" data-widget_type=\"text-editor.default\">\n\t\t\t\t<div class=\"elementor-widget-container\">\n\t\t\t\t\t\t\t\t<div class=\"elementor-text-editor elementor-clearfix\">\n\t\t\t\t<p><strong>Jean-Philippe Landais, directeur de site chez STMicroelectronics<\/strong><\/p>\t\t\t\t\t<\/div>\n\t\t\t\t\t\t<\/div>\n\t\t\t\t<\/div>\n\t\t\t\t<div class=\"elementor-element elementor-element-f333a41 dce_masking-none elementor-aspect-ratio-169 elementor-widget elementor-widget-video\" data-id=\"f333a41\" data-element_type=\"widget\" data-settings=\"{&quot;youtube_url&quot;:&quot;https:\\\/\\\/www.youtube.com\\\/watch?v=plaX5m7Au8g&amp;list=PLrNB1sZV7ngNR4EIpmp_3zJX-ddSq-n_I&amp;index=20&quot;,&quot;video_type&quot;:&quot;youtube&quot;,&quot;controls&quot;:&quot;yes&quot;,&quot;aspect_ratio&quot;:&quot;169&quot;}\" data-widget_type=\"video.default\">\n\t\t\t\t<div class=\"elementor-widget-container\">\n\t\t\t\t\t<div class=\"elementor-wrapper elementor-fit-aspect-ratio elementor-open-inline\">\n\t\t\t<div class=\"elementor-video\"><\/div>\t\t<\/div>\n\t\t\t\t<\/div>\n\t\t\t\t<\/div>\n\t\t\t\t\t\t<\/div>\n\t\t\t\t\t<\/div>\n\t\t<\/div>\n\t\t\t\t\t\t\t\t<\/div>\n\t\t\t\t\t<\/div>\n\t\t<\/section>\n\t\t\t\t<section class=\"elementor-section elementor-top-section elementor-element elementor-element-45eca6f elementor-section-boxed elementor-section-height-default elementor-section-height-default\" data-id=\"45eca6f\" data-element_type=\"section\">\n\t\t\t\t\t\t<div class=\"elementor-container elementor-column-gap-default\">\n\t\t\t\t\t\t\t<div class=\"elementor-row\">\n\t\t\t\t\t<div class=\"elementor-column elementor-col-50 elementor-top-column elementor-element elementor-element-1dcccea\" data-id=\"1dcccea\" data-element_type=\"column\">\n\t\t\t<div class=\"elementor-column-wrap elementor-element-populated\">\n\t\t\t\t\t\t\t<div class=\"elementor-widget-wrap\">\n\t\t\t\t\t\t<div class=\"elementor-element elementor-element-194972e elementor-widget elementor-widget-text-editor\" data-id=\"194972e\" data-element_type=\"widget\" data-widget_type=\"text-editor.default\">\n\t\t\t\t<div class=\"elementor-widget-container\">\n\t\t\t\t\t\t\t\t<div class=\"elementor-text-editor elementor-clearfix\">\n\t\t\t\t<p><strong>\u00a0Laurent Rubaldo, chercheur principal en R&amp;D chez LYNRED et vice-pr\u00e9sident de la Fondation Grenoble INP<\/strong><\/p>\t\t\t\t\t<\/div>\n\t\t\t\t\t\t<\/div>\n\t\t\t\t<\/div>\n\t\t\t\t<div class=\"elementor-element elementor-element-0506353 dce_masking-none elementor-aspect-ratio-169 elementor-widget elementor-widget-video\" data-id=\"0506353\" data-element_type=\"widget\" data-settings=\"{&quot;youtube_url&quot;:&quot;https:\\\/\\\/www.youtube.com\\\/watch?v=LXXpvYxUGd8&amp;list=PLrNB1sZV7ngNR4EIpmp_3zJX-ddSq-n_I&amp;index=2&quot;,&quot;video_type&quot;:&quot;youtube&quot;,&quot;controls&quot;:&quot;yes&quot;,&quot;aspect_ratio&quot;:&quot;169&quot;}\" data-widget_type=\"video.default\">\n\t\t\t\t<div class=\"elementor-widget-container\">\n\t\t\t\t\t<div class=\"elementor-wrapper elementor-fit-aspect-ratio elementor-open-inline\">\n\t\t\t<div class=\"elementor-video\"><\/div>\t\t<\/div>\n\t\t\t\t<\/div>\n\t\t\t\t<\/div>\n\t\t\t\t\t\t<\/div>\n\t\t\t\t\t<\/div>\n\t\t<\/div>\n\t\t\t\t<div class=\"elementor-column elementor-col-50 elementor-top-column elementor-element elementor-element-f003c80\" data-id=\"f003c80\" data-element_type=\"column\">\n\t\t\t<div class=\"elementor-column-wrap\">\n\t\t\t\t\t\t\t<div class=\"elementor-widget-wrap\">\n\t\t\t\t\t\t\t\t<\/div>\n\t\t\t\t\t<\/div>\n\t\t<\/div>\n\t\t\t\t\t\t\t\t<\/div>\n\t\t\t\t\t<\/div>\n\t\t<\/section>\n\t\t\t\t\t\t<\/div>\n\t\t\t\t\t\t<\/div>\n\t\t\t\t\t<\/div>","protected":false},"excerpt":{"rendered":"<p>Inaugur\u00e9e dans le cadre de Tech&#038;Fest, la chaire d\u2019excellence industrielle Electronique durable, port\u00e9e par la Fondation Grenoble INP gr\u00e2ce au m\u00e9c\u00e9nat d\u2019Elsys Design, STMicroelectronics, Thales et LYNRED, s\u2019est donn\u00e9e pour objectif de former les ing\u00e9nieurs de demain \u00e0 la probl\u00e9matique cruciale de la durabilit\u00e9 et de la sobri\u00e9t\u00e9. <\/p>","protected":false},"author":7,"featured_media":22931,"comment_status":"closed","ping_status":"open","sticky":false,"template":"","format":"standard","meta":[],"categories":[476],"tags":[],"acf":[],"yoast_head":"<!-- This site is optimized with the Yoast SEO plugin v18.0 - https:\/\/yoast.com\/wordpress\/plugins\/seo\/ -->\n<title>Chaire Electronique durable\u00a0: former les futurs ing\u00e9nieurs \u00e0 l\u2019\u00e9lectronique de demain - Fondation Grenoble INP<\/title>\n<meta name=\"description\" content=\"La chaire Electronique durable a pour objectif de former les ing\u00e9nieurs de demain \u00e0 la probl\u00e9matique de la durabilit\u00e9 et de la sobri\u00e9t\u00e9.\" \/>\n<meta name=\"robots\" content=\"index, follow, max-snippet:-1, max-image-preview:large, max-video-preview:-1\" \/>\n<link rel=\"canonical\" href=\"https:\/\/fondation-grenoble-inp.fr\/en\/chaire-electronique-durable-former-les-futurs-ingenieurs-a-lelectronique-de-demain\/\" \/>\n<meta property=\"og:locale\" content=\"en_US\" \/>\n<meta property=\"og:type\" content=\"article\" \/>\n<meta property=\"og:title\" content=\"Chaire Electronique durable\u00a0: former les futurs ing\u00e9nieurs \u00e0 l\u2019\u00e9lectronique de demain - Fondation Grenoble INP\" \/>\n<meta property=\"og:description\" content=\"La chaire Electronique durable a pour objectif de former les ing\u00e9nieurs de demain \u00e0 la probl\u00e9matique de la durabilit\u00e9 et de la sobri\u00e9t\u00e9.\" \/>\n<meta property=\"og:url\" content=\"https:\/\/fondation-grenoble-inp.fr\/en\/chaire-electronique-durable-former-les-futurs-ingenieurs-a-lelectronique-de-demain\/\" \/>\n<meta property=\"og:site_name\" content=\"Fondation Grenoble INP\" \/>\n<meta property=\"article:published_time\" content=\"2026-02-10T14:42:48+00:00\" \/>\n<meta property=\"article:modified_time\" content=\"2026-04-03T10:03:43+00:00\" \/>\n<meta property=\"og:image\" content=\"https:\/\/fondation-grenoble-inp.fr\/wp-content\/uploads\/2026\/02\/I2A1772.jpg\" \/>\n\t<meta property=\"og:image:width\" content=\"1280\" \/>\n\t<meta property=\"og:image:height\" content=\"842\" \/>\n\t<meta property=\"og:image:type\" content=\"image\/jpeg\" \/>\n<meta name=\"twitter:card\" content=\"summary_large_image\" \/>\n<meta name=\"twitter:label1\" content=\"Written by\" \/>\n\t<meta name=\"twitter:data1\" content=\"Marie Dubreuil\" \/>\n\t<meta name=\"twitter:label2\" content=\"Est. reading time\" \/>\n\t<meta name=\"twitter:data2\" content=\"18 minutes\" \/>\n<script type=\"application\/ld+json\" class=\"yoast-schema-graph\">{\"@context\":\"https:\/\/schema.org\",\"@graph\":[{\"@type\":\"Organization\",\"@id\":\"https:\/\/fondation-grenoble-inp.fr\/#organization\",\"name\":\"Fondation INP Grenoble\",\"url\":\"https:\/\/fondation-grenoble-inp.fr\/\",\"sameAs\":[],\"logo\":{\"@type\":\"ImageObject\",\"@id\":\"https:\/\/fondation-grenoble-inp.fr\/#logo\",\"inLanguage\":\"en-US\",\"url\":\"https:\/\/fondation-grenoble-inp.fr\/wp-content\/uploads\/2021\/03\/cropped-favicon-fondation-inp-grenoble.png\",\"contentUrl\":\"https:\/\/fondation-grenoble-inp.fr\/wp-content\/uploads\/2021\/03\/cropped-favicon-fondation-inp-grenoble.png\",\"width\":512,\"height\":512,\"caption\":\"Fondation INP Grenoble\"},\"image\":{\"@id\":\"https:\/\/fondation-grenoble-inp.fr\/#logo\"}},{\"@type\":\"WebSite\",\"@id\":\"https:\/\/fondation-grenoble-inp.fr\/#website\",\"url\":\"https:\/\/fondation-grenoble-inp.fr\/\",\"name\":\"Fondation Grenoble INP\",\"description\":\"#OsezlAvenir\",\"publisher\":{\"@id\":\"https:\/\/fondation-grenoble-inp.fr\/#organization\"},\"potentialAction\":[{\"@type\":\"SearchAction\",\"target\":{\"@type\":\"EntryPoint\",\"urlTemplate\":\"https:\/\/fondation-grenoble-inp.fr\/?s={search_term_string}\"},\"query-input\":\"required name=search_term_string\"}],\"inLanguage\":\"en-US\"},{\"@type\":\"ImageObject\",\"@id\":\"https:\/\/fondation-grenoble-inp.fr\/chaire-electronique-durable-former-les-futurs-ingenieurs-a-lelectronique-de-demain\/#primaryimage\",\"inLanguage\":\"en-US\",\"url\":\"https:\/\/fondation-grenoble-inp.fr\/wp-content\/uploads\/2026\/02\/I2A1772.jpg\",\"contentUrl\":\"https:\/\/fondation-grenoble-inp.fr\/wp-content\/uploads\/2026\/02\/I2A1772.jpg\",\"width\":\"1280\",\"height\":\"842\"},{\"@type\":\"WebPage\",\"@id\":\"https:\/\/fondation-grenoble-inp.fr\/chaire-electronique-durable-former-les-futurs-ingenieurs-a-lelectronique-de-demain\/#webpage\",\"url\":\"https:\/\/fondation-grenoble-inp.fr\/chaire-electronique-durable-former-les-futurs-ingenieurs-a-lelectronique-de-demain\/\",\"name\":\"Chaire Electronique durable\u00a0: former les futurs ing\u00e9nieurs \u00e0 l\u2019\u00e9lectronique de demain - Fondation Grenoble INP\",\"isPartOf\":{\"@id\":\"https:\/\/fondation-grenoble-inp.fr\/#website\"},\"primaryImageOfPage\":{\"@id\":\"https:\/\/fondation-grenoble-inp.fr\/chaire-electronique-durable-former-les-futurs-ingenieurs-a-lelectronique-de-demain\/#primaryimage\"},\"datePublished\":\"2026-02-10T14:42:48+00:00\",\"dateModified\":\"2026-04-03T10:03:43+00:00\",\"description\":\"La chaire Electronique durable a pour objectif de former les ing\u00e9nieurs de demain \u00e0 la probl\u00e9matique de la durabilit\u00e9 et de la sobri\u00e9t\u00e9.\",\"breadcrumb\":{\"@id\":\"https:\/\/fondation-grenoble-inp.fr\/chaire-electronique-durable-former-les-futurs-ingenieurs-a-lelectronique-de-demain\/#breadcrumb\"},\"inLanguage\":\"en-US\",\"potentialAction\":[{\"@type\":\"ReadAction\",\"target\":[\"https:\/\/fondation-grenoble-inp.fr\/chaire-electronique-durable-former-les-futurs-ingenieurs-a-lelectronique-de-demain\/\"]}]},{\"@type\":\"BreadcrumbList\",\"@id\":\"https:\/\/fondation-grenoble-inp.fr\/chaire-electronique-durable-former-les-futurs-ingenieurs-a-lelectronique-de-demain\/#breadcrumb\",\"itemListElement\":[{\"@type\":\"ListItem\",\"position\":1,\"name\":\"Accueil\",\"item\":\"https:\/\/fondation-grenoble-inp.fr\/\"},{\"@type\":\"ListItem\",\"position\":2,\"name\":\"Chaire Electronique durable\u00a0: former les futurs ing\u00e9nieurs \u00e0 l\u2019\u00e9lectronique de demain\"}]},{\"@type\":\"Article\",\"@id\":\"https:\/\/fondation-grenoble-inp.fr\/chaire-electronique-durable-former-les-futurs-ingenieurs-a-lelectronique-de-demain\/#article\",\"isPartOf\":{\"@id\":\"https:\/\/fondation-grenoble-inp.fr\/chaire-electronique-durable-former-les-futurs-ingenieurs-a-lelectronique-de-demain\/#webpage\"},\"author\":{\"@id\":\"https:\/\/fondation-grenoble-inp.fr\/#\/schema\/person\/7c36548ebaddf05ba7a055d161ebff94\"},\"headline\":\"Chaire Electronique durable\u00a0: former les futurs ing\u00e9nieurs \u00e0 l\u2019\u00e9lectronique de demain\",\"datePublished\":\"2026-02-10T14:42:48+00:00\",\"dateModified\":\"2026-04-03T10:03:43+00:00\",\"mainEntityOfPage\":{\"@id\":\"https:\/\/fondation-grenoble-inp.fr\/chaire-electronique-durable-former-les-futurs-ingenieurs-a-lelectronique-de-demain\/#webpage\"},\"wordCount\":952,\"publisher\":{\"@id\":\"https:\/\/fondation-grenoble-inp.fr\/#organization\"},\"image\":{\"@id\":\"https:\/\/fondation-grenoble-inp.fr\/chaire-electronique-durable-former-les-futurs-ingenieurs-a-lelectronique-de-demain\/#primaryimage\"},\"thumbnailUrl\":\"https:\/\/fondation-grenoble-inp.fr\/wp-content\/uploads\/2026\/02\/I2A1772.jpg\",\"articleSection\":[\"Les Chaires\"],\"inLanguage\":\"en-US\"},{\"@type\":\"Person\",\"@id\":\"https:\/\/fondation-grenoble-inp.fr\/#\/schema\/person\/7c36548ebaddf05ba7a055d161ebff94\",\"name\":\"Marie Dubreuil\",\"image\":{\"@type\":\"ImageObject\",\"@id\":\"https:\/\/fondation-grenoble-inp.fr\/#personlogo\",\"inLanguage\":\"en-US\",\"url\":\"https:\/\/secure.gravatar.com\/avatar\/358eb0ab274d9479ce7c23b8a3f0a360?s=96&d=mm&r=g\",\"contentUrl\":\"https:\/\/secure.gravatar.com\/avatar\/358eb0ab274d9479ce7c23b8a3f0a360?s=96&d=mm&r=g\",\"caption\":\"Marie Dubreuil\"}}]}<\/script>\n<!-- \/ Yoast SEO plugin. -->","yoast_head_json":{"title":"Chaire Electronique durable\u00a0: former les futurs ing\u00e9nieurs \u00e0 l\u2019\u00e9lectronique de demain - Fondation Grenoble INP","description":"La chaire Electronique durable a pour objectif de former les ing\u00e9nieurs de demain \u00e0 la probl\u00e9matique de la durabilit\u00e9 et de la sobri\u00e9t\u00e9.","robots":{"index":"index","follow":"follow","max-snippet":"max-snippet:-1","max-image-preview":"max-image-preview:large","max-video-preview":"max-video-preview:-1"},"canonical":"https:\/\/fondation-grenoble-inp.fr\/en\/chaire-electronique-durable-former-les-futurs-ingenieurs-a-lelectronique-de-demain\/","og_locale":"en_US","og_type":"article","og_title":"Chaire Electronique durable\u00a0: former les futurs ing\u00e9nieurs \u00e0 l\u2019\u00e9lectronique de demain - Fondation Grenoble INP","og_description":"La chaire Electronique durable a pour objectif de former les ing\u00e9nieurs de demain \u00e0 la probl\u00e9matique de la durabilit\u00e9 et de la sobri\u00e9t\u00e9.","og_url":"https:\/\/fondation-grenoble-inp.fr\/en\/chaire-electronique-durable-former-les-futurs-ingenieurs-a-lelectronique-de-demain\/","og_site_name":"Fondation Grenoble INP","article_published_time":"2026-02-10T14:42:48+00:00","article_modified_time":"2026-04-03T10:03:43+00:00","og_image":[{"width":"1280","height":"842","url":"https:\/\/fondation-grenoble-inp.fr\/wp-content\/uploads\/2026\/02\/I2A1772.jpg","type":"image\/jpeg"}],"twitter_card":"summary_large_image","twitter_misc":{"Written by":"Marie Dubreuil","Est. reading time":"18 minutes"},"schema":{"@context":"https:\/\/schema.org","@graph":[{"@type":"Organization","@id":"https:\/\/fondation-grenoble-inp.fr\/#organization","name":"Fondation INP Grenoble","url":"https:\/\/fondation-grenoble-inp.fr\/","sameAs":[],"logo":{"@type":"ImageObject","@id":"https:\/\/fondation-grenoble-inp.fr\/#logo","inLanguage":"en-US","url":"https:\/\/fondation-grenoble-inp.fr\/wp-content\/uploads\/2021\/03\/cropped-favicon-fondation-inp-grenoble.png","contentUrl":"https:\/\/fondation-grenoble-inp.fr\/wp-content\/uploads\/2021\/03\/cropped-favicon-fondation-inp-grenoble.png","width":512,"height":512,"caption":"Fondation INP Grenoble"},"image":{"@id":"https:\/\/fondation-grenoble-inp.fr\/#logo"}},{"@type":"WebSite","@id":"https:\/\/fondation-grenoble-inp.fr\/#website","url":"https:\/\/fondation-grenoble-inp.fr\/","name":"Fondation Grenoble INP","description":"#OsezlAvenir","publisher":{"@id":"https:\/\/fondation-grenoble-inp.fr\/#organization"},"potentialAction":[{"@type":"SearchAction","target":{"@type":"EntryPoint","urlTemplate":"https:\/\/fondation-grenoble-inp.fr\/?s={search_term_string}"},"query-input":"required name=search_term_string"}],"inLanguage":"en-US"},{"@type":"ImageObject","@id":"https:\/\/fondation-grenoble-inp.fr\/chaire-electronique-durable-former-les-futurs-ingenieurs-a-lelectronique-de-demain\/#primaryimage","inLanguage":"en-US","url":"https:\/\/fondation-grenoble-inp.fr\/wp-content\/uploads\/2026\/02\/I2A1772.jpg","contentUrl":"https:\/\/fondation-grenoble-inp.fr\/wp-content\/uploads\/2026\/02\/I2A1772.jpg","width":"1280","height":"842"},{"@type":"WebPage","@id":"https:\/\/fondation-grenoble-inp.fr\/chaire-electronique-durable-former-les-futurs-ingenieurs-a-lelectronique-de-demain\/#webpage","url":"https:\/\/fondation-grenoble-inp.fr\/chaire-electronique-durable-former-les-futurs-ingenieurs-a-lelectronique-de-demain\/","name":"Chaire Electronique durable\u00a0: former les futurs ing\u00e9nieurs \u00e0 l\u2019\u00e9lectronique de demain - Fondation Grenoble INP","isPartOf":{"@id":"https:\/\/fondation-grenoble-inp.fr\/#website"},"primaryImageOfPage":{"@id":"https:\/\/fondation-grenoble-inp.fr\/chaire-electronique-durable-former-les-futurs-ingenieurs-a-lelectronique-de-demain\/#primaryimage"},"datePublished":"2026-02-10T14:42:48+00:00","dateModified":"2026-04-03T10:03:43+00:00","description":"La chaire Electronique durable a pour objectif de former les ing\u00e9nieurs de demain \u00e0 la probl\u00e9matique de la durabilit\u00e9 et de la sobri\u00e9t\u00e9.","breadcrumb":{"@id":"https:\/\/fondation-grenoble-inp.fr\/chaire-electronique-durable-former-les-futurs-ingenieurs-a-lelectronique-de-demain\/#breadcrumb"},"inLanguage":"en-US","potentialAction":[{"@type":"ReadAction","target":["https:\/\/fondation-grenoble-inp.fr\/chaire-electronique-durable-former-les-futurs-ingenieurs-a-lelectronique-de-demain\/"]}]},{"@type":"BreadcrumbList","@id":"https:\/\/fondation-grenoble-inp.fr\/chaire-electronique-durable-former-les-futurs-ingenieurs-a-lelectronique-de-demain\/#breadcrumb","itemListElement":[{"@type":"ListItem","position":1,"name":"Accueil","item":"https:\/\/fondation-grenoble-inp.fr\/"},{"@type":"ListItem","position":2,"name":"Chaire Electronique durable\u00a0: former les futurs ing\u00e9nieurs \u00e0 l\u2019\u00e9lectronique de demain"}]},{"@type":"Article","@id":"https:\/\/fondation-grenoble-inp.fr\/chaire-electronique-durable-former-les-futurs-ingenieurs-a-lelectronique-de-demain\/#article","isPartOf":{"@id":"https:\/\/fondation-grenoble-inp.fr\/chaire-electronique-durable-former-les-futurs-ingenieurs-a-lelectronique-de-demain\/#webpage"},"author":{"@id":"https:\/\/fondation-grenoble-inp.fr\/#\/schema\/person\/7c36548ebaddf05ba7a055d161ebff94"},"headline":"Chaire Electronique durable\u00a0: former les futurs ing\u00e9nieurs \u00e0 l\u2019\u00e9lectronique de demain","datePublished":"2026-02-10T14:42:48+00:00","dateModified":"2026-04-03T10:03:43+00:00","mainEntityOfPage":{"@id":"https:\/\/fondation-grenoble-inp.fr\/chaire-electronique-durable-former-les-futurs-ingenieurs-a-lelectronique-de-demain\/#webpage"},"wordCount":952,"publisher":{"@id":"https:\/\/fondation-grenoble-inp.fr\/#organization"},"image":{"@id":"https:\/\/fondation-grenoble-inp.fr\/chaire-electronique-durable-former-les-futurs-ingenieurs-a-lelectronique-de-demain\/#primaryimage"},"thumbnailUrl":"https:\/\/fondation-grenoble-inp.fr\/wp-content\/uploads\/2026\/02\/I2A1772.jpg","articleSection":["Les Chaires"],"inLanguage":"en-US"},{"@type":"Person","@id":"https:\/\/fondation-grenoble-inp.fr\/#\/schema\/person\/7c36548ebaddf05ba7a055d161ebff94","name":"Marie Dubreuil","image":{"@type":"ImageObject","@id":"https:\/\/fondation-grenoble-inp.fr\/#personlogo","inLanguage":"en-US","url":"https:\/\/secure.gravatar.com\/avatar\/358eb0ab274d9479ce7c23b8a3f0a360?s=96&d=mm&r=g","contentUrl":"https:\/\/secure.gravatar.com\/avatar\/358eb0ab274d9479ce7c23b8a3f0a360?s=96&d=mm&r=g","caption":"Marie Dubreuil"}}]}},"_links":{"self":[{"href":"https:\/\/fondation-grenoble-inp.fr\/en\/wp-json\/wp\/v2\/posts\/22835"}],"collection":[{"href":"https:\/\/fondation-grenoble-inp.fr\/en\/wp-json\/wp\/v2\/posts"}],"about":[{"href":"https:\/\/fondation-grenoble-inp.fr\/en\/wp-json\/wp\/v2\/types\/post"}],"author":[{"embeddable":true,"href":"https:\/\/fondation-grenoble-inp.fr\/en\/wp-json\/wp\/v2\/users\/7"}],"replies":[{"embeddable":true,"href":"https:\/\/fondation-grenoble-inp.fr\/en\/wp-json\/wp\/v2\/comments?post=22835"}],"version-history":[{"count":52,"href":"https:\/\/fondation-grenoble-inp.fr\/en\/wp-json\/wp\/v2\/posts\/22835\/revisions"}],"predecessor-version":[{"id":23768,"href":"https:\/\/fondation-grenoble-inp.fr\/en\/wp-json\/wp\/v2\/posts\/22835\/revisions\/23768"}],"wp:featuredmedia":[{"embeddable":true,"href":"https:\/\/fondation-grenoble-inp.fr\/en\/wp-json\/wp\/v2\/media\/22931"}],"wp:attachment":[{"href":"https:\/\/fondation-grenoble-inp.fr\/en\/wp-json\/wp\/v2\/media?parent=22835"}],"wp:term":[{"taxonomy":"category","embeddable":true,"href":"https:\/\/fondation-grenoble-inp.fr\/en\/wp-json\/wp\/v2\/categories?post=22835"},{"taxonomy":"post_tag","embeddable":true,"href":"https:\/\/fondation-grenoble-inp.fr\/en\/wp-json\/wp\/v2\/tags?post=22835"}],"curies":[{"name":"wp","href":"https:\/\/api.w.org\/{rel}","templated":true}]}}