{"id":8714,"date":"2017-06-06T11:44:32","date_gmt":"2017-06-06T09:44:32","guid":{"rendered":"https:\/\/fondation-grenoble-inp.fr2017\/06\/06\/https-fondation-grenoble-inp-fr-imola-pialla-championne-de-france\/"},"modified":"2023-07-24T15:07:55","modified_gmt":"2023-07-24T13:07:55","slug":"imola-pialla-championne-de-france","status":"publish","type":"post","link":"https:\/\/fondation-grenoble-inp.fr\/en\/imola-pialla-championne-de-france\/","title":{"rendered":"Imola Pialla, championne de France"},"content":{"rendered":"<h2>Dimanche 4 juin, lors de la finale des championnats de France seniors bateaux longs, Imola Pialla et ses co-\u00e9quipi\u00e8res de l\u2019Aviron Grenoblois, engag\u00e9es en barr\u00e9 8, sont devenues championnes de France avec 22 secondes d\u2019avance sur les deuxi\u00e8mes.<\/h2>\n<p>Le championnat de France d&rsquo;aviron bateaux longs s\u2019est d\u00e9roul\u00e9 ce week-end (3&amp;4 juin) sur le plan d&rsquo;eau du Val D&rsquo;auron \u00e0 Bourges.<\/p>\n<p><a href=\"\/\" target=\"_blank\" rel=\"noopener noreferrer\"><strong>Imola Pialla<\/strong><\/a> et ses co-\u00e9quipi\u00e8res de l\u2019<a href=\"https:\/\/aviron-grenoblois.com\/v2\/\" target=\"_blank\" rel=\"noopener noreferrer\">Aviron Grenoblois<\/a> \u00e9taient engag\u00e9es en 8 barr\u00e9 senior femme. Elles ont impos\u00e9 leur rythme en s\u00e9rie en remportant samedi les manches qualificatives avec 28 secondes d&rsquo;avance, et 26 secondes d&rsquo;avance sur les gagnantes de l&rsquo;autre manche. Ainsi, elles se sont qualifi\u00e9es directement en finale A.<\/p>\n<p>Dimanche \u00e0 17h, lors de la finale du championnat de France, elle se sont impos\u00e9es avec 22 secondes d\u2019avance sur les deuxi\u00e8mes et deviennent <strong>Championnes de France 2017<\/strong>.<\/p>\n<p>Le championnat de France voit se regrouper au sein des bateaux les meilleurs rameurs fran\u00e7ais avec leurs \u00e9quipiers de club. Il regroupe environ 1200 comp\u00e9titeurs dans 300 bateaux.<\/p>","protected":false},"excerpt":{"rendered":"<p>Dimanche 4 juin, lors de la finale des championnats de France seniors bateaux longs, Imola Pialla et ses co-\u00e9quipi\u00e8res de l\u2019Aviron Grenoblois, engag\u00e9es en barr\u00e9 8, sont devenues championnes de France avec 22 secondes d\u2019avance sur les deuxi\u00e8mes. Le championnat de France d&rsquo;aviron bateaux longs s\u2019est d\u00e9roul\u00e9 ce week-end (3&amp;4 juin) sur le plan d&rsquo;eau [&hellip;]<\/p>","protected":false},"author":4,"featured_media":6831,"comment_status":"closed","ping_status":"open","sticky":false,"template":"","format":"standard","meta":[],"categories":[477],"tags":[],"acf":[],"yoast_head":"<!-- This site is optimized with the Yoast SEO plugin v18.0 - https:\/\/yoast.com\/wordpress\/plugins\/seo\/ -->\n<title>Imola Pialla, championne de France - Fondation Grenoble INP<\/title>\n<meta name=\"robots\" content=\"index, follow, max-snippet:-1, max-image-preview:large, max-video-preview:-1\" \/>\n<link rel=\"canonical\" href=\"https:\/\/fondation-grenoble-inp.fr\/en\/imola-pialla-championne-de-france\/\" \/>\n<meta property=\"og:locale\" content=\"en_US\" \/>\n<meta property=\"og:type\" content=\"article\" \/>\n<meta property=\"og:title\" content=\"Imola Pialla, championne de France - Fondation Grenoble INP\" \/>\n<meta property=\"og:description\" content=\"Dimanche 4 juin, lors de la finale des championnats de France seniors bateaux longs, Imola Pialla et ses co-\u00e9quipi\u00e8res de l\u2019Aviron Grenoblois, engag\u00e9es en barr\u00e9 8, sont devenues championnes de France avec 22 secondes d\u2019avance sur les deuxi\u00e8mes. Le championnat de France d&rsquo;aviron bateaux longs s\u2019est d\u00e9roul\u00e9 ce week-end (3&amp;4 juin) sur le plan d&rsquo;eau [&hellip;]\" \/>\n<meta property=\"og:url\" content=\"https:\/\/fondation-grenoble-inp.fr\/en\/imola-pialla-championne-de-france\/\" \/>\n<meta property=\"og:site_name\" content=\"Fondation Grenoble INP\" \/>\n<meta property=\"article:published_time\" content=\"2017-06-06T09:44:32+00:00\" \/>\n<meta property=\"article:modified_time\" content=\"2023-07-24T13:07:55+00:00\" \/>\n<meta property=\"og:image\" content=\"https:\/\/fondation-grenoble-inp.fr\/wp-content\/uploads\/2020\/09\/saut-podium.jpg\" \/>\n\t<meta property=\"og:image:width\" content=\"900\" \/>\n\t<meta property=\"og:image:height\" content=\"600\" \/>\n\t<meta property=\"og:image:type\" content=\"image\/jpeg\" \/>\n<meta name=\"twitter:card\" content=\"summary_large_image\" \/>\n<meta name=\"twitter:label1\" content=\"Written by\" \/>\n\t<meta name=\"twitter:data1\" content=\"Murielle\" \/>\n\t<meta name=\"twitter:label2\" content=\"Est. reading time\" \/>\n\t<meta name=\"twitter:data2\" content=\"1 minute\" \/>\n<script type=\"application\/ld+json\" class=\"yoast-schema-graph\">{\"@context\":\"https:\/\/schema.org\",\"@graph\":[{\"@type\":\"Organization\",\"@id\":\"https:\/\/fondation-grenoble-inp.fr\/#organization\",\"name\":\"Fondation INP Grenoble\",\"url\":\"https:\/\/fondation-grenoble-inp.fr\/\",\"sameAs\":[],\"logo\":{\"@type\":\"ImageObject\",\"@id\":\"https:\/\/fondation-grenoble-inp.fr\/#logo\",\"inLanguage\":\"en-US\",\"url\":\"https:\/\/fondation-grenoble-inp.fr\/wp-content\/uploads\/2021\/03\/cropped-favicon-fondation-inp-grenoble.png\",\"contentUrl\":\"https:\/\/fondation-grenoble-inp.fr\/wp-content\/uploads\/2021\/03\/cropped-favicon-fondation-inp-grenoble.png\",\"width\":512,\"height\":512,\"caption\":\"Fondation INP Grenoble\"},\"image\":{\"@id\":\"https:\/\/fondation-grenoble-inp.fr\/#logo\"}},{\"@type\":\"WebSite\",\"@id\":\"https:\/\/fondation-grenoble-inp.fr\/#website\",\"url\":\"https:\/\/fondation-grenoble-inp.fr\/\",\"name\":\"Fondation Grenoble INP\",\"description\":\"#OsezlAvenir\",\"publisher\":{\"@id\":\"https:\/\/fondation-grenoble-inp.fr\/#organization\"},\"potentialAction\":[{\"@type\":\"SearchAction\",\"target\":{\"@type\":\"EntryPoint\",\"urlTemplate\":\"https:\/\/fondation-grenoble-inp.fr\/?s={search_term_string}\"},\"query-input\":\"required name=search_term_string\"}],\"inLanguage\":\"en-US\"},{\"@type\":\"ImageObject\",\"@id\":\"https:\/\/fondation-grenoble-inp.fr\/imola-pialla-championne-de-france\/#primaryimage\",\"inLanguage\":\"en-US\",\"url\":\"https:\/\/fondation-grenoble-inp.fr\/wp-content\/uploads\/2020\/09\/saut-podium.jpg\",\"contentUrl\":\"https:\/\/fondation-grenoble-inp.fr\/wp-content\/uploads\/2020\/09\/saut-podium.jpg\",\"width\":\"900\",\"height\":\"600\",\"caption\":\"saut-podium\"},{\"@type\":\"WebPage\",\"@id\":\"https:\/\/fondation-grenoble-inp.fr\/imola-pialla-championne-de-france\/#webpage\",\"url\":\"https:\/\/fondation-grenoble-inp.fr\/imola-pialla-championne-de-france\/\",\"name\":\"Imola Pialla, championne de France - Fondation Grenoble INP\",\"isPartOf\":{\"@id\":\"https:\/\/fondation-grenoble-inp.fr\/#website\"},\"primaryImageOfPage\":{\"@id\":\"https:\/\/fondation-grenoble-inp.fr\/imola-pialla-championne-de-france\/#primaryimage\"},\"datePublished\":\"2017-06-06T09:44:32+00:00\",\"dateModified\":\"2023-07-24T13:07:55+00:00\",\"breadcrumb\":{\"@id\":\"https:\/\/fondation-grenoble-inp.fr\/imola-pialla-championne-de-france\/#breadcrumb\"},\"inLanguage\":\"en-US\",\"potentialAction\":[{\"@type\":\"ReadAction\",\"target\":[\"https:\/\/fondation-grenoble-inp.fr\/imola-pialla-championne-de-france\/\"]}]},{\"@type\":\"BreadcrumbList\",\"@id\":\"https:\/\/fondation-grenoble-inp.fr\/imola-pialla-championne-de-france\/#breadcrumb\",\"itemListElement\":[{\"@type\":\"ListItem\",\"position\":1,\"name\":\"Accueil\",\"item\":\"https:\/\/fondation-grenoble-inp.fr\/\"},{\"@type\":\"ListItem\",\"position\":2,\"name\":\"Imola Pialla, championne de France\"}]},{\"@type\":\"Article\",\"@id\":\"https:\/\/fondation-grenoble-inp.fr\/imola-pialla-championne-de-france\/#article\",\"isPartOf\":{\"@id\":\"https:\/\/fondation-grenoble-inp.fr\/imola-pialla-championne-de-france\/#webpage\"},\"author\":{\"@id\":\"https:\/\/fondation-grenoble-inp.fr\/#\/schema\/person\/b3b57bf0f0ccfd32237a6d2dbbe56adf\"},\"headline\":\"Imola Pialla, championne de France\",\"datePublished\":\"2017-06-06T09:44:32+00:00\",\"dateModified\":\"2023-07-24T13:07:55+00:00\",\"mainEntityOfPage\":{\"@id\":\"https:\/\/fondation-grenoble-inp.fr\/imola-pialla-championne-de-france\/#webpage\"},\"wordCount\":179,\"publisher\":{\"@id\":\"https:\/\/fondation-grenoble-inp.fr\/#organization\"},\"image\":{\"@id\":\"https:\/\/fondation-grenoble-inp.fr\/imola-pialla-championne-de-france\/#primaryimage\"},\"thumbnailUrl\":\"https:\/\/fondation-grenoble-inp.fr\/wp-content\/uploads\/2020\/09\/saut-podium.jpg\",\"articleSection\":[\"Les Bourses\"],\"inLanguage\":\"en-US\"},{\"@type\":\"Person\",\"@id\":\"https:\/\/fondation-grenoble-inp.fr\/#\/schema\/person\/b3b57bf0f0ccfd32237a6d2dbbe56adf\",\"name\":\"Murielle\",\"image\":{\"@type\":\"ImageObject\",\"@id\":\"https:\/\/fondation-grenoble-inp.fr\/#personlogo\",\"inLanguage\":\"en-US\",\"url\":\"https:\/\/secure.gravatar.com\/avatar\/369007e9cd71fa50966d886d04134cbd?s=96&d=mm&r=g\",\"contentUrl\":\"https:\/\/secure.gravatar.com\/avatar\/369007e9cd71fa50966d886d04134cbd?s=96&d=mm&r=g\",\"caption\":\"Murielle\"}}]}<\/script>\n<!-- \/ Yoast SEO plugin. -->","yoast_head_json":{"title":"Imola Pialla, championne de France - Fondation Grenoble INP","robots":{"index":"index","follow":"follow","max-snippet":"max-snippet:-1","max-image-preview":"max-image-preview:large","max-video-preview":"max-video-preview:-1"},"canonical":"https:\/\/fondation-grenoble-inp.fr\/en\/imola-pialla-championne-de-france\/","og_locale":"en_US","og_type":"article","og_title":"Imola Pialla, championne de France - Fondation Grenoble INP","og_description":"Dimanche 4 juin, lors de la finale des championnats de France seniors bateaux longs, Imola Pialla et ses co-\u00e9quipi\u00e8res de l\u2019Aviron Grenoblois, engag\u00e9es en barr\u00e9 8, sont devenues championnes de France avec 22 secondes d\u2019avance sur les deuxi\u00e8mes. Le championnat de France d&rsquo;aviron bateaux longs s\u2019est d\u00e9roul\u00e9 ce week-end (3&amp;4 juin) sur le plan d&rsquo;eau [&hellip;]","og_url":"https:\/\/fondation-grenoble-inp.fr\/en\/imola-pialla-championne-de-france\/","og_site_name":"Fondation Grenoble INP","article_published_time":"2017-06-06T09:44:32+00:00","article_modified_time":"2023-07-24T13:07:55+00:00","og_image":[{"width":"900","height":"600","url":"https:\/\/fondation-grenoble-inp.fr\/wp-content\/uploads\/2020\/09\/saut-podium.jpg","type":"image\/jpeg"}],"twitter_card":"summary_large_image","twitter_misc":{"Written by":"Murielle","Est. reading time":"1 minute"},"schema":{"@context":"https:\/\/schema.org","@graph":[{"@type":"Organization","@id":"https:\/\/fondation-grenoble-inp.fr\/#organization","name":"Fondation INP Grenoble","url":"https:\/\/fondation-grenoble-inp.fr\/","sameAs":[],"logo":{"@type":"ImageObject","@id":"https:\/\/fondation-grenoble-inp.fr\/#logo","inLanguage":"en-US","url":"https:\/\/fondation-grenoble-inp.fr\/wp-content\/uploads\/2021\/03\/cropped-favicon-fondation-inp-grenoble.png","contentUrl":"https:\/\/fondation-grenoble-inp.fr\/wp-content\/uploads\/2021\/03\/cropped-favicon-fondation-inp-grenoble.png","width":512,"height":512,"caption":"Fondation INP Grenoble"},"image":{"@id":"https:\/\/fondation-grenoble-inp.fr\/#logo"}},{"@type":"WebSite","@id":"https:\/\/fondation-grenoble-inp.fr\/#website","url":"https:\/\/fondation-grenoble-inp.fr\/","name":"Fondation Grenoble INP","description":"#OsezlAvenir","publisher":{"@id":"https:\/\/fondation-grenoble-inp.fr\/#organization"},"potentialAction":[{"@type":"SearchAction","target":{"@type":"EntryPoint","urlTemplate":"https:\/\/fondation-grenoble-inp.fr\/?s={search_term_string}"},"query-input":"required name=search_term_string"}],"inLanguage":"en-US"},{"@type":"ImageObject","@id":"https:\/\/fondation-grenoble-inp.fr\/imola-pialla-championne-de-france\/#primaryimage","inLanguage":"en-US","url":"https:\/\/fondation-grenoble-inp.fr\/wp-content\/uploads\/2020\/09\/saut-podium.jpg","contentUrl":"https:\/\/fondation-grenoble-inp.fr\/wp-content\/uploads\/2020\/09\/saut-podium.jpg","width":"900","height":"600","caption":"saut-podium"},{"@type":"WebPage","@id":"https:\/\/fondation-grenoble-inp.fr\/imola-pialla-championne-de-france\/#webpage","url":"https:\/\/fondation-grenoble-inp.fr\/imola-pialla-championne-de-france\/","name":"Imola Pialla, championne de France - Fondation Grenoble INP","isPartOf":{"@id":"https:\/\/fondation-grenoble-inp.fr\/#website"},"primaryImageOfPage":{"@id":"https:\/\/fondation-grenoble-inp.fr\/imola-pialla-championne-de-france\/#primaryimage"},"datePublished":"2017-06-06T09:44:32+00:00","dateModified":"2023-07-24T13:07:55+00:00","breadcrumb":{"@id":"https:\/\/fondation-grenoble-inp.fr\/imola-pialla-championne-de-france\/#breadcrumb"},"inLanguage":"en-US","potentialAction":[{"@type":"ReadAction","target":["https:\/\/fondation-grenoble-inp.fr\/imola-pialla-championne-de-france\/"]}]},{"@type":"BreadcrumbList","@id":"https:\/\/fondation-grenoble-inp.fr\/imola-pialla-championne-de-france\/#breadcrumb","itemListElement":[{"@type":"ListItem","position":1,"name":"Accueil","item":"https:\/\/fondation-grenoble-inp.fr\/"},{"@type":"ListItem","position":2,"name":"Imola Pialla, championne de France"}]},{"@type":"Article","@id":"https:\/\/fondation-grenoble-inp.fr\/imola-pialla-championne-de-france\/#article","isPartOf":{"@id":"https:\/\/fondation-grenoble-inp.fr\/imola-pialla-championne-de-france\/#webpage"},"author":{"@id":"https:\/\/fondation-grenoble-inp.fr\/#\/schema\/person\/b3b57bf0f0ccfd32237a6d2dbbe56adf"},"headline":"Imola Pialla, championne de France","datePublished":"2017-06-06T09:44:32+00:00","dateModified":"2023-07-24T13:07:55+00:00","mainEntityOfPage":{"@id":"https:\/\/fondation-grenoble-inp.fr\/imola-pialla-championne-de-france\/#webpage"},"wordCount":179,"publisher":{"@id":"https:\/\/fondation-grenoble-inp.fr\/#organization"},"image":{"@id":"https:\/\/fondation-grenoble-inp.fr\/imola-pialla-championne-de-france\/#primaryimage"},"thumbnailUrl":"https:\/\/fondation-grenoble-inp.fr\/wp-content\/uploads\/2020\/09\/saut-podium.jpg","articleSection":["Les Bourses"],"inLanguage":"en-US"},{"@type":"Person","@id":"https:\/\/fondation-grenoble-inp.fr\/#\/schema\/person\/b3b57bf0f0ccfd32237a6d2dbbe56adf","name":"Murielle","image":{"@type":"ImageObject","@id":"https:\/\/fondation-grenoble-inp.fr\/#personlogo","inLanguage":"en-US","url":"https:\/\/secure.gravatar.com\/avatar\/369007e9cd71fa50966d886d04134cbd?s=96&d=mm&r=g","contentUrl":"https:\/\/secure.gravatar.com\/avatar\/369007e9cd71fa50966d886d04134cbd?s=96&d=mm&r=g","caption":"Murielle"}}]}},"_links":{"self":[{"href":"https:\/\/fondation-grenoble-inp.fr\/en\/wp-json\/wp\/v2\/posts\/8714"}],"collection":[{"href":"https:\/\/fondation-grenoble-inp.fr\/en\/wp-json\/wp\/v2\/posts"}],"about":[{"href":"https:\/\/fondation-grenoble-inp.fr\/en\/wp-json\/wp\/v2\/types\/post"}],"author":[{"embeddable":true,"href":"https:\/\/fondation-grenoble-inp.fr\/en\/wp-json\/wp\/v2\/users\/4"}],"replies":[{"embeddable":true,"href":"https:\/\/fondation-grenoble-inp.fr\/en\/wp-json\/wp\/v2\/comments?post=8714"}],"version-history":[{"count":2,"href":"https:\/\/fondation-grenoble-inp.fr\/en\/wp-json\/wp\/v2\/posts\/8714\/revisions"}],"predecessor-version":[{"id":11181,"href":"https:\/\/fondation-grenoble-inp.fr\/en\/wp-json\/wp\/v2\/posts\/8714\/revisions\/11181"}],"wp:featuredmedia":[{"embeddable":true,"href":"https:\/\/fondation-grenoble-inp.fr\/en\/wp-json\/wp\/v2\/media\/6831"}],"wp:attachment":[{"href":"https:\/\/fondation-grenoble-inp.fr\/en\/wp-json\/wp\/v2\/media?parent=8714"}],"wp:term":[{"taxonomy":"category","embeddable":true,"href":"https:\/\/fondation-grenoble-inp.fr\/en\/wp-json\/wp\/v2\/categories?post=8714"},{"taxonomy":"post_tag","embeddable":true,"href":"https:\/\/fondation-grenoble-inp.fr\/en\/wp-json\/wp\/v2\/tags?post=8714"}],"curies":[{"name":"wp","href":"https:\/\/api.w.org\/{rel}","templated":true}]}}