{"id":8759,"date":"2019-01-16T08:07:58","date_gmt":"2019-01-16T07:07:58","guid":{"rendered":"https:\/\/fondation-grenoble-inp.fr2019\/01\/16\/https-fondation-grenoble-inp-fr-de-lextraction-des-metaux-a-la-transition-energetique\/"},"modified":"2023-07-24T15:07:35","modified_gmt":"2023-07-24T13:07:35","slug":"de-lextraction-des-metaux-a-la-transition-energetique","status":"publish","type":"post","link":"https:\/\/fondation-grenoble-inp.fr\/en\/de-lextraction-des-metaux-a-la-transition-energetique\/","title":{"rendered":"De l\u2019extraction des m\u00e9taux \u00e0 la transition \u00e9nerg\u00e9tique"},"content":{"rendered":"<h2>Un film documentaire qui traite de l\u2019extraction des m\u00e9taux \u00e0 la transition \u00e9nerg\u00e9tique<\/h2>\n<h3>Le projet DEMETER (De l\u2019Extraction des MEtaux \u00e0 la Transition EneRg\u00e9tique) bat son plein depuis septembre. Ce projet de plus de 7 mois, r\u00e9alis\u00e9 par Adrien Toledano et Nicolas Brun a pour objectif la r\u00e9alisation d\u2019un documentaire vid\u00e9o. Aujourd\u2019hui, le projet lance un \u00ab\u00a0crowdfunding\u00a0\u00bb pour financer les prochaines \u00e9tapes\u00a0! Nous vous proposons donc de d\u00e9couvrir l\u2019avancement de cette initiative que nous soutenons depuis son d\u00e9but.<\/h3>\n<p>Le projet est port\u00e9 par Nicolas et Adrien, deux \u00e9l\u00e8ves-ing\u00e9nieurs de <a href=\"http:\/\/ense3.grenoble-inp.fr\/ense3\/\" target=\"_blank\" rel=\"noopener noreferrer\">Grenoble INP \u2013 Ense\u00b3<\/a> et membres de l\u2019association <a href=\"https:\/\/www.isf-france.org\/grenoble\" target=\"_blank\" rel=\"noopener noreferrer\">Ing\u00e9nieurs sans fronti\u00e8res Grenoble<\/a> depuis plusieurs ann\u00e9es. Dans le cadre d&rsquo;une ann\u00e9e de c\u00e9sure pendant leurs \u00e9tudes, ils r\u00e9alisent pendant 7 mois le projet DEMETER. Voici un point de leur avancement.<\/p>\n<p>A ce jour, ils ont d\u00e9j\u00e0 r\u00e9alis\u00e9<\/p>\n<ul>\n<li>une \u00e9tape de 5 semaines en France : interviews d\u2019experts du CNRS, du GIEC, travaillant en entreprises, ou pour des associations telles que Adrastia;<\/li>\n<li>une \u00e9tape de 7 semaines en Malaisie : entretiens avec des politiciens, des d\u00e9put\u00e9s, des chefs d\u2019entreprises, des membres d&rsquo;associations et des citoyens !<\/li>\n<\/ul>\n<p>Dans les prochains mois \u00e0 venir, ils vont\u00a0:<\/p>\n<ul>\n<li>se rendre en Australie et au Br\u00e9sil, afin de se rapprocher au plus pr\u00e8s de l\u2019industrie mini\u00e8re, et de rencontrer de nombreux experts sur place;<\/li>\n<li>finaliser le montage du documentaire, en s\u2019appuyant sur le travail d\u2019un monteur vid\u00e9o et d\u2019un graphiste pour la r\u00e9alisation d&rsquo;animations vraiment pro !<\/li>\n<li>organiser des conf\u00e9rences et partager le documentaire.<\/li>\n<\/ul>\n<p style=\"text-align: center;\"><strong><span style=\"color: #99cc00;\">Pour financer ces derni\u00e8res \u00e9tapes, ils ont lanc\u00e9 un crowdfunding pour faire un appel aux dons. Ils ont besoin de vous\u00a0! Vous retrouverez toute la description de leur projet sur le site de la plateforme Kocoriko de la r\u00e9gion grenobloise\u00a0:<\/span><\/strong><\/p>\n<p style=\"text-align: center;\"><strong><span style=\"color: #99cc00;\"><a href=\"https:\/\/www.kocoriko.fr\/fr\/projects\/demeter-the-documentary\" target=\"_blank\" rel=\"noopener noreferrer\">https:\/\/www.kocoriko.fr\/fr\/projects\/demeter-the-documentary<\/a> <\/span><\/strong><\/p>\n<p style=\"text-align: center;\"><strong><span style=\"color: #99cc00;\">Merci\u00a0de votre confiance\u00a0!<\/span><\/strong><\/p>\n<p>N\u2019h\u00e9sitez pas \u00e0 visionner les petites vid\u00e9os qu\u2019ils ont r\u00e9alis\u00e9es et qui illustrent certaines de leurs activit\u00e9s sur le terrain\u00a0!<\/p>\n<p>Vous pouvez aussi suivre les actualit\u00e9s du projet sur les r\u00e9seaux sociaux :<\/p>\n<p><a href=\"https:\/\/www.facebook.com\/projetdemeter\/\" target=\"_blank\" rel=\"noopener noreferrer\">https:\/\/www.facebook.com\/projetdemeter\/<\/a><\/p>\n<p><a href=\"https:\/\/www.youtube.com\/channel\/UCVJwqfdIKZbOITfa8EXKFog\" target=\"_blank\" rel=\"noopener noreferrer\">https:\/\/www.youtube.com\/channel\/UCVJwqfdIKZbOITfa8EXKFog<\/a><\/p>\n<h3><strong><em>Leur \u00e9tape en France\u2026 <\/em><\/strong><\/h3>\n<p>Un mois et demi de travail en France, qui a \u00e9t\u00e9 fructueux ! Outre la finalisation de la pr\u00e9paration du projet, ils ont interview\u00e9 plusieurs experts, travaillant sur la th\u00e9matique de la transition \u00e9nerg\u00e9tique ou encore celle des m\u00e9taux :<\/p>\n<p><strong>\ud83c\udfa5<\/strong><strong> Olivier Vidal<\/strong>, directeur de recherche au CNRS<\/p>\n<p>\u2192 sur la th\u00e9matique des ressources en m\u00e9taux de base pour la transition \u00e9nerg\u00e9tique<\/p>\n<p><strong>\ud83c\udfa5<\/strong><strong> Patrick Criqui<\/strong>, directeur de recherche \u00e9m\u00e9rite au GAEL et membre du GIEC<\/p>\n<p>\u2192 sur le changement climatique, le financement de la transition \u00e9nerg\u00e9tique et les mod\u00e8les socio-\u00e9conomiques<\/p>\n<p><strong>\ud83c\udfa5<\/strong><strong> Karine Samuel<\/strong>, coordinatrice d\u2019un projet de recherche \u00e0 l\u2019UGA<\/p>\n<p>\u2192 sur le projet Need for IoT et sur les risques d&rsquo;approvisionnement en m\u00e9taux de la cha\u00eene de valeur<\/p>\n<p><strong>\ud83c\udfa5<\/strong><strong> Claude Laveu<\/strong>, charg\u00e9 de mission environnement chez EDF<\/p>\n<p>\u2192 sur la strat\u00e9gie d\u2019EDF pour les technologies renouvelables et la gestion des ressources, et sur les actions de la direction du d\u00e9veloppement durable<\/p>\n<p><strong>\ud83c\udfa5<\/strong><strong> Vincent Mignerot<\/strong>, ex-pr\u00e9sident et fondateur de l&rsquo;association Adrastia<\/p>\n<p>\u2192 sur la sociologie du changement climatique et de la transition \u00e9cologique, la th\u00e9orie de l\u2019effondrement et les limites des \u00e9nergies renouvelables<\/p>\n<p><strong>\ud83c\udfa5<\/strong><strong> Pascal Tixador<\/strong>, chercheur CNRS au Laboratoire G2ELab<\/p>\n<p>\u2192 sur l&rsquo;\u00e9nergie \u00e9lectrique, les supraconducteurs et leurs applications pour la transition \u00e9nerg\u00e9tique<\/p>\n<p>Les interviews de <strong>Philippe Bihouix<\/strong>, <strong>Gilles Lepesant<\/strong> and <strong>Ugo Bardi<\/strong> sont \u00e0 venir d\u00e9but 2019 !<\/p>\n<h3><strong><em>Leur \u00e9tape en Malaisie&#8230; <\/em><\/strong><\/h3>\n<p>Deux mois en Malaisie, riches et fondamentaux pour leur projet ! Au cours de cette longue \u00e9tape, ils se sont entretenus avec une pluralit\u00e9 d\u2019acteurs, tels que des citoyens victimes des mines, des politiciens, et des repr\u00e9sentants d\u2019entreprises&#8230;<\/p>\n<p>Ils se sont rendus dans les mines de bauxite, d\u00e9figurant le paysage et rasant les for\u00eats. Ils ont aussi eu la tr\u00e8s rare opportunit\u00e9 de visiter et filmer les coulisses de l\u2019usine de raffinage de terres rares de Lynas, une entreprise australienne, dont la gestion des d\u00e9chets radioactifs fait pol\u00e9mique\u2026<\/p>\n<p>Voici les personnes qu\u2019ils ont interview\u00e9 sur place :<\/p>\n<p><strong>\ud83c\udfa5<\/strong><strong> YB Wong Tack<\/strong>, d\u00e9put\u00e9 au Parlement de Malaisie et leader du mouvement \u00e9cologique national<\/p>\n<p><strong>\ud83c\udfa5<\/strong><strong> YB Fuziah Salleh<\/strong>, d\u00e9put\u00e9e au Parlement de Malaisie et repr\u00e9sentante de la r\u00e9gion de Kuantan<\/p>\n<p><strong>\ud83c\udfa5<\/strong><strong> Mr Azizi<\/strong>, directeur du d\u00e9partement des ressources min\u00e9rales du Minist\u00e8re de l\u2019eau et des ressources min\u00e9rales<\/p>\n<p><strong>\ud83c\udfa5<\/strong><strong> Mr Muhamad<\/strong>, directeur ex\u00e9cutif de la Chambre Malaisienne des Mines<\/p>\n<p><strong>\ud83c\udfa5<\/strong><strong> Mr Le Roux<\/strong>, vice-pr\u00e9sident de <a href=\"https:\/\/www.lynascorp.com\/Pages\/Home.aspx\" target=\"_blank\" rel=\"noopener noreferrer\">Lynas Corporation<\/a><\/p>\n<p><strong>\ud83c\udfa5<\/strong><strong> Dr Leung<\/strong>, responsable de production de l\u2019usine de raffinage de Lynas Corporation<\/p>\n<p><strong>\ud83c\udfa5<\/strong><strong> Ms Fatah<\/strong>, responsable ex\u00e9cutive de la s\u00e9curit\u00e9 des d\u00e9chets radioactifs chez Lynas Corporation<\/p>\n<p><strong>\ud83c\udfa5<\/strong><strong> Dr Veluri<\/strong>, sp\u00e9cialiste en chef \u00e0 Grunfos et expert en innovation strat\u00e9gique pour les terres rares<\/p>\n<p><strong>\ud83c\udfa5<\/strong><strong> Mr Tan Bun Teet<\/strong>, pr\u00e9sident de l&rsquo;association Save Malaysia, stop Lynas<\/p>\n<p><strong>\ud83c\udfa5<\/strong><strong> Mr Chaw<\/strong>, citoyen de Kuantan et membre de l&rsquo;association Save Malaysia, stop Lynas<\/p>\n<p><strong>\ud83c\udfa5<\/strong><strong> Mr Nanda<\/strong>, citoyen de Kuantan, activiste et victime de l&rsquo;usine de raffinage de terres rares de Lynas<\/p>\n<p><strong>\ud83c\udfa5<\/strong><strong> Ms Rosnita<\/strong>, employ\u00e9e comptable de Lynas Corporation et citoyenne de Kuantan<\/p>\n<p><strong>\ud83c\udfa5<\/strong><strong> Mr Naseri<\/strong>, citoyen de Kuantan impact\u00e9 par les mines de bauxite<\/p>\n<p><strong>\ud83c\udfa5<\/strong><strong> Mr Neerik<\/strong>, citoyen de Kuantan impact\u00e9 par les mines de bauxite<\/p>\n<p>Outre ces interviews et les vid\u00e9os r\u00e9alis\u00e9es dans les mines ou les usines, ils ont beaucoup appris sur les enjeux socio-\u00e9conomiques et politiques de l\u2019extraction et du raffinage de minerais dans ce pays, ainsi que sur les diff\u00e9rentes techniques d&rsquo;extraction et de raffinage.<\/p>\n<p>Leur relation avec l\u2019entreprise <a href=\"https:\/\/www.lynascorp.com\/Pages\/Home.aspx\" target=\"_blank\" rel=\"noopener noreferrer\">Lynas Corporation<\/a> leur a aussi permis de casser de nombreuses id\u00e9es re\u00e7ues sur les terres rares, et vous en serez les premiers inform\u00e9s \u00e0 travers les vid\u00e9os qu\u2019ils mettront en ligne !<\/p>","protected":false},"excerpt":{"rendered":"<p>Un film documentaire qui traite de l\u2019extraction des m\u00e9taux \u00e0 la transition \u00e9nerg\u00e9tique Le projet DEMETER (De l\u2019Extraction des MEtaux \u00e0 la Transition EneRg\u00e9tique) bat son plein depuis septembre. Ce projet de plus de 7 mois, r\u00e9alis\u00e9 par Adrien Toledano et Nicolas Brun a pour objectif la r\u00e9alisation d\u2019un documentaire vid\u00e9o. Aujourd\u2019hui, le projet lance [&hellip;]<\/p>","protected":false},"author":4,"featured_media":6919,"comment_status":"closed","ping_status":"open","sticky":false,"template":"","format":"standard","meta":[],"categories":[477],"tags":[],"acf":[],"yoast_head":"<!-- This site is optimized with the Yoast SEO plugin v18.0 - https:\/\/yoast.com\/wordpress\/plugins\/seo\/ -->\n<title>Film documentaire : Le projet DEMETER - Fondation Grenoble INP<\/title>\n<meta name=\"robots\" content=\"index, follow, max-snippet:-1, max-image-preview:large, max-video-preview:-1\" \/>\n<link rel=\"canonical\" href=\"https:\/\/fondation-grenoble-inp.fr\/en\/de-lextraction-des-metaux-a-la-transition-energetique\/\" \/>\n<meta property=\"og:locale\" content=\"en_US\" \/>\n<meta property=\"og:type\" content=\"article\" \/>\n<meta property=\"og:title\" content=\"Film documentaire : Le projet DEMETER - Fondation Grenoble INP\" \/>\n<meta property=\"og:description\" content=\"Un film documentaire qui traite de l\u2019extraction des m\u00e9taux \u00e0 la transition \u00e9nerg\u00e9tique Le projet DEMETER (De l\u2019Extraction des MEtaux \u00e0 la Transition EneRg\u00e9tique) bat son plein depuis septembre. Ce projet de plus de 7 mois, r\u00e9alis\u00e9 par Adrien Toledano et Nicolas Brun a pour objectif la r\u00e9alisation d\u2019un documentaire vid\u00e9o. Aujourd\u2019hui, le projet lance [&hellip;]\" \/>\n<meta property=\"og:url\" content=\"https:\/\/fondation-grenoble-inp.fr\/en\/de-lextraction-des-metaux-a-la-transition-energetique\/\" \/>\n<meta property=\"og:site_name\" content=\"Fondation Grenoble INP\" \/>\n<meta property=\"article:published_time\" content=\"2019-01-16T07:07:58+00:00\" \/>\n<meta property=\"article:modified_time\" content=\"2023-07-24T13:07:35+00:00\" \/>\n<meta property=\"og:image\" content=\"https:\/\/fondation-grenoble-inp.fr\/wp-content\/uploads\/2020\/09\/IMG_2326_web.jpg\" \/>\n\t<meta property=\"og:image:width\" content=\"1200\" \/>\n\t<meta property=\"og:image:height\" content=\"800\" \/>\n\t<meta property=\"og:image:type\" content=\"image\/jpeg\" \/>\n<meta name=\"twitter:card\" content=\"summary_large_image\" \/>\n<meta name=\"twitter:label1\" content=\"Written by\" \/>\n\t<meta name=\"twitter:data1\" content=\"Murielle\" \/>\n\t<meta name=\"twitter:label2\" content=\"Est. reading time\" \/>\n\t<meta name=\"twitter:data2\" content=\"5 minutes\" \/>\n<script type=\"application\/ld+json\" class=\"yoast-schema-graph\">{\"@context\":\"https:\/\/schema.org\",\"@graph\":[{\"@type\":\"Organization\",\"@id\":\"https:\/\/fondation-grenoble-inp.fr\/#organization\",\"name\":\"Fondation INP Grenoble\",\"url\":\"https:\/\/fondation-grenoble-inp.fr\/\",\"sameAs\":[],\"logo\":{\"@type\":\"ImageObject\",\"@id\":\"https:\/\/fondation-grenoble-inp.fr\/#logo\",\"inLanguage\":\"en-US\",\"url\":\"https:\/\/fondation-grenoble-inp.fr\/wp-content\/uploads\/2021\/03\/cropped-favicon-fondation-inp-grenoble.png\",\"contentUrl\":\"https:\/\/fondation-grenoble-inp.fr\/wp-content\/uploads\/2021\/03\/cropped-favicon-fondation-inp-grenoble.png\",\"width\":512,\"height\":512,\"caption\":\"Fondation INP Grenoble\"},\"image\":{\"@id\":\"https:\/\/fondation-grenoble-inp.fr\/#logo\"}},{\"@type\":\"WebSite\",\"@id\":\"https:\/\/fondation-grenoble-inp.fr\/#website\",\"url\":\"https:\/\/fondation-grenoble-inp.fr\/\",\"name\":\"Fondation Grenoble INP\",\"description\":\"#OsezlAvenir\",\"publisher\":{\"@id\":\"https:\/\/fondation-grenoble-inp.fr\/#organization\"},\"potentialAction\":[{\"@type\":\"SearchAction\",\"target\":{\"@type\":\"EntryPoint\",\"urlTemplate\":\"https:\/\/fondation-grenoble-inp.fr\/?s={search_term_string}\"},\"query-input\":\"required name=search_term_string\"}],\"inLanguage\":\"en-US\"},{\"@type\":\"ImageObject\",\"@id\":\"https:\/\/fondation-grenoble-inp.fr\/de-lextraction-des-metaux-a-la-transition-energetique\/#primaryimage\",\"inLanguage\":\"en-US\",\"url\":\"https:\/\/fondation-grenoble-inp.fr\/wp-content\/uploads\/2020\/09\/IMG_2326_web.jpg\",\"contentUrl\":\"https:\/\/fondation-grenoble-inp.fr\/wp-content\/uploads\/2020\/09\/IMG_2326_web.jpg\",\"width\":\"1200\",\"height\":\"800\",\"caption\":\"DEMETER - Adrien et Nicolas\"},{\"@type\":\"WebPage\",\"@id\":\"https:\/\/fondation-grenoble-inp.fr\/de-lextraction-des-metaux-a-la-transition-energetique\/#webpage\",\"url\":\"https:\/\/fondation-grenoble-inp.fr\/de-lextraction-des-metaux-a-la-transition-energetique\/\",\"name\":\"Film documentaire : Le projet DEMETER - Fondation Grenoble INP\",\"isPartOf\":{\"@id\":\"https:\/\/fondation-grenoble-inp.fr\/#website\"},\"primaryImageOfPage\":{\"@id\":\"https:\/\/fondation-grenoble-inp.fr\/de-lextraction-des-metaux-a-la-transition-energetique\/#primaryimage\"},\"datePublished\":\"2019-01-16T07:07:58+00:00\",\"dateModified\":\"2023-07-24T13:07:35+00:00\",\"breadcrumb\":{\"@id\":\"https:\/\/fondation-grenoble-inp.fr\/de-lextraction-des-metaux-a-la-transition-energetique\/#breadcrumb\"},\"inLanguage\":\"en-US\",\"potentialAction\":[{\"@type\":\"ReadAction\",\"target\":[\"https:\/\/fondation-grenoble-inp.fr\/de-lextraction-des-metaux-a-la-transition-energetique\/\"]}]},{\"@type\":\"BreadcrumbList\",\"@id\":\"https:\/\/fondation-grenoble-inp.fr\/de-lextraction-des-metaux-a-la-transition-energetique\/#breadcrumb\",\"itemListElement\":[{\"@type\":\"ListItem\",\"position\":1,\"name\":\"Accueil\",\"item\":\"https:\/\/fondation-grenoble-inp.fr\/\"},{\"@type\":\"ListItem\",\"position\":2,\"name\":\"De l\u2019extraction des m\u00e9taux \u00e0 la transition \u00e9nerg\u00e9tique\"}]},{\"@type\":\"Article\",\"@id\":\"https:\/\/fondation-grenoble-inp.fr\/de-lextraction-des-metaux-a-la-transition-energetique\/#article\",\"isPartOf\":{\"@id\":\"https:\/\/fondation-grenoble-inp.fr\/de-lextraction-des-metaux-a-la-transition-energetique\/#webpage\"},\"author\":{\"@id\":\"https:\/\/fondation-grenoble-inp.fr\/#\/schema\/person\/b3b57bf0f0ccfd32237a6d2dbbe56adf\"},\"headline\":\"De l\u2019extraction des m\u00e9taux \u00e0 la transition \u00e9nerg\u00e9tique\",\"datePublished\":\"2019-01-16T07:07:58+00:00\",\"dateModified\":\"2023-07-24T13:07:35+00:00\",\"mainEntityOfPage\":{\"@id\":\"https:\/\/fondation-grenoble-inp.fr\/de-lextraction-des-metaux-a-la-transition-energetique\/#webpage\"},\"wordCount\":1012,\"publisher\":{\"@id\":\"https:\/\/fondation-grenoble-inp.fr\/#organization\"},\"image\":{\"@id\":\"https:\/\/fondation-grenoble-inp.fr\/de-lextraction-des-metaux-a-la-transition-energetique\/#primaryimage\"},\"thumbnailUrl\":\"https:\/\/fondation-grenoble-inp.fr\/wp-content\/uploads\/2020\/09\/IMG_2326_web.jpg\",\"articleSection\":[\"Les Bourses\"],\"inLanguage\":\"en-US\"},{\"@type\":\"Person\",\"@id\":\"https:\/\/fondation-grenoble-inp.fr\/#\/schema\/person\/b3b57bf0f0ccfd32237a6d2dbbe56adf\",\"name\":\"Murielle\",\"image\":{\"@type\":\"ImageObject\",\"@id\":\"https:\/\/fondation-grenoble-inp.fr\/#personlogo\",\"inLanguage\":\"en-US\",\"url\":\"https:\/\/secure.gravatar.com\/avatar\/369007e9cd71fa50966d886d04134cbd?s=96&d=mm&r=g\",\"contentUrl\":\"https:\/\/secure.gravatar.com\/avatar\/369007e9cd71fa50966d886d04134cbd?s=96&d=mm&r=g\",\"caption\":\"Murielle\"}}]}<\/script>\n<!-- \/ Yoast SEO plugin. -->","yoast_head_json":{"title":"Film documentaire : Le projet DEMETER - Fondation Grenoble INP","robots":{"index":"index","follow":"follow","max-snippet":"max-snippet:-1","max-image-preview":"max-image-preview:large","max-video-preview":"max-video-preview:-1"},"canonical":"https:\/\/fondation-grenoble-inp.fr\/en\/de-lextraction-des-metaux-a-la-transition-energetique\/","og_locale":"en_US","og_type":"article","og_title":"Film documentaire : Le projet DEMETER - Fondation Grenoble INP","og_description":"Un film documentaire qui traite de l\u2019extraction des m\u00e9taux \u00e0 la transition \u00e9nerg\u00e9tique Le projet DEMETER (De l\u2019Extraction des MEtaux \u00e0 la Transition EneRg\u00e9tique) bat son plein depuis septembre. Ce projet de plus de 7 mois, r\u00e9alis\u00e9 par Adrien Toledano et Nicolas Brun a pour objectif la r\u00e9alisation d\u2019un documentaire vid\u00e9o. Aujourd\u2019hui, le projet lance [&hellip;]","og_url":"https:\/\/fondation-grenoble-inp.fr\/en\/de-lextraction-des-metaux-a-la-transition-energetique\/","og_site_name":"Fondation Grenoble INP","article_published_time":"2019-01-16T07:07:58+00:00","article_modified_time":"2023-07-24T13:07:35+00:00","og_image":[{"width":"1200","height":"800","url":"https:\/\/fondation-grenoble-inp.fr\/wp-content\/uploads\/2020\/09\/IMG_2326_web.jpg","type":"image\/jpeg"}],"twitter_card":"summary_large_image","twitter_misc":{"Written by":"Murielle","Est. reading time":"5 minutes"},"schema":{"@context":"https:\/\/schema.org","@graph":[{"@type":"Organization","@id":"https:\/\/fondation-grenoble-inp.fr\/#organization","name":"Fondation INP Grenoble","url":"https:\/\/fondation-grenoble-inp.fr\/","sameAs":[],"logo":{"@type":"ImageObject","@id":"https:\/\/fondation-grenoble-inp.fr\/#logo","inLanguage":"en-US","url":"https:\/\/fondation-grenoble-inp.fr\/wp-content\/uploads\/2021\/03\/cropped-favicon-fondation-inp-grenoble.png","contentUrl":"https:\/\/fondation-grenoble-inp.fr\/wp-content\/uploads\/2021\/03\/cropped-favicon-fondation-inp-grenoble.png","width":512,"height":512,"caption":"Fondation INP Grenoble"},"image":{"@id":"https:\/\/fondation-grenoble-inp.fr\/#logo"}},{"@type":"WebSite","@id":"https:\/\/fondation-grenoble-inp.fr\/#website","url":"https:\/\/fondation-grenoble-inp.fr\/","name":"Fondation Grenoble INP","description":"#OsezlAvenir","publisher":{"@id":"https:\/\/fondation-grenoble-inp.fr\/#organization"},"potentialAction":[{"@type":"SearchAction","target":{"@type":"EntryPoint","urlTemplate":"https:\/\/fondation-grenoble-inp.fr\/?s={search_term_string}"},"query-input":"required name=search_term_string"}],"inLanguage":"en-US"},{"@type":"ImageObject","@id":"https:\/\/fondation-grenoble-inp.fr\/de-lextraction-des-metaux-a-la-transition-energetique\/#primaryimage","inLanguage":"en-US","url":"https:\/\/fondation-grenoble-inp.fr\/wp-content\/uploads\/2020\/09\/IMG_2326_web.jpg","contentUrl":"https:\/\/fondation-grenoble-inp.fr\/wp-content\/uploads\/2020\/09\/IMG_2326_web.jpg","width":"1200","height":"800","caption":"DEMETER - Adrien et Nicolas"},{"@type":"WebPage","@id":"https:\/\/fondation-grenoble-inp.fr\/de-lextraction-des-metaux-a-la-transition-energetique\/#webpage","url":"https:\/\/fondation-grenoble-inp.fr\/de-lextraction-des-metaux-a-la-transition-energetique\/","name":"Film documentaire : Le projet DEMETER - Fondation Grenoble INP","isPartOf":{"@id":"https:\/\/fondation-grenoble-inp.fr\/#website"},"primaryImageOfPage":{"@id":"https:\/\/fondation-grenoble-inp.fr\/de-lextraction-des-metaux-a-la-transition-energetique\/#primaryimage"},"datePublished":"2019-01-16T07:07:58+00:00","dateModified":"2023-07-24T13:07:35+00:00","breadcrumb":{"@id":"https:\/\/fondation-grenoble-inp.fr\/de-lextraction-des-metaux-a-la-transition-energetique\/#breadcrumb"},"inLanguage":"en-US","potentialAction":[{"@type":"ReadAction","target":["https:\/\/fondation-grenoble-inp.fr\/de-lextraction-des-metaux-a-la-transition-energetique\/"]}]},{"@type":"BreadcrumbList","@id":"https:\/\/fondation-grenoble-inp.fr\/de-lextraction-des-metaux-a-la-transition-energetique\/#breadcrumb","itemListElement":[{"@type":"ListItem","position":1,"name":"Accueil","item":"https:\/\/fondation-grenoble-inp.fr\/"},{"@type":"ListItem","position":2,"name":"De l\u2019extraction des m\u00e9taux \u00e0 la transition \u00e9nerg\u00e9tique"}]},{"@type":"Article","@id":"https:\/\/fondation-grenoble-inp.fr\/de-lextraction-des-metaux-a-la-transition-energetique\/#article","isPartOf":{"@id":"https:\/\/fondation-grenoble-inp.fr\/de-lextraction-des-metaux-a-la-transition-energetique\/#webpage"},"author":{"@id":"https:\/\/fondation-grenoble-inp.fr\/#\/schema\/person\/b3b57bf0f0ccfd32237a6d2dbbe56adf"},"headline":"De l\u2019extraction des m\u00e9taux \u00e0 la transition \u00e9nerg\u00e9tique","datePublished":"2019-01-16T07:07:58+00:00","dateModified":"2023-07-24T13:07:35+00:00","mainEntityOfPage":{"@id":"https:\/\/fondation-grenoble-inp.fr\/de-lextraction-des-metaux-a-la-transition-energetique\/#webpage"},"wordCount":1012,"publisher":{"@id":"https:\/\/fondation-grenoble-inp.fr\/#organization"},"image":{"@id":"https:\/\/fondation-grenoble-inp.fr\/de-lextraction-des-metaux-a-la-transition-energetique\/#primaryimage"},"thumbnailUrl":"https:\/\/fondation-grenoble-inp.fr\/wp-content\/uploads\/2020\/09\/IMG_2326_web.jpg","articleSection":["Les Bourses"],"inLanguage":"en-US"},{"@type":"Person","@id":"https:\/\/fondation-grenoble-inp.fr\/#\/schema\/person\/b3b57bf0f0ccfd32237a6d2dbbe56adf","name":"Murielle","image":{"@type":"ImageObject","@id":"https:\/\/fondation-grenoble-inp.fr\/#personlogo","inLanguage":"en-US","url":"https:\/\/secure.gravatar.com\/avatar\/369007e9cd71fa50966d886d04134cbd?s=96&d=mm&r=g","contentUrl":"https:\/\/secure.gravatar.com\/avatar\/369007e9cd71fa50966d886d04134cbd?s=96&d=mm&r=g","caption":"Murielle"}}]}},"_links":{"self":[{"href":"https:\/\/fondation-grenoble-inp.fr\/en\/wp-json\/wp\/v2\/posts\/8759"}],"collection":[{"href":"https:\/\/fondation-grenoble-inp.fr\/en\/wp-json\/wp\/v2\/posts"}],"about":[{"href":"https:\/\/fondation-grenoble-inp.fr\/en\/wp-json\/wp\/v2\/types\/post"}],"author":[{"embeddable":true,"href":"https:\/\/fondation-grenoble-inp.fr\/en\/wp-json\/wp\/v2\/users\/4"}],"replies":[{"embeddable":true,"href":"https:\/\/fondation-grenoble-inp.fr\/en\/wp-json\/wp\/v2\/comments?post=8759"}],"version-history":[{"count":3,"href":"https:\/\/fondation-grenoble-inp.fr\/en\/wp-json\/wp\/v2\/posts\/8759\/revisions"}],"predecessor-version":[{"id":10953,"href":"https:\/\/fondation-grenoble-inp.fr\/en\/wp-json\/wp\/v2\/posts\/8759\/revisions\/10953"}],"wp:featuredmedia":[{"embeddable":true,"href":"https:\/\/fondation-grenoble-inp.fr\/en\/wp-json\/wp\/v2\/media\/6919"}],"wp:attachment":[{"href":"https:\/\/fondation-grenoble-inp.fr\/en\/wp-json\/wp\/v2\/media?parent=8759"}],"wp:term":[{"taxonomy":"category","embeddable":true,"href":"https:\/\/fondation-grenoble-inp.fr\/en\/wp-json\/wp\/v2\/categories?post=8759"},{"taxonomy":"post_tag","embeddable":true,"href":"https:\/\/fondation-grenoble-inp.fr\/en\/wp-json\/wp\/v2\/tags?post=8759"}],"curies":[{"name":"wp","href":"https:\/\/api.w.org\/{rel}","templated":true}]}}